{"id":5995,"date":"2026-08-31T14:33:18","date_gmt":"2026-08-31T12:33:18","guid":{"rendered":"https:\/\/www.hornamicina.eu\/web\/?p=5995"},"modified":"2026-08-31T14:33:18","modified_gmt":"2026-08-31T12:33:18","slug":"verejna-vyhlaska-o-oznameni-miesta-ulozenia-pisomnosti-3","status":"publish","type":"post","link":"https:\/\/www.hornamicina.eu\/web\/verejna-vyhlaska-o-oznameni-miesta-ulozenia-pisomnosti-3\/","title":{"rendered":"Verejn\u00e1 vyhl\u00e1\u0161ka o\u00a0ozn\u00e1men\u00ed miesta ulo\u017eenia p\u00edsomnosti"},"content":{"rendered":"<p style=\"text-align: center;\"><u>Obec Horn\u00e1 Mi\u010din\u00e1,\u00a0 974 01\u00a0 Horn\u00e1 Mi\u010din\u00e1 \u010d. 79<\/u><\/p>\n<p style=\"text-align: center;\"><strong>\u00a0<\/strong><\/p>\n<p style=\"text-align: center;\"><strong>V\u00a0e r e j n \u00e1\u00a0\u00a0\u00a0\u00a0\u00a0 v\u00a0y h l \u00e1 \u0161 k\u00a0a<\/strong><\/p>\n<p style=\"text-align: center;\"><strong>o\u00a0ozn\u00e1men\u00ed miesta ulo\u017eenia p\u00edsomnosti<\/strong><\/p>\n<p><strong>\u00a0<\/strong><\/p>\n<p>Adres\u00e1t p\u00edsomnosti: <strong>Plenta Mari\u00e1n &#8211; ATRAM, \u0161t\u00e1tny ob\u010dan SR<\/strong><\/p>\n<p>Naposledy s\u00eddlo\/pobyt: Horn\u00e1 Mi\u010din\u00e1<\/p>\n<p>&nbsp;<\/p>\n<p>P\u00edsomnos\u0165 <strong>OA70643161<\/strong>2SK<\/p>\n<p><strong>je ulo\u017een\u00e1 na Po\u0161te 1 v\u00a0Banskej Bystrici.<\/strong><\/p>\n<p>&nbsp;<\/p>\n<p>Z\u00a0d\u00f4vodu, \u017ee pobyt adres\u00e1ta nie je zn\u00e1my, doru\u010duje sa p\u00edsomnos\u0165 V\u0161ZP\u00a0 verejnou vyhl\u00e1\u0161kou pod\u013ea \u00a7 35 ods. 2 z\u00e1kona \u010d. 563\/2009 Z. z.<\/p>\n<p>Adres\u00e1t si m\u00f4\u017ee ulo\u017een\u00fa z\u00e1sielku prevzia\u0165 v\u00a0lehote 18 kalend\u00e1rnych dn\u00ed odo d\u0148a vyvesenia tohto ozn\u00e1menia na Po\u0161te 1 v\u00a0Banskej Bystrici.<\/p>\n<p>Toto ozn\u00e1menie sa vyvesuje po dobu 18 kalend\u00e1rnych dn\u00ed. Pod\u013ea \u00a7 35 ods. 2 z\u00e1kona \u010d. 563\/2009 Z. z. v\u00a0znen\u00ed neskor\u0161\u00edch predpisov posledn\u00fd de\u0148 tejto lehoty sa pova\u017euje za de\u0148 doru\u010denia.<\/p>\n<p>&nbsp;<\/p>\n<p>&nbsp;<\/p>\n<p>Ivan Len\u00e1r v.r.<\/p>\n<p>starosta obce<\/p>\n<p>&nbsp;<\/p>\n<p>&nbsp;<\/p>\n<p>&nbsp;<\/p>\n<p>Vyvesen\u00e9:\u00a0\u00a0\u00a0 31.08.2026<\/p>\n<p>Zvesen\u00e9:\u00a0\u00a0\u00a0\u00a0\u00a0 19.09.2026<\/p>\n<p><strong>\u00a0<\/strong><\/p>\n<p>T\u00e1to vyhl\u00e1\u0161ka bola vyvesen\u00e1 v\u00a0Hornej Mi\u010dinej na \u00faradnej tabuli a\u00a0webovej str\u00e1nke obce<\/p>\n","protected":false},"excerpt":{"rendered":"Obec Horn\u00e1 Mi\u010din\u00e1,\u00a0 974 01\u00a0 Horn\u00e1 Mi\u010din\u00e1 \u010d. 79 \u00a0 V\u00a0e r e [&hellip;]","protected":false},"author":1,"featured_media":390,"comment_status":"closed","ping_status":"open","sticky":false,"template":"","format":"standard","meta":{"rop_custom_images_group":[],"rop_custom_messages_group":[],"rop_publish_now":"initial","rop_publish_now_accounts":[],"rop_publish_now_history":[],"rop_publish_now_status":"pending","advanced_seo_description":"","jetpack_seo_html_title":"","jetpack_seo_noindex":false,"jetpack_seo_schema_type":"","_jetpack_newsletter_access":"","_jetpack_dont_email_post_to_subs":false,"_jetpack_newsletter_tier_id":0,"_jetpack_memberships_contains_paywalled_content":false,"_jetpack_feature_clip_id":0,"_jetpack_memberships_contains_paid_content":false,"footnotes":"","jetpack_post_was_ever_published":false},"categories":[32],"tags":[],"class_list":["post-5995","post","type-post","status-publish","format-standard","has-post-thumbnail","hentry","category-uradna-tabula"],"jetpack_sharing_enabled":true,"jetpack_shortlink":"https:\/\/wp.me\/p8RsFw-1yH","jetpack-related-posts":[{"id":5928,"url":"https:\/\/www.hornamicina.eu\/web\/verejna-vyhlaska-o-oznameni-miesta-ulozenia-pisomnosti-2\/","url_meta":{"origin":5995,"position":0},"title":"Verejn\u00e1 vyhl\u00e1\u0161ka o ozn\u00e1men\u00ed miesta ulo\u017eenia p\u00edsomnosti","author":"admin","date":"6. augusta 2026","format":false,"excerpt":"Adres\u00e1t p\u00edsomnosti: Lacko \u013dudov\u00edt, \u0161t\u00e1tny ob\u010dan SR Naposledy s\u00eddlo\/pobyt: Horn\u00e1 Mi\u010din\u00e1 \u00a0 P\u00edsomnos\u0165\u00a0 SK181666412SK je ulo\u017een\u00e1 na pojazdnej po\u0161te v\u00a0Hornej Mi\u010dinej. \u00a0 Z\u00a0d\u00f4vodu, \u017ee pobyt adres\u00e1ta nie je zn\u00e1my, doru\u010duje sa p\u00edsomnos\u0165 Okresn\u00e9ho s\u00fadu Zvolen verejnou vyhl\u00e1\u0161kou pod\u013ea \u00a7 35 ods. 2 z\u00e1kona \u010d. 563\/2009 Z. z. Adres\u00e1t si m\u00f4\u017ee\u2026","rel":"","context":"V &quot;Elektronick\u00e1 \u00faradn\u00e1 tabu\u013ea&quot;","block_context":{"text":"Elektronick\u00e1 \u00faradn\u00e1 tabu\u013ea","link":"https:\/\/www.hornamicina.eu\/web\/category\/uradna-tabula\/"},"img":{"alt_text":"Logo obce a dokumenty","src":"https:\/\/i0.wp.com\/www.hornamicina.eu\/web\/wp-content\/uploads\/2017\/07\/uznesenia.jpg?fit=530%2C530&ssl=1&resize=350%2C200","width":350,"height":200,"srcset":"https:\/\/i0.wp.com\/www.hornamicina.eu\/web\/wp-content\/uploads\/2017\/07\/uznesenia.jpg?fit=530%2C530&ssl=1&resize=350%2C200 1x, https:\/\/i0.wp.com\/www.hornamicina.eu\/web\/wp-content\/uploads\/2017\/07\/uznesenia.jpg?fit=530%2C530&ssl=1&resize=525%2C300 1.5x"},"classes":[]},{"id":5907,"url":"https:\/\/www.hornamicina.eu\/web\/verejna-vyhlaska-o-oznameni-miesta-ulozenia-pisomnosti\/","url_meta":{"origin":5995,"position":1},"title":"Verejn\u00e1 vyhl\u00e1\u0161ka o ozn\u00e1men\u00ed miesta ulo\u017eenia p\u00edsomnosti","author":"admin","date":"27. j\u00fala 2026","format":false,"excerpt":"Adres\u00e1t p\u00edsomnosti: Lacko \u013dudov\u00edt, \u0161t\u00e1tny ob\u010dan SR Naposledy s\u00eddlo\/pobyt: Horn\u00e1 Mi\u010din\u00e1 \u00a0 P\u00edsomnos\u0165\u00a0 SK180611372SK je ulo\u017een\u00e1 na pojazdnej po\u0161te v\u00a0Hornej Mi\u010dinej. \u00a0 Z\u00a0d\u00f4vodu, \u017ee pobyt adres\u00e1ta nie je zn\u00e1my, doru\u010duje sa p\u00edsomnos\u0165 Okresn\u00e9ho s\u00fadu Zvolen verejnou vyhl\u00e1\u0161kou pod\u013ea \u00a7 35 ods. 2 z\u00e1kona \u010d. 563\/2009 Z. z. Adres\u00e1t si m\u00f4\u017ee\u2026","rel":"","context":"V &quot;D\u00f4le\u017eit\u00e9&quot;","block_context":{"text":"D\u00f4le\u017eit\u00e9","link":"https:\/\/www.hornamicina.eu\/web\/category\/dolezite\/"},"img":{"alt_text":"Logo obce a dokumenty","src":"https:\/\/i0.wp.com\/www.hornamicina.eu\/web\/wp-content\/uploads\/2017\/07\/uznesenia.jpg?fit=530%2C530&ssl=1&resize=350%2C200","width":350,"height":200,"srcset":"https:\/\/i0.wp.com\/www.hornamicina.eu\/web\/wp-content\/uploads\/2017\/07\/uznesenia.jpg?fit=530%2C530&ssl=1&resize=350%2C200 1x, https:\/\/i0.wp.com\/www.hornamicina.eu\/web\/wp-content\/uploads\/2017\/07\/uznesenia.jpg?fit=530%2C530&ssl=1&resize=525%2C300 1.5x"},"classes":[]},{"id":2283,"url":"https:\/\/www.hornamicina.eu\/web\/vzn1-2020\/","url_meta":{"origin":5995,"position":2},"title":"VZN 1\/2020 &#8211; o miestnych daniach a miestnom poplatku za KO","author":"admin","date":"12. decembra 2020","format":"aside","excerpt":"V\u0161eobecne z\u00e1v\u00e4zn\u00e9 nariadenie obce Horn\u00e1 Mi\u010din\u00e1 \u010d. 1\/2020\u00a0 z\u00a014.12.2020 o\u00a0miestnych daniach a miestnom poplatku za komun\u00e1lne odpady a\u00a0drobn\u00e9 stavebn\u00e9 odpady ktor\u00fdm sa men\u00ed a dop\u013a\u0148a v\u0161eobecne z\u00e1v\u00e4zn\u00e9 nariadenie obce\u00a0\u00a0Horn\u00e1 Mi\u010din\u00e1\u00a0 \u010d. 6\/2015 o\u00a0miestnych daniach a miestnom poplatku za komun\u00e1lne odpady a drobn\u00e9 stavebn\u00e9 odpady v znen\u00ed neskor\u0161\u00edch zmien a doplnkov\u2026","rel":"","context":"V &quot;Odpady&quot;","block_context":{"text":"Odpady","link":"https:\/\/www.hornamicina.eu\/web\/category\/odpady\/"},"img":{"alt_text":"Logo obce a dokumenty","src":"https:\/\/i0.wp.com\/www.hornamicina.eu\/web\/wp-content\/uploads\/2017\/07\/uznesenia.jpg?fit=530%2C530&ssl=1&resize=350%2C200","width":350,"height":200,"srcset":"https:\/\/i0.wp.com\/www.hornamicina.eu\/web\/wp-content\/uploads\/2017\/07\/uznesenia.jpg?fit=530%2C530&ssl=1&resize=350%2C200 1x, https:\/\/i0.wp.com\/www.hornamicina.eu\/web\/wp-content\/uploads\/2017\/07\/uznesenia.jpg?fit=530%2C530&ssl=1&resize=525%2C300 1.5x"},"classes":[]},{"id":4086,"url":"https:\/\/www.hornamicina.eu\/web\/verejna-vyhlaska-rozhodnutie-kabe-spol-s-r-o\/","url_meta":{"origin":5995,"position":3},"title":"Verejn\u00e1 vyhl\u00e1\u0161ka &#8211; Rozhodnutie KABE, spol. s r.o.","author":"admin","date":"24. janu\u00e1ra 2024","format":false,"excerpt":"\u010c\u00edslo: Oc\u00da 353\/2023\/rozh. Horn\u00e1 Mi\u010din\u00e1 22.01.2024 VEREJN\u00c1 VYHL\u00c1\u0160KA ROZHODNUTIE Spolo\u010dnos\u0165 KABE, spol. s.r.o., Mi\u010dinsk\u00e1 cesta 78, 974 01 Bansk\u00e1 Bystrica podala d\u0148a 02.11.2023 na Obec Horn\u00e1 Mi\u010din\u00e1 \u2013 stavebn\u00fd \u00farad n\u00e1vrh na vydanie \u00fazemn\u00e9ho rozhodnutia o vyu\u017e\u00edvan\u00ed \u00fazemia \u201ePl\u00e1n vyu\u017e\u00edvania lo\u017eiska nevyhraden\u00e9ho nerastu \u2013 dolomitu, HORN\u00c1 MI\u010cIN\u00c1 \u2013 \u0164ARBA\u0160KA na\u2026","rel":"","context":"V &quot;D\u00f4le\u017eit\u00e9&quot;","block_context":{"text":"D\u00f4le\u017eit\u00e9","link":"https:\/\/www.hornamicina.eu\/web\/category\/dolezite\/"},"img":{"alt_text":"Logo obce a dokumenty","src":"https:\/\/i0.wp.com\/www.hornamicina.eu\/web\/wp-content\/uploads\/2017\/07\/uznesenia.jpg?fit=530%2C530&ssl=1&resize=350%2C200","width":350,"height":200,"srcset":"https:\/\/i0.wp.com\/www.hornamicina.eu\/web\/wp-content\/uploads\/2017\/07\/uznesenia.jpg?fit=530%2C530&ssl=1&resize=350%2C200 1x, https:\/\/i0.wp.com\/www.hornamicina.eu\/web\/wp-content\/uploads\/2017\/07\/uznesenia.jpg?fit=530%2C530&ssl=1&resize=525%2C300 1.5x"},"classes":[]},{"id":2912,"url":"https:\/\/www.hornamicina.eu\/web\/verejna-vyhlaska-pristavba-k-rd-p-misurec\/","url_meta":{"origin":5995,"position":4},"title":"Verejn\u00e1 vyhl\u00e1\u0161ka &#8211; Pr\u00edstavba k RD &#8211; p. Misurec","author":"admin","date":"28. janu\u00e1ra 2022","format":false,"excerpt":"Verejn\u00e1 vyhl\u00e1\u0161ka Ozn\u00e1menie o za\u010dat\u00ed konania v zl\u00fa\u010denom \u00fazemnom a stavebnom konan\u00ed a o upusten\u00ed od \u00fastneho pojedn\u00e1vania a miestneho zis\u0165ovania Stavebn\u00edk, Filip Mi\u0161urec, Horn\u00e1 Mi\u010din\u00e1 250 splnomocnenec GEOMAD s. r. o., Vlkanovsk\u00e1 23\/3, Vlkanov\u00e1 I\u010cO: 47418397 v zast\u00fapen\u00ed Mgr. Petrom Skva\u0161\u00edkom, Bagarova 5, Bansk\u00e1 Bystrica, ktor\u00fd podal d\u0148a 13.12.2021\u2026","rel":"","context":"V &quot;Elektronick\u00e1 \u00faradn\u00e1 tabu\u013ea&quot;","block_context":{"text":"Elektronick\u00e1 \u00faradn\u00e1 tabu\u013ea","link":"https:\/\/www.hornamicina.eu\/web\/category\/uradna-tabula\/"},"img":{"alt_text":"Logo obce a dokumenty","src":"https:\/\/i0.wp.com\/www.hornamicina.eu\/web\/wp-content\/uploads\/2017\/07\/uznesenia.jpg?fit=530%2C530&ssl=1&resize=350%2C200","width":350,"height":200,"srcset":"https:\/\/i0.wp.com\/www.hornamicina.eu\/web\/wp-content\/uploads\/2017\/07\/uznesenia.jpg?fit=530%2C530&ssl=1&resize=350%2C200 1x, https:\/\/i0.wp.com\/www.hornamicina.eu\/web\/wp-content\/uploads\/2017\/07\/uznesenia.jpg?fit=530%2C530&ssl=1&resize=525%2C300 1.5x"},"classes":[]},{"id":4132,"url":"https:\/\/www.hornamicina.eu\/web\/verejne-vyhlaska-oznamenie-o-zacati-konania-o-zmene-stavby-p-findo\/","url_meta":{"origin":5995,"position":5},"title":"Verejn\u00e9 vyhl\u00e1\u0161ka &#8211; OZN\u00c1MENIE  o\u00a0za\u010dat\u00ed konania o\u00a0zmene stavby. p. Fin\u010fo","author":"admin","date":"16. febru\u00e1ra 2024","format":false,"excerpt":"VEREJN\u00c1 VYHL\u00c1\u0160KA OZN\u00c1MENIE o\u00a0za\u010dat\u00ed konania o\u00a0zmene stavby pred jej dokon\u010den\u00edm a\u00a0upusten\u00ed od \u00fastneho pojedn\u00e1vania a\u00a0miestneho zis\u0165ovania \u00a0 Stavebn\u00edk, Daniel Fin\u010fo, bytom Lazovn\u00e1 1487\/56, 974 01 Bansk\u00e1 Bystrica, v\u00a0zast\u00fapen\u00ed BABELA group, s.r.o., Horn\u00e1 61A, 974 01 Bansk\u00e1 Bystrica podal d\u0148a 11.12.2023 a\u00a0naposledy doplnil d\u0148a 12.02.2024 na Obecn\u00fd \u00farad Horn\u00e1 Mi\u010din\u00e1 \u2013\u2026","rel":"","context":"V &quot;D\u00f4le\u017eit\u00e9&quot;","block_context":{"text":"D\u00f4le\u017eit\u00e9","link":"https:\/\/www.hornamicina.eu\/web\/category\/dolezite\/"},"img":{"alt_text":"Logo obce a dokumenty","src":"https:\/\/i0.wp.com\/www.hornamicina.eu\/web\/wp-content\/uploads\/2017\/07\/uznesenia.jpg?fit=530%2C530&ssl=1&resize=350%2C200","width":350,"height":200,"srcset":"https:\/\/i0.wp.com\/www.hornamicina.eu\/web\/wp-content\/uploads\/2017\/07\/uznesenia.jpg?fit=530%2C530&ssl=1&resize=350%2C200 1x, https:\/\/i0.wp.com\/www.hornamicina.eu\/web\/wp-content\/uploads\/2017\/07\/uznesenia.jpg?fit=530%2C530&ssl=1&resize=525%2C300 1.5x"},"classes":[]}],"jetpack_likes_enabled":true,"jetpack_featured_media_url":"https:\/\/i0.wp.com\/www.hornamicina.eu\/web\/wp-content\/uploads\/2017\/07\/uznesenia.jpg?fit=530%2C530&ssl=1","_links":{"self":[{"href":"https:\/\/www.hornamicina.eu\/web\/wp-json\/wp\/v2\/posts\/5995","targetHints":{"allow":["GET"]}}],"collection":[{"href":"https:\/\/www.hornamicina.eu\/web\/wp-json\/wp\/v2\/posts"}],"about":[{"href":"https:\/\/www.hornamicina.eu\/web\/wp-json\/wp\/v2\/types\/post"}],"author":[{"embeddable":true,"href":"https:\/\/www.hornamicina.eu\/web\/wp-json\/wp\/v2\/users\/1"}],"replies":[{"embeddable":true,"href":"https:\/\/www.hornamicina.eu\/web\/wp-json\/wp\/v2\/comments?post=5995"}],"version-history":[{"count":1,"href":"https:\/\/www.hornamicina.eu\/web\/wp-json\/wp\/v2\/posts\/5995\/revisions"}],"predecessor-version":[{"id":5996,"href":"https:\/\/www.hornamicina.eu\/web\/wp-json\/wp\/v2\/posts\/5995\/revisions\/5996"}],"wp:featuredmedia":[{"embeddable":true,"href":"https:\/\/www.hornamicina.eu\/web\/wp-json\/wp\/v2\/media\/390"}],"wp:attachment":[{"href":"https:\/\/www.hornamicina.eu\/web\/wp-json\/wp\/v2\/media?parent=5995"}],"wp:term":[{"taxonomy":"category","embeddable":true,"href":"https:\/\/www.hornamicina.eu\/web\/wp-json\/wp\/v2\/categories?post=5995"},{"taxonomy":"post_tag","embeddable":true,"href":"https:\/\/www.hornamicina.eu\/web\/wp-json\/wp\/v2\/tags?post=5995"}],"curies":[{"name":"wp","href":"https:\/\/api.w.org\/{rel}","templated":true}]}}