{"id":5641,"date":"2026-01-22T13:55:23","date_gmt":"2026-01-22T12:55:23","guid":{"rendered":"https:\/\/www.hornamicina.eu\/web\/?p=5641"},"modified":"2026-01-22T13:56:00","modified_gmt":"2026-01-22T12:56:00","slug":"zapisnica-z-mimoriadneho-zasadnutia-oz-obce-horna-micina-17-1-2026","status":"publish","type":"post","link":"https:\/\/www.hornamicina.eu\/web\/zapisnica-z-mimoriadneho-zasadnutia-oz-obce-horna-micina-17-1-2026\/","title":{"rendered":"Z\u00e1pisnica z mimoriadneho zasadnutia OZ obce Horn\u00e1 Mi\u010din\u00e1 &#8211; 17.1.2026"},"content":{"rendered":"<p style=\"text-align: center;\"><strong>Z\u00c1PISNICA<\/strong><\/p>\n<p style=\"text-align: center;\"><strong>Z mimoriadneho zasadnutia obecn\u00e9ho zastupite\u013estva (\u010falej len OZ) obce Horn\u00e1 Mi\u010din\u00e1<\/strong><br \/>\n<strong>konan\u00e9ho d\u0148a 17.1.2026 v budove obecn\u00e9ho \u00faradu Horn\u00e1 Mi\u010din\u00e1 o 17:00 hod.<\/strong><\/p>\n<p><strong>k bodu 1:<\/strong><br \/>\nPR\u00cdTOMN\u00cd:<br \/>\nStarosta obce: Ivan Len\u00e1r<br \/>\nPoslanci OZ: pod\u013ea prilo\u017eenej prezen\u010dnej listiny<br \/>\nOb\u010dania obce a prizvan\u00ed: pod\u013ea prilo\u017eenej prezen\u010dnej listiny<br \/>\nZasadnutie obecn\u00e9ho zastupite\u013estva otvoril a viedol starosta obce Ivan Len\u00e1r. Priv\u00edtal<br \/>\npr\u00edtomn\u00fdch poslancov obecn\u00e9ho zastupite\u013estva a ob\u010danov obce. Skon\u0161tatoval, \u017ee pr\u00edtomn\u00ed s\u00fa<br \/>\ntraja poslanci (Janka Baranov\u00e1,\u013dubom\u00edr \u010cerh\u00fd\u0148,Teodor Bachleda) . Z rokovania sa<br \/>\nospravedlnili dvaja poslanci ( Michal Karkal\u00edk a Tibor Pip\u00ed\u0161ka)<br \/>\nStarosta skon\u0161tatoval, \u017ee OZ je uzn\u00e1\u0161ania schopn\u00e9 .<\/p>\n<p>&nbsp;<\/p>\n<p><strong>K bodu 2. Vo\u013eba n\u00e1vrhovej komisie, overovate\u013ea z\u00e1pisnice a zapisovate\u013ea<\/strong><br \/>\nstarosta otvoril bod programu a navrhol a ur\u010dil \u010dlenov do n\u00e1vrhovej komisie, overovate\u013ea<br \/>\na zapisovate\u013ea z\u00e1pisnice.<br \/>\n&#8211; do n\u00e1vrhovej komisie &#8211; Janka Baranov\u00e1<br \/>\n&#8211; za overovate\u013eov z\u00e1pisnice &#8211; \u013dubom\u00edr \u010cerh\u00fd\u0148<br \/>\n&#8211; za zapisovate\u013ea z\u00e1pisnice \u2013 Teodor Bachleda<\/p>\n<p>Pr\u00edtomn\u00fdch poslancov vyzval \u010di maj\u00fa in\u00fd n\u00e1vrh. Poslanci nemali \u017eiaden n\u00e1vrh a tak dal starosta obce<br \/>\nhlasova\u0165 za bod programu,ktor\u00fd sa schva\u013euje<br \/>\nuznesenie \u010d.124\/2026 zo d\u0148a 17.1.2026<br \/>\nPr\u00edtomn\u00fd poslanci pri hlasovan\u00ed: J.Baranov\u00e1, \u013d.\u010cerh\u00fd\u0148,Teodor Bachleda<br \/>\nHlasovali za: (3 )<br \/>\nproti: (0)<br \/>\nzdr\u017eali sa: (0 )<\/p>\n<p>Starosta skon\u0161tatoval, \u017ee uznesenie \u010d.124\/2026 OZ schva\u013euje<\/p>\n<p>&nbsp;<\/p>\n<p><strong>k bodu 3. Schv\u00e1lenie programu obecn\u00e9ho zastupite\u013estva<\/strong><\/p>\n<p>starosta otvoril bod n\u00e1vrh programu OZ ,ktor\u00fd bol poslancom riadne a v\u010das doru\u010den\u00fd,rovnako aj<br \/>\nzverejnen\u00fd na webovom s\u00eddle a na \u00faradnej tabuli obce.Vyzval poslancov,\u010di maj\u00fa nie\u010do na doplnenie<br \/>\ndo programu OZ.Poslanci nemali \u017eiadny pozme\u0148uj\u00faci n\u00e1vrh. Potom pre\u010d\u00edtal program OZ .<\/p>\n<p><strong>PROGRAM:<\/strong><br \/>\n1. Otvorenie OZ<br \/>\n2. Vo\u013eba n\u00e1vrhovej komisie, overovate\u013ea z\u00e1pisnice a zapisovate\u013ea<br \/>\n3. Program obecn\u00e9ho zastupite\u013estva<br \/>\n4. S\u00fahlas so zaraden\u00edm do \u010dlenstva a \u00fazemia verejno-s\u00fakromn\u00e9ho partnerstva OZ-Miestna ak\u010dn\u00e1<br \/>\nskupina Bansk\u00e1 Bystrica a okolie o udelenie \u0161tat\u00fatu MAS<br \/>\n5. R\u00f4zne<br \/>\n6. Z\u00e1ver<\/p>\n<p><strong>uznesenie \u010d.125\/2026 zo d\u0148a 17.1.2026<\/strong><br \/>\npredlo\u017een\u00fd program OZ obce Horn\u00e1 Mi\u010din\u00e1<br \/>\nstarosta po\u017eiadal poslancov o hlasovanie za n\u00e1vrh programu rokovania,ktor\u00fd sa schva\u013euje<br \/>\nPr\u00edtomn\u00fd poslanci pri hlasovan\u00ed: J.Baranov\u00e1, \u013d.\u010cerh\u00fd\u0148,Teodor Bachleda,<br \/>\nHlasovali za: (3 )<br \/>\nproti: (0)<br \/>\nzdr\u017eali sa: (0 )<\/p>\n<p>Starosta skon\u0161tatoval, \u017ee uznesenie \u010d.125\/2026 OZ schva\u013euje<\/p>\n<p>&nbsp;<\/p>\n<p><strong>K bodu 4. S\u00fahlas so zaraden\u00edm do \u010dlenstva a \u00fazemia verejno-s\u00fakromn\u00e9ho partnerstva OZ-Miestna ak\u010dn\u00e1 skupina Bansk\u00e1 Bystrica okolie o udelenie \u0161tat\u00fatu MAS<\/strong><br \/>\nStarosta pre\u010d\u00edtal uznesenie k bodu \u010d.4<br \/>\nObecn\u00e9 zastupite\u013estvo v Hornej Mi\u010dinej s\u00fahlas\u00ed so zaraden\u00edm do \u010dlenstva a \u00fazemia verejno-s\u00fakromn\u00e9ho<br \/>\npartnerstva OZ-Miestna ak\u010dn\u00e1 skupina -Bansk\u00e1 Bystrica okolie,I\u010cO: 55 804 861,ktor\u00e9 sa uch\u00e1dza<br \/>\no udelenie \u0161tat\u00fatu MAS v programovom obdob\u00ed SP SPP 2023-2027<\/p>\n<p>Rozprava: do rozpravy sa nikto neprihl\u00e1sil<\/p>\n<p>uznesenie \u010d.126\/2026 zo d\u0148a 17.1.2026<br \/>\nstarosta po\u017eiadal poslancov o hlasovanie,ktor\u00e9 sa schva\u013euje<\/p>\n<p>Pr\u00edtomn\u00fd poslanci pri hlasovan\u00ed: J.Baranov\u00e1, \u013d.\u010cerh\u00fd\u0148,Teodor Bachleda<br \/>\nHlasovali za: (3 )<br \/>\nproti: (0)<br \/>\nzdr\u017eali sa: (0 )<\/p>\n<p>Starosta skon\u0161tatoval, \u017ee uznesenie \u010d.126\/2026 OZ schva\u013euje<\/p>\n<p>&nbsp;<\/p>\n<p><strong>k bodu 5.R\u00f4zne<\/strong><br \/>\nInform\u00e1cie starostu obce o dian\u00ed a pr\u00e1cach v obci<br \/>\n&#8211; koncom novembra sa uskuto\u010dnilo na OU stretnutie jubilantov a novonaroden\u00fdch deti\u010diek<br \/>\n&#8211; v decembri v miestnom parku Mikul\u00e1\u0161 pre deti a rozsvietenie viano\u010dn\u00e9ho stromu<br \/>\n&#8211; bola dok\u00fapen\u00e1 posypov\u00e1 so\u013e<\/p>\n<p>Rozprava poslancov:<br \/>\nDo rozpravy sa neprihl\u00e1sil \u017eiaden poslanec<br \/>\nuznesenie \u010d.127\/2025 zo d\u0148a 17.1.2026<br \/>\nstarosta po\u017eiadal poslancov o hlasovanie za n\u00e1vrh uznesenia,ktor\u00e9 OZ berie na vedomie<br \/>\nPr\u00edtomn\u00fd poslanci pri hlasovan\u00ed: J.Baranov\u00e1, \u013d.\u010cerh\u00fd\u0148,T. Bachleda<br \/>\nHlasovali za: (3 )<br \/>\nproti: (0)<br \/>\nzdr\u017eali sa: (0 )<\/p>\n<p>Starosta skon\u0161tatoval, \u017ee uznesenie \u010d.127\/2026 OZ berie na vedomie<\/p>\n<p>&nbsp;<\/p>\n<p><strong>k bodu 6. Z\u00e1ver<\/strong><br \/>\nStarosta po\u010fakoval poslancom OZ a ob\u010danom za \u00fa\u010das\u0165 na rokovan\u00ed a ukon\u010dil rokovanie OZ<\/p>\n","protected":false},"excerpt":{"rendered":"Z\u00c1PISNICA Z mimoriadneho zasadnutia obecn\u00e9ho zastupite\u013estva (\u010falej len OZ) obce Horn\u00e1 Mi\u010din\u00e1 konan\u00e9ho [&hellip;]","protected":false},"author":1,"featured_media":503,"comment_status":"closed","ping_status":"open","sticky":false,"template":"","format":"standard","meta":{"advanced_seo_description":"","jetpack_seo_html_title":"","jetpack_seo_noindex":false,"_jetpack_memberships_contains_paid_content":false,"footnotes":""},"categories":[30],"tags":[],"class_list":["post-5641","post","type-post","status-publish","format-standard","has-post-thumbnail","hentry","category-zastupitelstvo"],"jetpack_featured_media_url":"https:\/\/i0.wp.com\/www.hornamicina.eu\/web\/wp-content\/uploads\/2017\/07\/zastupitelstvo.jpg?fit=530%2C375&ssl=1","jetpack_sharing_enabled":true,"jetpack_shortlink":"https:\/\/wp.me\/p8RsFw-1sZ","jetpack-related-posts":[{"id":3894,"url":"https:\/\/www.hornamicina.eu\/web\/zapisnica-a-uznesenia-oz-zo-dna-22-8-2023\/","url_meta":{"origin":5641,"position":0},"title":"Z\u00e1pisnica a uznesenia OZ zo d\u0148a 22.8.2023","author":"admin","date":"30. augusta 2023","format":false,"excerpt":"Z\u00c1PISNICA Z mimoriadneho zasadnutia obecn\u00e9ho zastupite\u013estva(\u010falej len OZ) v Hornej Mi\u010dinej konan\u00e9ho d\u0148a 22.8.2023 v s\u00e1le obecn\u00e9ho \u00faradu Horn\u00e1 Mi\u010din\u00e1 o 19:00 hod. PR\u00cdTOMN\u00cd: Starosta obce: Ivan Len\u00e1r Poslanci OZ: Janka Baranov\u00e1,Teodor Bachleda,Tibor Pip\u00ed\u0161ka,\u013dubom\u00edr \u010cerh\u00fd\u0148 NEPR\u00cdTOMN\u00dd: Michal Karkal\u00edk Ob\u010dania obce a pozvan\u00ed: pod\u013ea prilo\u017eenej prezen\u010dnej listiny Zasadnutie OZ otvoril a\u2026","rel":"","context":"V &quot;Uznesenia&quot;","block_context":{"text":"Uznesenia","link":"https:\/\/www.hornamicina.eu\/web\/category\/uznesenia\/"},"img":{"alt_text":"Logo obce a dokumenty","src":"https:\/\/i0.wp.com\/www.hornamicina.eu\/web\/wp-content\/uploads\/2017\/07\/uznesenia.jpg?fit=530%2C530&ssl=1&resize=350%2C200","width":350,"height":200,"srcset":"https:\/\/i0.wp.com\/www.hornamicina.eu\/web\/wp-content\/uploads\/2017\/07\/uznesenia.jpg?fit=530%2C530&ssl=1&resize=350%2C200 1x, https:\/\/i0.wp.com\/www.hornamicina.eu\/web\/wp-content\/uploads\/2017\/07\/uznesenia.jpg?fit=530%2C530&ssl=1&resize=525%2C300 1.5x"},"classes":[]},{"id":3902,"url":"https:\/\/www.hornamicina.eu\/web\/zapisnica-zo-zasadnutia-oz-13-9-2023\/","url_meta":{"origin":5641,"position":1},"title":"Z\u00e1pisnica zo zasadnutia OZ &#8211; 13.9.2023","author":"admin","date":"22. septembra 2023","format":false,"excerpt":"\u00a0\u00a0\u00a0\u00a0\u00a0\u00a0\u00a0\u00a0\u00a0\u00a0\u00a0\u00a0\u00a0\u00a0\u00a0\u00a0\u00a0\u00a0\u00a0\u00a0\u00a0\u00a0\u00a0\u00a0\u00a0 \u00a0\u00a0\u00a0\u00a0\u00a0\u00a0\u00a0\u00a0\u00a0\u00a0\u00a0\u00a0\u00a0\u00a0\u00a0\u00a0\u00a0\u00a0\u00a0\u00a0\u00a0\u00a0\u00a0\u00a0\u00a0\u00a0Z\u00c1PISNICA Zo zasadnutia obecn\u00e9ho zastupite\u013estva (\u010falej len OZ) v\u00a0Hornej Mi\u010dinej konan\u00e9ho d\u0148a 13.9.2023 v\u00a0s\u00e1le obecn\u00e9ho \u00faradu Horn\u00e1 Mi\u010din\u00e1 o\u00a018:00 hod. \u00a0 N\u00e1vrh programu \u00a0OZ: Otvorenie Program obecn\u00e9ho zastupite\u013estva Vo\u013eba n\u00e1vrhovej komisie,overovate\u013ea z\u00e1pisnice a\u00a0zapisovate\u013ea \u017diados\u0165 p.Pavla Martinca \u010d.59 o odk\u00fapenie obecn\u00e9ho pozemku,parcela C-\u010d.40\/3 o v\u00fdmere 20m2,vedenej na LV-195 vo vlastn\u00edctve\u2026","rel":"","context":"V &quot;Oznamy&quot;","block_context":{"text":"Oznamy","link":"https:\/\/www.hornamicina.eu\/web\/category\/oznamy\/"},"img":{"alt_text":"","src":"https:\/\/i0.wp.com\/www.hornamicina.eu\/web\/wp-content\/uploads\/2017\/07\/zastupitelstvo.jpg?fit=530%2C375&ssl=1&resize=350%2C200","width":350,"height":200,"srcset":"https:\/\/i0.wp.com\/www.hornamicina.eu\/web\/wp-content\/uploads\/2017\/07\/zastupitelstvo.jpg?fit=530%2C375&ssl=1&resize=350%2C200 1x, https:\/\/i0.wp.com\/www.hornamicina.eu\/web\/wp-content\/uploads\/2017\/07\/zastupitelstvo.jpg?fit=530%2C375&ssl=1&resize=525%2C300 1.5x"},"classes":[]},{"id":5348,"url":"https:\/\/www.hornamicina.eu\/web\/zapisnica-zo-zasadnutia-oz-hm-26-6-2025\/","url_meta":{"origin":5641,"position":2},"title":"Z\u00e1pisnica zo zasadnutia OZ HM &#8211; 26.6.2025","author":"admin","date":"3. j\u00fala 2025","format":false,"excerpt":"Z\u00c1PISNICA zo zasadnutia obecn\u00e9ho zastupite\u013estva (\u010falej len OZ) obce\u00a0Horn\u00e1 Mi\u010din\u00e1 konan\u00e9ho d\u0148a26.6.2025 v\u00a0budove obecn\u00e9ho \u00faradu Horn\u00e1 Mi\u010din\u00e1 o\u00a016:00 hod. \u00a0 k\u00a0bodu 1: PR\u00cdTOMN\u00cd: Starosta obce:\u00a0\u00a0\u00a0\u00a0\u00a0\u00a0\u00a0\u00a0\u00a0\u00a0\u00a0\u00a0\u00a0\u00a0\u00a0\u00a0\u00a0\u00a0\u00a0\u00a0\u00a0\u00a0\u00a0\u00a0\u00a0\u00a0\u00a0\u00a0\u00a0\u00a0 Ivan Len\u00e1r Poslanci OZ:\u00a0\u00a0\u00a0\u00a0\u00a0\u00a0\u00a0\u00a0\u00a0\u00a0\u00a0\u00a0\u00a0\u00a0\u00a0\u00a0\u00a0\u00a0\u00a0\u00a0\u00a0\u00a0\u00a0\u00a0\u00a0\u00a0\u00a0\u00a0\u00a0\u00a0\u00a0\u00a0\u00a0\u00a0 Tibor Pip\u00ed\u0161ka, M.Karkal\u00edk, \u013d.\u010cerh\u00fd\u0148 Nepr\u00edtomn\u00ed poslanci :\u00a0\u00a0\u00a0\u00a0\u00a0\u00a0\u00a0\u00a0\u00a0\u00a0\u00a0\u00a0\u00a0\u00a0\u00a0\u00a0\u00a0 Janka Baranov\u00e1 ,Teodor Bachleda Ob\u010dania obce a\u00a0prizvan\u00ed:\u00a0\u00a0\u00a0\u00a0\u00a0\u00a0\u00a0\u00a0\u00a0\u00a0\u00a0\u00a0 pod\u013ea prilo\u017eenej prezen\u010dnej listiny \u00a0 Zasadnutie obecn\u00e9ho\u2026","rel":"","context":"V &quot;Zastupite\u013estvo&quot;","block_context":{"text":"Zastupite\u013estvo","link":"https:\/\/www.hornamicina.eu\/web\/category\/zastupitelstvo\/"},"img":{"alt_text":"","src":"https:\/\/i0.wp.com\/www.hornamicina.eu\/web\/wp-content\/uploads\/2017\/07\/zastupitelstvo.jpg?fit=530%2C375&ssl=1&resize=350%2C200","width":350,"height":200,"srcset":"https:\/\/i0.wp.com\/www.hornamicina.eu\/web\/wp-content\/uploads\/2017\/07\/zastupitelstvo.jpg?fit=530%2C375&ssl=1&resize=350%2C200 1x, https:\/\/i0.wp.com\/www.hornamicina.eu\/web\/wp-content\/uploads\/2017\/07\/zastupitelstvo.jpg?fit=530%2C375&ssl=1&resize=525%2C300 1.5x"},"classes":[]},{"id":4924,"url":"https:\/\/www.hornamicina.eu\/web\/zapisnica-so-zasadnutia-zastupitelstva-obce-hm-9-2024\/","url_meta":{"origin":5641,"position":3},"title":"Z\u00e1pisnica so zasadnutia zastupite\u013estva obce HM &#8211; 9\/2024","author":"admin","date":"23. septembra 2024","format":false,"excerpt":"Z\u00c1PISNICA zo zasadnutia obecn\u00e9ho zastupite\u013estva (\u010falej len OZ) obce\u00a0Horn\u00e1 Mi\u010din\u00e1 konan\u00e9ho d\u0148a 16.9.2024 v budove obecn\u00e9ho \u00faradu Horn\u00e1 Mi\u010din\u00e1 o 17:00 hod. \u00a0 PR\u00cdTOMN\u00cd: Starosta obce:\u00a0\u00a0\u00a0\u00a0\u00a0\u00a0\u00a0\u00a0\u00a0\u00a0\u00a0\u00a0\u00a0\u00a0\u00a0\u00a0\u00a0\u00a0\u00a0\u00a0\u00a0\u00a0\u00a0\u00a0\u00a0\u00a0\u00a0\u00a0\u00a0 Ivan Len\u00e1r Poslanci OZ:\u00a0\u00a0\u00a0\u00a0\u00a0\u00a0\u00a0\u00a0\u00a0\u00a0\u00a0\u00a0\u00a0\u00a0\u00a0\u00a0\u00a0\u00a0\u00a0\u00a0\u00a0\u00a0\u00a0\u00a0\u00a0\u00a0\u00a0\u00a0\u00a0\u00a0\u00a0\u00a0 pod\u013ea prilo\u017eenej prezen\u010dnej listiny Ob\u010dania obce a\u00a0prizvan\u00ed:\u00a0\u00a0\u00a0\u00a0\u00a0\u00a0\u00a0\u00a0\u00a0\u00a0\u00a0\u00a0 pod\u013ea prilo\u017eenej prezen\u010dnej listiny \u00a0 Zasadnutie obecn\u00e9ho zastupite\u013estva otvoril a\u00a0viedol starosta obce Ivan\u2026","rel":"","context":"V &quot;D\u00f4le\u017eit\u00e9&quot;","block_context":{"text":"D\u00f4le\u017eit\u00e9","link":"https:\/\/www.hornamicina.eu\/web\/category\/dolezite\/"},"img":{"alt_text":"","src":"https:\/\/i0.wp.com\/www.hornamicina.eu\/web\/wp-content\/uploads\/2017\/07\/zastupitelstvo.jpg?fit=530%2C375&ssl=1&resize=350%2C200","width":350,"height":200,"srcset":"https:\/\/i0.wp.com\/www.hornamicina.eu\/web\/wp-content\/uploads\/2017\/07\/zastupitelstvo.jpg?fit=530%2C375&ssl=1&resize=350%2C200 1x, https:\/\/i0.wp.com\/www.hornamicina.eu\/web\/wp-content\/uploads\/2017\/07\/zastupitelstvo.jpg?fit=530%2C375&ssl=1&resize=525%2C300 1.5x"},"classes":[]},{"id":3317,"url":"https:\/\/www.hornamicina.eu\/web\/zapisnica-zo-zasadnutia-obecneho-zastupitelstva-28-9-2022\/","url_meta":{"origin":5641,"position":4},"title":"Z\u00e1pisnica zo zasadnutia obecneho zastupite\u013estva &#8211; 28.9.2022","author":"admin","date":"14. okt\u00f3bra 2022","format":false,"excerpt":"Z\u00c1PISNICA zo zasadnutia obecn\u00e9ho zastupite\u013estva (\u010falej len OZ) obce\u00a0Horn\u00e1 Mi\u010din\u00e1 konan\u00e9ho d\u0148a 28.09.2022 v\u00a0budove obecn\u00e9ho \u00faradu Horn\u00e1 Mi\u010din\u00e1 o\u00a019.00 hod. \u00a0 PR\u00cdTOMN\u00cd: Starosta obce:\u00a0\u00a0\u00a0\u00a0\u00a0\u00a0\u00a0\u00a0\u00a0\u00a0\u00a0\u00a0\u00a0\u00a0\u00a0\u00a0\u00a0\u00a0\u00a0\u00a0\u00a0\u00a0\u00a0\u00a0\u00a0\u00a0\u00a0\u00a0\u00a0\u00a0\u00a0 Ivan Len\u00e1r Poslanci OZ:\u00a0 \u00a0 \u00a0 \u00a0 \u00a0 \u00a0 \u00a0 \u00a0 \u00a0 \u00a0 \u00a0 \u00a0 \u00a0 \u00a0 \u00a0 \u00a0 \u00a0 pod\u013ea prezen\u010dnej listiny Ob\u010dania obce a\u2026","rel":"","context":"V &quot;Oznamy&quot;","block_context":{"text":"Oznamy","link":"https:\/\/www.hornamicina.eu\/web\/category\/oznamy\/"},"img":{"alt_text":"Logo obce a dokumenty","src":"https:\/\/i0.wp.com\/www.hornamicina.eu\/web\/wp-content\/uploads\/2017\/07\/uznesenia.jpg?fit=530%2C530&ssl=1&resize=350%2C200","width":350,"height":200,"srcset":"https:\/\/i0.wp.com\/www.hornamicina.eu\/web\/wp-content\/uploads\/2017\/07\/uznesenia.jpg?fit=530%2C530&ssl=1&resize=350%2C200 1x, https:\/\/i0.wp.com\/www.hornamicina.eu\/web\/wp-content\/uploads\/2017\/07\/uznesenia.jpg?fit=530%2C530&ssl=1&resize=525%2C300 1.5x"},"classes":[]},{"id":3370,"url":"https:\/\/www.hornamicina.eu\/web\/zapisnica-1-2022\/","url_meta":{"origin":5641,"position":5},"title":"Z\u00e1pisnica 1-2022","author":"admin","date":"2. decembra 2022","format":false,"excerpt":"Z\u00e1pisnica 1\/2022 z ustanovuj\u00faceho zasadnutia obecn\u00e9ho zastupite\u013estva, ktor\u00e9 sa konalo d\u0148a 28. 11. 2022 v\u00a0budove obecn\u00e9ho \u00faradu Horn\u00e1 Mi\u010din\u00e1 \u00a0 Program rokovania: \u00a0 \u0160t\u00e1tna hymna SR. Otvorenie zasadnutia obecn\u00e9ho zastupite\u013estva. Ur\u010denie zapisovate\u013ea, ur\u010denie overovate\u013eov z\u00e1pisnice. Ozn\u00e1menie v\u00fdsledkov volieb do org\u00e1nov samospr\u00e1vy obc\u00ed v obci Horn\u00e1 Mi\u010din\u00e1, konan\u00fdch 29.10. 2022. Zlo\u017eenie\u2026","rel":"","context":"V &quot;Zastupite\u013estvo&quot;","block_context":{"text":"Zastupite\u013estvo","link":"https:\/\/www.hornamicina.eu\/web\/category\/zastupitelstvo\/"},"img":{"alt_text":"Logo obce a dokumenty","src":"https:\/\/i0.wp.com\/www.hornamicina.eu\/web\/wp-content\/uploads\/2017\/07\/uznesenia.jpg?fit=530%2C530&ssl=1&resize=350%2C200","width":350,"height":200,"srcset":"https:\/\/i0.wp.com\/www.hornamicina.eu\/web\/wp-content\/uploads\/2017\/07\/uznesenia.jpg?fit=530%2C530&ssl=1&resize=350%2C200 1x, https:\/\/i0.wp.com\/www.hornamicina.eu\/web\/wp-content\/uploads\/2017\/07\/uznesenia.jpg?fit=530%2C530&ssl=1&resize=525%2C300 1.5x"},"classes":[]}],"jetpack_likes_enabled":true,"_links":{"self":[{"href":"https:\/\/www.hornamicina.eu\/web\/wp-json\/wp\/v2\/posts\/5641","targetHints":{"allow":["GET"]}}],"collection":[{"href":"https:\/\/www.hornamicina.eu\/web\/wp-json\/wp\/v2\/posts"}],"about":[{"href":"https:\/\/www.hornamicina.eu\/web\/wp-json\/wp\/v2\/types\/post"}],"author":[{"embeddable":true,"href":"https:\/\/www.hornamicina.eu\/web\/wp-json\/wp\/v2\/users\/1"}],"replies":[{"embeddable":true,"href":"https:\/\/www.hornamicina.eu\/web\/wp-json\/wp\/v2\/comments?post=5641"}],"version-history":[{"count":2,"href":"https:\/\/www.hornamicina.eu\/web\/wp-json\/wp\/v2\/posts\/5641\/revisions"}],"predecessor-version":[{"id":5643,"href":"https:\/\/www.hornamicina.eu\/web\/wp-json\/wp\/v2\/posts\/5641\/revisions\/5643"}],"wp:featuredmedia":[{"embeddable":true,"href":"https:\/\/www.hornamicina.eu\/web\/wp-json\/wp\/v2\/media\/503"}],"wp:attachment":[{"href":"https:\/\/www.hornamicina.eu\/web\/wp-json\/wp\/v2\/media?parent=5641"}],"wp:term":[{"taxonomy":"category","embeddable":true,"href":"https:\/\/www.hornamicina.eu\/web\/wp-json\/wp\/v2\/categories?post=5641"},{"taxonomy":"post_tag","embeddable":true,"href":"https:\/\/www.hornamicina.eu\/web\/wp-json\/wp\/v2\/tags?post=5641"}],"curies":[{"name":"wp","href":"https:\/\/api.w.org\/{rel}","templated":true}]}}