{"id":5639,"date":"2026-01-22T10:26:02","date_gmt":"2026-01-22T09:26:02","guid":{"rendered":"https:\/\/www.hornamicina.eu\/web\/?p=5639"},"modified":"2026-01-22T10:26:02","modified_gmt":"2026-01-22T09:26:02","slug":"uznesenia-z-mimoriadneho-zasadnutia-oz-obce-horna-micina-17-1-2026","status":"publish","type":"post","link":"https:\/\/www.hornamicina.eu\/web\/uznesenia-z-mimoriadneho-zasadnutia-oz-obce-horna-micina-17-1-2026\/","title":{"rendered":"Uznesenia z mimoriadneho zasadnutia OZ obce Horna Micina &#8211; 17.1.2026"},"content":{"rendered":"<p style=\"text-align: center;\"><strong>UZNESENIA<\/strong><br \/>\n<strong>Z mimoriadneho zasadnutia obecn\u00e9ho zastupite\u013estva (\u010falej len OZ) obce Horn\u00e1 Mi\u010din\u00e1<\/strong><br \/>\n<strong>konan\u00e9ho d\u0148a 17.1.2026 v\u00a0budove obecn\u00e9ho \u00faradu Horn\u00e1 Mi\u010din\u00e1 o\u00a017:00 hod.<\/strong><\/p>\n<p>PR\u00cdTOMN\u00cd POSLANCI: \u013dubom\u00edr \u010cerh\u00fd\u0148 ,Janka Baranov\u00e1 ,Teodor Bachleda,<br \/>\nNEPR\u00cdTOMN\u00cd POSLANCI: Tibor Pip\u00ed\u0161ka ,Michal Karkal\u00edk<\/p>\n<p><strong>uznesenie \u010d.124\/2026 zo \u00a017.1.2026<\/strong><br \/>\nK\u00a0bodu 2. Vo\u013eba n\u00e1vrhovej komisie, overovate\u013ea z\u00e1pisnice a\u00a0zapisovate\u013ea<br \/>\nOZ obce Horn\u00e1 Mi\u010din\u00e1<br \/>\nUR\u010cUJE:<br \/>\n&#8211; do n\u00e1vrhovej komisie &#8211; Janka Baranov\u00e1<br \/>\n&#8211; za overovate\u013eov z\u00e1pisnice &#8211; \u013dubom\u00edr \u010cerh\u00fd\u0148<br \/>\n&#8211; za zapisovate\u013ea z\u00e1pisnice \u2013 Teodor Bachleda<br \/>\nPr\u00edtomn\u00ed poslanci na hlasovan\u00ed: Janka Baranov\u00e1, \u013dubom\u00edr \u010cerh\u00fd\u0148, Teodor Bachleda<br \/>\nHlasovali za: ( 3 )<br \/>\nproti: (0)<br \/>\nzdr\u017eali sa: (0 )<\/p>\n<p><strong>uznesenie \u010d.125\/2026 zo \u00a017.1.2026<\/strong><br \/>\nk\u00a0bodu 3. Program obecn\u00e9ho zastupite\u013estva<br \/>\nOZ obce Horn\u00e1 Mi\u010din\u00e1<br \/>\nSCHVA\u013dUJE:<br \/>\nprogram obecn\u00e9ho zastupite\u013estva<br \/>\nPROGRAM:<br \/>\n1. Otvorenie OZ<br \/>\n2. Vo\u013eba n\u00e1vrhovej komisie, overovate\u013ea z\u00e1pisnice a\u00a0zapisovate\u013ea<br \/>\n3. Program obecn\u00e9ho zastupite\u013estva<br \/>\n4. S\u00fahlas so zaraden\u00edm do \u010dlenstva a\u00a0\u00fazemia verejno-s\u00fakromn\u00e9ho partnerstva OZ-Miestna ak\u010dn\u00e1<br \/>\nskupina Bansk\u00e1 Bystrica a\u00a0okolie o\u00a0udelenie \u0161tat\u00fatu MAS<br \/>\n5. R\u00f4zne<br \/>\n6. Z\u00e1ver<br \/>\nPr\u00edtomn\u00ed poslanci na hlasovan\u00ed: Janka Baranov\u00e1, \u013dubom\u00edr \u010cerh\u00fd\u0148, Teodor Bachleda<br \/>\nHlasovali za: ( 3 )<br \/>\nproti: (0)<br \/>\nzdr\u017eali sa: (0 )<\/p>\n<p><strong>uznesenie \u010d.126\/2026 zo \u00a017.1.2026<\/strong><br \/>\nK\u00a0bodu 4. S\u00fahlas so zaraden\u00edm do \u010dlenstva a\u00a0\u00fazemia verejno-s\u00fakromn\u00e9ho partnerstva OZ-Miestna ak\u010dn\u00e1<br \/>\nskupina Bansk\u00e1 Bystrica \u00a0okolie o\u00a0udelenie \u0161tat\u00fatu MAS<br \/>\nOZ obce Horn\u00e1 Mi\u010din\u00e1<br \/>\nSchva\u013euje:<br \/>\nObecn\u00e9 zastupite\u013estvo v\u00a0Hornej Mi\u010dinej s\u00fahlas\u00ed so zaraden\u00edm do \u010dlenstva a\u00a0\u00fazemia verejno-s\u00fakromn\u00e9ho<br \/>\npartnerstva OZ-Miestna ak\u010dn\u00e1 skupina -Bansk\u00e1 Bystrica \u00a0okolie,I\u010cO: 55\u00a0804\u00a0861,ktor\u00e9 sa uch\u00e1dza<br \/>\no\u00a0udelenie \u0161tat\u00fatu MAS v\u00a0programovom obdob\u00ed SP SPP 2023-2027<br \/>\nPr\u00edtomn\u00ed poslanci na hlasovan\u00ed: Janka Baranov\u00e1, \u013dubom\u00edr \u010cerh\u00fd\u0148, Teodor Bachleda<br \/>\nHlasovali za: ( 3 )<br \/>\nproti: (0)<br \/>\nzdr\u017eali sa: (0 )<\/p>\n<p><strong>uznesenie \u010d.127\/2026 zo\u00a017.1.2026<\/strong><br \/>\nk\u00a0bodu 5.R\u00f4zne<br \/>\nOZ obce Horn\u00e1 Mi\u010din\u00e1<br \/>\nBerie na vedomie<br \/>\nInform\u00e1cie starostu obce o\u00a0dian\u00ed a pr\u00e1cach v obci<\/p>\n<p>Pr\u00edtomn\u00ed poslanci na hlasovan\u00ed: Janka Baranov\u00e1, \u013dubom\u00edr \u010cerh\u00fd\u0148, Teodor Bachleda<br \/>\nHlasovali za: (3 )<br \/>\nproti: (0)<br \/>\nzdr\u017eali sa: (0 )<\/p>\n<p><strong>k\u00a0bodu 6.Z\u00e1ver<\/strong><br \/>\nStarosta po\u010fakoval poslancom OZ a\u00a0ob\u010danom za \u00fa\u010das\u0165 na rokovan\u00ed a\u00a0ukon\u010dil rokovanie OZ<\/p>\n","protected":false},"excerpt":{"rendered":"UZNESENIA Z mimoriadneho zasadnutia obecn\u00e9ho zastupite\u013estva (\u010falej len OZ) obce Horn\u00e1 Mi\u010din\u00e1 konan\u00e9ho [&hellip;]","protected":false},"author":1,"featured_media":503,"comment_status":"closed","ping_status":"open","sticky":false,"template":"","format":"standard","meta":{"advanced_seo_description":"","jetpack_seo_html_title":"","jetpack_seo_noindex":false,"_jetpack_memberships_contains_paid_content":false,"footnotes":""},"categories":[391],"tags":[],"class_list":["post-5639","post","type-post","status-publish","format-standard","has-post-thumbnail","hentry","category-uznesenia"],"jetpack_featured_media_url":"https:\/\/i0.wp.com\/www.hornamicina.eu\/web\/wp-content\/uploads\/2017\/07\/zastupitelstvo.jpg?fit=530%2C375&ssl=1","jetpack_sharing_enabled":true,"jetpack_shortlink":"https:\/\/wp.me\/p8RsFw-1sX","jetpack-related-posts":[{"id":3894,"url":"https:\/\/www.hornamicina.eu\/web\/zapisnica-a-uznesenia-oz-zo-dna-22-8-2023\/","url_meta":{"origin":5639,"position":0},"title":"Z\u00e1pisnica a uznesenia OZ zo d\u0148a 22.8.2023","author":"admin","date":"30. augusta 2023","format":false,"excerpt":"Z\u00c1PISNICA Z mimoriadneho zasadnutia obecn\u00e9ho zastupite\u013estva(\u010falej len OZ) v Hornej Mi\u010dinej konan\u00e9ho d\u0148a 22.8.2023 v s\u00e1le obecn\u00e9ho \u00faradu Horn\u00e1 Mi\u010din\u00e1 o 19:00 hod. PR\u00cdTOMN\u00cd: Starosta obce: Ivan Len\u00e1r Poslanci OZ: Janka Baranov\u00e1,Teodor Bachleda,Tibor Pip\u00ed\u0161ka,\u013dubom\u00edr \u010cerh\u00fd\u0148 NEPR\u00cdTOMN\u00dd: Michal Karkal\u00edk Ob\u010dania obce a pozvan\u00ed: pod\u013ea prilo\u017eenej prezen\u010dnej listiny Zasadnutie OZ otvoril a\u2026","rel":"","context":"V &quot;Uznesenia&quot;","block_context":{"text":"Uznesenia","link":"https:\/\/www.hornamicina.eu\/web\/category\/uznesenia\/"},"img":{"alt_text":"Logo obce a dokumenty","src":"https:\/\/i0.wp.com\/www.hornamicina.eu\/web\/wp-content\/uploads\/2017\/07\/uznesenia.jpg?fit=530%2C530&ssl=1&resize=350%2C200","width":350,"height":200,"srcset":"https:\/\/i0.wp.com\/www.hornamicina.eu\/web\/wp-content\/uploads\/2017\/07\/uznesenia.jpg?fit=530%2C530&ssl=1&resize=350%2C200 1x, https:\/\/i0.wp.com\/www.hornamicina.eu\/web\/wp-content\/uploads\/2017\/07\/uznesenia.jpg?fit=530%2C530&ssl=1&resize=525%2C300 1.5x"},"classes":[]},{"id":5641,"url":"https:\/\/www.hornamicina.eu\/web\/zapisnica-z-mimoriadneho-zasadnutia-oz-obce-horna-micina-17-1-2026\/","url_meta":{"origin":5639,"position":1},"title":"Z\u00e1pisnica z mimoriadneho zasadnutia OZ obce Horn\u00e1 Mi\u010din\u00e1 &#8211; 17.1.2026","author":"admin","date":"22. janu\u00e1ra 2026","format":false,"excerpt":"Z\u00c1PISNICA Z mimoriadneho zasadnutia obecn\u00e9ho zastupite\u013estva (\u010falej len OZ) obce Horn\u00e1 Mi\u010din\u00e1 konan\u00e9ho d\u0148a 17.1.2026 v budove obecn\u00e9ho \u00faradu Horn\u00e1 Mi\u010din\u00e1 o 17:00 hod. k bodu 1: PR\u00cdTOMN\u00cd: Starosta obce: Ivan Len\u00e1r Poslanci OZ: pod\u013ea prilo\u017eenej prezen\u010dnej listiny Ob\u010dania obce a prizvan\u00ed: pod\u013ea prilo\u017eenej prezen\u010dnej listiny Zasadnutie obecn\u00e9ho zastupite\u013estva otvoril\u2026","rel":"","context":"V &quot;Zastupite\u013estvo&quot;","block_context":{"text":"Zastupite\u013estvo","link":"https:\/\/www.hornamicina.eu\/web\/category\/zastupitelstvo\/"},"img":{"alt_text":"","src":"https:\/\/i0.wp.com\/www.hornamicina.eu\/web\/wp-content\/uploads\/2017\/07\/zastupitelstvo.jpg?fit=530%2C375&ssl=1&resize=350%2C200","width":350,"height":200,"srcset":"https:\/\/i0.wp.com\/www.hornamicina.eu\/web\/wp-content\/uploads\/2017\/07\/zastupitelstvo.jpg?fit=530%2C375&ssl=1&resize=350%2C200 1x, https:\/\/i0.wp.com\/www.hornamicina.eu\/web\/wp-content\/uploads\/2017\/07\/zastupitelstvo.jpg?fit=530%2C375&ssl=1&resize=525%2C300 1.5x"},"classes":[]},{"id":5346,"url":"https:\/\/www.hornamicina.eu\/web\/uznesenia-zo-zasadnutia-oz-hm-26-6-2025\/","url_meta":{"origin":5639,"position":2},"title":"Uznesenia zo zasadnutia OZ HM &#8211; 26.6.2025","author":"admin","date":"3. j\u00fala 2025","format":false,"excerpt":"UZNESENIA zo zasadnutia obecn\u00e9ho zastupite\u013estva (\u010falej len OZ) obce Horn\u00e1 Mi\u010din\u00e1 konan\u00e9ho d\u0148a 26.6.2025 v\u00a0budove obecn\u00e9ho \u00faradu Horn\u00e1 Mi\u010din\u00e1 o\u00a016:00 hod. PR\u00cdTOMN\u00cd POSLANCI: \u00a0\u00a0Michal Karkal\u00edk, \u00a0\u013dubom\u00edr \u010cerh\u00fd\u0148 , Tibor Pip\u00ed\u0161ka NEPR\u00cdTOMN\u00cd POSLANCI: \u00a0- Janka Baranov\u00e1 ,Teodor Bachleda \u00a0 \u00a0 \u00a0 uznesenie \u010d.88\/2025 \u00a0 K\u00a0bodu 2. Vo\u013eba n\u00e1vrhovej komisie, overovate\u013ea z\u00e1pisnice\u2026","rel":"","context":"V &quot;Uznesenia&quot;","block_context":{"text":"Uznesenia","link":"https:\/\/www.hornamicina.eu\/web\/category\/uznesenia\/"},"img":{"alt_text":"Logo obce a dokumenty","src":"https:\/\/i0.wp.com\/www.hornamicina.eu\/web\/wp-content\/uploads\/2017\/07\/uznesenia.jpg?fit=530%2C530&ssl=1&resize=350%2C200","width":350,"height":200,"srcset":"https:\/\/i0.wp.com\/www.hornamicina.eu\/web\/wp-content\/uploads\/2017\/07\/uznesenia.jpg?fit=530%2C530&ssl=1&resize=350%2C200 1x, https:\/\/i0.wp.com\/www.hornamicina.eu\/web\/wp-content\/uploads\/2017\/07\/uznesenia.jpg?fit=530%2C530&ssl=1&resize=525%2C300 1.5x"},"classes":[]},{"id":5293,"url":"https:\/\/www.hornamicina.eu\/web\/uznesenia-zo-zasadnutia-oz-hm-konaneho-dna-2-6-2025\/","url_meta":{"origin":5639,"position":3},"title":"Uznesenia zo zasadnutia OZ HM konan\u00e9ho d\u0148a 2.6.2025","author":"admin","date":"13. j\u00fana 2025","format":false,"excerpt":"UZNESENIA zo zasadnutia obecn\u00e9ho zastupite\u013estva (\u010falej len OZ) obce Horn\u00e1 Mi\u010din\u00e1 konan\u00e9ho d\u0148a 2.6.2025 v\u00a0budove obecn\u00e9ho \u00faradu Horn\u00e1 Mi\u010din\u00e1 o\u00a017:00 hod. PR\u00cdTOMN\u00cd POSLANCI: \u00a0\u00a0Michal Karkal\u00edk, \u00a0\u013dubom\u00edr \u010cerh\u00fd\u0148 ,Janka Baranov\u00e1 ,Teodor Bachleda (pr\u00edchod 17:30) NEPR\u00cdTOMN\u00cd POSLANCI: \u00a0-\u00a0 Tibor Pip\u00ed\u0161ka \u00a0 uznesenie \u010d.73\/2025 \u00a0 K\u00a0bodu 2. Vo\u013eba n\u00e1vrhovej komisie, overovate\u013ea z\u00e1pisnice a\u00a0zapisovate\u013ea\u2026","rel":"","context":"V &quot;Uznesenia&quot;","block_context":{"text":"Uznesenia","link":"https:\/\/www.hornamicina.eu\/web\/category\/uznesenia\/"},"img":{"alt_text":"","src":"https:\/\/i0.wp.com\/www.hornamicina.eu\/web\/wp-content\/uploads\/2017\/07\/zastupitelstvo.jpg?fit=530%2C375&ssl=1&resize=350%2C200","width":350,"height":200,"srcset":"https:\/\/i0.wp.com\/www.hornamicina.eu\/web\/wp-content\/uploads\/2017\/07\/zastupitelstvo.jpg?fit=530%2C375&ssl=1&resize=350%2C200 1x, https:\/\/i0.wp.com\/www.hornamicina.eu\/web\/wp-content\/uploads\/2017\/07\/zastupitelstvo.jpg?fit=530%2C375&ssl=1&resize=525%2C300 1.5x"},"classes":[]},{"id":5688,"url":"https:\/\/www.hornamicina.eu\/web\/uznesenia-zo-zasadnutia-oz-obce-horna-micina-10-3-2026\/","url_meta":{"origin":5639,"position":4},"title":"Uznesenia zo zasadnutia OZ obce Horn\u00e1 Mi\u010din\u00e1 &#8211; 10.3.2026","author":"admin","date":"20. marca 2026","format":false,"excerpt":"UZNESENIA Zo zasadnutia obecn\u00e9ho zastupite\u013estva (\u010falej len OZ) obce Horn\u00e1 Mi\u010din\u00e1 konan\u00e9ho d\u0148a 10.3.2026 v budove obecn\u00e9ho \u00faradu Horn\u00e1 Mi\u010din\u00e1 o 17 :00 hod. PR\u00cdTOMN\u00cd POSLANCI: Michal Karkal\u00edk, \u013dubom\u00edr \u010cerh\u00fd\u0148 ,Teodor Bachleda, Tibor Pip\u00ed\u0161ka uznesenie \u010d.128\/2026 z 10.3.2026 K bodu 2. Vo\u013eba n\u00e1vrhovej komisie, overovate\u013ea z\u00e1pisnice a zapisovate\u013ea OZ obce\u2026","rel":"","context":"V &quot;Uznesenia&quot;","block_context":{"text":"Uznesenia","link":"https:\/\/www.hornamicina.eu\/web\/category\/uznesenia\/"},"img":{"alt_text":"","src":"https:\/\/i0.wp.com\/www.hornamicina.eu\/web\/wp-content\/uploads\/2017\/07\/zastupitelstvo.jpg?fit=530%2C375&ssl=1&resize=350%2C200","width":350,"height":200,"srcset":"https:\/\/i0.wp.com\/www.hornamicina.eu\/web\/wp-content\/uploads\/2017\/07\/zastupitelstvo.jpg?fit=530%2C375&ssl=1&resize=350%2C200 1x, https:\/\/i0.wp.com\/www.hornamicina.eu\/web\/wp-content\/uploads\/2017\/07\/zastupitelstvo.jpg?fit=530%2C375&ssl=1&resize=525%2C300 1.5x"},"classes":[]},{"id":5495,"url":"https:\/\/www.hornamicina.eu\/web\/uznesenia-zo-zasadnutia-oz-hm-zo-dna-25-9-2025\/","url_meta":{"origin":5639,"position":5},"title":"Uznesenia zo zasadnutia OZ HM zo d\u0148a 25.9.2025","author":"admin","date":"8. okt\u00f3bra 2025","format":false,"excerpt":"\u00a0\u00a0\u00a0\u00a0\u00a0\u00a0\u00a0\u00a0\u00a0\u00a0\u00a0\u00a0\u00a0\u00a0\u00a0\u00a0\u00a0\u00a0\u00a0\u00a0\u00a0\u00a0\u00a0\u00a0\u00a0\u00a0\u00a0\u00a0\u00a0\u00a0\u00a0\u00a0\u00a0\u00a0\u00a0\u00a0\u00a0\u00a0\u00a0\u00a0\u00a0\u00a0\u00a0\u00a0\u00a0\u00a0\u00a0\u00a0\u00a0\u00a0\u00a0\u00a0\u00a0\u00a0\u00a0\u00a0\u00a0\u00a0 UZNESENIA zo zasadnutia obecn\u00e9ho zastupite\u013estva (\u010falej len OZ) obce Horn\u00e1 Mi\u010din\u00e1 konan\u00e9ho d\u0148a 25.9.2025 v\u00a0budove obecn\u00e9ho \u00faradu Horn\u00e1 Mi\u010din\u00e1 o\u00a018 :00 hod. \u00a0 PR\u00cdTOMN\u00cd POSLANCI:\u00a0\u00a0 Michal Karkal\u00edk,\u00a0 \u013dubom\u00edr \u010cerh\u00fd\u0148 ,Janka Baranov\u00e1 ,Teodor Bachleda, Tibor Pip\u00ed\u0161ka \u00a0 \u00a0 uznesenie \u010d.91\/2025 \u00a0 K\u00a0bodu 2. Vo\u013eba n\u00e1vrhovej komisie, overovate\u013ea z\u00e1pisnice a\u00a0zapisovate\u013ea \u00a0\u2026","rel":"","context":"V &quot;Uznesenia&quot;","block_context":{"text":"Uznesenia","link":"https:\/\/www.hornamicina.eu\/web\/category\/uznesenia\/"},"img":{"alt_text":"Logo obce a dokumenty","src":"https:\/\/i0.wp.com\/www.hornamicina.eu\/web\/wp-content\/uploads\/2017\/07\/uznesenia.jpg?fit=530%2C530&ssl=1&resize=350%2C200","width":350,"height":200,"srcset":"https:\/\/i0.wp.com\/www.hornamicina.eu\/web\/wp-content\/uploads\/2017\/07\/uznesenia.jpg?fit=530%2C530&ssl=1&resize=350%2C200 1x, https:\/\/i0.wp.com\/www.hornamicina.eu\/web\/wp-content\/uploads\/2017\/07\/uznesenia.jpg?fit=530%2C530&ssl=1&resize=525%2C300 1.5x"},"classes":[]}],"jetpack_likes_enabled":true,"_links":{"self":[{"href":"https:\/\/www.hornamicina.eu\/web\/wp-json\/wp\/v2\/posts\/5639","targetHints":{"allow":["GET"]}}],"collection":[{"href":"https:\/\/www.hornamicina.eu\/web\/wp-json\/wp\/v2\/posts"}],"about":[{"href":"https:\/\/www.hornamicina.eu\/web\/wp-json\/wp\/v2\/types\/post"}],"author":[{"embeddable":true,"href":"https:\/\/www.hornamicina.eu\/web\/wp-json\/wp\/v2\/users\/1"}],"replies":[{"embeddable":true,"href":"https:\/\/www.hornamicina.eu\/web\/wp-json\/wp\/v2\/comments?post=5639"}],"version-history":[{"count":1,"href":"https:\/\/www.hornamicina.eu\/web\/wp-json\/wp\/v2\/posts\/5639\/revisions"}],"predecessor-version":[{"id":5640,"href":"https:\/\/www.hornamicina.eu\/web\/wp-json\/wp\/v2\/posts\/5639\/revisions\/5640"}],"wp:featuredmedia":[{"embeddable":true,"href":"https:\/\/www.hornamicina.eu\/web\/wp-json\/wp\/v2\/media\/503"}],"wp:attachment":[{"href":"https:\/\/www.hornamicina.eu\/web\/wp-json\/wp\/v2\/media?parent=5639"}],"wp:term":[{"taxonomy":"category","embeddable":true,"href":"https:\/\/www.hornamicina.eu\/web\/wp-json\/wp\/v2\/categories?post=5639"},{"taxonomy":"post_tag","embeddable":true,"href":"https:\/\/www.hornamicina.eu\/web\/wp-json\/wp\/v2\/tags?post=5639"}],"curies":[{"name":"wp","href":"https:\/\/api.w.org\/{rel}","templated":true}]}}