{"id":5635,"date":"2026-01-14T12:15:58","date_gmt":"2026-01-14T11:15:58","guid":{"rendered":"https:\/\/www.hornamicina.eu\/web\/?p=5635"},"modified":"2026-01-15T12:18:28","modified_gmt":"2026-01-15T11:18:28","slug":"pozvanka-na-mimoriadne-zastupitelstvo-obce-hm-17-1-2026","status":"publish","type":"post","link":"https:\/\/www.hornamicina.eu\/web\/pozvanka-na-mimoriadne-zastupitelstvo-obce-hm-17-1-2026\/","title":{"rendered":"Pozv\u00e1nka na mimoriadne zastupite\u013estvo obce HM-17.1.2026"},"content":{"rendered":"<h2 class=\"s8\" style=\"text-align: center;\"><strong><span class=\"s10\">POZV\u00c1NKA<\/span><\/strong><\/h2>\n<p class=\"s12\" style=\"text-align: center;\"><span class=\"s11\">Pod\u013ea \u00a7 13 ods.4 <\/span><span class=\"s11\">p\u00edsm.a<\/span><span class=\"s11\">) z\u00e1kona \u010d.369\/1990 o\u00a0obecnom zriaden\u00ed v\u00a0znen\u00ed neskor\u0161\u00edch predpisov zvol\u00e1vam<\/span><span class=\"s11\">mimoriadne <\/span><span class=\"s11\">zasadnutie <\/span><span class=\"s11\">obecn\u00e9ho<\/span><span class=\"s11\"> zastupite\u013estva v\u00a0Horne<\/span><span class=\"s11\">j Mi\u010dinej,<\/span> <span class=\"s11\">ktor\u00e9 sa uskuto\u010dn\u00ed <\/span><\/p>\n<blockquote>\n<p class=\"s12\" style=\"text-align: center;\"><strong><span class=\"s11\">d\u0148a <\/span><span class=\"s11\">1<\/span><span class=\"s11\">7<\/span><span class=\"s11\">.<\/span><span class=\"s11\">1<\/span><span class=\"s11\">.202<\/span><span class=\"s11\">6<\/span> <span class=\"s11\">o\u00a01<\/span><span class=\"s11\">7<\/span><span class=\"s11\">:00<\/span> <span class=\"s11\">hod.<\/span><\/strong><\/p>\n<p class=\"s12\" style=\"text-align: center;\"><strong><span class=\"s11\">v<\/span><span class=\"s11\">\u00a0dennom centre<\/span><span class=\"s11\"> obecn\u00e9ho \u00faradu.<\/span><\/strong><\/p>\n<\/blockquote>\n<p class=\"s8\"><span class=\"s13\"><span class=\"bumpedFont15\">\u00a0 \u00a0 \u00a0 \u00a0 \u00a0 \u00a0 \u00a0 \u00a0 \u00a0 \u00a0 \u00a0 \u00a0 \u00a0 \u00a0 \u00a0 \u00a0 \u00a0 \u00a0 \u00a0 \u00a0 \u00a0 \u00a0 \u00a0 \u00a0 \u00a0 <\/span><\/span><\/p>\n<p class=\"s8\"><span class=\"s9\"><span class=\"bumpedFont15\"><strong>PROGRAM<\/strong>:<\/span><\/span><\/p>\n<div class=\"s15\">1. <span class=\"s14\"><span class=\"bumpedFont17\">Otvorenie OZ<\/span><\/span><\/div>\n<div class=\"s16\">2. <span class=\"s14\"><span class=\"bumpedFont17\">Vo\u013eba n\u00e1vrhovej komisie, overovate\u013ea z\u00e1pisnice a<\/span><\/span><span class=\"s14\"><span class=\"bumpedFont17\">\u00a0<\/span><\/span><span class=\"s14\"><span class=\"bumpedFont17\">zapisovate\u013ea<\/span><\/span><\/div>\n<div class=\"s16\">3. <span class=\"s14\"><span class=\"bumpedFont17\">Program<\/span><\/span> <span class=\"s14\"><span class=\"bumpedFont17\">obecn\u00e9ho zastupite\u013estv<\/span><\/span><span class=\"s14\"><span class=\"bumpedFont17\">a<\/span><\/span><\/div>\n<div class=\"s16\">4. <span class=\"s14\"><span class=\"bumpedFont17\">S\u00fahlas so zaraden\u00edm do \u010dlenstva a\u00a0\u00fazemia verejno-s\u00fakromn\u00e9ho partnerstva OZ- Miestna ak\u010dn\u00e1 skupina Bansk\u00e1 Bystrica a\u00a0okolie o\u00a0udelenie \u0161tat\u00fatu MAS<\/span><\/span><\/div>\n<div class=\"s16\">5. <span class=\"s14\"><span class=\"bumpedFont17\">R\u00f4zne<\/span><\/span><\/div>\n<div class=\"s16\">6. <span class=\"s14\"><span class=\"bumpedFont17\">Z\u00e1ver<\/span><\/span><\/div>\n<div><\/div>\n<div><\/div>\n<div class=\"s16\"><span class=\"s11\">Zverejnen\u00e9 na \u00faradnej tabuli obce d\u0148a: \u00a0 <\/span><span class=\"s11\">1<\/span><span class=\"s11\">4<\/span><span class=\"s11\">.<\/span><span class=\"s11\">1<\/span><span class=\"s11\">.202<\/span><span class=\"s11\">6<\/span><\/div>\n<div class=\"s16\"><span class=\"s11\">Zverejnen\u00e9 na web str\u00e1nke obce \u00a0 d\u0148a: \u00a0 \u00a01<\/span><span class=\"s11\">4<\/span><span class=\"s11\">.1.202<\/span><span class=\"s11\">6<\/span><span class=\"s11\"> \u00a0 \u00a0 \u00a0 \u00a0 \u00a0 \u00a0 \u00a0 \u00a0 \u00a0 \u00a0 \u00a0 \u00a0 \u00a0 \u00a0 \u00a0 \u00a0<\/span><span class=\"s11\"> \u00a0<\/span><span class=\"s11\">\u00a0 \u00a0 \u00a0 \u00a0<\/span><\/div>\n","protected":false},"excerpt":{"rendered":"POZV\u00c1NKA Pod\u013ea \u00a7 13 ods.4 p\u00edsm.a) z\u00e1kona \u010d.369\/1990 o\u00a0obecnom zriaden\u00ed v\u00a0znen\u00ed neskor\u0161\u00edch predpisov [&hellip;]","protected":false},"author":1,"featured_media":503,"comment_status":"closed","ping_status":"open","sticky":false,"template":"","format":"standard","meta":{"advanced_seo_description":"","jetpack_seo_html_title":"","jetpack_seo_noindex":false,"_jetpack_memberships_contains_paid_content":false,"footnotes":""},"categories":[5,8,30],"tags":[],"class_list":["post-5635","post","type-post","status-publish","format-standard","has-post-thumbnail","hentry","category-dolezite","category-oznamy","category-zastupitelstvo"],"jetpack_featured_media_url":"https:\/\/i0.wp.com\/www.hornamicina.eu\/web\/wp-content\/uploads\/2017\/07\/zastupitelstvo.jpg?fit=530%2C375&ssl=1","jetpack_sharing_enabled":true,"jetpack_shortlink":"https:\/\/wp.me\/p8RsFw-1sT","jetpack-related-posts":[{"id":5677,"url":"https:\/\/www.hornamicina.eu\/web\/pozvanka-na-zasadnutie-oz-v-hornej-micinej-10-3-2026\/","url_meta":{"origin":5635,"position":0},"title":"Pozv\u00e1nka na zasadnutie OZ v Hornej Mi\u010dinej &#8211; 10.3.2026","author":"admin","date":"6. marca 2026","format":false,"excerpt":"POZV\u00c1NKA Pod\u013ea \u00a7 13 ods.4 p\u00edsm.a) z\u00e1kona \u010d.369\/1990 o obecnom zriaden\u00ed v znen\u00ed neskor\u0161\u00edch predpisov zvol\u00e1vam zasadnutie obecn\u00e9ho zastupite\u013estva v Hornej Mi\u010dinej, ktor\u00e9 sa uskuto\u010dn\u00ed d\u0148a 10.3.2026 o 17:00 hod. v budove obecn\u00e9ho \u00faradu. PROGRAM: Otvorenie OZ Vo\u013eba n\u00e1vrhovej komisie, overovate\u013ea z\u00e1pisnice a zapisovate\u013ea Program obecn\u00e9ho zastupite\u013estva Spr\u00e1va HK obce\u2026","rel":"","context":"V &quot;Oznamy&quot;","block_context":{"text":"Oznamy","link":"https:\/\/www.hornamicina.eu\/web\/category\/oznamy\/"},"img":{"alt_text":"","src":"https:\/\/i0.wp.com\/www.hornamicina.eu\/web\/wp-content\/uploads\/2017\/07\/zastupitelstvo.jpg?fit=530%2C375&ssl=1&resize=350%2C200","width":350,"height":200,"srcset":"https:\/\/i0.wp.com\/www.hornamicina.eu\/web\/wp-content\/uploads\/2017\/07\/zastupitelstvo.jpg?fit=530%2C375&ssl=1&resize=350%2C200 1x, https:\/\/i0.wp.com\/www.hornamicina.eu\/web\/wp-content\/uploads\/2017\/07\/zastupitelstvo.jpg?fit=530%2C375&ssl=1&resize=525%2C300 1.5x"},"classes":[]},{"id":2189,"url":"https:\/\/www.hornamicina.eu\/web\/pozvanka-zas-2020-11\/","url_meta":{"origin":5635,"position":1},"title":"Pozv\u00e1nka na zasadnutie OZ Hornej Mi\u010dinej &#8211; november 2020","author":"admin","date":"9. novembra 2020","format":false,"excerpt":"D\u0148a 13.11.2020\/piatok\/\u00a0 o 18:00 hod. sa uskuto\u010dn\u00ed zasadnutie obecn\u00e9ho zastupite\u013estva Hornej Mi\u010dinej v zasada\u010dke obecn\u00e9ho \u00faradu. Mo\u017en\u00e1 \u00fa\u010das\u0165 ob\u010danov len s platn\u00fdm certifik\u00e1tom alebo PCR testom a za dodr\u017eania pr\u00edsnych protiepidemiologick\u00fdch opatren\u00ed. Program: Otvorenie Program obecn\u00e9ho zastupite\u013estva Vo\u013eba n\u00e1vrhovej komisie, overovate\u013eov z\u00e1pisnice a\u00a0zapisovate\u013ea Spr\u00e1va hlavnej kontrol\u00f3rky o\u00a0v\u00fdsledkoch kontrolnej \u010dinnosti R\u00f4zne\u2026","rel":"","context":"V &quot;Zastupite\u013estvo&quot;","block_context":{"text":"Zastupite\u013estvo","link":"https:\/\/www.hornamicina.eu\/web\/category\/zastupitelstvo\/"},"img":{"alt_text":"","src":"https:\/\/i0.wp.com\/www.hornamicina.eu\/web\/wp-content\/uploads\/2017\/07\/zastupitelstvo.jpg?fit=530%2C375&ssl=1&resize=350%2C200","width":350,"height":200,"srcset":"https:\/\/i0.wp.com\/www.hornamicina.eu\/web\/wp-content\/uploads\/2017\/07\/zastupitelstvo.jpg?fit=530%2C375&ssl=1&resize=350%2C200 1x, https:\/\/i0.wp.com\/www.hornamicina.eu\/web\/wp-content\/uploads\/2017\/07\/zastupitelstvo.jpg?fit=530%2C375&ssl=1&resize=525%2C300 1.5x"},"classes":[]},{"id":1607,"url":"https:\/\/www.hornamicina.eu\/web\/pozvanka-zas-2019-10-21\/","url_meta":{"origin":5635,"position":2},"title":"Pozv\u00e1nka na zasadnutie OZ Hornej Mi\u010dinej","author":"admin","date":"21. okt\u00f3bra 2019","format":false,"excerpt":"D\u0148a 21.10.2019 \/pondelok\/\u00a0 o 19:00 hod. sa uskuto\u010dn\u00ed zasadnutie obecn\u00e9ho zastupite\u013estva Hornej Mi\u010dinej v zasada\u010dke obecn\u00e9ho \u00faradu. \u00a0 Program: Otvorenie Program obecn\u00e9ho zastupite\u013estva Vo\u013eba n\u00e1vrhovej komisie, overovate\u013eov z\u00e1pisnice a zapisovate\u013ea Prejednanie pon\u00fak na zimn\u00fa \u00fadr\u017ebu Prejednanie \u017eiadost\u00ed o dot\u00e1cie z obecn\u00e9ho rozpo\u010dtu na rok 2020 Smernica \u010d. 1\/2019 o postupe\u2026","rel":"","context":"V &quot;Oznamy&quot;","block_context":{"text":"Oznamy","link":"https:\/\/www.hornamicina.eu\/web\/category\/oznamy\/"},"img":{"alt_text":"","src":"https:\/\/i0.wp.com\/www.hornamicina.eu\/web\/wp-content\/uploads\/2017\/07\/zastupitelstvo.jpg?fit=530%2C375&ssl=1&resize=350%2C200","width":350,"height":200,"srcset":"https:\/\/i0.wp.com\/www.hornamicina.eu\/web\/wp-content\/uploads\/2017\/07\/zastupitelstvo.jpg?fit=530%2C375&ssl=1&resize=350%2C200 1x, https:\/\/i0.wp.com\/www.hornamicina.eu\/web\/wp-content\/uploads\/2017\/07\/zastupitelstvo.jpg?fit=530%2C375&ssl=1&resize=525%2C300 1.5x"},"classes":[]},{"id":755,"url":"https:\/\/www.hornamicina.eu\/web\/pozvanka-zas-2-2018\/","url_meta":{"origin":5635,"position":3},"title":"Pozv\u00e1nka na zasadnutie OZ Hornej Mi\u010dinej","author":"admin","date":"22. febru\u00e1ra 2018","format":false,"excerpt":"D\u0148a 26. 2. 2018 \/pondelok\/\u00a0 o 19:00 hod. sa uskuto\u010dn\u00ed rokovanie obecn\u00e9ho zastupite\u013estva v zasada\u010dke obecn\u00e9ho \u00faradu. Pozv\u00e1nka a program zasadnutia \u00a0","rel":"","context":"V &quot;Oznamy&quot;","block_context":{"text":"Oznamy","link":"https:\/\/www.hornamicina.eu\/web\/category\/oznamy\/"},"img":{"alt_text":"","src":"https:\/\/i0.wp.com\/www.hornamicina.eu\/web\/wp-content\/uploads\/2017\/07\/zastupitelstvo.jpg?fit=530%2C375&ssl=1&resize=350%2C200","width":350,"height":200,"srcset":"https:\/\/i0.wp.com\/www.hornamicina.eu\/web\/wp-content\/uploads\/2017\/07\/zastupitelstvo.jpg?fit=530%2C375&ssl=1&resize=350%2C200 1x, https:\/\/i0.wp.com\/www.hornamicina.eu\/web\/wp-content\/uploads\/2017\/07\/zastupitelstvo.jpg?fit=530%2C375&ssl=1&resize=525%2C300 1.5x"},"classes":[]},{"id":766,"url":"https:\/\/www.hornamicina.eu\/web\/pozvanka-zas-2018-03\/","url_meta":{"origin":5635,"position":4},"title":"Pozv\u00e1nka na zasadnutie OZ Hornej Mi\u010dinej","author":"admin","date":"9. marca 2018","format":false,"excerpt":"D\u0148a 13. 3. 2018 \/pondelok\/\u00a0 o 19:00 hod. sa uskuto\u010dn\u00ed rokovanie obecn\u00e9ho zastupite\u013estva v zasada\u010dke obecn\u00e9ho \u00faradu. Pozv\u00e1nka a program zasadnutia","rel":"","context":"V &quot;Oznamy&quot;","block_context":{"text":"Oznamy","link":"https:\/\/www.hornamicina.eu\/web\/category\/oznamy\/"},"img":{"alt_text":"","src":"https:\/\/i0.wp.com\/www.hornamicina.eu\/web\/wp-content\/uploads\/2017\/07\/zastupitelstvo.jpg?fit=530%2C375&ssl=1&resize=350%2C200","width":350,"height":200,"srcset":"https:\/\/i0.wp.com\/www.hornamicina.eu\/web\/wp-content\/uploads\/2017\/07\/zastupitelstvo.jpg?fit=530%2C375&ssl=1&resize=350%2C200 1x, https:\/\/i0.wp.com\/www.hornamicina.eu\/web\/wp-content\/uploads\/2017\/07\/zastupitelstvo.jpg?fit=530%2C375&ssl=1&resize=525%2C300 1.5x"},"classes":[]},{"id":840,"url":"https:\/\/www.hornamicina.eu\/web\/pozvanka-zas-2018-06-05\/","url_meta":{"origin":5635,"position":5},"title":"Pozv\u00e1nka na zasadnutie OZ Hornej Mi\u010dinej","author":"admin","date":"30. m\u00e1ja 2018","format":false,"excerpt":"D\u0148a 5.6. 2018 \/utorok\/\u00a0 o 19:00 hod. sa uskuto\u010dn\u00ed rokovanie obecn\u00e9ho zastupite\u013estva v zasada\u010dke obecn\u00e9ho \u00faradu. Pozv\u00e1nka a program","rel":"","context":"V &quot;Oznamy&quot;","block_context":{"text":"Oznamy","link":"https:\/\/www.hornamicina.eu\/web\/category\/oznamy\/"},"img":{"alt_text":"","src":"https:\/\/i0.wp.com\/www.hornamicina.eu\/web\/wp-content\/uploads\/2017\/07\/zastupitelstvo.jpg?fit=530%2C375&ssl=1&resize=350%2C200","width":350,"height":200,"srcset":"https:\/\/i0.wp.com\/www.hornamicina.eu\/web\/wp-content\/uploads\/2017\/07\/zastupitelstvo.jpg?fit=530%2C375&ssl=1&resize=350%2C200 1x, https:\/\/i0.wp.com\/www.hornamicina.eu\/web\/wp-content\/uploads\/2017\/07\/zastupitelstvo.jpg?fit=530%2C375&ssl=1&resize=525%2C300 1.5x"},"classes":[]}],"jetpack_likes_enabled":true,"_links":{"self":[{"href":"https:\/\/www.hornamicina.eu\/web\/wp-json\/wp\/v2\/posts\/5635","targetHints":{"allow":["GET"]}}],"collection":[{"href":"https:\/\/www.hornamicina.eu\/web\/wp-json\/wp\/v2\/posts"}],"about":[{"href":"https:\/\/www.hornamicina.eu\/web\/wp-json\/wp\/v2\/types\/post"}],"author":[{"embeddable":true,"href":"https:\/\/www.hornamicina.eu\/web\/wp-json\/wp\/v2\/users\/1"}],"replies":[{"embeddable":true,"href":"https:\/\/www.hornamicina.eu\/web\/wp-json\/wp\/v2\/comments?post=5635"}],"version-history":[{"count":2,"href":"https:\/\/www.hornamicina.eu\/web\/wp-json\/wp\/v2\/posts\/5635\/revisions"}],"predecessor-version":[{"id":5637,"href":"https:\/\/www.hornamicina.eu\/web\/wp-json\/wp\/v2\/posts\/5635\/revisions\/5637"}],"wp:featuredmedia":[{"embeddable":true,"href":"https:\/\/www.hornamicina.eu\/web\/wp-json\/wp\/v2\/media\/503"}],"wp:attachment":[{"href":"https:\/\/www.hornamicina.eu\/web\/wp-json\/wp\/v2\/media?parent=5635"}],"wp:term":[{"taxonomy":"category","embeddable":true,"href":"https:\/\/www.hornamicina.eu\/web\/wp-json\/wp\/v2\/categories?post=5635"},{"taxonomy":"post_tag","embeddable":true,"href":"https:\/\/www.hornamicina.eu\/web\/wp-json\/wp\/v2\/tags?post=5635"}],"curies":[{"name":"wp","href":"https:\/\/api.w.org\/{rel}","templated":true}]}}