{"id":5617,"date":"2025-11-25T16:54:41","date_gmt":"2025-11-25T15:54:41","guid":{"rendered":"https:\/\/www.hornamicina.eu\/web\/?p=5617"},"modified":"2025-12-17T16:55:26","modified_gmt":"2025-12-17T15:55:26","slug":"zverejnenie-zameru-o-uzatvorenie-zmluvy-o-zriadeni-vecneho-bremena-pre-ssd-a-s","status":"publish","type":"post","link":"https:\/\/www.hornamicina.eu\/web\/zverejnenie-zameru-o-uzatvorenie-zmluvy-o-zriadeni-vecneho-bremena-pre-ssd-a-s\/","title":{"rendered":"Zverejnenie z\u00e1meru o uzatvorenie zmluvy o zriaden\u00ed vecn\u00e9ho bremena pre SSD, a.s."},"content":{"rendered":"<p style=\"text-align: center;\"><strong><u>Obec Horn\u00e1 Mi\u010din\u00e1 zverej\u0148uje z\u00e1mer o uzatvorenie zmluvy o zriaden\u00ed vecn\u00e9ho bremena pre Stredoslovensk\u00fa distribu\u010dn\u00fa a.s. na ulo\u017eenie in\u017einierskych siet\u00ed a k nim prisl\u00fachaj\u00facim ochrann\u00fdm p\u00e1smam za \u00fa\u010delom prev\u00e1dzky,\u00fadr\u017eby a rekon\u0161trukcie VN a N<\/u><\/strong><\/p>\n<p>&nbsp;<\/p>\n<p>Z\u00e1mer o uzatvorenie zmluvy o zriaden\u00ed vecn\u00e9ho bremena v prospech Stredoslovenskej distribu\u010dnej a.s. ako opr\u00e1vnen\u00e9ho z vecn\u00e9ho bremena spo\u010d\u00edvaj\u00face v pr\u00e1ve umiestnenia a ulo\u017eenia in\u017einierskych siet\u00ed Vn a NN a k nim prisl\u00fachaj\u00facim ochrann\u00fdm p\u00e1smam v zmysle platn\u00fdch pr\u00e1vnych predpisov za \u00fa\u010delom prev\u00e1dzky,\u00fadr\u017eby a rekon\u0161trukcie so vstupom v ktoromko\u013evek \u010dase a ro\u010dnom obdob\u00ed mechanizmami ako aj opr\u00e1vnen\u00fdmi pracovn\u00edmi stredoslovenskej distribu\u010dnej a.s.,na \u010dasti pozemku parc.\u010d. KN-E 225\/3,veden\u00e1 ako ostatn\u00e1 plocha o v\u00fdmere 78 m2 v rozsahu dielu \u010d.2 o v\u00fdmere 29 m2,parc. KN-E \u010d.225\/4,veden\u00e1 ako ostatn\u00e1 plocha o v\u00fdmere 12 096 m2 v rozsahu dielu \u010d.3 o v\u00fdmere 20 m2,parc.KN-E \u010d.225\/5,veden\u00e1 ako ostatn\u00e1 plocha o v\u00fdmere 806 m2 v rozsahu dielu \u010d.4 o v\u00fdmere 129 m2 a KN-C \u010d.343\/8,veden\u00e1 ako zast.plocha a n\u00e1dv. o v\u00fdmere 2 m2 v rozsahu dielu \u010d.6 o v\u00fdmere 2 m2,vymedzen\u00fdm geometr.pl\u00e1nom \u010d.37056565-25\/2025 vypracovan\u00fdm Ing.Be\u00e1ta Smolkov\u00e1 Geodetick\u00e9 pr\u00e1ce d\u0148a 21.3.2025 a \u00faradne overen\u00fdm Okresn\u00fdm \u00faradom Bansk\u00e1 Bystrica,katastr\u00e1lnym odborom d\u0148a 4.4.2025 pod \u010d.G1-277\/2025<\/p>\n<p>Predmetn\u00e9 pozemky s\u00fa dotknut\u00e9 realiz\u00e1ciou stavby ,,12223 Horn\u00e1 Mi\u010din\u00e1-Centrum-Rekon\u0161trukcia 317 tshor.micina obec.1 a NNS\u201c<\/p>\n<p>Pozemky s\u00fa veden\u00e9 na LV \u010d.417 v prospech vlastn\u00edka obec Horn\u00e1 Mi\u010din\u00e1 v podiele 1\/1<\/p>\n<p>Op\u00edsan\u00e9 vecn\u00e9 bremeno sa zria\u010fuje na dobu neur\u010dit\u00fa a bezodplatne<\/p>\n<p>&nbsp;<\/p>\n<p>&nbsp;<\/p>\n<p>Ivan Len\u00e1r \u2013 starosta obce v.r.<\/p>\n<p>&nbsp;<\/p>\n","protected":false},"excerpt":{"rendered":"Obec Horn\u00e1 Mi\u010din\u00e1 zverej\u0148uje z\u00e1mer o uzatvorenie zmluvy o zriaden\u00ed vecn\u00e9ho bremena pre [&hellip;]","protected":false},"author":1,"featured_media":390,"comment_status":"closed","ping_status":"open","sticky":false,"template":"","format":"standard","meta":{"advanced_seo_description":"","jetpack_seo_html_title":"","jetpack_seo_noindex":false,"_jetpack_memberships_contains_paid_content":false,"footnotes":""},"categories":[5,8],"tags":[],"class_list":["post-5617","post","type-post","status-publish","format-standard","has-post-thumbnail","hentry","category-dolezite","category-oznamy"],"jetpack_featured_media_url":"https:\/\/i0.wp.com\/www.hornamicina.eu\/web\/wp-content\/uploads\/2017\/07\/uznesenia.jpg?fit=530%2C530&ssl=1","jetpack_sharing_enabled":true,"jetpack_shortlink":"https:\/\/wp.me\/p8RsFw-1sB","jetpack-related-posts":[{"id":5574,"url":"https:\/\/www.hornamicina.eu\/web\/pozvanka-na-zasadnutie-oz-v-hornej-micinej-11-2025\/","url_meta":{"origin":5617,"position":0},"title":"Pozv\u00e1nka na zasadnutie OZ v Hornej Mi\u010dinej &#8211; 11\/2025","author":"admin","date":"14. novembra 2025","format":false,"excerpt":"Pod\u013ea \u00a7 13 ods.4 p\u00edsm.a) z\u00e1kona \u010d.369\/1990 o obecnom zriaden\u00ed v znen\u00ed neskor\u0161\u00edch predpisov zvol\u00e1vam zasadnutie obecn\u00e9ho zastupite\u013estva v Hornej Mi\u010dinej, ktor\u00e9 sa uskuto\u010dn\u00ed d\u0148a: 19.11.2025 o 16:00 hod. v s\u00e1le obecn\u00e9ho \u00faradu . PROGRAM: Otvorenie OZ Vo\u013eba n\u00e1vrhovej komisie, overovate\u013ea z\u00e1pisnice a zapisovate\u013ea Program obecn\u00e9ho zastupite\u013estva Inform\u00e1cia o stave\u2026","rel":"","context":"V &quot;Zastupite\u013estvo&quot;","block_context":{"text":"Zastupite\u013estvo","link":"https:\/\/www.hornamicina.eu\/web\/category\/zastupitelstvo\/"},"img":{"alt_text":"Logo obce a dokumenty","src":"https:\/\/i0.wp.com\/www.hornamicina.eu\/web\/wp-content\/uploads\/2017\/07\/uznesenia.jpg?fit=530%2C530&ssl=1&resize=350%2C200","width":350,"height":200,"srcset":"https:\/\/i0.wp.com\/www.hornamicina.eu\/web\/wp-content\/uploads\/2017\/07\/uznesenia.jpg?fit=530%2C530&ssl=1&resize=350%2C200 1x, https:\/\/i0.wp.com\/www.hornamicina.eu\/web\/wp-content\/uploads\/2017\/07\/uznesenia.jpg?fit=530%2C530&ssl=1&resize=525%2C300 1.5x"},"classes":[]},{"id":5605,"url":"https:\/\/www.hornamicina.eu\/web\/uznesenia-zo-dna-19-11-2025\/","url_meta":{"origin":5617,"position":1},"title":"Uznesenia zo d\u0148a 19.11.2025","author":"admin","date":"1. decembra 2025","format":false,"excerpt":"UZNESENIA zo zasadnutia obecn\u00e9ho zastupite\u013estva (\u010falej len OZ) obce Horn\u00e1 Mi\u010din\u00e1 konan\u00e9ho d\u0148a 19.11.2025 v\u00a0budove obecn\u00e9ho \u00faradu Horn\u00e1 Mi\u010din\u00e1 o\u00a016 :00 hod. PR\u00cdTOMN\u00cd POSLANCI:\u00a0\u00a0 Michal Karkal\u00edk,\u00a0 \u013dubom\u00edr \u010cerh\u00fd\u0148 ,Janka Baranov\u00e1 ,Teodor Bachleda, Tibor Pip\u00ed\u0161ka \u00a0 uznesenie \u010d.106\/2025\u00a0\u00a0\u00a0 z 19.11.2025 K\u00a0bodu 2. Vo\u013eba n\u00e1vrhovej komisie, overovate\u013ea z\u00e1pisnice a\u00a0zapisovate\u013ea \u00a0 OZ obce\u2026","rel":"","context":"V &quot;Uznesenia&quot;","block_context":{"text":"Uznesenia","link":"https:\/\/www.hornamicina.eu\/web\/category\/uznesenia\/"},"img":{"alt_text":"","src":"https:\/\/i0.wp.com\/www.hornamicina.eu\/web\/wp-content\/uploads\/2017\/07\/zastupitelstvo.jpg?fit=530%2C375&ssl=1&resize=350%2C200","width":350,"height":200,"srcset":"https:\/\/i0.wp.com\/www.hornamicina.eu\/web\/wp-content\/uploads\/2017\/07\/zastupitelstvo.jpg?fit=530%2C375&ssl=1&resize=350%2C200 1x, https:\/\/i0.wp.com\/www.hornamicina.eu\/web\/wp-content\/uploads\/2017\/07\/zastupitelstvo.jpg?fit=530%2C375&ssl=1&resize=525%2C300 1.5x"},"classes":[]},{"id":5609,"url":"https:\/\/www.hornamicina.eu\/web\/zapisnica-zo-zasadnutia-oz-obce-horna-micina-zo-dna-19-11-2025\/","url_meta":{"origin":5617,"position":2},"title":"Z\u00e1pisnica zo zasadnutia OZ obce Horn\u00e1 Mi\u010dina zo d\u0148a 19.11.2025","author":"admin","date":"1. decembra 2025","format":false,"excerpt":"Z\u00c1PISNICA zo zasadnutia obecn\u00e9ho zastupite\u013estva (\u010falej len OZ) obce Horn\u00e1 Mi\u010din\u00e1 konan\u00e9ho d\u0148a 19.11.2025 v budove obecn\u00e9ho \u00faradu Horn\u00e1 Mi\u010din\u00e1 o 16:00 hod. \u00a0 k bodu 1: \u00a0 PR\u00cdTOMN\u00cd: Starosta obce: Ivan Len\u00e1r Poslanci OZ: pod\u013ea prilo\u017eenej prezen\u010dnej listiny Ob\u010dania obce a prizvan\u00ed: pod\u013ea prilo\u017eenej prezen\u010dnej listiny \u00a0 Zasadnutie obecn\u00e9ho\u2026","rel":"","context":"V &quot;Uznesenia&quot;","block_context":{"text":"Uznesenia","link":"https:\/\/www.hornamicina.eu\/web\/category\/uznesenia\/"},"img":{"alt_text":"Logo obce a dokumenty","src":"https:\/\/i0.wp.com\/www.hornamicina.eu\/web\/wp-content\/uploads\/2017\/07\/uznesenia.jpg?fit=530%2C530&ssl=1&resize=350%2C200","width":350,"height":200,"srcset":"https:\/\/i0.wp.com\/www.hornamicina.eu\/web\/wp-content\/uploads\/2017\/07\/uznesenia.jpg?fit=530%2C530&ssl=1&resize=350%2C200 1x, https:\/\/i0.wp.com\/www.hornamicina.eu\/web\/wp-content\/uploads\/2017\/07\/uznesenia.jpg?fit=530%2C530&ssl=1&resize=525%2C300 1.5x"},"classes":[]},{"id":4287,"url":"https:\/\/www.hornamicina.eu\/web\/pozvanka-na-zasadnutie-oz-v-hornej-micinej-17-6-2024\/","url_meta":{"origin":5617,"position":3},"title":"Pozv\u00e1nka na zasadnutie oz v Hornej Mi\u010dinej &#8211; 17.6.2024","author":"admin","date":"12. j\u00fana 2024","format":false,"excerpt":"POZV\u00c1NKA Pod\u013ea \u00a7 13 ods.4 p\u00edsm.a) z\u00e1kona \u010d.369\/1990 o\u00a0obecnom zriaden\u00ed v\u00a0znen\u00ed neskor\u0161\u00edch predpisov zvol\u00e1vam \u00a0zasadnutie \u00a0obecn\u00e9ho zastupite\u013estva v\u00a0Hornej Mi\u010dinej, ktor\u00e9 sa uskuto\u010dn\u00ed d\u0148a 17.6.2024 o\u00a018:00hod. v\u00a0budove obecn\u00e9ho \u00faradu ( s\u00e1la ).\u00a0\u00a0\u00a0\u00a0\u00a0\u00a0\u00a0\u00a0\u00a0\u00a0\u00a0\u00a0\u00a0\u00a0\u00a0\u00a0\u00a0\u00a0\u00a0\u00a0\u00a0\u00a0\u00a0\u00a0\u00a0\u00a0\u00a0\u00a0\u00a0 PROGRAM: Otvorenie OZ Program obecn\u00e9ho zastupite\u013estva Vo\u013eba n\u00e1vrhovej komisie, overovate\u013ea z\u00e1pisnice a\u00a0zapisovate\u013ea Z\u00e1vere\u010dn\u00fd \u00fa\u010det obce,celoro\u010dn\u00e9 hospod\u00e1renie a\u00a0tvorba rezervn\u00e9ho fondu\u2026","rel":"","context":"V &quot;D\u00f4le\u017eit\u00e9&quot;","block_context":{"text":"D\u00f4le\u017eit\u00e9","link":"https:\/\/www.hornamicina.eu\/web\/category\/dolezite\/"},"img":{"alt_text":"","src":"https:\/\/i0.wp.com\/www.hornamicina.eu\/web\/wp-content\/uploads\/2017\/07\/zastupitelstvo.jpg?fit=530%2C375&ssl=1&resize=350%2C200","width":350,"height":200,"srcset":"https:\/\/i0.wp.com\/www.hornamicina.eu\/web\/wp-content\/uploads\/2017\/07\/zastupitelstvo.jpg?fit=530%2C375&ssl=1&resize=350%2C200 1x, https:\/\/i0.wp.com\/www.hornamicina.eu\/web\/wp-content\/uploads\/2017\/07\/zastupitelstvo.jpg?fit=530%2C375&ssl=1&resize=525%2C300 1.5x"},"classes":[]},{"id":4310,"url":"https:\/\/www.hornamicina.eu\/web\/zapisnica-zo-zasadnutia-oz-horna-micina-17-6-2024\/","url_meta":{"origin":5617,"position":4},"title":"Z\u00e1pisnica zo zasadnutia OZ Horn\u00e1 Mi\u010din\u00e1 &#8211; 17.6.2024","author":"admin","date":"21. j\u00fana 2024","format":false,"excerpt":"Z\u00c1PISNICA zo zasadnutia obecn\u00e9ho zastupite\u013estva (\u010falej len OZ) obce\u00a0Horn\u00e1 Mi\u010din\u00e1 konan\u00e9ho d\u0148a 17.6.2024 v budove obecn\u00e9ho \u00faradu Horn\u00e1 Mi\u010din\u00e1 o 18.00 hod. PR\u00cdTOMN\u00cd: Starosta obce:\u00a0\u00a0\u00a0\u00a0\u00a0\u00a0\u00a0\u00a0\u00a0\u00a0\u00a0\u00a0\u00a0\u00a0\u00a0\u00a0\u00a0\u00a0\u00a0\u00a0\u00a0\u00a0\u00a0\u00a0\u00a0\u00a0\u00a0\u00a0\u00a0 Ivan Len\u00e1r Poslanci OZ:\u00a0\u00a0\u00a0\u00a0\u00a0\u00a0\u00a0\u00a0\u00a0\u00a0\u00a0\u00a0\u00a0\u00a0\u00a0\u00a0\u00a0\u00a0\u00a0\u00a0\u00a0\u00a0\u00a0\u00a0\u00a0\u00a0\u00a0\u00a0\u00a0\u00a0\u00a0\u00a0 pod\u013ea prilo\u017eenej prezen\u010dnej listiny Ob\u010dania obce a\u00a0prizvan\u00ed:\u00a0\u00a0\u00a0\u00a0\u00a0\u00a0\u00a0\u00a0\u00a0\u00a0\u00a0\u00a0 pod\u013ea prilo\u017eenej prezen\u010dnej listiny \u00a0 Zasadnutie obecn\u00e9ho zastupite\u013estva otvoril a\u00a0viedol starosta obce Ivan Len\u00e1r.\u2026","rel":"","context":"V &quot;Oznamy&quot;","block_context":{"text":"Oznamy","link":"https:\/\/www.hornamicina.eu\/web\/category\/oznamy\/"},"img":{"alt_text":"","src":"https:\/\/i0.wp.com\/www.hornamicina.eu\/web\/wp-content\/uploads\/2017\/07\/zastupitelstvo.jpg?fit=530%2C375&ssl=1&resize=350%2C200","width":350,"height":200,"srcset":"https:\/\/i0.wp.com\/www.hornamicina.eu\/web\/wp-content\/uploads\/2017\/07\/zastupitelstvo.jpg?fit=530%2C375&ssl=1&resize=350%2C200 1x, https:\/\/i0.wp.com\/www.hornamicina.eu\/web\/wp-content\/uploads\/2017\/07\/zastupitelstvo.jpg?fit=530%2C375&ssl=1&resize=525%2C300 1.5x"},"classes":[]},{"id":4342,"url":"https:\/\/www.hornamicina.eu\/web\/uznesenia-zo-zasadnutia-oz-horna-micina-17-6-2024\/","url_meta":{"origin":5617,"position":5},"title":"Uznesenia zo zasadnutia OZ Horn\u00e1 Mi\u010din\u00e1 &#8211; 17.6.2024","author":"admin","date":"17. j\u00fana 2024","format":false,"excerpt":"UZNESENIA zo zasadnutia obecn\u00e9ho zastupite\u013estva (\u010falej len OZ) obce Horn\u00e1 Mi\u010din\u00e1 konan\u00e9ho d\u0148a 17.6.2024 v\u00a0budove obecn\u00e9ho \u00faradu Horn\u00e1 Mi\u010din\u00e1 o\u00a018.00 hod. \u00a0 PR\u00cdTOMN\u00cd POSLANCI: Teodor Bachleda, \u013dubom\u00edr \u010cerh\u00fd\u0148, Michal Karkal\u00edk, Tibor Pip\u00ed\u0161ka, Jana Baranov\u00e1 \u00a0 \u00a0 K\u00a0bodu 2. Program OZ OZ obce Horn\u00e1 Mi\u010din\u00e1 uznesen\u00edm \u010d.17\/2024\u00a0 zo 17.6.2024 \u00a0 schva\u013euje\u2026","rel":"","context":"V &quot;Uznesenia&quot;","block_context":{"text":"Uznesenia","link":"https:\/\/www.hornamicina.eu\/web\/category\/uznesenia\/"},"img":{"alt_text":"","src":"https:\/\/i0.wp.com\/www.hornamicina.eu\/web\/wp-content\/uploads\/2017\/07\/zastupitelstvo.jpg?fit=530%2C375&ssl=1&resize=350%2C200","width":350,"height":200,"srcset":"https:\/\/i0.wp.com\/www.hornamicina.eu\/web\/wp-content\/uploads\/2017\/07\/zastupitelstvo.jpg?fit=530%2C375&ssl=1&resize=350%2C200 1x, https:\/\/i0.wp.com\/www.hornamicina.eu\/web\/wp-content\/uploads\/2017\/07\/zastupitelstvo.jpg?fit=530%2C375&ssl=1&resize=525%2C300 1.5x"},"classes":[]}],"jetpack_likes_enabled":true,"_links":{"self":[{"href":"https:\/\/www.hornamicina.eu\/web\/wp-json\/wp\/v2\/posts\/5617","targetHints":{"allow":["GET"]}}],"collection":[{"href":"https:\/\/www.hornamicina.eu\/web\/wp-json\/wp\/v2\/posts"}],"about":[{"href":"https:\/\/www.hornamicina.eu\/web\/wp-json\/wp\/v2\/types\/post"}],"author":[{"embeddable":true,"href":"https:\/\/www.hornamicina.eu\/web\/wp-json\/wp\/v2\/users\/1"}],"replies":[{"embeddable":true,"href":"https:\/\/www.hornamicina.eu\/web\/wp-json\/wp\/v2\/comments?post=5617"}],"version-history":[{"count":2,"href":"https:\/\/www.hornamicina.eu\/web\/wp-json\/wp\/v2\/posts\/5617\/revisions"}],"predecessor-version":[{"id":5620,"href":"https:\/\/www.hornamicina.eu\/web\/wp-json\/wp\/v2\/posts\/5617\/revisions\/5620"}],"wp:featuredmedia":[{"embeddable":true,"href":"https:\/\/www.hornamicina.eu\/web\/wp-json\/wp\/v2\/media\/390"}],"wp:attachment":[{"href":"https:\/\/www.hornamicina.eu\/web\/wp-json\/wp\/v2\/media?parent=5617"}],"wp:term":[{"taxonomy":"category","embeddable":true,"href":"https:\/\/www.hornamicina.eu\/web\/wp-json\/wp\/v2\/categories?post=5617"},{"taxonomy":"post_tag","embeddable":true,"href":"https:\/\/www.hornamicina.eu\/web\/wp-json\/wp\/v2\/tags?post=5617"}],"curies":[{"name":"wp","href":"https:\/\/api.w.org\/{rel}","templated":true}]}}