{"id":5605,"date":"2025-12-01T16:58:45","date_gmt":"2025-12-01T15:58:45","guid":{"rendered":"https:\/\/www.hornamicina.eu\/web\/?p=5605"},"modified":"2025-12-05T07:26:53","modified_gmt":"2025-12-05T06:26:53","slug":"uznesenia-zo-dna-19-11-2025","status":"publish","type":"post","link":"https:\/\/www.hornamicina.eu\/web\/uznesenia-zo-dna-19-11-2025\/","title":{"rendered":"Uznesenia zo d\u0148a 19.11.2025"},"content":{"rendered":"<p style=\"text-align: center;\"><span style=\"font-size: 14pt;\"><strong>UZNESENIA <\/strong><\/span><\/p>\n<p style=\"text-align: center;\">zo zasadnutia obecn\u00e9ho zastupite\u013estva (\u010falej len OZ) obce Horn\u00e1 Mi\u010din\u00e1<\/p>\n<p style=\"text-align: center;\">konan\u00e9ho d\u0148a 19.11.2025 v\u00a0budove obecn\u00e9ho \u00faradu Horn\u00e1 Mi\u010din\u00e1 o\u00a016 :00 hod.<\/p>\n<p style=\"text-align: center;\">\n<p style=\"text-align: center;\">PR\u00cdTOMN\u00cd POSLANCI:\u00a0\u00a0 Michal Karkal\u00edk,\u00a0 \u013dubom\u00edr \u010cerh\u00fd\u0148 ,Janka Baranov\u00e1 ,Teodor Bachleda, Tibor Pip\u00ed\u0161ka<\/p>\n<p>&nbsp;<\/p>\n<p style=\"text-align: center;\"><span style=\"font-size: 12pt;\">uznesenie \u010d.106\/2025\u00a0\u00a0\u00a0 z 19.11.2025<\/span><\/p>\n<p style=\"text-align: center;\">\n<p><strong><u>K\u00a0bodu 2. Vo\u013eba n\u00e1vrhovej komisie, overovate\u013ea z\u00e1pisnice a\u00a0zapisovate\u013ea<\/u><\/strong><\/p>\n<p>&nbsp;<\/p>\n<p>OZ obce Horn\u00e1 Mi\u010din\u00e1<\/p>\n<p><strong><em>UR\u010cUJE:<\/em><\/strong><\/p>\n<ul>\n<li>do\u00a0 n\u00e1vrhovej komisie\u00a0\u00a0 &#8211;\u00a0 Tibor Pip\u00ed\u0161ka, Janka Baranov\u00e1<\/li>\n<li>za overovate\u013eov z\u00e1pisnice &#8211; \u013dubom\u00edr \u010cerh\u00fd\u0148, Michal Karkal\u00edk<\/li>\n<\/ul>\n<p>&#8211;\u00a0\u00a0\u00a0\u00a0\u00a0\u00a0 za zapisovate\u013ea z\u00e1pisnice \u2013 Teodor Bachleda<\/p>\n<p>&nbsp;<\/p>\n<p>Pr\u00edtomn\u00ed poslanci\u00a0 na hlasovan\u00ed: Janka Baranov\u00e1,\u00a0 Michal Karkal\u00edk,\u00a0 \u013dubom\u00edr \u010cerh\u00fd\u0148, Tibor Pip\u00ed\u0161ka, Teodor Bachleda<\/p>\n<p>&nbsp;<\/p>\n<p>Hlasovali za: (5 )<\/p>\n<p>proti:\u00a0 (0)<\/p>\n<p>zdr\u017eali sa: (0 )<\/p>\n<p>&nbsp;<\/p>\n<p>&nbsp;<\/p>\n<p>uznesenie\u00a0 \u010d.107\/2025\u00a0 \u00a0z\u00a019.11.2025<\/p>\n<p>&nbsp;<\/p>\n<p><strong><u>k\u00a0bodu 3. Program obecn\u00e9ho zastupite\u013estva<\/u><\/strong><\/p>\n<p>&nbsp;<\/p>\n<p>&nbsp;<\/p>\n<p>&nbsp;<\/p>\n<p>OZ obce Horn\u00e1 Mi\u010din\u00e1<\/p>\n<p>&nbsp;<\/p>\n<p><strong><em>SCHVA\u013dUJE: <\/em><\/strong><\/p>\n<p><strong><em>program obecn\u00e9ho zastupite\u013estva <\/em><\/strong><\/p>\n<p><strong><u>\u00a0<\/u><\/strong><\/p>\n<p><strong>\u00a0\u00a0\u00a0\u00a0\u00a0\u00a0\u00a0\u00a0\u00a0\u00a0\u00a0\u00a0\u00a0\u00a0\u00a0\u00a0\u00a0\u00a0\u00a0\u00a0\u00a0\u00a0\u00a0\u00a0\u00a0\u00a0\u00a0\u00a0\u00a0\u00a0\u00a0\u00a0\u00a0\u00a0\u00a0\u00a0\u00a0\u00a0\u00a0\u00a0\u00a0\u00a0\u00a0\u00a0\u00a0\u00a0\u00a0\u00a0\u00a0\u00a0\u00a0 \u00a0\u00a0\u00a0\u00a0\u00a0\u00a0\u00a0<\/strong><strong>PROGRAM:<\/strong><\/p>\n<ol>\n<li><strong>Otvorenie OZ<\/strong><\/li>\n<li><strong>Vo\u013eba n\u00e1vrhovej komisie, overovate\u013ea z\u00e1pisnice a\u00a0zapisovate\u013ea<\/strong><\/li>\n<li><strong>Program obecn\u00e9ho zastupite\u013estva<\/strong><\/li>\n<li><strong>Inform\u00e1cia o\u00a0stave \u00fazemn\u00e9ho pl\u00e1nu obce Horn\u00e1 Mi\u010din\u00e1<\/strong><\/li>\n<li><strong>Kontrola plnenia prijat\u00fdch uznesen\u00ed OZ d\u0148a 25. 9.2025<\/strong><\/li>\n<li><strong>Spr\u00e1va hlavn\u00e9ho kontrol\u00f3ra o\u00a0v\u00fdsledku kontroly \u010d.8\/2025-kontrola doh\u00f4d o\u00a0pr\u00e1cach vykon\u00e1van\u00fdch mimo pracovn\u00e9ho pomeru<\/strong><\/li>\n<li><strong>Spr\u00e1va hlavn\u00e9ho kontrol\u00f3ra o\u00a0v\u00fdsledku kontroly \u010d.9\/2025-kontrola poskytnutia a\u00a0vy\u00fa\u010dtovania dot\u00e1ci\u00ed z\u00a0rozpo\u010dtu obce Horn\u00e1 Mi\u010din\u00e1 za r.2024<\/strong><\/li>\n<li><strong>Spr\u00e1va hlavn\u00e9ho kontrol\u00f3ra o\u00a0v\u00fdsledku kontroly \u010d.10\/2025-kontrola plnenia opatren\u00ed prijat\u00fdch na odstr\u00e1nenie a\u00a0n\u00e1pravu nedostatkov zisten\u00fdch pri kontrole \u010d.1\/2024 \u2013 kontrole z\u00e1konnosti procesu verejn\u00e9ho obstar\u00e1vania realizovan\u00e9ho obcou Horn\u00e1 Mi\u010din\u00e1 v s\u00favislosti so z\u00e1kazkou VO-z\u00e1kazka s\u00a0n\u00edzkou hodnotou rekon\u0161trukcia mosta<\/strong><\/li>\n<li><strong>Preverenie stavu a\u00a0v\u00fdvoja dlhu obce Horn\u00e1 Mi\u010din\u00e1 k\u00a030.9.2025<\/strong><\/li>\n<li><strong>N\u00e1vrh pl\u00e1nu kontrolnej \u010dinnosti HK obce na 1.polrok 2026<\/strong><\/li>\n<li><strong>Prist\u00fapenie stavebn\u00e9ho \u00faradu Horn\u00e1 Mi\u010din\u00e1 k\u00a0stavebn\u00e9mu \u00faradu Bad\u00edn<\/strong><\/li>\n<li><strong>Schv\u00e1lenie z\u00e1meru o\u00a0uzatvorenie zmluvy o\u00a0zriaden\u00ed vecn\u00e9ho bremena pre Stredoslovensk\u00fa distribu\u010dn\u00fa a.s. na ulo\u017eenie in\u017einierskych siet\u00ed a\u00a0k\u00a0nim prisl\u00fachaj\u00facim ochrann\u00fdm p\u00e1smam za \u00fa\u010delom prev\u00e1dzky,\u00fadr\u017eby a\u00a0rekon\u0161trukcie VN a NN<\/strong><\/li>\n<li><strong>\u017diados\u0165 f.Metronet o\u00a0zlep\u0161enie kapacity a\u00a0kvality pripojenia na optick\u00fa sie\u0165 pre internet a telev\u00edziu<\/strong><\/li>\n<li><strong>Zmluva o\u00a0zimnej \u00fadr\u017ebe miestnych komunik\u00e1ci\u00ed v\u00a0obci<\/strong><\/li>\n<li><strong>Z\u00e1sady hospod\u00e1renia s\u00a0majetkom obce Horn\u00e1 Mi\u010din\u00e1-dodatok<\/strong><\/li>\n<li><strong>Rozpo\u010det obce Horn\u00e1 Mi\u010din\u00e1 na r.2026-2028<\/strong><\/li>\n<\/ol>\n<p><strong>16 a,\u00a0\u00a0 N\u00e1vrh na zmenu rozpo\u010dtu<\/strong><\/p>\n<p><strong>16 b,\u00a0\u00a0 Stanovisko HK obce k\u00a0n\u00e1vrhu rozpo\u010dtu na r. 2026-2028<\/strong><\/p>\n<p><strong>16 c,\u00a0\u00a0 Stanovisko finan\u010dnej komisie k\u00a0n\u00e1vrhu rozpo\u010dtu obce na r.2026-2028<\/strong><\/p>\n<p><strong>16 d,\u00a0\u00a0 Schv\u00e1lenie rozpo\u010dtu obce na r. 2026-2028 <\/strong><\/p>\n<ol start=\"17\">\n<li><strong>\u017diados\u0165i o dot\u00e1cie z\u00a0rozpo\u010dtu obce pre TJ Mi\u010din\u00e1,KST Kozlinec,Evanjelick\u00fa cirkev a\u00a0Katol\u00edcku cirkev<\/strong><\/li>\n<li><strong>R\u00f4zne<\/strong><\/li>\n<li><strong>Diskusia<\/strong><\/li>\n<li><strong>Z\u00e1ver<\/strong><\/li>\n<\/ol>\n<p><strong>\u00a0<\/strong><\/p>\n<p>Pr\u00edtomn\u00ed poslanci\u00a0 na hlasovan\u00ed: Janka Baranov\u00e1,\u00a0 Michal Karkal\u00edk,\u00a0 \u013dubom\u00edr \u010cerh\u00fd\u0148, Tibor Pip\u00ed\u0161ka, Teodor Bachleda<\/p>\n<p>&nbsp;<\/p>\n<p>&nbsp;<\/p>\n<p>Hlasovali za: (5 )<\/p>\n<p>proti:\u00a0 (0)<\/p>\n<p>zdr\u017eali sa: (0 )<\/p>\n<p><strong><u>\u00a0<\/u><\/strong><\/p>\n<p><strong><u>\u00a0<\/u><\/strong><\/p>\n<p><strong>\u00a0\u00a0\u00a0\u00a0\u00a0\u00a0\u00a0\u00a0\u00a0\u00a0\u00a0\u00a0\u00a0\u00a0\u00a0\u00a0\u00a0\u00a0\u00a0\u00a0\u00a0\u00a0\u00a0\u00a0\u00a0\u00a0\u00a0\u00a0\u00a0\u00a0\u00a0\u00a0\u00a0\u00a0\u00a0\u00a0\u00a0\u00a0\u00a0\u00a0\u00a0\u00a0\u00a0\u00a0\u00a0\u00a0\u00a0\u00a0\u00a0\u00a0\u00a0\u00a0\u00a0\u00a0\u00a0\u00a0\u00a0 <\/strong>uznesenie\u00a0 \u010d.108\/2025\u00a0 \u00a0z\u00a019.11.2025<\/p>\n<p><strong><u>\u00a0<\/u><\/strong><\/p>\n<p><strong><u>K\u00a0bodu 4. <\/u><\/strong><strong><u>Inform\u00e1cia o\u00a0stave \u00fazemn\u00e9ho pl\u00e1nu obce Horn\u00e1 Mi\u010din\u00e1 na \u017eiados\u0165 ob\u010danov obce<\/u><\/strong><\/p>\n<p><strong>\u00a0<\/strong><\/p>\n<p>OZ obce Horn\u00e1 Mi\u010din\u00e1<\/p>\n<p>&nbsp;<\/p>\n<p><strong><em>Berie na vedomie<\/em><\/strong><\/p>\n<p>&nbsp;<\/p>\n<p>Prizvan\u00ed spracovate\u013e a\u00a0obstar\u00e1vate\u013e \u00fazemn\u00e9ho pl\u00e1nu sa emailom ospravedlnili z\u00a0rokovania.V elektronickej komunik\u00e1cii zaslali stanovisko.Ja ako spracovate\u013e \u00daP okam\u017eite upravujem dokument\u00e1ciu pod\u013ea pokynov obstar\u00e1vate\u013ea na z\u00e1klade prerokovania.Viem,\u017ee treba nie\u010do dorokova\u0165 s\u00a0ochranou pr\u00edrody.Obstar\u00e1vate\u013eka preposlala email s\u00a0ochrany pr\u00edrody,ktor\u00e9 st\u00e1le d\u00e1va z\u00e1porn\u00e9 stanovisko.Bude potrebn\u00e9 \u00eds\u0165 osobne na \u0160t\u00e1tnu ochranu pr\u00edrody a\u00a0op\u00e4tovne n\u00e1vrh prerokova\u0165\u00a0 a\u00a0zapracova\u0165 do projektovej dokument\u00e1cie.<\/p>\n<p>&nbsp;<\/p>\n<p>Pr\u00edtomn\u00ed poslanci\u00a0 na hlasovan\u00ed: Janka Baranov\u00e1,\u00a0 Michal Karkal\u00edk,\u00a0 \u013dubom\u00edr \u010cerh\u00fd\u0148, Tibor Pip\u00ed\u0161ka, Teodor Bachleda<\/p>\n<p>&nbsp;<\/p>\n<p>&nbsp;<\/p>\n<p>Hlasovali za: (5 )<\/p>\n<p>proti:\u00a0 (0)<\/p>\n<p>zdr\u017eali sa: (0 )<\/p>\n<p>&nbsp;<\/p>\n<p>&nbsp;<\/p>\n<p>&nbsp;<\/p>\n<p>&nbsp;<\/p>\n<p>uznesenie\u00a0 \u010d.109\/2025 \u00a0\u00a0\u00a0z\u00a019.11.2025<\/p>\n<p>&nbsp;<\/p>\n<p><strong><u>k\u00a0bodu 5.<\/u><\/strong><strong><u> Kontrola plnenia prijat\u00fdch uznesen\u00ed OZ d\u0148a 25.9.2025<\/u><\/strong><\/p>\n<p><strong><u>\u00a0<\/u><\/strong><\/p>\n<p>OZ obce Horn\u00e1 Mi\u010din\u00e1<\/p>\n<p>&nbsp;<\/p>\n<p><strong><em>Berie na vedomie<\/em><\/strong><\/p>\n<p>&nbsp;<\/p>\n<p>Kontrolu plnenia prijat\u00fdch uznesen\u00ed OZ d\u0148a 29.9.2025<\/p>\n<p><strong><u>\u00a0<\/u><\/strong><\/p>\n<p>Pr\u00edtomn\u00ed poslanci\u00a0 na hlasovan\u00ed: Janka Baranov\u00e1,\u00a0 Michal Karkal\u00edk,\u00a0 \u013dubom\u00edr \u010cerh\u00fd\u0148, Tibor Pip\u00ed\u0161ka, Teodor Bachleda<\/p>\n<p>&nbsp;<\/p>\n<p>Hlasovali za: (5 )<\/p>\n<p>proti:\u00a0 (0)<\/p>\n<p>zdr\u017eali sa: (0 )<\/p>\n<p><strong><u>\u00a0<\/u><\/strong><\/p>\n<p><strong><u>\u00a0<\/u><\/strong><\/p>\n<p>uznesenie\u00a0 \u010d.110\/2025 \u00a0\u00a0\u00a0z\u00a019.11.2025<\/p>\n<p>&nbsp;<\/p>\n<p>&nbsp;<\/p>\n<p><strong><u>k\u00a0bodu 6.<\/u><\/strong><strong><u> Spr\u00e1va hlavn\u00e9ho kontrol\u00f3ra o\u00a0v\u00fdsledku kontroly \u010d.8\/2025-kontrola doh\u00f4d o\u00a0pr\u00e1cach vykon\u00e1van\u00fdch mimo pracovn\u00e9ho pomeru<\/u><\/strong><\/p>\n<p><strong><u>\u00a0<\/u><\/strong><\/p>\n<p><strong><u>\u00a0<\/u><\/strong><\/p>\n<p>OZ obce Horn\u00e1 Mi\u010din\u00e1<\/p>\n<p>&nbsp;<\/p>\n<p><strong><em>Berie na vedomie<\/em><\/strong><\/p>\n<p>Spr\u00e1vu hlavn\u00e9ho kontrol\u00f3ra o\u00a0v\u00fdsledku kontroly \u010d.8\/2025- kontrola doh\u00f4d o\u00a0pr\u00e1cach vykon\u00e1van\u00fdch mimo pracovn\u00e9ho pomeru<\/p>\n<p>&nbsp;<\/p>\n<p><strong><u>\u00a0<\/u><\/strong><\/p>\n<p>Pr\u00edtomn\u00ed poslanci\u00a0 na hlasovan\u00ed: Janka Baranov\u00e1,\u00a0 Michal Karkal\u00edk,\u00a0 \u013dubom\u00edr \u010cerh\u00fd\u0148, Tibor Pip\u00ed\u0161ka, Teodor Bachleda<\/p>\n<p>&nbsp;<\/p>\n<p>Hlasovali za: (5 )<\/p>\n<p>proti:\u00a0 (0)<\/p>\n<p>zdr\u017eali sa: (0 )<\/p>\n<p><strong><u>\u00a0<\/u><\/strong><\/p>\n<p><strong><u>\u00a0<\/u><\/strong><\/p>\n<p><strong><u>\u00a0<\/u><\/strong><\/p>\n<p>uznesenie\u00a0 \u010d.111\/2025\u00a0\u00a0 z\u00a019.11.2025<\/p>\n<p><strong><u>\u00a0<\/u><\/strong><\/p>\n<p><strong><u>k\u00a0bodu 7.<\/u><\/strong><strong><u> Spr\u00e1va hlavn\u00e9ho kontrol\u00f3ra o\u00a0v\u00fdsledku kontroly \u010d.9\/2025-kontrola poskytnutia a\u00a0vy\u00fa\u010dtovania dot\u00e1ci\u00ed z\u00a0rozpo\u010dtu obce Horn\u00e1 Mi\u010din\u00e1 za r.2024<\/u><\/strong><\/p>\n<p><strong><u>\u00a0<\/u><\/strong><\/p>\n<p>OZ obce Horn\u00e1 Mi\u010din\u00e1<\/p>\n<p>&nbsp;<\/p>\n<p><strong><em>Berie na vedomie<\/em><\/strong><\/p>\n<p>&nbsp;<\/p>\n<p>Spr\u00e1vu hlavn\u00e9ho kontrol\u00f3ra o\u00a0v\u00fdsledku kontroly \u010d.9\/2025-kontrola poskytnutia a\u00a0vy\u00fa\u010dtovania dot\u00e1ci\u00ed z\u00a0rozpo\u010dtu obce Horn\u00e1 Mi\u010din\u00e1 za r.2024<\/p>\n<p><strong><u>\u00a0<\/u><\/strong><\/p>\n<p>Pr\u00edtomn\u00ed poslanci\u00a0 na hlasovan\u00ed: Janka Baranov\u00e1,\u00a0 Michal Karkal\u00edk,\u00a0 \u013dubom\u00edr \u010cerh\u00fd\u0148, Tibor Pip\u00ed\u0161ka, Teodor Bachleda<\/p>\n<p>&nbsp;<\/p>\n<p>Hlasovali za: (5 )<\/p>\n<p>proti:\u00a0 (0)<\/p>\n<p>zdr\u017eali sa: (0 )<\/p>\n<p><strong><u>\u00a0<\/u><\/strong><\/p>\n<p><strong><u>\u00a0<\/u><\/strong><\/p>\n<p>uznesenie\u00a0 \u010d.112\/2025\u00a0\u00a0\u00a0 z\u00a019.11.2025<\/p>\n<p><strong><u>\u00a0<\/u><\/strong><\/p>\n<p><strong><u>\u00a0<\/u><\/strong><\/p>\n<p><strong><u>k\u00a0bodu 8.<\/u><\/strong><strong><u> Spr\u00e1va hlavn\u00e9ho kontrol\u00f3ra o\u00a0v\u00fdsledku kontroly \u010d.10\/2025-kontrola plnenia opatren\u00ed prijat\u00fdch na odstr\u00e1nenie a\u00a0n\u00e1pravu nedostatkov zisten\u00fdch pri kontrole \u010d.1\/2024 \u2013 kontrole z\u00e1konnosti procesu verejn\u00e9ho obstar\u00e1vania realizovan\u00e9ho obcou Horn\u00e1 Mi\u010din\u00e1 v s\u00favislosti so z\u00e1kazkou VO-z\u00e1kazka s\u00a0n\u00edzkou hodnotou rekon\u0161trukcia mosta<\/u><\/strong><\/p>\n<p><strong><u>\u00a0<\/u><\/strong><\/p>\n<p><strong><u>\u00a0<\/u><\/strong><\/p>\n<p>OZ obce Horn\u00e1 Mi\u010din\u00e1<\/p>\n<p>&nbsp;<\/p>\n<p><strong><em>Berie na vedomie<\/em><\/strong><\/p>\n<p><strong><em>\u00a0<\/em><\/strong><\/p>\n<p>Spr\u00e1vu hlavn\u00e9ho kontrol\u00f3ra o\u00a0v\u00fdsledku kontroly \u010d.10\/2025-kontrola plnenia opatren\u00ed prijat\u00fdch na odstr\u00e1nenie a\u00a0n\u00e1pravu nedostatkov zisten\u00fdch pri kontrole \u010d.1\/2024 \u2013 kontrole z\u00e1konnosti procesu verejn\u00e9ho obstar\u00e1vania realizovan\u00e9ho obcou Horn\u00e1 Mi\u010din\u00e1 v s\u00favislosti so z\u00e1kazkou VO-z\u00e1kazka s\u00a0n\u00edzkou hodnotou rekon\u0161trukcia mosta<\/p>\n<p>&nbsp;<\/p>\n<p>&nbsp;<\/p>\n<p>Pr\u00edtomn\u00ed poslanci\u00a0 na hlasovan\u00ed: Janka Baranov\u00e1,\u00a0 Michal Karkal\u00edk,\u00a0 \u013dubom\u00edr \u010cerh\u00fd\u0148, Tibor Pip\u00ed\u0161ka, Teodor Bachleda<\/p>\n<p>&nbsp;<\/p>\n<p>Hlasovali za: (5 )<\/p>\n<p>proti:\u00a0 (0)<\/p>\n<p>zdr\u017eali sa: (0 )<\/p>\n<p><strong><u>\u00a0<\/u><\/strong><\/p>\n<p><strong><u>\u00a0<\/u><\/strong><\/p>\n<p><strong><u>\u00a0<\/u><\/strong><\/p>\n<p>uznesenie\u00a0 \u010d.113\/2025\u00a0\u00a0\u00a0 z\u00a019.11.2025<\/p>\n<p><strong><u>\u00a0<\/u><\/strong><\/p>\n<p><strong><u>\u00a0<\/u><\/strong><\/p>\n<p><strong><u>k\u00a0bodu 9.<\/u><\/strong><strong><u> Preverenie stavu a\u00a0v\u00fdvoja dlhu obce Horn\u00e1 Mi\u010din\u00e1 k\u00a030.9.2025<\/u><\/strong><\/p>\n<p><strong><u>\u00a0<\/u><\/strong><\/p>\n<p>OZ obce Horn\u00e1 Mi\u010din\u00e1<\/p>\n<p>&nbsp;<\/p>\n<p><strong><em>Berie na vedomie<\/em><\/strong><\/p>\n<p><strong><em>\u00a0<\/em><\/strong><\/p>\n<p>Preverenie stavu a\u00a0v\u00fdvoja dlhu obce Horn\u00e1 Mi\u010din\u00e1 k\u00a030.9.2025<\/p>\n<p>&nbsp;<\/p>\n<p><strong><u>\u00a0<\/u><\/strong><\/p>\n<p>Pr\u00edtomn\u00ed poslanci\u00a0 na hlasovan\u00ed: Janka Baranov\u00e1,\u00a0 Michal Karkal\u00edk,\u00a0 \u013dubom\u00edr \u010cerh\u00fd\u0148, Tibor Pip\u00ed\u0161ka, Teodor Bachleda<\/p>\n<p>&nbsp;<\/p>\n<p>Hlasovali za: (5 )<\/p>\n<p>proti:\u00a0 (0)<\/p>\n<p>zdr\u017eali sa: (0 )<\/p>\n<p><strong><u>\u00a0<\/u><\/strong><\/p>\n<p><strong><u>\u00a0<\/u><\/strong><\/p>\n<p><strong><u>\u00a0<\/u><\/strong><\/p>\n<p>uznesenie\u00a0 \u010d.114\/2025\u00a0\u00a0\u00a0 z\u00a019.11.2025<\/p>\n<p><strong><u>\u00a0<\/u><\/strong><\/p>\n<p><strong><u>k\u00a0bodu 10. <\/u><\/strong><strong><u>N\u00e1vrh pl\u00e1nu kontrolnej \u010dinnosti HK obce na 1.polrok 2026<\/u><\/strong><\/p>\n<p><strong><u>\u00a0<\/u><\/strong><\/p>\n<p>OZ obce Horn\u00e1 Mi\u010din\u00e1<\/p>\n<p>&nbsp;<\/p>\n<p><strong><em>Schva\u013euje<\/em><\/strong><\/p>\n<p>&nbsp;<\/p>\n<p>N\u00e1vrh pl\u00e1nu kontrolnej \u010dinnosti HK obce na 1.polrok 2026<\/p>\n<p>&nbsp;<\/p>\n<p>&nbsp;<\/p>\n<p>Pr\u00edtomn\u00ed poslanci\u00a0 na hlasovan\u00ed: Janka Baranov\u00e1,\u00a0 Michal Karkal\u00edk,\u00a0 \u013dubom\u00edr \u010cerh\u00fd\u0148, Tibor Pip\u00ed\u0161ka, Teodor Bachleda<\/p>\n<p>&nbsp;<\/p>\n<p>Hlasovali za: (5 )<\/p>\n<p>proti:\u00a0 (0)<\/p>\n<p>zdr\u017eali sa: (0 )<\/p>\n<p><strong><u>\u00a0<\/u><\/strong><\/p>\n<p><strong><u>\u00a0<\/u><\/strong><\/p>\n<p><strong><u>\u00a0<\/u><\/strong><\/p>\n<p>uznesenie\u00a0 \u010d.115\/2025\u00a0\u00a0\u00a0 z\u00a019.11.2025<\/p>\n<p><strong><u>\u00a0<\/u><\/strong><\/p>\n<p><strong><u>k\u00a0bodu 11.<\/u><\/strong><strong><u> Prist\u00fapenie stavebn\u00e9ho \u00faradu Horn\u00e1 Mi\u010din\u00e1 k\u00a0stavebn\u00e9mu \u00faradu Bad\u00edn<\/u><\/strong><\/p>\n<p><strong><u>\u00a0<\/u><\/strong><\/p>\n<p>OZ obce Horn\u00e1 Mi\u010din\u00e1<\/p>\n<p>&nbsp;<\/p>\n<p><strong><em>Schva\u013euje<\/em><\/strong><\/p>\n<p><strong><u>\u00a0<\/u><\/strong><\/p>\n<ol>\n<li>Ukon\u010denie zmluvy o\u00a0zriaden\u00ed Spolo\u010dn\u00e9ho obecn\u00e9ho \u00faradu medzi obcami Hrocho\u0165,Horn\u00e1 Mi\u010din\u00e1,D\u00fabravica,\u0160pania Dolina,Moty\u010dky,Oravce, a\u00a0Rie\u010dka v\u00a0znen\u00ed neskor\u0161\u00edch dodatkov v\u00a0zmysle \u010dl.VII bod 2 k\u00a031.12.2025<\/li>\n<li>Zmluvu o\u00a0zriaden\u00ed Spolo\u010dn\u00e9ho obecn\u00e9ho \u00faradu medzi obcami Bad\u00edn,Harmanec,Kord\u00edky,Kynce\u013eov\u00e1,Malachov,M\u00f4l\u010da,Poniky,Tajov,Hrocho\u0165,Horn\u00e1 Mi\u010din\u00e1,D\u00fabravica,\u0160pania Dolina,Moty\u010dky,Oravce,Rie\u010dka,Kr\u00e1liky,Sielnica a Vlkanov\u00e1<\/li>\n<\/ol>\n<p><strong><u>\u00a0<\/u><\/strong><\/p>\n<p><strong><u>\u00a0<\/u><\/strong><\/p>\n<p>Pr\u00edtomn\u00ed poslanci\u00a0 na hlasovan\u00ed: Janka Baranov\u00e1,\u00a0 Michal Karkal\u00edk,\u00a0 \u013dubom\u00edr \u010cerh\u00fd\u0148, Tibor Pip\u00ed\u0161ka, Teodor Bachleda<\/p>\n<p>&nbsp;<\/p>\n<p>Hlasovali za: (5 )<\/p>\n<p>proti:\u00a0 (0)<\/p>\n<p>zdr\u017eali sa: (0 )<\/p>\n<p><strong><u>\u00a0<\/u><\/strong><\/p>\n<p><strong><u>\u00a0<\/u><\/strong><\/p>\n<p>uznesenie\u00a0 \u010d.116\/2025\u00a0\u00a0 z\u00a019.11.2025<\/p>\n<p><strong><u>\u00a0<\/u><\/strong><\/p>\n<p><strong><u>\u00a0<\/u><\/strong><\/p>\n<p><strong><u>k\u00a0bodu 12.<\/u><\/strong><strong><u> Schv\u00e1lenie z\u00e1meru o\u00a0uzatvorenie zmluvy o\u00a0zriaden\u00ed vecn\u00e9ho bremena\u00a0 pre Stredoslovensk\u00fa distribu\u010dn\u00fa a.s. na ulo\u017eenie in\u017einierskych siet\u00ed a\u00a0k\u00a0nim prisl\u00fachaj\u00facim ochrann\u00fdm p\u00e1smam za \u00fa\u010delom prev\u00e1dzky,\u00fadr\u017eby a\u00a0rekon\u0161trukcie VN a NN<\/u><\/strong><\/p>\n<p><strong><u>\u00a0<\/u><\/strong><\/p>\n<p><strong><u>\u00a0<\/u><\/strong><\/p>\n<p>OZ obce Horn\u00e1 Mi\u010din\u00e1<\/p>\n<p>&nbsp;<\/p>\n<p><strong><em>Schva\u013euje<\/em><\/strong><\/p>\n<p><strong><u>\u00a0<\/u><\/strong><\/p>\n<p>Z\u00e1mer o\u00a0uzatvorenie zmluvy o\u00a0zriaden\u00ed vecn\u00e9ho bremena v\u00a0prospech Stredoslovenskej distribu\u010dnej a.s. ako opr\u00e1vnen\u00e9ho z\u00a0vecn\u00e9ho bremena spo\u010d\u00edvaj\u00face v\u00a0pr\u00e1ve umiestnenia a\u00a0ulo\u017eenia in\u017einierskych siet\u00ed Vn a\u00a0NN a\u00a0k\u00a0nim prisl\u00fachaj\u00facim ochrann\u00fdm p\u00e1\u00fdsmam v\u00a0zmysle platn\u00fdch pr\u00e1vnych predpisov za \u00fa\u010delom prev\u00e1dzky,\u00fadr\u017eby a\u00a0rekon\u0161trukcie so vstupom v\u00a0ktoromko\u013evek \u010dase a\u00a0ro\u010dnom obdob\u00ed mechanizmami ako aj opr\u00e1vnen\u00fdmi pracovn\u00edmi stredoslovenskej distribu\u010dnej a.s.,na \u00a0\u010dasti pozemku parc.\u010d. KN-E 225\/3,veden\u00e1 ako ostatn\u00e1 plocha o\u00a0v\u00fdmere 78 m2 v\u00a0rozsahu dielu \u010d.2 o\u00a0v\u00fdmere 29 m2,parc. KN-E \u010d.225\/4,veden\u00e1 ako ostatn\u00e1 plocha o\u00a0v\u00fdmere 12\u00a0096 m2 v\u00a0rozsahu dielu \u010d.3 o\u00a0v\u00fdmere 20 m2,parc.KN-E \u010d.225\/5,veden\u00e1 ako ostatn\u00e1 plocha o\u00a0v\u00fdmere 806 m2 v\u00a0rozsahu dielu \u010d.4 o\u00a0v\u00fdmere 129 m2 a\u00a0KN-C \u010d.343\/8,veden\u00e1 ako zast.plocha a\u00a0n\u00e1dv. o\u00a0v\u00fdmere 2 m2 v\u00a0rozsahu dielu \u010d.6 o\u00a0v\u00fdmere 2 m2,vymedzen\u00fdm geometr.pl\u00e1nom \u010d.37056565-25\/2025 vypracovan\u00fdm Ing.Be\u00e1ta Smolkov\u00e1 Geodetick\u00e9 pr\u00e1ce d\u0148a 21.3.2025 a\u00a0\u00faradne overen\u00fdm Okresn\u00fdm \u00faradom Bansk\u00e1 Bystrica,katastr\u00e1lnym odborom d\u0148a 4.4.2025 pod \u010d.G1-277\/2025<\/p>\n<p>Predmetn\u00e9 pozemky s\u00fa dotknut\u00e9 realiz\u00e1ciou stavby ,,12223 Horn\u00e1 Mi\u010din\u00e1-Centrum-Rekon\u0161trukcia 317 tshor.micina obec.1 a\u00a0NNS\u201c<\/p>\n<p>Pozemky s\u00fa veden\u00e9 na LV \u010d.417 v\u00a0prospech vlastn\u00edka obec Horn\u00e1 Mi\u010din\u00e1 v\u00a0podiele 1\/1<\/p>\n<p>Op\u00edsan\u00e9 vecn\u00e9 bremeno sa zria\u010fuje na dobu neur\u010dit\u00fa\u00a0 a\u00a0bezodplatne<\/p>\n<p>&nbsp;<\/p>\n<p>Pr\u00edtomn\u00ed poslanci\u00a0 na hlasovan\u00ed: Janka Baranov\u00e1,\u00a0 Michal Karkal\u00edk,\u00a0 \u013dubom\u00edr \u010cerh\u00fd\u0148, Tibor Pip\u00ed\u0161ka, Teodor Bachleda<\/p>\n<p>&nbsp;<\/p>\n<p>Hlasovali za: (5 )<\/p>\n<p>proti:\u00a0 (0)<\/p>\n<p>zdr\u017eali sa: (0 )<\/p>\n<p><strong><u>\u00a0<\/u><\/strong><\/p>\n<p><strong><u>\u00a0<\/u><\/strong><\/p>\n<p>uznesenie\u00a0 \u010d.117\/2025\u00a0\u00a0\u00a0 z\u00a019.11.2025<\/p>\n<p><strong><u>\u00a0<\/u><\/strong><\/p>\n<p><strong><u>\u00a0<\/u><\/strong><\/p>\n<p><strong><u>k\u00a0bodu 13.<\/u><\/strong><strong><u> \u017diados\u0165 f.Metronet o\u00a0zlep\u0161enie kapacity a\u00a0kvality pripojenia na optick\u00fa sie\u0165 pre internet a telev\u00edziu<\/u><\/strong><\/p>\n<p><strong><u>\u00a0<\/u><\/strong><\/p>\n<p><strong><u>\u00a0<\/u><\/strong><\/p>\n<p>OZ obce Horn\u00e1 Mi\u010din\u00e1<\/p>\n<p>&nbsp;<\/p>\n<p><strong><em>Schva\u013euje<\/em><\/strong><\/p>\n<p><strong><em>\u00a0<\/em><\/strong><\/p>\n<p>V\u00a0r\u00e1mci moderniz\u00e1cie siete a zlep\u0161enia \u00a0kvality pripojenia internetu a\u00a0telev\u00edzie pre ob\u010danov obce, OZ obce schva\u013euje\u00a0z\u00e1mer osadenia \u010fal\u0161ej uplinkovej ant\u00e9ny pre f.Metronet \u2013 optick\u00e1 metropolitn\u00e1 sie\u0165,Jesensk\u00e9ho 6,Bansk\u00e1 Bystrica,ktor\u00e1 zv\u00fd\u0161i kapacitu d\u00e1tov\u00e9ho pripojenia pre cel\u00e9 \u00fazemie obce,zlep\u0161\u00ed stabilitu a\u00a0kvalitu slu\u017eieb pri vy\u0161\u0161om za\u0165a\u017een\u00ed a\u00a0umo\u017en\u00ed bud\u00face roz\u0161\u00edrenie optickej infra\u0161trukt\u00fary a\u00a0pokrytia.Ant\u00e9na bude osaden\u00e1 na budove obecn\u00e9ho \u00faradu ved\u013ea existuj\u00facej\u00a0 a\u00a0v\u0161etky n\u00e1klady zn\u00e1\u0161a spolo\u010dnos\u0165 Spoje s.r.o.<\/p>\n<p><strong><u>\u00a0<\/u><\/strong><\/p>\n<p><strong><u>\u00a0<\/u><\/strong><\/p>\n<p>Pr\u00edtomn\u00ed poslanci\u00a0 na hlasovan\u00ed: Janka Baranov\u00e1,\u00a0 Michal Karkal\u00edk,\u00a0 \u013dubom\u00edr \u010cerh\u00fd\u0148, Tibor Pip\u00ed\u0161ka, Teodor Bachleda<\/p>\n<p>&nbsp;<\/p>\n<p>Hlasovali za: (5 )<\/p>\n<p>proti:\u00a0 (0)<\/p>\n<p>zdr\u017eali sa: (0 )<\/p>\n<p><strong><u>\u00a0<\/u><\/strong><\/p>\n<p><strong><u>\u00a0<\/u><\/strong><\/p>\n<p><strong><u>\u00a0<\/u><\/strong><\/p>\n<p><strong><u>\u00a0<\/u><\/strong><\/p>\n<p>uznesenie\u00a0 \u010d.118\/2025\u00a0\u00a0\u00a0\u00a0 z\u00a019.11.2025<\/p>\n<p><strong><u>\u00a0<\/u><\/strong><\/p>\n<p><strong><u>\u00a0<\/u><\/strong><\/p>\n<p><strong><u>k\u00a0bodu 14.<\/u><\/strong><strong><u> Zmluva o\u00a0zimnej \u00fadr\u017ebe miestnych komunik\u00e1ci\u00ed v\u00a0obci<\/u><\/strong><\/p>\n<p><strong><u>\u00a0<\/u><\/strong><\/p>\n<p>OZ obce Horn\u00e1 Mi\u010din\u00e1<\/p>\n<p>&nbsp;<\/p>\n<p><strong><em>Schva\u013euje<\/em><\/strong><\/p>\n<p><strong><u>\u00a0<\/u><\/strong><\/p>\n<p>Zmluvu o poskytnutie slu\u017eby-zimnej \u00fadr\u017eby miestnych komunik\u00e1ci\u00ed v\u00a0obci v\u00a0rozsahu -odh\u0155\u0148anie snehu a\u00a0posyp pre f.Branislav Baran,Slia\u010d-Samporsk\u00e1 1477\/22, Slia\u010d 96231. Cenn\u00edk pr\u00e1c pod\u013ea cenovej ponuky je:<\/p>\n<p>Odh\u0155\u0148anie snehu a\u00a0posyp \u2013 60.- eur\/hod<\/p>\n<p>Pohotovos\u0165\u00a0 &#8211;\u00a0 450.-eur\/1 mesiac<\/p>\n<p>Zmluva bude uzatvoren\u00e1 od 1.12.2025 a\u017e 31.3.2026<\/p>\n<p>V\u00a0pr\u00edpade nutnosti pr\u00e1c mimo zmluvy,\u00a0 bude sa\u00a0 rie\u0161i\u0165 individu\u00e1lne<\/p>\n<p>&nbsp;<\/p>\n<p>Pr\u00edtomn\u00ed poslanci\u00a0 na hlasovan\u00ed: Janka Baranov\u00e1,\u00a0 Michal Karkal\u00edk,\u00a0 \u013dubom\u00edr \u010cerh\u00fd\u0148, Tibor Pip\u00ed\u0161ka, Teodor Bachleda<\/p>\n<p>&nbsp;<\/p>\n<p>Hlasovali za: (5 )<\/p>\n<p>proti:\u00a0 (0)<\/p>\n<p>zdr\u017eali sa: (0 )<\/p>\n<p>&nbsp;<\/p>\n<p>&nbsp;<\/p>\n<p>&nbsp;<\/p>\n<p>uznesenie\u00a0 \u010d.119\/2025\u00a0\u00a0 z\u00a019.11.2025<\/p>\n<p><strong><u>\u00a0<\/u><\/strong><\/p>\n<p><strong><u>k\u00a0bodu 15.<\/u><\/strong><strong><u> Z\u00e1sady hospod\u00e1renia s\u00a0majetkom obce Horn\u00e1 Mi\u010din\u00e1-dodatok<\/u><\/strong><\/p>\n<p><strong><u>\u00a0<\/u><\/strong><\/p>\n<p>OZ obce Horn\u00e1 Mi\u010din\u00e1<\/p>\n<p>&nbsp;<\/p>\n<p><strong><em>Schva\u013euje<\/em><\/strong><\/p>\n<p><strong><u>\u00a0<\/u><\/strong><\/p>\n<p>Na z\u00e1klade upozornenia prokur\u00e1tora za \u00fa\u010delom odstr\u00e1nenia poru\u0161ovania ustanoven\u00ed \u00a7 9 ods.1 p\u00edsm.i), \u00a7 9a ods.15 p\u00edsm.f) bod 1. a\u00a02. z\u00e1kona \u010d.138\/1991 Zb. o\u00a0majetku obc\u00ed v\u00a0znen\u00ed neskor\u0161\u00edch predpisov v\u00a0\u010fal\u0161om postupe obce Horn\u00e1 Mi\u010din\u00e1 pri prevode nehnute\u013en\u00e9ho\u00a0 majetku pod\u013ea \u00a7 9a ods. 15 p\u00edsm. f) z\u00e1kona o\u00a0majetku obc\u00ed,\u00a0 obec dodatkom upravila a\u00a0 roz\u0161\u00edrila \u010dl\u00e1nky bodov \u00a0tak, aby v\u00a0bud\u00facnosti obec postupovala pod\u013ea\u00a0 citovan\u00fdch pr\u00e1vnych predpisov a\u00a0z\u00e1rove\u0148 jasno,konkr\u00e9tne a\u00a0ur\u010dito.<\/p>\n<p><strong><u>\u00a0<\/u><\/strong><\/p>\n<p>Pr\u00edtomn\u00ed poslanci\u00a0 na hlasovan\u00ed: Janka Baranov\u00e1,\u00a0 Michal Karkal\u00edk,\u00a0 \u013dubom\u00edr \u010cerh\u00fd\u0148, Tibor Pip\u00ed\u0161ka, Teodor Bachleda<\/p>\n<p>&nbsp;<\/p>\n<p>Hlasovali za: (5 )<\/p>\n<p>proti:\u00a0 (0)<\/p>\n<p>zdr\u017eali sa: (0 )<\/p>\n<p><strong><u>\u00a0<\/u><\/strong><\/p>\n<p><strong><u>\u00a0<\/u><\/strong><\/p>\n<p>uznesenie\u00a0 \u010d.120\/2025\u00a0\u00a0 z\u00a019.11.2025<\/p>\n<p><strong><u>\u00a0<\/u><\/strong><\/p>\n<p><strong><u>\u00a0<\/u><\/strong><\/p>\n<p><strong><u>k\u00a0bodu 16.<\/u><\/strong><strong><u> Rozpo\u010det obce Horn\u00e1 Mi\u010din\u00e1 na r.2026-2028<\/u><\/strong><\/p>\n<p><strong><u>\u00a0<\/u><\/strong><\/p>\n<p>OZ obce Horn\u00e1 Mi\u010din\u00e1<\/p>\n<p>&nbsp;<\/p>\n<p><strong><em>Berie na vedomie<\/em><\/strong><\/p>\n<p>&nbsp;<\/p>\n<p>16 a,\u00a0 Stanovisko hlavn\u00e9ho kontrol\u00f3ra obce k\u00a0n\u00e1vrhu rozpo\u010dtu na r.2026-2028<\/p>\n<p>16 b,\u00a0\u00a0 Stanovisko finan\u010dnej komisie obce k\u00a0n\u00e1vrhu rozpo\u010dtu na r. 2026-2028<\/p>\n<p>16 c, \u00a0n\u00e1vrh rozpo\u010dtu obce Horn\u00e1 Mi\u010din\u00e1 na r. 2027-2028<\/p>\n<p>&nbsp;<\/p>\n<p><strong>Schva\u013euje<\/strong><\/p>\n<p><strong>\u00a0<\/strong><\/p>\n<p>16 d,\u00a0 N\u00e1vrh na zmenu rozpo\u010dtu za r.2025<\/p>\n<p><strong>\u00a0\u00a0\u00a0\u00a0\u00a0\u00a0\u00a0\u00a0\u00a0\u00a0\u00a0\u00a0\u00a0\u00a0 \u00a0\u00a0<\/strong>16 e<strong>, \u00a0<\/strong>N\u00e1vrh \u00a0rozpo\u010dtu obce Horn\u00e1 Mi\u010din\u00e1 na r.2026<\/p>\n<p>&nbsp;<\/p>\n<p><strong><u>\u00a0<\/u><\/strong><\/p>\n<p>Pr\u00edtomn\u00ed poslanci\u00a0 na hlasovan\u00ed: Janka Baranov\u00e1,Teodor Bachleda,\u00a0 Michal Karkal\u00edk, \u013dubom\u00edr \u010cerh\u00fd\u0148, Tibor Pip\u00ed\u0161ka<\/p>\n<p>&nbsp;<\/p>\n<p>Hlasovali za: (5 )<\/p>\n<p>proti:\u00a0 (0)<\/p>\n<p>zdr\u017eali sa: (0 )<\/p>\n<p><strong><u>\u00a0<\/u><\/strong><\/p>\n<p><strong><u>\u00a0<\/u><\/strong><\/p>\n<p>uznesenie\u00a0 \u010d.121\/2025\u00a0 z\u00a019.11.2025<\/p>\n<p><strong><u>\u00a0<\/u><\/strong><\/p>\n<p><strong><u>\u00a0<\/u><\/strong><\/p>\n<p><strong><u>k\u00a0bodu 17.<\/u><\/strong><strong><u> \u017diados\u0165i o dot\u00e1cie z\u00a0rozpo\u010dtu obce pre TJ Mi\u010din\u00e1,KST Kozlinec,Evanjelick\u00fa cirkev a\u00a0Katol\u00edcku cirkev<\/u><\/strong><\/p>\n<p>OZ obce Horn\u00e1 Mi\u010din\u00e1<\/p>\n<p>&nbsp;<\/p>\n<p><strong><em>Schva\u013euje<\/em><\/strong><\/p>\n<p><strong><u>\u00a0<\/u><\/strong><\/p>\n<p>\u017diadosti o\u00a0poskytnutie dot\u00e1ci\u00ed z\u00a0rozpo\u010dtu obce v\u00a0sume 7000,- eur pre miestne organiz\u00e1cie nasledovne:<\/p>\n<p>&nbsp;<\/p>\n<ol>\n<li>TJ Dru\u017estevn\u00edk Mi\u010din\u00e1 v\u00a0sume 3200.- eur ( \u00fa\u010del pou\u017eitia na rozvoj \u0161portu a\u00a0telesnej kult\u00fary-\u00fahrada poplatkov futbal.zv\u00e4zu,vypl\u00e1canie rozhodcov,prestupy a\u00a0hos\u0165ovanie hr\u00e1\u010dov,prev\u00e1dzka ihriska )<\/li>\n<li>KST Kozlinec v\u00a0sume 800.- eur ( \u00fa\u010del pou\u017eitia na podporu \u0161portu a\u00a0telesnej kult\u00fary-doprava,vstupn\u00e9,region\u00e1lne poplatky,propaga\u010dn\u00fd materi\u00e1l,technick\u00e9 zabezpe\u010denie)<\/li>\n<li>Evanjelick\u00fa cirkev v\u00a0sume 1500.- eur ( \u00fa\u010del pou\u017eitia-tvorba,rozvoj,ochrana,obnova a\u00a0prezent\u00e1cia dduchovn\u00fdch a\u00a0kult\u00farnych hodn\u00f4t,obnova zborov\u00fdch priestorov)<\/li>\n<li>Katol\u00edcku cirkev v\u00a0sume 1500.- eur ( \u00fa\u010del pou\u017eitia-tvorba,rozvoj,ochrana,obnova a\u00a0prezent\u00e1cia dduchovn\u00fdch a\u00a0kult\u00farnych hodn\u00f4t,oprava a\u00a0udr\u017eiavanie historickej budovy r\u00edmskokatol\u00edckeho kostola,krypty a\u00a0zvonice)<\/li>\n<\/ol>\n<p>&nbsp;<\/p>\n<p>Pr\u00edtomn\u00ed poslanci\u00a0 na hlasovan\u00ed: Janka Baranov\u00e1,Teodor Bachleda,\u00a0 Michal Karkal\u00edk, \u013dubom\u00edr \u010cerh\u00fd\u0148, Tibor Pip\u00ed\u0161ka<\/p>\n<p>&nbsp;<\/p>\n<p>Hlasovali za: (5 )<\/p>\n<p>proti:\u00a0 (0)<\/p>\n<p>zdr\u017eali sa: (0 )<\/p>\n<p>&nbsp;<\/p>\n<p>&nbsp;<\/p>\n<p>&nbsp;<\/p>\n<p>Uznesenie \u010d. 122\/2025\u00a0\u00a0\u00a0 z\u00a019.11.2025<\/p>\n<p><strong><u>K\u00a0bodu 18. R\u00f4zne<\/u><\/strong><\/p>\n<p>Inform\u00e1cie starostu obce o\u00a0dian\u00ed a\u00a0pr\u00e1cach v\u00a0obci<\/p>\n<p>OZ obce Horn\u00e1 Mi\u010din\u00e1<\/p>\n<p>&nbsp;<\/p>\n<p><strong><em>Berie na vedomie<\/em><\/strong><\/p>\n<p>&nbsp;<\/p>\n<ul>\n<li>\u010cistenie a\u00a0riadenie cintor\u00ednov pred du\u0161i\u010dkami<\/li>\n<li>Uskladnenie uhlia na O\u00da v\u00a0mno\u017estve 17 ton,po\u010fakovanie p.R.Sm\u00e4dovi za pomoc<\/li>\n<li>V\u00a0parku bud\u00fa op\u00edlen\u00e9 tuje a\u00a0nanovo zalo\u017een\u00e1 viano\u010dn\u00e1 v\u00fdzdoba<\/li>\n<li>Bola vyfr\u00e9zovan\u00e1 a\u00a0vyasfaltovan\u00e1 cesta v\u00a0Hornom konci od J.Kvasnu v\u00a0d\u013a\u017eke cca 130 m<\/li>\n<li>Prebehla akcia pre deti vyrez\u00e1vanie tekv\u00edc na O\u00da<\/li>\n<li>11.2025 bude priv\u00edtanie jubilantov a\u00a0novonaroden\u00fdch deti\u010diek na O\u00da<\/li>\n<li>12.2025 bude v\u00a0miestnom parku Mikul\u00e1\u0161 a\u00a0rozsvietenie viano\u010dn\u00e9ho stromu<\/li>\n<li><\/li>\n<\/ul>\n<p>Pr\u00edtomn\u00ed poslanci\u00a0 na hlasovan\u00ed: Janka Baranov\u00e1,Teodor Bachleda,\u00a0 Michal Karkal\u00edk, \u013dubom\u00edr \u010cerh\u00fd\u0148, Tibor Pip\u00ed\u0161ka<\/p>\n<p>&nbsp;<\/p>\n<p>Hlasovali za: (5 )<\/p>\n<p>proti:\u00a0 (0)<\/p>\n<p>zdr\u017eali sa: (0 )<\/p>\n<p>&nbsp;<\/p>\n<p><strong>\u00a0\u00a0\u00a0\u00a0\u00a0\u00a0\u00a0\u00a0\u00a0\u00a0\u00a0\u00a0\u00a0\u00a0\u00a0\u00a0\u00a0\u00a0\u00a0\u00a0\u00a0\u00a0\u00a0\u00a0\u00a0\u00a0\u00a0\u00a0\u00a0\u00a0 \u00a0\u00a0\u00a0\u00a0\u00a0\u00a0\u00a0\u00a0\u00a0\u00a0\u00a0\u00a0\u00a0\u00a0\u00a0\u00a0\u00a0\u00a0\u00a0\u00a0\u00a0\u00a0\u00a0\u00a0\u00a0\u00a0\u00a0\u00a0\u00a0\u00a0<\/strong>Uznesenie \u010d. 123\/2025\u00a0\u00a0\u00a0 z\u00a019.11.2025<\/p>\n<p><strong><u>K\u00a0bodu 19. Diskusia<\/u><\/strong><\/p>\n<p>OZ obce Horn\u00e1 Mi\u010din\u00e1<\/p>\n<p>&nbsp;<\/p>\n<p><strong><em>Berie na vedomie<\/em><\/strong><\/p>\n<p><strong><em>\u00a0<\/em><\/strong><\/p>\n<p><em>Diskusn\u00e9 pr\u00edspevky ob\u010danov obce:<\/em><\/p>\n<p><em>p.Tonko -odsk\u00fa\u0161anie hydrantov obci \u2013 robia to vod\u00e1ri<\/em><\/p>\n<p><em>p.Pip\u00ed\u0161ka \u2013 jedna\u0165 o\u00a0zn\u00ed\u017een\u00ed r\u00fdchlosti pri lome Veselovsk\u00fd ( d\u00e1me \u017eiados\u0165 na V\u00daC a\u00a0RSC )<\/em><\/p>\n<p><em>\u00a0<\/em><\/p>\n<p>Pr\u00edtomn\u00ed poslanci\u00a0 na hlasovan\u00ed: Janka Baranov\u00e1,Teodor Bachleda,\u00a0 Michal Karkal\u00edk, \u013dubom\u00edr \u010cerh\u00fd\u0148, Tibor Pip\u00ed\u0161ka<\/p>\n<p>&nbsp;<\/p>\n<p>Hlasovali za: (5 )<\/p>\n<p>proti:\u00a0 (0)<\/p>\n<p>zdr\u017eali sa: (0 )<\/p>\n<p>&nbsp;<\/p>\n<p><strong><u>K\u00a0bodu 20. Z\u00e1ver<\/u><\/strong><\/p>\n<p>Starosta po\u010fakoval poslancom OZ a\u00a0ob\u010danom za \u00fa\u010das\u0165 na rokovan\u00ed a\u00a0ukon\u010dil rokovanie OZ<\/p>\n<p><strong><u>\u00a0<\/u><\/strong><\/p>\n<p><strong><u>\u00a0<\/u><\/strong><\/p>\n<p>&nbsp;<\/p>\n","protected":false},"excerpt":{"rendered":"UZNESENIA zo zasadnutia obecn\u00e9ho zastupite\u013estva (\u010falej len OZ) obce Horn\u00e1 Mi\u010din\u00e1 konan\u00e9ho d\u0148a [&hellip;]","protected":false},"author":1,"featured_media":503,"comment_status":"closed","ping_status":"open","sticky":false,"template":"","format":"standard","meta":{"advanced_seo_description":"","jetpack_seo_html_title":"","jetpack_seo_noindex":false,"_jetpack_memberships_contains_paid_content":false,"footnotes":""},"categories":[391],"tags":[],"class_list":["post-5605","post","type-post","status-publish","format-standard","has-post-thumbnail","hentry","category-uznesenia"],"jetpack_featured_media_url":"https:\/\/i0.wp.com\/www.hornamicina.eu\/web\/wp-content\/uploads\/2017\/07\/zastupitelstvo.jpg?fit=530%2C375&ssl=1","jetpack_sharing_enabled":true,"jetpack_shortlink":"https:\/\/wp.me\/p8RsFw-1sp","jetpack-related-posts":[{"id":3894,"url":"https:\/\/www.hornamicina.eu\/web\/zapisnica-a-uznesenia-oz-zo-dna-22-8-2023\/","url_meta":{"origin":5605,"position":0},"title":"Z\u00e1pisnica a uznesenia OZ zo d\u0148a 22.8.2023","author":"admin","date":"30. augusta 2023","format":false,"excerpt":"Z\u00c1PISNICA Z mimoriadneho zasadnutia obecn\u00e9ho zastupite\u013estva(\u010falej len OZ) v Hornej Mi\u010dinej konan\u00e9ho d\u0148a 22.8.2023 v s\u00e1le obecn\u00e9ho \u00faradu Horn\u00e1 Mi\u010din\u00e1 o 19:00 hod. PR\u00cdTOMN\u00cd: Starosta obce: Ivan Len\u00e1r Poslanci OZ: Janka Baranov\u00e1,Teodor Bachleda,Tibor Pip\u00ed\u0161ka,\u013dubom\u00edr \u010cerh\u00fd\u0148 NEPR\u00cdTOMN\u00dd: Michal Karkal\u00edk Ob\u010dania obce a pozvan\u00ed: pod\u013ea prilo\u017eenej prezen\u010dnej listiny Zasadnutie OZ otvoril a\u2026","rel":"","context":"V &quot;Uznesenia&quot;","block_context":{"text":"Uznesenia","link":"https:\/\/www.hornamicina.eu\/web\/category\/uznesenia\/"},"img":{"alt_text":"Logo obce a dokumenty","src":"https:\/\/i0.wp.com\/www.hornamicina.eu\/web\/wp-content\/uploads\/2017\/07\/uznesenia.jpg?fit=530%2C530&ssl=1&resize=350%2C200","width":350,"height":200,"srcset":"https:\/\/i0.wp.com\/www.hornamicina.eu\/web\/wp-content\/uploads\/2017\/07\/uznesenia.jpg?fit=530%2C530&ssl=1&resize=350%2C200 1x, https:\/\/i0.wp.com\/www.hornamicina.eu\/web\/wp-content\/uploads\/2017\/07\/uznesenia.jpg?fit=530%2C530&ssl=1&resize=525%2C300 1.5x"},"classes":[]},{"id":5639,"url":"https:\/\/www.hornamicina.eu\/web\/uznesenia-z-mimoriadneho-zasadnutia-oz-obce-horna-micina-17-1-2026\/","url_meta":{"origin":5605,"position":1},"title":"Uznesenia z mimoriadneho zasadnutia OZ obce Horna Micina &#8211; 17.1.2026","author":"admin","date":"22. janu\u00e1ra 2026","format":false,"excerpt":"UZNESENIA Z mimoriadneho zasadnutia obecn\u00e9ho zastupite\u013estva (\u010falej len OZ) obce Horn\u00e1 Mi\u010din\u00e1 konan\u00e9ho d\u0148a 17.1.2026 v\u00a0budove obecn\u00e9ho \u00faradu Horn\u00e1 Mi\u010din\u00e1 o\u00a017:00 hod. PR\u00cdTOMN\u00cd POSLANCI: \u013dubom\u00edr \u010cerh\u00fd\u0148 ,Janka Baranov\u00e1 ,Teodor Bachleda, NEPR\u00cdTOMN\u00cd POSLANCI: Tibor Pip\u00ed\u0161ka ,Michal Karkal\u00edk uznesenie \u010d.124\/2026 zo \u00a017.1.2026 K\u00a0bodu 2. Vo\u013eba n\u00e1vrhovej komisie, overovate\u013ea z\u00e1pisnice a\u00a0zapisovate\u013ea OZ obce\u2026","rel":"","context":"V &quot;Uznesenia&quot;","block_context":{"text":"Uznesenia","link":"https:\/\/www.hornamicina.eu\/web\/category\/uznesenia\/"},"img":{"alt_text":"","src":"https:\/\/i0.wp.com\/www.hornamicina.eu\/web\/wp-content\/uploads\/2017\/07\/zastupitelstvo.jpg?fit=530%2C375&ssl=1&resize=350%2C200","width":350,"height":200,"srcset":"https:\/\/i0.wp.com\/www.hornamicina.eu\/web\/wp-content\/uploads\/2017\/07\/zastupitelstvo.jpg?fit=530%2C375&ssl=1&resize=350%2C200 1x, https:\/\/i0.wp.com\/www.hornamicina.eu\/web\/wp-content\/uploads\/2017\/07\/zastupitelstvo.jpg?fit=530%2C375&ssl=1&resize=525%2C300 1.5x"},"classes":[]},{"id":5346,"url":"https:\/\/www.hornamicina.eu\/web\/uznesenia-zo-zasadnutia-oz-hm-26-6-2025\/","url_meta":{"origin":5605,"position":2},"title":"Uznesenia zo zasadnutia OZ HM &#8211; 26.6.2025","author":"admin","date":"3. j\u00fala 2025","format":false,"excerpt":"UZNESENIA zo zasadnutia obecn\u00e9ho zastupite\u013estva (\u010falej len OZ) obce Horn\u00e1 Mi\u010din\u00e1 konan\u00e9ho d\u0148a 26.6.2025 v\u00a0budove obecn\u00e9ho \u00faradu Horn\u00e1 Mi\u010din\u00e1 o\u00a016:00 hod. PR\u00cdTOMN\u00cd POSLANCI: \u00a0\u00a0Michal Karkal\u00edk, \u00a0\u013dubom\u00edr \u010cerh\u00fd\u0148 , Tibor Pip\u00ed\u0161ka NEPR\u00cdTOMN\u00cd POSLANCI: \u00a0- Janka Baranov\u00e1 ,Teodor Bachleda \u00a0 \u00a0 \u00a0 uznesenie \u010d.88\/2025 \u00a0 K\u00a0bodu 2. Vo\u013eba n\u00e1vrhovej komisie, overovate\u013ea z\u00e1pisnice\u2026","rel":"","context":"V &quot;Uznesenia&quot;","block_context":{"text":"Uznesenia","link":"https:\/\/www.hornamicina.eu\/web\/category\/uznesenia\/"},"img":{"alt_text":"Logo obce a dokumenty","src":"https:\/\/i0.wp.com\/www.hornamicina.eu\/web\/wp-content\/uploads\/2017\/07\/uznesenia.jpg?fit=530%2C530&ssl=1&resize=350%2C200","width":350,"height":200,"srcset":"https:\/\/i0.wp.com\/www.hornamicina.eu\/web\/wp-content\/uploads\/2017\/07\/uznesenia.jpg?fit=530%2C530&ssl=1&resize=350%2C200 1x, https:\/\/i0.wp.com\/www.hornamicina.eu\/web\/wp-content\/uploads\/2017\/07\/uznesenia.jpg?fit=530%2C530&ssl=1&resize=525%2C300 1.5x"},"classes":[]},{"id":5688,"url":"https:\/\/www.hornamicina.eu\/web\/uznesenia-zo-zasadnutia-oz-obce-horna-micina-10-3-2026\/","url_meta":{"origin":5605,"position":3},"title":"Uznesenia zo zasadnutia OZ obce Horn\u00e1 Mi\u010din\u00e1 &#8211; 10.3.2026","author":"admin","date":"20. marca 2026","format":false,"excerpt":"UZNESENIA Zo zasadnutia obecn\u00e9ho zastupite\u013estva (\u010falej len OZ) obce Horn\u00e1 Mi\u010din\u00e1 konan\u00e9ho d\u0148a 10.3.2026 v budove obecn\u00e9ho \u00faradu Horn\u00e1 Mi\u010din\u00e1 o 17 :00 hod. PR\u00cdTOMN\u00cd POSLANCI: Michal Karkal\u00edk, \u013dubom\u00edr \u010cerh\u00fd\u0148 ,Teodor Bachleda, Tibor Pip\u00ed\u0161ka uznesenie \u010d.128\/2026 z 10.3.2026 K bodu 2. Vo\u013eba n\u00e1vrhovej komisie, overovate\u013ea z\u00e1pisnice a zapisovate\u013ea OZ obce\u2026","rel":"","context":"V &quot;Uznesenia&quot;","block_context":{"text":"Uznesenia","link":"https:\/\/www.hornamicina.eu\/web\/category\/uznesenia\/"},"img":{"alt_text":"","src":"https:\/\/i0.wp.com\/www.hornamicina.eu\/web\/wp-content\/uploads\/2017\/07\/zastupitelstvo.jpg?fit=530%2C375&ssl=1&resize=350%2C200","width":350,"height":200,"srcset":"https:\/\/i0.wp.com\/www.hornamicina.eu\/web\/wp-content\/uploads\/2017\/07\/zastupitelstvo.jpg?fit=530%2C375&ssl=1&resize=350%2C200 1x, https:\/\/i0.wp.com\/www.hornamicina.eu\/web\/wp-content\/uploads\/2017\/07\/zastupitelstvo.jpg?fit=530%2C375&ssl=1&resize=525%2C300 1.5x"},"classes":[]},{"id":5495,"url":"https:\/\/www.hornamicina.eu\/web\/uznesenia-zo-zasadnutia-oz-hm-zo-dna-25-9-2025\/","url_meta":{"origin":5605,"position":4},"title":"Uznesenia zo zasadnutia OZ HM zo d\u0148a 25.9.2025","author":"admin","date":"8. okt\u00f3bra 2025","format":false,"excerpt":"\u00a0\u00a0\u00a0\u00a0\u00a0\u00a0\u00a0\u00a0\u00a0\u00a0\u00a0\u00a0\u00a0\u00a0\u00a0\u00a0\u00a0\u00a0\u00a0\u00a0\u00a0\u00a0\u00a0\u00a0\u00a0\u00a0\u00a0\u00a0\u00a0\u00a0\u00a0\u00a0\u00a0\u00a0\u00a0\u00a0\u00a0\u00a0\u00a0\u00a0\u00a0\u00a0\u00a0\u00a0\u00a0\u00a0\u00a0\u00a0\u00a0\u00a0\u00a0\u00a0\u00a0\u00a0\u00a0\u00a0\u00a0\u00a0 UZNESENIA zo zasadnutia obecn\u00e9ho zastupite\u013estva (\u010falej len OZ) obce Horn\u00e1 Mi\u010din\u00e1 konan\u00e9ho d\u0148a 25.9.2025 v\u00a0budove obecn\u00e9ho \u00faradu Horn\u00e1 Mi\u010din\u00e1 o\u00a018 :00 hod. \u00a0 PR\u00cdTOMN\u00cd POSLANCI:\u00a0\u00a0 Michal Karkal\u00edk,\u00a0 \u013dubom\u00edr \u010cerh\u00fd\u0148 ,Janka Baranov\u00e1 ,Teodor Bachleda, Tibor Pip\u00ed\u0161ka \u00a0 \u00a0 uznesenie \u010d.91\/2025 \u00a0 K\u00a0bodu 2. Vo\u013eba n\u00e1vrhovej komisie, overovate\u013ea z\u00e1pisnice a\u00a0zapisovate\u013ea \u00a0\u2026","rel":"","context":"V &quot;Uznesenia&quot;","block_context":{"text":"Uznesenia","link":"https:\/\/www.hornamicina.eu\/web\/category\/uznesenia\/"},"img":{"alt_text":"Logo obce a dokumenty","src":"https:\/\/i0.wp.com\/www.hornamicina.eu\/web\/wp-content\/uploads\/2017\/07\/uznesenia.jpg?fit=530%2C530&ssl=1&resize=350%2C200","width":350,"height":200,"srcset":"https:\/\/i0.wp.com\/www.hornamicina.eu\/web\/wp-content\/uploads\/2017\/07\/uznesenia.jpg?fit=530%2C530&ssl=1&resize=350%2C200 1x, https:\/\/i0.wp.com\/www.hornamicina.eu\/web\/wp-content\/uploads\/2017\/07\/uznesenia.jpg?fit=530%2C530&ssl=1&resize=525%2C300 1.5x"},"classes":[]},{"id":5293,"url":"https:\/\/www.hornamicina.eu\/web\/uznesenia-zo-zasadnutia-oz-hm-konaneho-dna-2-6-2025\/","url_meta":{"origin":5605,"position":5},"title":"Uznesenia zo zasadnutia OZ HM konan\u00e9ho d\u0148a 2.6.2025","author":"admin","date":"13. j\u00fana 2025","format":false,"excerpt":"UZNESENIA zo zasadnutia obecn\u00e9ho zastupite\u013estva (\u010falej len OZ) obce Horn\u00e1 Mi\u010din\u00e1 konan\u00e9ho d\u0148a 2.6.2025 v\u00a0budove obecn\u00e9ho \u00faradu Horn\u00e1 Mi\u010din\u00e1 o\u00a017:00 hod. PR\u00cdTOMN\u00cd POSLANCI: \u00a0\u00a0Michal Karkal\u00edk, \u00a0\u013dubom\u00edr \u010cerh\u00fd\u0148 ,Janka Baranov\u00e1 ,Teodor Bachleda (pr\u00edchod 17:30) NEPR\u00cdTOMN\u00cd POSLANCI: \u00a0-\u00a0 Tibor Pip\u00ed\u0161ka \u00a0 uznesenie \u010d.73\/2025 \u00a0 K\u00a0bodu 2. Vo\u013eba n\u00e1vrhovej komisie, overovate\u013ea z\u00e1pisnice a\u00a0zapisovate\u013ea\u2026","rel":"","context":"V &quot;Uznesenia&quot;","block_context":{"text":"Uznesenia","link":"https:\/\/www.hornamicina.eu\/web\/category\/uznesenia\/"},"img":{"alt_text":"","src":"https:\/\/i0.wp.com\/www.hornamicina.eu\/web\/wp-content\/uploads\/2017\/07\/zastupitelstvo.jpg?fit=530%2C375&ssl=1&resize=350%2C200","width":350,"height":200,"srcset":"https:\/\/i0.wp.com\/www.hornamicina.eu\/web\/wp-content\/uploads\/2017\/07\/zastupitelstvo.jpg?fit=530%2C375&ssl=1&resize=350%2C200 1x, https:\/\/i0.wp.com\/www.hornamicina.eu\/web\/wp-content\/uploads\/2017\/07\/zastupitelstvo.jpg?fit=530%2C375&ssl=1&resize=525%2C300 1.5x"},"classes":[]}],"jetpack_likes_enabled":true,"_links":{"self":[{"href":"https:\/\/www.hornamicina.eu\/web\/wp-json\/wp\/v2\/posts\/5605","targetHints":{"allow":["GET"]}}],"collection":[{"href":"https:\/\/www.hornamicina.eu\/web\/wp-json\/wp\/v2\/posts"}],"about":[{"href":"https:\/\/www.hornamicina.eu\/web\/wp-json\/wp\/v2\/types\/post"}],"author":[{"embeddable":true,"href":"https:\/\/www.hornamicina.eu\/web\/wp-json\/wp\/v2\/users\/1"}],"replies":[{"embeddable":true,"href":"https:\/\/www.hornamicina.eu\/web\/wp-json\/wp\/v2\/comments?post=5605"}],"version-history":[{"count":1,"href":"https:\/\/www.hornamicina.eu\/web\/wp-json\/wp\/v2\/posts\/5605\/revisions"}],"predecessor-version":[{"id":5607,"href":"https:\/\/www.hornamicina.eu\/web\/wp-json\/wp\/v2\/posts\/5605\/revisions\/5607"}],"wp:featuredmedia":[{"embeddable":true,"href":"https:\/\/www.hornamicina.eu\/web\/wp-json\/wp\/v2\/media\/503"}],"wp:attachment":[{"href":"https:\/\/www.hornamicina.eu\/web\/wp-json\/wp\/v2\/media?parent=5605"}],"wp:term":[{"taxonomy":"category","embeddable":true,"href":"https:\/\/www.hornamicina.eu\/web\/wp-json\/wp\/v2\/categories?post=5605"},{"taxonomy":"post_tag","embeddable":true,"href":"https:\/\/www.hornamicina.eu\/web\/wp-json\/wp\/v2\/tags?post=5605"}],"curies":[{"name":"wp","href":"https:\/\/api.w.org\/{rel}","templated":true}]}}