{"id":5589,"date":"2025-12-03T07:48:12","date_gmt":"2025-12-03T06:48:12","guid":{"rendered":"https:\/\/www.hornamicina.eu\/web\/?p=5589"},"modified":"2025-12-03T07:48:12","modified_gmt":"2025-12-03T06:48:12","slug":"mikulas-2025","status":"publish","type":"post","link":"https:\/\/www.hornamicina.eu\/web\/mikulas-2025\/","title":{"rendered":"Mikul\u00e1\u0161 2025"},"content":{"rendered":"<p>Poz\u00fdvame v\u0161etk\u00fdch mal\u00fdch a ve\u013ek\u00fdch obyvate\u013eov obce a priate\u013eov na stretnutie v parku a rozsvietenie Viano\u010dn\u00e9ho strom\u010deka<\/p>\n<blockquote><p><span style=\"font-size: 14pt;\"><strong>6.12.2025 \/sobota\/ v parku od 15:00<\/strong><\/span><\/p><\/blockquote>\n<p>Program:<\/p>\n<ul>\n<li>15:00 Viano\u010dn\u00e1 kapustnica a pun\u010d<\/li>\n<li>16:00 L\u00edvia Bloom (spev\u00e1\u010dka)<\/li>\n<li>17:00 Oh\u0148ov\u00e1 show Duo Kyseli Krastavci<\/li>\n<li>17:30 \u010cakanie na Mikul\u00e1\u0161a a mikul\u00e1\u0161ske bal\u00ed\u010dky pre na\u0161e deti<\/li>\n<li>18:30 Helig\u00f3nka a fujara (hudobn\u00edci)<\/li>\n<\/ul>\n<p>&nbsp;<\/p>\n<p>Zabezpe\u010den\u00e9 alko\/nealko n\u00e1poje a ob\u010derstvenie.<\/p>\n<p>Te\u0161\u00edme sa na spolo\u010dn\u00e9 pr\u00edjemn\u00e9 stretnutie.<\/p>\n<p><a href=\"https:\/\/i0.wp.com\/www.hornamicina.eu\/web\/wp-content\/uploads\/2025\/12\/Mikulas2025.png?ssl=1\"><img data-recalc-dims=\"1\" loading=\"lazy\" decoding=\"async\" data-attachment-id=\"5591\" data-permalink=\"https:\/\/www.hornamicina.eu\/web\/mikulas-2025\/mikulas2025\/\" data-orig-file=\"https:\/\/i0.wp.com\/www.hornamicina.eu\/web\/wp-content\/uploads\/2025\/12\/Mikulas2025.png?fit=717%2C1017&amp;ssl=1\" data-orig-size=\"717,1017\" data-comments-opened=\"0\" data-image-meta=\"{&quot;aperture&quot;:&quot;0&quot;,&quot;credit&quot;:&quot;&quot;,&quot;camera&quot;:&quot;&quot;,&quot;caption&quot;:&quot;&quot;,&quot;created_timestamp&quot;:&quot;0&quot;,&quot;copyright&quot;:&quot;&quot;,&quot;focal_length&quot;:&quot;0&quot;,&quot;iso&quot;:&quot;0&quot;,&quot;shutter_speed&quot;:&quot;0&quot;,&quot;title&quot;:&quot;&quot;,&quot;orientation&quot;:&quot;0&quot;}\" data-image-title=\"Mikulas2025\" data-image-description=\"\" data-image-caption=\"\" data-large-file=\"https:\/\/i0.wp.com\/www.hornamicina.eu\/web\/wp-content\/uploads\/2025\/12\/Mikulas2025.png?fit=717%2C1017&amp;ssl=1\" class=\"alignnone size-full wp-image-5591\" src=\"https:\/\/i0.wp.com\/www.hornamicina.eu\/web\/wp-content\/uploads\/2025\/12\/Mikulas2025.png?resize=717%2C1017&#038;ssl=1\" alt=\"\" width=\"717\" height=\"1017\" srcset=\"https:\/\/i0.wp.com\/www.hornamicina.eu\/web\/wp-content\/uploads\/2025\/12\/Mikulas2025.png?w=717&amp;ssl=1 717w, https:\/\/i0.wp.com\/www.hornamicina.eu\/web\/wp-content\/uploads\/2025\/12\/Mikulas2025.png?resize=212%2C300&amp;ssl=1 212w\" sizes=\"auto, (max-width: 717px) 100vw, 717px\" \/><\/a><\/p>\n","protected":false},"excerpt":{"rendered":"Poz\u00fdvame v\u0161etk\u00fdch mal\u00fdch a ve\u013ek\u00fdch obyvate\u013eov obce a priate\u013eov na stretnutie v parku [&hellip;]","protected":false},"author":1,"featured_media":5590,"comment_status":"closed","ping_status":"open","sticky":false,"template":"","format":"standard","meta":{"advanced_seo_description":"","jetpack_seo_html_title":"","jetpack_seo_noindex":false,"_jetpack_memberships_contains_paid_content":false,"footnotes":""},"categories":[7],"tags":[],"class_list":["post-5589","post","type-post","status-publish","format-standard","has-post-thumbnail","hentry","category-kultura"],"jetpack_featured_media_url":"https:\/\/i0.wp.com\/www.hornamicina.eu\/web\/wp-content\/uploads\/2025\/12\/mik2025-titl.png?fit=629%2C340&ssl=1","jetpack_sharing_enabled":true,"jetpack_shortlink":"https:\/\/wp.me\/p8RsFw-1s9","jetpack-related-posts":[{"id":672,"url":"https:\/\/www.hornamicina.eu\/web\/mikulas-2017\/","url_meta":{"origin":5589,"position":0},"title":"Mikul\u00e1\u0161 2017","author":"admin","date":"4. decembra 2017","format":false,"excerpt":"Obec Horn\u00e1 Mi\u010din\u00e1 poz\u00fdva mal\u00fdch aj ve\u013ek\u00fdch d\u0148a 9.12.2017 (sobota) na stretnutie s Mikul\u00e1\u0161om, rozsvietenie viano\u010dn\u00e9ho strom\u010deka a sladk\u00fa odmenu pre deti. Pozv\u00e1nka na stretnutie s Mikul\u00e1\u0161om - 2017 \u00a0 PROGRAM: 16:00 hod. \u00a0 \u00a0- rozsvietenie viano\u010dn\u00e9ho strom\u010deka v obecnom parku 16:30 hod. \u00a0 \u00a0- divadeln\u00e9 predstavenie v s\u00e1le obecn\u00e9ho\u2026","rel":"","context":"V &quot;Kult\u00fara&quot;","block_context":{"text":"Kult\u00fara","link":"https:\/\/www.hornamicina.eu\/web\/category\/kultura\/"},"img":{"alt_text":"","src":"https:\/\/i0.wp.com\/www.hornamicina.eu\/web\/wp-content\/uploads\/2017\/12\/stromcek1.png?fit=530%2C530&ssl=1&resize=350%2C200","width":350,"height":200,"srcset":"https:\/\/i0.wp.com\/www.hornamicina.eu\/web\/wp-content\/uploads\/2017\/12\/stromcek1.png?fit=530%2C530&ssl=1&resize=350%2C200 1x, https:\/\/i0.wp.com\/www.hornamicina.eu\/web\/wp-content\/uploads\/2017\/12\/stromcek1.png?fit=530%2C530&ssl=1&resize=525%2C300 1.5x"},"classes":[]},{"id":1675,"url":"https:\/\/www.hornamicina.eu\/web\/mikulas-2019\/","url_meta":{"origin":5589,"position":1},"title":"Mikul\u00e1\u0161 2019","author":"admin","date":"25. novembra 2019","format":false,"excerpt":"Obec Horn\u00e1 Mi\u010din\u00e1 poz\u00fdva deti obce d\u0148a 7.12.2019 (sobota) na stretnutie s Mikul\u00e1\u0161om, rozsvietenie viano\u010dn\u00e9ho strom\u010deka a sladk\u00fa odmenu. PROGRAM: 14:45 hod. \u00a0 \u00a0- divadeln\u00e9 predstavenie hercov z Divadla pod balk\u00f3nom v s\u00e1le obecn\u00e9ho \u00faradu a rozd\u00e1vanie mikul\u00e1\u0161skych bal\u00edkov 16:00 hod. \u00a0 \u00a0- rozsvietenie viano\u010dn\u00e9ho strom\u010deka v obecnom parku \u00a0\u2026","rel":"","context":"V &quot;Kult\u00fara&quot;","block_context":{"text":"Kult\u00fara","link":"https:\/\/www.hornamicina.eu\/web\/category\/kultura\/"},"img":{"alt_text":"","src":"https:\/\/i0.wp.com\/www.hornamicina.eu\/web\/wp-content\/uploads\/2019\/11\/mikulast.jpg?fit=1069%2C550&ssl=1&resize=350%2C200","width":350,"height":200,"srcset":"https:\/\/i0.wp.com\/www.hornamicina.eu\/web\/wp-content\/uploads\/2019\/11\/mikulast.jpg?fit=1069%2C550&ssl=1&resize=350%2C200 1x, https:\/\/i0.wp.com\/www.hornamicina.eu\/web\/wp-content\/uploads\/2019\/11\/mikulast.jpg?fit=1069%2C550&ssl=1&resize=525%2C300 1.5x, https:\/\/i0.wp.com\/www.hornamicina.eu\/web\/wp-content\/uploads\/2019\/11\/mikulast.jpg?fit=1069%2C550&ssl=1&resize=700%2C400 2x, https:\/\/i0.wp.com\/www.hornamicina.eu\/web\/wp-content\/uploads\/2019\/11\/mikulast.jpg?fit=1069%2C550&ssl=1&resize=1050%2C600 3x"},"classes":[]},{"id":3372,"url":"https:\/\/www.hornamicina.eu\/web\/mikulas-2022\/","url_meta":{"origin":5589,"position":2},"title":"Mikul\u00e1\u0161 2022","author":"admin","date":"6. decembra 2022","format":false,"excerpt":"Obec Horn\u00e1 Mi\u010din\u00e1 poz\u00fdva mal\u00fdch aj ve\u013ek\u00fdch na stretnutie s Mikul\u00e1\u0161om, sladk\u00fa odmenu pre deti a rozsvietenie viano\u010dn\u00e9ho strom\u010deka. Kedy? 10. decembra 2022 Kde? v obecnom parku \u00a0 o 15:30 rozsvietenie viano\u010dn\u00e9ho strom\u010deka v obecnom parku 16:00 divadlo pre deti a Mikul\u00e1\u0161 na obecnom \u00farade \u00a0 Po ukon\u010den\u00ed bude lampi\u00f3nov\u00fd\u2026","rel":"","context":"V &quot;D\u00f4le\u017eit\u00e9&quot;","block_context":{"text":"D\u00f4le\u017eit\u00e9","link":"https:\/\/www.hornamicina.eu\/web\/category\/dolezite\/"},"img":{"alt_text":"","src":"https:\/\/i0.wp.com\/www.hornamicina.eu\/web\/wp-content\/uploads\/2022\/12\/mikulas.png?fit=1200%2C814&ssl=1&resize=350%2C200","width":350,"height":200,"srcset":"https:\/\/i0.wp.com\/www.hornamicina.eu\/web\/wp-content\/uploads\/2022\/12\/mikulas.png?fit=1200%2C814&ssl=1&resize=350%2C200 1x, https:\/\/i0.wp.com\/www.hornamicina.eu\/web\/wp-content\/uploads\/2022\/12\/mikulas.png?fit=1200%2C814&ssl=1&resize=525%2C300 1.5x, https:\/\/i0.wp.com\/www.hornamicina.eu\/web\/wp-content\/uploads\/2022\/12\/mikulas.png?fit=1200%2C814&ssl=1&resize=700%2C400 2x, https:\/\/i0.wp.com\/www.hornamicina.eu\/web\/wp-content\/uploads\/2022\/12\/mikulas.png?fit=1200%2C814&ssl=1&resize=1050%2C600 3x"},"classes":[]},{"id":1100,"url":"https:\/\/www.hornamicina.eu\/web\/mikulas-2018\/","url_meta":{"origin":5589,"position":3},"title":"Mikul\u00e1\u0161 2018","author":"admin","date":"29. novembra 2018","format":false,"excerpt":"Obec Horn\u00e1 Mi\u010din\u00e1 poz\u00fdva mal\u00fdch aj ve\u013ek\u00fdch d\u0148a 8.12.2018 (sobota) na stretnutie s Mikul\u00e1\u0161om, rozsvietenie viano\u010dn\u00e9ho strom\u010deka a sladk\u00fa odmenu pre deti. Pozv\u00e1nka na stretnutie s Mikul\u00e1\u0161om - 2018 \u00a0 PROGRAM: 14:30 hod. \u00a0 \u00a0- divadeln\u00e9 predstavenie hercov z Divadla pod balk\u00f3nom v s\u00e1le obecn\u00e9ho \u00faradu a rozd\u00e1vanie mikul\u00e1\u0161skych bal\u00edkov\u2026","rel":"","context":"V &quot;Kult\u00fara&quot;","block_context":{"text":"Kult\u00fara","link":"https:\/\/www.hornamicina.eu\/web\/category\/kultura\/"},"img":{"alt_text":"","src":"https:\/\/i0.wp.com\/www.hornamicina.eu\/web\/wp-content\/uploads\/2017\/12\/stromcek1.png?fit=530%2C530&ssl=1&resize=350%2C200","width":350,"height":200,"srcset":"https:\/\/i0.wp.com\/www.hornamicina.eu\/web\/wp-content\/uploads\/2017\/12\/stromcek1.png?fit=530%2C530&ssl=1&resize=350%2C200 1x, https:\/\/i0.wp.com\/www.hornamicina.eu\/web\/wp-content\/uploads\/2017\/12\/stromcek1.png?fit=530%2C530&ssl=1&resize=525%2C300 1.5x"},"classes":[]},{"id":4023,"url":"https:\/\/www.hornamicina.eu\/web\/mikulas-2023\/","url_meta":{"origin":5589,"position":4},"title":"Mikul\u00e1\u0161 2023","author":"admin","date":"29. novembra 2023","format":false,"excerpt":"Obec Horn\u00e1 Mi\u010din\u00e1 poz\u00fdva mil\u00e9 deti a rodi\u010dov\u00a0 Mikul\u00e1\u0161 pre najmen\u0161\u00edch 9.12.2023 (sobota) od 16:15 hod \u00a0 16:15 - stretnutie pri viano\u010dnom strom\u010deku v parku Horn\u00e1 Mi\u010din\u00e1 16:30 - Rozsvietenie strom\u010deka 17:00 - Divadeln\u00e9 predstavenie pre najmen\u0161\u00edch - Havko a M\u0148auka sa chystaj\u00fa na Vianoce \u00a0 \u00da\u010das\u0165 pros\u00edm nahl\u00e1ste cez\u2026","rel":"","context":"V &quot;Kult\u00fara&quot;","block_context":{"text":"Kult\u00fara","link":"https:\/\/www.hornamicina.eu\/web\/category\/kultura\/"},"img":{"alt_text":"","src":"https:\/\/i0.wp.com\/www.hornamicina.eu\/web\/wp-content\/uploads\/2023\/11\/Mikulas2023.png?fit=1200%2C653&ssl=1&resize=350%2C200","width":350,"height":200,"srcset":"https:\/\/i0.wp.com\/www.hornamicina.eu\/web\/wp-content\/uploads\/2023\/11\/Mikulas2023.png?fit=1200%2C653&ssl=1&resize=350%2C200 1x, https:\/\/i0.wp.com\/www.hornamicina.eu\/web\/wp-content\/uploads\/2023\/11\/Mikulas2023.png?fit=1200%2C653&ssl=1&resize=525%2C300 1.5x, https:\/\/i0.wp.com\/www.hornamicina.eu\/web\/wp-content\/uploads\/2023\/11\/Mikulas2023.png?fit=1200%2C653&ssl=1&resize=700%2C400 2x, https:\/\/i0.wp.com\/www.hornamicina.eu\/web\/wp-content\/uploads\/2023\/11\/Mikulas2023.png?fit=1200%2C653&ssl=1&resize=1050%2C600 3x"},"classes":[]},{"id":4979,"url":"https:\/\/www.hornamicina.eu\/web\/popoludnie-s-mikulasom-a-kuzelnikom\/","url_meta":{"origin":5589,"position":5},"title":"Popoludnie s Mikul\u00e1\u0161om a k\u00fazeln\u00edkom","author":"admin","date":"28. novembra 2024","format":false,"excerpt":"Obec Horn\u00e1 Mi\u010din\u00e1 poz\u00fdva v\u0161etky deti a rodi\u010dov 7.12.2024 \/ sobota \/ od 16:00 na Popoludnie s Mikul\u00e1\u0161om a k\u00fazeln\u00edkom stretnutie o 16:00 hod v parku pri rozsvieten\u00ed viano\u010dn\u00e9ho strom\u010deka \u010ealej V\u00e1s \u010dak\u00e1: vesel\u00e1 k\u00fazeln\u00edcka show s K\u00fazeln\u00edkom Michalom pr\u00edde aj \u010dert a anjel sladk\u00e9 odmeny pre v\u0161etky dobr\u00e9 deti\u2026","rel":"","context":"V &quot;Kult\u00fara&quot;","block_context":{"text":"Kult\u00fara","link":"https:\/\/www.hornamicina.eu\/web\/category\/kultura\/"},"img":{"alt_text":"","src":"https:\/\/i0.wp.com\/www.hornamicina.eu\/web\/wp-content\/uploads\/2024\/11\/Mikulas2024.png?fit=1200%2C509&ssl=1&resize=350%2C200","width":350,"height":200,"srcset":"https:\/\/i0.wp.com\/www.hornamicina.eu\/web\/wp-content\/uploads\/2024\/11\/Mikulas2024.png?fit=1200%2C509&ssl=1&resize=350%2C200 1x, https:\/\/i0.wp.com\/www.hornamicina.eu\/web\/wp-content\/uploads\/2024\/11\/Mikulas2024.png?fit=1200%2C509&ssl=1&resize=525%2C300 1.5x, https:\/\/i0.wp.com\/www.hornamicina.eu\/web\/wp-content\/uploads\/2024\/11\/Mikulas2024.png?fit=1200%2C509&ssl=1&resize=700%2C400 2x, https:\/\/i0.wp.com\/www.hornamicina.eu\/web\/wp-content\/uploads\/2024\/11\/Mikulas2024.png?fit=1200%2C509&ssl=1&resize=1050%2C600 3x"},"classes":[]}],"jetpack_likes_enabled":true,"_links":{"self":[{"href":"https:\/\/www.hornamicina.eu\/web\/wp-json\/wp\/v2\/posts\/5589","targetHints":{"allow":["GET"]}}],"collection":[{"href":"https:\/\/www.hornamicina.eu\/web\/wp-json\/wp\/v2\/posts"}],"about":[{"href":"https:\/\/www.hornamicina.eu\/web\/wp-json\/wp\/v2\/types\/post"}],"author":[{"embeddable":true,"href":"https:\/\/www.hornamicina.eu\/web\/wp-json\/wp\/v2\/users\/1"}],"replies":[{"embeddable":true,"href":"https:\/\/www.hornamicina.eu\/web\/wp-json\/wp\/v2\/comments?post=5589"}],"version-history":[{"count":1,"href":"https:\/\/www.hornamicina.eu\/web\/wp-json\/wp\/v2\/posts\/5589\/revisions"}],"predecessor-version":[{"id":5592,"href":"https:\/\/www.hornamicina.eu\/web\/wp-json\/wp\/v2\/posts\/5589\/revisions\/5592"}],"wp:featuredmedia":[{"embeddable":true,"href":"https:\/\/www.hornamicina.eu\/web\/wp-json\/wp\/v2\/media\/5590"}],"wp:attachment":[{"href":"https:\/\/www.hornamicina.eu\/web\/wp-json\/wp\/v2\/media?parent=5589"}],"wp:term":[{"taxonomy":"category","embeddable":true,"href":"https:\/\/www.hornamicina.eu\/web\/wp-json\/wp\/v2\/categories?post=5589"},{"taxonomy":"post_tag","embeddable":true,"href":"https:\/\/www.hornamicina.eu\/web\/wp-json\/wp\/v2\/tags?post=5589"}],"curies":[{"name":"wp","href":"https:\/\/api.w.org\/{rel}","templated":true}]}}