{"id":5527,"date":"2025-10-28T13:14:35","date_gmt":"2025-10-28T12:14:35","guid":{"rendered":"https:\/\/www.hornamicina.eu\/web\/?p=5527"},"modified":"2025-10-28T13:14:35","modified_gmt":"2025-10-28T12:14:35","slug":"vtacia-chripka-prevencia","status":"publish","type":"post","link":"https:\/\/www.hornamicina.eu\/web\/vtacia-chripka-prevencia\/","title":{"rendered":"Vt\u00e1\u010dia chr\u00edpka\u00a0 &#8211; prevencia"},"content":{"rendered":"<p>Region\u00e1lna veterin\u00e1rna a potravinov\u00e1 spr\u00e1va Bansk\u00e1 Bystrica ako pr\u00edslu\u0161n\u00fd org\u00e1n \u0161t\u00e1tnej spr\u00e1vy vo veterin\u00e1rnej oblasti V\u00e1s t\u00fdmto \u017eiada, aby ste informovali prostredn\u00edctvom miestneho rozhlasu, vyvesen\u00edm na \u00faradnej tabuli obce alebo in\u00fdm v mieste obvykl\u00fdm sp\u00f4sobom ob\u010danov a\u00a0chovate\u013eov vt\u00e1ctva a hydiny vo Va\u0161ej obci (meste) o\u00a0prevent\u00edvnych opatreniach vo\u010di vt\u00e1\u010dej chr\u00edpke.<\/p>\n<p>Po nieko\u013ekomesa\u010dnom letnom obdob\u00ed v\u00a0Eur\u00f3pe op\u00e4\u0165 doch\u00e1dza k\u00a0n\u00e1rastu po\u010dtu ohn\u00edsk a\u00a0pozit\u00edvnych pr\u00edpadov vysokopatog\u00e9nnej avi\u00e1rnej influenzy ( \u010falej len ,, AI\u201c \u2013 vt\u00e1\u010dia chr\u00edpka) v\u00a0Eur\u00f3pe.<\/p>\n<p>V\u00a0SR boli po\u010das za\u010d\u00ednaj\u00facej zimnej sez\u00f3ny 2025\/2026 (za posledn\u00e9 2 t\u00fd\u017edne) zachyten\u00e9:<\/p>\n<ul>\n<li>2 ohnisk\u00e1 u\u00a0vt\u00e1kov dr\u017ean\u00fdch v zajat\u00ed \u2013 okr. Trnava a\u00a0Galanta<\/li>\n<li>1 ohnisko u\u00a0hydiny \u2013 okr. Tvrdo\u0161\u00edn<\/li>\n<\/ul>\n<p>&nbsp;<\/p>\n<p>V s\u00favislosti s v\u00fdskytom tejto n\u00e1kazy je potrebn\u00e9, aby ob\u010dania, a predov\u0161etk\u00fdm chovatelia vt\u00e1ctva, boli obozretn\u00ed, pokia\u013e ide o riziko zavle\u010denia v\u00edrusu do chovov infikovan\u00fdmi vo\u013ene \u017eij\u00facimi vt\u00e1kmi. Obranou proti v\u00fdskytu n\u00e1kazy v chovoch je\u00a0<strong>PREVENCIA<\/strong>.<\/p>\n<p>&nbsp;<\/p>\n<p><strong><u>Vlastn\u00edkom alebo dr\u017eite\u013eom hydiny je prevent\u00edvne odpor\u00fa\u010dan\u00e9: <\/u><\/strong><\/p>\n<ol>\n<li>zabr\u00e1ni\u0165 priamemu a nepriamemu kontaktu vo\u013ene \u017eij\u00facich vt\u00e1kov, zvl\u00e1\u0161\u0165 vodn\u00e9ho vt\u00e1ctva s hydinou;<\/li>\n<li>n\u00e1kup hydiny len z registrovan\u00fdch fariem;<\/li>\n<li>vy\u010dleni\u0165 jednu osobu, ktor\u00e1 sa bude stara\u0165 o\u00a0hydinu;<\/li>\n<li>hydinu vo vo\u013enom v\u00fdbehu k\u0155mi\u0165 a nap\u00e1ja\u0165 v uzavretom priestore, alebo pod pr\u00edstre\u0161kom ktor\u00fd dostato\u010dne br\u00e1ni prilietavaniu vo\u013ene \u017eij\u00facich vt\u00e1kov a zamedzuje kontakt vo\u013ene \u017eij\u00facich vt\u00e1kov s krmivom a vodou ur\u010denou pre hydinu;<\/li>\n<li>vonku umiestnen\u00e9 z\u00e1sobn\u00edky s vodou po\u017eadovan\u00e9 v z\u00e1ujme zabezpe\u010denia optim\u00e1lnych \u017eivotn\u00fdch podmienok pre ur\u010dit\u00e9 druhy hydiny dostato\u010dne chr\u00e1ni\u0165 pred vo\u013ene \u017eij\u00facim vodn\u00fdm vt\u00e1ctvom;<\/li>\n<li>hydinu nenap\u00e1ja\u0165 vodou zo z\u00e1sobn\u00edkov povrchov\u00fdch v\u00f4d pr\u00edstupn\u00fdch vo\u013ene \u017eij\u00facemu vt\u00e1ctvu;<\/li>\n<li>Akt\u00edvne dezinfek\u010dn\u00e9 roho\u017ee pred vstupom do chovn\u00e9ho priestoru;<\/li>\n<li>Odpor\u00fa\u010dan\u00e1 je aj d\u00f4kladn\u00e1 deratiz\u00e1cia;<\/li>\n<li>bezodkladne oznamova\u0165 pr\u00edslu\u0161n\u00e9mu org\u00e1nu veterin\u00e1rnej spr\u00e1vy ak\u00e9ko\u013evek pr\u00edznaky vt\u00e1\u010dej chr\u00edpky u hydiny a in\u00fdch vt\u00e1kov chovan\u00fdch v zajat\u00ed pod\u013ea krit\u00e9ri\u00ed:\n<ul>\n<li>pokles v pr\u00edjme potravy a\u00a0vody,<\/li>\n<li>pokles v produkcii vajec trvaj\u00faci dlh\u0161ie ako 2 dni,<\/li>\n<li>\u00a0\u00famrtnos\u0165,<\/li>\n<li>ak\u00fdko\u013evek klinick\u00fd prejav, ktor\u00fd sved\u010d\u00ed pre vt\u00e1\u010diu chr\u00edpku.<\/li>\n<\/ul>\n<\/li>\n<\/ol>\n<p><strong>\u00a0<\/strong><\/p>\n<h2><strong>Rizik\u00e1 pre \u013eud\u00ed prich\u00e1dzaj\u00facich do kontaktu s vt\u00e1ctvom<\/strong><\/h2>\n<p>\u013dudia, ktor\u00ed chovaj\u00fa vt\u00e1ky, by si mali uvedomova\u0165 mo\u017en\u00e9 rizik\u00e1, ktor\u00e9 pre ich chov avi\u00e1rna influenza predstavuje. V tejto s\u00favislosti je potrebn\u00e9:<\/p>\n<ul>\n<li>Dodr\u017eiava\u0165 pokyny pr\u00edslu\u0161n\u00fdch region\u00e1lnych veterin\u00e1rnych a potravinov\u00fdch spr\u00e1v (RVPS), najm\u00e4 pokia\u013e ide o potrebu k\u0155menia a nap\u00e1jania hydiny v interi\u00e9ri a dr\u017ea\u0165 hydinu v rizikov\u00fdch oblastiach v uzavret\u00fdch priestoroch (aby sa zamedzilo styku dom\u00e1ceho vt\u00e1ctva s vo\u013ene \u017eij\u00facimi vt\u00e1kmi).<\/li>\n<li>Informova\u0165 \u00farady, ak sa objavia nezvy\u010dajne vysok\u00e9 po\u010dty uhynut\u00fdch vo\u013ene \u017eij\u00facich vt\u00e1kov, alebo ak chovan\u00e9 vt\u00e1ctvo ochorie alebo uhynie za neobvykl\u00fdch okolnost\u00ed.<\/li>\n<\/ul>\n<p>RVPS Bansk\u00e1 Bystrica &#8211; 048\/412 56 02,\u00a0 MVDr. Anna Vajc\u00edkov\u00e1 &#8211; 0903 588\u00a0744, MVDr. Mari\u00e1n Stanko &#8211; 0902 129 319<\/p>\n<ul>\n<li>Dodr\u017eiava\u0165 z\u00e1kladn\u00e9 hygienick\u00e9 predpisy \u2013 najm\u00e4 um\u00fdvanie r\u00fak mydlom pri kontakte s vt\u00e1kmi.<\/li>\n<li>Odradi\u0165 deti od hrania sa s vt\u00e1kmi a nau\u010di\u0165 ich, aby informovali dospel\u00fdch, ak uvidia chor\u00e9 alebo m\u0155tve vt\u00e1ky.<\/li>\n<li>Nikdy nezab\u00edjajte alebo nejedzte chor\u00e9 alebo umieraj\u00face vt\u00e1ky, preto\u017ee by to mohlo znamena\u0165 zv\u00fd\u0161en\u00e9 riziko.<\/li>\n<\/ul>\n<ul>\n<li>\u013dudia, ktor\u00ed prich\u00e1dzaj\u00fa do pravideln\u00e9ho kontaktu s hydinou (napr. po\u013enohospod\u00e1ri, veterin\u00e1rni lek\u00e1ri) alebo s vo\u013ene \u017eij\u00facimi vt\u00e1kmi (napr. po\u013eovn\u00edci, pozorovatelia vt\u00e1kov), si musia by\u0165 vedom\u00ed riz\u00edk a prija\u0165 prevent\u00edvne opatrenia.<\/li>\n<li>Riziko prenosu v\u00edrusov vt\u00e1\u010dej chr\u00edpky z vo\u013ene \u017eij\u00facich vt\u00e1kov na \u0161irok\u00fa verejnos\u0165 je n\u00edzke. V\u00e4\u010d\u0161ina pr\u00edpadov infekcie \u013eud\u00ed v\u00edrusmi vt\u00e1\u010dej chr\u00edpky zah\u0155\u0148ala ve\u013emi bl\u00edzky priamy kontakt s chorou hydinou.<\/li>\n<\/ul>\n<p>&nbsp;<\/p>\n<p>MVDr. Anna Vajc\u00edkov\u00e1<\/p>\n<p>region\u00e1lna veterin\u00e1rna lek\u00e1rka<\/p>\n","protected":false},"excerpt":{"rendered":"Region\u00e1lna veterin\u00e1rna a potravinov\u00e1 spr\u00e1va Bansk\u00e1 Bystrica ako pr\u00edslu\u0161n\u00fd org\u00e1n \u0161t\u00e1tnej spr\u00e1vy vo [&hellip;]","protected":false},"author":1,"featured_media":5102,"comment_status":"closed","ping_status":"open","sticky":false,"template":"","format":"standard","meta":{"advanced_seo_description":"","jetpack_seo_html_title":"","jetpack_seo_noindex":false,"_jetpack_memberships_contains_paid_content":false,"footnotes":""},"categories":[5,8],"tags":[],"class_list":["post-5527","post","type-post","status-publish","format-standard","has-post-thumbnail","hentry","category-dolezite","category-oznamy"],"jetpack_featured_media_url":"https:\/\/i0.wp.com\/www.hornamicina.eu\/web\/wp-content\/uploads\/2025\/02\/rvps.png?fit=327%2C103&ssl=1","jetpack_sharing_enabled":true,"jetpack_shortlink":"https:\/\/wp.me\/p8RsFw-1r9","jetpack-related-posts":[{"id":1079,"url":"https:\/\/www.hornamicina.eu\/web\/ukoncenie-1-sv-vojna\/","url_meta":{"origin":5527,"position":0},"title":"Horn\u00e1 Mi\u010din\u00e1 si pripomenula koniec 1. svetovej vojny","author":"admin","date":"12. novembra 2018","format":false,"excerpt":"V\u00a0s\u00favislosti s\u00a0vojnov\u00fdmi udalos\u0165ami na za\u010diatku 20. storo\u010dia, ktor\u00fdch storo\u010dnice za\u010diatku i\u00a0konca si v\u00a0posledn\u00fdch rokoch intenz\u00edvne pripom\u00edname, sa aktivizovali aj obyvatelia obce Horn\u00e1 Mi\u010din\u00e1. Najsk\u00f4r sa zapojili do medzin\u00e1rodn\u00e9ho projektu Europeana a\u00a0zozbierali dostupn\u00e9 dokumenty z\u00a01. svetovej vojny, ktor\u00e9 sa v\u00a0rodin\u00e1ch zachovali. Z\u00a0historick\u00fdch fotografi\u00ed h\u013eadia mlad\u00ed mu\u017ei v\u00a0uniform\u00e1ch, ktor\u00ed e\u0161te netu\u0161ili, ak\u00fd\u2026","rel":"","context":"V &quot;Kult\u00fara&quot;","block_context":{"text":"Kult\u00fara","link":"https:\/\/www.hornamicina.eu\/web\/category\/kultura\/"},"img":{"alt_text":"","src":"https:\/\/i0.wp.com\/www.hornamicina.eu\/web\/wp-content\/uploads\/2018\/11\/jazdeckon.jpg?fit=530%2C375&ssl=1&resize=350%2C200","width":350,"height":200,"srcset":"https:\/\/i0.wp.com\/www.hornamicina.eu\/web\/wp-content\/uploads\/2018\/11\/jazdeckon.jpg?fit=530%2C375&ssl=1&resize=350%2C200 1x, https:\/\/i0.wp.com\/www.hornamicina.eu\/web\/wp-content\/uploads\/2018\/11\/jazdeckon.jpg?fit=530%2C375&ssl=1&resize=525%2C300 1.5x"},"classes":[]},{"id":2776,"url":"https:\/\/www.hornamicina.eu\/web\/domaca-izolacia-pozitivny-test\/","url_meta":{"origin":5527,"position":1},"title":"Dom\u00e1ca izol\u00e1cia, karant\u00e9na a \u010do robi\u0165 po pozit\u00edvnom teste","author":"admin","date":"1. decembra 2021","format":false,"excerpt":"Vyhl\u00e1\u0161ku k izol\u00e1cii os\u00f4b pozit\u00edvnych na ochorenie COVID-19 a\u00a0karant\u00e9ne os\u00f4b, ktor\u00e9 pri\u0161li do \u00fazkeho kontaktu s osobou pozit\u00edvnou na ochorenie COVID-19, n\u00e1jdete tu. Vyhl\u00e1\u0161ka je \u00fa\u010dinn\u00e1 od 11. okt\u00f3bra 2021. Upozornenie: \u00a0Ni\u017e\u0161ie uveden\u00e9 inform\u00e1cie nesl\u00fa\u017eia ako z\u00e1v\u00e4zn\u00e1 interpret\u00e1cia platnej legislat\u00edvy. V pr\u00edpade rozporu plat\u00ed v\u00fdlu\u010dne znenie pr\u00edslu\u0161nej vyhl\u00e1\u0161ky, ktor\u00e1 bola\u2026","rel":"","context":"V &quot;D\u00f4le\u017eit\u00e9&quot;","block_context":{"text":"D\u00f4le\u017eit\u00e9","link":"https:\/\/www.hornamicina.eu\/web\/category\/dolezite\/"},"img":{"alt_text":"","src":"https:\/\/i0.wp.com\/www.hornamicina.eu\/web\/wp-content\/uploads\/2020\/03\/covid-19.jpg?fit=1200%2C334&ssl=1&resize=350%2C200","width":350,"height":200,"srcset":"https:\/\/i0.wp.com\/www.hornamicina.eu\/web\/wp-content\/uploads\/2020\/03\/covid-19.jpg?fit=1200%2C334&ssl=1&resize=350%2C200 1x, https:\/\/i0.wp.com\/www.hornamicina.eu\/web\/wp-content\/uploads\/2020\/03\/covid-19.jpg?fit=1200%2C334&ssl=1&resize=525%2C300 1.5x, https:\/\/i0.wp.com\/www.hornamicina.eu\/web\/wp-content\/uploads\/2020\/03\/covid-19.jpg?fit=1200%2C334&ssl=1&resize=700%2C400 2x, https:\/\/i0.wp.com\/www.hornamicina.eu\/web\/wp-content\/uploads\/2020\/03\/covid-19.jpg?fit=1200%2C334&ssl=1&resize=1050%2C600 3x"},"classes":[]},{"id":2943,"url":"https:\/\/www.hornamicina.eu\/web\/hasici-likvidaciatrav2022\/","url_meta":{"origin":5527,"position":2},"title":"Stop vypa\u013eovaniu tr\u00e1vy!","author":"admin","date":"25. marca 2022","format":false,"excerpt":"Okresn\u00e9 riadite\u013estvo Hasi\u010dsk\u00e9ho a z\u00e1chrann\u00e9ho zboru v Banskej Bystrici V\u00e1m vzh\u013eadom na zv\u00fd\u0161en\u00fd po\u010det v\u00fdjazdov s\u00favisiacich s likvid\u00e1ciou po\u017eiarov tr\u00e1vnat\u00fdch porastov d\u00e1va do pozornosti nasledovn\u00e9: V\u00a0roku 2021 vzniklo v\u00a0okrese Bansk\u00e1 Bystrica 103 po\u017eiarov, ktor\u00fdch n\u00e1sledkom do\u0161lo k\u00a0priamym \u0161kod\u00e1m vo v\u00fd\u0161ke 814 410 Eur. V\u00a0porovnan\u00ed s\u00a0rokom 2020 vzniklo o 19 po\u017eiarov\u2026","rel":"","context":"V &quot;D\u00f4le\u017eit\u00e9&quot;","block_context":{"text":"D\u00f4le\u017eit\u00e9","link":"https:\/\/www.hornamicina.eu\/web\/category\/dolezite\/"},"img":{"alt_text":"","src":"https:\/\/i0.wp.com\/www.hornamicina.eu\/web\/wp-content\/uploads\/2018\/10\/hasici.jpg?fit=640%2C419&ssl=1&resize=350%2C200","width":350,"height":200,"srcset":"https:\/\/i0.wp.com\/www.hornamicina.eu\/web\/wp-content\/uploads\/2018\/10\/hasici.jpg?fit=640%2C419&ssl=1&resize=350%2C200 1x, https:\/\/i0.wp.com\/www.hornamicina.eu\/web\/wp-content\/uploads\/2018\/10\/hasici.jpg?fit=640%2C419&ssl=1&resize=525%2C300 1.5x"},"classes":[]},{"id":3925,"url":"https:\/\/www.hornamicina.eu\/web\/k-zivotnemu-jubileu-90-prekladatelky-viery-hegerovej\/","url_meta":{"origin":5527,"position":3},"title":"K \u017eivotn\u00e9mu jubileu (90) prekladate\u013eky Viery Hegerovej","author":"admin","date":"6. okt\u00f3bra 2023","format":false,"excerpt":"Centrum seniorov v\u00a0Hornej Mi\u010dinej si na svojom stretnut\u00ed v\u00a0stredu 4. okt\u00f3bra 2023 pripomenulo vz\u00e1cnu rod\u00e1\u010dku \u2013 prekladate\u013eku a\u00a0redaktorku Vieru Hegerov\u00fa, roden\u00fa Ferjan\u010dekov\u00fa. O\u00a0jej profesion\u00e1lom \u017eivote poskytla svoje vedomosti liter\u00e1rna histori\u010dka Jana Borgu\u013eov\u00e1, ku ktorej sa pridali pr\u00edtomn\u00e9 \u00fa\u010dastn\u00ed\u010dky, \u010do si na detstvo a\u00a0mlad\u00e9 roky tejto svojej s\u00faputn\u00ed\u010dky pam\u00e4taj\u00fa osobne. Priniesli\u2026","rel":"","context":"V &quot;Denn\u00e9 centrum obce&quot;","block_context":{"text":"Denn\u00e9 centrum obce","link":"https:\/\/www.hornamicina.eu\/web\/category\/denne-centrum-obce\/"},"img":{"alt_text":"","src":"https:\/\/i0.wp.com\/www.hornamicina.eu\/web\/wp-content\/uploads\/2023\/10\/V.-Hegerova-na-terase-HM-min.jpg?fit=480%2C291&ssl=1&resize=350%2C200","width":350,"height":200},"classes":[]},{"id":5736,"url":"https:\/\/www.hornamicina.eu\/web\/k-umrtiu-viery-hegerovej\/","url_meta":{"origin":5527,"position":4},"title":"K \u00famrtiu Viery Hegerovej","author":"admin","date":"10. apr\u00edla 2026","format":false,"excerpt":"\u00a0VIERA HEGEROV\u00c1 * 9. 10. 1933 Bansk\u00e1 Bystrica + 6.4. 2026 Bratislava \u00a0 Pred viac ako dvomi rokmi si Centrum seniorov v\u00a0Hornej Mi\u010dinej na svojom stretnut\u00ed\u00a0 4. okt\u00f3bra 2023 pripomenulo vz\u00e1cnu rod\u00e1\u010dku \u2013 prekladate\u013eku a\u00a0redaktorku Vieru Hegerov\u00fa, roden\u00fa Ferjan\u010dekov\u00fa. O\u00a0jej profesion\u00e1lnom \u017eivote poskytla svoje vedomosti liter\u00e1rna histori\u010dka Jana Borgu\u013eov\u00e1, ku\u2026","rel":"","context":"V &quot;Denn\u00e9 centrum obce&quot;","block_context":{"text":"Denn\u00e9 centrum obce","link":"https:\/\/www.hornamicina.eu\/web\/category\/denne-centrum-obce\/"},"img":{"alt_text":"","src":"https:\/\/i0.wp.com\/www.hornamicina.eu\/web\/wp-content\/uploads\/2023\/10\/Viera-Hegerova-min.jpg?fit=373%2C480&ssl=1&resize=350%2C200","width":350,"height":200},"classes":[]},{"id":5256,"url":"https:\/\/www.hornamicina.eu\/web\/stretnutie-so-susedom-augustinom-rosom\/","url_meta":{"origin":5527,"position":5},"title":"Stretnutie so \u201esusedom\u201c August\u00ednom Rosom","author":"admin","date":"2. j\u00fana 2025","format":false,"excerpt":"Znovu sa uk\u00e1zalo, \u017ee pre zauj\u00edmav\u00e9 stretnutia a z\u00e1\u017eitky netreba chodi\u0165 \u010faleko. Impulz na aktu\u00e1lne podujatie pri\u0161iel po sk\u00fasenosti z konca minul\u00e9ho roka, ke\u010f sa v Dennom centre seniorov uskuto\u010dnila beseda s autorkou knihy O ko\u013eko l\u00e1sky som pri\u0161la s pani Alicou Fr\u0171hwaldovou, ktorej sa z\u00fa\u010dastnil aj jej vydavate\u013e August\u00edn\u2026","rel":"","context":"V &quot;Denn\u00e9 centrum obce&quot;","block_context":{"text":"Denn\u00e9 centrum obce","link":"https:\/\/www.hornamicina.eu\/web\/category\/denne-centrum-obce\/"},"img":{"alt_text":"","src":"https:\/\/i0.wp.com\/www.hornamicina.eu\/web\/wp-content\/uploads\/2025\/06\/Rosa-3-min.jpg?fit=480%2C346&ssl=1&resize=350%2C200","width":350,"height":200},"classes":[]}],"jetpack_likes_enabled":true,"_links":{"self":[{"href":"https:\/\/www.hornamicina.eu\/web\/wp-json\/wp\/v2\/posts\/5527","targetHints":{"allow":["GET"]}}],"collection":[{"href":"https:\/\/www.hornamicina.eu\/web\/wp-json\/wp\/v2\/posts"}],"about":[{"href":"https:\/\/www.hornamicina.eu\/web\/wp-json\/wp\/v2\/types\/post"}],"author":[{"embeddable":true,"href":"https:\/\/www.hornamicina.eu\/web\/wp-json\/wp\/v2\/users\/1"}],"replies":[{"embeddable":true,"href":"https:\/\/www.hornamicina.eu\/web\/wp-json\/wp\/v2\/comments?post=5527"}],"version-history":[{"count":1,"href":"https:\/\/www.hornamicina.eu\/web\/wp-json\/wp\/v2\/posts\/5527\/revisions"}],"predecessor-version":[{"id":5528,"href":"https:\/\/www.hornamicina.eu\/web\/wp-json\/wp\/v2\/posts\/5527\/revisions\/5528"}],"wp:featuredmedia":[{"embeddable":true,"href":"https:\/\/www.hornamicina.eu\/web\/wp-json\/wp\/v2\/media\/5102"}],"wp:attachment":[{"href":"https:\/\/www.hornamicina.eu\/web\/wp-json\/wp\/v2\/media?parent=5527"}],"wp:term":[{"taxonomy":"category","embeddable":true,"href":"https:\/\/www.hornamicina.eu\/web\/wp-json\/wp\/v2\/categories?post=5527"},{"taxonomy":"post_tag","embeddable":true,"href":"https:\/\/www.hornamicina.eu\/web\/wp-json\/wp\/v2\/tags?post=5527"}],"curies":[{"name":"wp","href":"https:\/\/api.w.org\/{rel}","templated":true}]}}