{"id":5512,"date":"2025-09-01T15:46:33","date_gmt":"2025-09-01T13:46:33","guid":{"rendered":"https:\/\/www.hornamicina.eu\/web\/?p=5512"},"modified":"2025-10-15T15:46:55","modified_gmt":"2025-10-15T13:46:55","slug":"zverejnenie-zameru-prenajat-majetok-obce-h-micina-z-dovodu-hodneho-os-zretela-sps","status":"publish","type":"post","link":"https:\/\/www.hornamicina.eu\/web\/zverejnenie-zameru-prenajat-majetok-obce-h-micina-z-dovodu-hodneho-os-zretela-sps\/","title":{"rendered":"Zverejnenie z\u00e1meru prenaja\u0165 majetok obce H. Mi\u010din\u00e1 z d\u00f4vodu hodn\u00e9ho os. zrete\u013ea &#8211; SPS"},"content":{"rendered":"<h2 style=\"text-align: center;\">Zverejnenie z\u00e1meru<\/h2>\n<h2 style=\"text-align: center;\">prenaja\u0165 ni\u017e\u0161ie identifikovan\u00fd majetok obce Horn\u00e1 Mi\u010din\u00e1 z d\u00f4vodu hodn\u00e9ho osobitn\u00e9ho zrete\u013ea<\/h2>\n<p>Obec Horn\u00e1 Mi\u010din\u00e1 v s\u00falade s ustanoveniami \u00a7 9 ods. 2 p\u00edsm. a), \u00a7 9a ods. 15 p\u00edsm. f) z\u00e1kona \u010d. 138\/1991 Zb. o majetku obc\u00ed, v znen\u00ed neskor\u0161\u00edch predpisov a Z\u00e1sadami hospod\u00e1renia s majetkom obce Horn\u00e1 Mi\u010din\u00e1, v\u00a0platnom znen\u00ed t\u00fdmto zverej\u0148uje z\u00e1mer prenaja\u0165 \u010das\u0165 predmetnej nehnute\u013enos\u0165i vo<br \/>\nvlastn\u00edctve obce na z\u00e1klade n\u00e1jomnej zmluvy z d\u00f4vodu hodn\u00e9ho osobitn\u00e9ho zrete\u013ea do n\u00e1jmu \u017eiadate\u013eovi.<\/p>\n<p>Jedn\u00e1 sa o nasledovn\u00fd majetok:<\/p>\n<ul>\n<li>pozemok parc.\u010d. C-KN 215,druh pozemku: zastavan\u00e1 plocha a n\u00e1dvorie o v\u00fdmere 492 m2,evidovanej Okresn\u00fdm \u00faradom Bansk\u00e1 Bystrica, katastr\u00e1lny odbor na LV \u010d.195, kat.\u00fazemie Horn\u00e1 Mi\u010din\u00e1, prenech\u00e1va do n\u00e1jmu \u00a0\u010das\u0165 tohoto pozemku o v\u00fdmere 1 m2<\/li>\n<\/ul>\n<p>\u017eiadate\u013eovi:<\/p>\n<p>Slovak Parcel Service, so s\u00eddlom seneck\u00e1 cesta 1, 90028, Iv\u00e1nka pri Dunaji<\/p>\n<p>&nbsp;<\/p>\n<p><strong>Zd\u00f4vodnenie osobitn\u00e9ho zrete\u013ea:<\/strong><\/p>\n<p>Skuto\u010dnos\u0165 hodn\u00e9ho osobitn\u00e9ho zrete\u013ea pod\u013ea \u00a79a ods. 15 p\u00edsm. f) z\u00e1kona \u010d.138\/1991 Zb., schva\u013eovan\u00fd trojp\u00e4tinovou v\u00e4\u010d\u0161inou v\u0161etk\u00fdch poslancov, ktor\u00fdm je, \u017ee \u010das\u0165 predmetnej nehnute\u013enosti bude vyu\u017eit\u00e1 za \u00fa\u010delom umiestnenia samoobslu\u017en\u00e9ho boxu Bal\u00edkova, ktor\u00fd bude sl\u00fa\u017ei\u0165 ob\u010danom obce pre vyd\u00e1vanie z\u00e1sielok, t.j. ,, na verejnoprospe\u0161n\u00fd \u00fa\u010del \u201c.<\/p>\n<p>Z\u00e1mer prenaja\u0165 predmetn\u00fd majetok obce je zverejnen\u00fd:<\/p>\n<ul>\n<li>na \u00faradnej tabuli obce Horn\u00e1 Mi\u010din\u00e1 d\u0148a : 1.9.2025<\/li>\n<li>na webovej str\u00e1nke obce Horn\u00e1 Mi\u010din\u00e1 d\u0148a : 1.9.2025<\/li>\n<\/ul>\n<p>&nbsp;<\/p>\n<p>Ivan Len\u00e1r v.r. &#8211; starosta obce<\/p>\n","protected":false},"excerpt":{"rendered":"Zverejnenie z\u00e1meru prenaja\u0165 ni\u017e\u0161ie identifikovan\u00fd majetok obce Horn\u00e1 Mi\u010din\u00e1 z d\u00f4vodu hodn\u00e9ho osobitn\u00e9ho [&hellip;]","protected":false},"author":1,"featured_media":390,"comment_status":"closed","ping_status":"open","sticky":false,"template":"","format":"standard","meta":{"advanced_seo_description":"","jetpack_seo_html_title":"","jetpack_seo_noindex":false,"_jetpack_memberships_contains_paid_content":false,"footnotes":""},"categories":[32],"tags":[],"class_list":["post-5512","post","type-post","status-publish","format-standard","has-post-thumbnail","hentry","category-uradna-tabula"],"jetpack_featured_media_url":"https:\/\/i0.wp.com\/www.hornamicina.eu\/web\/wp-content\/uploads\/2017\/07\/uznesenia.jpg?fit=530%2C530&ssl=1","jetpack_sharing_enabled":true,"jetpack_shortlink":"https:\/\/wp.me\/p8RsFw-1qU","jetpack-related-posts":[{"id":5143,"url":"https:\/\/www.hornamicina.eu\/web\/zverejnenie-zameru-prenajat-majetok-obce-z-dovodu-hodneho-osobitneho-zretela-p-zuzana-krnac\/","url_meta":{"origin":5512,"position":0},"title":"Zverejnenie z\u00e1meru prenaja\u0165 majetok obce z d\u00f4vodu hodn\u00e9ho osobitn\u00e9ho zrete\u013ea &#8211; p. Zuzana Krn\u00e1\u010d","author":"admin","date":"26. febru\u00e1ra 2025","format":false,"excerpt":"Zverejnenie z\u00e1meru prenaja\u0165 ni\u017e\u0161ie identifikovan\u00fd majetok obce Horn\u00e1 Mi\u010din\u00e1 z d\u00f4vodu hodn\u00e9ho osobitn\u00e9ho zrete\u013ea Obec Horn\u00e1 Mi\u010din\u00e1 v s\u00falade s ustanoveniami \u00a7 9 ods. 2 p\u00edsm. a), \u00a7 9a ods. 15 p\u00edsm. f) a \u00a7 9aa ods. 2 p\u00edsm. e) z\u00e1kona \u010d. 138\/1991 Zb. o majetku obc\u00ed, v znen\u00ed neskor\u0161\u00edch\u2026","rel":"","context":"V &quot;Elektronick\u00e1 \u00faradn\u00e1 tabu\u013ea&quot;","block_context":{"text":"Elektronick\u00e1 \u00faradn\u00e1 tabu\u013ea","link":"https:\/\/www.hornamicina.eu\/web\/category\/uradna-tabula\/"},"img":{"alt_text":"Logo obce a dokumenty","src":"https:\/\/i0.wp.com\/www.hornamicina.eu\/web\/wp-content\/uploads\/2017\/07\/uznesenia.jpg?fit=530%2C530&ssl=1&resize=350%2C200","width":350,"height":200,"srcset":"https:\/\/i0.wp.com\/www.hornamicina.eu\/web\/wp-content\/uploads\/2017\/07\/uznesenia.jpg?fit=530%2C530&ssl=1&resize=350%2C200 1x, https:\/\/i0.wp.com\/www.hornamicina.eu\/web\/wp-content\/uploads\/2017\/07\/uznesenia.jpg?fit=530%2C530&ssl=1&resize=525%2C300 1.5x"},"classes":[]},{"id":5430,"url":"https:\/\/www.hornamicina.eu\/web\/zverejnenie-zameru-prenajat-p-danko\/","url_meta":{"origin":5512,"position":1},"title":"Zverejnenie z\u00e1meru prenaja\u0165 majetok obce HM z d\u00f4vodu hodn\u00e9ho os. zrete\u013ea &#8211; p. Milan Danko","author":"admin","date":"1. septembra 2025","format":false,"excerpt":"Zverejnenie z\u00e1meru prenaja\u0165 ni\u017e\u0161ie identifikovan\u00fd majetok obce Horn\u00e1 Mi\u010din\u00e1 z d\u00f4vodu hodn\u00e9ho osobitn\u00e9ho zrete\u013ea Obec Horn\u00e1 Mi\u010din\u00e1 v s\u00falade s ustanoveniami \u00a7 9 ods. 2 p\u00edsm. a), \u00a7 9a ods. 15 p\u00edsm. f) a \u00a7 9aa ods. 2 p\u00edsm. e) z\u00e1kona \u010d. 138\/1991 Zb. o majetku obc\u00ed, v znen\u00ed neskor\u0161\u00edch\u2026","rel":"","context":"V &quot;Elektronick\u00e1 \u00faradn\u00e1 tabu\u013ea&quot;","block_context":{"text":"Elektronick\u00e1 \u00faradn\u00e1 tabu\u013ea","link":"https:\/\/www.hornamicina.eu\/web\/category\/uradna-tabula\/"},"img":{"alt_text":"Logo obce a dokumenty","src":"https:\/\/i0.wp.com\/www.hornamicina.eu\/web\/wp-content\/uploads\/2017\/07\/uznesenia.jpg?fit=530%2C530&ssl=1&resize=350%2C200","width":350,"height":200,"srcset":"https:\/\/i0.wp.com\/www.hornamicina.eu\/web\/wp-content\/uploads\/2017\/07\/uznesenia.jpg?fit=530%2C530&ssl=1&resize=350%2C200 1x, https:\/\/i0.wp.com\/www.hornamicina.eu\/web\/wp-content\/uploads\/2017\/07\/uznesenia.jpg?fit=530%2C530&ssl=1&resize=525%2C300 1.5x"},"classes":[]},{"id":5432,"url":"https:\/\/www.hornamicina.eu\/web\/zamer-prenajom-os-zretel-p-kokova\/","url_meta":{"origin":5512,"position":2},"title":"Zverejnenie z\u00e1meru prenaja\u0165 majetok obce HM z d\u00f4vodu hodn\u00e9ho os. zrete\u013ea &#8211; p. L\u00edvia Kokov\u00e1","author":"admin","date":"1. septembra 2025","format":false,"excerpt":"Zverejnenie z\u00e1meru prenaja\u0165 ni\u017e\u0161ie identifikovan\u00fd majetok obce Horn\u00e1 Mi\u010din\u00e1 z d\u00f4vodu hodn\u00e9ho osobitn\u00e9ho zrete\u013ea Obec Horn\u00e1 Mi\u010din\u00e1 v s\u00falade s ustanoveniami \u00a7 9 ods. 2 p\u00edsm. a), \u00a7 9a ods. 15 p\u00edsm. f) a \u00a7 9aa ods. 2 p\u00edsm. e) z\u00e1kona \u010d. 138\/1991 Zb. o majetku obc\u00ed, v znen\u00ed neskor\u0161\u00edch\u2026","rel":"","context":"V &quot;Elektronick\u00e1 \u00faradn\u00e1 tabu\u013ea&quot;","block_context":{"text":"Elektronick\u00e1 \u00faradn\u00e1 tabu\u013ea","link":"https:\/\/www.hornamicina.eu\/web\/category\/uradna-tabula\/"},"img":{"alt_text":"Logo obce a dokumenty","src":"https:\/\/i0.wp.com\/www.hornamicina.eu\/web\/wp-content\/uploads\/2017\/07\/uznesenia.jpg?fit=530%2C530&ssl=1&resize=350%2C200","width":350,"height":200,"srcset":"https:\/\/i0.wp.com\/www.hornamicina.eu\/web\/wp-content\/uploads\/2017\/07\/uznesenia.jpg?fit=530%2C530&ssl=1&resize=350%2C200 1x, https:\/\/i0.wp.com\/www.hornamicina.eu\/web\/wp-content\/uploads\/2017\/07\/uznesenia.jpg?fit=530%2C530&ssl=1&resize=525%2C300 1.5x"},"classes":[]},{"id":4985,"url":"https:\/\/www.hornamicina.eu\/web\/zverejnenie-zameru-prenajat-nizsie-specifikovany-majetok-obce-z-dovodu-hodneho-osobitneho-zretela-ing-jan-palka\/","url_meta":{"origin":5512,"position":3},"title":"Zverejnenie z\u00e1meru prenaja\u0165 ni\u017e\u0161ie identifikovan\u00fd majetok obce Horn\u00e1 Mi\u010din\u00e1 z d\u00f4vodu hodn\u00e9ho osobitn\u00e9ho zrete\u013ea &#8211; Ing. J\u00e1n P\u00e1lka","author":"admin","date":"29. novembra 2024","format":false,"excerpt":"Zverejnenie z\u00e1meru prenaja\u0165 ni\u017e\u0161ie identifikovan\u00fd majetok obce Horn\u00e1 Mi\u010din\u00e1 z d\u00f4vodu hodn\u00e9ho osobitn\u00e9ho zrete\u013ea Obec Horn\u00e1 Mi\u010din\u00e1 v s\u00falade s ustanoveniami \u00a7 9 ods. 2 p\u00edsm. a), \u00a7 9a ods. 15 p\u00edsm. f) a \u00a7 9aa ods. 2 p\u00edsm. e) z\u00e1kona \u010d. 138\/1991 Zb. o majetku obc\u00ed, v znen\u00ed neskor\u0161\u00edch\u2026","rel":"","context":"V &quot;Elektronick\u00e1 \u00faradn\u00e1 tabu\u013ea&quot;","block_context":{"text":"Elektronick\u00e1 \u00faradn\u00e1 tabu\u013ea","link":"https:\/\/www.hornamicina.eu\/web\/category\/uradna-tabula\/"},"img":{"alt_text":"Logo obce a dokumenty","src":"https:\/\/i0.wp.com\/www.hornamicina.eu\/web\/wp-content\/uploads\/2017\/07\/uznesenia.jpg?fit=530%2C530&ssl=1&resize=350%2C200","width":350,"height":200,"srcset":"https:\/\/i0.wp.com\/www.hornamicina.eu\/web\/wp-content\/uploads\/2017\/07\/uznesenia.jpg?fit=530%2C530&ssl=1&resize=350%2C200 1x, https:\/\/i0.wp.com\/www.hornamicina.eu\/web\/wp-content\/uploads\/2017\/07\/uznesenia.jpg?fit=530%2C530&ssl=1&resize=525%2C300 1.5x"},"classes":[]},{"id":1617,"url":"https:\/\/www.hornamicina.eu\/web\/prenechanie-majetok-os-zretel-hoffe-2019\/","url_meta":{"origin":5512,"position":4},"title":"Z\u00e1mer prenecha\u0165 obecn\u00fd majetok z d\u00f4vodu osobitn\u00e9ho zrete\u013ea","author":"admin","date":"21. okt\u00f3bra 2019","format":false,"excerpt":"Zverejnenie z\u00e1meru prenecha\u0165 ni\u017e\u0161ie identifikovan\u00fd majetok obce Horn\u00e1 Mi\u010din\u00e1 z d\u00f4vodu hodn\u00e9ho osobitn\u00e9ho\u00a0zrete\u013ea. Obec Horn\u00e1 Mi\u010din\u00e1 v\u00a0s\u00falade s ustanoven\u00edm \u00a7 9a ods. 9 p\u00edsm. c) z\u00e1kona \u010d. 138\/1991 Zb. o\u00a0majetku obc\u00ed, v\u00a0znen\u00ed neskor\u0161\u00edch predpisov, zverej\u0148uje z\u00e1mer prenecha\u0165 z\u00a0d\u00f4vodu hodn\u00e9ho osobitn\u00e9ho zrete\u013ea ni\u017e\u0161ie identifikovan\u00fd nehnute\u013en\u00fd majetok, a\u00a0to: novovytvoren\u00fd pozemok CKN 518\/4\u2026","rel":"","context":"V &quot;Elektronick\u00e1 \u00faradn\u00e1 tabu\u013ea&quot;","block_context":{"text":"Elektronick\u00e1 \u00faradn\u00e1 tabu\u013ea","link":"https:\/\/www.hornamicina.eu\/web\/category\/uradna-tabula\/"},"img":{"alt_text":"Logo obce a dokumenty","src":"https:\/\/i0.wp.com\/www.hornamicina.eu\/web\/wp-content\/uploads\/2017\/07\/uznesenia.jpg?fit=530%2C530&ssl=1&resize=350%2C200","width":350,"height":200,"srcset":"https:\/\/i0.wp.com\/www.hornamicina.eu\/web\/wp-content\/uploads\/2017\/07\/uznesenia.jpg?fit=530%2C530&ssl=1&resize=350%2C200 1x, https:\/\/i0.wp.com\/www.hornamicina.eu\/web\/wp-content\/uploads\/2017\/07\/uznesenia.jpg?fit=530%2C530&ssl=1&resize=525%2C300 1.5x"},"classes":[]},{"id":3290,"url":"https:\/\/www.hornamicina.eu\/web\/zverejnenie-zameru-predat-majetok-obce-xamer-s-r-o\/","url_meta":{"origin":5512,"position":5},"title":"Zverejnenie z\u00e1meru preda\u0165 majetok obce &#8211; XAMER, s.r.o.","author":"admin","date":"2. septembra 2022","format":false,"excerpt":"ZVEREJNENIE Z\u00c1MERU \u00a0 preda\u0165 ni\u017e\u0161ie identifikovan\u00fd majetok Obce Horn\u00e1 Mi\u010din\u00e1 z\u00a0d\u00f4vodu hodn\u00e9ho osobitn\u00e9ho zrete\u013ea \u00a0 Obec Horn\u00e1 Mi\u010din\u00e1 v s\u00falade s ustanoveniami \u00a7 9 ods. 2 p\u00edsm. a) a \u00a7 9a ods. 8 p\u00edsm. e) z\u00e1kona \u010d. 138\/1991 Zb. o majetku obc\u00ed v znen\u00ed neskor\u0161\u00edch predpisov, t\u00fdmto zverej\u0148uje z\u00e1mer preda\u0165\u2026","rel":"","context":"V &quot;Elektronick\u00e1 \u00faradn\u00e1 tabu\u013ea&quot;","block_context":{"text":"Elektronick\u00e1 \u00faradn\u00e1 tabu\u013ea","link":"https:\/\/www.hornamicina.eu\/web\/category\/uradna-tabula\/"},"img":{"alt_text":"Logo obce a dokumenty","src":"https:\/\/i0.wp.com\/www.hornamicina.eu\/web\/wp-content\/uploads\/2017\/07\/uznesenia.jpg?fit=530%2C530&ssl=1&resize=350%2C200","width":350,"height":200,"srcset":"https:\/\/i0.wp.com\/www.hornamicina.eu\/web\/wp-content\/uploads\/2017\/07\/uznesenia.jpg?fit=530%2C530&ssl=1&resize=350%2C200 1x, https:\/\/i0.wp.com\/www.hornamicina.eu\/web\/wp-content\/uploads\/2017\/07\/uznesenia.jpg?fit=530%2C530&ssl=1&resize=525%2C300 1.5x"},"classes":[]}],"jetpack_likes_enabled":true,"_links":{"self":[{"href":"https:\/\/www.hornamicina.eu\/web\/wp-json\/wp\/v2\/posts\/5512","targetHints":{"allow":["GET"]}}],"collection":[{"href":"https:\/\/www.hornamicina.eu\/web\/wp-json\/wp\/v2\/posts"}],"about":[{"href":"https:\/\/www.hornamicina.eu\/web\/wp-json\/wp\/v2\/types\/post"}],"author":[{"embeddable":true,"href":"https:\/\/www.hornamicina.eu\/web\/wp-json\/wp\/v2\/users\/1"}],"replies":[{"embeddable":true,"href":"https:\/\/www.hornamicina.eu\/web\/wp-json\/wp\/v2\/comments?post=5512"}],"version-history":[{"count":1,"href":"https:\/\/www.hornamicina.eu\/web\/wp-json\/wp\/v2\/posts\/5512\/revisions"}],"predecessor-version":[{"id":5513,"href":"https:\/\/www.hornamicina.eu\/web\/wp-json\/wp\/v2\/posts\/5512\/revisions\/5513"}],"wp:featuredmedia":[{"embeddable":true,"href":"https:\/\/www.hornamicina.eu\/web\/wp-json\/wp\/v2\/media\/390"}],"wp:attachment":[{"href":"https:\/\/www.hornamicina.eu\/web\/wp-json\/wp\/v2\/media?parent=5512"}],"wp:term":[{"taxonomy":"category","embeddable":true,"href":"https:\/\/www.hornamicina.eu\/web\/wp-json\/wp\/v2\/categories?post=5512"},{"taxonomy":"post_tag","embeddable":true,"href":"https:\/\/www.hornamicina.eu\/web\/wp-json\/wp\/v2\/tags?post=5512"}],"curies":[{"name":"wp","href":"https:\/\/api.w.org\/{rel}","templated":true}]}}