{"id":5497,"date":"2025-10-08T17:24:01","date_gmt":"2025-10-08T15:24:01","guid":{"rendered":"https:\/\/www.hornamicina.eu\/web\/?p=5497"},"modified":"2025-10-08T17:24:01","modified_gmt":"2025-10-08T15:24:01","slug":"zapisnica-zo-zasadnutia-oz-hm-konaneho-dna-25-9-2025","status":"publish","type":"post","link":"https:\/\/www.hornamicina.eu\/web\/zapisnica-zo-zasadnutia-oz-hm-konaneho-dna-25-9-2025\/","title":{"rendered":"Z\u00e1pisnica zo zasadnutia OZ HM konan\u00e9ho d\u0148a 25.9.2025"},"content":{"rendered":"<p style=\"text-align: center;\"><strong>Z\u00c1PISNICA<\/strong><\/p>\n<p style=\"text-align: center;\">zo zasadnutia obecn\u00e9ho zastupite\u013estva (\u010falej len OZ) obce\u00a0Horn\u00e1 Mi\u010din\u00e1<\/p>\n<p style=\"text-align: center;\">konan\u00e9ho d\u0148a 25.9.2025 v budove obecn\u00e9ho \u00faradu Horn\u00e1 Mi\u010din\u00e1 o 18:00 hod.<\/p>\n<p>&nbsp;<\/p>\n<p><strong><u>k\u00a0bodu 1:<\/u><\/strong><\/p>\n<p>&nbsp;<\/p>\n<p>PR\u00cdTOMN\u00cd:<\/p>\n<p>Starosta obce:\u00a0\u00a0\u00a0\u00a0\u00a0\u00a0\u00a0\u00a0\u00a0\u00a0\u00a0\u00a0\u00a0\u00a0\u00a0\u00a0\u00a0\u00a0\u00a0\u00a0\u00a0\u00a0\u00a0\u00a0\u00a0\u00a0\u00a0\u00a0\u00a0\u00a0 Ivan Len\u00e1r<\/p>\n<p>Poslanci OZ:\u00a0\u00a0\u00a0\u00a0\u00a0\u00a0\u00a0\u00a0\u00a0\u00a0\u00a0\u00a0\u00a0\u00a0\u00a0\u00a0\u00a0\u00a0\u00a0\u00a0\u00a0\u00a0\u00a0\u00a0\u00a0\u00a0\u00a0\u00a0\u00a0\u00a0\u00a0\u00a0\u00a0\u00a0 pod\u013ea prilo\u017eenej prezen\u010dnej listiny<\/p>\n<p>Ob\u010dania obce a\u00a0prizvan\u00ed:\u00a0\u00a0\u00a0\u00a0\u00a0\u00a0\u00a0\u00a0\u00a0\u00a0\u00a0\u00a0 pod\u013ea prilo\u017eenej prezen\u010dnej listiny<\/p>\n<p>&nbsp;<\/p>\n<p>Zasadnutie obecn\u00e9ho zastupite\u013estva otvoril a\u00a0viedol starosta obce Ivan Len\u00e1r. Priv\u00edtal pr\u00edtomn\u00fdch poslancov obecn\u00e9ho zastupite\u013estva a\u00a0ob\u010danov obce. Skon\u0161tatoval, \u017ee pr\u00edtomn\u00ed s\u00fa v\u0161etci piati poslanci (Janka Baranov\u00e1,\u00a0 Karkal\u00edk Michal,\u013dubom\u00edr \u010cerh\u00fd\u0148,teodor Bachleda,Tibor Pip\u00ed\u0161ka)<\/p>\n<p>Starosta skon\u0161tatoval, \u017ee OZ je uzn\u00e1\u0161ania schopn\u00e9 .<\/p>\n<ol>\n<li><\/li>\n<li><\/li>\n<\/ol>\n<p>&nbsp;<\/p>\n<p>&nbsp;<\/p>\n<p><strong><u>K\u00a0bodu 2. Vo\u013eba n\u00e1vrhovej komisie, overovate\u013ea z\u00e1pisnice a\u00a0zapisovate\u013ea<\/u><\/strong><\/p>\n<p>&nbsp;<\/p>\n<p>starosta otvoril bod programu a\u00a0navrhol a ur\u010dil \u010dlenov do n\u00e1vrhovej komisie, overovate\u013ea a\u00a0zapisovate\u013ea z\u00e1pisnice.<\/p>\n<ul>\n<li>do n\u00e1vrhovej komisie\u00a0\u00a0 &#8211;\u00a0 Tibor Pip\u00ed\u0161ka, Michal Karkal\u00edk<\/li>\n<li>za overovate\u013eov z\u00e1pisnice &#8211; \u013dubom\u00edr \u010cerh\u00fd\u0148, Teodor Bachleda<\/li>\n<\/ul>\n<p>&#8211;\u00a0\u00a0\u00a0\u00a0\u00a0\u00a0 za zapisovate\u013ea z\u00e1pisnice \u2013 Janka Baranov\u00e1<\/p>\n<p>&nbsp;<\/p>\n<p>&nbsp;<\/p>\n<p><em>Pr\u00edtomn\u00fdch poslancov vyzval \u010di maj\u00fa\u00a0 in\u00fd n\u00e1vrh. Poslanci nemali \u017eiaden n\u00e1vrh a\u00a0tak dal starosta obce hlasova\u0165.<\/em><\/p>\n<p><strong><u>uznesenie \u010d.91\/2025 zo d\u0148a 25.9.2025<\/u><\/strong><\/p>\n<p><em>\u00a0<\/em><\/p>\n<p><em>Pr\u00edtomn\u00fd poslanci pri hlasovan\u00ed:<\/em> J.Baranov\u00e1, M.Karkal\u00edk, \u013d.\u010cerh\u00fd\u0148,Teodor Bachleda,Tibor Pip\u00ed\u0161ka<\/p>\n<p>&nbsp;<\/p>\n<p>Hlasovali za: (5 )<\/p>\n<p>proti:\u00a0 (0)<\/p>\n<p>zdr\u017eali sa: (0 )<\/p>\n<p>Starosta skon\u0161tatoval, \u017ee uznesenie \u010d.91\/2025 \u00a0zo d\u0148a 25.9.2025\u00a0 <strong><u>OZ schva\u013euje<\/u><\/strong><\/p>\n<p>&nbsp;<\/p>\n<p><strong><u>k\u00a0bodu 3. Schv\u00e1lenie programu obecn\u00e9ho zastupite\u013estva<\/u><\/strong><\/p>\n<p><strong><u>\u00a0<\/u><\/strong><\/p>\n<p>&nbsp;<\/p>\n<p>starosta otvoril bod n\u00e1vrh programu OZ ,ktor\u00fd bol poslancom riadne a\u00a0v\u010das doru\u010den\u00fd,rovnako aj zverejnen\u00fd na webovom s\u00eddle a\u00a0na \u00faradnej tabuli obce.Vyzval poslancov,\u010di maj\u00fa nie\u010do na doplnenie do programu OZ.Poslanci nemali \u017eiadny pozme\u0148uj\u00faci n\u00e1vrh.Starosta\u00a0 podal n\u00e1vrh zaradi\u0165 do programu\u00a0 jeden bod a\u00a0to- Spr\u00e1va nez\u00e1visl\u00e9ho auditora z\u00a0auditu \u00fa\u010dtovnej z\u00e1vierky obce za r.2024.O tomto bode sa bude hlasova\u0165 samostatne a\u00a0bude aj\u00a0 samostatn\u00e9 uznesenie.Potom pre\u010d\u00edtal program OZ .<\/p>\n<p><strong><u>\u00a0<\/u><\/strong><\/p>\n<p><strong><u>uznesenie \u010d.92\/2025 zo d\u0148a 25.9.2025<\/u><\/strong><\/p>\n<p>predlo\u017een\u00fd program OZ obce Horn\u00e1 Mi\u010din\u00e1<\/p>\n<p>starosta po\u017eiadal poslancov o\u00a0hlasovanie za n\u00e1vrh programu rokovania<\/p>\n<p><em>Pr\u00edtomn\u00fd poslanci pri hlasovan\u00ed:<\/em> J.Baranov\u00e1, M.Karkal\u00edk, \u013d.\u010cerh\u00fd\u0148,Teodor Bachleda,Tibor Pip\u00ed\u0161ka<\/p>\n<p>&nbsp;<\/p>\n<p>Hlasovali za: (5 )<\/p>\n<p>proti:\u00a0 (0)<\/p>\n<p>zdr\u017eali sa: (0 )<\/p>\n<p><strong><u>\u00a0<\/u><\/strong><\/p>\n<p>Starosta skon\u0161tatoval, \u017ee uznesenie \u010d.92\/2025 \u00a0zo d\u0148a 25.9.2025\u00a0 <strong><u>OZ schva\u013euje<\/u><\/strong><\/p>\n<p><u>\u00a0<\/u><\/p>\n<p><u>\u00a0<\/u><\/p>\n<p><u>\u00a0<\/u><\/p>\n<p><u>\u00a0<\/u><\/p>\n<p><strong><u>k\u00a0bodu 3.<\/u><\/strong><strong><u> Doplnenie do programu spr\u00e1va nez\u00e1visl\u00e9ho auditora z\u00a0auditu \u00fa\u010dtovnej z\u00e1vierky obce Horn\u00e1 Mi\u010din\u00e1 za r.2024<\/u><\/strong><\/p>\n<p><strong><u>\u00a0<\/u><\/strong><\/p>\n<p><strong><u>uznesenie \u010d.93\/2025 zo d\u0148a 25.9.2025<\/u><\/strong><\/p>\n<p><strong><u>\u00a0<\/u><\/strong><\/p>\n<p>starosta po\u017eiadal poslancov o\u00a0hlasovanie za doplnenie bodu do programu rokovania<\/p>\n<p><strong><u>\u00a0<\/u><\/strong><\/p>\n<p><em>Pr\u00edtomn\u00fd poslanci pri hlasovan\u00ed:<\/em> J.Baranov\u00e1, M.Karkal\u00edk, \u013d.\u010cerh\u00fd\u0148,T. Bachleda,T. Pip\u00ed\u0161ka<\/p>\n<p>&nbsp;<\/p>\n<p>Hlasovali za: (5 )<\/p>\n<p>proti:\u00a0 (0)<\/p>\n<p>zdr\u017eali sa: (0 )<\/p>\n<p><strong><u>\u00a0<\/u><\/strong><\/p>\n<p>Starosta skon\u0161tatoval, \u017ee uznesenie \u010d.93\/2025 \u00a0zo d\u0148a 25.9.2025\u00a0 OZ schva\u013euje<\/p>\n<p><strong><u>\u00a0<\/u><\/strong><\/p>\n<p><strong><u>\u00a0<\/u><\/strong><\/p>\n<p><strong><u>k\u00a0bodu 4.<\/u><\/strong><strong><u> Kontrola plnenia prijat\u00fdch uznesen\u00ed OZ d\u0148a 2.6.2025 a\u00a026.6.2025,ako aj uznesen\u00ed prijat\u00fdch v\u00a0r.2023-2025,ktor\u00e9 neboli splnen\u00e9 k\u00a030.6.2025<\/u><\/strong><\/p>\n<p><strong><u>\u00a0<\/u><\/strong><\/p>\n<p>starosta vyzval HK obce p.Petr\u00edka, aby pre\u010d\u00edtal spr\u00e1vu o\u00a0v\u00fdsledku kontroly<\/p>\n<p>HKO obozn\u00e1mil poslancov s\u00a0plnen\u00edm uznesen\u00ed a\u00a0skon\u0161tatoval,\u017ee boli splnen\u00e9 resp. s\u00fa v\u00a0plnen\u00ed a\u00a0odporu\u010dil OZ zobra\u0165 vyhodnotenie plnenia uznesen\u00ed na vedomie<\/p>\n<p><u>\u00a0<\/u><\/p>\n<p>Rozprava poslancov:<\/p>\n<p>Do rozpravy sa neprihl\u00e1sil \u017eiaden poslanec<\/p>\n<p>&nbsp;<\/p>\n<p><strong><u>uznesenie \u010d.94\/2025 zo d\u0148a 25.9.2025<\/u><\/strong><\/p>\n<p>starosta po\u017eiadal poslancov o\u00a0hlasovanie za n\u00e1vrh uznesenia,ktor\u00e9 <strong><u>OZ berie na vedomie<\/u><\/strong><\/p>\n<p><em>Pr\u00edtomn\u00fd poslanci pri hlasovan\u00ed:<\/em> J.Baranov\u00e1, M.Karkal\u00edk, \u013d.\u010cerh\u00fd\u0148,T. Bachleda,T. Pip\u00ed\u0161ka<\/p>\n<p>&nbsp;<\/p>\n<p>Hlasovali za: (5 )<\/p>\n<p>proti:\u00a0 (0)<\/p>\n<p>zdr\u017eali sa: (0 )<\/p>\n<p><strong><u>\u00a0<\/u><\/strong><\/p>\n<p>Starosta skon\u0161tatoval, \u017ee uznesenie \u010d.94\/2025 \u00a0zo d\u0148a 25.9.2025\u00a0 <strong><u>OZ berie na vedomie<\/u><\/strong><\/p>\n<p>&nbsp;<\/p>\n<p>&nbsp;<\/p>\n<p><u>\u00a0<\/u><\/p>\n<p><strong><u>k\u00a0bodu 5.<\/u><\/strong><strong><u> Spr\u00e1va hlavn\u00e9ho kontrol\u00f3ra o\u00a0v\u00fdsledku kontroly \u010d.5\/2025-kontrola spr\u00e1vy a\u00a0v\u00fdberu miestneho poplatku za komun\u00e1lne odpady a\u00a0drobn\u00e9 stavebn\u00e9 odpady za r.2024<\/u><\/strong><\/p>\n<p><strong><u>\u00a0<\/u><\/strong><\/p>\n<p>starosta vyzval HK obce p.Petr\u00edka, aby pre\u010d\u00edtal spr\u00e1vu z kontroly \u010d.5\/2025<\/p>\n<p>HK obce skon\u0161tatoval,\u017ee v\u00a0r.2024 bolo uhraden\u00fdch 92,34 % poplatkov od fyzick\u00fdch os\u00f4b ako aj 93,75 % od pr\u00e1vnick\u00fdch os\u00f4b.Nedoplatok je v\u00a0celkovej hodnote 1330,55 eur.<\/p>\n<p>&nbsp;<\/p>\n<p>Rozprava poslancov:<\/p>\n<p>Do rozpravy sa neprihl\u00e1sil \u017eiaden poslanec<\/p>\n<p>starosta po\u017eiadal poslancov o\u00a0hlasovanie za n\u00e1vrh uznesenia,ktor\u00e9 OZ berie na vedomie<\/p>\n<p>&nbsp;<\/p>\n<p><strong><u>uznesenie \u010d.95\/2025 zo d\u0148a 25.9.2025<\/u><\/strong><\/p>\n<p>&nbsp;<\/p>\n<p><em>Pr\u00edtomn\u00fd poslanci pri hlasovan\u00ed:<\/em> J.Baranov\u00e1, M.Karkal\u00edk, \u013d.\u010cerh\u00fd\u0148,T. Bachleda,T. Pip\u00ed\u0161ka<\/p>\n<p>&nbsp;<\/p>\n<p>Hlasovali za: (5 )<\/p>\n<p>proti:\u00a0 (0)<\/p>\n<p>zdr\u017eali sa: (0 )<\/p>\n<p><strong><u>\u00a0<\/u><\/strong><\/p>\n<p>Starosta skon\u0161tatoval, \u017ee uznesenie \u010d.95\/2025 \u00a0zo d\u0148a 25.9.2025\u00a0 <strong><u>OZ berie na vedomie<\/u><\/strong><\/p>\n<p>&nbsp;<\/p>\n<p>&nbsp;<\/p>\n<p>&nbsp;<\/p>\n<p><strong><u>k\u00a0bodu 6.<\/u><\/strong><strong><u> Spr\u00e1va hlavn\u00e9ho kontrol\u00f3ra o\u00a0v\u00fdsledku kontroly \u010d.6\/2025-kontrola plnenia opatren\u00ed prijat\u00fdch na odstr\u00e1nenie a\u00a0n\u00e1pravu nedostatkov zisten\u00fdch pri kontrole \u010d.5\/2024-kontrola vybavovania podan\u00fdch \u017eiadost\u00ed,ktor\u00e9 boli doru\u010den\u00e9 obci pod\u013ea z\u00e1kona \u010d.211\/2000 Z.z. o\u00a0slobodnom pr\u00edstupe k\u00a0inform\u00e1ci\u00e1m v\u00a0r.2022-1.polrok 2024<\/u><\/strong><\/p>\n<p><strong>\u00a0<\/strong><\/p>\n<p>starosta vyzval HK obce p.Petr\u00edka, aby pre\u010d\u00edtal spr\u00e1vu z\u00a0kontroly \u010d.6<\/p>\n<p>HK obce pre\u010d\u00edtal spr\u00e1vu a\u00a0kon\u0161tatoval,\u017ee neboli zisten\u00e9 nedostatky, z\u00a0vykonanej\u00a0 kontroly bola vyhotoven\u00e1 spr\u00e1va v\u00a0s\u00falade s \u00a7 22 ods.1. z\u00e1kona o\u00a0fin.kontrole a\u00a0audite zo d\u0148a 13.8.2025,\u010d\u00edm bola kontrola ukon\u010den\u00e1<\/p>\n<p>&nbsp;<\/p>\n<p>Rozprava poslancov:<\/p>\n<p>Do rozpravy sa neprihl\u00e1sil \u017eiaden poslanec<\/p>\n<p>starosta po\u017eiadal poslancov o\u00a0hlasovanie za n\u00e1vrh uznesenia,ktor\u00e9 OZ berie na vedomie<\/p>\n<p>&nbsp;<\/p>\n<p><strong><u>uznesenie \u010d.96\/2025 zo d\u0148a 25.9.2025<\/u><\/strong><\/p>\n<p>&nbsp;<\/p>\n<p><em>Pr\u00edtomn\u00fd poslanci pri hlasovan\u00ed:<\/em> J.Baranov\u00e1, M.Karkal\u00edk, \u013d.\u010cerh\u00fd\u0148,T. Bachleda,T. Pip\u00ed\u0161ka<\/p>\n<p>&nbsp;<\/p>\n<p>Hlasovali za: (5 )<\/p>\n<p>proti:\u00a0 (0)<\/p>\n<p>zdr\u017eali sa: (0 )<\/p>\n<p><strong><u>\u00a0<\/u><\/strong><\/p>\n<p>Starosta skon\u0161tatoval, \u017ee uznesenie \u010d.96\/2025 \u00a0zo d\u0148a 25.9.2025\u00a0 <strong><u>OZ berie na vedomie<\/u><\/strong><\/p>\n<p>&nbsp;<\/p>\n<p>&nbsp;<\/p>\n<p>&nbsp;<\/p>\n<p><strong><u>k\u00a0bodu 7.<\/u><\/strong><strong><u> Spr\u00e1va hlavn\u00e9ho kontrol\u00f3ra o\u00a0v\u00fdsledku kontroly \u010d.7\/2025-kontrola spr\u00e1vnosti vedenia evidencie s\u0165a\u017enost\u00ed v\u00a0zmysle \u010dl.3 ods.8 ,smernice o\u00a0vybavovan\u00ed s\u0165a\u017enost\u00ed \u010d.1\/2017 za 2.\u0161tvr\u0165rok 2025<\/u><\/strong><\/p>\n<p><strong><u>\u00a0<\/u><\/strong><\/p>\n<p>starosta vyzval HK obce p.Petr\u00edka, aby pre\u010d\u00edtal spr\u00e1vu z\u00a0kontroly \u010d.7<\/p>\n<p>HK obce skon\u0161tatoval,\u017ee kontrolou neboli zisten\u00e9 nedostatky,z kontroly bola vyhotoven\u00e1 spr\u00e1va,\u010d\u00edm bola kontrola ukon\u010den\u00e1<\/p>\n<p>&nbsp;<\/p>\n<p>Rozprava poslancov:<\/p>\n<p>Do rozpravy sa neprihl\u00e1sil \u017eiaden poslanec<\/p>\n<p>starosta po\u017eiadal poslancov o\u00a0hlasovanie za n\u00e1vrh uznesenia,ktor\u00e9 sa berie na vedomie<\/p>\n<p>&nbsp;<\/p>\n<p><strong><u>uznesenie \u010d.97\/2025 zo d\u0148a 25.9.2025<\/u><\/strong><\/p>\n<p>&nbsp;<\/p>\n<p><em>Pr\u00edtomn\u00fd poslanci pri hlasovan\u00ed:<\/em> J.Baranov\u00e1, M.Karkal\u00edk, \u013d.\u010cerh\u00fd\u0148,T. Bachleda,T. Pip\u00ed\u0161ka<\/p>\n<p>&nbsp;<\/p>\n<p>Hlasovali za: (5 )<\/p>\n<p>proti:\u00a0 (0)<\/p>\n<p>zdr\u017eali sa: (0 )<\/p>\n<p><strong><u>\u00a0<\/u><\/strong><\/p>\n<p>Starosta skon\u0161tatoval, \u017ee uznesenie \u010d.97\/2025 \u00a0zo d\u0148a 25.9.2025\u00a0 <strong><u>OZ berie na vedomie<\/u><\/strong><\/p>\n<p>&nbsp;<\/p>\n<p>&nbsp;<\/p>\n<p>&nbsp;<\/p>\n<p>&nbsp;<\/p>\n<p><strong><u>k\u00a0bodu 8<\/u><\/strong><strong><u> . Preverenie stavu a\u00a0v\u00fdvoja dlhu obce Horn\u00e1 Mi\u010din\u00e1 k\u00a030.6.2025<\/u><\/strong><\/p>\n<p>&nbsp;<\/p>\n<p>starosta vyzval HK obce p.Petr\u00edka, aby pre\u010d\u00edtal spr\u00e1vu k\u00a0bodu \u010d.8<\/p>\n<p>HK obce skon\u0161tatoval,\u017ee celkov\u00e1 sumaa dlhu obce k\u00a030.6.2025 neprekro\u010dila z\u00e1konom stanoven\u00e9 limity v\u00a0zmysle \u00a717 ods.6 a\u00a0ods.9 a\u017e 12 z\u00e1kona \u010d.583\/2004 Z.z.Zad\u013a\u017eenos\u0165 obce je 20,30 %<\/p>\n<p>&nbsp;<\/p>\n<p>&nbsp;<\/p>\n<p>Rozprava poslancov:<\/p>\n<p>Do rozpravy sa neprihl\u00e1sil \u017eiaden poslanec<\/p>\n<p>starosta po\u017eiadal poslancov o\u00a0hlasovanie za n\u00e1vrh uznesenia,ktor\u00e9 sa berie na vedomie<\/p>\n<p>&nbsp;<\/p>\n<p><strong><u>uznesenie \u010d.98\/2025 zo d\u0148a 25.9.2025<\/u><\/strong><\/p>\n<p>&nbsp;<\/p>\n<p><em>Pr\u00edtomn\u00fd poslanci pri hlasovan\u00ed:<\/em> J.Baranov\u00e1, M.Karkal\u00edk, \u013d.\u010cerh\u00fd\u0148,T. Bachleda,T. Pip\u00ed\u0161ka<\/p>\n<p>&nbsp;<\/p>\n<p>Hlasovali za: (5 )<\/p>\n<p>proti:\u00a0 (0)<\/p>\n<p>zdr\u017eali sa: (0 )<\/p>\n<p><strong><u>\u00a0<\/u><\/strong><\/p>\n<p>Starosta skon\u0161tatoval, \u017ee uznesenie \u010d.98\/2025 \u00a0zo d\u0148a 25.9.2025\u00a0 <strong><u>OZ berie na vedomie<\/u><\/strong><\/p>\n<p>&nbsp;<\/p>\n<p>&nbsp;<\/p>\n<p><strong><u>k\u00a0bodu 9.<\/u><\/strong><strong><u> Spr\u00e1va o\u00a0kontrolnej \u010dinnosti hlavn\u00e9ho kontrol\u00f3ra obce Horn\u00e1 Mi\u010din\u00e1 za 1.polrok 2025<\/u><\/strong><\/p>\n<p>starosta vyzval HK obce p.Petr\u00edka, aby pre\u010d\u00edtal n\u00e1vrh pl\u00e1nu kontrolnej \u010dinnosti<\/p>\n<p>HK obce v\u00a0s\u00falade s\u00a0dodr\u017eiavan\u00edm plnenia z\u00e1konn\u00fdch povinnost\u00ed o\u00a0obecnom zriaden\u00ed,pripravoval,spracov\u00e1val a\u00a0n\u00e1sledne predkladal obecn\u00e9mu zastupite\u013estvu materi\u00e1ly o\u00a0kontroplnej \u010dinnosti.<\/p>\n<p>Rozprava poslancov:<\/p>\n<p>Do rozpravy sa neprihl\u00e1sil \u017eiaden poslanec<\/p>\n<p>starosta po\u017eiadal poslancov o\u00a0hlasovanie za n\u00e1vrh uznesenia,ktor\u00e9 berie na vedomie<\/p>\n<p>&nbsp;<\/p>\n<p><strong><u>uznesenie \u010d.99\/2025 zo d\u0148a 25.9.2025<\/u><\/strong><\/p>\n<p>&nbsp;<\/p>\n<p><em>Pr\u00edtomn\u00fd poslanci pri hlasovan\u00ed:<\/em> J.Baranov\u00e1, M.Karkal\u00edk, \u013d.\u010cerh\u00fd\u0148,T. Bachleda,T. Pip\u00ed\u0161ka<\/p>\n<p>&nbsp;<\/p>\n<p>Hlasovali za: (5 )<\/p>\n<p>proti:\u00a0 (0)<\/p>\n<p>zdr\u017eali sa: (0 )<\/p>\n<p><strong><u>\u00a0<\/u><\/strong><\/p>\n<p>Starosta skon\u0161tatoval, \u017ee uznesenie \u010d.99\/2025 \u00a0zo d\u0148a 25.9.2025\u00a0 <strong><u>OZ berie na vedomie<\/u><\/strong><\/p>\n<p>&nbsp;<\/p>\n<p>&nbsp;<\/p>\n<p><strong><u>k\u00a0bodu 10.<\/u><\/strong><strong><u> Schv\u00e1lenie \u017eiadosti pren\u00e1jmu \u010dasti obecn\u00e9ho pozemku parc.\u010d.E-KN 225\/8 o\u00a0v\u00fdmere 18423 m2 vo vlastn\u00edctve obce pre p.L\u00edviu Kokov\u00fa, za \u00fa\u010delom parkovania osobn\u00e9ho motorov\u00e9ho vozidla<\/u><\/strong><\/p>\n<p>starosta pre\u010d\u00edtal \u017eiados\u0165 a\u00a0uznesenie k\u00a0bodu programu<\/p>\n<p>&nbsp;<\/p>\n<p>V\u00a0s\u00falade s\u00a0ustanoveniami \u00a79 ods.2 p\u00edsm.a),\u00a79 a ods.15 p\u00edsm.f)\u00a0\u00a0 a\u00a0Z\u00e1sadami hospod\u00e1renia s\u00a0majetkom obce Horn\u00e1 Mi\u010din\u00e1 v\u00a0platnom znen\u00ed,OZ schva\u013euje pren\u00e1jom \u010dasti obecnej parcely \u010d.E-KN 225\/8,druh pozemku ostatn\u00e1 plocha o\u00a0v\u00fdmere 18423 m2,evidovanej Okresn\u00fdm \u00faradom B.Bystrica,katastr\u00e1lny odbor na LV \u010d.417,kat.\u00fazemie Horn\u00e1 Mi\u010din\u00e1,a prenech\u00e1va\u00a0 do n\u00e1jmu \u010das\u0165 tohto pozemku o\u00a0v\u00fdmere 80 m2,za \u00fa\u010delom parkovania osobn\u00fdch motorov\u00fdch vozidiel \u017eiadate\u013eke p.L\u00edvii Kokovej,bytom D\u00fabravica \u010d.33 na z\u00e1klade n\u00e1jomnej zmluvy z\u00a0d\u00f4vodu hodn\u00e9ho osobitn\u00e9ho zrete\u013ea .Doba n\u00e1jmu je na 10 rokov s\u00a0mo\u017enos\u0165ou jej \u010fal\u0161ieho pred\u013a\u017eenia.Cena pren\u00e1jmu sa stanovuje na 80,-eur za 1 rok. Parcela bude vyt\u00fd\u010den\u00e1 komisiou OZ oproti parcele C-KN \u010d.177<\/p>\n<p>&nbsp;<\/p>\n<p>Rozprava poslancov:<\/p>\n<p>Do rozpravy sa neprihl\u00e1sil \u017eiaden poslanec<\/p>\n<p>starosta po\u017eiadal poslancov o\u00a0hlasovanie za n\u00e1vrh uznesenia<\/p>\n<p><strong><u>\u00a0<\/u><\/strong><\/p>\n<p><strong><u>uznesenie \u010d.100\/2025 zo d\u0148a 25.9.2025<\/u><\/strong><\/p>\n<p>&nbsp;<\/p>\n<p><em>Pr\u00edtomn\u00fd poslanci pri hlasovan\u00ed:<\/em> J.Baranov\u00e1, M.Karkal\u00edk, \u013d.\u010cerh\u00fd\u0148,T. Bachleda,T. Pip\u00ed\u0161ka<\/p>\n<p>&nbsp;<\/p>\n<p>Hlasovali za: (5 )<\/p>\n<p>proti:\u00a0 (0)<\/p>\n<p>zdr\u017eali sa: (0 )<\/p>\n<p><strong><u>\u00a0<\/u><\/strong><\/p>\n<p>Starosta skon\u0161tatoval, \u017ee uznesenie \u010d.100\/2025 \u00a0zo d\u0148a 25.9.2025\u00a0 <strong><u>OZ schva\u013euje<\/u><\/strong><\/p>\n<p>&nbsp;<\/p>\n<p>&nbsp;<\/p>\n<p><strong><u>k\u00a0bodu 11.<\/u><\/strong><strong><u> Schv\u00e1lenie \u017eiadosti pren\u00e1jmu \u010dasti obecn\u00e9ho pozemku parc.\u010d.E-KN 225\/8 o\u00a0v\u00fdmere 18423 m2 vo vlastn\u00edctve obce pre p.Milana Danka, za \u00fa\u010delom parkovania osobn\u00fdch motorov\u00fdch vozidiel<\/u><\/strong><\/p>\n<p>starosta pre\u010d\u00edtal \u017eiados\u0165 a\u00a0uznesenie k\u00a0bodu programu<\/p>\n<p>&nbsp;<\/p>\n<p>V\u00a0s\u00falade s\u00a0ustanoveniami \u00a79 ods.2 p\u00edsm.a),\u00a79 a ods.15 p\u00edsm.f)\u00a0\u00a0 a\u00a0Z\u00e1sadami hospod\u00e1renia s\u00a0majetkom obce Horn\u00e1 Mi\u010din\u00e1 v\u00a0platnom znen\u00ed, OZ schva\u013euje pren\u00e1jom \u010dasti obecnej parcely \u010d.E-KN 225\/8,druh pozemku ostatn\u00e1 plocha o\u00a0v\u00fdmere 18423 m2,evidovanej Okresn\u00fdm \u00faradom B.Bystrica,katastr\u00e1lny odbor na LV \u010d.417,kat.\u00fazemie Horn\u00e1 Mi\u010din\u00e1,a prenech\u00e1va\u00a0 do n\u00e1jmu \u010das\u0165 tohto pozemku o\u00a0v\u00fdmere 80 m2,za \u00fa\u010delom parkovania osobn\u00fdch motorov\u00fdch vozidiel \u017eiadate\u013eovi p.Milanovi Dankovi,bytom Horn\u00e1 Mi\u010din\u00e1 \u010d.96 na z\u00e1klade n\u00e1jomnej zmluvy z\u00a0d\u00f4vodu hodn\u00e9ho osobitn\u00e9ho zrete\u013ea .Doba n\u00e1jmu je na 10 rokov s\u00a0mo\u017enos\u0165ou jej \u010fal\u0161ieho pred\u013a\u017eenia.Cena pren\u00e1jmu sa stanovuje na 80,-eur za 1 rok. Parcela bude vyt\u00fd\u010den\u00e1 komisiou OZ oproti rodinn\u00e9mu domu s\u00fap.\u010d.96, parc.\u010d. KN-C 176<\/p>\n<p>Rozprava poslancov:<\/p>\n<p>Do rozpravy sa neprihl\u00e1sil \u017eiaden poslanec<\/p>\n<p>starosta po\u017eiadal poslancov o\u00a0hlasovanie za n\u00e1vrh uznesenia<\/p>\n<p>&nbsp;<\/p>\n<p><strong><u>uznesenie \u010d.101\/2025 zo d\u0148a 25.9.2025<\/u><\/strong><\/p>\n<p>&nbsp;<\/p>\n<p><em>Pr\u00edtomn\u00fd poslanci pri hlasovan\u00ed:<\/em> J.Baranov\u00e1, M.Karkal\u00edk, \u013d.\u010cerh\u00fd\u0148,T. Bachleda,T. Pip\u00ed\u0161ka<\/p>\n<p>&nbsp;<\/p>\n<p>Hlasovali za: (5 )<\/p>\n<p>proti:\u00a0 (0)<\/p>\n<p>zdr\u017eali sa: (0 )<\/p>\n<p><strong><u>\u00a0<\/u><\/strong><\/p>\n<p>Starosta skon\u0161tatoval, \u017ee uznesenie \u010d.101\/2025 \u00a0zo d\u0148a 25.9.2025\u00a0 <strong><u>OZ schva\u013euje<\/u><\/strong><\/p>\n<p>&nbsp;<\/p>\n<p><strong><u>k\u00a0bodu 12.<\/u><\/strong><strong><u> \u017diados\u0165 Slovak Parcel Service o\u00a0pren\u00e1jom miesta na umiestnenie Bal\u00edkovo boxu v\u00a0miestnom parku<\/u><\/strong><\/p>\n<p><strong><u>\u00a0<\/u><\/strong>starosta pre\u010d\u00edtal \u017eiados\u0165 a\u00a0uznesenie k\u00a0bodu programu<\/p>\n<p><strong><u>\u00a0<\/u><\/strong><\/p>\n<p>Obec Horn\u00e1 Mi\u010din\u00e1,ktor\u00e1 je v\u00fdlu\u010dn\u00fdm vlastn\u00edkom pozemku C-KN \u010d.215 o\u00a0v\u00fdmere 492 m2,zap\u00edsanej na LV-195,druh pozemku Zastavan\u00e1 plocha a\u00a0n\u00e1dvorie,veden\u00e1 Okresn\u00fdm \u00faradom B.Bystrica,katastr\u00e1lny odbor,schva\u013euje z\u00e1mer prenaja\u0165\u00a0 \u010das\u0165 z\u00a0tohto pozemku o\u00a0v\u00fdmere 1 m2 v\u00a0zmysle \u00a7 9a ods.15 p\u00edsm. f) a\u00a0v\u00a0s\u00falade so Z\u00e1sadami hospod\u00e1renia s\u00a0majetkom obce z\u00a0d\u00f4vodu hodn\u00e9ho osobitn\u00e9ho zrete\u013ea pre n\u00e1jomcu, Slovak Parcel Servis,so s\u00eddlom Seneck\u00e1 cesta 1, 900 28 Iv\u00e1nka pri Dunaji, za \u00fa\u010delom umiestnenia samoobslu\u017en\u00e9ho boxu Bal\u00edkova,ktor\u00fd bude sl\u00fa\u017ei\u0165 ob\u010danom obce pre vyd\u00e1vanie z\u00e1sielok,t.j. na,,verejnoprospe\u0161n\u00fd \u00fa\u010del\u201c.Cena za n\u00e1jomn\u00e9 je vo v\u00fd\u0161ke 1,- euro ro\u010dne.<\/p>\n<p>&nbsp;<\/p>\n<p>Rozprava poslancov:<\/p>\n<p>Do rozpravy sa neprihl\u00e1sil \u017eiaden poslanec<\/p>\n<p>starosta po\u017eiadal poslancov o\u00a0hlasovanie za n\u00e1vrh uznesenia<\/p>\n<p>&nbsp;<\/p>\n<p><strong><u>uznesenie \u010d.102\/2025 zo d\u0148a 25.9.2025<\/u><\/strong><\/p>\n<p>&nbsp;<\/p>\n<p><em>Pr\u00edtomn\u00fd poslanci pri hlasovan\u00ed:<\/em> J.Baranov\u00e1, M.Karkal\u00edk, \u013d.\u010cerh\u00fd\u0148,T. Bachleda,T. Pip\u00ed\u0161ka<\/p>\n<p>&nbsp;<\/p>\n<p>Hlasovali za: (5 )<\/p>\n<p>proti:\u00a0 (0)<\/p>\n<p>zdr\u017eali sa: (0 )<\/p>\n<p><strong><u>\u00a0<\/u><\/strong><\/p>\n<p>Starosta skon\u0161tatoval, \u017ee uznesenie \u010d.102\/2025 \u00a0zo d\u0148a 25.9.2025\u00a0 <strong><u>OZ schva\u013euje<\/u><\/strong><\/p>\n<p>&nbsp;<\/p>\n<p>&nbsp;<\/p>\n<p>&nbsp;<\/p>\n<p>&nbsp;<\/p>\n<p><strong><u>k\u00a0bodu 13.<\/u><\/strong><strong><u> Spr\u00e1va nez\u00e1visl\u00e9ho auditora z\u00a0auditu \u00fa\u010dtovnej z\u00e1vierky obce Horn\u00e1 Mi\u010din\u00e1 za r.2024<\/u><\/strong><\/p>\n<p>&nbsp;<\/p>\n<p>starosta obce pre\u010d\u00edtal spr\u00e1vu auditora a\u00a0uznesenie<\/p>\n<p>&nbsp;<\/p>\n<p>Obec Horn\u00e1 Mi\u010din\u00e1 na z\u00e1klade overenia dodr\u017eiavania povinnost\u00ed pod\u013ea po\u017eiadaviek z\u00e1kona o\u00a0rozpo\u010dtov\u00fdch pravidl\u00e1ch platn\u00fdch v\u00a0SR pre \u00fazemn\u00fa samospr\u00e1vu v\u00a0znen\u00ed neskor\u0161\u00edch predpisov\u00a0 berie na vedomie spr\u00e1vu auditora z\u00a0\u00fa\u010dtovnej z\u00e1vierky, \u017ee obec Horn\u00e1 Mi\u010din\u00e1 konala v\u00a0s\u00falade s\u00a0po\u017eiadavkami z\u00e1kona o\u00a0rozpo\u010dtov\u00fdch pravidl\u00e1ch.<\/p>\n<p>&nbsp;<\/p>\n<p>Rozprava poslancov:<\/p>\n<p>Do rozpravy sa neprihl\u00e1sil \u017eiaden poslanec<\/p>\n<p>starosta po\u017eiadal poslancov o\u00a0hlasovanie za n\u00e1vrh uznesenia<\/p>\n<p>&nbsp;<\/p>\n<p><strong><u>uznesenie \u010d.103\/2025 zo d\u0148a 25.9.2025<\/u><\/strong><\/p>\n<p>&nbsp;<\/p>\n<p><em>Pr\u00edtomn\u00fd poslanci pri hlasovan\u00ed:<\/em> J.Baranov\u00e1, M.Karkal\u00edk, \u013d.\u010cerh\u00fd\u0148,T. Bachleda,T. Pip\u00ed\u0161ka<\/p>\n<p>&nbsp;<\/p>\n<p>Hlasovali za: (5 )<\/p>\n<p>proti:\u00a0 (0)<\/p>\n<p>zdr\u017eali sa: (0 )<\/p>\n<p><strong><u>\u00a0<\/u><\/strong><\/p>\n<p>Starosta skon\u0161tatoval, \u017ee uznesenie \u010d.103\/2025 \u00a0zo d\u0148a 25.9.2025\u00a0 <strong><u>OZ berie na vedomie<\/u><\/strong><\/p>\n<p>&nbsp;<\/p>\n<p><strong><u>k\u00a0bodu 14.<\/u><\/strong><strong><u> R\u00f4zne<\/u><\/strong><\/p>\n<p>&nbsp;<\/p>\n<p>Starosta obce informoval poslancov a\u00a0ob\u010danov obce o\u00a0dian\u00ed a\u00a0pr\u00e1cach v\u00a0obci:<\/p>\n<p>&nbsp;<\/p>\n<ul>\n<li>Po\u010fakovanie v\u0161etk\u00fdm,ktor\u00fd sa podie\u013eali na pr\u00edprave d\u0148a obce a\u00a0tak prispeli nemalou mierou k\u00a0\u00faspe\u0161nej akcii<\/li>\n<li>Po\u010fakovanie dobrovo\u013en\u00edkom pri pretekoch Okolo Slovenska,kde sme zabezpe\u010dovali z\u00e1kaz vjazdu z\u00a0obecn\u00fdch ciest na hlavn\u00fa cestu po\u010das pretekov na \u017eiados\u0165 pol\u00edcie<\/li>\n<li>Kosenie cintor\u00ednov,potokov,n\u00e1dr\u017ee a\u00a0ostatn\u00fdch verejn\u00fdch pl\u00f4ch<\/li>\n<li>Bolo dovezen\u00e9 uhlie,e\u0161te treba uskladni\u0165 ( po dohode s\u00a0R.Sm\u00e4dom )<\/li>\n<\/ul>\n<p>&nbsp;<\/p>\n<p>Rozprava poslancov:<\/p>\n<p>Do rozpravy sa neprihl\u00e1sil \u017eiaden poslanec<\/p>\n<p>starosta po\u017eiadal poslancov o\u00a0hlasovanie za n\u00e1vrh uznesenia,ktor\u00e9 sa berie na vedomie<\/p>\n<p>&nbsp;<\/p>\n<p><strong><u>uznesenie \u010d.104\/2025 zo d\u0148a 25.9.2025<\/u><\/strong><\/p>\n<p>&nbsp;<\/p>\n<p><em>Pr\u00edtomn\u00fd poslanci pri hlasovan\u00ed:<\/em> J.Baranov\u00e1, M.Karkal\u00edk, \u013d.\u010cerh\u00fd\u0148,T. Bachleda,T. Pip\u00ed\u0161ka<\/p>\n<p>&nbsp;<\/p>\n<p>Hlasovali za: (5 )<\/p>\n<p>proti:\u00a0 (0)<\/p>\n<p>zdr\u017eali sa: (0 )<\/p>\n<p><strong><u>\u00a0<\/u><\/strong><\/p>\n<p>Starosta skon\u0161tatoval, \u017ee uznesenie \u010d.104\/2025 \u00a0zo d\u0148a 25.9.2025\u00a0 <strong><u>OZ berie na vedomie<\/u><\/strong><\/p>\n<p>&nbsp;<\/p>\n<p><strong><u>k\u00a0bodu 15.Diskusia<\/u><\/strong><\/p>\n<p>Diskusn\u00e9 pr\u00edspevky ob\u010danov obce<\/p>\n<p>&nbsp;<\/p>\n<ul>\n<li>\u017diados\u0165 ob\u010danov Skalnavej a\u00a0Ba\u010dovej z\u00e1hrady ,aby smetiari zach\u00e1dzali do ulice a\u00a0tak zberali komun.odpad &#8211; dorie\u0161ime s\u00a0firmou<\/li>\n<li>Cesta na M\u00f4l\u010du,\u010di sa nedaj\u00fa da\u0165 retard\u00e9ry,jazdia tam aut\u00e1 r\u00fdchlo \u2013 sk\u00fasime dojedna\u0165 s\u00a0V\u00daC,je to cesta III.triedy<\/li>\n<li>R\u00fdchlos\u0165 cez dedinu- pok\u00fasime sa zabezpe\u010di\u0165 mera\u010de r\u00fdchlosti ( 2ks )<\/li>\n<li>R\u00fdchlos\u0165 nad lomom Veselovsk\u00fd obmedzi\u0165 ( doch\u00e1dza tam ku kol\u00edzi\u00e1m,v\u00fdjazd z\u00a0lomu )-taktie\u017e jednanie s\u00a0V\u00daC,je to cesta II.triedy<\/li>\n<li>Kuka n\u00e1doby vo V\u00e1penici-da\u0165 dole do dediny,je tam st\u00e1le bordel,zastan\u00fa tam aj cudzie aut\u00e1,ktor\u00e9 vyhadzuj\u00fa smeti,ktor\u00e9 nepatria do kontajnerov<\/li>\n<\/ul>\n<p>&nbsp;<\/p>\n<ul>\n<li>KST Kozlinec po\u010fakoval za zasielanie SMS spr\u00e1v na akcie<\/li>\n<\/ul>\n<p>&nbsp;<\/p>\n<p>Rozprava poslancov:<\/p>\n<p>Do rozpravy sa neprihl\u00e1sil \u017eiaden poslanec<\/p>\n<p>starosta po\u017eiadal poslancov o\u00a0hlasovanie za n\u00e1vrh uznesenia,ktor\u00e9 sa berie na vedomie<\/p>\n<p>&nbsp;<\/p>\n<p><strong><u>uznesenie \u010d.105\/2025 zo d\u0148a 25.9.2025<\/u><\/strong><\/p>\n<p>&nbsp;<\/p>\n<p><em>Pr\u00edtomn\u00fd poslanci pri hlasovan\u00ed:<\/em> J.Baranov\u00e1, M.Karkal\u00edk, \u013d.\u010cerh\u00fd\u0148,T. Bachleda,T. Pip\u00ed\u0161ka<\/p>\n<p>&nbsp;<\/p>\n<p>Hlasovali za: (5 )<\/p>\n<p>proti:\u00a0 (0)<\/p>\n<p>zdr\u017eali sa: (0 )<\/p>\n<p><strong><u>\u00a0<\/u><\/strong><\/p>\n<p>Starosta skon\u0161tatoval, \u017ee uznesenie \u010d.105\/2025 \u00a0zo d\u0148a 25.9.2025\u00a0 <strong><u>OZ berie na vedomie<\/u><\/strong><\/p>\n<p>&nbsp;<\/p>\n<p><strong><u>k\u00a0bodu 16. Z\u00e1ver<\/u><\/strong><\/p>\n<p>starosta po\u010fakoval poslancom OZ a\u00a0pr\u00edtomn\u00fdm ob\u010danom za \u00fa\u010das\u0165 a\u00a0ukon\u010dil rokovanie OZ<\/p>\n<p>&nbsp;<\/p>\n","protected":false},"excerpt":{"rendered":"Z\u00c1PISNICA zo zasadnutia obecn\u00e9ho zastupite\u013estva (\u010falej len OZ) obce\u00a0Horn\u00e1 Mi\u010din\u00e1 konan\u00e9ho d\u0148a 25.9.2025 [&hellip;]","protected":false},"author":1,"featured_media":390,"comment_status":"closed","ping_status":"open","sticky":false,"template":"","format":"standard","meta":{"advanced_seo_description":"","jetpack_seo_html_title":"","jetpack_seo_noindex":false,"_jetpack_memberships_contains_paid_content":false,"footnotes":""},"categories":[30],"tags":[],"class_list":["post-5497","post","type-post","status-publish","format-standard","has-post-thumbnail","hentry","category-zastupitelstvo"],"jetpack_featured_media_url":"https:\/\/i0.wp.com\/www.hornamicina.eu\/web\/wp-content\/uploads\/2017\/07\/uznesenia.jpg?fit=530%2C530&ssl=1","jetpack_sharing_enabled":true,"jetpack_shortlink":"https:\/\/wp.me\/p8RsFw-1qF","jetpack-related-posts":[{"id":5641,"url":"https:\/\/www.hornamicina.eu\/web\/zapisnica-z-mimoriadneho-zasadnutia-oz-obce-horna-micina-17-1-2026\/","url_meta":{"origin":5497,"position":0},"title":"Z\u00e1pisnica z mimoriadneho zasadnutia OZ obce Horn\u00e1 Mi\u010din\u00e1 &#8211; 17.1.2026","author":"admin","date":"22. janu\u00e1ra 2026","format":false,"excerpt":"Z\u00c1PISNICA Z mimoriadneho zasadnutia obecn\u00e9ho zastupite\u013estva (\u010falej len OZ) obce Horn\u00e1 Mi\u010din\u00e1 konan\u00e9ho d\u0148a 17.1.2026 v budove obecn\u00e9ho \u00faradu Horn\u00e1 Mi\u010din\u00e1 o 17:00 hod. k bodu 1: PR\u00cdTOMN\u00cd: Starosta obce: Ivan Len\u00e1r Poslanci OZ: pod\u013ea prilo\u017eenej prezen\u010dnej listiny Ob\u010dania obce a prizvan\u00ed: pod\u013ea prilo\u017eenej prezen\u010dnej listiny Zasadnutie obecn\u00e9ho zastupite\u013estva otvoril\u2026","rel":"","context":"V &quot;Zastupite\u013estvo&quot;","block_context":{"text":"Zastupite\u013estvo","link":"https:\/\/www.hornamicina.eu\/web\/category\/zastupitelstvo\/"},"img":{"alt_text":"","src":"https:\/\/i0.wp.com\/www.hornamicina.eu\/web\/wp-content\/uploads\/2017\/07\/zastupitelstvo.jpg?fit=530%2C375&ssl=1&resize=350%2C200","width":350,"height":200,"srcset":"https:\/\/i0.wp.com\/www.hornamicina.eu\/web\/wp-content\/uploads\/2017\/07\/zastupitelstvo.jpg?fit=530%2C375&ssl=1&resize=350%2C200 1x, https:\/\/i0.wp.com\/www.hornamicina.eu\/web\/wp-content\/uploads\/2017\/07\/zastupitelstvo.jpg?fit=530%2C375&ssl=1&resize=525%2C300 1.5x"},"classes":[]},{"id":3902,"url":"https:\/\/www.hornamicina.eu\/web\/zapisnica-zo-zasadnutia-oz-13-9-2023\/","url_meta":{"origin":5497,"position":1},"title":"Z\u00e1pisnica zo zasadnutia OZ &#8211; 13.9.2023","author":"admin","date":"22. septembra 2023","format":false,"excerpt":"\u00a0\u00a0\u00a0\u00a0\u00a0\u00a0\u00a0\u00a0\u00a0\u00a0\u00a0\u00a0\u00a0\u00a0\u00a0\u00a0\u00a0\u00a0\u00a0\u00a0\u00a0\u00a0\u00a0\u00a0\u00a0 \u00a0\u00a0\u00a0\u00a0\u00a0\u00a0\u00a0\u00a0\u00a0\u00a0\u00a0\u00a0\u00a0\u00a0\u00a0\u00a0\u00a0\u00a0\u00a0\u00a0\u00a0\u00a0\u00a0\u00a0\u00a0\u00a0Z\u00c1PISNICA Zo zasadnutia obecn\u00e9ho zastupite\u013estva (\u010falej len OZ) v\u00a0Hornej Mi\u010dinej konan\u00e9ho d\u0148a 13.9.2023 v\u00a0s\u00e1le obecn\u00e9ho \u00faradu Horn\u00e1 Mi\u010din\u00e1 o\u00a018:00 hod. \u00a0 N\u00e1vrh programu \u00a0OZ: Otvorenie Program obecn\u00e9ho zastupite\u013estva Vo\u013eba n\u00e1vrhovej komisie,overovate\u013ea z\u00e1pisnice a\u00a0zapisovate\u013ea \u017diados\u0165 p.Pavla Martinca \u010d.59 o odk\u00fapenie obecn\u00e9ho pozemku,parcela C-\u010d.40\/3 o v\u00fdmere 20m2,vedenej na LV-195 vo vlastn\u00edctve\u2026","rel":"","context":"V &quot;Oznamy&quot;","block_context":{"text":"Oznamy","link":"https:\/\/www.hornamicina.eu\/web\/category\/oznamy\/"},"img":{"alt_text":"","src":"https:\/\/i0.wp.com\/www.hornamicina.eu\/web\/wp-content\/uploads\/2017\/07\/zastupitelstvo.jpg?fit=530%2C375&ssl=1&resize=350%2C200","width":350,"height":200,"srcset":"https:\/\/i0.wp.com\/www.hornamicina.eu\/web\/wp-content\/uploads\/2017\/07\/zastupitelstvo.jpg?fit=530%2C375&ssl=1&resize=350%2C200 1x, https:\/\/i0.wp.com\/www.hornamicina.eu\/web\/wp-content\/uploads\/2017\/07\/zastupitelstvo.jpg?fit=530%2C375&ssl=1&resize=525%2C300 1.5x"},"classes":[]},{"id":4924,"url":"https:\/\/www.hornamicina.eu\/web\/zapisnica-so-zasadnutia-zastupitelstva-obce-hm-9-2024\/","url_meta":{"origin":5497,"position":2},"title":"Z\u00e1pisnica so zasadnutia zastupite\u013estva obce HM &#8211; 9\/2024","author":"admin","date":"23. septembra 2024","format":false,"excerpt":"Z\u00c1PISNICA zo zasadnutia obecn\u00e9ho zastupite\u013estva (\u010falej len OZ) obce\u00a0Horn\u00e1 Mi\u010din\u00e1 konan\u00e9ho d\u0148a 16.9.2024 v budove obecn\u00e9ho \u00faradu Horn\u00e1 Mi\u010din\u00e1 o 17:00 hod. \u00a0 PR\u00cdTOMN\u00cd: Starosta obce:\u00a0\u00a0\u00a0\u00a0\u00a0\u00a0\u00a0\u00a0\u00a0\u00a0\u00a0\u00a0\u00a0\u00a0\u00a0\u00a0\u00a0\u00a0\u00a0\u00a0\u00a0\u00a0\u00a0\u00a0\u00a0\u00a0\u00a0\u00a0\u00a0 Ivan Len\u00e1r Poslanci OZ:\u00a0\u00a0\u00a0\u00a0\u00a0\u00a0\u00a0\u00a0\u00a0\u00a0\u00a0\u00a0\u00a0\u00a0\u00a0\u00a0\u00a0\u00a0\u00a0\u00a0\u00a0\u00a0\u00a0\u00a0\u00a0\u00a0\u00a0\u00a0\u00a0\u00a0\u00a0\u00a0 pod\u013ea prilo\u017eenej prezen\u010dnej listiny Ob\u010dania obce a\u00a0prizvan\u00ed:\u00a0\u00a0\u00a0\u00a0\u00a0\u00a0\u00a0\u00a0\u00a0\u00a0\u00a0\u00a0 pod\u013ea prilo\u017eenej prezen\u010dnej listiny \u00a0 Zasadnutie obecn\u00e9ho zastupite\u013estva otvoril a\u00a0viedol starosta obce Ivan\u2026","rel":"","context":"V &quot;D\u00f4le\u017eit\u00e9&quot;","block_context":{"text":"D\u00f4le\u017eit\u00e9","link":"https:\/\/www.hornamicina.eu\/web\/category\/dolezite\/"},"img":{"alt_text":"","src":"https:\/\/i0.wp.com\/www.hornamicina.eu\/web\/wp-content\/uploads\/2017\/07\/zastupitelstvo.jpg?fit=530%2C375&ssl=1&resize=350%2C200","width":350,"height":200,"srcset":"https:\/\/i0.wp.com\/www.hornamicina.eu\/web\/wp-content\/uploads\/2017\/07\/zastupitelstvo.jpg?fit=530%2C375&ssl=1&resize=350%2C200 1x, https:\/\/i0.wp.com\/www.hornamicina.eu\/web\/wp-content\/uploads\/2017\/07\/zastupitelstvo.jpg?fit=530%2C375&ssl=1&resize=525%2C300 1.5x"},"classes":[]},{"id":5348,"url":"https:\/\/www.hornamicina.eu\/web\/zapisnica-zo-zasadnutia-oz-hm-26-6-2025\/","url_meta":{"origin":5497,"position":3},"title":"Z\u00e1pisnica zo zasadnutia OZ HM &#8211; 26.6.2025","author":"admin","date":"3. j\u00fala 2025","format":false,"excerpt":"Z\u00c1PISNICA zo zasadnutia obecn\u00e9ho zastupite\u013estva (\u010falej len OZ) obce\u00a0Horn\u00e1 Mi\u010din\u00e1 konan\u00e9ho d\u0148a26.6.2025 v\u00a0budove obecn\u00e9ho \u00faradu Horn\u00e1 Mi\u010din\u00e1 o\u00a016:00 hod. \u00a0 k\u00a0bodu 1: PR\u00cdTOMN\u00cd: Starosta obce:\u00a0\u00a0\u00a0\u00a0\u00a0\u00a0\u00a0\u00a0\u00a0\u00a0\u00a0\u00a0\u00a0\u00a0\u00a0\u00a0\u00a0\u00a0\u00a0\u00a0\u00a0\u00a0\u00a0\u00a0\u00a0\u00a0\u00a0\u00a0\u00a0\u00a0 Ivan Len\u00e1r Poslanci OZ:\u00a0\u00a0\u00a0\u00a0\u00a0\u00a0\u00a0\u00a0\u00a0\u00a0\u00a0\u00a0\u00a0\u00a0\u00a0\u00a0\u00a0\u00a0\u00a0\u00a0\u00a0\u00a0\u00a0\u00a0\u00a0\u00a0\u00a0\u00a0\u00a0\u00a0\u00a0\u00a0\u00a0\u00a0 Tibor Pip\u00ed\u0161ka, M.Karkal\u00edk, \u013d.\u010cerh\u00fd\u0148 Nepr\u00edtomn\u00ed poslanci :\u00a0\u00a0\u00a0\u00a0\u00a0\u00a0\u00a0\u00a0\u00a0\u00a0\u00a0\u00a0\u00a0\u00a0\u00a0\u00a0\u00a0 Janka Baranov\u00e1 ,Teodor Bachleda Ob\u010dania obce a\u00a0prizvan\u00ed:\u00a0\u00a0\u00a0\u00a0\u00a0\u00a0\u00a0\u00a0\u00a0\u00a0\u00a0\u00a0 pod\u013ea prilo\u017eenej prezen\u010dnej listiny \u00a0 Zasadnutie obecn\u00e9ho\u2026","rel":"","context":"V &quot;Zastupite\u013estvo&quot;","block_context":{"text":"Zastupite\u013estvo","link":"https:\/\/www.hornamicina.eu\/web\/category\/zastupitelstvo\/"},"img":{"alt_text":"","src":"https:\/\/i0.wp.com\/www.hornamicina.eu\/web\/wp-content\/uploads\/2017\/07\/zastupitelstvo.jpg?fit=530%2C375&ssl=1&resize=350%2C200","width":350,"height":200,"srcset":"https:\/\/i0.wp.com\/www.hornamicina.eu\/web\/wp-content\/uploads\/2017\/07\/zastupitelstvo.jpg?fit=530%2C375&ssl=1&resize=350%2C200 1x, https:\/\/i0.wp.com\/www.hornamicina.eu\/web\/wp-content\/uploads\/2017\/07\/zastupitelstvo.jpg?fit=530%2C375&ssl=1&resize=525%2C300 1.5x"},"classes":[]},{"id":3894,"url":"https:\/\/www.hornamicina.eu\/web\/zapisnica-a-uznesenia-oz-zo-dna-22-8-2023\/","url_meta":{"origin":5497,"position":4},"title":"Z\u00e1pisnica a uznesenia OZ zo d\u0148a 22.8.2023","author":"admin","date":"30. augusta 2023","format":false,"excerpt":"Z\u00c1PISNICA Z mimoriadneho zasadnutia obecn\u00e9ho zastupite\u013estva(\u010falej len OZ) v Hornej Mi\u010dinej konan\u00e9ho d\u0148a 22.8.2023 v s\u00e1le obecn\u00e9ho \u00faradu Horn\u00e1 Mi\u010din\u00e1 o 19:00 hod. PR\u00cdTOMN\u00cd: Starosta obce: Ivan Len\u00e1r Poslanci OZ: Janka Baranov\u00e1,Teodor Bachleda,Tibor Pip\u00ed\u0161ka,\u013dubom\u00edr \u010cerh\u00fd\u0148 NEPR\u00cdTOMN\u00dd: Michal Karkal\u00edk Ob\u010dania obce a pozvan\u00ed: pod\u013ea prilo\u017eenej prezen\u010dnej listiny Zasadnutie OZ otvoril a\u2026","rel":"","context":"V &quot;Uznesenia&quot;","block_context":{"text":"Uznesenia","link":"https:\/\/www.hornamicina.eu\/web\/category\/uznesenia\/"},"img":{"alt_text":"Logo obce a dokumenty","src":"https:\/\/i0.wp.com\/www.hornamicina.eu\/web\/wp-content\/uploads\/2017\/07\/uznesenia.jpg?fit=530%2C530&ssl=1&resize=350%2C200","width":350,"height":200,"srcset":"https:\/\/i0.wp.com\/www.hornamicina.eu\/web\/wp-content\/uploads\/2017\/07\/uznesenia.jpg?fit=530%2C530&ssl=1&resize=350%2C200 1x, https:\/\/i0.wp.com\/www.hornamicina.eu\/web\/wp-content\/uploads\/2017\/07\/uznesenia.jpg?fit=530%2C530&ssl=1&resize=525%2C300 1.5x"},"classes":[]},{"id":3317,"url":"https:\/\/www.hornamicina.eu\/web\/zapisnica-zo-zasadnutia-obecneho-zastupitelstva-28-9-2022\/","url_meta":{"origin":5497,"position":5},"title":"Z\u00e1pisnica zo zasadnutia obecneho zastupite\u013estva &#8211; 28.9.2022","author":"admin","date":"14. okt\u00f3bra 2022","format":false,"excerpt":"Z\u00c1PISNICA zo zasadnutia obecn\u00e9ho zastupite\u013estva (\u010falej len OZ) obce\u00a0Horn\u00e1 Mi\u010din\u00e1 konan\u00e9ho d\u0148a 28.09.2022 v\u00a0budove obecn\u00e9ho \u00faradu Horn\u00e1 Mi\u010din\u00e1 o\u00a019.00 hod. \u00a0 PR\u00cdTOMN\u00cd: Starosta obce:\u00a0\u00a0\u00a0\u00a0\u00a0\u00a0\u00a0\u00a0\u00a0\u00a0\u00a0\u00a0\u00a0\u00a0\u00a0\u00a0\u00a0\u00a0\u00a0\u00a0\u00a0\u00a0\u00a0\u00a0\u00a0\u00a0\u00a0\u00a0\u00a0\u00a0\u00a0 Ivan Len\u00e1r Poslanci OZ:\u00a0 \u00a0 \u00a0 \u00a0 \u00a0 \u00a0 \u00a0 \u00a0 \u00a0 \u00a0 \u00a0 \u00a0 \u00a0 \u00a0 \u00a0 \u00a0 \u00a0 pod\u013ea prezen\u010dnej listiny Ob\u010dania obce a\u2026","rel":"","context":"V &quot;Oznamy&quot;","block_context":{"text":"Oznamy","link":"https:\/\/www.hornamicina.eu\/web\/category\/oznamy\/"},"img":{"alt_text":"Logo obce a dokumenty","src":"https:\/\/i0.wp.com\/www.hornamicina.eu\/web\/wp-content\/uploads\/2017\/07\/uznesenia.jpg?fit=530%2C530&ssl=1&resize=350%2C200","width":350,"height":200,"srcset":"https:\/\/i0.wp.com\/www.hornamicina.eu\/web\/wp-content\/uploads\/2017\/07\/uznesenia.jpg?fit=530%2C530&ssl=1&resize=350%2C200 1x, https:\/\/i0.wp.com\/www.hornamicina.eu\/web\/wp-content\/uploads\/2017\/07\/uznesenia.jpg?fit=530%2C530&ssl=1&resize=525%2C300 1.5x"},"classes":[]}],"jetpack_likes_enabled":true,"_links":{"self":[{"href":"https:\/\/www.hornamicina.eu\/web\/wp-json\/wp\/v2\/posts\/5497","targetHints":{"allow":["GET"]}}],"collection":[{"href":"https:\/\/www.hornamicina.eu\/web\/wp-json\/wp\/v2\/posts"}],"about":[{"href":"https:\/\/www.hornamicina.eu\/web\/wp-json\/wp\/v2\/types\/post"}],"author":[{"embeddable":true,"href":"https:\/\/www.hornamicina.eu\/web\/wp-json\/wp\/v2\/users\/1"}],"replies":[{"embeddable":true,"href":"https:\/\/www.hornamicina.eu\/web\/wp-json\/wp\/v2\/comments?post=5497"}],"version-history":[{"count":1,"href":"https:\/\/www.hornamicina.eu\/web\/wp-json\/wp\/v2\/posts\/5497\/revisions"}],"predecessor-version":[{"id":5498,"href":"https:\/\/www.hornamicina.eu\/web\/wp-json\/wp\/v2\/posts\/5497\/revisions\/5498"}],"wp:featuredmedia":[{"embeddable":true,"href":"https:\/\/www.hornamicina.eu\/web\/wp-json\/wp\/v2\/media\/390"}],"wp:attachment":[{"href":"https:\/\/www.hornamicina.eu\/web\/wp-json\/wp\/v2\/media?parent=5497"}],"wp:term":[{"taxonomy":"category","embeddable":true,"href":"https:\/\/www.hornamicina.eu\/web\/wp-json\/wp\/v2\/categories?post=5497"},{"taxonomy":"post_tag","embeddable":true,"href":"https:\/\/www.hornamicina.eu\/web\/wp-json\/wp\/v2\/tags?post=5497"}],"curies":[{"name":"wp","href":"https:\/\/api.w.org\/{rel}","templated":true}]}}