{"id":5482,"date":"2025-09-24T17:19:25","date_gmt":"2025-09-24T15:19:25","guid":{"rendered":"https:\/\/www.hornamicina.eu\/web\/?p=5482"},"modified":"2025-09-24T17:19:26","modified_gmt":"2025-09-24T15:19:26","slug":"verejna-vyhlaska-rozhodnutie-p-saktorova","status":"publish","type":"post","link":"https:\/\/www.hornamicina.eu\/web\/verejna-vyhlaska-rozhodnutie-p-saktorova\/","title":{"rendered":"VEREJN\u00c1 VYHL\u00c1\u0160KA &#8211; Rozhodnutie &#8211; p. Saktorov\u00e1"},"content":{"rendered":"<p style=\"text-align: center;\"><strong>VEREJN\u00c1 VYHL\u00c1\u0160KA<\/strong><\/p>\n<p style=\"text-align: center;\"><strong>ROZHODNUTIE<\/strong><\/p>\n<p>&nbsp;<\/p>\n<p><strong>Obec Horn\u00e1 Mi\u010din\u00e1<\/strong>, zast\u00fapen\u00e1 starostom obce Ivanom Len\u00e1rom, ako vecne a\u00a0miestne pr\u00edslu\u0161n\u00fd stavebn\u00fd \u00farad pod\u013ea \u00a7 117 z\u00e1kona \u010d. 50\/1976 Zb. o\u00a0\u00fazemnom pl\u00e1novan\u00ed a\u00a0stavebnom poriadku (stavebn\u00fd z\u00e1kon) v znen\u00ed neskor\u0161\u00edch predpisov (\u010falej len &#8222;stavebn\u00fd z\u00e1kon&#8220;) a \u00a7 63 z\u00e1kona \u010d. 364\/2004 Z.z. o\u00a0vod\u00e1ch a\u00a0o\u00a0zmene z\u00e1kona SNR \u010d. 372\/1990 Zb. o\u00a0priestupkoch v\u00a0znen\u00ed neskor\u0161\u00edch predpisov (\u010falej len \u201evodn\u00fd z\u00e1kon\u201c), na podklade vykonan\u00e9ho konania rozhodla takto<\/p>\n<p>&nbsp;<\/p>\n<ol>\n<li><strong>sa pod\u013ea<\/strong><\/li>\n<\/ol>\n<ul>\n<li>66 a \u00a7 88a stavebn\u00e9ho z\u00e1kona v\u00a0s\u00falade s\u00a0ustanoveniami z\u00e1kona \u010d. 71\/1967 Zb. o\u00a0spr\u00e1vnom poriadku,<\/li>\n<\/ul>\n<p>&nbsp;<\/p>\n<p style=\"text-align: center;\"><strong>dodato\u010dne povo\u013euje<\/strong><\/p>\n<p style=\"text-align: center;\"><strong>s<\/strong>tavba:<\/p>\n<p style=\"text-align: center;\">\n<p style=\"text-align: center;\"><strong>\u201eV\u0155tan\u00e1 stud\u0148a na \u00fa\u017eitkov\u00fd \u00fa\u010del\u201c,<\/strong><\/p>\n<p style=\"text-align: center;\"><strong>\u00a0<\/strong><\/p>\n<p style=\"text-align: center;\">na pozemku parc. \u010d. KN-C 428\/1 v\u00a0k. \u00fa. Horn\u00e1 Mi\u010din\u00e1.<\/p>\n<p style=\"text-align: center;\"><strong>Pre stavebn\u00ed\u010dku: Annu Saktorov\u00fa, 974 01 Horn\u00e1 Mi\u010din\u00e1 177.<\/strong><\/p>\n<p><strong>\u00a0<\/strong><\/p>\n<p><strong>Popis stavby:<\/strong><\/p>\n<p>Zdrojom vody na \u00fa\u017eitkov\u00e9 \u00fa\u010dely je v\u0155tan\u00e1 stud\u0148a priemeru 140 mm a\u00a0celkovej h\u013abky 35 m na pozemku stavebn\u00ed\u010dky. Na \u010derpanie vody zo studne je pou\u017eit\u00e9 automatick\u00e9 ponorn\u00e9 \u010derpadlo v\u00a0studni \u00a0s\u00a0maxim\u00e1lnym priemerom 100 mm.<\/p>\n<p><strong>\u00a0<\/strong><\/p>\n<ol>\n<li><strong>sa pod\u013ea <\/strong><\/li>\n<\/ol>\n<p>&nbsp;<\/p>\n<ul>\n<li>81 a \u00a7 82 ods. 1 stavebn\u00e9ho z\u00e1kona v spojen\u00ed s \u00a7 20 vyhl\u00e1\u0161ky \u010d. 453\/2000 Z.z., ktorou sa vykon\u00e1vaj\u00fa niektor\u00e9 ustanovenia stavebn\u00e9ho z\u00e1kona<\/li>\n<\/ul>\n<p>&nbsp;<\/p>\n<p style=\"text-align: center;\"><strong>povo\u013euje na trval\u00e9 u\u017e\u00edvanie<\/strong><\/p>\n<p>&nbsp;<\/p>\n<p>stavba:<\/p>\n<p style=\"text-align: center;\"><strong>\u201e<\/strong><strong>V\u0155tan\u00e1 stud\u0148a na \u00fa\u017eitkov\u00fd \u00fa\u010del\u201c,<\/strong><\/p>\n<p><strong>\u00a0<\/strong><\/p>\n<p>na pozemku parc. \u010d. KN-C 428\/1 v\u00a0k. \u00fa. Horn\u00e1 Mi\u010din\u00e1.<\/p>\n<p><strong>Pre stavebn\u00ed\u010dku: Annu Saktorov\u00fa, 974 01 Horn\u00e1 Mi\u010din\u00e1 177.<\/strong><\/p>\n<p>&nbsp;<\/p>\n<p><strong>Popis stavby:<\/strong><\/p>\n<p>Zdrojom vody na \u00fa\u017eitkov\u00e9 \u00fa\u010dely je v\u0155tan\u00e1 stud\u0148a priemeru 140 mm a\u00a0celkovej h\u013abky 35 m na pozemku stavebn\u00ed\u010dky. Na \u010derpanie vody zo studne je pou\u017eit\u00e9 automatick\u00e9 ponorn\u00e9 \u010derpadlo v\u00a0studni\u00a0 s\u00a0maxim\u00e1lnym priemerom 100 mm.<\/p>\n<p>&nbsp;<\/p>\n<p><strong>Pre odstr\u00e1nenie drobn\u00fdch nedostatkov skuto\u010dn\u00e9ho realizovania stavby zisten\u00fdch pri kolauda\u010dnom konan\u00ed sa pod\u013ea \u00a7 82 ods. 2 stavebn\u00e9ho z\u00e1kona ur\u010duj\u00fa nasledovn\u00e9 podmienky: <\/strong><\/p>\n<ol>\n<li>Osadi\u0165 certifikovan\u00fd mera\u010d spotreby vody do 06\/2026.<\/li>\n<\/ol>\n<p>&nbsp;<\/p>\n<p><strong>Pre u\u017e\u00edvanie stavby sa pod\u013ea \u00a7 82 ods. 3 stavebn\u00e9ho z\u00e1kona ur\u010duj\u00fa tieto podmienky:<\/strong><\/p>\n<ol>\n<li>Stavbu u\u017e\u00edva\u0165 v s\u00falade s t\u00fdmto rozhodnut\u00edm a k dan\u00e9mu \u00fa\u010delu.<\/li>\n<li>Navrhovate\u013e (u\u017e\u00edvate\u013e) je povinn\u00fd vykon\u00e1va\u0165 v\u010das udr\u017eiavacie pr\u00e1ce a stavebn\u00e9 \u00fapravy za \u00fa\u010delom zachovania \u00fa\u017eitkov\u00fdch vlastnost\u00ed stavby a to hlavne bezpe\u010dnosti pri u\u017e\u00edvan\u00ed, aby nevznikalo nebezpe\u010denstvo hygienick\u00fdch z\u00e1vad a aby nedoch\u00e1dzalo k jej znehodnoteniu.<\/li>\n<li><strong>Ak\u00e9ko\u013evek zmeny stavby m\u00f4\u017eu by\u0165 v zmysle ustanovenia \u00a7 54 stavebn\u00e9ho z\u00e1kona uskuto\u010dnen\u00e9 len na z\u00e1klade ohl\u00e1senia stavebn\u00e9mu \u00faradu alebo na z\u00e1klade stavebn\u00e9ho povolenia.<\/strong><\/li>\n<li>Po\u017eiada\u0165 tunaj\u0161\u00ed stavebn\u00fd \u00farad o vyzna\u010denie pr\u00e1voplatnosti tohto kolauda\u010dn\u00e9ho rozhodnutia po jeho doru\u010den\u00ed \u00fa\u010dastn\u00edkom konania a\u00a0po uplynut\u00ed 15 d\u0148ovej odvolacej lehoty.<\/li>\n<li>Vlastn\u00edk stavby je povinn\u00fd dokument\u00e1ciu skuto\u010dn\u00e9ho realizovania stavby uchov\u00e1va\u0165 po cel\u00fd \u010das jej u\u017e\u00edvania; pri zmene vlastn\u00edctva stavby ju odovzda\u0165 nov\u00e9mu nadob\u00fadate\u013eovi a pri odstr\u00e1nen\u00ed stavebn\u00e9mu \u00faradu.<\/li>\n<\/ol>\n<p>&nbsp;<\/p>\n<p>&nbsp;<\/p>\n<ul>\n<li><strong>sa pod\u013ea<\/strong><\/li>\n<li>21 ods. 1 p\u00edsm. b) bodu 1 vodn\u00e9ho z\u00e1kona povo\u013euje osobitn\u00e9 u\u017e\u00edvanie v\u00f4d spo\u010d\u00edvaj\u00face v\u00a0odbere podzemnej vody zo studne ako zdroja \u00fa\u017eitkovej vody.<\/li>\n<\/ul>\n<p>&nbsp;<\/p>\n<p><strong>Obec Horn\u00e1 Mi\u010din\u00e1, v\u00a0spojitosti s\u00a0povolen\u00edm na osobitn\u00e9 u\u017e\u00edvanie v\u00f4d pod\u013ea \u00a7 21 ods. 2 vodn\u00e9ho z\u00e1kona ur\u010duje na \u010derpanie podzemnej vody zo studne tieto podmienky:<\/strong><\/p>\n<p>&nbsp;<\/p>\n<ol>\n<li><strong>Odber podzemn\u00fdch v\u00f4d:<\/strong><\/li>\n<\/ol>\n<p>v\u0155tan\u00e1 stud\u0148a nach\u00e1dzaj\u00faca sa na pozemku parceln\u00e9 \u010d. KN-C 428\/1 v\u00a0k. \u00fa. Horn\u00e1 Mi\u010din\u00e1.<\/p>\n<ol>\n<li><strong>Charakteristika odberu a\u00a0sp\u00f4sob vyu\u017eitia podzemn\u00fdch v\u00f4d:<\/strong><\/li>\n<\/ol>\n<p><em><u>kontinu\u00e1lny odber<\/u><\/em> \u2013 voda na \u00fa\u017eitkov\u00fd \u00fa\u010del<\/p>\n<ol>\n<li><strong>Mno\u017estvo odoberan\u00fdch podzemn\u00fdch v\u00f4d:<\/strong><\/li>\n<\/ol>\n<p>Q = 0,075 l\/s<\/p>\n<p>Q<sub>p. <\/sub>= 6,48 m<sup>3<\/sup>\/de\u0148<\/p>\n<p>Q<sub>mesa\u010dne <\/sub>= 194,4 m<sup>3<\/sup>\/mesiac<\/p>\n<p>Q<sub>ro\u010dne <\/sub>=\u00a0 2332,8 m<sup>3<\/sup>\/rok<\/p>\n<ol>\n<li><strong>Meranie\/sledovanie mno\u017estva odoberan\u00fdch podzemn\u00fdch v\u00f4d:<\/strong><\/li>\n<\/ol>\n<p>Mno\u017estvo v\u00f4d je meran\u00e9 priamo \u2013 vodomerom, ktor\u00fd bude osaden\u00fd <strong>do 06\/2026<\/strong><\/p>\n<p>Ide o ur\u010den\u00e9 meradlo v\u00a0zmysle metrologick\u00fdch predpisov, mus\u00ed ma\u0165 platn\u00e9 osved\u010denie.<\/p>\n<p><u>Nameran\u00e9 \u00fadaje \u2013 t.j. mno\u017estvo odobrat\u00fdch podzemn\u00fdch v\u00f4d zo studne, bude priebe\u017ene evidovan\u00e9, vyhodnocovan\u00e9 vo vz\u0165ahu k\u00a0povolen\u00fdm limitom mno\u017estva a\u00a0zdokladovan\u00e9 ka\u017edoro\u010dne pr\u00edslu\u0161n\u00e9mu stavebn\u00e9mu \u00faradu.<\/u><\/p>\n<ol>\n<li><strong>Oznamovacia povinnos\u0165:<\/strong><\/li>\n<\/ol>\n<p><em><u>vypl\u00fdvaj\u00faca z \u00a7 6 ods. 5 vodn\u00e9ho z\u00e1kona<\/u><\/em> &#8211; ten, kto odober\u00e1 podzemn\u00fa vodu z jedn\u00e9ho odbern\u00e9ho miesta v mno\u017estve nad 15 000 m<sup>3<\/sup> ro\u010dne alebo nad 1 250 m<sup>3<\/sup> mesa\u010dne na uspokojovanie osobn\u00fdch potrieb dom\u00e1cnosti a ten, kto odober\u00e1 podzemn\u00fa vodu na z\u00e1klade povolenia pod\u013ea \u00a7 21 ods. 1 p\u00edsm. b) prv\u00e9ho bodu (pr\u00e1vnick\u00e1 osoba v\u00a0mno\u017estve od 0 m<sup>3<\/sup>), je povinn\u00fd oznamova\u0165 \u00fadaje o t\u00fdchto odberoch a \u00fadaje ur\u010den\u00e9 v povolen\u00ed pod\u013ea \u00a7 21 ods. 2 p\u00edsm. b) raz ro\u010dne poverenej osobe (SHM\u00da), ktor\u00e1 ich poskytne spr\u00e1vcovi vodohospod\u00e1rsky v\u00fdznamn\u00fdch vodn\u00fdch tokov (SVP, \u0161.p., OZ Bansk\u00e1 Bystrica).<\/p>\n<ol>\n<li><strong>\u010casov\u00e1 platnos\u0165 povolenia na odber podzemn\u00fdch v\u00f4d: <\/strong><\/li>\n<\/ol>\n<p>Na obdobie <strong>10 rokov od pr\u00e1voplatnosti tohto rozhodnutia<\/strong>, ak sa nezmenia posudzovan\u00e9 skuto\u010dnosti pri jeho vyd\u00e1van\u00ed.<\/p>\n<ol>\n<li>Najnesk\u00f4r <u>90 dn\u00ed pred uplynut\u00edm platnosti povolenia<\/u>, po\u017eiada\u0165 o\u00a0jeho pred\u013a\u017eenie (ak sa nezmenili skuto\u010dnosti), alebo o\u00a0vydanie nov\u00e9ho povolenia.<\/li>\n<li>Predmetn\u00e9 povolenie na osobitn\u00e9 u\u017e\u00edvanie v\u00f4d mo\u017eno vykon\u00e1va\u0165 len s\u00a0u\u017e\u00edvan\u00edm s\u00favisiacej vodnej stavby.<\/li>\n<li>V\u00a0pr\u00edpade ak\u00fdchko\u013evek zmien, ktor\u00e9 by mali vplyv na podmienky osobitn\u00e9ho u\u017e\u00edvania v\u00f4d, bude investor povinn\u00fd po\u017eiada\u0165 o\u00a0zmenu povolenia na osobitn\u00e9 u\u017e\u00edvanie v\u00f4d, a\u00a0z\u00e1rove\u0148 aj o\u00a0vyjadrenie spr\u00e1vcu vodohospod\u00e1rsky v\u00fdznamn\u00e9ho vodn\u00e9ho toku (SVP, \u0161.p., OZ Bansk\u00e1 Bystrica).<\/li>\n<\/ol>\n<p>&nbsp;<\/p>\n<p><strong>N\u00e1mietky k vydaniu kolauda\u010dn\u00e9ho rozhodnutia:<\/strong> Neboli vznesen\u00e9.<\/p>\n<p>&nbsp;<\/p>\n<p>&nbsp;<\/p>\n<p style=\"text-align: center;\"><strong>Od\u00f4vodnenie<\/strong><\/p>\n<p>Stavebn\u00ed\u010dka, Anna Saktorov\u00e1, 974 01 Horn\u00e1 Mi\u010din\u00e1 177 podala d\u0148a 26.03.2025 na Obec Horn\u00e1 Mi\u010din\u00e1 \u2013 stavebn\u00fd \u00farad \u017eiados\u0165 o\u00a0dodato\u010dn\u00e9 stavebn\u00e9 povolenie spojen\u00e9 s kolaud\u00e1ciou vr\u00e1tane \u017eiadosti povolenie na odber v\u00f4d stavby \u201eV\u0155tan\u00e1 stud\u0148a na \u00fa\u017eitkov\u00fd \u00fa\u010del\u201c postavenej na pozemku parc. \u010d. KN-C 428\/1 v\u00a0k. \u00fa. Horn\u00e1 Mi\u010din\u00e1. Pod\u013ea evidencie katastra nehnute\u013enost\u00ed je dotknut\u00e1 parcela evidovan\u00e1 na LV 200 vo vlastn\u00edctve stavebn\u00ed\u010dky.<\/p>\n<p>&nbsp;<\/p>\n<p>Stavebn\u00fd \u00farad ozn\u00e1mil v s\u00falade s \u00a7 88a stavebn\u00e9ho z\u00e1kona a \u00a7 18 ods. 3 z\u00e1kona \u010d. 71\/1967 Zb. o\u00a0spr\u00e1vnom poriadku (spr\u00e1vny poriadok) v\u00a0znen\u00ed neskor\u0161\u00edch predpisov \u00fa\u010dastn\u00edkom konania za\u010datie konania p\u00edsomn\u00fdm ozn\u00e1men\u00edm pod \u010d. OC\u00daHM-S2025\/00076\/ozn. zo d\u0148a 07.08.2025. S\u00fa\u010dasne stavebn\u00fd \u00farad nariadil na prerokovanie n\u00e1vrhu \u00fastne pojedn\u00e1vanie spojen\u00e9 s miestnym zis\u0165ovan\u00edm, ktor\u00e9 sa uskuto\u010dnilo d\u0148a 17.09.2025. Z konania bol sp\u00edsan\u00fd protokol.<\/p>\n<p>&nbsp;<\/p>\n<p>V priebehu dodato\u010dn\u00e9ho povolenia stavby a kolauda\u010dn\u00e9ho konania pri miestnom zis\u0165ovan\u00ed d\u0148a 17.09.2025 neboli na stavbe zisten\u00e9 nedostatky, ktor\u00e9 by br\u00e1nili trval\u00e9mu u\u017e\u00edvaniu stavby. Potrebn\u00e9 doklady ku dodato\u010dn\u00e9mu povoleniu a\u00a0 kolaud\u00e1cii boli predlo\u017een\u00e9. Na stavbe neboli zisten\u00e9 nedostatky, ktor\u00e9 by br\u00e1nili vydaniu rozhodnutia.<\/p>\n<p>&nbsp;<\/p>\n<p>U\u017e\u00edvan\u00edm stavby nebude ohrozen\u00fd \u017eivot a zdravie os\u00f4b, ani \u017eivotn\u00e9 prostredie. V konan\u00ed neboli vznesen\u00e9 n\u00e1mietky \u00fa\u010dastn\u00edkov konania. V podmienkach kolauda\u010dn\u00e9ho rozhodnutia stavebn\u00fd \u00farad zaviazal stavebn\u00ed\u010dku na re\u0161pektovanie podmienok u\u017e\u00edvania stavby pod\u013ea \u00a7 82 stavebn\u00e9ho z\u00e1kona.<\/p>\n<p>&nbsp;<\/p>\n<p>Stavebn\u00fd \u00farad v priebehu konania nezistil nedostatky, ktor\u00e9 by br\u00e1nili trval\u00e9mu u\u017e\u00edvaniu stavby a\u00a0preto stavebn\u00fd \u00farad rozhodol tak, ako je uveden\u00e9 vo v\u00fdrokovej \u010dasti tohto rozhodnutia.<\/p>\n<p>&nbsp;<\/p>\n<p>Za vydanie tohto rozhodnutia v zmysle z\u00e1kona \u010d. 145\/1995 Z.z. o spr\u00e1vnych poplatkoch v znen\u00ed neskor\u0161\u00edch predpisov stavebn\u00ed\u010dka zaplatila spr\u00e1vny poplatok vo v\u00fd\u0161ke 90,-\u20ac do pokladne Obce Horn\u00e1 Mi\u010din\u00e1.<\/p>\n<p>&nbsp;<\/p>\n<p><strong>Pou\u010denie<\/strong><\/p>\n<p>Proti rozhodnutiu m\u00e1 \u00fa\u010dastn\u00edk konania pr\u00e1vo poda\u0165 odvolanie v zmysle \u00a7 53 a \u00a7 54 z\u00e1kona \u010d. 71\/1967 Zb. o spr\u00e1vnom konan\u00ed v platnom znen\u00ed v lehote do 15 dn\u00ed odo d\u0148a jeho doru\u010denia. Odvolanie sa pod\u00e1va na spr\u00e1vnom org\u00e1ne, ktor\u00fd rozhodnutie vydal.\u00a0 Rozhodnutie je po vy\u010derpan\u00ed riadnych opravn\u00fdch prostriedkov presk\u00famate\u013en\u00e9 s\u00fadom v zmysle z\u00e1kona \u010d. 162\/2015 Z.z. Spr\u00e1vny s\u00fadny poriadok.<\/p>\n<p>&nbsp;<\/p>\n<p>Ivan Len\u00e1r<\/p>\n<p>starosta obce<\/p>\n<p>&nbsp;<\/p>\n<p>Toto rozhodnutie m\u00e1 povahu verejnej vyhl\u00e1\u0161ky pod\u013ea \u00a7 26 ods. 1 z\u00e1kona \u010d. 71\/1967 Zb. o\u00a0spr\u00e1vnom konan\u00ed v\u00a0znen\u00ed neskor\u0161\u00edch predpisov v\u00a0spojen\u00ed s\u00a0vodn\u00fdm z\u00e1konom mus\u00ed by\u0165 vyvesen\u00e9 po dobu 15 dn\u00ed na \u00faradnej tabuli Obce Horn\u00e1 Mi\u010din\u00e1 sp\u00f4sobom v\u00a0mieste obvykl\u00fdm a\u00a0na webovej str\u00e1nke obce Horn\u00e1 Mi\u010din\u00e1. Posledn\u00fd de\u0148 tejto lehoty je d\u0148om doru\u010denia.<\/p>\n<p>&nbsp;<\/p>\n<p>Doru\u010d\u00ed sa:<\/p>\n<p>\u00da\u010dastn\u00edci konania, vlastn\u00edci pozemkov, vlastn\u00edci susedn\u00fdch nehnute\u013enost\u00ed (pozemkov) &#8211; verejnou vyhl\u00e1\u0161kou (vyvesen\u00e9 na \u00faradnej tabuli Obce Horn\u00e1 Mi\u010din\u00e1 a\u00a0na webe: <a href=\"http:\/\/www.hornamicina.eu\">www.hornamicina.eu<\/a>)<\/p>\n<p>&nbsp;<\/p>\n<p>Na vedomie:<\/p>\n<ol>\n<li>Anna Saktorov\u00e1, 974 01 Horn\u00e1 Mi\u010din\u00e1 177<\/li>\n<li>Dana D\u00e9rerov\u00e1, 965 01 Star\u00e1 Kremni\u010dka 243<\/li>\n<li>Slovak Telekom, Bajkalsk\u00e1 28, 817 62 Bratislava<\/li>\n<li>SSD, a.s., Pri Raj\u010dianke 8, 010 47 \u017dilina<\/li>\n<li>StVPS, a.s., Partiz\u00e1nska cesta 5, 974 01 Bansk\u00e1 Bystrica<\/li>\n<li>SVP, \u0161.p., Partiz\u00e1nska cesta 69, 974 98 Bansk\u00e1 Bystrica<\/li>\n<\/ol>\n<p>&nbsp;<\/p>\n<p>&nbsp;<\/p>\n","protected":false},"excerpt":{"rendered":"VEREJN\u00c1 VYHL\u00c1\u0160KA ROZHODNUTIE &nbsp; Obec Horn\u00e1 Mi\u010din\u00e1, zast\u00fapen\u00e1 starostom obce Ivanom Len\u00e1rom, ako [&hellip;]","protected":false},"author":1,"featured_media":390,"comment_status":"closed","ping_status":"open","sticky":false,"template":"","format":"standard","meta":{"advanced_seo_description":"","jetpack_seo_html_title":"","jetpack_seo_noindex":false,"_jetpack_memberships_contains_paid_content":false,"footnotes":""},"categories":[5,32],"tags":[],"class_list":["post-5482","post","type-post","status-publish","format-standard","has-post-thumbnail","hentry","category-dolezite","category-uradna-tabula"],"jetpack_featured_media_url":"https:\/\/i0.wp.com\/www.hornamicina.eu\/web\/wp-content\/uploads\/2017\/07\/uznesenia.jpg?fit=530%2C530&ssl=1","jetpack_sharing_enabled":true,"jetpack_shortlink":"https:\/\/wp.me\/p8RsFw-1qq","jetpack-related-posts":[{"id":5392,"url":"https:\/\/www.hornamicina.eu\/web\/verejna-vyhlaska-oznamenie-zacatie-konania-o-dodatocnom-povoleni-stavby-p-saktorova\/","url_meta":{"origin":5482,"position":0},"title":"Verejn\u00e1 vyhl\u00e1\u0161ka &#8211; ozn\u00e1menie &#8211; za\u010datie konania o dodato\u010dnom povolen\u00ed stavby, p. Saktorov\u00e1","author":"admin","date":"8. augusta 2025","format":false,"excerpt":"\u010c\u00edslo: OC\u00daHM-S2025\/00076\/ozn. Horn\u00e1 Mi\u010din\u00e1 07.08.2025 Vybavuje: Ing. Vl\u010dek \/ 0902 419\u00a0419 \u00a0 VEREJN\u00c1 VYHL\u00c1\u0160KA \u00a0 OZN\u00c1MENIE \u00a0 o\u00a0za\u010dat\u00ed konania o\u00a0dodato\u010dnom povolen\u00ed stavby s\u00a0mo\u017enos\u0165ou jej trval\u00e9ho u\u017e\u00edvania a\u00a0o\u00a0nariaden\u00ed \u00fastneho pojedn\u00e1vania a\u00a0miestneho zis\u0165ovania \u00a0 \u00a0\u00a0Stavebn\u00ed\u010dka, Anna Saktorov\u00e1, 974 01 Horn\u00e1 Mi\u010din\u00e1 177 podala d\u0148a 26.03.2025 na Obec Horn\u00e1 Mi\u010din\u00e1 \u2013 stavebn\u00fd \u00farad\u2026","rel":"","context":"V &quot;Elektronick\u00e1 \u00faradn\u00e1 tabu\u013ea&quot;","block_context":{"text":"Elektronick\u00e1 \u00faradn\u00e1 tabu\u013ea","link":"https:\/\/www.hornamicina.eu\/web\/category\/uradna-tabula\/"},"img":{"alt_text":"Logo obce a dokumenty","src":"https:\/\/i0.wp.com\/www.hornamicina.eu\/web\/wp-content\/uploads\/2017\/07\/uznesenia.jpg?fit=530%2C530&ssl=1&resize=350%2C200","width":350,"height":200,"srcset":"https:\/\/i0.wp.com\/www.hornamicina.eu\/web\/wp-content\/uploads\/2017\/07\/uznesenia.jpg?fit=530%2C530&ssl=1&resize=350%2C200 1x, https:\/\/i0.wp.com\/www.hornamicina.eu\/web\/wp-content\/uploads\/2017\/07\/uznesenia.jpg?fit=530%2C530&ssl=1&resize=525%2C300 1.5x"},"classes":[]},{"id":4046,"url":"https:\/\/www.hornamicina.eu\/web\/verejna-vyhlaska-oznamenie-o-zacati-uzemneho-konania-kabe\/","url_meta":{"origin":5482,"position":1},"title":"Verejn\u00e1 vyhl\u00e1\u0161ka &#8211; Ozn\u00e1menie o za\u010dat\u00ed \u00fazemn\u00e9ho konania &#8211; KABE","author":"admin","date":"18. decembra 2023","format":false,"excerpt":"VEREJN\u00c1 VYHL\u00c1\u0160KA \u00a0OZN\u00c1MENIE o za\u010dat\u00ed \u00fazemn\u00e9ho konania o vyu\u017e\u00edvania \u00fazemia a o nariaden\u00ed \u00fastneho pojedn\u00e1vania a miestneho zis\u0165ovania \u00a0 Spolo\u010dnos\u0165 KABE, spol. s.r.o., Mi\u010dinsk\u00e1 cesta 78, 974 01 Bansk\u00e1 Bystrica podala d\u0148a 02.11.2023 na Obec Horn\u00e1 Mi\u010din\u00e1 - stavebn\u00fd \u00farad n\u00e1vrh na vydanie \u00fazemn\u00e9ho rozhodnutia o vyu\u017e\u00edvan\u00ed \u00fazemia \u201ePl\u00e1n vyu\u017e\u00edvania\u2026","rel":"","context":"V &quot;D\u00f4le\u017eit\u00e9&quot;","block_context":{"text":"D\u00f4le\u017eit\u00e9","link":"https:\/\/www.hornamicina.eu\/web\/category\/dolezite\/"},"img":{"alt_text":"Logo obce a dokumenty","src":"https:\/\/i0.wp.com\/www.hornamicina.eu\/web\/wp-content\/uploads\/2017\/07\/uznesenia.jpg?fit=530%2C530&ssl=1&resize=350%2C200","width":350,"height":200,"srcset":"https:\/\/i0.wp.com\/www.hornamicina.eu\/web\/wp-content\/uploads\/2017\/07\/uznesenia.jpg?fit=530%2C530&ssl=1&resize=350%2C200 1x, https:\/\/i0.wp.com\/www.hornamicina.eu\/web\/wp-content\/uploads\/2017\/07\/uznesenia.jpg?fit=530%2C530&ssl=1&resize=525%2C300 1.5x"},"classes":[]},{"id":2836,"url":"https:\/\/www.hornamicina.eu\/web\/zeda-verejna-vyhlaska-zmena-lehoty-na-dokoncenie-stavby\/","url_meta":{"origin":5482,"position":2},"title":"ZEDA: Verejn\u00e1 vyhl\u00e1\u0161ka &#8211; zmena lehoty na dokon\u010denie stavby","author":"admin","date":"13. decembra 2021","format":false,"excerpt":"Stavebn\u00edk, ZEDA B. Bystrica s. r.o., Majersk\u00e1 cesta 96, Bansk\u00e1 Bystrica podal d\u0148a 15.11.2021 na Obec Horn\u00e1 Mi\u010din\u00e1, Obecn\u00fd \u00farad v Hornej Mi\u010dinej, stavebn\u00fd \u00farad - stavebn\u00fd \u00farad, p\u00edsomn\u00fa \u017eiados\u0165 o zmenu lehoty na dokon\u010denie stavby\u201e Oba\u013eova\u010dka asfaltovej zmesi-Horn\u00e1 Mi\u010din\u00e1 \", na ktor\u00fa bolo vydan\u00e9 stavebn\u00e9 povolenie Obcou Horn\u00e1 Mi\u010din\u00e1,\u2026","rel":"","context":"V &quot;D\u00f4le\u017eit\u00e9&quot;","block_context":{"text":"D\u00f4le\u017eit\u00e9","link":"https:\/\/www.hornamicina.eu\/web\/category\/dolezite\/"},"img":{"alt_text":"Logo obce a dokumenty","src":"https:\/\/i0.wp.com\/www.hornamicina.eu\/web\/wp-content\/uploads\/2017\/07\/uznesenia.jpg?fit=530%2C530&ssl=1&resize=350%2C200","width":350,"height":200,"srcset":"https:\/\/i0.wp.com\/www.hornamicina.eu\/web\/wp-content\/uploads\/2017\/07\/uznesenia.jpg?fit=530%2C530&ssl=1&resize=350%2C200 1x, https:\/\/i0.wp.com\/www.hornamicina.eu\/web\/wp-content\/uploads\/2017\/07\/uznesenia.jpg?fit=530%2C530&ssl=1&resize=525%2C300 1.5x"},"classes":[]},{"id":3009,"url":"https:\/\/www.hornamicina.eu\/web\/rozhodnutie-dodatocne-povolenie-stavby-rd-p-poca-p-pocova\/","url_meta":{"origin":5482,"position":3},"title":"Rozhodnutie &#8211; dodato\u010dn\u00e9 povolenie stavby RD &#8211; p. P\u00f3\u010da, p. P\u00f3\u010dov\u00e1","author":"admin","date":"2. apr\u00edla 2022","format":false,"excerpt":"Obec Horn\u00e1 Mi\u010din\u00e1, zast\u00fapen\u00e1 pod\u013ea ust. \u00a7 13 ods.4 p\u00edsm. c) z\u00e1kona \u010d. 369\/1990 Zb. o obecnom zriaden\u00ed v platnom znen\u00ed starostom obce, ako vecne a miestne pr\u00edslu\u0161n\u00fd stavebn\u00fd \u00farad pod\u013ea \u00a7 117 z\u00e1k. \u010d. 50\/1976 Zb. o \u00fazemnom pl\u00e1novan\u00ed a stavebnom poriadku (stavebn\u00fd z\u00e1kon) v znen\u00ed neskor\u0161\u00edch predpisov v\u2026","rel":"","context":"V &quot;D\u00f4le\u017eit\u00e9&quot;","block_context":{"text":"D\u00f4le\u017eit\u00e9","link":"https:\/\/www.hornamicina.eu\/web\/category\/dolezite\/"},"img":{"alt_text":"Logo obce a dokumenty","src":"https:\/\/i0.wp.com\/www.hornamicina.eu\/web\/wp-content\/uploads\/2017\/07\/uznesenia.jpg?fit=530%2C530&ssl=1&resize=350%2C200","width":350,"height":200,"srcset":"https:\/\/i0.wp.com\/www.hornamicina.eu\/web\/wp-content\/uploads\/2017\/07\/uznesenia.jpg?fit=530%2C530&ssl=1&resize=350%2C200 1x, https:\/\/i0.wp.com\/www.hornamicina.eu\/web\/wp-content\/uploads\/2017\/07\/uznesenia.jpg?fit=530%2C530&ssl=1&resize=525%2C300 1.5x"},"classes":[]},{"id":2912,"url":"https:\/\/www.hornamicina.eu\/web\/verejna-vyhlaska-pristavba-k-rd-p-misurec\/","url_meta":{"origin":5482,"position":4},"title":"Verejn\u00e1 vyhl\u00e1\u0161ka &#8211; Pr\u00edstavba k RD &#8211; p. Misurec","author":"admin","date":"28. janu\u00e1ra 2022","format":false,"excerpt":"Verejn\u00e1 vyhl\u00e1\u0161ka Ozn\u00e1menie o za\u010dat\u00ed konania v zl\u00fa\u010denom \u00fazemnom a stavebnom konan\u00ed a o upusten\u00ed od \u00fastneho pojedn\u00e1vania a miestneho zis\u0165ovania Stavebn\u00edk, Filip Mi\u0161urec, Horn\u00e1 Mi\u010din\u00e1 250 splnomocnenec GEOMAD s. r. o., Vlkanovsk\u00e1 23\/3, Vlkanov\u00e1 I\u010cO: 47418397 v zast\u00fapen\u00ed Mgr. Petrom Skva\u0161\u00edkom, Bagarova 5, Bansk\u00e1 Bystrica, ktor\u00fd podal d\u0148a 13.12.2021\u2026","rel":"","context":"V &quot;Elektronick\u00e1 \u00faradn\u00e1 tabu\u013ea&quot;","block_context":{"text":"Elektronick\u00e1 \u00faradn\u00e1 tabu\u013ea","link":"https:\/\/www.hornamicina.eu\/web\/category\/uradna-tabula\/"},"img":{"alt_text":"Logo obce a dokumenty","src":"https:\/\/i0.wp.com\/www.hornamicina.eu\/web\/wp-content\/uploads\/2017\/07\/uznesenia.jpg?fit=530%2C530&ssl=1&resize=350%2C200","width":350,"height":200,"srcset":"https:\/\/i0.wp.com\/www.hornamicina.eu\/web\/wp-content\/uploads\/2017\/07\/uznesenia.jpg?fit=530%2C530&ssl=1&resize=350%2C200 1x, https:\/\/i0.wp.com\/www.hornamicina.eu\/web\/wp-content\/uploads\/2017\/07\/uznesenia.jpg?fit=530%2C530&ssl=1&resize=525%2C300 1.5x"},"classes":[]},{"id":3499,"url":"https:\/\/www.hornamicina.eu\/web\/verejna-vyhlaska-oznamenie-o-zacati-konania-p-filip-misurec\/","url_meta":{"origin":5482,"position":5},"title":"Verejn\u00e1 vyhl\u00e1\u0161ka &#8211; ozn\u00e1menie o za\u010dat\u00ed konania &#8211; p. Filip Mi\u0161urec","author":"admin","date":"24. janu\u00e1ra 2023","format":false,"excerpt":"OZN\u00c1MENIE o za\u010dat\u00ed konania o dodato\u010dnom povolen\u00ed stavby a kolauda\u010dnom konan\u00ed a o nariaden\u00ed \u00fastneho pojedn\u00e1vania a miestneho zis\u0165ovania Stavebn\u00edk, Filip Mi\u0161urec, bytom 974 01 Horn\u00e1 Mi\u010din\u00e1 250, v zast\u00fapen\u00ed Mgr. Petrom Skva\u0161ikom, bytom Bagarova 5, 974 04 Bansk\u00e1 Bystrica podal d\u0148a 07.12.2022 na Obec Horn\u00e1 Mi\u010din\u00e1 - stavebn\u00fd \u00farad\u2026","rel":"","context":"V &quot;D\u00f4le\u017eit\u00e9&quot;","block_context":{"text":"D\u00f4le\u017eit\u00e9","link":"https:\/\/www.hornamicina.eu\/web\/category\/dolezite\/"},"img":{"alt_text":"Logo obce a dokumenty","src":"https:\/\/i0.wp.com\/www.hornamicina.eu\/web\/wp-content\/uploads\/2017\/07\/uznesenia.jpg?fit=530%2C530&ssl=1&resize=350%2C200","width":350,"height":200,"srcset":"https:\/\/i0.wp.com\/www.hornamicina.eu\/web\/wp-content\/uploads\/2017\/07\/uznesenia.jpg?fit=530%2C530&ssl=1&resize=350%2C200 1x, https:\/\/i0.wp.com\/www.hornamicina.eu\/web\/wp-content\/uploads\/2017\/07\/uznesenia.jpg?fit=530%2C530&ssl=1&resize=525%2C300 1.5x"},"classes":[]}],"jetpack_likes_enabled":true,"_links":{"self":[{"href":"https:\/\/www.hornamicina.eu\/web\/wp-json\/wp\/v2\/posts\/5482","targetHints":{"allow":["GET"]}}],"collection":[{"href":"https:\/\/www.hornamicina.eu\/web\/wp-json\/wp\/v2\/posts"}],"about":[{"href":"https:\/\/www.hornamicina.eu\/web\/wp-json\/wp\/v2\/types\/post"}],"author":[{"embeddable":true,"href":"https:\/\/www.hornamicina.eu\/web\/wp-json\/wp\/v2\/users\/1"}],"replies":[{"embeddable":true,"href":"https:\/\/www.hornamicina.eu\/web\/wp-json\/wp\/v2\/comments?post=5482"}],"version-history":[{"count":1,"href":"https:\/\/www.hornamicina.eu\/web\/wp-json\/wp\/v2\/posts\/5482\/revisions"}],"predecessor-version":[{"id":5485,"href":"https:\/\/www.hornamicina.eu\/web\/wp-json\/wp\/v2\/posts\/5482\/revisions\/5485"}],"wp:featuredmedia":[{"embeddable":true,"href":"https:\/\/www.hornamicina.eu\/web\/wp-json\/wp\/v2\/media\/390"}],"wp:attachment":[{"href":"https:\/\/www.hornamicina.eu\/web\/wp-json\/wp\/v2\/media?parent=5482"}],"wp:term":[{"taxonomy":"category","embeddable":true,"href":"https:\/\/www.hornamicina.eu\/web\/wp-json\/wp\/v2\/categories?post=5482"},{"taxonomy":"post_tag","embeddable":true,"href":"https:\/\/www.hornamicina.eu\/web\/wp-json\/wp\/v2\/tags?post=5482"}],"curies":[{"name":"wp","href":"https:\/\/api.w.org\/{rel}","templated":true}]}}