{"id":5481,"date":"2025-09-24T17:16:47","date_gmt":"2025-09-24T15:16:47","guid":{"rendered":"https:\/\/www.hornamicina.eu\/web\/?p=5481"},"modified":"2025-09-24T17:19:09","modified_gmt":"2025-09-24T15:19:09","slug":"verejna-vyhlaska-oznamenie-o-zacati-stavebneho-povolenia-p-prsanec","status":"publish","type":"post","link":"https:\/\/www.hornamicina.eu\/web\/verejna-vyhlaska-oznamenie-o-zacati-stavebneho-povolenia-p-prsanec\/","title":{"rendered":"VEREJN\u00c1 VYHL\u00c1\u0160KA &#8211; Ozn\u00e1menie o za\u010dat\u00ed stavebn\u00e9ho povolenia &#8211; p. Pr\u0161anec"},"content":{"rendered":"<p style=\"text-align: center;\"><strong>VEREJN\u00c1 VYHL\u00c1\u0160KA<\/strong><\/p>\n<p style=\"text-align: center;\"><strong>OZN\u00c1MENIE<\/strong><\/p>\n<p style=\"text-align: center;\"><strong>\u00a0<\/strong><strong>o za\u010dat\u00ed stavebn\u00e9ho povolenia v spojenom \u00fazemnom a stavebnom konan\u00ed<\/strong><\/p>\n<p style=\"text-align: center;\"><strong>a o upusten\u00ed od \u00fastneho pojedn\u00e1vania a miestneho zis\u0165ovania<\/strong><\/p>\n<p><strong>\u00a0<\/strong><\/p>\n<p><strong>\u00a0<\/strong>Stavebn\u00edci, Ivan Pr\u0161anec, Dru\u017estevn\u00e1 57, 976 32 Bad\u00edn a\u00a0Jana Pr\u0161ancov\u00e1, Do tr\u00e1vnika 6, 976 37 Hrocho\u0165, podali na Obec Horn\u00e1 Mi\u010din\u00e1 \u2013 stavebn\u00fd \u00farad \u017eiados\u0165 o\u00a0stavebn\u00e9 povolenie stavby <strong>\u201eSO \u2013 Most\u00edk cez vodn\u00fd tok\u201c<\/strong>, ktor\u00e1 je navrhnut\u00e1 na pozemku parc. \u010d. KN-C 518\/3 (KN-E 144) v\u00a0k. \u00fa. Horn\u00e1 Mi\u010din\u00e1 v\u00a0Hornej Mi\u010dinej. D\u0148om podania \u017eiadosti bolo za\u010dat\u00e9 konanie.<\/p>\n<p>&nbsp;<\/p>\n<p><strong>\u00da\u010dastn\u00edci konania:<\/strong><\/p>\n<p>\u00da\u010dastn\u00edci konania, vlastn\u00edci pozemkov, vlastn\u00edci susedn\u00fdch nehnute\u013enost\u00ed (pozemkov) &#8211; verejnou vyhl\u00e1\u0161kou (vyvesen\u00e9 na \u00faradnej tabuli Obce Horn\u00e1 Mi\u010din\u00e1 a\u00a0na webe: <a href=\"http:\/\/www.hornamicina.eu\">www.hornamicina.eu<\/a>)<\/p>\n<p><strong>\u00a0<\/strong><\/p>\n<p><strong>Rozsah stavby:<\/strong><\/p>\n<p>Vjazd v\u00a0odhadovanej d\u013a\u017eke cca 8,00 m , \u0161\u00edrke vodorovnej nosnej kon\u0161trukcie 5,00 m je navrhnut\u00fd ako \u017eelezobet\u00f3nov\u00e1 doska hr. 250 mm. \u017dB doska bude ukladan\u00e1 na m\u00fary regul\u00e1cie brehu potoka a\u00a0na nov\u00fd z\u00e1kladov\u00fd p\u00e1s. \u017dB doska bude vyarmovan\u00e1 v\u00fdstu\u017en\u00fdmi vlo\u017ekami z\u00a0ocele 10505-R. Bet\u00f3n bude triedy B30. Krytie v\u00fdstu\u017ee bude realizovan\u00e9 bet\u00f3nom v\u00a0min. hr\u00fabke 40 mm.<\/p>\n<p>&nbsp;<\/p>\n<p><strong>Obec Horn\u00e1 Mi\u010din\u00e1, <\/strong>zast\u00fapen\u00e1 pod\u013ea \u00a7 13 ods.4 p\u00edsm. c) z\u00e1kona \u010d. 369\/1990 Zb. o\u00a0obecnom zriaden\u00ed v platnom znen\u00ed starostom obce Ivanom Len\u00e1rom, ako vecne a\u00a0miestne pr\u00edslu\u0161n\u00fd stavebn\u00fd \u00farad pod\u013ea \u00a7 117 z\u00e1kona \u010d. 50\/1976 Zb. o\u00a0\u00fazemnom pl\u00e1novan\u00ed a\u00a0stavebnom poriadku (stavebn\u00fd z\u00e1kon) v\u00a0znen\u00ed n\u00e1sledn\u00fdch zmien, doplnkov a\u00a0noviel, v\u00a0s\u00falade s\u00a0ustanoven\u00edm \u00a7 36 a \u00a7 61 stavebn\u00e9ho z\u00e1kona a\u00a0pod\u013ea \u00a7 18 z\u00e1kona \u010d. 71\/1967 Zb. platnom znen\u00ed o\u00a0spr\u00e1vnom konan\u00ed<\/p>\n<p>&nbsp;<\/p>\n<p style=\"text-align: center;\"><strong>o\u00a0z\u00a0n a\u00a0m u\u00a0j e<\/strong><\/p>\n<p style=\"text-align: center;\"><strong>za\u010datie stavebn\u00e9ho konania <\/strong><\/p>\n<p style=\"text-align: center;\">zn\u00e1mym \u00fa\u010dastn\u00edkom konania a\u00a0dotknut\u00fdm org\u00e1nom \u0161t\u00e1tnej a\u00a0verejnej spr\u00e1vy<\/p>\n<p>&nbsp;<\/p>\n<p>a\u00a0nako\u013eko rozsah \u017eiadosti poskytuje dostato\u010dn\u00fd podklad pre spr\u00e1vne pos\u00fadenie navrhovanej stavby a\u00a0stavebn\u00e9mu \u00faradu s\u00fa dobre zn\u00e1me miestne pomery, stavebn\u00fd \u00farad pod\u013ea \u00a7 36 ods. 2 a \u00a7 61 ods. 2 stavebn\u00e9ho z\u00e1kona<\/p>\n<p style=\"text-align: center;\"><strong>u\u00a0p \u00fa \u0161 \u0165 a<\/strong><\/p>\n<p style=\"text-align: center;\"><strong>od \u00fastneho pojedn\u00e1vania a\u00a0miestneho zis\u0165ovania.<\/strong><\/p>\n<p>&nbsp;<\/p>\n<p>\u00da\u010dastn\u00edci konania m\u00f4\u017eu svoje n\u00e1mietky, pripomienky a\u00a0stanovisk\u00e1 ku \u017eiadosti uplatni\u0165 do <strong>7 pracovn\u00fdch dn\u00ed<\/strong> odo d\u0148a doru\u010denia tohto ozn\u00e1menia, inak sa ne v\u00a0zmysle \u00a7 36 ods. 2 a \u00a7 61 ods. 3 stavebn\u00e9ho z\u00e1kona neprihliadne.<\/p>\n<p>&nbsp;<\/p>\n<p>Dotknut\u00e9 org\u00e1ny \u0161t\u00e1tnej a\u00a0verejnej spr\u00e1vy ozn\u00e1mia svoje stanovisk\u00e1 v\u00a0rovnakej lehote, v\u00a0ktorej m\u00f4\u017eu uplatni\u0165 svoje n\u00e1mietky \u00fa\u010dastn\u00edci konania, inak v\u00a0zmysle \u00a7 36 ods. 3 a \u00a7 61 ods. 3 stavebn\u00e9ho z\u00e1kona sa m\u00e1 za to, \u017ee so stavbou z\u00a0h\u013eadiska nimi sledovan\u00fdch z\u00e1ujmov s\u00fahlasia a\u00a0\u017ee ich stanovisko k\u00a0predmetnej stavbe je kladn\u00e9. Ak niektor\u00fd z\u00a0org\u00e1nov potrebuje na riadne pos\u00fadenie n\u00e1vrhu dlh\u0161\u00ed \u010das, stavebn\u00fd \u00farad na jeho p\u00edsomn\u00fa \u017eiados\u0165, ur\u010den\u00fa lehotu pred jej uplynut\u00edm primerane pred\u013a\u017ei.<\/p>\n<p>&nbsp;<\/p>\n<p>Do podkladov konania mo\u017eno nahliadnu\u0165 na Obecnom \u00farade Hrocho\u0165, na II. poschod\u00ed v\u00a0utorok alebo vo \u0161tvrtok v \u00faradn\u00fdch hodin\u00e1ch. Vybavuje: Ing. Vl\u010dek \/ mail: <a href=\"mailto:hrochot.stavebnyurad@gmail.com\">hrochot.stavebnyurad@gmail.com<\/a>.<\/p>\n<p>&nbsp;<\/p>\n<p>Ak sa niektor\u00fd z \u00fa\u010dastn\u00edkov nech\u00e1 zastupova\u0165, predlo\u017e\u00ed jeho z\u00e1stupca p\u00edsomn\u00fa pln\u00fa moc.<\/p>\n<p>&nbsp;<\/p>\n<p>&nbsp;<\/p>\n<p>&nbsp;<\/p>\n<p>Ivan Len\u00e1r<\/p>\n<p>starosta obce<\/p>\n<p>&nbsp;<\/p>\n<p>Toto ozn\u00e1menie m\u00e1 povahu verejnej vyhl\u00e1\u0161ky pod\u013ea \u00a7 26 ods. 1 a \u00a7 26 ods. 2 z\u00e1kona \u010d. 71\/1967 Zb. o\u00a0spr\u00e1vnom konan\u00ed v\u00a0znen\u00ed neskor\u0161\u00edch predpisov v\u00a0spojen\u00ed s\u00a0vodn\u00fdm z\u00e1konom mus\u00ed by\u0165 vyvesen\u00e9 po dobu 15 dn\u00ed na \u00faradnej tabuli Obce Horn\u00e1 Mi\u010din\u00e1 sp\u00f4sobom v\u00a0mieste obvykl\u00fdm a\u00a0na webovej str\u00e1nke obce Horn\u00e1 Mi\u010din\u00e1. Posledn\u00fd de\u0148 tejto lehoty je d\u0148om doru\u010denia.<\/p>\n<p>&nbsp;<\/p>\n<p>Doru\u010d\u00ed sa:<\/p>\n<p>\u00da\u010dastn\u00edci konania, vlastn\u00edci pozemkov, vlastn\u00edci susedn\u00fdch nehnute\u013enost\u00ed (pozemkov) &#8211; verejnou vyhl\u00e1\u0161kou (vyvesen\u00e9 na \u00faradnej tabuli Obce Horn\u00e1 Mi\u010din\u00e1 a\u00a0na webe: <a href=\"http:\/\/www.hornamicina.eu\">www.hornamicina.eu<\/a>)<\/p>\n<p>Na vedomie:<\/p>\n<ol>\n<li>Ivan Pr\u0161anec, Dru\u017estevn\u00e1 57, 976 32 Bad\u00edn<\/li>\n<li>Jana Pr\u0161ancov\u00e1, Do tr\u00e1vnika 6, 976 37 Hrocho\u0165<\/li>\n<li>Slovak Telekom, Bajkalsk\u00e1 28, 817 62 Bratislava<\/li>\n<li>SSD, a.s., Pri Raj\u010dianke 8, 010 47 \u017dilina<\/li>\n<li>StVPS, a.s., Partiz\u00e1nska cesta 5, 974 01 Bansk\u00e1 Bystrica<\/li>\n<li>BBRSC, a.s., Majersk\u00e1 cesta 94, 974 96 Bansk\u00e1 Bystrica<\/li>\n<li>SVP, \u0161.p., Partiz\u00e1nska cesta 69, 974 98 Bansk\u00e1 Bystrica<\/li>\n<\/ol>\n","protected":false},"excerpt":{"rendered":"VEREJN\u00c1 VYHL\u00c1\u0160KA OZN\u00c1MENIE \u00a0o za\u010dat\u00ed stavebn\u00e9ho povolenia v spojenom \u00fazemnom a stavebnom konan\u00ed [&hellip;]","protected":false},"author":1,"featured_media":390,"comment_status":"closed","ping_status":"open","sticky":false,"template":"","format":"standard","meta":{"advanced_seo_description":"","jetpack_seo_html_title":"","jetpack_seo_noindex":false,"_jetpack_memberships_contains_paid_content":false,"footnotes":""},"categories":[5,32],"tags":[],"class_list":["post-5481","post","type-post","status-publish","format-standard","has-post-thumbnail","hentry","category-dolezite","category-uradna-tabula"],"jetpack_featured_media_url":"https:\/\/i0.wp.com\/www.hornamicina.eu\/web\/wp-content\/uploads\/2017\/07\/uznesenia.jpg?fit=530%2C530&ssl=1","jetpack_sharing_enabled":true,"jetpack_shortlink":"https:\/\/wp.me\/p8RsFw-1qp","jetpack-related-posts":[{"id":4952,"url":"https:\/\/www.hornamicina.eu\/web\/verejna-vyhlaska-oznamenie-o-zacati-stavebneho-konania-obalovacka-asfaltovej-zmesi\/","url_meta":{"origin":5481,"position":0},"title":"Verejn\u00e1 vyhl\u00e1\u0161ka &#8211; ozn\u00e1menie o za\u010dat\u00ed stavebn\u00e9ho konania &#8211; Oba\u013eova\u010dka asfaltovej zmesi","author":"admin","date":"6. novembra 2024","format":false,"excerpt":"VEREJN\u00c1 VYHL\u00c1\u0160KA OZN\u00c1MENIE o za\u010dat\u00ed stavebn\u00e9ho konania a\u00a0upusten\u00ed od \u00fastneho pojedn\u00e1vania a\u00a0miestneho zis\u0165ovania Stavebn\u00edk, \u0160peci\u00e1lne zemn\u00e9 stavby SLOVKOREKT, spol. s.r.o., Pod Str\u00e1\u0148ami 4, 031 01 Liptovsk\u00fd Mikul\u00e1\u0161, v\u00a0zast\u00fapen\u00ed WD Slovensko, s.r.o., Ban\u00edcka 5, 969 01 Bansk\u00e1 \u0160tiavnica, podal d\u0148a 28.08.2024 a\u00a0naposledy doplnil d\u0148a 22.10.2024 na Obecn\u00fd \u00farad Horn\u00e1 Mi\u010din\u00e1 \u2013\u2026","rel":"","context":"V &quot;D\u00f4le\u017eit\u00e9&quot;","block_context":{"text":"D\u00f4le\u017eit\u00e9","link":"https:\/\/www.hornamicina.eu\/web\/category\/dolezite\/"},"img":{"alt_text":"Logo obce a dokumenty","src":"https:\/\/i0.wp.com\/www.hornamicina.eu\/web\/wp-content\/uploads\/2017\/07\/uznesenia.jpg?fit=530%2C530&ssl=1&resize=350%2C200","width":350,"height":200,"srcset":"https:\/\/i0.wp.com\/www.hornamicina.eu\/web\/wp-content\/uploads\/2017\/07\/uznesenia.jpg?fit=530%2C530&ssl=1&resize=350%2C200 1x, https:\/\/i0.wp.com\/www.hornamicina.eu\/web\/wp-content\/uploads\/2017\/07\/uznesenia.jpg?fit=530%2C530&ssl=1&resize=525%2C300 1.5x"},"classes":[]},{"id":5392,"url":"https:\/\/www.hornamicina.eu\/web\/verejna-vyhlaska-oznamenie-zacatie-konania-o-dodatocnom-povoleni-stavby-p-saktorova\/","url_meta":{"origin":5481,"position":1},"title":"Verejn\u00e1 vyhl\u00e1\u0161ka &#8211; ozn\u00e1menie &#8211; za\u010datie konania o dodato\u010dnom povolen\u00ed stavby, p. Saktorov\u00e1","author":"admin","date":"8. augusta 2025","format":false,"excerpt":"\u010c\u00edslo: OC\u00daHM-S2025\/00076\/ozn. Horn\u00e1 Mi\u010din\u00e1 07.08.2025 Vybavuje: Ing. Vl\u010dek \/ 0902 419\u00a0419 \u00a0 VEREJN\u00c1 VYHL\u00c1\u0160KA \u00a0 OZN\u00c1MENIE \u00a0 o\u00a0za\u010dat\u00ed konania o\u00a0dodato\u010dnom povolen\u00ed stavby s\u00a0mo\u017enos\u0165ou jej trval\u00e9ho u\u017e\u00edvania a\u00a0o\u00a0nariaden\u00ed \u00fastneho pojedn\u00e1vania a\u00a0miestneho zis\u0165ovania \u00a0 \u00a0\u00a0Stavebn\u00ed\u010dka, Anna Saktorov\u00e1, 974 01 Horn\u00e1 Mi\u010din\u00e1 177 podala d\u0148a 26.03.2025 na Obec Horn\u00e1 Mi\u010din\u00e1 \u2013 stavebn\u00fd \u00farad\u2026","rel":"","context":"V &quot;Elektronick\u00e1 \u00faradn\u00e1 tabu\u013ea&quot;","block_context":{"text":"Elektronick\u00e1 \u00faradn\u00e1 tabu\u013ea","link":"https:\/\/www.hornamicina.eu\/web\/category\/uradna-tabula\/"},"img":{"alt_text":"Logo obce a dokumenty","src":"https:\/\/i0.wp.com\/www.hornamicina.eu\/web\/wp-content\/uploads\/2017\/07\/uznesenia.jpg?fit=530%2C530&ssl=1&resize=350%2C200","width":350,"height":200,"srcset":"https:\/\/i0.wp.com\/www.hornamicina.eu\/web\/wp-content\/uploads\/2017\/07\/uznesenia.jpg?fit=530%2C530&ssl=1&resize=350%2C200 1x, https:\/\/i0.wp.com\/www.hornamicina.eu\/web\/wp-content\/uploads\/2017\/07\/uznesenia.jpg?fit=530%2C530&ssl=1&resize=525%2C300 1.5x"},"classes":[]},{"id":4132,"url":"https:\/\/www.hornamicina.eu\/web\/verejne-vyhlaska-oznamenie-o-zacati-konania-o-zmene-stavby-p-findo\/","url_meta":{"origin":5481,"position":2},"title":"Verejn\u00e9 vyhl\u00e1\u0161ka &#8211; OZN\u00c1MENIE  o\u00a0za\u010dat\u00ed konania o\u00a0zmene stavby. p. Fin\u010fo","author":"admin","date":"16. febru\u00e1ra 2024","format":false,"excerpt":"VEREJN\u00c1 VYHL\u00c1\u0160KA OZN\u00c1MENIE o\u00a0za\u010dat\u00ed konania o\u00a0zmene stavby pred jej dokon\u010den\u00edm a\u00a0upusten\u00ed od \u00fastneho pojedn\u00e1vania a\u00a0miestneho zis\u0165ovania \u00a0 Stavebn\u00edk, Daniel Fin\u010fo, bytom Lazovn\u00e1 1487\/56, 974 01 Bansk\u00e1 Bystrica, v\u00a0zast\u00fapen\u00ed BABELA group, s.r.o., Horn\u00e1 61A, 974 01 Bansk\u00e1 Bystrica podal d\u0148a 11.12.2023 a\u00a0naposledy doplnil d\u0148a 12.02.2024 na Obecn\u00fd \u00farad Horn\u00e1 Mi\u010din\u00e1 \u2013\u2026","rel":"","context":"V &quot;D\u00f4le\u017eit\u00e9&quot;","block_context":{"text":"D\u00f4le\u017eit\u00e9","link":"https:\/\/www.hornamicina.eu\/web\/category\/dolezite\/"},"img":{"alt_text":"Logo obce a dokumenty","src":"https:\/\/i0.wp.com\/www.hornamicina.eu\/web\/wp-content\/uploads\/2017\/07\/uznesenia.jpg?fit=530%2C530&ssl=1&resize=350%2C200","width":350,"height":200,"srcset":"https:\/\/i0.wp.com\/www.hornamicina.eu\/web\/wp-content\/uploads\/2017\/07\/uznesenia.jpg?fit=530%2C530&ssl=1&resize=350%2C200 1x, https:\/\/i0.wp.com\/www.hornamicina.eu\/web\/wp-content\/uploads\/2017\/07\/uznesenia.jpg?fit=530%2C530&ssl=1&resize=525%2C300 1.5x"},"classes":[]},{"id":4046,"url":"https:\/\/www.hornamicina.eu\/web\/verejna-vyhlaska-oznamenie-o-zacati-uzemneho-konania-kabe\/","url_meta":{"origin":5481,"position":3},"title":"Verejn\u00e1 vyhl\u00e1\u0161ka &#8211; Ozn\u00e1menie o za\u010dat\u00ed \u00fazemn\u00e9ho konania &#8211; KABE","author":"admin","date":"18. decembra 2023","format":false,"excerpt":"VEREJN\u00c1 VYHL\u00c1\u0160KA \u00a0OZN\u00c1MENIE o za\u010dat\u00ed \u00fazemn\u00e9ho konania o vyu\u017e\u00edvania \u00fazemia a o nariaden\u00ed \u00fastneho pojedn\u00e1vania a miestneho zis\u0165ovania \u00a0 Spolo\u010dnos\u0165 KABE, spol. s.r.o., Mi\u010dinsk\u00e1 cesta 78, 974 01 Bansk\u00e1 Bystrica podala d\u0148a 02.11.2023 na Obec Horn\u00e1 Mi\u010din\u00e1 - stavebn\u00fd \u00farad n\u00e1vrh na vydanie \u00fazemn\u00e9ho rozhodnutia o vyu\u017e\u00edvan\u00ed \u00fazemia \u201ePl\u00e1n vyu\u017e\u00edvania\u2026","rel":"","context":"V &quot;D\u00f4le\u017eit\u00e9&quot;","block_context":{"text":"D\u00f4le\u017eit\u00e9","link":"https:\/\/www.hornamicina.eu\/web\/category\/dolezite\/"},"img":{"alt_text":"Logo obce a dokumenty","src":"https:\/\/i0.wp.com\/www.hornamicina.eu\/web\/wp-content\/uploads\/2017\/07\/uznesenia.jpg?fit=530%2C530&ssl=1&resize=350%2C200","width":350,"height":200,"srcset":"https:\/\/i0.wp.com\/www.hornamicina.eu\/web\/wp-content\/uploads\/2017\/07\/uznesenia.jpg?fit=530%2C530&ssl=1&resize=350%2C200 1x, https:\/\/i0.wp.com\/www.hornamicina.eu\/web\/wp-content\/uploads\/2017\/07\/uznesenia.jpg?fit=530%2C530&ssl=1&resize=525%2C300 1.5x"},"classes":[]},{"id":3292,"url":"https:\/\/www.hornamicina.eu\/web\/verejna-vyhlaska-o-zacati-stav-konania-p-dobrikova\/","url_meta":{"origin":5481,"position":4},"title":"Verejn\u00e1 vyhl\u00e1\u0161ka o za\u010dat\u00ed stav. konania &#8211; p. Dobr\u00edkov\u00e1","author":"admin","date":"22. septembra 2022","format":false,"excerpt":"Obec Horn\u00e1 Micin\u00e1, \u010d\u00edslo: Oc\u00da 176\/2022 VEREJN\u00c1 VYHL\u00c1\u0160KA Horn\u00e1 Micin\u00e1 20.09.2022 OZN\u00c1MENIE o za\u010dat\u00ed stavebn\u00e9ho konania v spojenom \u00fazemnom a stavebnom konani a upusten\u00ed od \u00fastneho pojedn\u00e1vania a miestneho zis\u0165ovania Stavebn\u00ed\u010dka: M\u00e1ria Dobr\u00edkov\u00e1, Starohorsk\u00e1 20, 974 1 Bansk\u00e1 Bystrica, v zast\u00fapen\u00ed Ing. Nikola Karko\u0161iakov\u00e1, Horn\u00e1 85, 974 01 Bansk\u00e1 Bystrica,\u2026","rel":"","context":"V &quot;D\u00f4le\u017eit\u00e9&quot;","block_context":{"text":"D\u00f4le\u017eit\u00e9","link":"https:\/\/www.hornamicina.eu\/web\/category\/dolezite\/"},"img":{"alt_text":"Logo obce a dokumenty","src":"https:\/\/i0.wp.com\/www.hornamicina.eu\/web\/wp-content\/uploads\/2017\/07\/uznesenia.jpg?fit=530%2C530&ssl=1&resize=350%2C200","width":350,"height":200,"srcset":"https:\/\/i0.wp.com\/www.hornamicina.eu\/web\/wp-content\/uploads\/2017\/07\/uznesenia.jpg?fit=530%2C530&ssl=1&resize=350%2C200 1x, https:\/\/i0.wp.com\/www.hornamicina.eu\/web\/wp-content\/uploads\/2017\/07\/uznesenia.jpg?fit=530%2C530&ssl=1&resize=525%2C300 1.5x"},"classes":[]},{"id":3499,"url":"https:\/\/www.hornamicina.eu\/web\/verejna-vyhlaska-oznamenie-o-zacati-konania-p-filip-misurec\/","url_meta":{"origin":5481,"position":5},"title":"Verejn\u00e1 vyhl\u00e1\u0161ka &#8211; ozn\u00e1menie o za\u010dat\u00ed konania &#8211; p. Filip Mi\u0161urec","author":"admin","date":"24. janu\u00e1ra 2023","format":false,"excerpt":"OZN\u00c1MENIE o za\u010dat\u00ed konania o dodato\u010dnom povolen\u00ed stavby a kolauda\u010dnom konan\u00ed a o nariaden\u00ed \u00fastneho pojedn\u00e1vania a miestneho zis\u0165ovania Stavebn\u00edk, Filip Mi\u0161urec, bytom 974 01 Horn\u00e1 Mi\u010din\u00e1 250, v zast\u00fapen\u00ed Mgr. Petrom Skva\u0161ikom, bytom Bagarova 5, 974 04 Bansk\u00e1 Bystrica podal d\u0148a 07.12.2022 na Obec Horn\u00e1 Mi\u010din\u00e1 - stavebn\u00fd \u00farad\u2026","rel":"","context":"V &quot;D\u00f4le\u017eit\u00e9&quot;","block_context":{"text":"D\u00f4le\u017eit\u00e9","link":"https:\/\/www.hornamicina.eu\/web\/category\/dolezite\/"},"img":{"alt_text":"Logo obce a dokumenty","src":"https:\/\/i0.wp.com\/www.hornamicina.eu\/web\/wp-content\/uploads\/2017\/07\/uznesenia.jpg?fit=530%2C530&ssl=1&resize=350%2C200","width":350,"height":200,"srcset":"https:\/\/i0.wp.com\/www.hornamicina.eu\/web\/wp-content\/uploads\/2017\/07\/uznesenia.jpg?fit=530%2C530&ssl=1&resize=350%2C200 1x, https:\/\/i0.wp.com\/www.hornamicina.eu\/web\/wp-content\/uploads\/2017\/07\/uznesenia.jpg?fit=530%2C530&ssl=1&resize=525%2C300 1.5x"},"classes":[]}],"jetpack_likes_enabled":true,"_links":{"self":[{"href":"https:\/\/www.hornamicina.eu\/web\/wp-json\/wp\/v2\/posts\/5481","targetHints":{"allow":["GET"]}}],"collection":[{"href":"https:\/\/www.hornamicina.eu\/web\/wp-json\/wp\/v2\/posts"}],"about":[{"href":"https:\/\/www.hornamicina.eu\/web\/wp-json\/wp\/v2\/types\/post"}],"author":[{"embeddable":true,"href":"https:\/\/www.hornamicina.eu\/web\/wp-json\/wp\/v2\/users\/1"}],"replies":[{"embeddable":true,"href":"https:\/\/www.hornamicina.eu\/web\/wp-json\/wp\/v2\/comments?post=5481"}],"version-history":[{"count":2,"href":"https:\/\/www.hornamicina.eu\/web\/wp-json\/wp\/v2\/posts\/5481\/revisions"}],"predecessor-version":[{"id":5484,"href":"https:\/\/www.hornamicina.eu\/web\/wp-json\/wp\/v2\/posts\/5481\/revisions\/5484"}],"wp:featuredmedia":[{"embeddable":true,"href":"https:\/\/www.hornamicina.eu\/web\/wp-json\/wp\/v2\/media\/390"}],"wp:attachment":[{"href":"https:\/\/www.hornamicina.eu\/web\/wp-json\/wp\/v2\/media?parent=5481"}],"wp:term":[{"taxonomy":"category","embeddable":true,"href":"https:\/\/www.hornamicina.eu\/web\/wp-json\/wp\/v2\/categories?post=5481"},{"taxonomy":"post_tag","embeddable":true,"href":"https:\/\/www.hornamicina.eu\/web\/wp-json\/wp\/v2\/tags?post=5481"}],"curies":[{"name":"wp","href":"https:\/\/api.w.org\/{rel}","templated":true}]}}