{"id":5473,"date":"2025-09-19T15:14:14","date_gmt":"2025-09-19T13:14:14","guid":{"rendered":"https:\/\/www.hornamicina.eu\/web\/?p=5473"},"modified":"2025-09-19T15:16:42","modified_gmt":"2025-09-19T13:16:42","slug":"jesenna-preventivna-deratizacia","status":"publish","type":"post","link":"https:\/\/www.hornamicina.eu\/web\/jesenna-preventivna-deratizacia\/","title":{"rendered":"Jesenn\u00e1 prevent\u00edvna deratiz\u00e1cia"},"content":{"rendered":"<p data-start=\"1305\" data-end=\"1354\"><strong data-start=\"1305\" data-end=\"1354\">V\u00fdzva na deratiz\u00e1ciu v okrese Bansk\u00e1 Bystrica<\/strong><\/p>\n<p data-start=\"1356\" data-end=\"1568\">Region\u00e1lny \u00farad verejn\u00e9ho zdravotn\u00edctva v Banskej Bystrici vyz\u00fdva mest\u00e1, obce, podnikate\u013eov a ob\u010danov na vykonanie <strong data-start=\"1471\" data-end=\"1520\">jesennej prevent\u00edvnej celoplo\u0161nej deratiz\u00e1cie<\/strong> v term\u00edne od <strong data-start=\"1534\" data-end=\"1565\">16. 9. 2025 do 15. 11. 2025<\/strong>.<\/p>\n<p data-start=\"1570\" data-end=\"1610\"><strong data-start=\"1570\" data-end=\"1608\">Deratiz\u00e1ciu s\u00fa povinn\u00ed zabezpe\u010di\u0165:<\/strong><\/p>\n<ul data-start=\"1611\" data-end=\"1853\">\n<li data-start=\"1611\" data-end=\"1651\">\n<p data-start=\"1613\" data-end=\"1651\">mest\u00e1 a obce okresu Bansk\u00e1 Bystrica,<\/p>\n<\/li>\n<li data-start=\"1652\" data-end=\"1853\">\n<p data-start=\"1654\" data-end=\"1853\">podnikatelia a pr\u00e1vnick\u00e9 osoby (napr. \u0161koly, zdravotn\u00edcke zariadenia, bytov\u00e9 domy, v\u00fdrobn\u00e9 prev\u00e1dzky, sklady potrav\u00edn, stravovacie zariadenia, po\u013enohospod\u00e1rske objekty, skl\u00e1dky komun\u00e1lneho odpadu).<\/p>\n<\/li>\n<\/ul>\n<p data-start=\"1855\" data-end=\"2084\"><strong data-start=\"1855\" data-end=\"1883\">Odpor\u00fa\u010danie pre ob\u010danov:<\/strong><br data-start=\"1883\" data-end=\"1886\" \/>Aj jednotlivci by mali vykona\u0165 deratiz\u00e1ciu vo svojich pivniciach, hospod\u00e1rskych budov\u00e1ch, z\u00e1hrad\u00e1ch a v rodinn\u00fdch domoch, najm\u00e4 ak sa v okol\u00ed nach\u00e1dzaj\u00fa hospod\u00e1rske zvierat\u00e1 alebo sklady potrav\u00edn.<\/p>\n<p data-start=\"2086\" data-end=\"2361\"><strong data-start=\"2086\" data-end=\"2120\">Pre\u010do je deratiz\u00e1cia d\u00f4le\u017eit\u00e1?<\/strong><br data-start=\"2120\" data-end=\"2123\" \/>Pren\u00e1\u0161anie hlodavcov predstavuje v\u00e1\u017ene riziko \u0161\u00edrenia prenosn\u00fdch ochoren\u00ed ako s\u00fa salmonel\u00f3za, leptospir\u00f3za, listeri\u00f3za a \u010fal\u0161ie. Pravideln\u00e1 deratiz\u00e1cia v\u00fdznamne prispieva k ochrane verejn\u00e9ho zdravia a zni\u017euje \u0161kody sp\u00f4soben\u00e9 hlodavcami.<\/p>\n<p data-start=\"2086\" data-end=\"2361\"><a href=\"https:\/\/i0.wp.com\/www.hornamicina.eu\/web\/wp-content\/uploads\/2025\/09\/Oznam1-RUVZ.webp?ssl=1\" target=\"_blank\" rel=\"noopener\"><img data-recalc-dims=\"1\" loading=\"lazy\" decoding=\"async\" data-attachment-id=\"5474\" data-permalink=\"https:\/\/www.hornamicina.eu\/web\/jesenna-preventivna-deratizacia\/oznam1-ruvz\/\" data-orig-file=\"https:\/\/i0.wp.com\/www.hornamicina.eu\/web\/wp-content\/uploads\/2025\/09\/Oznam1-RUVZ.webp?fit=935%2C1304&amp;ssl=1\" data-orig-size=\"935,1304\" data-comments-opened=\"0\" data-image-meta=\"{&quot;aperture&quot;:&quot;0&quot;,&quot;credit&quot;:&quot;&quot;,&quot;camera&quot;:&quot;&quot;,&quot;caption&quot;:&quot;&quot;,&quot;created_timestamp&quot;:&quot;0&quot;,&quot;copyright&quot;:&quot;&quot;,&quot;focal_length&quot;:&quot;0&quot;,&quot;iso&quot;:&quot;0&quot;,&quot;shutter_speed&quot;:&quot;0&quot;,&quot;title&quot;:&quot;&quot;,&quot;orientation&quot;:&quot;0&quot;}\" data-image-title=\"Oznam1 &amp;#8211; RUVZ\" data-image-description=\"\" data-image-caption=\"\" data-large-file=\"https:\/\/i0.wp.com\/www.hornamicina.eu\/web\/wp-content\/uploads\/2025\/09\/Oznam1-RUVZ.webp?fit=734%2C1024&amp;ssl=1\" class=\"alignnone wp-image-5474 size-large\" src=\"https:\/\/i0.wp.com\/www.hornamicina.eu\/web\/wp-content\/uploads\/2025\/09\/Oznam1-RUVZ.webp?resize=734%2C1024&#038;ssl=1\" alt=\"\" width=\"734\" height=\"1024\" srcset=\"https:\/\/i0.wp.com\/www.hornamicina.eu\/web\/wp-content\/uploads\/2025\/09\/Oznam1-RUVZ.webp?resize=734%2C1024&amp;ssl=1 734w, https:\/\/i0.wp.com\/www.hornamicina.eu\/web\/wp-content\/uploads\/2025\/09\/Oznam1-RUVZ.webp?resize=215%2C300&amp;ssl=1 215w, https:\/\/i0.wp.com\/www.hornamicina.eu\/web\/wp-content\/uploads\/2025\/09\/Oznam1-RUVZ.webp?resize=768%2C1071&amp;ssl=1 768w, https:\/\/i0.wp.com\/www.hornamicina.eu\/web\/wp-content\/uploads\/2025\/09\/Oznam1-RUVZ.webp?resize=720%2C1004&amp;ssl=1 720w, https:\/\/i0.wp.com\/www.hornamicina.eu\/web\/wp-content\/uploads\/2025\/09\/Oznam1-RUVZ.webp?w=935&amp;ssl=1 935w\" sizes=\"auto, (max-width: 734px) 100vw, 734px\" \/><\/a> <a href=\"https:\/\/i0.wp.com\/www.hornamicina.eu\/web\/wp-content\/uploads\/2025\/09\/Oznam2-RUVZ.webp?ssl=1\" target=\"_blank\" rel=\"noopener\"><img data-recalc-dims=\"1\" loading=\"lazy\" decoding=\"async\" data-attachment-id=\"5475\" data-permalink=\"https:\/\/www.hornamicina.eu\/web\/jesenna-preventivna-deratizacia\/oznam2-ruvz\/\" data-orig-file=\"https:\/\/i0.wp.com\/www.hornamicina.eu\/web\/wp-content\/uploads\/2025\/09\/Oznam2-RUVZ.webp?fit=943%2C1342&amp;ssl=1\" data-orig-size=\"943,1342\" data-comments-opened=\"0\" data-image-meta=\"{&quot;aperture&quot;:&quot;0&quot;,&quot;credit&quot;:&quot;&quot;,&quot;camera&quot;:&quot;&quot;,&quot;caption&quot;:&quot;&quot;,&quot;created_timestamp&quot;:&quot;0&quot;,&quot;copyright&quot;:&quot;&quot;,&quot;focal_length&quot;:&quot;0&quot;,&quot;iso&quot;:&quot;0&quot;,&quot;shutter_speed&quot;:&quot;0&quot;,&quot;title&quot;:&quot;&quot;,&quot;orientation&quot;:&quot;0&quot;}\" data-image-title=\"Oznam2 &amp;#8211; RUVZ\" data-image-description=\"\" data-image-caption=\"\" data-large-file=\"https:\/\/i0.wp.com\/www.hornamicina.eu\/web\/wp-content\/uploads\/2025\/09\/Oznam2-RUVZ.webp?fit=720%2C1024&amp;ssl=1\" class=\"alignnone wp-image-5475 size-large\" src=\"https:\/\/i0.wp.com\/www.hornamicina.eu\/web\/wp-content\/uploads\/2025\/09\/Oznam2-RUVZ.webp?resize=720%2C1024&#038;ssl=1\" alt=\"\" width=\"720\" height=\"1024\" srcset=\"https:\/\/i0.wp.com\/www.hornamicina.eu\/web\/wp-content\/uploads\/2025\/09\/Oznam2-RUVZ.webp?resize=720%2C1025&amp;ssl=1 720w, https:\/\/i0.wp.com\/www.hornamicina.eu\/web\/wp-content\/uploads\/2025\/09\/Oznam2-RUVZ.webp?resize=211%2C300&amp;ssl=1 211w, https:\/\/i0.wp.com\/www.hornamicina.eu\/web\/wp-content\/uploads\/2025\/09\/Oznam2-RUVZ.webp?resize=768%2C1093&amp;ssl=1 768w, https:\/\/i0.wp.com\/www.hornamicina.eu\/web\/wp-content\/uploads\/2025\/09\/Oznam2-RUVZ.webp?w=943&amp;ssl=1 943w\" sizes=\"auto, (max-width: 720px) 100vw, 720px\" \/><\/a><\/p>\n","protected":false},"excerpt":{"rendered":"V\u00fdzva na deratiz\u00e1ciu v okrese Bansk\u00e1 Bystrica Region\u00e1lny \u00farad verejn\u00e9ho zdravotn\u00edctva v Banskej [&hellip;]","protected":false},"author":1,"featured_media":5476,"comment_status":"closed","ping_status":"open","sticky":false,"template":"","format":"standard","meta":{"advanced_seo_description":"","jetpack_seo_html_title":"","jetpack_seo_noindex":false,"_jetpack_memberships_contains_paid_content":false,"footnotes":""},"categories":[8],"tags":[],"class_list":["post-5473","post","type-post","status-publish","format-standard","has-post-thumbnail","hentry","category-oznamy"],"jetpack_featured_media_url":"https:\/\/i0.wp.com\/www.hornamicina.eu\/web\/wp-content\/uploads\/2025\/09\/ruvzbb.webp?fit=972%2C762&ssl=1","jetpack_sharing_enabled":true,"jetpack_shortlink":"https:\/\/wp.me\/p8RsFw-1qh","jetpack-related-posts":[{"id":2681,"url":"https:\/\/www.hornamicina.eu\/web\/rozhodnutie-o-posudzovani-vplyvov-na-zp-ou-bb\/","url_meta":{"origin":5473,"position":0},"title":"Rozhodnutie o posudzovan\u00ed vplyvov na \u017dP &#8211; O\u00da BB","author":"admin","date":"21. okt\u00f3bra 2021","format":false,"excerpt":"OKRESN\u00dd \u00daRAD BANSK\u00c1 BYSTRICA ODBOR STAROSTLIVOSTI O \u017dIVOTN\u00c9 PROSTREDIE Oddelenie ochrany pr\u00edrody a vybran\u00fdch zlo\u017eiek \u017eivotn\u00e9ho prostredia N\u00e1m. \u013dudov\u00edta \u0160t\u00fara 1, 974 OS Bansk\u00e1 Bystrica Okresn\u00fd \u00farad Bansk\u00e1 Bystrica, odbor starostlivosti o \u017eivotn\u00e9 prostredie (\u010falej len \"Okresn\u00fd \u00farad Bansk\u00e1 Bystrica\") ako pr\u00edslu\u0161n\u00fd org\u00e1n \u0161t\u00e1tnej spr\u00e1vy pod\u013ea \u00a7 S ods.1 z\u00e1kona\u2026","rel":"","context":"V &quot;D\u00f4le\u017eit\u00e9&quot;","block_context":{"text":"D\u00f4le\u017eit\u00e9","link":"https:\/\/www.hornamicina.eu\/web\/category\/dolezite\/"},"img":{"alt_text":"Logo obce a dokumenty","src":"https:\/\/i0.wp.com\/www.hornamicina.eu\/web\/wp-content\/uploads\/2017\/07\/uznesenia.jpg?fit=530%2C530&ssl=1&resize=350%2C200","width":350,"height":200,"srcset":"https:\/\/i0.wp.com\/www.hornamicina.eu\/web\/wp-content\/uploads\/2017\/07\/uznesenia.jpg?fit=530%2C530&ssl=1&resize=350%2C200 1x, https:\/\/i0.wp.com\/www.hornamicina.eu\/web\/wp-content\/uploads\/2017\/07\/uznesenia.jpg?fit=530%2C530&ssl=1&resize=525%2C300 1.5x"},"classes":[]},{"id":1536,"url":"https:\/\/www.hornamicina.eu\/web\/uzemny-plan-mesta-banska-bystrica-zacatia-preskumania\/","url_meta":{"origin":5473,"position":1},"title":"\u00dazemn\u00fd pl\u00e1n mesta Bansk\u00e1 Bystrica &#8211; ozn\u00e1menie o za\u010dat\u00ed presk\u00famania","author":"admin","date":"23. j\u00fala 2019","format":false,"excerpt":"\u00dazemn\u00fd pl\u00e1n mesta Bansk\u00e1 Bystrica - ozn\u00e1menie o za\u010dat\u00ed presk\u00famania platn\u00e9ho \u00dazemn\u00e9ho pl\u00e1nu mesta Bansk\u00e1 Bystrica. Mesto bansk\u00e1 Bystrica ako pr\u00edslu\u0161n\u00fd org\u00e1n \u00fazemn\u00e9ho pl\u00e1novania pod\u013ea \u00a716 ods. 2 z\u00e1kona \u010d. 50\/1976 Zb. o \u00fazemnom pl\u00e1novan\u00ed a stavebnom poriadku v znen\u00ed neskor\u0161\u00edch predpisov\u00a0oznamuje\u00a0za\u010datie procesu presk\u00famavania platn\u00e9ho \u00fazemn\u00e9ho pl\u00e1nu mesta Bansk\u00e1 Bystrica.\u2026","rel":"","context":"V &quot;D\u00f4le\u017eit\u00e9&quot;","block_context":{"text":"D\u00f4le\u017eit\u00e9","link":"https:\/\/www.hornamicina.eu\/web\/category\/dolezite\/"},"img":{"alt_text":"","src":"https:\/\/i0.wp.com\/www.hornamicina.eu\/web\/wp-content\/uploads\/2018\/02\/uzneseniaBB.png?fit=530%2C375&ssl=1&resize=350%2C200","width":350,"height":200,"srcset":"https:\/\/i0.wp.com\/www.hornamicina.eu\/web\/wp-content\/uploads\/2018\/02\/uzneseniaBB.png?fit=530%2C375&ssl=1&resize=350%2C200 1x, https:\/\/i0.wp.com\/www.hornamicina.eu\/web\/wp-content\/uploads\/2018\/02\/uzneseniaBB.png?fit=530%2C375&ssl=1&resize=525%2C300 1.5x"},"classes":[]},{"id":1501,"url":"https:\/\/www.hornamicina.eu\/web\/uzemny-plan-mesta-banska-bystrica-zmeny-a-doplnky-c-5\/","url_meta":{"origin":5473,"position":2},"title":"\u00dazemn\u00fd pl\u00e1n mesta Bansk\u00e1 Bystrica &#8211; zmeny a doplnky \u010d. 5","author":"admin","date":"3. j\u00fala 2019","format":false,"excerpt":"Obstar\u00e1vate\u013e strategick\u00e9ho dokumentu, mesto Bansk\u00e1 Bystrica predlo\u017eilo Okresn\u00e9mu \u00faradu Bansk\u00e1 Bystrica, Odboru starostlivosti o \u017eivotn\u00e9 prostredie Ozn\u00e1menie o strategickom dokumente \"\u00dazemn\u00fd pl\u00e1n mesta Bansk\u00e1 Bystrica, Zmeny a doplnky \u010d. 5 - op\u00e4tovn\u00e9\", ktor\u00e9 n\u00e1m ako dotnutej obci zasielaj\u00fa. Viac v dokumente\u00a0\u00dazemn\u00fd pl\u00e1n mesta Bansk\u00e1 Bystrica, zmeny a doplnky \u010d. 5\u2026","rel":"","context":"V &quot;D\u00f4le\u017eit\u00e9&quot;","block_context":{"text":"D\u00f4le\u017eit\u00e9","link":"https:\/\/www.hornamicina.eu\/web\/category\/dolezite\/"},"img":{"alt_text":"","src":"https:\/\/i0.wp.com\/www.hornamicina.eu\/web\/wp-content\/uploads\/2018\/02\/uzneseniaBB.png?fit=530%2C375&ssl=1&resize=350%2C200","width":350,"height":200,"srcset":"https:\/\/i0.wp.com\/www.hornamicina.eu\/web\/wp-content\/uploads\/2018\/02\/uzneseniaBB.png?fit=530%2C375&ssl=1&resize=350%2C200 1x, https:\/\/i0.wp.com\/www.hornamicina.eu\/web\/wp-content\/uploads\/2018\/02\/uzneseniaBB.png?fit=530%2C375&ssl=1&resize=525%2C300 1.5x"},"classes":[]},{"id":1268,"url":"https:\/\/www.hornamicina.eu\/web\/rozhodnutie-ou-bb-2019\/","url_meta":{"origin":5473,"position":3},"title":"Rozhodnutie Okresn\u00e9ho \u00faradu BB","author":"admin","date":"19. febru\u00e1ra 2019","format":false,"excerpt":"V pr\u00edlohe je rozhodnutie Okresn\u00e9ho \u00faradu Bansk\u00e1 Bystrica, odbor v\u00fdstavby a bytovej politiky vo veci odvolania sa NASES, Trnava vo\u010di rozhodnutiu mesta Bansk\u00e1 Bystrica. Verejn\u00e1 vyhl\u00e1\u0161ka - Rozhodnutie OU-BB-OVB2-2019\/010451\/02-BX","rel":"","context":"V &quot;Elektronick\u00e1 \u00faradn\u00e1 tabu\u013ea&quot;","block_context":{"text":"Elektronick\u00e1 \u00faradn\u00e1 tabu\u013ea","link":"https:\/\/www.hornamicina.eu\/web\/category\/uradna-tabula\/"},"img":{"alt_text":"Logo obce a dokumenty","src":"https:\/\/i0.wp.com\/www.hornamicina.eu\/web\/wp-content\/uploads\/2017\/07\/uznesenia.jpg?fit=530%2C530&ssl=1&resize=350%2C200","width":350,"height":200,"srcset":"https:\/\/i0.wp.com\/www.hornamicina.eu\/web\/wp-content\/uploads\/2017\/07\/uznesenia.jpg?fit=530%2C530&ssl=1&resize=350%2C200 1x, https:\/\/i0.wp.com\/www.hornamicina.eu\/web\/wp-content\/uploads\/2017\/07\/uznesenia.jpg?fit=530%2C530&ssl=1&resize=525%2C300 1.5x"},"classes":[]},{"id":1314,"url":"https:\/\/www.hornamicina.eu\/web\/vyhl-bb-03-19\/","url_meta":{"origin":5473,"position":4},"title":"Ozn\u00e1menie o pokra\u010dovan\u00ed konania","author":"admin","date":"8. marca 2019","format":false,"excerpt":"\u00a0 \u00a0 \u00a0 \u00a0Mesto Bansk\u00e1 Bystrica \u00a0 \u010c\u00edslo: \u00a0 OVZ-S\u00da \u00a025593-1269\/2019-Har - pokr. V Banskej Bystrici \u00a005.03.2019 Vybavuje \/ tel.: \u00a0Ing. Harmanov\u00e1 \/ 048 - 4330 422 \u00a0 VEREJN\u00c1 VYHL\u00c1\u0160KA \u00a0 \u00a0 O Z N \u00c1 M E N I E o pokra\u010dovan\u00ed konania o\u00a0pred\u013a\u017een\u00ed platnosti rozhodnutia o umiestnen\u00ed stavby\u2026","rel":"","context":"V &quot;D\u00f4le\u017eit\u00e9&quot;","block_context":{"text":"D\u00f4le\u017eit\u00e9","link":"https:\/\/www.hornamicina.eu\/web\/category\/dolezite\/"},"img":{"alt_text":"Logo obce a dokumenty","src":"https:\/\/i0.wp.com\/www.hornamicina.eu\/web\/wp-content\/uploads\/2017\/07\/uznesenia.jpg?fit=530%2C530&ssl=1&resize=350%2C200","width":350,"height":200,"srcset":"https:\/\/i0.wp.com\/www.hornamicina.eu\/web\/wp-content\/uploads\/2017\/07\/uznesenia.jpg?fit=530%2C530&ssl=1&resize=350%2C200 1x, https:\/\/i0.wp.com\/www.hornamicina.eu\/web\/wp-content\/uploads\/2017\/07\/uznesenia.jpg?fit=530%2C530&ssl=1&resize=525%2C300 1.5x"},"classes":[]},{"id":5460,"url":"https:\/\/www.hornamicina.eu\/web\/schvalenie-dokumentacie-ochrany-prirody-a-krajiny-okres-banska-bystrica\/","url_meta":{"origin":5473,"position":5},"title":"Schv\u00e1lenie dokument\u00e1cie ochrany pr\u00edrody a krajiny \u2013 okres Bansk\u00e1 Bystrica","author":"admin","date":"10. septembra 2025","format":false,"excerpt":"Okresn\u00fd \u00farad Bansk\u00e1 Bystrica, odbor starostlivosti o \u017eivotn\u00e9 prostredie, vydal rozhodnutie o schv\u00e1len\u00ed dokument\u00e1cie ochrany pr\u00edrody a krajiny \u2013 Region\u00e1lny \u00fazemn\u00fd syst\u00e9m ekologickej stability okresu Bansk\u00e1 Bystrica (RUSES). T\u00e1to dokument\u00e1cia bola vypracovan\u00e1 v s\u00falade so z\u00e1konom o ochrane pr\u00edrody a krajiny a predstavuje aktualizovan\u00fd syst\u00e9m ekologickej stability prisp\u00f4soben\u00fd s\u00fa\u010dasn\u00fdm podmienkam\u2026","rel":"","context":"V &quot;Elektronick\u00e1 \u00faradn\u00e1 tabu\u013ea&quot;","block_context":{"text":"Elektronick\u00e1 \u00faradn\u00e1 tabu\u013ea","link":"https:\/\/www.hornamicina.eu\/web\/category\/uradna-tabula\/"},"img":{"alt_text":"Logo obce a dokumenty","src":"https:\/\/i0.wp.com\/www.hornamicina.eu\/web\/wp-content\/uploads\/2017\/07\/uznesenia.jpg?fit=530%2C530&ssl=1&resize=350%2C200","width":350,"height":200,"srcset":"https:\/\/i0.wp.com\/www.hornamicina.eu\/web\/wp-content\/uploads\/2017\/07\/uznesenia.jpg?fit=530%2C530&ssl=1&resize=350%2C200 1x, https:\/\/i0.wp.com\/www.hornamicina.eu\/web\/wp-content\/uploads\/2017\/07\/uznesenia.jpg?fit=530%2C530&ssl=1&resize=525%2C300 1.5x"},"classes":[]}],"jetpack_likes_enabled":true,"_links":{"self":[{"href":"https:\/\/www.hornamicina.eu\/web\/wp-json\/wp\/v2\/posts\/5473","targetHints":{"allow":["GET"]}}],"collection":[{"href":"https:\/\/www.hornamicina.eu\/web\/wp-json\/wp\/v2\/posts"}],"about":[{"href":"https:\/\/www.hornamicina.eu\/web\/wp-json\/wp\/v2\/types\/post"}],"author":[{"embeddable":true,"href":"https:\/\/www.hornamicina.eu\/web\/wp-json\/wp\/v2\/users\/1"}],"replies":[{"embeddable":true,"href":"https:\/\/www.hornamicina.eu\/web\/wp-json\/wp\/v2\/comments?post=5473"}],"version-history":[{"count":3,"href":"https:\/\/www.hornamicina.eu\/web\/wp-json\/wp\/v2\/posts\/5473\/revisions"}],"predecessor-version":[{"id":5479,"href":"https:\/\/www.hornamicina.eu\/web\/wp-json\/wp\/v2\/posts\/5473\/revisions\/5479"}],"wp:featuredmedia":[{"embeddable":true,"href":"https:\/\/www.hornamicina.eu\/web\/wp-json\/wp\/v2\/media\/5476"}],"wp:attachment":[{"href":"https:\/\/www.hornamicina.eu\/web\/wp-json\/wp\/v2\/media?parent=5473"}],"wp:term":[{"taxonomy":"category","embeddable":true,"href":"https:\/\/www.hornamicina.eu\/web\/wp-json\/wp\/v2\/categories?post=5473"},{"taxonomy":"post_tag","embeddable":true,"href":"https:\/\/www.hornamicina.eu\/web\/wp-json\/wp\/v2\/tags?post=5473"}],"curies":[{"name":"wp","href":"https:\/\/api.w.org\/{rel}","templated":true}]}}