{"id":5451,"date":"2025-09-08T12:35:09","date_gmt":"2025-09-08T10:35:09","guid":{"rendered":"https:\/\/www.hornamicina.eu\/web\/?p=5451"},"modified":"2025-09-08T12:37:16","modified_gmt":"2025-09-08T10:37:16","slug":"okolo-slovenska-2025-prejde-aj-nasou-obcou-ocakavajte-docasne-obmedzenia","status":"publish","type":"post","link":"https:\/\/www.hornamicina.eu\/web\/okolo-slovenska-2025-prejde-aj-nasou-obcou-ocakavajte-docasne-obmedzenia\/","title":{"rendered":"Okolo Slovenska 2025 prejde aj na\u0161ou obcou \u2013 o\u010dak\u00e1vajte do\u010dasn\u00e9 obmedzenia"},"content":{"rendered":"<p>Mil\u00ed obyvatelia,<\/p>\n<p>v r\u00e1mci 69. ro\u010dn\u00edka medzin\u00e1rodn\u00fdch cyklistick\u00fdch pretekov Okolo Slovenska 2025 pelot\u00f3n prejde aj cez obec Horn\u00e1 Mi\u010din\u00e1. Podujatie prebehne v septembri a povedie naprie\u010d Slovenskom.<\/p>\n<h3>O \u010do ide?<\/h3>\n<p>Preteky patria medzi v\u00fdznamn\u00e9 \u0161portov\u00e9 podujatia na Slovensku. Trasa vedie cez mest\u00e1 aj obce a prin\u00e1\u0161a so sebou do\u010dasn\u00e9 dopravn\u00e9 obmedzenia.<\/p>\n<h3>\u010co to znamen\u00e1 pre na\u0161u obec?<\/h3>\n<p>Pol\u00edcia upozor\u0148uje, \u017ee na dotknut\u00fdch \u00fasekoch bud\u00fa pribli\u017ene <strong>pol hodiny pred prejazdom cyklistov a\u017e do ich odchodu zaveden\u00e9 dopravn\u00e9 obmedzenia<\/strong>. Vodi\u010di musia r\u00e1ta\u0165 s do\u010dasn\u00fdmi v\u00fdlukami, regul\u00e1ciou dopravy aj odklonmi.<\/p>\n<blockquote>\n<p style=\"text-align: center;\"><strong>Pl\u00e1novan\u00fd prejazd cez na\u0161u obec je 19.9.2025 v \u010dasoch od 14:11 a\u017e 14:40. Viac info ni\u017e\u0161ie\u2026<\/strong><\/p>\n<div id=\"attachment_5452\" style=\"width: 780px\" class=\"wp-caption alignnone\"><a href=\"https:\/\/i0.wp.com\/www.hornamicina.eu\/web\/wp-content\/uploads\/2025\/09\/IMG_7684.jpeg?ssl=1\"><img data-recalc-dims=\"1\" loading=\"lazy\" decoding=\"async\" aria-describedby=\"caption-attachment-5452\" data-attachment-id=\"5452\" data-permalink=\"https:\/\/www.hornamicina.eu\/web\/okolo-slovenska-2025-prejde-aj-nasou-obcou-ocakavajte-docasne-obmedzenia\/screenshot\/\" data-orig-file=\"https:\/\/i0.wp.com\/www.hornamicina.eu\/web\/wp-content\/uploads\/2025\/09\/IMG_7684.jpeg?fit=1050%2C887&amp;ssl=1\" data-orig-size=\"1050,887\" data-comments-opened=\"0\" data-image-meta=\"{&quot;aperture&quot;:&quot;0&quot;,&quot;credit&quot;:&quot;&quot;,&quot;camera&quot;:&quot;&quot;,&quot;caption&quot;:&quot;Screenshot&quot;,&quot;created_timestamp&quot;:&quot;1757333966&quot;,&quot;copyright&quot;:&quot;&quot;,&quot;focal_length&quot;:&quot;0&quot;,&quot;iso&quot;:&quot;0&quot;,&quot;shutter_speed&quot;:&quot;0&quot;,&quot;title&quot;:&quot;Screenshot&quot;,&quot;orientation&quot;:&quot;1&quot;}\" data-image-title=\"Screenshot\" data-image-description=\"\" data-image-caption=\"&lt;p&gt;Screenshot&lt;\/p&gt;\n\" data-large-file=\"https:\/\/i0.wp.com\/www.hornamicina.eu\/web\/wp-content\/uploads\/2025\/09\/IMG_7684.jpeg?fit=770%2C650&amp;ssl=1\" class=\"size-large wp-image-5452\" src=\"https:\/\/i0.wp.com\/www.hornamicina.eu\/web\/wp-content\/uploads\/2025\/09\/IMG_7684.jpeg?resize=770%2C650&#038;ssl=1\" alt=\"\" width=\"770\" height=\"650\" srcset=\"https:\/\/i0.wp.com\/www.hornamicina.eu\/web\/wp-content\/uploads\/2025\/09\/IMG_7684.jpeg?resize=1024%2C865&amp;ssl=1 1024w, https:\/\/i0.wp.com\/www.hornamicina.eu\/web\/wp-content\/uploads\/2025\/09\/IMG_7684.jpeg?resize=300%2C253&amp;ssl=1 300w, https:\/\/i0.wp.com\/www.hornamicina.eu\/web\/wp-content\/uploads\/2025\/09\/IMG_7684.jpeg?resize=768%2C649&amp;ssl=1 768w, https:\/\/i0.wp.com\/www.hornamicina.eu\/web\/wp-content\/uploads\/2025\/09\/IMG_7684.jpeg?resize=720%2C608&amp;ssl=1 720w, https:\/\/i0.wp.com\/www.hornamicina.eu\/web\/wp-content\/uploads\/2025\/09\/IMG_7684.jpeg?w=1050&amp;ssl=1 1050w\" sizes=\"auto, (max-width: 770px) 100vw, 770px\" \/><\/a><p id=\"caption-attachment-5452\" class=\"wp-caption-text\">Screenshot<\/p><\/div><\/blockquote>\n<p>\u201ePros\u00edme obyvate\u013eov, aby si cesty napl\u00e1novali v dostato\u010dnom predstihu a po\u010das prejazdu konvoja obmedzili vo\u013en\u00fd pohyb dom\u00e1cich zvierat. Motoristi by z\u00e1rove\u0148 nemali parkova\u0165 na okrajoch ciest,\u201c uviedla pol\u00edcia.<\/p>\n<p>Organiz\u00e1tori a pr\u00edslu\u0161n\u00edci Policajn\u00e9ho zboru preto vyz\u00fdvaj\u00fa v\u0161etk\u00fdch \u00fa\u010dastn\u00edkov prem\u00e1vky na trpezlivos\u0165 a oh\u013eaduplnos\u0165, aby bol zabezpe\u010den\u00fd hladk\u00fd priebeh a bezpe\u010dnos\u0165 cyklistov.<\/p>\n<h3>Pre\u010do sa oplat\u00ed pr\u00eds\u0165?<\/h3>\n<ul>\n<li>Za\u017eijete unik\u00e1tnu \u0161portov\u00fa atmosf\u00e9ru priamo v obci.<\/li>\n<li>Podpor\u00edte v\u00fdznamn\u00e9 medzin\u00e1rodn\u00e9 podujatie.<\/li>\n<\/ul>\n<p>Ak m\u00e1te mo\u017enos\u0165, pr\u00ed\u010fte cyklistov povzbudi\u0165 a spr\u00edjemni\u0165 im prejazd na\u0161ou obcou.<\/p>\n<p><a href=\"https:\/\/i0.wp.com\/www.hornamicina.eu\/web\/wp-content\/uploads\/2025\/09\/IMG_7683.jpeg?ssl=1\"><img data-recalc-dims=\"1\" loading=\"lazy\" decoding=\"async\" data-attachment-id=\"5453\" data-permalink=\"https:\/\/www.hornamicina.eu\/web\/okolo-slovenska-2025-prejde-aj-nasou-obcou-ocakavajte-docasne-obmedzenia\/screenshot-2\/\" data-orig-file=\"https:\/\/i0.wp.com\/www.hornamicina.eu\/web\/wp-content\/uploads\/2025\/09\/IMG_7683.jpeg?fit=861%2C1246&amp;ssl=1\" data-orig-size=\"861,1246\" data-comments-opened=\"0\" data-image-meta=\"{&quot;aperture&quot;:&quot;0&quot;,&quot;credit&quot;:&quot;&quot;,&quot;camera&quot;:&quot;&quot;,&quot;caption&quot;:&quot;Screenshot&quot;,&quot;created_timestamp&quot;:&quot;1757333953&quot;,&quot;copyright&quot;:&quot;&quot;,&quot;focal_length&quot;:&quot;0&quot;,&quot;iso&quot;:&quot;0&quot;,&quot;shutter_speed&quot;:&quot;0&quot;,&quot;title&quot;:&quot;Screenshot&quot;,&quot;orientation&quot;:&quot;1&quot;}\" data-image-title=\"Screenshot\" data-image-description=\"\" data-image-caption=\"&lt;p&gt;Screenshot&lt;\/p&gt;\n\" data-large-file=\"https:\/\/i0.wp.com\/www.hornamicina.eu\/web\/wp-content\/uploads\/2025\/09\/IMG_7683.jpeg?fit=708%2C1024&amp;ssl=1\" class=\"size-large wp-image-5453\" src=\"https:\/\/i0.wp.com\/www.hornamicina.eu\/web\/wp-content\/uploads\/2025\/09\/IMG_7683.jpeg?resize=708%2C1024&#038;ssl=1\" alt=\"\" width=\"708\" height=\"1024\" srcset=\"https:\/\/i0.wp.com\/www.hornamicina.eu\/web\/wp-content\/uploads\/2025\/09\/IMG_7683.jpeg?resize=708%2C1024&amp;ssl=1 708w, https:\/\/i0.wp.com\/www.hornamicina.eu\/web\/wp-content\/uploads\/2025\/09\/IMG_7683.jpeg?resize=207%2C300&amp;ssl=1 207w, https:\/\/i0.wp.com\/www.hornamicina.eu\/web\/wp-content\/uploads\/2025\/09\/IMG_7683.jpeg?resize=768%2C1111&amp;ssl=1 768w, https:\/\/i0.wp.com\/www.hornamicina.eu\/web\/wp-content\/uploads\/2025\/09\/IMG_7683.jpeg?resize=720%2C1042&amp;ssl=1 720w, https:\/\/i0.wp.com\/www.hornamicina.eu\/web\/wp-content\/uploads\/2025\/09\/IMG_7683.jpeg?w=861&amp;ssl=1 861w\" sizes=\"auto, (max-width: 708px) 100vw, 708px\" \/><\/a><\/p>\n<p><a href=\"https:\/\/i0.wp.com\/www.hornamicina.eu\/web\/wp-content\/uploads\/2025\/09\/IMG_7682.jpeg?ssl=1\"><img data-recalc-dims=\"1\" loading=\"lazy\" decoding=\"async\" data-attachment-id=\"5454\" data-permalink=\"https:\/\/www.hornamicina.eu\/web\/okolo-slovenska-2025-prejde-aj-nasou-obcou-ocakavajte-docasne-obmedzenia\/screenshot-3\/\" data-orig-file=\"https:\/\/i0.wp.com\/www.hornamicina.eu\/web\/wp-content\/uploads\/2025\/09\/IMG_7682.jpeg?fit=1260%2C1778&amp;ssl=1\" data-orig-size=\"1260,1778\" data-comments-opened=\"0\" data-image-meta=\"{&quot;aperture&quot;:&quot;0&quot;,&quot;credit&quot;:&quot;&quot;,&quot;camera&quot;:&quot;&quot;,&quot;caption&quot;:&quot;Screenshot&quot;,&quot;created_timestamp&quot;:&quot;1757333934&quot;,&quot;copyright&quot;:&quot;&quot;,&quot;focal_length&quot;:&quot;0&quot;,&quot;iso&quot;:&quot;0&quot;,&quot;shutter_speed&quot;:&quot;0&quot;,&quot;title&quot;:&quot;Screenshot&quot;,&quot;orientation&quot;:&quot;1&quot;}\" data-image-title=\"Screenshot\" data-image-description=\"\" data-image-caption=\"&lt;p&gt;Screenshot&lt;\/p&gt;\n\" data-large-file=\"https:\/\/i0.wp.com\/www.hornamicina.eu\/web\/wp-content\/uploads\/2025\/09\/IMG_7682.jpeg?fit=726%2C1024&amp;ssl=1\" class=\"size-large wp-image-5454\" src=\"https:\/\/i0.wp.com\/www.hornamicina.eu\/web\/wp-content\/uploads\/2025\/09\/IMG_7682.jpeg?resize=726%2C1024&#038;ssl=1\" alt=\"\" width=\"726\" height=\"1024\" srcset=\"https:\/\/i0.wp.com\/www.hornamicina.eu\/web\/wp-content\/uploads\/2025\/09\/IMG_7682.jpeg?resize=726%2C1024&amp;ssl=1 726w, https:\/\/i0.wp.com\/www.hornamicina.eu\/web\/wp-content\/uploads\/2025\/09\/IMG_7682.jpeg?resize=213%2C300&amp;ssl=1 213w, https:\/\/i0.wp.com\/www.hornamicina.eu\/web\/wp-content\/uploads\/2025\/09\/IMG_7682.jpeg?resize=768%2C1084&amp;ssl=1 768w, https:\/\/i0.wp.com\/www.hornamicina.eu\/web\/wp-content\/uploads\/2025\/09\/IMG_7682.jpeg?resize=1089%2C1536&amp;ssl=1 1089w, https:\/\/i0.wp.com\/www.hornamicina.eu\/web\/wp-content\/uploads\/2025\/09\/IMG_7682.jpeg?resize=720%2C1016&amp;ssl=1 720w, https:\/\/i0.wp.com\/www.hornamicina.eu\/web\/wp-content\/uploads\/2025\/09\/IMG_7682.jpeg?w=1260&amp;ssl=1 1260w\" sizes=\"auto, (max-width: 726px) 100vw, 726px\" \/><\/a><\/p>\n<p><a href=\"https:\/\/i0.wp.com\/www.hornamicina.eu\/web\/wp-content\/uploads\/2025\/09\/IMG_7681.jpeg?ssl=1\"><img data-recalc-dims=\"1\" loading=\"lazy\" decoding=\"async\" data-attachment-id=\"5455\" data-permalink=\"https:\/\/www.hornamicina.eu\/web\/okolo-slovenska-2025-prejde-aj-nasou-obcou-ocakavajte-docasne-obmedzenia\/screenshot-4\/\" data-orig-file=\"https:\/\/i0.wp.com\/www.hornamicina.eu\/web\/wp-content\/uploads\/2025\/09\/IMG_7681.jpeg?fit=1320%2C615&amp;ssl=1\" data-orig-size=\"1320,615\" data-comments-opened=\"0\" data-image-meta=\"{&quot;aperture&quot;:&quot;0&quot;,&quot;credit&quot;:&quot;&quot;,&quot;camera&quot;:&quot;&quot;,&quot;caption&quot;:&quot;Screenshot&quot;,&quot;created_timestamp&quot;:&quot;1757333917&quot;,&quot;copyright&quot;:&quot;&quot;,&quot;focal_length&quot;:&quot;0&quot;,&quot;iso&quot;:&quot;0&quot;,&quot;shutter_speed&quot;:&quot;0&quot;,&quot;title&quot;:&quot;Screenshot&quot;,&quot;orientation&quot;:&quot;1&quot;}\" data-image-title=\"Screenshot\" data-image-description=\"\" data-image-caption=\"&lt;p&gt;Screenshot&lt;\/p&gt;\n\" data-large-file=\"https:\/\/i0.wp.com\/www.hornamicina.eu\/web\/wp-content\/uploads\/2025\/09\/IMG_7681.jpeg?fit=770%2C359&amp;ssl=1\" class=\"size-large wp-image-5455\" src=\"https:\/\/i0.wp.com\/www.hornamicina.eu\/web\/wp-content\/uploads\/2025\/09\/IMG_7681.jpeg?resize=770%2C359&#038;ssl=1\" alt=\"\" width=\"770\" height=\"359\" srcset=\"https:\/\/i0.wp.com\/www.hornamicina.eu\/web\/wp-content\/uploads\/2025\/09\/IMG_7681.jpeg?resize=1024%2C477&amp;ssl=1 1024w, https:\/\/i0.wp.com\/www.hornamicina.eu\/web\/wp-content\/uploads\/2025\/09\/IMG_7681.jpeg?resize=300%2C140&amp;ssl=1 300w, https:\/\/i0.wp.com\/www.hornamicina.eu\/web\/wp-content\/uploads\/2025\/09\/IMG_7681.jpeg?resize=768%2C358&amp;ssl=1 768w, https:\/\/i0.wp.com\/www.hornamicina.eu\/web\/wp-content\/uploads\/2025\/09\/IMG_7681.jpeg?resize=720%2C335&amp;ssl=1 720w, https:\/\/i0.wp.com\/www.hornamicina.eu\/web\/wp-content\/uploads\/2025\/09\/IMG_7681.jpeg?w=1320&amp;ssl=1 1320w\" sizes=\"auto, (max-width: 770px) 100vw, 770px\" \/><\/a><\/p>\n","protected":false},"excerpt":{"rendered":"Mil\u00ed obyvatelia, v r\u00e1mci 69. ro\u010dn\u00edka medzin\u00e1rodn\u00fdch cyklistick\u00fdch pretekov Okolo Slovenska 2025 pelot\u00f3n [&hellip;]","protected":false},"author":1,"featured_media":5456,"comment_status":"closed","ping_status":"open","sticky":false,"template":"","format":"standard","meta":{"advanced_seo_description":"","jetpack_seo_html_title":"","jetpack_seo_noindex":false,"_jetpack_memberships_contains_paid_content":false,"footnotes":""},"categories":[5,8],"tags":[],"class_list":["post-5451","post","type-post","status-publish","format-standard","has-post-thumbnail","hentry","category-dolezite","category-oznamy"],"jetpack_featured_media_url":"https:\/\/i0.wp.com\/www.hornamicina.eu\/web\/wp-content\/uploads\/2025\/09\/IMG_7680.jpeg?fit=1253%2C877&ssl=1","jetpack_sharing_enabled":true,"jetpack_shortlink":"https:\/\/wp.me\/p8RsFw-1pV","jetpack-related-posts":[{"id":5747,"url":"https:\/\/www.hornamicina.eu\/web\/oznam-rekonstrukcia-mostu-za-obcou-molca\/","url_meta":{"origin":5451,"position":0},"title":"OZNAM &#8211; rekon\u0161trukcia mostu za obcou M\u00f4l\u010da","author":"admin","date":"20. apr\u00edla 2026","format":false,"excerpt":"Oznamujeme ob\u010danom obce, \u017ee z d\u00f4vodu rekon\u0161trukcie mostn\u00e9ho objektu za obcou M\u00f4l\u010da, bude cesta III.triedy 2421 v smere do \u0160alkovej \u00faplne uzavret\u00e1 od pondelka 20.4.2026 a\u017e do 30.9.2026. Uz\u00e1vierka a obch\u00e1dzkov\u00e1 trasa bude ozna\u010den\u00e1 do\u010dasn\u00fdmi dopravn\u00fdmi zna\u010dkami. Z tohto d\u00f4vodu bude cez na\u0161u obec v tomto obdob\u00ed zv\u00fd\u0161en\u00e1 automobilov\u00e1 doprava.\u2026","rel":"","context":"V &quot;D\u00f4le\u017eit\u00e9&quot;","block_context":{"text":"D\u00f4le\u017eit\u00e9","link":"https:\/\/www.hornamicina.eu\/web\/category\/dolezite\/"},"img":{"alt_text":"Logo obce a dokumenty","src":"https:\/\/i0.wp.com\/www.hornamicina.eu\/web\/wp-content\/uploads\/2017\/07\/uznesenia.jpg?fit=530%2C530&ssl=1&resize=350%2C200","width":350,"height":200,"srcset":"https:\/\/i0.wp.com\/www.hornamicina.eu\/web\/wp-content\/uploads\/2017\/07\/uznesenia.jpg?fit=530%2C530&ssl=1&resize=350%2C200 1x, https:\/\/i0.wp.com\/www.hornamicina.eu\/web\/wp-content\/uploads\/2017\/07\/uznesenia.jpg?fit=530%2C530&ssl=1&resize=525%2C300 1.5x"},"classes":[]},{"id":3372,"url":"https:\/\/www.hornamicina.eu\/web\/mikulas-2022\/","url_meta":{"origin":5451,"position":1},"title":"Mikul\u00e1\u0161 2022","author":"admin","date":"6. decembra 2022","format":false,"excerpt":"Obec Horn\u00e1 Mi\u010din\u00e1 poz\u00fdva mal\u00fdch aj ve\u013ek\u00fdch na stretnutie s Mikul\u00e1\u0161om, sladk\u00fa odmenu pre deti a rozsvietenie viano\u010dn\u00e9ho strom\u010deka. Kedy? 10. decembra 2022 Kde? v obecnom parku \u00a0 o 15:30 rozsvietenie viano\u010dn\u00e9ho strom\u010deka v obecnom parku 16:00 divadlo pre deti a Mikul\u00e1\u0161 na obecnom \u00farade \u00a0 Po ukon\u010den\u00ed bude lampi\u00f3nov\u00fd\u2026","rel":"","context":"V &quot;D\u00f4le\u017eit\u00e9&quot;","block_context":{"text":"D\u00f4le\u017eit\u00e9","link":"https:\/\/www.hornamicina.eu\/web\/category\/dolezite\/"},"img":{"alt_text":"","src":"https:\/\/i0.wp.com\/www.hornamicina.eu\/web\/wp-content\/uploads\/2022\/12\/mikulas.png?fit=1200%2C814&ssl=1&resize=350%2C200","width":350,"height":200,"srcset":"https:\/\/i0.wp.com\/www.hornamicina.eu\/web\/wp-content\/uploads\/2022\/12\/mikulas.png?fit=1200%2C814&ssl=1&resize=350%2C200 1x, https:\/\/i0.wp.com\/www.hornamicina.eu\/web\/wp-content\/uploads\/2022\/12\/mikulas.png?fit=1200%2C814&ssl=1&resize=525%2C300 1.5x, https:\/\/i0.wp.com\/www.hornamicina.eu\/web\/wp-content\/uploads\/2022\/12\/mikulas.png?fit=1200%2C814&ssl=1&resize=700%2C400 2x, https:\/\/i0.wp.com\/www.hornamicina.eu\/web\/wp-content\/uploads\/2022\/12\/mikulas.png?fit=1200%2C814&ssl=1&resize=1050%2C600 3x"},"classes":[]},{"id":2319,"url":"https:\/\/www.hornamicina.eu\/web\/scitanie-obyvatelstva-informacie\/","url_meta":{"origin":5451,"position":2},"title":"S\u010d\u00edtanie obyvate\u013estva &#8211; inform\u00e1cie","author":"admin","date":"18. febru\u00e1ra 2021","format":false,"excerpt":"V\u00e1\u017een\u00ed ob\u010dania, od 15.2.2021 do 31.3.2021 prebieha na celom Slovensku s\u010d\u00edtanie obyvate\u013eov. Urobte aj Vy klik pre lep\u0161ie Slovensko a rozhodnite o tom, kam sa bude ubera\u0165 na\u0161a krajina, ale aj na\u0161a obec \u010fal\u0161\u00edch 10 rokov. Ka\u017ed\u00fd hlas rozhodne o tom, ak\u00fa sumu bude na\u0161a obce dost\u00e1va\u0165 od \u0161t\u00e1tu v\u2026","rel":"","context":"V &quot;D\u00f4le\u017eit\u00e9&quot;","block_context":{"text":"D\u00f4le\u017eit\u00e9","link":"https:\/\/www.hornamicina.eu\/web\/category\/dolezite\/"},"img":{"alt_text":"S\u010d\u00edtanie obyvate\u013eov, domov a bytov 2021","src":"https:\/\/i0.wp.com\/www.hornamicina.eu\/web\/wp-content\/uploads\/2021\/02\/sodb2021.png?fit=1200%2C295&ssl=1&resize=350%2C200","width":350,"height":200,"srcset":"https:\/\/i0.wp.com\/www.hornamicina.eu\/web\/wp-content\/uploads\/2021\/02\/sodb2021.png?fit=1200%2C295&ssl=1&resize=350%2C200 1x, https:\/\/i0.wp.com\/www.hornamicina.eu\/web\/wp-content\/uploads\/2021\/02\/sodb2021.png?fit=1200%2C295&ssl=1&resize=525%2C300 1.5x, https:\/\/i0.wp.com\/www.hornamicina.eu\/web\/wp-content\/uploads\/2021\/02\/sodb2021.png?fit=1200%2C295&ssl=1&resize=700%2C400 2x, https:\/\/i0.wp.com\/www.hornamicina.eu\/web\/wp-content\/uploads\/2021\/02\/sodb2021.png?fit=1200%2C295&ssl=1&resize=1050%2C600 3x"},"classes":[]},{"id":4028,"url":"https:\/\/www.hornamicina.eu\/web\/zelena-domacnostiam-informacie\/","url_meta":{"origin":5451,"position":3},"title":"Zelen\u00e1 dom\u00e1cnostiam &#8211; inform\u00e1cie","author":"admin","date":"4. decembra 2023","format":false,"excerpt":"Radi by sme v\u00e1s informovali o d\u00f4le\u017eitej udalosti v na\u0161ej obci. Spolo\u010dnos\u0165 Green Energy Company n\u00e1m pon\u00faka jedine\u010dn\u00fa pr\u00edle\u017eitos\u0165. Pr\u00eddu k n\u00e1m do na\u0161ej obce, aby poskytli bezplatn\u00e9 konzult\u00e1cie pre dot\u00e1ciu zelen\u00e1 dom\u00e1cnostiam. Toto je skvel\u00e1 pr\u00edle\u017eitos\u0165 pre n\u00e1s v\u0161etk\u00fdch, aby sme sa dozvedeli viac o mo\u017enostiach obnovy a udr\u017eate\u013enosti\u2026","rel":"","context":"V &quot;D\u00f4le\u017eit\u00e9&quot;","block_context":{"text":"D\u00f4le\u017eit\u00e9","link":"https:\/\/www.hornamicina.eu\/web\/category\/dolezite\/"},"img":{"alt_text":"","src":"https:\/\/i0.wp.com\/www.hornamicina.eu\/web\/wp-content\/uploads\/2023\/12\/ZelenaDomacnostiamBG.png?fit=706%2C244&ssl=1&resize=350%2C200","width":350,"height":200,"srcset":"https:\/\/i0.wp.com\/www.hornamicina.eu\/web\/wp-content\/uploads\/2023\/12\/ZelenaDomacnostiamBG.png?fit=706%2C244&ssl=1&resize=350%2C200 1x, https:\/\/i0.wp.com\/www.hornamicina.eu\/web\/wp-content\/uploads\/2023\/12\/ZelenaDomacnostiamBG.png?fit=706%2C244&ssl=1&resize=525%2C300 1.5x, https:\/\/i0.wp.com\/www.hornamicina.eu\/web\/wp-content\/uploads\/2023\/12\/ZelenaDomacnostiamBG.png?fit=706%2C244&ssl=1&resize=700%2C400 2x"},"classes":[]},{"id":4965,"url":"https:\/\/www.hornamicina.eu\/web\/stretnutie-s-knihou-alice-fruhwaldovej-o-kolko-lasky-som-prisla\/","url_meta":{"origin":5451,"position":4},"title":"Stretnutie s knihou Alice Fr\u0171hwaldovej O ko\u013eko l\u00e1sky som pri\u0161la","author":"admin","date":"25. novembra 2024","format":false,"excerpt":"V\u00a0stredu 20. novembra 2024 sa v\u00a0hornomi\u010dinskom centre seniorov uskuto\u010dnila ve\u013emi zauj\u00edmav\u00e1 beseda, ktor\u00fa spoluorganizovala ZO Slovensk\u00e9ho zv\u00e4zu protifa\u0161istick\u00fdch bojovn\u00edkov. T\u00e9ma bola v\u00e1\u017ena a \u0165a\u017ek\u00e1 \u2013 obdobie holokaustu na Slovensku po\u010das druhej svetovej vojny. Napriek tomu sa podarilo v\u010faka autorke knihy Alice Fr\u0171hwaldovej, jej dc\u00e9re\u00a0 Miriam a\u00a0vydavate\u013eovi August\u00ednovi Rosovi da\u0165 podujatiu\u2026","rel":"","context":"V &quot;Foto&quot;","block_context":{"text":"Foto","link":"https:\/\/www.hornamicina.eu\/web\/category\/foto\/"},"img":{"alt_text":"","src":"https:\/\/i0.wp.com\/www.hornamicina.eu\/web\/wp-content\/uploads\/2024\/11\/Kniha-o-kolko-lasky-som-prisla-A.-Fruhwaldova.png?fit=672%2C947&ssl=1&resize=350%2C200","width":350,"height":200,"srcset":"https:\/\/i0.wp.com\/www.hornamicina.eu\/web\/wp-content\/uploads\/2024\/11\/Kniha-o-kolko-lasky-som-prisla-A.-Fruhwaldova.png?fit=672%2C947&ssl=1&resize=350%2C200 1x, https:\/\/i0.wp.com\/www.hornamicina.eu\/web\/wp-content\/uploads\/2024\/11\/Kniha-o-kolko-lasky-som-prisla-A.-Fruhwaldova.png?fit=672%2C947&ssl=1&resize=525%2C300 1.5x"},"classes":[]},{"id":3796,"url":"https:\/\/www.hornamicina.eu\/web\/v-kraji-milana-r-stefanika\/","url_meta":{"origin":5451,"position":5},"title":"V kraji Milana R. \u0160tef\u00e1nika","author":"admin","date":"26. j\u00fala 2023","format":false,"excerpt":"Tohtoro\u010dn\u00fd pozn\u00e1vac\u00ed v\u00fdlet \u010dlenov hornomi\u010dinsk\u00e9ho centra seniorov v\u00a0spolupr\u00e1ci so ZO SZPB patril v\u00fdznamnej osobnosti slovenskej \u0161t\u00e1tnosti \u2013 Milanovi Rastislavovi \u0160tef\u00e1nikovi. V\u00a0stredu 19. j\u00fala 2023 pln\u00fd autobus z\u00e1ujemcov vyrazil na z\u00e1pad Slovenska. Prvou zast\u00e1vkou bol \u0160tef\u00e1nikov rodn\u00fd dom v\u00a0Ko\u0161arisk\u00e1ch, kde sa 21. j\u00fala 1880 narodil na\u00a0ev. fare ako \u0161iesty z\u00a0jeden\u00e1stich det\u00ed.\u2026","rel":"","context":"V &quot;Kult\u00fara&quot;","block_context":{"text":"Kult\u00fara","link":"https:\/\/www.hornamicina.eu\/web\/category\/kultura\/"},"img":{"alt_text":"","src":"https:\/\/i0.wp.com\/www.hornamicina.eu\/web\/wp-content\/uploads\/2023\/08\/IMG_5471-min-scaled.jpg?fit=1200%2C800&ssl=1&resize=350%2C200","width":350,"height":200,"srcset":"https:\/\/i0.wp.com\/www.hornamicina.eu\/web\/wp-content\/uploads\/2023\/08\/IMG_5471-min-scaled.jpg?fit=1200%2C800&ssl=1&resize=350%2C200 1x, https:\/\/i0.wp.com\/www.hornamicina.eu\/web\/wp-content\/uploads\/2023\/08\/IMG_5471-min-scaled.jpg?fit=1200%2C800&ssl=1&resize=525%2C300 1.5x, https:\/\/i0.wp.com\/www.hornamicina.eu\/web\/wp-content\/uploads\/2023\/08\/IMG_5471-min-scaled.jpg?fit=1200%2C800&ssl=1&resize=700%2C400 2x, https:\/\/i0.wp.com\/www.hornamicina.eu\/web\/wp-content\/uploads\/2023\/08\/IMG_5471-min-scaled.jpg?fit=1200%2C800&ssl=1&resize=1050%2C600 3x"},"classes":[]}],"jetpack_likes_enabled":true,"_links":{"self":[{"href":"https:\/\/www.hornamicina.eu\/web\/wp-json\/wp\/v2\/posts\/5451","targetHints":{"allow":["GET"]}}],"collection":[{"href":"https:\/\/www.hornamicina.eu\/web\/wp-json\/wp\/v2\/posts"}],"about":[{"href":"https:\/\/www.hornamicina.eu\/web\/wp-json\/wp\/v2\/types\/post"}],"author":[{"embeddable":true,"href":"https:\/\/www.hornamicina.eu\/web\/wp-json\/wp\/v2\/users\/1"}],"replies":[{"embeddable":true,"href":"https:\/\/www.hornamicina.eu\/web\/wp-json\/wp\/v2\/comments?post=5451"}],"version-history":[{"count":2,"href":"https:\/\/www.hornamicina.eu\/web\/wp-json\/wp\/v2\/posts\/5451\/revisions"}],"predecessor-version":[{"id":5458,"href":"https:\/\/www.hornamicina.eu\/web\/wp-json\/wp\/v2\/posts\/5451\/revisions\/5458"}],"wp:featuredmedia":[{"embeddable":true,"href":"https:\/\/www.hornamicina.eu\/web\/wp-json\/wp\/v2\/media\/5456"}],"wp:attachment":[{"href":"https:\/\/www.hornamicina.eu\/web\/wp-json\/wp\/v2\/media?parent=5451"}],"wp:term":[{"taxonomy":"category","embeddable":true,"href":"https:\/\/www.hornamicina.eu\/web\/wp-json\/wp\/v2\/categories?post=5451"},{"taxonomy":"post_tag","embeddable":true,"href":"https:\/\/www.hornamicina.eu\/web\/wp-json\/wp\/v2\/tags?post=5451"}],"curies":[{"name":"wp","href":"https:\/\/api.w.org\/{rel}","templated":true}]}}