{"id":5392,"date":"2025-08-08T17:25:06","date_gmt":"2025-08-08T15:25:06","guid":{"rendered":"https:\/\/www.hornamicina.eu\/web\/?p=5392"},"modified":"2025-08-11T17:27:50","modified_gmt":"2025-08-11T15:27:50","slug":"verejna-vyhlaska-oznamenie-zacatie-konania-o-dodatocnom-povoleni-stavby-p-saktorova","status":"publish","type":"post","link":"https:\/\/www.hornamicina.eu\/web\/verejna-vyhlaska-oznamenie-zacatie-konania-o-dodatocnom-povoleni-stavby-p-saktorova\/","title":{"rendered":"Verejn\u00e1 vyhl\u00e1\u0161ka &#8211; ozn\u00e1menie &#8211; za\u010datie konania o dodato\u010dnom povolen\u00ed stavby, p. Saktorov\u00e1"},"content":{"rendered":"<p>\u010c\u00edslo: OC\u00daHM-S2025\/00076\/ozn.<\/p>\n<p>Horn\u00e1 Mi\u010din\u00e1 07.08.2025<\/p>\n<p>Vybavuje: Ing. Vl\u010dek \/ 0902 419\u00a0419<\/p>\n<p>&nbsp;<\/p>\n<p style=\"text-align: center;\"><strong>VEREJN\u00c1 VYHL\u00c1\u0160KA<\/strong><\/p>\n<p style=\"text-align: center;\"><strong>\u00a0<\/strong><\/p>\n<p style=\"text-align: center;\"><strong>OZN\u00c1MENIE<\/strong><\/p>\n<p style=\"text-align: center;\"><strong>\u00a0<\/strong><\/p>\n<p style=\"text-align: center;\"><strong>o\u00a0za\u010dat\u00ed konania o\u00a0dodato\u010dnom povolen\u00ed stavby s\u00a0mo\u017enos\u0165ou jej trval\u00e9ho u\u017e\u00edvania<\/strong><\/p>\n<p style=\"text-align: center;\"><strong>a\u00a0o\u00a0nariaden\u00ed \u00fastneho pojedn\u00e1vania a\u00a0miestneho zis\u0165ovania<\/strong><\/p>\n<p><strong>\u00a0<\/strong><\/p>\n<p><strong>\u00a0<\/strong><strong>\u00a0<\/strong>Stavebn\u00ed\u010dka, Anna Saktorov\u00e1, 974 01 Horn\u00e1 Mi\u010din\u00e1 177 podala d\u0148a 26.03.2025 na Obec Horn\u00e1 Mi\u010din\u00e1 \u2013 stavebn\u00fd \u00farad \u017eiados\u0165 o\u00a0dodato\u010dn\u00e9 stavebn\u00e9 povolenie spojen\u00e9 s kolaud\u00e1ciou vr\u00e1tane \u017eiadosti povolenie na odber v\u00f4d stavby \u201eV\u0155tan\u00e1 stud\u0148a na \u00fa\u017eitkov\u00fd \u00fa\u010del\u201c postavenej na pozemku parc. \u010d. KN-C 428\/1 v\u00a0k. \u00fa. Horn\u00e1 Mi\u010din\u00e1. Pod\u013ea evidencie katastra nehnute\u013enost\u00ed je dotknut\u00e1 parcela evidovan\u00e1 na LV 200 vo vlastn\u00edctve stavebn\u00ed\u010dky.<\/p>\n<p><strong>Obec Horn\u00e1 Mi\u010din\u00e1<\/strong>, zast\u00fapen\u00e1 starostom obce Ivanom Len\u00e1rom, pod\u013ea \u00a7 13 ods. 4 p\u00edsm. c) z\u00e1kona \u010d. 369\/1990 Zb. o\u00a0obecnom zriaden\u00ed, ako vecne a\u00a0miestne pr\u00edslu\u0161n\u00fd stavebn\u00fd \u00farad pod\u013ea \u00a7 117 z\u00e1kona \u010d. 50\/1976 Zb. o\u00a0\u00fazemnom pl\u00e1novan\u00ed a\u00a0stavebnom poriadku (stavebn\u00fd z\u00e1kon) pod\u013ea \u00a7 88a v\u00a0spojen\u00ed s \u00a7 61 a \u00a7 62 stavebn\u00e9ho z\u00e1kona a\u00a0v\u00a0s\u00falade s \u00a7 18 ods. 3 z\u00e1kona \u010d. 71\/1967 Zb. o\u00a0spr\u00e1vnom poriadku (spr\u00e1vny poriadok) v\u00a0znen\u00ed neskor\u0161\u00edch predpisov upovedomuje o za\u010dat\u00ed konania o dodato\u010dnom povolen\u00ed stavby pod\u013ea \u00a7 88 ods. 1 p\u00edsm. b) a mo\u017enosti jej u\u017e\u00edvania pod\u013ea \u00a7 88a ods. 9 stavebn\u00e9ho z\u00e1kona a s\u00fa\u010dasne pod\u013ea \u00a7 21 ods. 1 z\u00e1kona \u010d. 71\/1967 Zb. o spr\u00e1vnom konan\u00ed (spr\u00e1vny poriadok) v znen\u00ed neskor\u0161\u00edch predpisov a\u00a0v\u00a0spojen\u00ed so z\u00e1konom \u010d. 364\/2004 Zb. o\u00a0vod\u00e1ch a o zmene z\u00e1kona Slovenskej n\u00e1rodnej rady \u010d.\u00a0<a href=\"https:\/\/www.slov-lex.sk\/ezbierky-fe\/pravne-predpisy\/SK\/ZZ\/1990\/372\/\">372\/1990 Zb.<\/a>\u00a0o priestupkoch v znen\u00ed neskor\u0161\u00edch predpisov (vodn\u00fd z\u00e1kon) a\u00a0pod\u013ea \u00a7 21 ods. 1 p\u00edsm. b) bodu 1.) vodn\u00e9ho z\u00e1kona naria\u010fuje \u00fastne pojedn\u00e1vanie spojen\u00e9 s miestnym zis\u0165ovan\u00edm na de\u0148<\/p>\n<blockquote>\n<p style=\"text-align: center;\"><strong>na 17.09.2025 (streda) o\u00a010:00 hod.<\/strong><\/p>\n<p style=\"text-align: center;\"><strong>so stretnut\u00edm na obecnom \u00farade v\u00a0Hornej Mi\u010dinej<\/strong><\/p>\n<p style=\"text-align: center;\">\u00fa\u010dastn\u00edkom konania a\u00a0dotknut\u00fdm org\u00e1nom \u0161t\u00e1tnej a\u00a0verejnej spr\u00e1vy.<\/p>\n<\/blockquote>\n<p><strong>\u00a0<\/strong><\/p>\n<p>Pod\u013ea \u00a7 80 ods. 2 stavebn\u00e9ho z\u00e1kona sa \u00fa\u010dastn\u00edci konania upozor\u0148uj\u00fa, \u017ee n\u00e1mietky m\u00f4\u017eu uplatni\u0165 najnesk\u00f4r pri \u00fastnom pojedn\u00e1van\u00ed, inak sa na ne neprihliadne.<\/p>\n<p>V pr\u00edpade, ak \u00fa\u010dastn\u00edci konania, ich z\u00e1stupcovia alebo z\u00fa\u010dastnen\u00e9 osoby bud\u00fa mieni\u0165 realizova\u0165 im patriace procesn\u00e9 pr\u00e1vo nazerania do administrat\u00edvneho spisu, ktor\u00e9 im prizn\u00e1va \u00a7 23 ods. 1 z\u00e1kona \u010d. 71\/1967 Zb. o spr\u00e1vnom konan\u00ed (\u010falej len \u201espr\u00e1vny poriadok\u201c) v spojen\u00ed s \u00a7 140 stavebn\u00e9ho z\u00e1kona, realiz\u00e1cia tohto pr\u00e1va bude prebieha\u0165 po dohode s pr\u00edslu\u0161n\u00fdm vo veci konaj\u00facim referentom.<\/p>\n<p>Do podkladov konania mo\u017eno nahliadnu\u0165 na Obecnom \u00farade Hrocho\u0165, na II. poschod\u00ed v\u00a0utorok alebo vo \u0161tvrtok v \u00faradn\u00fdch hodin\u00e1ch. Vybavuje: Ing. Vl\u010dek \/ mail: <a href=\"mailto:hrochot.stavebnyurad@gmail.com\">hrochot.stavebnyurad@gmail.com<\/a>, 0902 419\u00a0419.<\/p>\n<p>Ak sa niektor\u00fd z \u00fa\u010dastn\u00edkov nech\u00e1 zastupova\u0165, predlo\u017e\u00ed jeho z\u00e1stupca p\u00edsomn\u00fa pln\u00fa moc. Pod\u013ea \u00a7 42 ods. 5 stavebn\u00e9ho z\u00e1kona sa v odvolacom konan\u00ed neprihliada na n\u00e1mietky a pripomienky, ktor\u00e9 neboli uplatnen\u00e9 v prvostup\u0148ovom konan\u00ed v ur\u010denej lehote, hoci uplatnen\u00e9 mohli by\u0165.<\/p>\n<p>Pod\u013ea \u00a7 88 ods. 1 p\u00edsm. b) stavebn\u00e9ho z\u00e1kona stavebn\u00fd \u00farad nariadi vlastn\u00edkovi stavby odstr\u00e1nenie stavby postavenej bez stavebn\u00e9ho povolenia alebo v rozpore s n\u00edm alebo bez p\u00edsomn\u00e9ho ozn\u00e1menia stavebn\u00e9mu \u00faradu pod\u013ea \u00a7 57 ods. 2 stavebn\u00e9ho z\u00e1kona pri stavb\u00e1ch, ktor\u00e9 treba ohl\u00e1si\u0165, odstr\u00e1nenie stavby sa neriadi iba v pr\u00edpadoch ke\u010f dodato\u010dn\u00e9 povolenie stavby nie je v rozpore s verejn\u00fdmi z\u00e1ujmami.<\/p>\n<p>Pod\u013ea \u00a7 88a ods. 9 stavebn\u00e9ho z\u00e1kona s konan\u00edm o dodato\u010dnom povolen\u00ed stavby, ktor\u00e1 je u\u017e dokon\u010den\u00e1, m\u00f4\u017ee stavebn\u00fd \u00farad spoji\u0165 kolauda\u010dn\u00e9 konanie.<\/p>\n<p><strong>\u00a0<\/strong><\/p>\n<p>Ivan Len\u00e1r<\/p>\n<p>starosta obce<\/p>\n<p>&nbsp;<\/p>\n<p>Toto ozn\u00e1menie m\u00e1 povahu verejnej vyhl\u00e1\u0161ky pod\u013ea \u00a7 26 ods. 1 a \u00a7 26 ods. 2 z\u00e1kona \u010d. 71\/1967 Zb. o\u00a0spr\u00e1vnom konan\u00ed v\u00a0znen\u00ed neskor\u0161\u00edch predpisov v\u00a0spojen\u00ed s\u00a0vodn\u00fdm z\u00e1konom mus\u00ed by\u0165 vyvesen\u00e9 po dobu 15 dn\u00ed na \u00faradnej tabuli Obce Horn\u00e1 Mi\u010din\u00e1 sp\u00f4sobom v\u00a0mieste obvykl\u00fdm a\u00a0na webovej str\u00e1nke obce Horn\u00e1 Mi\u010din\u00e1. Posledn\u00fd de\u0148 tejto lehoty je d\u0148om doru\u010denia.<\/p>\n<p>&nbsp;<\/p>\n<p>Doru\u010d\u00ed sa:<\/p>\n<p>\u00da\u010dastn\u00edci konania, vlastn\u00edci pozemkov, vlastn\u00edci susedn\u00fdch nehnute\u013enost\u00ed (pozemkov) &#8211; verejnou vyhl\u00e1\u0161kou (vyvesen\u00e9 na \u00faradnej tabuli Obce Horn\u00e1 Mi\u010din\u00e1 a\u00a0na webe: <a href=\"http:\/\/www.hornamicina.eu\">www.hornamicina.eu<\/a>)<\/p>\n<p>Na vedomie:<\/p>\n<ol>\n<li>Anna Saktorov\u00e1, 974 01 Horn\u00e1 Mi\u010din\u00e1 177<\/li>\n<li>Dana D\u00e9rerov\u00e1, 965 01 Star\u00e1 Kremni\u010dka 243<\/li>\n<li>Slovak Telekom, Bajkalsk\u00e1 28, 817 62 Bratislava<\/li>\n<li>SSD, a.s., Pri Raj\u010dianke 8, 010 47 \u017dilina<\/li>\n<li>StVPS, a.s., Partiz\u00e1nska cesta 5, 974 01 Bansk\u00e1 Bystrica<\/li>\n<li>SVP, \u0161.p., Partiz\u00e1nska cesta 69, 974 98 Bansk\u00e1 Bystrica<\/li>\n<\/ol>\n<p>&nbsp;<\/p>\n","protected":false},"excerpt":{"rendered":"\u010c\u00edslo: OC\u00daHM-S2025\/00076\/ozn. Horn\u00e1 Mi\u010din\u00e1 07.08.2025 Vybavuje: Ing. Vl\u010dek \/ 0902 419\u00a0419 &nbsp; VEREJN\u00c1 [&hellip;]","protected":false},"author":1,"featured_media":390,"comment_status":"closed","ping_status":"open","sticky":false,"template":"","format":"standard","meta":{"advanced_seo_description":"","jetpack_seo_html_title":"","jetpack_seo_noindex":false,"_jetpack_memberships_contains_paid_content":false,"footnotes":""},"categories":[32,8],"tags":[],"class_list":["post-5392","post","type-post","status-publish","format-standard","has-post-thumbnail","hentry","category-uradna-tabula","category-oznamy"],"jetpack_featured_media_url":"https:\/\/i0.wp.com\/www.hornamicina.eu\/web\/wp-content\/uploads\/2017\/07\/uznesenia.jpg?fit=530%2C530&ssl=1","jetpack_sharing_enabled":true,"jetpack_shortlink":"https:\/\/wp.me\/p8RsFw-1oY","jetpack-related-posts":[{"id":3136,"url":"https:\/\/www.hornamicina.eu\/web\/milradova-verejna-vyhlaska-zmena-lehoty-na-dokoncenie-stavby\/","url_meta":{"origin":5392,"position":0},"title":"Verejn\u00e1 vyhl\u00e1\u0161ka &#8211; zmena lehoty na dokon\u010denie stavby","author":"admin","date":"22. j\u00fana 2022","format":false,"excerpt":"Stavebn\u00ed\u010dka,\u00a0Lenka Milr\u00e1dov\u00e1, bytom 974 OJ Horn\u00e1 Mi\u010din\u00e1 26, podala d\u0148a 16.06.2022 na Obecnom \u00farade Horn\u00e1 Mi\u010din\u00e1, \u017eiados\u0165 o pred\u013a\u017eenie lehoty na dokon\u010denie stavby: \u201eNovostavba rodinn\u00e9ho domu\"\u00a0na pozemkoch pare. \u010d. KN-C 71 a 72\/2, v k. \u00fa. Horn\u00e1 Mi\u010din\u00e1, ku ktor\u00fdm m\u00e1 stavebn\u00ed\u010dka vlastn\u00edcke pr\u00e1vo, zap\u00edsan\u00e9 na LV \u010d. 899. Stavba\u2026","rel":"","context":"V &quot;D\u00f4le\u017eit\u00e9&quot;","block_context":{"text":"D\u00f4le\u017eit\u00e9","link":"https:\/\/www.hornamicina.eu\/web\/category\/dolezite\/"},"img":{"alt_text":"Logo obce a dokumenty","src":"https:\/\/i0.wp.com\/www.hornamicina.eu\/web\/wp-content\/uploads\/2017\/07\/uznesenia.jpg?fit=530%2C530&ssl=1&resize=350%2C200","width":350,"height":200,"srcset":"https:\/\/i0.wp.com\/www.hornamicina.eu\/web\/wp-content\/uploads\/2017\/07\/uznesenia.jpg?fit=530%2C530&ssl=1&resize=350%2C200 1x, https:\/\/i0.wp.com\/www.hornamicina.eu\/web\/wp-content\/uploads\/2017\/07\/uznesenia.jpg?fit=530%2C530&ssl=1&resize=525%2C300 1.5x"},"classes":[]},{"id":2836,"url":"https:\/\/www.hornamicina.eu\/web\/zeda-verejna-vyhlaska-zmena-lehoty-na-dokoncenie-stavby\/","url_meta":{"origin":5392,"position":1},"title":"ZEDA: Verejn\u00e1 vyhl\u00e1\u0161ka &#8211; zmena lehoty na dokon\u010denie stavby","author":"admin","date":"13. decembra 2021","format":false,"excerpt":"Stavebn\u00edk, ZEDA B. Bystrica s. r.o., Majersk\u00e1 cesta 96, Bansk\u00e1 Bystrica podal d\u0148a 15.11.2021 na Obec Horn\u00e1 Mi\u010din\u00e1, Obecn\u00fd \u00farad v Hornej Mi\u010dinej, stavebn\u00fd \u00farad - stavebn\u00fd \u00farad, p\u00edsomn\u00fa \u017eiados\u0165 o zmenu lehoty na dokon\u010denie stavby\u201e Oba\u013eova\u010dka asfaltovej zmesi-Horn\u00e1 Mi\u010din\u00e1 \", na ktor\u00fa bolo vydan\u00e9 stavebn\u00e9 povolenie Obcou Horn\u00e1 Mi\u010din\u00e1,\u2026","rel":"","context":"V &quot;D\u00f4le\u017eit\u00e9&quot;","block_context":{"text":"D\u00f4le\u017eit\u00e9","link":"https:\/\/www.hornamicina.eu\/web\/category\/dolezite\/"},"img":{"alt_text":"Logo obce a dokumenty","src":"https:\/\/i0.wp.com\/www.hornamicina.eu\/web\/wp-content\/uploads\/2017\/07\/uznesenia.jpg?fit=530%2C530&ssl=1&resize=350%2C200","width":350,"height":200,"srcset":"https:\/\/i0.wp.com\/www.hornamicina.eu\/web\/wp-content\/uploads\/2017\/07\/uznesenia.jpg?fit=530%2C530&ssl=1&resize=350%2C200 1x, https:\/\/i0.wp.com\/www.hornamicina.eu\/web\/wp-content\/uploads\/2017\/07\/uznesenia.jpg?fit=530%2C530&ssl=1&resize=525%2C300 1.5x"},"classes":[]},{"id":3499,"url":"https:\/\/www.hornamicina.eu\/web\/verejna-vyhlaska-oznamenie-o-zacati-konania-p-filip-misurec\/","url_meta":{"origin":5392,"position":2},"title":"Verejn\u00e1 vyhl\u00e1\u0161ka &#8211; ozn\u00e1menie o za\u010dat\u00ed konania &#8211; p. Filip Mi\u0161urec","author":"admin","date":"24. janu\u00e1ra 2023","format":false,"excerpt":"OZN\u00c1MENIE o za\u010dat\u00ed konania o dodato\u010dnom povolen\u00ed stavby a kolauda\u010dnom konan\u00ed a o nariaden\u00ed \u00fastneho pojedn\u00e1vania a miestneho zis\u0165ovania Stavebn\u00edk, Filip Mi\u0161urec, bytom 974 01 Horn\u00e1 Mi\u010din\u00e1 250, v zast\u00fapen\u00ed Mgr. Petrom Skva\u0161ikom, bytom Bagarova 5, 974 04 Bansk\u00e1 Bystrica podal d\u0148a 07.12.2022 na Obec Horn\u00e1 Mi\u010din\u00e1 - stavebn\u00fd \u00farad\u2026","rel":"","context":"V &quot;D\u00f4le\u017eit\u00e9&quot;","block_context":{"text":"D\u00f4le\u017eit\u00e9","link":"https:\/\/www.hornamicina.eu\/web\/category\/dolezite\/"},"img":{"alt_text":"Logo obce a dokumenty","src":"https:\/\/i0.wp.com\/www.hornamicina.eu\/web\/wp-content\/uploads\/2017\/07\/uznesenia.jpg?fit=530%2C530&ssl=1&resize=350%2C200","width":350,"height":200,"srcset":"https:\/\/i0.wp.com\/www.hornamicina.eu\/web\/wp-content\/uploads\/2017\/07\/uznesenia.jpg?fit=530%2C530&ssl=1&resize=350%2C200 1x, https:\/\/i0.wp.com\/www.hornamicina.eu\/web\/wp-content\/uploads\/2017\/07\/uznesenia.jpg?fit=530%2C530&ssl=1&resize=525%2C300 1.5x"},"classes":[]},{"id":5482,"url":"https:\/\/www.hornamicina.eu\/web\/verejna-vyhlaska-rozhodnutie-p-saktorova\/","url_meta":{"origin":5392,"position":3},"title":"VEREJN\u00c1 VYHL\u00c1\u0160KA &#8211; Rozhodnutie &#8211; p. Saktorov\u00e1","author":"admin","date":"24. septembra 2025","format":false,"excerpt":"VEREJN\u00c1 VYHL\u00c1\u0160KA ROZHODNUTIE \u00a0 Obec Horn\u00e1 Mi\u010din\u00e1, zast\u00fapen\u00e1 starostom obce Ivanom Len\u00e1rom, ako vecne a\u00a0miestne pr\u00edslu\u0161n\u00fd stavebn\u00fd \u00farad pod\u013ea \u00a7 117 z\u00e1kona \u010d. 50\/1976 Zb. o\u00a0\u00fazemnom pl\u00e1novan\u00ed a\u00a0stavebnom poriadku (stavebn\u00fd z\u00e1kon) v znen\u00ed neskor\u0161\u00edch predpisov (\u010falej len \"stavebn\u00fd z\u00e1kon\") a \u00a7 63 z\u00e1kona \u010d. 364\/2004 Z.z. o\u00a0vod\u00e1ch a\u00a0o\u00a0zmene z\u00e1kona SNR\u2026","rel":"","context":"V &quot;D\u00f4le\u017eit\u00e9&quot;","block_context":{"text":"D\u00f4le\u017eit\u00e9","link":"https:\/\/www.hornamicina.eu\/web\/category\/dolezite\/"},"img":{"alt_text":"Logo obce a dokumenty","src":"https:\/\/i0.wp.com\/www.hornamicina.eu\/web\/wp-content\/uploads\/2017\/07\/uznesenia.jpg?fit=530%2C530&ssl=1&resize=350%2C200","width":350,"height":200,"srcset":"https:\/\/i0.wp.com\/www.hornamicina.eu\/web\/wp-content\/uploads\/2017\/07\/uznesenia.jpg?fit=530%2C530&ssl=1&resize=350%2C200 1x, https:\/\/i0.wp.com\/www.hornamicina.eu\/web\/wp-content\/uploads\/2017\/07\/uznesenia.jpg?fit=530%2C530&ssl=1&resize=525%2C300 1.5x"},"classes":[]},{"id":4952,"url":"https:\/\/www.hornamicina.eu\/web\/verejna-vyhlaska-oznamenie-o-zacati-stavebneho-konania-obalovacka-asfaltovej-zmesi\/","url_meta":{"origin":5392,"position":4},"title":"Verejn\u00e1 vyhl\u00e1\u0161ka &#8211; ozn\u00e1menie o za\u010dat\u00ed stavebn\u00e9ho konania &#8211; Oba\u013eova\u010dka asfaltovej zmesi","author":"admin","date":"6. novembra 2024","format":false,"excerpt":"VEREJN\u00c1 VYHL\u00c1\u0160KA OZN\u00c1MENIE o za\u010dat\u00ed stavebn\u00e9ho konania a\u00a0upusten\u00ed od \u00fastneho pojedn\u00e1vania a\u00a0miestneho zis\u0165ovania Stavebn\u00edk, \u0160peci\u00e1lne zemn\u00e9 stavby SLOVKOREKT, spol. s.r.o., Pod Str\u00e1\u0148ami 4, 031 01 Liptovsk\u00fd Mikul\u00e1\u0161, v\u00a0zast\u00fapen\u00ed WD Slovensko, s.r.o., Ban\u00edcka 5, 969 01 Bansk\u00e1 \u0160tiavnica, podal d\u0148a 28.08.2024 a\u00a0naposledy doplnil d\u0148a 22.10.2024 na Obecn\u00fd \u00farad Horn\u00e1 Mi\u010din\u00e1 \u2013\u2026","rel":"","context":"V &quot;D\u00f4le\u017eit\u00e9&quot;","block_context":{"text":"D\u00f4le\u017eit\u00e9","link":"https:\/\/www.hornamicina.eu\/web\/category\/dolezite\/"},"img":{"alt_text":"Logo obce a dokumenty","src":"https:\/\/i0.wp.com\/www.hornamicina.eu\/web\/wp-content\/uploads\/2017\/07\/uznesenia.jpg?fit=530%2C530&ssl=1&resize=350%2C200","width":350,"height":200,"srcset":"https:\/\/i0.wp.com\/www.hornamicina.eu\/web\/wp-content\/uploads\/2017\/07\/uznesenia.jpg?fit=530%2C530&ssl=1&resize=350%2C200 1x, https:\/\/i0.wp.com\/www.hornamicina.eu\/web\/wp-content\/uploads\/2017\/07\/uznesenia.jpg?fit=530%2C530&ssl=1&resize=525%2C300 1.5x"},"classes":[]},{"id":4132,"url":"https:\/\/www.hornamicina.eu\/web\/verejne-vyhlaska-oznamenie-o-zacati-konania-o-zmene-stavby-p-findo\/","url_meta":{"origin":5392,"position":5},"title":"Verejn\u00e9 vyhl\u00e1\u0161ka &#8211; OZN\u00c1MENIE  o\u00a0za\u010dat\u00ed konania o\u00a0zmene stavby. p. Fin\u010fo","author":"admin","date":"16. febru\u00e1ra 2024","format":false,"excerpt":"VEREJN\u00c1 VYHL\u00c1\u0160KA OZN\u00c1MENIE o\u00a0za\u010dat\u00ed konania o\u00a0zmene stavby pred jej dokon\u010den\u00edm a\u00a0upusten\u00ed od \u00fastneho pojedn\u00e1vania a\u00a0miestneho zis\u0165ovania \u00a0 Stavebn\u00edk, Daniel Fin\u010fo, bytom Lazovn\u00e1 1487\/56, 974 01 Bansk\u00e1 Bystrica, v\u00a0zast\u00fapen\u00ed BABELA group, s.r.o., Horn\u00e1 61A, 974 01 Bansk\u00e1 Bystrica podal d\u0148a 11.12.2023 a\u00a0naposledy doplnil d\u0148a 12.02.2024 na Obecn\u00fd \u00farad Horn\u00e1 Mi\u010din\u00e1 \u2013\u2026","rel":"","context":"V &quot;D\u00f4le\u017eit\u00e9&quot;","block_context":{"text":"D\u00f4le\u017eit\u00e9","link":"https:\/\/www.hornamicina.eu\/web\/category\/dolezite\/"},"img":{"alt_text":"Logo obce a dokumenty","src":"https:\/\/i0.wp.com\/www.hornamicina.eu\/web\/wp-content\/uploads\/2017\/07\/uznesenia.jpg?fit=530%2C530&ssl=1&resize=350%2C200","width":350,"height":200,"srcset":"https:\/\/i0.wp.com\/www.hornamicina.eu\/web\/wp-content\/uploads\/2017\/07\/uznesenia.jpg?fit=530%2C530&ssl=1&resize=350%2C200 1x, https:\/\/i0.wp.com\/www.hornamicina.eu\/web\/wp-content\/uploads\/2017\/07\/uznesenia.jpg?fit=530%2C530&ssl=1&resize=525%2C300 1.5x"},"classes":[]}],"jetpack_likes_enabled":true,"_links":{"self":[{"href":"https:\/\/www.hornamicina.eu\/web\/wp-json\/wp\/v2\/posts\/5392","targetHints":{"allow":["GET"]}}],"collection":[{"href":"https:\/\/www.hornamicina.eu\/web\/wp-json\/wp\/v2\/posts"}],"about":[{"href":"https:\/\/www.hornamicina.eu\/web\/wp-json\/wp\/v2\/types\/post"}],"author":[{"embeddable":true,"href":"https:\/\/www.hornamicina.eu\/web\/wp-json\/wp\/v2\/users\/1"}],"replies":[{"embeddable":true,"href":"https:\/\/www.hornamicina.eu\/web\/wp-json\/wp\/v2\/comments?post=5392"}],"version-history":[{"count":1,"href":"https:\/\/www.hornamicina.eu\/web\/wp-json\/wp\/v2\/posts\/5392\/revisions"}],"predecessor-version":[{"id":5393,"href":"https:\/\/www.hornamicina.eu\/web\/wp-json\/wp\/v2\/posts\/5392\/revisions\/5393"}],"wp:featuredmedia":[{"embeddable":true,"href":"https:\/\/www.hornamicina.eu\/web\/wp-json\/wp\/v2\/media\/390"}],"wp:attachment":[{"href":"https:\/\/www.hornamicina.eu\/web\/wp-json\/wp\/v2\/media?parent=5392"}],"wp:term":[{"taxonomy":"category","embeddable":true,"href":"https:\/\/www.hornamicina.eu\/web\/wp-json\/wp\/v2\/categories?post=5392"},{"taxonomy":"post_tag","embeddable":true,"href":"https:\/\/www.hornamicina.eu\/web\/wp-json\/wp\/v2\/tags?post=5392"}],"curies":[{"name":"wp","href":"https:\/\/api.w.org\/{rel}","templated":true}]}}