{"id":5375,"date":"2025-07-29T21:38:20","date_gmt":"2025-07-29T19:38:20","guid":{"rendered":"https:\/\/www.hornamicina.eu\/web\/?p=5375"},"modified":"2025-07-31T21:49:13","modified_gmt":"2025-07-31T19:49:13","slug":"den-obce-micinsko-2025","status":"publish","type":"post","link":"https:\/\/www.hornamicina.eu\/web\/den-obce-micinsko-2025\/","title":{"rendered":"De\u0148 obce &#8211; Mi\u010dinsk\u00f4 2025"},"content":{"rendered":"<p>Vedenie obce <strong>Horn\u00e1 Mi\u010din\u00e1<\/strong> v\u00e1s srde\u010dne poz\u00fdva osl\u00e1vi\u0165 <strong>De\u0148 obce &#8211; Mi\u010dinsk\u00f4<\/strong>, ktor\u00e1 sa uskuto\u010dn\u00ed<\/p>\n<blockquote>\n<h3><strong>9. augusta 2025 od 15:00 hod.<\/strong> v \u0161portovom are\u00e1li pri Obecnom \u00farade.<\/h3>\n<\/blockquote>\n<h3>Hudobn\u00fd program<\/h3>\n<p style=\"padding-left: 40px;\">15:00 \u2013 Otvorenie d\u0148a obce (s rozhlasovou redaktorkou Katar\u00ednou Kov\u00e1\u010dechovou)<br \/>\n15:30 \u2013 \u013dudov\u00fd amat\u00e9rsky vok\u00e1lny s\u00fabor \u201eMalvy\u201c<br \/>\n16:00 \u2013 FS Partiz\u00e1n \u2013 seniori<br \/>\n17:00 \u2013 Folkl\u00f3rny s\u00fabor Partiz\u00e1n<br \/>\n18:15 \u2013 Tombola<br \/>\n19:00 \u2013 Koncert hudobnej skupiny Stom\u00fach<br \/>\n20:00 \u2013 Koncert hudobnej skupiny Elizabeth<br \/>\n21:30 \u2013 Tane\u010dn\u00e1 z\u00e1bava s DJ Mi\u0161om<\/p>\n<p>&nbsp;<\/p>\n<h3>Ob\u010derstvenie a tradi\u010dn\u00e9 chute<\/h3>\n<p style=\"padding-left: 40px;\">Bude sa vari\u0165 najchutnej\u0161ia poch\u00fa\u0165ka z regi\u00f3nu \u2013 <strong>luter\u00e1nska procesia<\/strong> (hust\u00e1 m\u00e4sovo-zeleninov\u00e1 polievka). Te\u0161i\u0165 sa m\u00f4\u017eete aj na tradi\u010dn\u00fd <strong>mi\u010dinsk\u00fd gul\u00e1\u0161, dr\u017eky a haru\u013eu<\/strong>. (\u0161portov\u00fd are\u00e1l pri O\u00da)<\/p>\n<p>&nbsp;<\/p>\n<h3>Sprievodn\u00e9 aktivity<\/h3>\n<ul>\n<li><strong>Detsk\u00e1 z\u00f3na<\/strong><\/li>\n<li><strong>Ma\u013eovanie na telo<\/strong><\/li>\n<li><strong>Tombola<\/strong> s bohat\u00fdmi cenami<\/li>\n<\/ul>\n<p>&nbsp;<\/p>\n<p><strong>Moderuje:<\/strong> Anita F\u00e1kov\u00e1<\/p>\n<p><strong>Vstupn\u00e9:<\/strong> dobrovo\u013en\u00e9<\/p>\n<h3><\/h3>\n<h3>Pr\u00ed\u010fte si u\u017ei\u0165 de\u0148 pln\u00fd hudby, jedla a z\u00e1bavy!<br \/>\nTe\u0161\u00edme sa na v\u00e1s!<\/h3>\n<p><a href=\"https:\/\/i0.wp.com\/www.hornamicina.eu\/web\/wp-content\/uploads\/2025\/07\/DenObce2025.png?ssl=1\"><img data-recalc-dims=\"1\" loading=\"lazy\" decoding=\"async\" data-attachment-id=\"5377\" data-permalink=\"https:\/\/www.hornamicina.eu\/web\/den-obce-micinsko-2025\/denobce2025\/\" data-orig-file=\"https:\/\/i0.wp.com\/www.hornamicina.eu\/web\/wp-content\/uploads\/2025\/07\/DenObce2025.png?fit=1072%2C1501&amp;ssl=1\" data-orig-size=\"1072,1501\" data-comments-opened=\"0\" data-image-meta=\"{&quot;aperture&quot;:&quot;0&quot;,&quot;credit&quot;:&quot;&quot;,&quot;camera&quot;:&quot;&quot;,&quot;caption&quot;:&quot;&quot;,&quot;created_timestamp&quot;:&quot;0&quot;,&quot;copyright&quot;:&quot;&quot;,&quot;focal_length&quot;:&quot;0&quot;,&quot;iso&quot;:&quot;0&quot;,&quot;shutter_speed&quot;:&quot;0&quot;,&quot;title&quot;:&quot;&quot;,&quot;orientation&quot;:&quot;0&quot;}\" data-image-title=\"DenObce2025\" data-image-description=\"\" data-image-caption=\"\" data-large-file=\"https:\/\/i0.wp.com\/www.hornamicina.eu\/web\/wp-content\/uploads\/2025\/07\/DenObce2025.png?fit=731%2C1024&amp;ssl=1\" class=\"size-large wp-image-5377 aligncenter\" src=\"https:\/\/i0.wp.com\/www.hornamicina.eu\/web\/wp-content\/uploads\/2025\/07\/DenObce2025.png?resize=731%2C1024&#038;ssl=1\" alt=\"\" width=\"731\" height=\"1024\" srcset=\"https:\/\/i0.wp.com\/www.hornamicina.eu\/web\/wp-content\/uploads\/2025\/07\/DenObce2025.png?resize=731%2C1024&amp;ssl=1 731w, https:\/\/i0.wp.com\/www.hornamicina.eu\/web\/wp-content\/uploads\/2025\/07\/DenObce2025.png?resize=214%2C300&amp;ssl=1 214w, https:\/\/i0.wp.com\/www.hornamicina.eu\/web\/wp-content\/uploads\/2025\/07\/DenObce2025.png?resize=768%2C1075&amp;ssl=1 768w, https:\/\/i0.wp.com\/www.hornamicina.eu\/web\/wp-content\/uploads\/2025\/07\/DenObce2025.png?resize=720%2C1008&amp;ssl=1 720w, https:\/\/i0.wp.com\/www.hornamicina.eu\/web\/wp-content\/uploads\/2025\/07\/DenObce2025.png?w=1072&amp;ssl=1 1072w\" sizes=\"auto, (max-width: 731px) 100vw, 731px\" \/><\/a><\/p>\n","protected":false},"excerpt":{"rendered":"Vedenie obce Horn\u00e1 Mi\u010din\u00e1 v\u00e1s srde\u010dne poz\u00fdva osl\u00e1vi\u0165 De\u0148 obce &#8211; Mi\u010dinsk\u00f4, ktor\u00e1 [&hellip;]","protected":false},"author":1,"featured_media":5376,"comment_status":"closed","ping_status":"open","sticky":false,"template":"","format":"standard","meta":{"advanced_seo_description":"","jetpack_seo_html_title":"","jetpack_seo_noindex":false,"_jetpack_memberships_contains_paid_content":false,"footnotes":""},"categories":[5,7,8],"tags":[],"class_list":["post-5375","post","type-post","status-publish","format-standard","has-post-thumbnail","hentry","category-dolezite","category-kultura","category-oznamy"],"jetpack_featured_media_url":"https:\/\/i0.wp.com\/www.hornamicina.eu\/web\/wp-content\/uploads\/2025\/07\/DenObce2025-titl.png?fit=1070%2C484&ssl=1","jetpack_sharing_enabled":true,"jetpack_shortlink":"https:\/\/wp.me\/p8RsFw-1oH","jetpack-related-posts":[{"id":396,"url":"https:\/\/www.hornamicina.eu\/web\/den-obce-micinsko\/","url_meta":{"origin":5375,"position":0},"title":"De\u0148 obce ,,MI\u010cINSK\u00d4&#8220;","author":"admin","date":"7. j\u00fala 2017","format":false,"excerpt":"D\u0148a 12.augusta 2017 sa uskuto\u010dn\u00ed de\u0148 obce ,,Mi\u010dinsk\u00f4\" \u00a0 KDE:\u00a0 \u00a0 \u00a0 \u00a0 \u00a0 \u00a0 \u00a0 \u00a0 \u00a0are\u00e1l obecn\u00e9ho \u00faradu a star\u00e9ho futbalov\u00e9ho ihriska PROGRAM: 14:00 hod. \u00a0 \u00a0- \u00a0 uv\u00edtanie jubilantov a det\u00ed 15:00 hod. \u00a0 \u00a0- \u00a0 \u00a0vyst\u00fapenie \u00a0DFS Rados\u0165 z Banskej Bystrice 16:00 hod. \u00a0 - \u00a0\u2026","rel":"","context":"V &quot;Kult\u00fara&quot;","block_context":{"text":"Kult\u00fara","link":"https:\/\/www.hornamicina.eu\/web\/category\/kultura\/"},"img":{"alt_text":"horna micina logo erb","src":"https:\/\/i0.wp.com\/www.hornamicina.eu\/web\/wp-content\/uploads\/2017\/06\/cropped-logo-1.png?resize=350%2C200","width":350,"height":200},"classes":[]},{"id":5394,"url":"https:\/\/www.hornamicina.eu\/web\/dakujeme-ze-ste-s-nami-oslavili-den-obce-micinsko-2025\/","url_meta":{"origin":5375,"position":1},"title":"\u010eakujeme, \u017ee ste s nami osl\u00e1vili De\u0148 obce \u2013 Mi\u010dinsk\u00f4 2025","author":"admin","date":"15. augusta 2025","format":false,"excerpt":"Srde\u010dne \u010fakujeme v\u0161etk\u00fdm, ktor\u00ed sa 9. augusta 2025 z\u00fa\u010dastnili na oslav\u00e1ch D\u0148a obce \u2013 Mi\u010dinsk\u00f4 v \u0161portovom are\u00e1li pri Obecnom \u00farade. Bol to de\u0148 pln\u00fd hudby, tanca, chutn\u00e9ho jedla a dobrej n\u00e1lady.\u00a0Nezabudnute\u013en\u00fa atmosf\u00e9ru dotvorila v\u00f4\u0148a tradi\u010dn\u00fdch poch\u00fa\u0165ok \u2013 luter\u00e1nskej procesie, mi\u010dinsk\u00e9ho gul\u00e1\u0161a, dr\u017eiek a harule. Ve\u013ek\u00e1 v\u010faka patr\u00ed v\u0161etk\u00fdm \u00fa\u010dinkuj\u00facim,\u2026","rel":"","context":"V &quot;Foto&quot;","block_context":{"text":"Foto","link":"https:\/\/www.hornamicina.eu\/web\/category\/foto\/"},"img":{"alt_text":"","src":"https:\/\/i0.wp.com\/www.hornamicina.eu\/web\/wp-content\/uploads\/2025\/08\/0-scaled.webp?fit=1200%2C675&ssl=1&resize=350%2C200","width":350,"height":200,"srcset":"https:\/\/i0.wp.com\/www.hornamicina.eu\/web\/wp-content\/uploads\/2025\/08\/0-scaled.webp?fit=1200%2C675&ssl=1&resize=350%2C200 1x, https:\/\/i0.wp.com\/www.hornamicina.eu\/web\/wp-content\/uploads\/2025\/08\/0-scaled.webp?fit=1200%2C675&ssl=1&resize=525%2C300 1.5x, https:\/\/i0.wp.com\/www.hornamicina.eu\/web\/wp-content\/uploads\/2025\/08\/0-scaled.webp?fit=1200%2C675&ssl=1&resize=700%2C400 2x, https:\/\/i0.wp.com\/www.hornamicina.eu\/web\/wp-content\/uploads\/2025\/08\/0-scaled.webp?fit=1200%2C675&ssl=1&resize=1050%2C600 3x"},"classes":[]},{"id":1547,"url":"https:\/\/www.hornamicina.eu\/web\/den-obce-micinsko-2019\/","url_meta":{"origin":5375,"position":2},"title":"De\u0148 obce ,,MI\u010cINSK\u00d4&#8220;","author":"admin","date":"2. augusta 2019","format":false,"excerpt":"D\u0148a 10. augusta 2019 sa uskuto\u010dn\u00ed de\u0148 obce ,,Mi\u010dinsk\u00f4\" \u00a0 v are\u00e1li obecn\u00e9ho \u00faradu a star\u00e9ho futbalov\u00e9ho ihriska PROGRAM: 16:00\u00a0 FS Poni\u010dan z Pon\u00edk 17:00\u00a0 Svr\u010dinovci \/ fujaristi a heligonk\u00e1ri zo Seliec 18:00\u00a0 Ducho\u0148ovci \/ hity K. Ducho\u0148a 20:00 - 24:00\u00a0 z\u00e1bava -> DJ Mi\u0161o V\u00a0programe sa predstavia aj \u00fa\u010dinkuj\u00faci\u2026","rel":"","context":"V &quot;Kult\u00fara&quot;","block_context":{"text":"Kult\u00fara","link":"https:\/\/www.hornamicina.eu\/web\/category\/kultura\/"},"img":{"alt_text":"","src":"https:\/\/i0.wp.com\/www.hornamicina.eu\/web\/wp-content\/uploads\/2018\/07\/MicinskoPost.jpg?fit=530%2C472&ssl=1&resize=350%2C200","width":350,"height":200,"srcset":"https:\/\/i0.wp.com\/www.hornamicina.eu\/web\/wp-content\/uploads\/2018\/07\/MicinskoPost.jpg?fit=530%2C472&ssl=1&resize=350%2C200 1x, https:\/\/i0.wp.com\/www.hornamicina.eu\/web\/wp-content\/uploads\/2018\/07\/MicinskoPost.jpg?fit=530%2C472&ssl=1&resize=525%2C300 1.5x"},"classes":[]},{"id":899,"url":"https:\/\/www.hornamicina.eu\/web\/den-obce-micinsko-2018\/","url_meta":{"origin":5375,"position":3},"title":"De\u0148 obce ,,MI\u010cINSK\u00d4&#8220;","author":"admin","date":"3. augusta 2018","format":false,"excerpt":"D\u0148a 11. augusta 2018 sa uskuto\u010dn\u00ed de\u0148 obce ,,Mi\u010dinsk\u00f4\" \u00a0 KDE:\u00a0 \u00a0 \u00a0 \u00a0 \u00a0 \u00a0 \u00a0 \u00a0 \u00a0are\u00e1l obecn\u00e9ho \u00faradu a star\u00e9ho futbalov\u00e9ho ihriska PROGRAM: 14:30 - 16:00\u00a0 Kmotry a kmotrovia z Detvy a FS\u00a0OZ Podpolianski vrch\u00e1ri z Koryt\u00e1rok 16:15\u00a0\u00a0FS - Ekon\u00f3m z Bratislavy 17:15\u00a0 prest\u00e1vka a losovanie tomboly\u2026","rel":"","context":"V &quot;Kult\u00fara&quot;","block_context":{"text":"Kult\u00fara","link":"https:\/\/www.hornamicina.eu\/web\/category\/kultura\/"},"img":{"alt_text":"","src":"https:\/\/i0.wp.com\/www.hornamicina.eu\/web\/wp-content\/uploads\/2018\/07\/MicinskoPost.jpg?fit=530%2C472&ssl=1&resize=350%2C200","width":350,"height":200,"srcset":"https:\/\/i0.wp.com\/www.hornamicina.eu\/web\/wp-content\/uploads\/2018\/07\/MicinskoPost.jpg?fit=530%2C472&ssl=1&resize=350%2C200 1x, https:\/\/i0.wp.com\/www.hornamicina.eu\/web\/wp-content\/uploads\/2018\/07\/MicinskoPost.jpg?fit=530%2C472&ssl=1&resize=525%2C300 1.5x"},"classes":[]},{"id":3258,"url":"https:\/\/www.hornamicina.eu\/web\/micinsko-den-obce-2022\/","url_meta":{"origin":5375,"position":4},"title":"Mi\u010dinsk\u00f4 &#8211; De\u0148 obce 2022","author":"admin","date":"1. augusta 2022","format":false,"excerpt":"13. augusta 2022 sa v are\u00e1li obecn\u00e9ho \u00faradu a star\u00e9ho futbalov\u00e9ho ihriska uskuto\u010dn\u00ed podujatie Mi\u010dinsk\u00f4 - De\u0148 obce Horn\u00e1 Mi\u010din\u00e1. Program: od 16:00 l'udov\u00e1 hudba J\u00e1na Maka a mu\u017esk\u00e1 spev\u00e1cka skupina Kr\u00e1l'ova Hol'a z Pohorelej 17:30 - FSK Saibania 18:15 - FSK Ponican 20:00- \u017eiv\u00e1 hudba Sliacske Mokv\u00e1ne Ob\u010derstvenie: gul\u00e1\u0161,\u2026","rel":"","context":"V &quot;D\u00f4le\u017eit\u00e9&quot;","block_context":{"text":"D\u00f4le\u017eit\u00e9","link":"https:\/\/www.hornamicina.eu\/web\/category\/dolezite\/"},"img":{"alt_text":"","src":"https:\/\/i0.wp.com\/www.hornamicina.eu\/web\/wp-content\/uploads\/2022\/08\/DDA19BC1-634C-4EC1-9933-4DD608EC45DD.jpeg?fit=1148%2C852&ssl=1&resize=350%2C200","width":350,"height":200,"srcset":"https:\/\/i0.wp.com\/www.hornamicina.eu\/web\/wp-content\/uploads\/2022\/08\/DDA19BC1-634C-4EC1-9933-4DD608EC45DD.jpeg?fit=1148%2C852&ssl=1&resize=350%2C200 1x, https:\/\/i0.wp.com\/www.hornamicina.eu\/web\/wp-content\/uploads\/2022\/08\/DDA19BC1-634C-4EC1-9933-4DD608EC45DD.jpeg?fit=1148%2C852&ssl=1&resize=525%2C300 1.5x, https:\/\/i0.wp.com\/www.hornamicina.eu\/web\/wp-content\/uploads\/2022\/08\/DDA19BC1-634C-4EC1-9933-4DD608EC45DD.jpeg?fit=1148%2C852&ssl=1&resize=700%2C400 2x, https:\/\/i0.wp.com\/www.hornamicina.eu\/web\/wp-content\/uploads\/2022\/08\/DDA19BC1-634C-4EC1-9933-4DD608EC45DD.jpeg?fit=1148%2C852&ssl=1&resize=1050%2C600 3x"},"classes":[]},{"id":1884,"url":"https:\/\/www.hornamicina.eu\/web\/nakupy-pre-seniorov-banskobystricky-samospravny-kraj\/","url_meta":{"origin":5375,"position":5},"title":"N\u00e1kupy pre seniorov &#8211; Banskobystrick\u00fd samospr\u00e1vny kraj","author":"admin","date":"26. marca 2020","format":false,"excerpt":"N\u00e1kup potrav\u00edn seniorom a\u00a0osamel\u00fdm privezie Banskobystrick\u00fd samospr\u00e1vny kraj a\u017e domov. Volajte zadarmo na 0800 221\u00a0235, pondelok a\u017e piatok od 8:00 do 15:00, nadiktujte svoj n\u00e1kupn\u00fd zoznam a zaplat\u00edte pri doru\u010den\u00ed. Seniori a\u00a0rizikov\u00e9 skupiny \u013eud\u00ed, zosta\u0148te doma a\u00a0nedajte \u0161ancu koronav\u00edrusu. Zavolajte a\u00a0potraviny V\u00e1m \u017eupa privezie a\u017e domov. Ak chcete by\u0165 dobrovo\u013en\u00edkom,\u2026","rel":"","context":"V &quot;Denn\u00e9 centrum obce&quot;","block_context":{"text":"Denn\u00e9 centrum obce","link":"https:\/\/www.hornamicina.eu\/web\/category\/denne-centrum-obce\/"},"img":{"alt_text":"","src":"https:\/\/i0.wp.com\/www.hornamicina.eu\/web\/wp-content\/uploads\/2020\/03\/starame_sa_o_starkych-1-e1585227215867.png?fit=1170%2C540&ssl=1&resize=350%2C200","width":350,"height":200,"srcset":"https:\/\/i0.wp.com\/www.hornamicina.eu\/web\/wp-content\/uploads\/2020\/03\/starame_sa_o_starkych-1-e1585227215867.png?fit=1170%2C540&ssl=1&resize=350%2C200 1x, https:\/\/i0.wp.com\/www.hornamicina.eu\/web\/wp-content\/uploads\/2020\/03\/starame_sa_o_starkych-1-e1585227215867.png?fit=1170%2C540&ssl=1&resize=525%2C300 1.5x, https:\/\/i0.wp.com\/www.hornamicina.eu\/web\/wp-content\/uploads\/2020\/03\/starame_sa_o_starkych-1-e1585227215867.png?fit=1170%2C540&ssl=1&resize=700%2C400 2x, https:\/\/i0.wp.com\/www.hornamicina.eu\/web\/wp-content\/uploads\/2020\/03\/starame_sa_o_starkych-1-e1585227215867.png?fit=1170%2C540&ssl=1&resize=1050%2C600 3x"},"classes":[]}],"jetpack_likes_enabled":true,"_links":{"self":[{"href":"https:\/\/www.hornamicina.eu\/web\/wp-json\/wp\/v2\/posts\/5375","targetHints":{"allow":["GET"]}}],"collection":[{"href":"https:\/\/www.hornamicina.eu\/web\/wp-json\/wp\/v2\/posts"}],"about":[{"href":"https:\/\/www.hornamicina.eu\/web\/wp-json\/wp\/v2\/types\/post"}],"author":[{"embeddable":true,"href":"https:\/\/www.hornamicina.eu\/web\/wp-json\/wp\/v2\/users\/1"}],"replies":[{"embeddable":true,"href":"https:\/\/www.hornamicina.eu\/web\/wp-json\/wp\/v2\/comments?post=5375"}],"version-history":[{"count":1,"href":"https:\/\/www.hornamicina.eu\/web\/wp-json\/wp\/v2\/posts\/5375\/revisions"}],"predecessor-version":[{"id":5378,"href":"https:\/\/www.hornamicina.eu\/web\/wp-json\/wp\/v2\/posts\/5375\/revisions\/5378"}],"wp:featuredmedia":[{"embeddable":true,"href":"https:\/\/www.hornamicina.eu\/web\/wp-json\/wp\/v2\/media\/5376"}],"wp:attachment":[{"href":"https:\/\/www.hornamicina.eu\/web\/wp-json\/wp\/v2\/media?parent=5375"}],"wp:term":[{"taxonomy":"category","embeddable":true,"href":"https:\/\/www.hornamicina.eu\/web\/wp-json\/wp\/v2\/categories?post=5375"},{"taxonomy":"post_tag","embeddable":true,"href":"https:\/\/www.hornamicina.eu\/web\/wp-json\/wp\/v2\/tags?post=5375"}],"curies":[{"name":"wp","href":"https:\/\/api.w.org\/{rel}","templated":true}]}}