{"id":5335,"date":"2025-06-26T13:01:07","date_gmt":"2025-06-26T11:01:07","guid":{"rendered":"https:\/\/www.hornamicina.eu\/web\/?p=5335"},"modified":"2025-06-26T13:01:07","modified_gmt":"2025-06-26T11:01:07","slug":"vyzva-na-kosenie-pozemkov","status":"publish","type":"post","link":"https:\/\/www.hornamicina.eu\/web\/vyzva-na-kosenie-pozemkov\/","title":{"rendered":"V\u00fdzva na kosenie pozemkov"},"content":{"rendered":"<p>Obec Horn\u00e1 Mi\u010din\u00e1 vyz\u00fdva v\u0161etk\u00fdch vlastn\u00edkov, spr\u00e1vcov a u\u017e\u00edvate\u013eov pozemkov v katastr\u00e1lnom \u00fazem\u00ed Horn\u00e1 Mi\u010din\u00e1, aby po\u010das vegeta\u010dn\u00e9ho obdobia venovali zv\u00fd\u0161en\u00fa pozornos\u0165 odstra\u0148ovaniu bur\u00edn na svojich nehnute\u013enostiach a zabezpe\u010dili pravideln\u00e9 kosenie tr\u00e1vnat\u00fdch a zaburinen\u00fdch pozemkov pod\u013ea z\u00e1kona \u010d. 220\/2004.<\/p>\n<p>Priestupku sa dopust\u00ed ten, kto nezabezpe\u010d\u00ed z\u00e1kladn\u00fa starostlivos\u0165 o po\u013enohospod\u00e1rsku p\u00f4du. Za nesplnenie\u00a0 z\u00e1konom stanoven\u00fdch povinnost\u00ed m\u00f4\u017ee by\u0165 vlastn\u00edkom pozemkov ulo\u017een\u00e1 pokuta.<\/p>\n<p>\u010eakujeme v\u0161etk\u00fdm, ktor\u00ed sa staraj\u00fa o svoje pozemky a\u00a0udr\u017eiavaj\u00fa svoje okolie.<\/p>\n<p>V\u00e1\u0161 Oc\u00da<\/p>\n","protected":false},"excerpt":{"rendered":"Obec Horn\u00e1 Mi\u010din\u00e1 vyz\u00fdva v\u0161etk\u00fdch vlastn\u00edkov, spr\u00e1vcov a u\u017e\u00edvate\u013eov pozemkov v katastr\u00e1lnom \u00fazem\u00ed [&hellip;]","protected":false},"author":1,"featured_media":3704,"comment_status":"closed","ping_status":"open","sticky":false,"template":"","format":"standard","meta":{"advanced_seo_description":"","jetpack_seo_html_title":"","jetpack_seo_noindex":false,"_jetpack_memberships_contains_paid_content":false,"footnotes":""},"categories":[5,8],"tags":[],"class_list":["post-5335","post","type-post","status-publish","format-standard","has-post-thumbnail","hentry","category-dolezite","category-oznamy"],"jetpack_featured_media_url":"https:\/\/i0.wp.com\/www.hornamicina.eu\/web\/wp-content\/uploads\/2023\/05\/trava-kosenie-min-1.jpg?fit=2506%2C1671&ssl=1","jetpack_sharing_enabled":true,"jetpack_shortlink":"https:\/\/wp.me\/p8RsFw-1o3","jetpack-related-posts":[{"id":5481,"url":"https:\/\/www.hornamicina.eu\/web\/verejna-vyhlaska-oznamenie-o-zacati-stavebneho-povolenia-p-prsanec\/","url_meta":{"origin":5335,"position":0},"title":"VEREJN\u00c1 VYHL\u00c1\u0160KA &#8211; Ozn\u00e1menie o za\u010dat\u00ed stavebn\u00e9ho povolenia &#8211; p. Pr\u0161anec","author":"admin","date":"24. septembra 2025","format":false,"excerpt":"VEREJN\u00c1 VYHL\u00c1\u0160KA OZN\u00c1MENIE \u00a0o za\u010dat\u00ed stavebn\u00e9ho povolenia v spojenom \u00fazemnom a stavebnom konan\u00ed a o upusten\u00ed od \u00fastneho pojedn\u00e1vania a miestneho zis\u0165ovania \u00a0 \u00a0Stavebn\u00edci, Ivan Pr\u0161anec, Dru\u017estevn\u00e1 57, 976 32 Bad\u00edn a\u00a0Jana Pr\u0161ancov\u00e1, Do tr\u00e1vnika 6, 976 37 Hrocho\u0165, podali na Obec Horn\u00e1 Mi\u010din\u00e1 \u2013 stavebn\u00fd \u00farad \u017eiados\u0165 o\u00a0stavebn\u00e9 povolenie\u2026","rel":"","context":"V &quot;D\u00f4le\u017eit\u00e9&quot;","block_context":{"text":"D\u00f4le\u017eit\u00e9","link":"https:\/\/www.hornamicina.eu\/web\/category\/dolezite\/"},"img":{"alt_text":"Logo obce a dokumenty","src":"https:\/\/i0.wp.com\/www.hornamicina.eu\/web\/wp-content\/uploads\/2017\/07\/uznesenia.jpg?fit=530%2C530&ssl=1&resize=350%2C200","width":350,"height":200,"srcset":"https:\/\/i0.wp.com\/www.hornamicina.eu\/web\/wp-content\/uploads\/2017\/07\/uznesenia.jpg?fit=530%2C530&ssl=1&resize=350%2C200 1x, https:\/\/i0.wp.com\/www.hornamicina.eu\/web\/wp-content\/uploads\/2017\/07\/uznesenia.jpg?fit=530%2C530&ssl=1&resize=525%2C300 1.5x"},"classes":[]},{"id":4132,"url":"https:\/\/www.hornamicina.eu\/web\/verejne-vyhlaska-oznamenie-o-zacati-konania-o-zmene-stavby-p-findo\/","url_meta":{"origin":5335,"position":1},"title":"Verejn\u00e9 vyhl\u00e1\u0161ka &#8211; OZN\u00c1MENIE  o\u00a0za\u010dat\u00ed konania o\u00a0zmene stavby. p. Fin\u010fo","author":"admin","date":"16. febru\u00e1ra 2024","format":false,"excerpt":"VEREJN\u00c1 VYHL\u00c1\u0160KA OZN\u00c1MENIE o\u00a0za\u010dat\u00ed konania o\u00a0zmene stavby pred jej dokon\u010den\u00edm a\u00a0upusten\u00ed od \u00fastneho pojedn\u00e1vania a\u00a0miestneho zis\u0165ovania \u00a0 Stavebn\u00edk, Daniel Fin\u010fo, bytom Lazovn\u00e1 1487\/56, 974 01 Bansk\u00e1 Bystrica, v\u00a0zast\u00fapen\u00ed BABELA group, s.r.o., Horn\u00e1 61A, 974 01 Bansk\u00e1 Bystrica podal d\u0148a 11.12.2023 a\u00a0naposledy doplnil d\u0148a 12.02.2024 na Obecn\u00fd \u00farad Horn\u00e1 Mi\u010din\u00e1 \u2013\u2026","rel":"","context":"V &quot;D\u00f4le\u017eit\u00e9&quot;","block_context":{"text":"D\u00f4le\u017eit\u00e9","link":"https:\/\/www.hornamicina.eu\/web\/category\/dolezite\/"},"img":{"alt_text":"Logo obce a dokumenty","src":"https:\/\/i0.wp.com\/www.hornamicina.eu\/web\/wp-content\/uploads\/2017\/07\/uznesenia.jpg?fit=530%2C530&ssl=1&resize=350%2C200","width":350,"height":200,"srcset":"https:\/\/i0.wp.com\/www.hornamicina.eu\/web\/wp-content\/uploads\/2017\/07\/uznesenia.jpg?fit=530%2C530&ssl=1&resize=350%2C200 1x, https:\/\/i0.wp.com\/www.hornamicina.eu\/web\/wp-content\/uploads\/2017\/07\/uznesenia.jpg?fit=530%2C530&ssl=1&resize=525%2C300 1.5x"},"classes":[]},{"id":4952,"url":"https:\/\/www.hornamicina.eu\/web\/verejna-vyhlaska-oznamenie-o-zacati-stavebneho-konania-obalovacka-asfaltovej-zmesi\/","url_meta":{"origin":5335,"position":2},"title":"Verejn\u00e1 vyhl\u00e1\u0161ka &#8211; ozn\u00e1menie o za\u010dat\u00ed stavebn\u00e9ho konania &#8211; Oba\u013eova\u010dka asfaltovej zmesi","author":"admin","date":"6. novembra 2024","format":false,"excerpt":"VEREJN\u00c1 VYHL\u00c1\u0160KA OZN\u00c1MENIE o za\u010dat\u00ed stavebn\u00e9ho konania a\u00a0upusten\u00ed od \u00fastneho pojedn\u00e1vania a\u00a0miestneho zis\u0165ovania Stavebn\u00edk, \u0160peci\u00e1lne zemn\u00e9 stavby SLOVKOREKT, spol. s.r.o., Pod Str\u00e1\u0148ami 4, 031 01 Liptovsk\u00fd Mikul\u00e1\u0161, v\u00a0zast\u00fapen\u00ed WD Slovensko, s.r.o., Ban\u00edcka 5, 969 01 Bansk\u00e1 \u0160tiavnica, podal d\u0148a 28.08.2024 a\u00a0naposledy doplnil d\u0148a 22.10.2024 na Obecn\u00fd \u00farad Horn\u00e1 Mi\u010din\u00e1 \u2013\u2026","rel":"","context":"V &quot;D\u00f4le\u017eit\u00e9&quot;","block_context":{"text":"D\u00f4le\u017eit\u00e9","link":"https:\/\/www.hornamicina.eu\/web\/category\/dolezite\/"},"img":{"alt_text":"Logo obce a dokumenty","src":"https:\/\/i0.wp.com\/www.hornamicina.eu\/web\/wp-content\/uploads\/2017\/07\/uznesenia.jpg?fit=530%2C530&ssl=1&resize=350%2C200","width":350,"height":200,"srcset":"https:\/\/i0.wp.com\/www.hornamicina.eu\/web\/wp-content\/uploads\/2017\/07\/uznesenia.jpg?fit=530%2C530&ssl=1&resize=350%2C200 1x, https:\/\/i0.wp.com\/www.hornamicina.eu\/web\/wp-content\/uploads\/2017\/07\/uznesenia.jpg?fit=530%2C530&ssl=1&resize=525%2C300 1.5x"},"classes":[]},{"id":5027,"url":"https:\/\/www.hornamicina.eu\/web\/oznam-precnievajuce-konare-a-udrzba-drevin\/","url_meta":{"origin":5335,"position":3},"title":"Oznam &#8211; pre\u010dnievaj\u00face kon\u00e1re a \u00fadr\u017eba drev\u00edn","author":"admin","date":"23. decembra 2024","format":false,"excerpt":"Obec Horn\u00e1 Mi\u010din\u00e1 upozor\u0148uje vlastn\u00edkov a spr\u00e1vcov pozemkov na ich povinnos\u0165 odstr\u00e1ni\u0165 pre\u010dnievaj\u00face kon\u00e1re, ktor\u00e9 zasahuj\u00fa do telesa cestnej komunik\u00e1cie a chodn\u00edkov a ohrozuj\u00fa tak verejn\u00e9 priestranstv\u00e1 a cestn\u00fa dopravu. Vyz\u00fdvame ob\u010danov na dodr\u017eiavanie z\u00e1konov a pravideln\u00fa \u00fadr\u017ebu drev\u00edn najm\u00e4 v obdob\u00ed vegeta\u010dn\u00e9ho pokoja, ktor\u00e1 je aktu\u00e1lne od 1. okt\u00f3bra\u2026","rel":"","context":"V &quot;D\u00f4le\u017eit\u00e9&quot;","block_context":{"text":"D\u00f4le\u017eit\u00e9","link":"https:\/\/www.hornamicina.eu\/web\/category\/dolezite\/"},"img":{"alt_text":"","src":"https:\/\/i0.wp.com\/www.hornamicina.eu\/web\/wp-content\/uploads\/2024\/12\/snehstromyludia.webp?fit=1200%2C686&ssl=1&resize=350%2C200","width":350,"height":200,"srcset":"https:\/\/i0.wp.com\/www.hornamicina.eu\/web\/wp-content\/uploads\/2024\/12\/snehstromyludia.webp?fit=1200%2C686&ssl=1&resize=350%2C200 1x, https:\/\/i0.wp.com\/www.hornamicina.eu\/web\/wp-content\/uploads\/2024\/12\/snehstromyludia.webp?fit=1200%2C686&ssl=1&resize=525%2C300 1.5x, https:\/\/i0.wp.com\/www.hornamicina.eu\/web\/wp-content\/uploads\/2024\/12\/snehstromyludia.webp?fit=1200%2C686&ssl=1&resize=700%2C400 2x, https:\/\/i0.wp.com\/www.hornamicina.eu\/web\/wp-content\/uploads\/2024\/12\/snehstromyludia.webp?fit=1200%2C686&ssl=1&resize=1050%2C600 3x"},"classes":[]},{"id":824,"url":"https:\/\/www.hornamicina.eu\/web\/zamer-najom-05-2018\/","url_meta":{"origin":5335,"position":4},"title":"Z\u00e1mer o n\u00e1jme po\u013enohospod\u00e1rskych pozemkov a ostatn\u00fdch pl\u00f4ch","author":"admin","date":"11. m\u00e1ja 2018","format":false,"excerpt":"Obec Horn\u00e1 Mi\u010din\u00e1 v zmysle \u00a79a ods. 8 p\u00edsm. e) z\u00e1kona \u010d. 138\/1991 Zb. o majetku obc\u00ed v znen\u00ed neskor\u0161\u00edch predpisov zverej\u0148uje z\u00e1mer o n\u00e1jme po\u013enohospod\u00e1rskych pozemkov vo vlastn\u00edctve obce: LV 417 - parcela EKN 357\/, 357\/2, 358\/1, 358\/2, 359\/1, 359\/2, 360\/, 360\/2, 360\/3, 361, 363, 364, 365, 993\/1, 993\/2,\u2026","rel":"","context":"V &quot;Elektronick\u00e1 \u00faradn\u00e1 tabu\u013ea&quot;","block_context":{"text":"Elektronick\u00e1 \u00faradn\u00e1 tabu\u013ea","link":"https:\/\/www.hornamicina.eu\/web\/category\/uradna-tabula\/"},"img":{"alt_text":"Logo obce a dokumenty","src":"https:\/\/i0.wp.com\/www.hornamicina.eu\/web\/wp-content\/uploads\/2017\/07\/uznesenia.jpg?fit=530%2C530&ssl=1&resize=350%2C200","width":350,"height":200,"srcset":"https:\/\/i0.wp.com\/www.hornamicina.eu\/web\/wp-content\/uploads\/2017\/07\/uznesenia.jpg?fit=530%2C530&ssl=1&resize=350%2C200 1x, https:\/\/i0.wp.com\/www.hornamicina.eu\/web\/wp-content\/uploads\/2017\/07\/uznesenia.jpg?fit=530%2C530&ssl=1&resize=525%2C300 1.5x"},"classes":[]},{"id":2798,"url":"https:\/\/www.hornamicina.eu\/web\/zverejnenie-zameru-predat-majetok-obce-p-milradova\/","url_meta":{"origin":5335,"position":5},"title":"Zverejnenie z\u00e1meru preda\u0165 majetok obce &#8211; p. Milr\u00e1dov\u00e1","author":"admin","date":"4. decembra 2021","format":false,"excerpt":"ZVEREJNENIE Z\u00c1MERU \u00a0 preda\u0165 ni\u017e\u0161ie identifikovan\u00fd majetok Obce Horn\u00e1 Mi\u010din\u00e1 z\u00a0d\u00f4vodu hodn\u00e9ho osobitn\u00e9ho zrete\u013ea \u00a0 Obec Horn\u00e1 Mi\u010din\u00e1 v\u00a0s\u00falade s ustanoveniami \u00a79 ods. 2 p\u00edsm. a) a \u00a7 9a ods. 8 p\u00edsm. e) z\u00e1kona \u010d. 138\/1991 Zb. o\u00a0majetku obc\u00ed v\u00a0znen\u00ed neskor\u0161\u00edch predpisov, t\u00fdmto zverej\u0148uje z\u00e1mer preda\u0165 predmetn\u00e9 pozemky z\u00a0d\u00f4vodu hodn\u00e9ho\u2026","rel":"","context":"V &quot;Elektronick\u00e1 \u00faradn\u00e1 tabu\u013ea&quot;","block_context":{"text":"Elektronick\u00e1 \u00faradn\u00e1 tabu\u013ea","link":"https:\/\/www.hornamicina.eu\/web\/category\/uradna-tabula\/"},"img":{"alt_text":"Logo obce a dokumenty","src":"https:\/\/i0.wp.com\/www.hornamicina.eu\/web\/wp-content\/uploads\/2017\/07\/uznesenia.jpg?fit=530%2C530&ssl=1&resize=350%2C200","width":350,"height":200,"srcset":"https:\/\/i0.wp.com\/www.hornamicina.eu\/web\/wp-content\/uploads\/2017\/07\/uznesenia.jpg?fit=530%2C530&ssl=1&resize=350%2C200 1x, https:\/\/i0.wp.com\/www.hornamicina.eu\/web\/wp-content\/uploads\/2017\/07\/uznesenia.jpg?fit=530%2C530&ssl=1&resize=525%2C300 1.5x"},"classes":[]}],"jetpack_likes_enabled":true,"_links":{"self":[{"href":"https:\/\/www.hornamicina.eu\/web\/wp-json\/wp\/v2\/posts\/5335","targetHints":{"allow":["GET"]}}],"collection":[{"href":"https:\/\/www.hornamicina.eu\/web\/wp-json\/wp\/v2\/posts"}],"about":[{"href":"https:\/\/www.hornamicina.eu\/web\/wp-json\/wp\/v2\/types\/post"}],"author":[{"embeddable":true,"href":"https:\/\/www.hornamicina.eu\/web\/wp-json\/wp\/v2\/users\/1"}],"replies":[{"embeddable":true,"href":"https:\/\/www.hornamicina.eu\/web\/wp-json\/wp\/v2\/comments?post=5335"}],"version-history":[{"count":1,"href":"https:\/\/www.hornamicina.eu\/web\/wp-json\/wp\/v2\/posts\/5335\/revisions"}],"predecessor-version":[{"id":5336,"href":"https:\/\/www.hornamicina.eu\/web\/wp-json\/wp\/v2\/posts\/5335\/revisions\/5336"}],"wp:featuredmedia":[{"embeddable":true,"href":"https:\/\/www.hornamicina.eu\/web\/wp-json\/wp\/v2\/media\/3704"}],"wp:attachment":[{"href":"https:\/\/www.hornamicina.eu\/web\/wp-json\/wp\/v2\/media?parent=5335"}],"wp:term":[{"taxonomy":"category","embeddable":true,"href":"https:\/\/www.hornamicina.eu\/web\/wp-json\/wp\/v2\/categories?post=5335"},{"taxonomy":"post_tag","embeddable":true,"href":"https:\/\/www.hornamicina.eu\/web\/wp-json\/wp\/v2\/tags?post=5335"}],"curies":[{"name":"wp","href":"https:\/\/api.w.org\/{rel}","templated":true}]}}