{"id":5293,"date":"2025-06-13T15:40:18","date_gmt":"2025-06-13T13:40:18","guid":{"rendered":"https:\/\/www.hornamicina.eu\/web\/?p=5293"},"modified":"2025-06-16T15:42:40","modified_gmt":"2025-06-16T13:42:40","slug":"uznesenia-zo-zasadnutia-oz-hm-konaneho-dna-2-6-2025","status":"publish","type":"post","link":"https:\/\/www.hornamicina.eu\/web\/uznesenia-zo-zasadnutia-oz-hm-konaneho-dna-2-6-2025\/","title":{"rendered":"Uznesenia zo zasadnutia OZ HM konan\u00e9ho d\u0148a 2.6.2025"},"content":{"rendered":"<p style=\"text-align: center;\"><strong>UZNESENIA <\/strong><\/p>\n<p style=\"text-align: center;\">zo zasadnutia obecn\u00e9ho zastupite\u013estva (\u010falej len OZ) obce Horn\u00e1 Mi\u010din\u00e1<\/p>\n<p style=\"text-align: center;\">konan\u00e9ho d\u0148a 2.6.2025 v\u00a0budove obecn\u00e9ho \u00faradu Horn\u00e1 Mi\u010din\u00e1 o\u00a017:00 hod.<\/p>\n<p style=\"text-align: center;\">\n<p style=\"text-align: center;\">PR\u00cdTOMN\u00cd POSLANCI: \u00a0\u00a0Michal Karkal\u00edk, \u00a0\u013dubom\u00edr \u010cerh\u00fd\u0148 ,Janka Baranov\u00e1 ,Teodor Bachleda (pr\u00edchod 17:30)<\/p>\n<p style=\"text-align: center;\">NEPR\u00cdTOMN\u00cd POSLANCI: \u00a0&#8211;\u00a0 Tibor Pip\u00ed\u0161ka<\/p>\n<p style=\"text-align: center;\">\n<p>&nbsp;<\/p>\n<p>uznesenie \u010d.73\/2025<\/p>\n<p>&nbsp;<\/p>\n<p><strong><u>K\u00a0bodu 2. Vo\u013eba n\u00e1vrhovej komisie, overovate\u013ea z\u00e1pisnice a\u00a0zapisovate\u013ea<\/u><\/strong><\/p>\n<p>&nbsp;<\/p>\n<p>OZ obce Horn\u00e1 Mi\u010din\u00e1<\/p>\n<p><strong><em>UR\u010cUJE:<\/em><\/strong><\/p>\n<ul>\n<li>do \u00a0n\u00e1vrhovej komisie\u00a0\u00a0 &#8211;\u00a0 Janka Baranov\u00e1 ,\u00a0Teodor Bachleda<\/li>\n<li>za overovate\u013ea z\u00e1pisnice &#8211; \u013dubom\u00edr \u010cerh\u00fd\u0148<\/li>\n<\/ul>\n<p>&#8211;\u00a0\u00a0\u00a0\u00a0\u00a0\u00a0 za zapisovate\u013ea z\u00e1pisnice \u2013 Michal Karkal\u00edk<\/p>\n<p>&nbsp;<\/p>\n<p>Pr\u00edtomn\u00ed poslanci\u00a0 na hlasovan\u00ed: Janka Baranov\u00e1,\u00a0 Michal Karkal\u00edk,\u00a0 \u013dubom\u00edr \u010cerh\u00fd\u0148<\/p>\n<p>&nbsp;<\/p>\n<p>Hlasovali za: (3 )<\/p>\n<p>proti: \u00a0(0)<\/p>\n<p>zdr\u017eali sa: (0 )<\/p>\n<p>&nbsp;<\/p>\n<p>uznesenie\u00a0 \u010d.74\/2025<\/p>\n<p>&nbsp;<\/p>\n<p><strong><u>k\u00a0bodu 3. Program obecn\u00e9ho zastupite\u013estva<\/u><\/strong><\/p>\n<p>&nbsp;<\/p>\n<p>&nbsp;<\/p>\n<p>OZ obce Horn\u00e1 Mi\u010din\u00e1<\/p>\n<p>&nbsp;<\/p>\n<p><strong><em>SCHVA\u013dUJE: <\/em><\/strong><\/p>\n<p><strong><em>program obecn\u00e9ho zastupite\u013estva <\/em><\/strong><\/p>\n<p><strong><u>\u00a0<\/u><\/strong><\/p>\n<p><strong>\u00a0\u00a0\u00a0\u00a0\u00a0\u00a0\u00a0\u00a0\u00a0\u00a0\u00a0\u00a0\u00a0\u00a0\u00a0\u00a0\u00a0\u00a0\u00a0\u00a0\u00a0\u00a0\u00a0\u00a0\u00a0\u00a0\u00a0\u00a0\u00a0\u00a0\u00a0\u00a0\u00a0\u00a0\u00a0\u00a0\u00a0\u00a0\u00a0\u00a0\u00a0\u00a0\u00a0\u00a0\u00a0\u00a0\u00a0\u00a0\u00a0\u00a0\u00a0 PROGRAM:<\/strong><\/p>\n<ol>\n<li><strong>Otvorenie OZ<\/strong><\/li>\n<li><strong>Vo\u013eba n\u00e1vrhovej komisie, overovate\u013ea z\u00e1pisnice a\u00a0zapisovate\u013ea<\/strong><\/li>\n<li><strong>Program obecn\u00e9ho zastupite\u013estva<\/strong><\/li>\n<li><strong>Kontrola plnenia prijat\u00fdch uznesen\u00ed OZ zo d\u0148a 13.3.2025 <\/strong><\/li>\n<li><strong>Spr\u00e1va HK o\u00a0v\u00fdsledku kontroly \u010d.2\/2025 \u2013 kontrola stavu a\u00a0vym\u00e1hania poh\u013ead\u00e1vok k\u00a031.12.2024<\/strong><\/li>\n<li><strong>Sp\u00e1va HK o\u00a0v\u00fdsledku kontroly \u010d.3\/2025-kontrola stavu a\u00a0evidencie z\u00e1v\u00e4zkov obce k\u00a031.12.2024<\/strong><\/li>\n<li><strong>Spr\u00e1va HK o\u00a0v\u00fdsledku kontroly \u010d.4\/2025-kontrola spr\u00e1vnosti vedenia evidencie s\u0165a\u017enost\u00ed v\u00a0zmysle \u010dl.3 ods.8,smernice o\u00a0vybavovan\u00ed s\u0165a\u017enost\u00ed \u010d.1\/2017 za 1.\u0161tvr\u0165rok 2025<\/strong><\/li>\n<li><strong>Preverenie stavu a\u00a0v\u00fdvoja dlhu obce Horn\u00e1 Mi\u010din\u00e1 k\u00a031.3.2025<\/strong><\/li>\n<li><strong>N\u00e1vrh pl\u00e1nu kontrolnej \u010dinnosti HK obce na 2.polrok 2025<\/strong><\/li>\n<li><strong>Stanovisko HK obce k\u00a0z\u00e1vere\u010dn\u00e9mu \u00fa\u010dtu obce za r. 2024<\/strong><\/li>\n<li><strong>Z\u00e1vere\u010dn\u00fd \u00fa\u010det obce za r.2024<\/strong><\/li>\n<li><strong>\u017diados\u0165 obce Rie\u010dka o\u00a0prist\u00fapenie k\u00a0spolo\u010dn\u00e9mu obecn\u00e9mu \u00faradu Hrocho\u0165 ( stavebn\u00fd \u00farad )<\/strong><\/li>\n<li><strong>\u017diados\u0165 p.L\u00edvie Kokovej o\u00a0pren\u00e1jom \u010dasti pozemku na parc. E-KN \u010d.225\/8 o\u00a0v\u00fdmere 18423 m2 vo vlastn\u00edctve obce za \u00fa\u010delom parkovania osobn\u00e9ho motorov\u00e9ho vozidla<\/strong><\/li>\n<li><strong>\u017diados\u0165 p.Milana Danka o\u00a0pren\u00e1jom \u010dasti pozemku na parc.E-KN 225\/8 o\u00a0v\u00fdmere 18423 m2 vo vlastn\u00edctve obce za \u00fa\u010delom parkovania osobn\u00fdch motorov\u00fdch vozidiel.<\/strong><\/li>\n<li><strong>\u017diados\u0165 p.Zuzany Krn\u00e1\u010d o preplatenie \u010dasti n\u00e1kladov spojen\u00fdch s\u00a0rekon\u0161trukciou nehnute\u013enosti budovy v\u00a0parku ( potraviny ),ktor\u00e9 zostan\u00fa v\u00a0majetku obce<\/strong><\/li>\n<li><strong>R\u00f4zne<\/strong><\/li>\n<li><strong>Diskusia<\/strong><\/li>\n<li><strong>Z\u00e1ver<\/strong><\/li>\n<\/ol>\n<p><strong>\u00a0<\/strong><\/p>\n<p>Pr\u00edtomn\u00ed poslanci\u00a0 na hlasovan\u00ed: Janka Baranov\u00e1,\u00a0 Michal Karkal\u00edk,\u00a0 \u013dubom\u00edr \u010cerh\u00fd\u0148<\/p>\n<p>&nbsp;<\/p>\n<p>Hlasovali za: (3 )<\/p>\n<p>proti:\u00a0 (0)<\/p>\n<p>zdr\u017eali sa: (0 )<\/p>\n<p><strong><u>\u00a0<\/u><\/strong><\/p>\n<p><strong>\u00a0\u00a0\u00a0\u00a0\u00a0\u00a0\u00a0\u00a0\u00a0\u00a0\u00a0\u00a0\u00a0\u00a0\u00a0\u00a0\u00a0\u00a0\u00a0\u00a0\u00a0\u00a0\u00a0\u00a0\u00a0\u00a0\u00a0\u00a0\u00a0\u00a0\u00a0\u00a0\u00a0\u00a0\u00a0\u00a0\u00a0\u00a0\u00a0\u00a0\u00a0\u00a0\u00a0\u00a0\u00a0\u00a0\u00a0\u00a0\u00a0\u00a0\u00a0\u00a0\u00a0\u00a0\u00a0\u00a0\u00a0\u00a0\u00a0\u00a0\u00a0\u00a0\u00a0\u00a0\u00a0\u00a0\u00a0 <\/strong><\/p>\n<p><strong>\u00a0\u00a0\u00a0\u00a0\u00a0\u00a0\u00a0\u00a0\u00a0\u00a0\u00a0\u00a0\u00a0\u00a0\u00a0\u00a0\u00a0\u00a0\u00a0\u00a0\u00a0\u00a0\u00a0\u00a0\u00a0\u00a0\u00a0\u00a0\u00a0\u00a0\u00a0\u00a0\u00a0\u00a0\u00a0\u00a0\u00a0\u00a0\u00a0\u00a0\u00a0\u00a0\u00a0\u00a0\u00a0\u00a0\u00a0\u00a0\u00a0\u00a0\u00a0\u00a0\u00a0\u00a0\u00a0\u00a0\u00a0\u00a0\u00a0\u00a0\u00a0\u00a0\u00a0\u00a0\u00a0\u00a0\u00a0\u00a0\u00a0 <\/strong>uznesenie\u00a0 \u010d.75\/2025<\/p>\n<p><strong><u>\u00a0<\/u><\/strong><\/p>\n<p><strong><u>k\u00a0bodu 4.<\/u><\/strong><strong><u> Kontrola plnenia prijat\u00fdch uznesen\u00ed OZ zo d\u0148a 13.3.2025<\/u><\/strong><\/p>\n<p><strong><u>\u00a0<\/u><\/strong><\/p>\n<p>OZ obce Horn\u00e1 Mi\u010din\u00e1<\/p>\n<p>&nbsp;<\/p>\n<p><strong><em>Berie na vedomie<\/em><\/strong><\/p>\n<p>Kontrolu plnenia uznesen\u00ed OZ d\u0148a 13.3.2025<\/p>\n<p>&nbsp;<\/p>\n<p>Pr\u00edtomn\u00ed poslanci\u00a0 na hlasovan\u00ed: Janka Baranov\u00e1,\u00a0 Michal Karkal\u00edk,\u00a0 \u013dubom\u00edr \u010cerh\u00fd\u0148<\/p>\n<p>&nbsp;<\/p>\n<p>Hlasovali za: (3 )<\/p>\n<p>proti:\u00a0 (0)<\/p>\n<p>zdr\u017eali sa: (0 )<\/p>\n<p>&nbsp;<\/p>\n<p>uznesenie\u00a0 \u010d.76\/2025<\/p>\n<p>&nbsp;<\/p>\n<p><strong><u>k\u00a0bodu 5.<\/u><\/strong><strong><u> Spr\u00e1va HK o\u00a0v\u00fdsledku kontroly \u010d.2\/2025 \u2013 kontrola stavu a\u00a0vym\u00e1hania poh\u013ead\u00e1vok k\u00a031.12.2024<\/u><\/strong><\/p>\n<p><strong><u>\u00a0<\/u><\/strong><\/p>\n<p>OZ obce Horn\u00e1 Mi\u010din\u00e1<\/p>\n<p>&nbsp;<\/p>\n<p><strong><em>Berie na vedomie<\/em><\/strong><\/p>\n<p>Spr\u00e1vu HK o\u00a0v\u00fdsledku kontroly \u010d.2\/2025 \u2013 kontrola stavu a\u00a0vym\u00e1hania poh\u013ead\u00e1vok k\u00a031.12.2024<\/p>\n<p>&nbsp;<\/p>\n<p>Pr\u00edtomn\u00ed poslanci\u00a0 na hlasovan\u00ed: Janka Baranov\u00e1,\u00a0 Michal Karkal\u00edk,\u00a0 \u013dubom\u00edr \u010cerh\u00fd\u0148<\/p>\n<p>&nbsp;<\/p>\n<p>Hlasovali za: (3 )<\/p>\n<p>proti:\u00a0 (0)<\/p>\n<p>zdr\u017eali sa: (0 )<\/p>\n<p><strong><u>\u00a0<\/u><\/strong><\/p>\n<p><strong><u>\u00a0<\/u><\/strong><\/p>\n<p><strong><u>\u00a0<\/u><\/strong><\/p>\n<p>uznesenie\u00a0 \u010d.77\/2025<\/p>\n<p>&nbsp;<\/p>\n<p>&nbsp;<\/p>\n<p><strong><u>k\u00a0bodu 6.<\/u><\/strong><strong><u> Sp\u00e1va HK o\u00a0v\u00fdsledku kontroly \u010d.3\/2025-kontrola stavu a\u00a0evidencie z\u00e1v\u00e4zkov obce k\u00a031.12.2024<\/u><\/strong><\/p>\n<p><strong><u>\u00a0<\/u><\/strong><\/p>\n<p><strong><u>\u00a0<\/u><\/strong><\/p>\n<p>OZ obce Horn\u00e1 Mi\u010din\u00e1<\/p>\n<p>&nbsp;<\/p>\n<p><strong><em>Berie na vedomie<\/em><\/strong><\/p>\n<p>Spr\u00e1vu HK o\u00a0v\u00fdsledku kontroly \u010d.3\/2025-kontrola stavu a\u00a0evidencie z\u00e1v\u00e4zkov obce k\u00a031.12.2024<\/p>\n<p>&nbsp;<\/p>\n<p>Pr\u00edtomn\u00ed poslanci\u00a0 na hlasovan\u00ed: Janka Baranov\u00e1,\u00a0 Michal Karkal\u00edk,\u00a0 \u013dubom\u00edr \u010cerh\u00fd\u0148<\/p>\n<p>&nbsp;<\/p>\n<p>Hlasovali za: (3 )<\/p>\n<p>proti:\u00a0 (0)<\/p>\n<p>zdr\u017eali sa: (0 )<\/p>\n<p><strong><u>\u00a0<\/u><\/strong><\/p>\n<p><strong><u>\u00a0<\/u><\/strong><\/p>\n<p><strong><u>\u00a0<\/u><\/strong><\/p>\n<p>uznesenie\u00a0 \u010d.78\/2025<\/p>\n<p><strong><u>\u00a0<\/u><\/strong><\/p>\n<p><strong><u>\u00a0<\/u><\/strong><\/p>\n<p><strong><u>k\u00a0bodu 7.<\/u><\/strong><strong><u> Spr\u00e1va HK o\u00a0v\u00fdsledku kontroly \u010d.4\/2025-kontrola spr\u00e1vnosti vedenia evidencie s\u0165a\u017enost\u00ed v\u00a0zmysle \u010dl.3 ods.8,smernice o\u00a0vybavovan\u00ed s\u0165a\u017enost\u00ed \u010d.1\/2017 za 1.\u0161tvr\u0165rok 2025<\/u><\/strong><\/p>\n<p><strong><u>\u00a0<\/u><\/strong><\/p>\n<p><strong><u>\u00a0<\/u><\/strong><\/p>\n<p>OZ obce Horn\u00e1 Mi\u010din\u00e1<\/p>\n<p>&nbsp;<\/p>\n<p><strong><em>Berie na vedomie<\/em><\/strong><\/p>\n<ol>\n<li>Spr\u00e1vu HK o\u00a0v\u00fdsledku kontroly \u010d.4\/2025-kontrola spr\u00e1vnosti vedenia evidencie s\u0165a\u017enost\u00ed v\u00a0zmysle \u010dl.3 ods.8,smernice o\u00a0vybavovan\u00ed s\u0165a\u017enost\u00ed \u010d.1\/2017 za 1.\u0161tvr\u0165rok 2025<\/li>\n<\/ol>\n<p>&nbsp;<\/p>\n<p>&nbsp;<\/p>\n<p>Pr\u00edtomn\u00ed poslanci\u00a0 na hlasovan\u00ed: Janka Baranov\u00e1,\u00a0 Michal Karkal\u00edk,\u00a0 \u013dubom\u00edr \u010cerh\u00fd\u0148<\/p>\n<p>&nbsp;<\/p>\n<p>Hlasovali za: (3 )<\/p>\n<p>proti:\u00a0 (0)<\/p>\n<p>zdr\u017eali sa: (0 )<\/p>\n<p><strong><u>\u00a0<\/u><\/strong><\/p>\n<p><strong><u>\u00a0<\/u><\/strong><\/p>\n<p><strong><u>\u00a0<\/u><\/strong><\/p>\n<p>uznesenie\u00a0 \u010d.79\/2025<\/p>\n<p><strong><u>\u00a0<\/u><\/strong><\/p>\n<p><strong><u>\u00a0<\/u><\/strong><\/p>\n<p><strong><u>k\u00a0bodu 8.<\/u><\/strong><strong><u> Preverenie stavu a\u00a0v\u00fdvoja dlhu obce Horn\u00e1 Mi\u010din\u00e1 k\u00a031.3.2025<\/u><\/strong><\/p>\n<p><strong><u>\u00a0<\/u><\/strong><\/p>\n<p><strong><u>\u00a0<\/u><\/strong><\/p>\n<p>OZ obce Horn\u00e1 Mi\u010din\u00e1<\/p>\n<p>&nbsp;<\/p>\n<p><strong><em>Berie na vedomie<\/em><\/strong><\/p>\n<p>Preverenie stavu a\u00a0v\u00fdvoja dlhu obce Horn\u00e1 Mi\u010din\u00e1 k\u00a031.3.2025<\/p>\n<p>&nbsp;<\/p>\n<p>Pr\u00edtomn\u00ed poslanci\u00a0 na hlasovan\u00ed: Janka Baranov\u00e1,\u00a0 Michal Karkal\u00edk,\u00a0 \u013dubom\u00edr \u010cerh\u00fd\u0148<\/p>\n<p>&nbsp;<\/p>\n<p>Hlasovali za: (3 )<\/p>\n<p>proti:\u00a0 (0)<\/p>\n<p>zdr\u017eali sa: (0 )<\/p>\n<p><strong><u>\u00a0<\/u><\/strong><\/p>\n<p><strong><u>\u00a0<\/u><\/strong><\/p>\n<p><strong><u>\u00a0<\/u><\/strong><\/p>\n<p>uznesenie\u00a0 \u010d.80\/2025<\/p>\n<p><strong><u>\u00a0<\/u><\/strong><\/p>\n<p><strong><u>\u00a0<\/u><\/strong><\/p>\n<p><strong><u>k\u00a0bodu 9.<\/u><\/strong><strong><u> N\u00e1vrh pl\u00e1nu kontrolnej \u010dinnosti HK obce na 2.polrok 2025<\/u><\/strong><\/p>\n<p><strong><u>\u00a0<\/u><\/strong><\/p>\n<p><strong><u>\u00a0<\/u><\/strong><\/p>\n<p>OZ obce Horn\u00e1 Mi\u010din\u00e1<\/p>\n<p>&nbsp;<\/p>\n<p><strong><em>Schva\u013euje<\/em><\/strong><\/p>\n<p>N\u00e1vrh pl\u00e1nu kontrolnej \u010dinnosti HK obce na 2.polrok 2025<\/p>\n<p>&nbsp;<\/p>\n<p><strong><u>\u00a0<\/u><\/strong><\/p>\n<p>Pr\u00edtomn\u00ed poslanci\u00a0 na hlasovan\u00ed: Janka Baranov\u00e1,\u00a0 Michal Karkal\u00edk,\u00a0 \u013dubom\u00edr \u010cerh\u00fd\u0148<\/p>\n<p>&nbsp;<\/p>\n<p>Hlasovali za: (3 )<\/p>\n<p>proti:\u00a0 (0)<\/p>\n<p>zdr\u017eali sa: (0 )<\/p>\n<p><strong><u>\u00a0<\/u><\/strong><\/p>\n<p><strong><u>\u00a0<\/u><\/strong><\/p>\n<p><strong><u>\u00a0<\/u><\/strong><\/p>\n<p>uznesenie\u00a0 \u010d.81\/2025<\/p>\n<p><strong><u>\u00a0<\/u><\/strong><\/p>\n<p><strong><u>k\u00a0bodu 10. a\u00a011.<\/u><\/strong><strong><u> Stanovisko HK obce k\u00a0z\u00e1vere\u010dn\u00e9mu \u00fa\u010dtu obce za r. 2024 a\u00a0Z\u00e1vere\u010dn\u00fd \u00fa\u010det za r.2024<\/u><\/strong><\/p>\n<p><strong><u>\u00a0<\/u><\/strong><\/p>\n<p><strong><u>\u00a0<\/u><\/strong><\/p>\n<p>OZ obce Horn\u00e1 Mi\u010din\u00e1<\/p>\n<p>&nbsp;<\/p>\n<ol>\n<li><strong><em>Berie na vedomie<\/em><\/strong><\/li>\n<\/ol>\n<p>stanovisko hlavn\u00e9ho kontrol\u00f3ra obce k\u00a0z\u00e1vere\u010dn\u00e9mu \u00fa\u010dtu<\/p>\n<p>&nbsp;<\/p>\n<ol start=\"2\">\n<li><strong>Schva\u013euje<\/strong><\/li>\n<\/ol>\n<p>a, Z\u00e1vere\u010dn\u00fd \u00fa\u010det obce za r.2024<\/p>\n<p>b, celoro\u010dn\u00e9 hospod\u00e1renie obce bez v\u00fdhrad<\/p>\n<p>c, Nepovinn\u00fa tvorbu rezervn\u00e9ho fondu vo v\u00fd\u0161ke 36\u00a0521,88 eur<\/p>\n<ol start=\"3\">\n<li><strong>Potvrdzuje<\/strong><\/li>\n<\/ol>\n<p>Schodok hospod\u00e1renia vo v\u00fd\u0161ke 85\u00a0562,34 eur<\/p>\n<p>&nbsp;<\/p>\n<p>Pr\u00edtomn\u00ed poslanci\u00a0 na hlasovan\u00ed: Janka Baranov\u00e1, Teodor Bachleda, Michal Karkal\u00edk,\u00a0 \u013dubom\u00edr \u010cerh\u00fd\u0148<\/p>\n<p>&nbsp;<\/p>\n<p>Hlasovali za: (4 )<\/p>\n<p>proti:\u00a0 (0)<\/p>\n<p>zdr\u017eali sa: (0 )<\/p>\n<p><strong><u>\u00a0<\/u><\/strong><\/p>\n<p><strong><u>\u00a0<\/u><\/strong><\/p>\n<p><strong><u>\u00a0<\/u><\/strong><\/p>\n<p>uznesenie\u00a0 \u010d.82\/2025<\/p>\n<p><strong><u>\u00a0<\/u><\/strong><\/p>\n<p><strong><u>k\u00a0bodu 12.<\/u><\/strong><strong><u> \u017diados\u0165 obce Rie\u010dka o\u00a0prist\u00fapenie\u00a0 k\u00a0spolo\u010dn\u00e9mu obecn\u00e9mu \u00faradu Hrocho\u0165 ( stavebn\u00fd \u00farad )<\/u><\/strong><\/p>\n<p><strong><u>\u00a0<\/u><\/strong><\/p>\n<p><strong><u>\u00a0<\/u><\/strong><\/p>\n<p>OZ obce Horn\u00e1 Mi\u010din\u00e1<\/p>\n<p>&nbsp;<\/p>\n<p><strong><em>Schva\u013euje<\/em><\/strong><\/p>\n<p><strong><u>\u00a0<\/u><\/strong><\/p>\n<p>Dodatok \u010d.2 k\u00a0zmluve o\u00a0zriaden\u00ed spolo\u010dn\u00e9ho obecn\u00e9ho \u00faradu uzatvoren\u00fa pod\u013ea \u00a7 20 a\u00a0z\u00e1kona \u010d.369\/1990 Zb. Z\u00e1kona Slovenskej n\u00e1rodnej rady o\u00a0obecnom zriaden\u00ed o\u00a0prist\u00fapen\u00ed obce Rie\u010dka k\u00a0spolo\u010dn\u00e9mu obecn\u00e9mu \u00faradu.<\/p>\n<p><strong><u>\u00a0<\/u><\/strong><\/p>\n<p>Pr\u00edtomn\u00ed poslanci\u00a0 na hlasovan\u00ed: Janka Baranov\u00e1,Teodor Bachleda,\u00a0 Michal Karkal\u00edk,\u00a0 \u013dubom\u00edr \u010cerh\u00fd\u0148<\/p>\n<p>&nbsp;<\/p>\n<p>Hlasovali za: (4 )<\/p>\n<p>proti:\u00a0 (0)<\/p>\n<p>zdr\u017eali sa: (0 )<\/p>\n<p><strong><u>\u00a0<\/u><\/strong><\/p>\n<p><strong><u>\u00a0<\/u><\/strong><\/p>\n<p><strong><u>\u00a0<\/u><\/strong><\/p>\n<p>uznesenie\u00a0 \u010d.83\/2025<\/p>\n<p><strong><u>\u00a0<\/u><\/strong><\/p>\n<p><strong><u>\u00a0<\/u><\/strong><\/p>\n<p><strong><u>k\u00a0bodu 13.<\/u><\/strong><strong><u> \u017diados\u0165 p.L\u00edvie Kokovej o\u00a0pren\u00e1jom \u010dasti pozemku na parc. E-KN \u010d.225\/8 o\u00a0v\u00fdmere 18423 m2 vo vlastn\u00edctve obce za \u00fa\u010delom parkovania osobn\u00e9ho motorov\u00e9ho vozidla<\/u><\/strong><\/p>\n<p><strong><u>\u00a0<\/u><\/strong><\/p>\n<p><strong><u>\u00a0<\/u><\/strong><\/p>\n<p>OZ obce Horn\u00e1 Mi\u010din\u00e1<\/p>\n<p>&nbsp;<\/p>\n<p><strong><em>Berie na vedomie<\/em><\/strong><\/p>\n<p><strong><u>\u00a0<\/u><\/strong><\/p>\n<p>\u017diados\u0165 p.L\u00edvie Kokovej o\u00a0pren\u00e1jom \u010dasti pozemku na parc. E-KN \u010d.225\/8 o\u00a0v\u00fdmere 18423 m2 vo vlastn\u00edctve obce za \u00fa\u010delom parkovania osobn\u00e9ho motorov\u00e9ho vozidla<\/p>\n<p><strong><u>\u00a0<\/u><\/strong><\/p>\n<p><strong><u>\u00a0<\/u><\/strong><\/p>\n<p>Pr\u00edtomn\u00ed poslanci\u00a0 na hlasovan\u00ed: Janka Baranov\u00e1,Teodor Bachleda,\u00a0 Michal Karkal\u00edk,\u00a0 \u013dubom\u00edr \u010cerh\u00fd\u0148<\/p>\n<p>&nbsp;<\/p>\n<p>Hlasovali za: (4 )<\/p>\n<p>proti:\u00a0 (0)<\/p>\n<p>zdr\u017eali sa: (0 )<\/p>\n<p><strong><u>\u00a0<\/u><\/strong><\/p>\n<p><strong><u>\u00a0<\/u><\/strong><\/p>\n<p>uznesenie\u00a0 \u010d.84\/2025<\/p>\n<p><strong><u>\u00a0<\/u><\/strong><\/p>\n<p><strong><u>\u00a0<\/u><\/strong><\/p>\n<p><strong><u>k\u00a0bodu 14.<\/u><\/strong><strong><u> \u017diados\u0165 p.Milana\u00a0 Danka o\u00a0pren\u00e1jom \u010dasti pozemku na parc.E-KN 225\/8 o\u00a0v\u00fdmere 18423 m2 vo vlastn\u00edctve obce za \u00fa\u010delom parkovania osobn\u00fdch motorov\u00fdch vozidiel.<\/u><\/strong><\/p>\n<p><strong><u>\u00a0<\/u><\/strong><\/p>\n<p><strong><u>\u00a0<\/u><\/strong><\/p>\n<p>OZ obce Horn\u00e1 Mi\u010din\u00e1<\/p>\n<p>&nbsp;<\/p>\n<p><strong><em>Berie na vedomie<\/em><\/strong><\/p>\n<p><strong><em>\u00a0<\/em><\/strong><\/p>\n<p>\u017diados\u0165 p.Milana\u00a0 Danka o\u00a0pren\u00e1jom \u010dasti pozemku na parc.E-KN 225\/8 o\u00a0v\u00fdmere 18423 m2 vo vlastn\u00edctve obce za \u00fa\u010delom parkovania osobn\u00fdch motorov\u00fdch vozidiel.<\/p>\n<p><strong><u>\u00a0<\/u><\/strong><\/p>\n<p><strong><u>\u00a0<\/u><\/strong><\/p>\n<p>Pr\u00edtomn\u00ed poslanci\u00a0 na hlasovan\u00ed: Janka Baranov\u00e1,Teodor Bachleda,\u00a0 Michal Karkal\u00edk,\u00a0 \u013dubom\u00edr \u010cerh\u00fd\u0148<\/p>\n<p>&nbsp;<\/p>\n<p>Hlasovali za: (4)<\/p>\n<p>proti:\u00a0 (0)<\/p>\n<p>zdr\u017eali sa: (0 )<\/p>\n<p><strong><u>\u00a0<\/u><\/strong><\/p>\n<p><strong><u>\u00a0<\/u><\/strong><\/p>\n<p><strong><u>\u00a0<\/u><\/strong><\/p>\n<p>uznesenie\u00a0 \u010d.85\/2025<\/p>\n<p><strong><u>\u00a0<\/u><\/strong><\/p>\n<p><strong><u>\u00a0<\/u><\/strong><\/p>\n<p><strong><u>k\u00a0bodu 15.<\/u><\/strong><strong><u> \u017diados\u0165 p.Zuzany Krn\u00e1\u010d o preplatenie \u010dasti n\u00e1kladov spojen\u00fdch s\u00a0rekon\u0161trukciou nehnute\u013enosti budovy v\u00a0parku ( potraviny ),ktor\u00e9 zostan\u00fa v\u00a0majetku obce<\/u><\/strong><\/p>\n<p><strong><u>\u00a0<\/u><\/strong><\/p>\n<p><strong><u>\u00a0<\/u><\/strong><\/p>\n<p>OZ obce Horn\u00e1 Mi\u010din\u00e1<\/p>\n<p>&nbsp;<\/p>\n<p><strong><em>Schva\u013euje<\/em><\/strong><\/p>\n<p><strong><u>\u00a0<\/u><\/strong><\/p>\n<p>\u017diados\u0165 p.Zuzany Krn\u00e1\u010d o preplatenie \u010dasti n\u00e1kladov spojen\u00fdch s\u00a0rekon\u0161trukciou nehnute\u013enosti budovy v\u00a0parku ( potraviny ),ktor\u00e9 zostan\u00fa v\u00a0majetku obce.Hodnota vy\u010d\u00edslen\u00fdch n\u00e1kladov na preplatenie,ktor\u00e9 zostan\u00fa v\u00a0majetku obce je 3200.-eur bez DPH<\/p>\n<p>&nbsp;<\/p>\n<p>Pr\u00edtomn\u00ed poslanci\u00a0 na hlasovan\u00ed: Janka Baranov\u00e1,Teodor Bachleda,\u00a0 Michal Karkal\u00edk,\u00a0 \u013dubom\u00edr \u010cerh\u00fd\u0148<\/p>\n<p>&nbsp;<\/p>\n<p>Hlasovali za: (4 )<\/p>\n<p>proti:\u00a0 (0)<\/p>\n<p>zdr\u017eali sa: (0 )<\/p>\n<p>&nbsp;<\/p>\n<p><strong><u>\u00a0<\/u><\/strong><\/p>\n<p><strong>\u00a0\u00a0\u00a0\u00a0\u00a0\u00a0\u00a0\u00a0\u00a0\u00a0\u00a0\u00a0\u00a0\u00a0\u00a0\u00a0\u00a0\u00a0\u00a0\u00a0\u00a0\u00a0\u00a0\u00a0\u00a0\u00a0\u00a0\u00a0\u00a0\u00a0\u00a0\u00a0\u00a0\u00a0\u00a0\u00a0\u00a0\u00a0\u00a0\u00a0\u00a0\u00a0\u00a0\u00a0\u00a0\u00a0\u00a0\u00a0\u00a0\u00a0\u00a0\u00a0\u00a0\u00a0\u00a0\u00a0\u00a0\u00a0\u00a0\u00a0\u00a0\u00a0\u00a0\u00a0\u00a0\u00a0\u00a0\u00a0\u00a0\u00a0\u00a0\u00a0\u00a0\u00a0\u00a0\u00a0\u00a0\u00a0 <\/strong>uznesenie\u00a0 \u010d.86\/2025<\/p>\n<p><strong><u>\u00a0<\/u><\/strong><\/p>\n<p><strong><u>k\u00a0bodu 16.R\u00f4zne<\/u><\/strong><\/p>\n<p><strong><u>\u00a0<\/u><\/strong><\/p>\n<p>OZ obce Horn\u00e1 Mi\u010din\u00e1<\/p>\n<p>&nbsp;<\/p>\n<p><strong><em>Berie na vedomie<\/em><\/strong><\/p>\n<p><strong><u>\u00a0<\/u><\/strong><\/p>\n<p>Starosta obce informoval poslancov a\u00a0ob\u010danov obce o\u00a0dian\u00ed a\u00a0pr\u00e1cach v\u00a0obci:<\/p>\n<ul>\n<li>Prebehol zber nadrozmern\u00e9ho odpadu a\u00a0elektro odpadu<\/li>\n<li>Prebehla brig\u00e1da za \u010dist\u00fd chot\u00e1r organizovan\u00e1 KST,TJ a\u00a0obcou Horn\u00e1 Mi\u010din\u00e1 \u2013 tu treba poveda\u0165,ke\u010f\u017ee sa na to p\u00fdtali niektor\u00ed ob\u010dania obce,\u017ee n\u00e1klady na odvoz odpadu,likvid\u00e1ciu odpadu na skl\u00e1dke odpadov a\u00a0ob\u010derstvenie pre ob\u010danov uhradila obec.<\/li>\n<li>Boli pokosen\u00e9 obecn\u00e9 pozemky,evanjel. a\u00a0katol.cintor\u00edn,n\u00e1dr\u017e,potok v\u00a0obci,park,okolie OU<\/li>\n<li>Boli vysaden\u00e9 kvety v\u00a0obci ako aj na obecnom \u00farade<\/li>\n<li>Prebehol \u00faspe\u0161ne MDD,pri tejto pr\u00edle\u017eitosti bolo sl\u00e1vnostne otvoren\u00e9 Ihrisko pre ka\u017ed\u00e9 die\u0165a pri obecnom \u00farade.Po\u010fakovanie patr\u00ed v\u0161etk\u00fdm,ktor\u00fd sa tejto akcie z\u00fa\u010dastnili a\u00a0hlavne t\u00fdm,\u010do t\u00fato akciu pripravili.<\/li>\n<li>Prebiehaj\u00fa pr\u00e1ce v\u00a0budove v\u00a0parku na rekon\u0161trukcii soci\u00e1lnych zariaden\u00ed (WC)<\/li>\n<li>Da\u0148ovn\u00edci,ktor\u00fd nemaj\u00fa zaplaten\u00e9 dane za predch\u00e1dzaj\u00face obdobia,dostan\u00fa najbli\u017e\u0161iu dobu v\u00fdzvu na zaplatenie a\u00a0v\u00a0pr\u00edpade \u017ee sa tak nestane,budeme to rie\u0161i\u0165 z\u00e1konn\u00fdm sp\u00f4sobom,napr. (exek\u00faciou) a\u00a0pod.<\/li>\n<\/ul>\n<p><strong><u>\u00a0<\/u><\/strong><\/p>\n<p><strong><u>\u00a0<\/u><\/strong><\/p>\n<p><strong><u>\u00a0<\/u><\/strong><\/p>\n<p>Pr\u00edtomn\u00ed poslanci\u00a0 na hlasovan\u00ed: Janka Baranov\u00e1,Teodor Bachleda,\u00a0 Michal Karkal\u00edk,\u00a0 \u013dubom\u00edr \u010cerh\u00fd\u0148<\/p>\n<p>&nbsp;<\/p>\n<p>Hlasovali za: (4 )<\/p>\n<p>proti:\u00a0 (0)<\/p>\n<p>zdr\u017eali sa: (0 )<\/p>\n<p><strong><u>\u00a0<\/u><\/strong><\/p>\n<p><strong><u>\u00a0<\/u><\/strong><\/p>\n<p>uznesenie\u00a0 \u010d.87\/2025<\/p>\n<p><strong><u>\u00a0<\/u><\/strong><\/p>\n<p><strong><u>\u00a0<\/u><\/strong><\/p>\n<p><strong><u>k\u00a0bodu 17.Diskusia<\/u><\/strong><\/p>\n<p><strong><u>\u00a0<\/u><\/strong><\/p>\n<p>OZ obce Horn\u00e1 Mi\u010din\u00e1<\/p>\n<p>&nbsp;<\/p>\n<p><strong><em>Berie na vedomie<\/em><\/strong><\/p>\n<p><strong><u>\u00a0<\/u><\/strong><\/p>\n<p>Diskusn\u00e9 pr\u00edspevky ob\u010danov obce<\/p>\n<p>T.Martinec \u2013 po\u010fakovanie za \u00fa\u010das\u0165 na brig\u00e1de<\/p>\n<p>&#8211; vy\u010disti\u0165 e\u0161te katol\u00edcky cintor\u00edn<\/p>\n<p>&#8211; na Kr\u00ed\u017e zas niekto vyviezol odpad<\/p>\n<p>&#8211; ihrisko nov\u00e9 ohradi\u0165 vyb\u00e1grovan\u00fa \u010das\u0165 p\u00e1skou<\/p>\n<p>B.Martinec \u2013 \u010cas\u0165 Hnilisko,ako je to s\u00a0n\u00e1jmom obecn\u00fdch priestorov<\/p>\n<p><strong><u>\u00a0<\/u><\/strong><\/p>\n<p><strong><u>\u00a0<\/u><\/strong><\/p>\n<p>Pr\u00edtomn\u00ed poslanci\u00a0 na hlasovan\u00ed: Janka Baranov\u00e1,Teodor Bachleda,\u00a0 Michal Karkal\u00edk,\u00a0 \u013dubom\u00edr \u010cerh\u00fd\u0148<\/p>\n<p>&nbsp;<\/p>\n<p>Hlasovali za: (4 )<\/p>\n<p>proti:\u00a0 (0)<\/p>\n<p>zdr\u017eali sa: (0 )<\/p>\n<p><strong><u>\u00a0<\/u><\/strong><\/p>\n<p><strong><u>\u00a0<\/u><\/strong><\/p>\n<p><strong><u>k\u00a0bodu 18. Z\u00e1ver<\/u><\/strong><\/p>\n<p>starosta po\u010fakoval poslancom OZ a\u00a0pr\u00edtomn\u00fdm ob\u010danom za \u00fa\u010das\u0165 a\u00a0ukon\u010dil rokovanie OZ<\/p>\n<p><strong><u>\u00a0<\/u><\/strong><\/p>\n","protected":false},"excerpt":{"rendered":"UZNESENIA zo zasadnutia obecn\u00e9ho zastupite\u013estva (\u010falej len OZ) obce Horn\u00e1 Mi\u010din\u00e1 konan\u00e9ho d\u0148a [&hellip;]","protected":false},"author":1,"featured_media":503,"comment_status":"closed","ping_status":"open","sticky":false,"template":"","format":"standard","meta":{"advanced_seo_description":"","jetpack_seo_html_title":"","jetpack_seo_noindex":false,"_jetpack_memberships_contains_paid_content":false,"footnotes":""},"categories":[391,30],"tags":[],"class_list":["post-5293","post","type-post","status-publish","format-standard","has-post-thumbnail","hentry","category-uznesenia","category-zastupitelstvo"],"jetpack_featured_media_url":"https:\/\/i0.wp.com\/www.hornamicina.eu\/web\/wp-content\/uploads\/2017\/07\/zastupitelstvo.jpg?fit=530%2C375&ssl=1","jetpack_sharing_enabled":true,"jetpack_shortlink":"https:\/\/wp.me\/p8RsFw-1nn","jetpack-related-posts":[{"id":5639,"url":"https:\/\/www.hornamicina.eu\/web\/uznesenia-z-mimoriadneho-zasadnutia-oz-obce-horna-micina-17-1-2026\/","url_meta":{"origin":5293,"position":0},"title":"Uznesenia z mimoriadneho zasadnutia OZ obce Horna Micina &#8211; 17.1.2026","author":"admin","date":"22. janu\u00e1ra 2026","format":false,"excerpt":"UZNESENIA Z mimoriadneho zasadnutia obecn\u00e9ho zastupite\u013estva (\u010falej len OZ) obce Horn\u00e1 Mi\u010din\u00e1 konan\u00e9ho d\u0148a 17.1.2026 v\u00a0budove obecn\u00e9ho \u00faradu Horn\u00e1 Mi\u010din\u00e1 o\u00a017:00 hod. PR\u00cdTOMN\u00cd POSLANCI: \u013dubom\u00edr \u010cerh\u00fd\u0148 ,Janka Baranov\u00e1 ,Teodor Bachleda, NEPR\u00cdTOMN\u00cd POSLANCI: Tibor Pip\u00ed\u0161ka ,Michal Karkal\u00edk uznesenie \u010d.124\/2026 zo \u00a017.1.2026 K\u00a0bodu 2. Vo\u013eba n\u00e1vrhovej komisie, overovate\u013ea z\u00e1pisnice a\u00a0zapisovate\u013ea OZ obce\u2026","rel":"","context":"V &quot;Uznesenia&quot;","block_context":{"text":"Uznesenia","link":"https:\/\/www.hornamicina.eu\/web\/category\/uznesenia\/"},"img":{"alt_text":"","src":"https:\/\/i0.wp.com\/www.hornamicina.eu\/web\/wp-content\/uploads\/2017\/07\/zastupitelstvo.jpg?fit=530%2C375&ssl=1&resize=350%2C200","width":350,"height":200,"srcset":"https:\/\/i0.wp.com\/www.hornamicina.eu\/web\/wp-content\/uploads\/2017\/07\/zastupitelstvo.jpg?fit=530%2C375&ssl=1&resize=350%2C200 1x, https:\/\/i0.wp.com\/www.hornamicina.eu\/web\/wp-content\/uploads\/2017\/07\/zastupitelstvo.jpg?fit=530%2C375&ssl=1&resize=525%2C300 1.5x"},"classes":[]},{"id":3894,"url":"https:\/\/www.hornamicina.eu\/web\/zapisnica-a-uznesenia-oz-zo-dna-22-8-2023\/","url_meta":{"origin":5293,"position":1},"title":"Z\u00e1pisnica a uznesenia OZ zo d\u0148a 22.8.2023","author":"admin","date":"30. augusta 2023","format":false,"excerpt":"Z\u00c1PISNICA Z mimoriadneho zasadnutia obecn\u00e9ho zastupite\u013estva(\u010falej len OZ) v Hornej Mi\u010dinej konan\u00e9ho d\u0148a 22.8.2023 v s\u00e1le obecn\u00e9ho \u00faradu Horn\u00e1 Mi\u010din\u00e1 o 19:00 hod. PR\u00cdTOMN\u00cd: Starosta obce: Ivan Len\u00e1r Poslanci OZ: Janka Baranov\u00e1,Teodor Bachleda,Tibor Pip\u00ed\u0161ka,\u013dubom\u00edr \u010cerh\u00fd\u0148 NEPR\u00cdTOMN\u00dd: Michal Karkal\u00edk Ob\u010dania obce a pozvan\u00ed: pod\u013ea prilo\u017eenej prezen\u010dnej listiny Zasadnutie OZ otvoril a\u2026","rel":"","context":"V &quot;Uznesenia&quot;","block_context":{"text":"Uznesenia","link":"https:\/\/www.hornamicina.eu\/web\/category\/uznesenia\/"},"img":{"alt_text":"Logo obce a dokumenty","src":"https:\/\/i0.wp.com\/www.hornamicina.eu\/web\/wp-content\/uploads\/2017\/07\/uznesenia.jpg?fit=530%2C530&ssl=1&resize=350%2C200","width":350,"height":200,"srcset":"https:\/\/i0.wp.com\/www.hornamicina.eu\/web\/wp-content\/uploads\/2017\/07\/uznesenia.jpg?fit=530%2C530&ssl=1&resize=350%2C200 1x, https:\/\/i0.wp.com\/www.hornamicina.eu\/web\/wp-content\/uploads\/2017\/07\/uznesenia.jpg?fit=530%2C530&ssl=1&resize=525%2C300 1.5x"},"classes":[]},{"id":5346,"url":"https:\/\/www.hornamicina.eu\/web\/uznesenia-zo-zasadnutia-oz-hm-26-6-2025\/","url_meta":{"origin":5293,"position":2},"title":"Uznesenia zo zasadnutia OZ HM &#8211; 26.6.2025","author":"admin","date":"3. j\u00fala 2025","format":false,"excerpt":"UZNESENIA zo zasadnutia obecn\u00e9ho zastupite\u013estva (\u010falej len OZ) obce Horn\u00e1 Mi\u010din\u00e1 konan\u00e9ho d\u0148a 26.6.2025 v\u00a0budove obecn\u00e9ho \u00faradu Horn\u00e1 Mi\u010din\u00e1 o\u00a016:00 hod. PR\u00cdTOMN\u00cd POSLANCI: \u00a0\u00a0Michal Karkal\u00edk, \u00a0\u013dubom\u00edr \u010cerh\u00fd\u0148 , Tibor Pip\u00ed\u0161ka NEPR\u00cdTOMN\u00cd POSLANCI: \u00a0- Janka Baranov\u00e1 ,Teodor Bachleda \u00a0 \u00a0 \u00a0 uznesenie \u010d.88\/2025 \u00a0 K\u00a0bodu 2. Vo\u013eba n\u00e1vrhovej komisie, overovate\u013ea z\u00e1pisnice\u2026","rel":"","context":"V &quot;Uznesenia&quot;","block_context":{"text":"Uznesenia","link":"https:\/\/www.hornamicina.eu\/web\/category\/uznesenia\/"},"img":{"alt_text":"Logo obce a dokumenty","src":"https:\/\/i0.wp.com\/www.hornamicina.eu\/web\/wp-content\/uploads\/2017\/07\/uznesenia.jpg?fit=530%2C530&ssl=1&resize=350%2C200","width":350,"height":200,"srcset":"https:\/\/i0.wp.com\/www.hornamicina.eu\/web\/wp-content\/uploads\/2017\/07\/uznesenia.jpg?fit=530%2C530&ssl=1&resize=350%2C200 1x, https:\/\/i0.wp.com\/www.hornamicina.eu\/web\/wp-content\/uploads\/2017\/07\/uznesenia.jpg?fit=530%2C530&ssl=1&resize=525%2C300 1.5x"},"classes":[]},{"id":5495,"url":"https:\/\/www.hornamicina.eu\/web\/uznesenia-zo-zasadnutia-oz-hm-zo-dna-25-9-2025\/","url_meta":{"origin":5293,"position":3},"title":"Uznesenia zo zasadnutia OZ HM zo d\u0148a 25.9.2025","author":"admin","date":"8. okt\u00f3bra 2025","format":false,"excerpt":"\u00a0\u00a0\u00a0\u00a0\u00a0\u00a0\u00a0\u00a0\u00a0\u00a0\u00a0\u00a0\u00a0\u00a0\u00a0\u00a0\u00a0\u00a0\u00a0\u00a0\u00a0\u00a0\u00a0\u00a0\u00a0\u00a0\u00a0\u00a0\u00a0\u00a0\u00a0\u00a0\u00a0\u00a0\u00a0\u00a0\u00a0\u00a0\u00a0\u00a0\u00a0\u00a0\u00a0\u00a0\u00a0\u00a0\u00a0\u00a0\u00a0\u00a0\u00a0\u00a0\u00a0\u00a0\u00a0\u00a0\u00a0\u00a0 UZNESENIA zo zasadnutia obecn\u00e9ho zastupite\u013estva (\u010falej len OZ) obce Horn\u00e1 Mi\u010din\u00e1 konan\u00e9ho d\u0148a 25.9.2025 v\u00a0budove obecn\u00e9ho \u00faradu Horn\u00e1 Mi\u010din\u00e1 o\u00a018 :00 hod. \u00a0 PR\u00cdTOMN\u00cd POSLANCI:\u00a0\u00a0 Michal Karkal\u00edk,\u00a0 \u013dubom\u00edr \u010cerh\u00fd\u0148 ,Janka Baranov\u00e1 ,Teodor Bachleda, Tibor Pip\u00ed\u0161ka \u00a0 \u00a0 uznesenie \u010d.91\/2025 \u00a0 K\u00a0bodu 2. Vo\u013eba n\u00e1vrhovej komisie, overovate\u013ea z\u00e1pisnice a\u00a0zapisovate\u013ea \u00a0\u2026","rel":"","context":"V &quot;Uznesenia&quot;","block_context":{"text":"Uznesenia","link":"https:\/\/www.hornamicina.eu\/web\/category\/uznesenia\/"},"img":{"alt_text":"Logo obce a dokumenty","src":"https:\/\/i0.wp.com\/www.hornamicina.eu\/web\/wp-content\/uploads\/2017\/07\/uznesenia.jpg?fit=530%2C530&ssl=1&resize=350%2C200","width":350,"height":200,"srcset":"https:\/\/i0.wp.com\/www.hornamicina.eu\/web\/wp-content\/uploads\/2017\/07\/uznesenia.jpg?fit=530%2C530&ssl=1&resize=350%2C200 1x, https:\/\/i0.wp.com\/www.hornamicina.eu\/web\/wp-content\/uploads\/2017\/07\/uznesenia.jpg?fit=530%2C530&ssl=1&resize=525%2C300 1.5x"},"classes":[]},{"id":3902,"url":"https:\/\/www.hornamicina.eu\/web\/zapisnica-zo-zasadnutia-oz-13-9-2023\/","url_meta":{"origin":5293,"position":4},"title":"Z\u00e1pisnica zo zasadnutia OZ &#8211; 13.9.2023","author":"admin","date":"22. septembra 2023","format":false,"excerpt":"\u00a0\u00a0\u00a0\u00a0\u00a0\u00a0\u00a0\u00a0\u00a0\u00a0\u00a0\u00a0\u00a0\u00a0\u00a0\u00a0\u00a0\u00a0\u00a0\u00a0\u00a0\u00a0\u00a0\u00a0\u00a0 \u00a0\u00a0\u00a0\u00a0\u00a0\u00a0\u00a0\u00a0\u00a0\u00a0\u00a0\u00a0\u00a0\u00a0\u00a0\u00a0\u00a0\u00a0\u00a0\u00a0\u00a0\u00a0\u00a0\u00a0\u00a0\u00a0Z\u00c1PISNICA Zo zasadnutia obecn\u00e9ho zastupite\u013estva (\u010falej len OZ) v\u00a0Hornej Mi\u010dinej konan\u00e9ho d\u0148a 13.9.2023 v\u00a0s\u00e1le obecn\u00e9ho \u00faradu Horn\u00e1 Mi\u010din\u00e1 o\u00a018:00 hod. \u00a0 N\u00e1vrh programu \u00a0OZ: Otvorenie Program obecn\u00e9ho zastupite\u013estva Vo\u013eba n\u00e1vrhovej komisie,overovate\u013ea z\u00e1pisnice a\u00a0zapisovate\u013ea \u017diados\u0165 p.Pavla Martinca \u010d.59 o odk\u00fapenie obecn\u00e9ho pozemku,parcela C-\u010d.40\/3 o v\u00fdmere 20m2,vedenej na LV-195 vo vlastn\u00edctve\u2026","rel":"","context":"V &quot;Oznamy&quot;","block_context":{"text":"Oznamy","link":"https:\/\/www.hornamicina.eu\/web\/category\/oznamy\/"},"img":{"alt_text":"","src":"https:\/\/i0.wp.com\/www.hornamicina.eu\/web\/wp-content\/uploads\/2017\/07\/zastupitelstvo.jpg?fit=530%2C375&ssl=1&resize=350%2C200","width":350,"height":200,"srcset":"https:\/\/i0.wp.com\/www.hornamicina.eu\/web\/wp-content\/uploads\/2017\/07\/zastupitelstvo.jpg?fit=530%2C375&ssl=1&resize=350%2C200 1x, https:\/\/i0.wp.com\/www.hornamicina.eu\/web\/wp-content\/uploads\/2017\/07\/zastupitelstvo.jpg?fit=530%2C375&ssl=1&resize=525%2C300 1.5x"},"classes":[]},{"id":4926,"url":"https:\/\/www.hornamicina.eu\/web\/uznesenia-zo-zasadnutia-oz-obce-horna-micina-9-2024\/","url_meta":{"origin":5293,"position":5},"title":"Uznesenia zo zasadnutia oz obce Horn\u00e1 Mi\u010din\u00e1 &#8211; 9\/2024","author":"admin","date":"23. septembra 2024","format":false,"excerpt":"UZNESENIA zo zasadnutia obecn\u00e9ho zastupite\u013estva (\u010falej len OZ) obce Horn\u00e1 Mi\u010din\u00e1 konan\u00e9ho d\u0148a 16.9.2024 v\u00a0budove obecn\u00e9ho \u00faradu Horn\u00e1 Mi\u010din\u00e1 o\u00a017:00 hod. \u00a0 PR\u00cdTOMN\u00cd POSLANCI: Teodor Bachleda,\u00a0 Michal Karkal\u00edk, \u00a0Jana Baranov\u00e1 NEPR\u00cdTOMN\u00cd POSLANCI: \u013dubom\u00edr \u010cerh\u00fd\u0148-DOV zahrani\u010die,Tibor Pip\u00ed\u0161ka -PN \u00a0 K\u00a0bodu 2. Program OZ OZ obce Horn\u00e1 Mi\u010din\u00e1 uznesen\u00edm \u010d.28\/2024\u00a0 zo 16.9.2024\u2026","rel":"","context":"V &quot;Uznesenia&quot;","block_context":{"text":"Uznesenia","link":"https:\/\/www.hornamicina.eu\/web\/category\/uznesenia\/"},"img":{"alt_text":"","src":"https:\/\/i0.wp.com\/www.hornamicina.eu\/web\/wp-content\/uploads\/2017\/07\/zastupitelstvo.jpg?fit=530%2C375&ssl=1&resize=350%2C200","width":350,"height":200,"srcset":"https:\/\/i0.wp.com\/www.hornamicina.eu\/web\/wp-content\/uploads\/2017\/07\/zastupitelstvo.jpg?fit=530%2C375&ssl=1&resize=350%2C200 1x, https:\/\/i0.wp.com\/www.hornamicina.eu\/web\/wp-content\/uploads\/2017\/07\/zastupitelstvo.jpg?fit=530%2C375&ssl=1&resize=525%2C300 1.5x"},"classes":[]}],"jetpack_likes_enabled":true,"_links":{"self":[{"href":"https:\/\/www.hornamicina.eu\/web\/wp-json\/wp\/v2\/posts\/5293","targetHints":{"allow":["GET"]}}],"collection":[{"href":"https:\/\/www.hornamicina.eu\/web\/wp-json\/wp\/v2\/posts"}],"about":[{"href":"https:\/\/www.hornamicina.eu\/web\/wp-json\/wp\/v2\/types\/post"}],"author":[{"embeddable":true,"href":"https:\/\/www.hornamicina.eu\/web\/wp-json\/wp\/v2\/users\/1"}],"replies":[{"embeddable":true,"href":"https:\/\/www.hornamicina.eu\/web\/wp-json\/wp\/v2\/comments?post=5293"}],"version-history":[{"count":1,"href":"https:\/\/www.hornamicina.eu\/web\/wp-json\/wp\/v2\/posts\/5293\/revisions"}],"predecessor-version":[{"id":5299,"href":"https:\/\/www.hornamicina.eu\/web\/wp-json\/wp\/v2\/posts\/5293\/revisions\/5299"}],"wp:featuredmedia":[{"embeddable":true,"href":"https:\/\/www.hornamicina.eu\/web\/wp-json\/wp\/v2\/media\/503"}],"wp:attachment":[{"href":"https:\/\/www.hornamicina.eu\/web\/wp-json\/wp\/v2\/media?parent=5293"}],"wp:term":[{"taxonomy":"category","embeddable":true,"href":"https:\/\/www.hornamicina.eu\/web\/wp-json\/wp\/v2\/categories?post=5293"},{"taxonomy":"post_tag","embeddable":true,"href":"https:\/\/www.hornamicina.eu\/web\/wp-json\/wp\/v2\/tags?post=5293"}],"curies":[{"name":"wp","href":"https:\/\/api.w.org\/{rel}","templated":true}]}}