{"id":5278,"date":"2025-06-09T16:26:14","date_gmt":"2025-06-09T14:26:14","guid":{"rendered":"https:\/\/www.hornamicina.eu\/web\/?p=5278"},"modified":"2025-06-09T16:28:22","modified_gmt":"2025-06-09T14:28:22","slug":"micinsky-pitvor-13-15-6-2025","status":"publish","type":"post","link":"https:\/\/www.hornamicina.eu\/web\/micinsky-pitvor-13-15-6-2025\/","title":{"rendered":"Mi\u010dinsk\u00fd pitvor &#8211; 13. &#8211; 15.6.2025"},"content":{"rendered":"<h4 class=\"style-sub-title\">10. ro\u010dn\u00edk divadelno-hudobn\u00e9ho festivalu op\u00e4\u0165 prinesie fenom\u00e9n Nov\u00e9ho cirkusu. Za\u017eite nezabudnute\u013en\u00e9 umenie akrobatov, hercov a hudobn\u00edkov. Jedine\u010dn\u00fd festival sa uskuto\u010dn\u00ed 13. &#8211; 15. j\u00fana 2025 v Banskej Bystrici a na Hornej Mi\u010dinej. Prinesie mno\u017estvo divadeln\u00fdch predstaven\u00ed, koncertov, diskusi\u00ed, workshopov i aktiv\u00edt pre v\u0161etk\u00fdch umeniachtiv\u00fdch, bez rozdielu veku a schopnost\u00ed\u2026bude to cirkus!<\/h4>\n<p><a href=\"https:\/\/i0.wp.com\/www.hornamicina.eu\/web\/wp-content\/uploads\/2025\/06\/IMG_6774.jpeg?ssl=1\"><img data-recalc-dims=\"1\" loading=\"lazy\" decoding=\"async\" data-attachment-id=\"5279\" data-permalink=\"https:\/\/www.hornamicina.eu\/web\/micinsky-pitvor-13-15-6-2025\/img_6774\/\" data-orig-file=\"https:\/\/i0.wp.com\/www.hornamicina.eu\/web\/wp-content\/uploads\/2025\/06\/IMG_6774.jpeg?fit=1320%2C1864&amp;ssl=1\" data-orig-size=\"1320,1864\" data-comments-opened=\"0\" data-image-meta=\"{&quot;aperture&quot;:&quot;0&quot;,&quot;credit&quot;:&quot;&quot;,&quot;camera&quot;:&quot;&quot;,&quot;caption&quot;:&quot;&quot;,&quot;created_timestamp&quot;:&quot;0&quot;,&quot;copyright&quot;:&quot;&quot;,&quot;focal_length&quot;:&quot;0&quot;,&quot;iso&quot;:&quot;0&quot;,&quot;shutter_speed&quot;:&quot;0&quot;,&quot;title&quot;:&quot;&quot;,&quot;orientation&quot;:&quot;1&quot;}\" data-image-title=\"IMG_6774\" data-image-description=\"\" data-image-caption=\"\" data-large-file=\"https:\/\/i0.wp.com\/www.hornamicina.eu\/web\/wp-content\/uploads\/2025\/06\/IMG_6774.jpeg?fit=725%2C1024&amp;ssl=1\" class=\"alignnone size-large wp-image-5279\" src=\"https:\/\/i0.wp.com\/www.hornamicina.eu\/web\/wp-content\/uploads\/2025\/06\/IMG_6774.jpeg?resize=725%2C1024&#038;ssl=1\" alt=\"\" width=\"725\" height=\"1024\" srcset=\"https:\/\/i0.wp.com\/www.hornamicina.eu\/web\/wp-content\/uploads\/2025\/06\/IMG_6774.jpeg?resize=725%2C1024&amp;ssl=1 725w, https:\/\/i0.wp.com\/www.hornamicina.eu\/web\/wp-content\/uploads\/2025\/06\/IMG_6774.jpeg?resize=212%2C300&amp;ssl=1 212w, https:\/\/i0.wp.com\/www.hornamicina.eu\/web\/wp-content\/uploads\/2025\/06\/IMG_6774.jpeg?resize=768%2C1085&amp;ssl=1 768w, https:\/\/i0.wp.com\/www.hornamicina.eu\/web\/wp-content\/uploads\/2025\/06\/IMG_6774.jpeg?resize=1088%2C1536&amp;ssl=1 1088w, https:\/\/i0.wp.com\/www.hornamicina.eu\/web\/wp-content\/uploads\/2025\/06\/IMG_6774.jpeg?resize=720%2C1017&amp;ssl=1 720w, https:\/\/i0.wp.com\/www.hornamicina.eu\/web\/wp-content\/uploads\/2025\/06\/IMG_6774.jpeg?w=1320&amp;ssl=1 1320w\" sizes=\"auto, (max-width: 725px) 100vw, 725px\" \/><\/a><\/p>\n","protected":false},"excerpt":{"rendered":"10. ro\u010dn\u00edk divadelno-hudobn\u00e9ho festivalu op\u00e4\u0165 prinesie fenom\u00e9n Nov\u00e9ho cirkusu. Za\u017eite nezabudnute\u013en\u00e9 umenie akrobatov, [&hellip;]","protected":false},"author":1,"featured_media":5279,"comment_status":"closed","ping_status":"open","sticky":false,"template":"","format":"standard","meta":{"advanced_seo_description":"","jetpack_seo_html_title":"","jetpack_seo_noindex":false,"_jetpack_memberships_contains_paid_content":false,"footnotes":""},"categories":[5,7,8],"tags":[],"class_list":["post-5278","post","type-post","status-publish","format-standard","has-post-thumbnail","hentry","category-dolezite","category-kultura","category-oznamy"],"jetpack_featured_media_url":"https:\/\/i0.wp.com\/www.hornamicina.eu\/web\/wp-content\/uploads\/2025\/06\/IMG_6774.jpeg?fit=1320%2C1864&ssl=1","jetpack_sharing_enabled":true,"jetpack_shortlink":"https:\/\/wp.me\/p8RsFw-1n8","jetpack-related-posts":[{"id":769,"url":"https:\/\/www.hornamicina.eu\/web\/uznesenie-z-13-03-2018\/","url_meta":{"origin":5278,"position":0},"title":"Uznesenie z 13.3.2018","author":"admin","date":"16. marca 2018","format":"aside","excerpt":"UZNESENIE zo zasadnutia obecn\u00e9ho zastupite\u013estva obce Horn\u00e1 Mi\u010din\u00e1 konan\u00e9ho d\u0148a 13.3.2018 Uznesenie z 13.3.2018 \u00a0 \u00a0","rel":"","context":"V &quot;Zastupite\u013estvo&quot;","block_context":{"text":"Zastupite\u013estvo","link":"https:\/\/www.hornamicina.eu\/web\/category\/zastupitelstvo\/"},"img":{"alt_text":"Logo obce a dokumenty","src":"https:\/\/i0.wp.com\/www.hornamicina.eu\/web\/wp-content\/uploads\/2017\/07\/uznesenia.jpg?fit=530%2C530&ssl=1&resize=350%2C200","width":350,"height":200,"srcset":"https:\/\/i0.wp.com\/www.hornamicina.eu\/web\/wp-content\/uploads\/2017\/07\/uznesenia.jpg?fit=530%2C530&ssl=1&resize=350%2C200 1x, https:\/\/i0.wp.com\/www.hornamicina.eu\/web\/wp-content\/uploads\/2017\/07\/uznesenia.jpg?fit=530%2C530&ssl=1&resize=525%2C300 1.5x"},"classes":[]},{"id":1730,"url":"https:\/\/www.hornamicina.eu\/web\/uznesenia-z-2019-12-13\/","url_meta":{"origin":5278,"position":1},"title":"Uznesenia z 13.12.2019 a schv\u00e1len\u00fd rozpo\u010det obce","author":"admin","date":"16. decembra 2019","format":"aside","excerpt":"UZNESENIA zo zasadnutia obecn\u00e9ho zastupite\u013estva (\u010falej len OZ) obce Horn\u00e1 Mi\u010din\u00e1 konan\u00e9ho d\u0148a 13.12.2019 Uznesenia zo zasadnutia OZ d\u0148a 13.12.2019 \u00a0 SCHV\u00c1LEN\u00dd ROZPO\u010cET NA ROK 2020 Schv\u00e1len\u00fd rozpo\u010det obce na rok 2020 a v\u00fdh\u013eadovo na rok 2021 a 2022","rel":"","context":"V &quot;Uznesenia&quot;","block_context":{"text":"Uznesenia","link":"https:\/\/www.hornamicina.eu\/web\/category\/uznesenia\/"},"img":{"alt_text":"Logo obce a dokumenty","src":"https:\/\/i0.wp.com\/www.hornamicina.eu\/web\/wp-content\/uploads\/2017\/07\/uznesenia.jpg?fit=530%2C530&ssl=1&resize=350%2C200","width":350,"height":200,"srcset":"https:\/\/i0.wp.com\/www.hornamicina.eu\/web\/wp-content\/uploads\/2017\/07\/uznesenia.jpg?fit=530%2C530&ssl=1&resize=350%2C200 1x, https:\/\/i0.wp.com\/www.hornamicina.eu\/web\/wp-content\/uploads\/2017\/07\/uznesenia.jpg?fit=530%2C530&ssl=1&resize=525%2C300 1.5x"},"classes":[]},{"id":2221,"url":"https:\/\/www.hornamicina.eu\/web\/zapisnica-13-11-20\/","url_meta":{"origin":5278,"position":2},"title":"Z\u00e1pisnica zasadnutia OZ H.Mi\u010din\u00e1 &#8211; 13.11.2020","author":"admin","date":"23. novembra 2020","format":"aside","excerpt":"Z\u00e1pisnica zo zasadnutia obecn\u00e9ho zastupite\u013estva (\u010falej len OZ) v Hornej Mi\u010dinej, konan\u00e9ho d\u0148a 13.11.2020 v budove obecn\u00e9ho \u00faradu hor\u00e1 Mi\u010din\u00e1, ktor\u00e9 bolo zah\u00e1jen\u00e9 o 18:00 hod. Pr\u00edtomn\u00ed: Starosta obce: Ivan Len\u00e1r Poslanci OZ: Michal Karkal\u00edk Richard Kaz\u00edk Ob\u010dania obce a prizvan\u00ed: pod\u013ea prezen\u010dnej listiny Nepr\u00edtomn\u00ed: Poslanci OZ: Jana Baranov\u00e1 Bohu\u0161\u2026","rel":"","context":"V &quot;D\u00f4le\u017eit\u00e9&quot;","block_context":{"text":"D\u00f4le\u017eit\u00e9","link":"https:\/\/www.hornamicina.eu\/web\/category\/dolezite\/"},"img":{"alt_text":"Logo obce a dokumenty","src":"https:\/\/i0.wp.com\/www.hornamicina.eu\/web\/wp-content\/uploads\/2017\/07\/uznesenia.jpg?fit=530%2C530&ssl=1&resize=350%2C200","width":350,"height":200,"srcset":"https:\/\/i0.wp.com\/www.hornamicina.eu\/web\/wp-content\/uploads\/2017\/07\/uznesenia.jpg?fit=530%2C530&ssl=1&resize=350%2C200 1x, https:\/\/i0.wp.com\/www.hornamicina.eu\/web\/wp-content\/uploads\/2017\/07\/uznesenia.jpg?fit=530%2C530&ssl=1&resize=525%2C300 1.5x"},"classes":[]},{"id":3807,"url":"https:\/\/www.hornamicina.eu\/web\/micinsko-2023\/","url_meta":{"origin":5278,"position":3},"title":"Mi\u010dinsk\u00f4 2023","author":"admin","date":"27. j\u00fala 2023","format":false,"excerpt":"Obec Horn\u00e1 Mi\u010din\u00e1 V\u00e1s poz\u00fdva spolo\u010dne osl\u00e1vi\u0165 DE\u0147 OBCE A 730. V\u00ddRO\u010cIE VZNIKU OBCE V SOBOTU 12.8.2023 Program d\u0148a: od 12:00 sk\u00e1kacie hrady a atrakcie pre najmen\u0161\u00edch 13:00\u00a0 otvorenie 13:45 - 14:50 DINO vstup pre mal\u00fdch a ve\u013ek\u00fdch 14:35 - 15:50 CHOCO & LUNA \/ franc\u00fazske spev\u00e1cke duo 16:00 -\u2026","rel":"","context":"V &quot;Kult\u00fara&quot;","block_context":{"text":"Kult\u00fara","link":"https:\/\/www.hornamicina.eu\/web\/category\/kultura\/"},"img":{"alt_text":"","src":"https:\/\/i0.wp.com\/www.hornamicina.eu\/web\/wp-content\/uploads\/2023\/07\/Micinsko-2023.png?fit=908%2C456&ssl=1&resize=350%2C200","width":350,"height":200,"srcset":"https:\/\/i0.wp.com\/www.hornamicina.eu\/web\/wp-content\/uploads\/2023\/07\/Micinsko-2023.png?fit=908%2C456&ssl=1&resize=350%2C200 1x, https:\/\/i0.wp.com\/www.hornamicina.eu\/web\/wp-content\/uploads\/2023\/07\/Micinsko-2023.png?fit=908%2C456&ssl=1&resize=525%2C300 1.5x, https:\/\/i0.wp.com\/www.hornamicina.eu\/web\/wp-content\/uploads\/2023\/07\/Micinsko-2023.png?fit=908%2C456&ssl=1&resize=700%2C400 2x"},"classes":[]},{"id":4043,"url":"https:\/\/www.hornamicina.eu\/web\/pozvanka-na-zasadnutie-oz-13-12-2023\/","url_meta":{"origin":5278,"position":4},"title":"Pozv\u00e1nka na zasadnutie OZ &#8211; 13.12.2023","author":"admin","date":"11. decembra 2023","format":false,"excerpt":"Pod\u013ea \u00a7 13 ods.4 p\u00edsm.a) z\u00e1kona \u010d.369\/1990 o\u00a0obecnom zriaden\u00ed v\u00a0znen\u00ed neskor\u0161\u00edch predpisov zvol\u00e1vam zasadnutie \u00a0obecn\u00e9ho zastupite\u013estva v\u00a0Hornej Mi\u010dinej, ktor\u00e9 sa uskuto\u010dn\u00ed d\u0148a 13.12.2023 o\u00a018:00hod. v\u00a0s\u00e1le obecn\u00e9ho \u00faradu. \u00a0 PROGRAM: Otvorenie OZ Program obecn\u00e9ho zastupite\u013estva Vo\u013eba n\u00e1vrhovej komisie, overovate\u013ea z\u00e1pisnice a\u00a0zapisovate\u013ea Spr\u00e1va nez\u00e1visl\u00e9ho auditora k\u00a0\u00fa\u010dtovnej z\u00e1vierke za r.2022 S\u00fahlas o\u00a0vstup obce\u2026","rel":"","context":"V &quot;D\u00f4le\u017eit\u00e9&quot;","block_context":{"text":"D\u00f4le\u017eit\u00e9","link":"https:\/\/www.hornamicina.eu\/web\/category\/dolezite\/"},"img":{"alt_text":"","src":"https:\/\/i0.wp.com\/www.hornamicina.eu\/web\/wp-content\/uploads\/2017\/07\/zastupitelstvo.jpg?fit=530%2C375&ssl=1&resize=350%2C200","width":350,"height":200,"srcset":"https:\/\/i0.wp.com\/www.hornamicina.eu\/web\/wp-content\/uploads\/2017\/07\/zastupitelstvo.jpg?fit=530%2C375&ssl=1&resize=350%2C200 1x, https:\/\/i0.wp.com\/www.hornamicina.eu\/web\/wp-content\/uploads\/2017\/07\/zastupitelstvo.jpg?fit=530%2C375&ssl=1&resize=525%2C300 1.5x"},"classes":[]},{"id":3896,"url":"https:\/\/www.hornamicina.eu\/web\/pozvanka-na-zasadnutie-oz-13-9-2023\/","url_meta":{"origin":5278,"position":5},"title":"Pozv\u00e1nka na zasadnutie OZ \u2013 13.9.2023","author":"admin","date":"10. septembra 2023","format":false,"excerpt":"Pozv\u00e1nka na zasadnutie \u00a0obecn\u00e9ho zastupite\u013estva v Hornej Mi\u010dinej, ktor\u00e9 sa uskuto\u010dn\u00ed d\u0148a 13.9.2023 o 18:00hod. v s\u00e1le obecn\u00e9ho \u00faradu. \u00a0 \u00a0\u00a0\u00a0\u00a0\u00a0\u00a0\u00a0\u00a0\u00a0\u00a0\u00a0\u00a0\u00a0\u00a0\u00a0\u00a0\u00a0\u00a0\u00a0\u00a0\u00a0\u00a0\u00a0\u00a0\u00a0\u00a0\u00a0\u00a0\u00a0\u00a0\u00a0 PROGRAM: Otvorenie OZ Program obecn\u00e9ho zastupite\u013estva Vo\u013eba n\u00e1vrhovej komisie, overovate\u013ea z\u00e1pisnice a\u00a0zapisovate\u013ea \u017diados\u0165 p.Pavla Martinca \u010d.59 o odk\u00fapenie obecn\u00e9ho pozemku, parcela C- \u010d.40\/3 o v\u00fdmere 20m2, vedenej na LV-\u2026","rel":"","context":"V &quot;D\u00f4le\u017eit\u00e9&quot;","block_context":{"text":"D\u00f4le\u017eit\u00e9","link":"https:\/\/www.hornamicina.eu\/web\/category\/dolezite\/"},"img":{"alt_text":"","src":"https:\/\/i0.wp.com\/www.hornamicina.eu\/web\/wp-content\/uploads\/2017\/07\/zastupitelstvo.jpg?fit=530%2C375&ssl=1&resize=350%2C200","width":350,"height":200,"srcset":"https:\/\/i0.wp.com\/www.hornamicina.eu\/web\/wp-content\/uploads\/2017\/07\/zastupitelstvo.jpg?fit=530%2C375&ssl=1&resize=350%2C200 1x, https:\/\/i0.wp.com\/www.hornamicina.eu\/web\/wp-content\/uploads\/2017\/07\/zastupitelstvo.jpg?fit=530%2C375&ssl=1&resize=525%2C300 1.5x"},"classes":[]}],"jetpack_likes_enabled":true,"_links":{"self":[{"href":"https:\/\/www.hornamicina.eu\/web\/wp-json\/wp\/v2\/posts\/5278","targetHints":{"allow":["GET"]}}],"collection":[{"href":"https:\/\/www.hornamicina.eu\/web\/wp-json\/wp\/v2\/posts"}],"about":[{"href":"https:\/\/www.hornamicina.eu\/web\/wp-json\/wp\/v2\/types\/post"}],"author":[{"embeddable":true,"href":"https:\/\/www.hornamicina.eu\/web\/wp-json\/wp\/v2\/users\/1"}],"replies":[{"embeddable":true,"href":"https:\/\/www.hornamicina.eu\/web\/wp-json\/wp\/v2\/comments?post=5278"}],"version-history":[{"count":1,"href":"https:\/\/www.hornamicina.eu\/web\/wp-json\/wp\/v2\/posts\/5278\/revisions"}],"predecessor-version":[{"id":5281,"href":"https:\/\/www.hornamicina.eu\/web\/wp-json\/wp\/v2\/posts\/5278\/revisions\/5281"}],"wp:featuredmedia":[{"embeddable":true,"href":"https:\/\/www.hornamicina.eu\/web\/wp-json\/wp\/v2\/media\/5279"}],"wp:attachment":[{"href":"https:\/\/www.hornamicina.eu\/web\/wp-json\/wp\/v2\/media?parent=5278"}],"wp:term":[{"taxonomy":"category","embeddable":true,"href":"https:\/\/www.hornamicina.eu\/web\/wp-json\/wp\/v2\/categories?post=5278"},{"taxonomy":"post_tag","embeddable":true,"href":"https:\/\/www.hornamicina.eu\/web\/wp-json\/wp\/v2\/tags?post=5278"}],"curies":[{"name":"wp","href":"https:\/\/api.w.org\/{rel}","templated":true}]}}