{"id":5250,"date":"2025-05-29T12:23:39","date_gmt":"2025-05-29T10:23:39","guid":{"rendered":"https:\/\/www.hornamicina.eu\/web\/?p=5250"},"modified":"2025-05-29T12:29:31","modified_gmt":"2025-05-29T10:29:31","slug":"pozvanka-na-zasadnutie-oz-v-hornej-micinej-2-6-2025-o-1700","status":"publish","type":"post","link":"https:\/\/www.hornamicina.eu\/web\/pozvanka-na-zasadnutie-oz-v-hornej-micinej-2-6-2025-o-1700\/","title":{"rendered":"Pozv\u00e1nka na zasadnutie OZ v Hornej Mi\u010dinej &#8211; 2.6.2025 o 17:00"},"content":{"rendered":"<p style=\"text-align: center;\">Pod\u013ea \u00a7 13 ods.4 p\u00edsm.a) z\u00e1kona \u010d.369\/1990 o obecnom zriaden\u00ed v znen\u00ed neskor\u0161\u00edch predpisov zvol\u00e1vam zasadnutie obecn\u00e9ho zastupite\u013estva v\u00a0Hornej Mi\u010dinej, ktor\u00e9 sa uskuto\u010dn\u00ed<\/p>\n<blockquote>\n<p style=\"text-align: center;\"><span style=\"font-size: 14pt;\"><strong>d\u0148a 2.6.2025 o 17:00 hod. <\/strong><\/span><\/p>\n<p style=\"text-align: center;\">v\u00a0s\u00e1le obecn\u00e9ho \u00faradu .<\/p>\n<\/blockquote>\n<p><strong>PROGRAM:<\/strong><\/p>\n<ol>\n<li>\u00a0Otvorenie OZ<\/li>\n<li>Vo\u013eba n\u00e1vrhovej komisie, overovate\u013ea z\u00e1pisnice a zapisovate\u013ea<\/li>\n<li>Program obecn\u00e9ho zastupite\u013estva<\/li>\n<li>Kontrola plnenia prijat\u00fdch uznesen\u00ed OZ zo d\u0148a 13.3.2025<\/li>\n<li>Spr\u00e1va HK o v\u00fdsledku kontroly \u010d.2\/2025 \u2013 kontrola stavu a vym\u00e1hania poh\u013ead\u00e1vok k 31.12.2024<\/li>\n<li>Spr\u00e1va HK o v\u00fdsledku kontroly \u010d.3\/2025-kontrola stavu a evidencie z\u00e1v\u00e4zkov obce k 31.12.2024<\/li>\n<li>Spr\u00e1va HK o v\u00fdsledku kontroly \u010d.4\/2025-kontrola spr\u00e1vnosti vedenia evidencie s\u0165a\u017enost\u00ed v zmysle \u010dl.3 ods.8,smernice o vybavovan\u00ed s\u0165a\u017enost\u00ed \u010d.1\/2017 za 1.\u0161tvr\u0165rok 2025<\/li>\n<li>Preverenie stavu a v\u00fdvoja dlhu obce Horn\u00e1 Mi\u010din\u00e1 k 31.3.2025<\/li>\n<li>N\u00e1vrh pl\u00e1nu kontrolnej \u010dinnosti HK obce na 2. polrok 2025<\/li>\n<li>Stanovisko HK obce k z\u00e1vere\u010dn\u00e9mu \u00fa\u010dtu obce za r. 2024<\/li>\n<li>Z\u00e1vere\u010dn\u00fd \u00fa\u010det obce za r. 2024<\/li>\n<li>\u017diados\u0165 obce Rie\u010dka o prist\u00fapenie k spolo\u010dn\u00e9mu obecn\u00e9mu \u00faradu Hrocho\u0165 (stavebn\u00fd \u00farad)<\/li>\n<li>\u017diados\u0165 p. L\u00edvie Kokovej o pren\u00e1jom \u010dasti pozemku na parc. E-KN \u010d.225\/8 o v\u00fdmere 18423 m2 vo vlastn\u00edctve obce za \u00fa\u010delom parkovania osobn\u00e9ho motorov\u00e9ho vozidla<\/li>\n<li>\u017diados\u0165 p. Milana Danka o pren\u00e1jom \u010dasti pozemku na parc.E-KN 225\/8 o v\u00fdmere 18423 m2 vo vlastn\u00edctve obce za \u00fa\u010delom parkovania osobn\u00fdch motorov\u00fdch vozidiel<\/li>\n<li>\u017diados\u0165 p. Zuzany Krn\u00e1\u010d o preplatenie \u010dasti n\u00e1kladov spojen\u00fdch s rekon\u0161trukciou nehnute\u013enosti budovy v parku ( potraviny ), ktor\u00e9 zostan\u00fa v majetku obce<\/li>\n<li>R\u00f4zne<\/li>\n<li>Diskusia<\/li>\n<li>Z\u00e1ver<\/li>\n<\/ol>\n<p>&nbsp;<\/p>\n<p>Ivan Len\u00e1r v.r. \u2013 starosta obce<\/p>\n","protected":false},"excerpt":{"rendered":"Pod\u013ea \u00a7 13 ods.4 p\u00edsm.a) z\u00e1kona \u010d.369\/1990 o obecnom zriaden\u00ed v znen\u00ed neskor\u0161\u00edch [&hellip;]","protected":false},"author":1,"featured_media":503,"comment_status":"closed","ping_status":"open","sticky":false,"template":"","format":"standard","meta":{"advanced_seo_description":"","jetpack_seo_html_title":"","jetpack_seo_noindex":false,"_jetpack_memberships_contains_paid_content":false,"footnotes":""},"categories":[8,30],"tags":[],"class_list":["post-5250","post","type-post","status-publish","format-standard","has-post-thumbnail","hentry","category-oznamy","category-zastupitelstvo"],"jetpack_featured_media_url":"https:\/\/i0.wp.com\/www.hornamicina.eu\/web\/wp-content\/uploads\/2017\/07\/zastupitelstvo.jpg?fit=530%2C375&ssl=1","jetpack_sharing_enabled":true,"jetpack_shortlink":"https:\/\/wp.me\/p8RsFw-1mG","jetpack-related-posts":[{"id":5677,"url":"https:\/\/www.hornamicina.eu\/web\/pozvanka-na-zasadnutie-oz-v-hornej-micinej-10-3-2026\/","url_meta":{"origin":5250,"position":0},"title":"Pozv\u00e1nka na zasadnutie OZ v Hornej Mi\u010dinej &#8211; 10.3.2026","author":"admin","date":"6. marca 2026","format":false,"excerpt":"POZV\u00c1NKA Pod\u013ea \u00a7 13 ods.4 p\u00edsm.a) z\u00e1kona \u010d.369\/1990 o obecnom zriaden\u00ed v znen\u00ed neskor\u0161\u00edch predpisov zvol\u00e1vam zasadnutie obecn\u00e9ho zastupite\u013estva v Hornej Mi\u010dinej, ktor\u00e9 sa uskuto\u010dn\u00ed d\u0148a 10.3.2026 o 17:00 hod. v budove obecn\u00e9ho \u00faradu. PROGRAM: Otvorenie OZ Vo\u013eba n\u00e1vrhovej komisie, overovate\u013ea z\u00e1pisnice a zapisovate\u013ea Program obecn\u00e9ho zastupite\u013estva Spr\u00e1va HK obce\u2026","rel":"","context":"V &quot;Oznamy&quot;","block_context":{"text":"Oznamy","link":"https:\/\/www.hornamicina.eu\/web\/category\/oznamy\/"},"img":{"alt_text":"","src":"https:\/\/i0.wp.com\/www.hornamicina.eu\/web\/wp-content\/uploads\/2017\/07\/zastupitelstvo.jpg?fit=530%2C375&ssl=1&resize=350%2C200","width":350,"height":200,"srcset":"https:\/\/i0.wp.com\/www.hornamicina.eu\/web\/wp-content\/uploads\/2017\/07\/zastupitelstvo.jpg?fit=530%2C375&ssl=1&resize=350%2C200 1x, https:\/\/i0.wp.com\/www.hornamicina.eu\/web\/wp-content\/uploads\/2017\/07\/zastupitelstvo.jpg?fit=530%2C375&ssl=1&resize=525%2C300 1.5x"},"classes":[]},{"id":5464,"url":"https:\/\/www.hornamicina.eu\/web\/pozvanka-9-2025\/","url_meta":{"origin":5250,"position":1},"title":"Pozv\u00e1nka na zasadnutie oz v HM &#8211; 9\/2025","author":"admin","date":"18. septembra 2025","format":false,"excerpt":"POZV\u00c1NKA Pod\u013ea \u00a7 13 ods.4 p\u00edsm.a) z\u00e1kona \u010d.369\/1990 o obecnom zriaden\u00ed v znen\u00ed neskor\u0161\u00edch predpisov zvol\u00e1vam zasadnutie obecn\u00e9ho zastupite\u013estva v Hornej Mi\u010dinej, ktor\u00e9 sa uskuto\u010dn\u00ed d\u0148a 25.9.2025 o\u00a018:00 hod. v\u00a0s\u00e1le obecn\u00e9ho \u00faradu . \u00a0 PROGRAM: Otvorenie OZ Vo\u013eba n\u00e1vrhovej komisie, overovate\u013ea z\u00e1pisnice a zapisovate\u013ea Program obecn\u00e9ho zastupite\u013estva Kontrola plnenia prijat\u00fdch\u2026","rel":"","context":"V &quot;Zastupite\u013estvo&quot;","block_context":{"text":"Zastupite\u013estvo","link":"https:\/\/www.hornamicina.eu\/web\/category\/zastupitelstvo\/"},"img":{"alt_text":"","src":"https:\/\/i0.wp.com\/www.hornamicina.eu\/web\/wp-content\/uploads\/2017\/07\/zastupitelstvo.jpg?fit=530%2C375&ssl=1&resize=350%2C200","width":350,"height":200,"srcset":"https:\/\/i0.wp.com\/www.hornamicina.eu\/web\/wp-content\/uploads\/2017\/07\/zastupitelstvo.jpg?fit=530%2C375&ssl=1&resize=350%2C200 1x, https:\/\/i0.wp.com\/www.hornamicina.eu\/web\/wp-content\/uploads\/2017\/07\/zastupitelstvo.jpg?fit=530%2C375&ssl=1&resize=525%2C300 1.5x"},"classes":[]},{"id":5116,"url":"https:\/\/www.hornamicina.eu\/web\/pozvanka-na-zasadnutie-oz-v-hornej-micinej-3-2025\/","url_meta":{"origin":5250,"position":2},"title":"Pozv\u00e1nka na zasadnutie OZ v Hornej Mi\u010dinej &#8211; 3\/2025","author":"admin","date":"7. marca 2025","format":false,"excerpt":"POZV\u00c1NKA Pod\u013ea \u00a7 13 ods.4 p\u00edsm.a) z\u00e1kona \u010d.369\/1990 o obecnom zriaden\u00ed v znen\u00ed neskor\u0161\u00edch predpisov zvol\u00e1vam zasadnutie obecn\u00e9ho zastupite\u013estva v\u00a0Hornej Mi\u010dinej, ktor\u00e9 sa uskuto\u010dn\u00ed d\u0148a 13.3.2025 o\u00a017:00hod. v\u00a0s\u00e1le obecn\u00e9ho \u00faradu . \u00a0 PROGRAM: 1. Otvorenie OZ 2. Vo\u013eba n\u00e1vrhovej komisie, overovate\u013ea z\u00e1pisnice a\u00a0zapisovate\u013ea 3. Program obecn\u00e9ho zastupite\u013estva 4. Kontrola plnenia\u2026","rel":"","context":"V &quot;Oznamy&quot;","block_context":{"text":"Oznamy","link":"https:\/\/www.hornamicina.eu\/web\/category\/oznamy\/"},"img":{"alt_text":"","src":"https:\/\/i0.wp.com\/www.hornamicina.eu\/web\/wp-content\/uploads\/2017\/07\/zastupitelstvo.jpg?fit=530%2C375&ssl=1&resize=350%2C200","width":350,"height":200,"srcset":"https:\/\/i0.wp.com\/www.hornamicina.eu\/web\/wp-content\/uploads\/2017\/07\/zastupitelstvo.jpg?fit=530%2C375&ssl=1&resize=350%2C200 1x, https:\/\/i0.wp.com\/www.hornamicina.eu\/web\/wp-content\/uploads\/2017\/07\/zastupitelstvo.jpg?fit=530%2C375&ssl=1&resize=525%2C300 1.5x"},"classes":[]},{"id":5014,"url":"https:\/\/www.hornamicina.eu\/web\/pozvanka-na-zasadnutie-oz-v-hornej-micinej-16-12-2024-1700\/","url_meta":{"origin":5250,"position":3},"title":"Pozv\u00e1nka na zasadnutie OZ v Hornej Mi\u010dinej &#8211; 16.12.2024 17:00","author":"admin","date":"11. decembra 2024","format":false,"excerpt":"POZV\u00c1NKA Pod\u013ea \u00a7 13 ods.4 p\u00edsm.a) z\u00e1kona \u010d.369\/1990 o obecnom zriaden\u00ed v znen\u00ed neskor\u0161\u00edch predpisov, zvol\u00e1vam zasadnutie obecn\u00e9ho zastupite\u013estva v\u00a0Hornej Mi\u010dinej, ktor\u00e9 sa uskuto\u010dn\u00ed d\u0148a 16.12.2024 o\u00a017:00hod. v\u00a0s\u00e1le obecn\u00e9ho \u00faradu . PROGRAM: 1. Otvorenie OZ 2. Vo\u013eba n\u00e1vrhovej komisie, overovate\u013ea z\u00e1pisnice a\u00a0zapisovate\u013ea 3. Schv\u00e1lenie programu obecn\u00e9ho zastupite\u013estva 4. Spr\u00e1va nez\u00e1visl\u00e9ho\u2026","rel":"","context":"V &quot;Oznamy&quot;","block_context":{"text":"Oznamy","link":"https:\/\/www.hornamicina.eu\/web\/category\/oznamy\/"},"img":{"alt_text":"","src":"https:\/\/i0.wp.com\/www.hornamicina.eu\/web\/wp-content\/uploads\/2017\/07\/zastupitelstvo.jpg?fit=530%2C375&ssl=1&resize=350%2C200","width":350,"height":200,"srcset":"https:\/\/i0.wp.com\/www.hornamicina.eu\/web\/wp-content\/uploads\/2017\/07\/zastupitelstvo.jpg?fit=530%2C375&ssl=1&resize=350%2C200 1x, https:\/\/i0.wp.com\/www.hornamicina.eu\/web\/wp-content\/uploads\/2017\/07\/zastupitelstvo.jpg?fit=530%2C375&ssl=1&resize=525%2C300 1.5x"},"classes":[]},{"id":5293,"url":"https:\/\/www.hornamicina.eu\/web\/uznesenia-zo-zasadnutia-oz-hm-konaneho-dna-2-6-2025\/","url_meta":{"origin":5250,"position":4},"title":"Uznesenia zo zasadnutia OZ HM konan\u00e9ho d\u0148a 2.6.2025","author":"admin","date":"13. j\u00fana 2025","format":false,"excerpt":"UZNESENIA zo zasadnutia obecn\u00e9ho zastupite\u013estva (\u010falej len OZ) obce Horn\u00e1 Mi\u010din\u00e1 konan\u00e9ho d\u0148a 2.6.2025 v\u00a0budove obecn\u00e9ho \u00faradu Horn\u00e1 Mi\u010din\u00e1 o\u00a017:00 hod. PR\u00cdTOMN\u00cd POSLANCI: \u00a0\u00a0Michal Karkal\u00edk, \u00a0\u013dubom\u00edr \u010cerh\u00fd\u0148 ,Janka Baranov\u00e1 ,Teodor Bachleda (pr\u00edchod 17:30) NEPR\u00cdTOMN\u00cd POSLANCI: \u00a0-\u00a0 Tibor Pip\u00ed\u0161ka \u00a0 uznesenie \u010d.73\/2025 \u00a0 K\u00a0bodu 2. Vo\u013eba n\u00e1vrhovej komisie, overovate\u013ea z\u00e1pisnice a\u00a0zapisovate\u013ea\u2026","rel":"","context":"V &quot;Uznesenia&quot;","block_context":{"text":"Uznesenia","link":"https:\/\/www.hornamicina.eu\/web\/category\/uznesenia\/"},"img":{"alt_text":"","src":"https:\/\/i0.wp.com\/www.hornamicina.eu\/web\/wp-content\/uploads\/2017\/07\/zastupitelstvo.jpg?fit=530%2C375&ssl=1&resize=350%2C200","width":350,"height":200,"srcset":"https:\/\/i0.wp.com\/www.hornamicina.eu\/web\/wp-content\/uploads\/2017\/07\/zastupitelstvo.jpg?fit=530%2C375&ssl=1&resize=350%2C200 1x, https:\/\/i0.wp.com\/www.hornamicina.eu\/web\/wp-content\/uploads\/2017\/07\/zastupitelstvo.jpg?fit=530%2C375&ssl=1&resize=525%2C300 1.5x"},"classes":[]},{"id":5574,"url":"https:\/\/www.hornamicina.eu\/web\/pozvanka-na-zasadnutie-oz-v-hornej-micinej-11-2025\/","url_meta":{"origin":5250,"position":5},"title":"Pozv\u00e1nka na zasadnutie OZ v Hornej Mi\u010dinej &#8211; 11\/2025","author":"admin","date":"14. novembra 2025","format":false,"excerpt":"Pod\u013ea \u00a7 13 ods.4 p\u00edsm.a) z\u00e1kona \u010d.369\/1990 o obecnom zriaden\u00ed v znen\u00ed neskor\u0161\u00edch predpisov zvol\u00e1vam zasadnutie obecn\u00e9ho zastupite\u013estva v Hornej Mi\u010dinej, ktor\u00e9 sa uskuto\u010dn\u00ed d\u0148a: 19.11.2025 o 16:00 hod. v s\u00e1le obecn\u00e9ho \u00faradu . PROGRAM: Otvorenie OZ Vo\u013eba n\u00e1vrhovej komisie, overovate\u013ea z\u00e1pisnice a zapisovate\u013ea Program obecn\u00e9ho zastupite\u013estva Inform\u00e1cia o stave\u2026","rel":"","context":"V &quot;Zastupite\u013estvo&quot;","block_context":{"text":"Zastupite\u013estvo","link":"https:\/\/www.hornamicina.eu\/web\/category\/zastupitelstvo\/"},"img":{"alt_text":"Logo obce a dokumenty","src":"https:\/\/i0.wp.com\/www.hornamicina.eu\/web\/wp-content\/uploads\/2017\/07\/uznesenia.jpg?fit=530%2C530&ssl=1&resize=350%2C200","width":350,"height":200,"srcset":"https:\/\/i0.wp.com\/www.hornamicina.eu\/web\/wp-content\/uploads\/2017\/07\/uznesenia.jpg?fit=530%2C530&ssl=1&resize=350%2C200 1x, https:\/\/i0.wp.com\/www.hornamicina.eu\/web\/wp-content\/uploads\/2017\/07\/uznesenia.jpg?fit=530%2C530&ssl=1&resize=525%2C300 1.5x"},"classes":[]}],"jetpack_likes_enabled":true,"_links":{"self":[{"href":"https:\/\/www.hornamicina.eu\/web\/wp-json\/wp\/v2\/posts\/5250","targetHints":{"allow":["GET"]}}],"collection":[{"href":"https:\/\/www.hornamicina.eu\/web\/wp-json\/wp\/v2\/posts"}],"about":[{"href":"https:\/\/www.hornamicina.eu\/web\/wp-json\/wp\/v2\/types\/post"}],"author":[{"embeddable":true,"href":"https:\/\/www.hornamicina.eu\/web\/wp-json\/wp\/v2\/users\/1"}],"replies":[{"embeddable":true,"href":"https:\/\/www.hornamicina.eu\/web\/wp-json\/wp\/v2\/comments?post=5250"}],"version-history":[{"count":5,"href":"https:\/\/www.hornamicina.eu\/web\/wp-json\/wp\/v2\/posts\/5250\/revisions"}],"predecessor-version":[{"id":5255,"href":"https:\/\/www.hornamicina.eu\/web\/wp-json\/wp\/v2\/posts\/5250\/revisions\/5255"}],"wp:featuredmedia":[{"embeddable":true,"href":"https:\/\/www.hornamicina.eu\/web\/wp-json\/wp\/v2\/media\/503"}],"wp:attachment":[{"href":"https:\/\/www.hornamicina.eu\/web\/wp-json\/wp\/v2\/media?parent=5250"}],"wp:term":[{"taxonomy":"category","embeddable":true,"href":"https:\/\/www.hornamicina.eu\/web\/wp-json\/wp\/v2\/categories?post=5250"},{"taxonomy":"post_tag","embeddable":true,"href":"https:\/\/www.hornamicina.eu\/web\/wp-json\/wp\/v2\/tags?post=5250"}],"curies":[{"name":"wp","href":"https:\/\/api.w.org\/{rel}","templated":true}]}}