{"id":5246,"date":"2025-05-26T15:51:39","date_gmt":"2025-05-26T13:51:39","guid":{"rendered":"https:\/\/www.hornamicina.eu\/web\/?p=5246"},"modified":"2025-05-26T15:51:39","modified_gmt":"2025-05-26T13:51:39","slug":"den-deti-na-hornej-micinej-31-maj-2025","status":"publish","type":"post","link":"https:\/\/www.hornamicina.eu\/web\/den-deti-na-hornej-micinej-31-maj-2025\/","title":{"rendered":"De\u0148 det\u00ed na Hornej Mi\u010dinej \u2013 31. m\u00e1j 2025"},"content":{"rendered":"<p data-start=\"115\" data-end=\"335\">Obec Horn\u00e1 Mi\u010din\u00e1 srde\u010dne poz\u00fdva v\u0161etky deti a ich rodi\u010dov na z\u00e1bavn\u00e9 popoludnie pri pr\u00edle\u017eitosti Medzin\u00e1rodn\u00e9ho d\u0148a det\u00ed. Podujatie sa uskuto\u010dn\u00ed<\/p>\n<blockquote>\n<p data-start=\"115\" data-end=\"335\"><span style=\"font-size: 14pt;\"><strong data-start=\"261\" data-end=\"301\">v sobotu 31. m\u00e1ja 2025 od 14:00 hod.<\/strong> na <strong data-start=\"305\" data-end=\"334\">ihrisku pri Obecnom \u00farade<\/strong>.<\/span><\/p>\n<\/blockquote>\n<p data-start=\"337\" data-end=\"436\">Vstup je <strong data-start=\"346\" data-end=\"355\">vo\u013en\u00fd<\/strong> a pripraven\u00fd je pestr\u00fd program pln\u00fd z\u00e1bavy, hier a dobr\u00f4t pre mal\u00fdch aj ve\u013ek\u00fdch.<\/p>\n<h3 data-start=\"438\" data-end=\"450\">Program:<\/h3>\n<ul data-start=\"452\" data-end=\"955\">\n<li data-start=\"452\" data-end=\"507\">\n<p data-start=\"454\" data-end=\"507\">Sokoliarstvo \u2013 uk\u00e1\u017eky dravcov<\/p>\n<\/li>\n<li data-start=\"508\" data-end=\"549\">\n<p data-start=\"510\" data-end=\"549\">Penov\u00e1 discoparty \u2013 tanec, hudba a pena<\/p>\n<\/li>\n<li data-start=\"550\" data-end=\"597\">\n<p data-start=\"552\" data-end=\"597\">Sk\u00e1kacie hrady \u2013 z\u00e1bava pre deti ka\u017ed\u00e9ho veku<\/p>\n<\/li>\n<li data-start=\"598\" data-end=\"662\">\n<p data-start=\"600\" data-end=\"662\">Prav\u00e9 franc\u00fazske palacinky \u2013 sladk\u00e9 pote\u0161enie priamo na mieste<\/p>\n<\/li>\n<li data-start=\"663\" data-end=\"726\">\n<p data-start=\"665\" data-end=\"726\">Hasi\u010dsk\u00e9 auto \u2013 uk\u00e1\u017eka techniky<\/p>\n<\/li>\n<li data-start=\"727\" data-end=\"782\">\n<p data-start=\"729\" data-end=\"782\">\u0160portov\u00e9 hry a s\u00fa\u0165a\u017ee \u2013 pohyb a s\u00fa\u0165a\u017eenie s kamar\u00e1tmi<\/p>\n<\/li>\n<li data-start=\"783\" data-end=\"829\">\n<p data-start=\"785\" data-end=\"829\">DJ Mi\u0161o<\/p>\n<\/li>\n<li data-start=\"830\" data-end=\"903\">\n<p data-start=\"832\" data-end=\"903\">Ma\u013eovanie na tv\u00e1r \u2013 farebn\u00e9 premeny<\/p>\n<\/li>\n<li data-start=\"904\" data-end=\"955\">\n<p data-start=\"906\" data-end=\"955\">Ob\u010derstvenie \u2013 bohat\u00fd v\u00fdber pre deti aj dospel\u00fdch<\/p>\n<\/li>\n<\/ul>\n<p data-start=\"957\" data-end=\"1048\">Pr\u00ed\u010fte si u\u017ei\u0165 kr\u00e1sne rodinn\u00e9 popoludnie pln\u00e9 radosti, pohybu a z\u00e1bavy.<\/p>\n<p data-start=\"957\" data-end=\"1048\">Te\u0161\u00edme sa na v\u00e1s!<\/p>\n<p data-start=\"1050\" data-end=\"1071\"><strong data-start=\"1050\" data-end=\"1071\">Obec Horn\u00e1 Mi\u010din\u00e1<\/strong><\/p>\n<p data-start=\"1050\" data-end=\"1071\"><a href=\"https:\/\/i0.wp.com\/www.hornamicina.eu\/web\/wp-content\/uploads\/2025\/05\/MDD2025.jpg?ssl=1\"><img data-recalc-dims=\"1\" loading=\"lazy\" decoding=\"async\" data-attachment-id=\"5248\" data-permalink=\"https:\/\/www.hornamicina.eu\/web\/den-deti-na-hornej-micinej-31-maj-2025\/mdd2025\/\" data-orig-file=\"https:\/\/i0.wp.com\/www.hornamicina.eu\/web\/wp-content\/uploads\/2025\/05\/MDD2025.jpg?fit=1300%2C1843&amp;ssl=1\" data-orig-size=\"1300,1843\" data-comments-opened=\"0\" data-image-meta=\"{&quot;aperture&quot;:&quot;0&quot;,&quot;credit&quot;:&quot;&quot;,&quot;camera&quot;:&quot;&quot;,&quot;caption&quot;:&quot;&quot;,&quot;created_timestamp&quot;:&quot;0&quot;,&quot;copyright&quot;:&quot;&quot;,&quot;focal_length&quot;:&quot;0&quot;,&quot;iso&quot;:&quot;0&quot;,&quot;shutter_speed&quot;:&quot;0&quot;,&quot;title&quot;:&quot;&quot;,&quot;orientation&quot;:&quot;0&quot;}\" data-image-title=\"MDD2025\" data-image-description=\"\" data-image-caption=\"\" data-large-file=\"https:\/\/i0.wp.com\/www.hornamicina.eu\/web\/wp-content\/uploads\/2025\/05\/MDD2025.jpg?fit=722%2C1024&amp;ssl=1\" class=\"alignnone size-large wp-image-5248\" src=\"https:\/\/i0.wp.com\/www.hornamicina.eu\/web\/wp-content\/uploads\/2025\/05\/MDD2025.jpg?resize=722%2C1024&#038;ssl=1\" alt=\"\" width=\"722\" height=\"1024\" srcset=\"https:\/\/i0.wp.com\/www.hornamicina.eu\/web\/wp-content\/uploads\/2025\/05\/MDD2025.jpg?resize=722%2C1024&amp;ssl=1 722w, https:\/\/i0.wp.com\/www.hornamicina.eu\/web\/wp-content\/uploads\/2025\/05\/MDD2025.jpg?resize=212%2C300&amp;ssl=1 212w, https:\/\/i0.wp.com\/www.hornamicina.eu\/web\/wp-content\/uploads\/2025\/05\/MDD2025.jpg?resize=768%2C1089&amp;ssl=1 768w, https:\/\/i0.wp.com\/www.hornamicina.eu\/web\/wp-content\/uploads\/2025\/05\/MDD2025.jpg?resize=1083%2C1536&amp;ssl=1 1083w, https:\/\/i0.wp.com\/www.hornamicina.eu\/web\/wp-content\/uploads\/2025\/05\/MDD2025.jpg?resize=720%2C1021&amp;ssl=1 720w, https:\/\/i0.wp.com\/www.hornamicina.eu\/web\/wp-content\/uploads\/2025\/05\/MDD2025.jpg?w=1300&amp;ssl=1 1300w\" sizes=\"auto, (max-width: 722px) 100vw, 722px\" \/><\/a><\/p>\n","protected":false},"excerpt":{"rendered":"Obec Horn\u00e1 Mi\u010din\u00e1 srde\u010dne poz\u00fdva v\u0161etky deti a ich rodi\u010dov na z\u00e1bavn\u00e9 popoludnie [&hellip;]","protected":false},"author":1,"featured_media":5247,"comment_status":"closed","ping_status":"open","sticky":false,"template":"","format":"standard","meta":{"advanced_seo_description":"","jetpack_seo_html_title":"","jetpack_seo_noindex":false,"_jetpack_memberships_contains_paid_content":false,"footnotes":""},"categories":[5,7,8],"tags":[],"class_list":["post-5246","post","type-post","status-publish","format-standard","has-post-thumbnail","hentry","category-dolezite","category-kultura","category-oznamy"],"jetpack_featured_media_url":"https:\/\/i0.wp.com\/www.hornamicina.eu\/web\/wp-content\/uploads\/2025\/05\/MDD-titl.jpg?fit=1297%2C819&ssl=1","jetpack_sharing_enabled":true,"jetpack_shortlink":"https:\/\/wp.me\/p8RsFw-1mC","jetpack-related-posts":[{"id":3691,"url":"https:\/\/www.hornamicina.eu\/web\/den-deti-na-micinej-27-5-2023-od-1230\/","url_meta":{"origin":5246,"position":0},"title":"De\u0148 det\u00ed na Mi\u010dinej  &#8211; 27.5.2023 od 12:30","author":"admin","date":"10. m\u00e1ja 2023","format":false,"excerpt":"Nalodenie bude o 13:00 na ihrisku pri Obecnom \u00farade Horn\u00e1 Mi\u010din\u00e1, vylodenie je napl\u00e1novan\u00e9 o 16:00. V\u0161etky pr\u00fa\u017ekovan\u00e9 tri\u010dk\u00e1 s\u00fa v\u00edtan\u00e9! 27.5.2023 od 12:30 \u010cak\u00e1 na V\u00e1s: Ve\u013ek\u00e9 bublinkov\u00e9 prekvapenie Divadlo pod balk\u00f3nom Pir\u00e1tska show H\u013eadanie pokladu Interakt\u00edvne hry a s\u00fa\u0165a\u017ee K\u00fatik pre najmen\u0161\u00edch Sk\u00e1kac\u00ed hrad \u00a017:00 - DISCO DJ\u2026","rel":"","context":"V &quot;D\u00f4le\u017eit\u00e9&quot;","block_context":{"text":"D\u00f4le\u017eit\u00e9","link":"https:\/\/www.hornamicina.eu\/web\/category\/dolezite\/"},"img":{"alt_text":"","src":"https:\/\/i0.wp.com\/www.hornamicina.eu\/web\/wp-content\/uploads\/2023\/05\/Den-deti-2023-baner.png?fit=1194%2C578&ssl=1&resize=350%2C200","width":350,"height":200,"srcset":"https:\/\/i0.wp.com\/www.hornamicina.eu\/web\/wp-content\/uploads\/2023\/05\/Den-deti-2023-baner.png?fit=1194%2C578&ssl=1&resize=350%2C200 1x, https:\/\/i0.wp.com\/www.hornamicina.eu\/web\/wp-content\/uploads\/2023\/05\/Den-deti-2023-baner.png?fit=1194%2C578&ssl=1&resize=525%2C300 1.5x, https:\/\/i0.wp.com\/www.hornamicina.eu\/web\/wp-content\/uploads\/2023\/05\/Den-deti-2023-baner.png?fit=1194%2C578&ssl=1&resize=700%2C400 2x, https:\/\/i0.wp.com\/www.hornamicina.eu\/web\/wp-content\/uploads\/2023\/05\/Den-deti-2023-baner.png?fit=1194%2C578&ssl=1&resize=1050%2C600 3x"},"classes":[]},{"id":4246,"url":"https:\/\/www.hornamicina.eu\/web\/mdd-na-hornej-micinej-1-6-2024\/","url_meta":{"origin":5246,"position":1},"title":"MDD na Hornej Mi\u010dinej &#8211; 1.6.2024","author":"admin","date":"16. m\u00e1ja 2024","format":false,"excerpt":"Obec Horn\u00e1 Mi\u010din\u00e1 poz\u00fdva v\u0161etky deti a rodi\u010dov na de\u0148 det\u00ed na Mi\u010dinej. Horn\u00e1 Mi\u010din\u00e1 poz\u00fdva v\u0161etky deti a rodi\u010dov na de\u0148 det\u00ed na Mi\u010dinej. 1.6.2024 od 15:00 hod \u0160portov\u00e9 ihrisko pri Obecnom \u00farade Program: Program: sk\u00e1kacie hrady \u2013 Lev\u00ed kr\u00e1\u013e a Dr\u00e1\u010dik Divadeln\u00e9 predstavenie o sedlia\u010dke dareb\u00e1\u010dke \/ Divadlo\u2026","rel":"","context":"V &quot;D\u00f4le\u017eit\u00e9&quot;","block_context":{"text":"D\u00f4le\u017eit\u00e9","link":"https:\/\/www.hornamicina.eu\/web\/category\/dolezite\/"},"img":{"alt_text":"","src":"https:\/\/i0.wp.com\/www.hornamicina.eu\/web\/wp-content\/uploads\/2024\/05\/IMG_3778.jpeg?fit=1200%2C557&ssl=1&resize=350%2C200","width":350,"height":200,"srcset":"https:\/\/i0.wp.com\/www.hornamicina.eu\/web\/wp-content\/uploads\/2024\/05\/IMG_3778.jpeg?fit=1200%2C557&ssl=1&resize=350%2C200 1x, https:\/\/i0.wp.com\/www.hornamicina.eu\/web\/wp-content\/uploads\/2024\/05\/IMG_3778.jpeg?fit=1200%2C557&ssl=1&resize=525%2C300 1.5x, https:\/\/i0.wp.com\/www.hornamicina.eu\/web\/wp-content\/uploads\/2024\/05\/IMG_3778.jpeg?fit=1200%2C557&ssl=1&resize=700%2C400 2x, https:\/\/i0.wp.com\/www.hornamicina.eu\/web\/wp-content\/uploads\/2024\/05\/IMG_3778.jpeg?fit=1200%2C557&ssl=1&resize=1050%2C600 3x"},"classes":[]},{"id":3148,"url":"https:\/\/www.hornamicina.eu\/web\/hura-na-prazdniny-2022\/","url_meta":{"origin":5246,"position":2},"title":"Hur\u00e1 na pr\u00e1zdniny &#8211; 2.7.2022","author":"admin","date":"28. j\u00fana 2022","format":false,"excerpt":"Obecn\u00fd \u00farad poz\u00fdva v\u0161etky deti na \u0161portovo-z\u00e1bavn\u00fd program: 2.7.2022 \/sobota\/\u00a0 are\u00e1l nov\u00e9ho futbalov\u00e9ho ihriska Dopoludnia: cyklot\u00fara, zraz o 10:00 na parkovisku pri novom futbalovom ihrisku Od 14:00: sk\u00e1kac\u00ed hrad hasi\u010dsk\u00e1 techinka jazda na \u0161tvorkolke penov\u00e1 \u0161ou \u0161portov\u00e9 hry Ob\u010derstvenie: gul\u00e1\u0161 palacinky sladk\u00e9 odmeny pre deti \u00a0 Fotky z podujatia","rel":"","context":"V &quot;Foto&quot;","block_context":{"text":"Foto","link":"https:\/\/www.hornamicina.eu\/web\/category\/foto\/"},"img":{"alt_text":"","src":"https:\/\/i0.wp.com\/www.hornamicina.eu\/web\/wp-content\/uploads\/2022\/06\/Snimka-obrazovky-2022-06-28-105904.jpg?fit=950%2C518&ssl=1&resize=350%2C200","width":350,"height":200,"srcset":"https:\/\/i0.wp.com\/www.hornamicina.eu\/web\/wp-content\/uploads\/2022\/06\/Snimka-obrazovky-2022-06-28-105904.jpg?fit=950%2C518&ssl=1&resize=350%2C200 1x, https:\/\/i0.wp.com\/www.hornamicina.eu\/web\/wp-content\/uploads\/2022\/06\/Snimka-obrazovky-2022-06-28-105904.jpg?fit=950%2C518&ssl=1&resize=525%2C300 1.5x, https:\/\/i0.wp.com\/www.hornamicina.eu\/web\/wp-content\/uploads\/2022\/06\/Snimka-obrazovky-2022-06-28-105904.jpg?fit=950%2C518&ssl=1&resize=700%2C400 2x"},"classes":[]},{"id":1100,"url":"https:\/\/www.hornamicina.eu\/web\/mikulas-2018\/","url_meta":{"origin":5246,"position":3},"title":"Mikul\u00e1\u0161 2018","author":"admin","date":"29. novembra 2018","format":false,"excerpt":"Obec Horn\u00e1 Mi\u010din\u00e1 poz\u00fdva mal\u00fdch aj ve\u013ek\u00fdch d\u0148a 8.12.2018 (sobota) na stretnutie s Mikul\u00e1\u0161om, rozsvietenie viano\u010dn\u00e9ho strom\u010deka a sladk\u00fa odmenu pre deti. Pozv\u00e1nka na stretnutie s Mikul\u00e1\u0161om - 2018 \u00a0 PROGRAM: 14:30 hod. \u00a0 \u00a0- divadeln\u00e9 predstavenie hercov z Divadla pod balk\u00f3nom v s\u00e1le obecn\u00e9ho \u00faradu a rozd\u00e1vanie mikul\u00e1\u0161skych bal\u00edkov\u2026","rel":"","context":"V &quot;Kult\u00fara&quot;","block_context":{"text":"Kult\u00fara","link":"https:\/\/www.hornamicina.eu\/web\/category\/kultura\/"},"img":{"alt_text":"","src":"https:\/\/i0.wp.com\/www.hornamicina.eu\/web\/wp-content\/uploads\/2017\/12\/stromcek1.png?fit=530%2C530&ssl=1&resize=350%2C200","width":350,"height":200,"srcset":"https:\/\/i0.wp.com\/www.hornamicina.eu\/web\/wp-content\/uploads\/2017\/12\/stromcek1.png?fit=530%2C530&ssl=1&resize=350%2C200 1x, https:\/\/i0.wp.com\/www.hornamicina.eu\/web\/wp-content\/uploads\/2017\/12\/stromcek1.png?fit=530%2C530&ssl=1&resize=525%2C300 1.5x"},"classes":[]},{"id":4979,"url":"https:\/\/www.hornamicina.eu\/web\/popoludnie-s-mikulasom-a-kuzelnikom\/","url_meta":{"origin":5246,"position":4},"title":"Popoludnie s Mikul\u00e1\u0161om a k\u00fazeln\u00edkom","author":"admin","date":"28. novembra 2024","format":false,"excerpt":"Obec Horn\u00e1 Mi\u010din\u00e1 poz\u00fdva v\u0161etky deti a rodi\u010dov 7.12.2024 \/ sobota \/ od 16:00 na Popoludnie s Mikul\u00e1\u0161om a k\u00fazeln\u00edkom stretnutie o 16:00 hod v parku pri rozsvieten\u00ed viano\u010dn\u00e9ho strom\u010deka \u010ealej V\u00e1s \u010dak\u00e1: vesel\u00e1 k\u00fazeln\u00edcka show s K\u00fazeln\u00edkom Michalom pr\u00edde aj \u010dert a anjel sladk\u00e9 odmeny pre v\u0161etky dobr\u00e9 deti\u2026","rel":"","context":"V &quot;Kult\u00fara&quot;","block_context":{"text":"Kult\u00fara","link":"https:\/\/www.hornamicina.eu\/web\/category\/kultura\/"},"img":{"alt_text":"","src":"https:\/\/i0.wp.com\/www.hornamicina.eu\/web\/wp-content\/uploads\/2024\/11\/Mikulas2024.png?fit=1200%2C509&ssl=1&resize=350%2C200","width":350,"height":200,"srcset":"https:\/\/i0.wp.com\/www.hornamicina.eu\/web\/wp-content\/uploads\/2024\/11\/Mikulas2024.png?fit=1200%2C509&ssl=1&resize=350%2C200 1x, https:\/\/i0.wp.com\/www.hornamicina.eu\/web\/wp-content\/uploads\/2024\/11\/Mikulas2024.png?fit=1200%2C509&ssl=1&resize=525%2C300 1.5x, https:\/\/i0.wp.com\/www.hornamicina.eu\/web\/wp-content\/uploads\/2024\/11\/Mikulas2024.png?fit=1200%2C509&ssl=1&resize=700%2C400 2x, https:\/\/i0.wp.com\/www.hornamicina.eu\/web\/wp-content\/uploads\/2024\/11\/Mikulas2024.png?fit=1200%2C509&ssl=1&resize=1050%2C600 3x"},"classes":[]},{"id":3734,"url":"https:\/\/www.hornamicina.eu\/web\/den-deti-2023-foto\/","url_meta":{"origin":5246,"position":5},"title":"De\u0148 det\u00ed 2023 &#8211; foto","author":"admin","date":"2. j\u00fana 2023","format":false,"excerpt":"Chceme sa v\u00e1m \u00faprimne po\u010fakova\u0165 za Va\u0161u \u00fa\u010das\u0165 na tomto podujat\u00ed, ktor\u00e9 sme ned\u00e1vno zorganizovali v na\u0161ej obci. Bol to neuverite\u013en\u00fd de\u0148 pln\u00fd radosti a z\u00e1bavy, a va\u0161a pr\u00edtomnos\u0165 v \u0148om zohrala ve\u013ek\u00fa rolu. Chceli by sme sa v\u00e1m po\u010fakova\u0165 za to, \u017ee ste si na\u0161li \u010das a pri\u0161li sa\u2026","rel":"","context":"V &quot;Foto&quot;","block_context":{"text":"Foto","link":"https:\/\/www.hornamicina.eu\/web\/category\/foto\/"},"img":{"alt_text":"","src":"https:\/\/i0.wp.com\/www.hornamicina.eu\/web\/wp-content\/uploads\/2023\/06\/20230527_130400-min-scaled.jpg?fit=1200%2C675&ssl=1&resize=350%2C200","width":350,"height":200,"srcset":"https:\/\/i0.wp.com\/www.hornamicina.eu\/web\/wp-content\/uploads\/2023\/06\/20230527_130400-min-scaled.jpg?fit=1200%2C675&ssl=1&resize=350%2C200 1x, https:\/\/i0.wp.com\/www.hornamicina.eu\/web\/wp-content\/uploads\/2023\/06\/20230527_130400-min-scaled.jpg?fit=1200%2C675&ssl=1&resize=525%2C300 1.5x, https:\/\/i0.wp.com\/www.hornamicina.eu\/web\/wp-content\/uploads\/2023\/06\/20230527_130400-min-scaled.jpg?fit=1200%2C675&ssl=1&resize=700%2C400 2x, https:\/\/i0.wp.com\/www.hornamicina.eu\/web\/wp-content\/uploads\/2023\/06\/20230527_130400-min-scaled.jpg?fit=1200%2C675&ssl=1&resize=1050%2C600 3x"},"classes":[]}],"jetpack_likes_enabled":true,"_links":{"self":[{"href":"https:\/\/www.hornamicina.eu\/web\/wp-json\/wp\/v2\/posts\/5246","targetHints":{"allow":["GET"]}}],"collection":[{"href":"https:\/\/www.hornamicina.eu\/web\/wp-json\/wp\/v2\/posts"}],"about":[{"href":"https:\/\/www.hornamicina.eu\/web\/wp-json\/wp\/v2\/types\/post"}],"author":[{"embeddable":true,"href":"https:\/\/www.hornamicina.eu\/web\/wp-json\/wp\/v2\/users\/1"}],"replies":[{"embeddable":true,"href":"https:\/\/www.hornamicina.eu\/web\/wp-json\/wp\/v2\/comments?post=5246"}],"version-history":[{"count":1,"href":"https:\/\/www.hornamicina.eu\/web\/wp-json\/wp\/v2\/posts\/5246\/revisions"}],"predecessor-version":[{"id":5249,"href":"https:\/\/www.hornamicina.eu\/web\/wp-json\/wp\/v2\/posts\/5246\/revisions\/5249"}],"wp:featuredmedia":[{"embeddable":true,"href":"https:\/\/www.hornamicina.eu\/web\/wp-json\/wp\/v2\/media\/5247"}],"wp:attachment":[{"href":"https:\/\/www.hornamicina.eu\/web\/wp-json\/wp\/v2\/media?parent=5246"}],"wp:term":[{"taxonomy":"category","embeddable":true,"href":"https:\/\/www.hornamicina.eu\/web\/wp-json\/wp\/v2\/categories?post=5246"},{"taxonomy":"post_tag","embeddable":true,"href":"https:\/\/www.hornamicina.eu\/web\/wp-json\/wp\/v2\/tags?post=5246"}],"curies":[{"name":"wp","href":"https:\/\/api.w.org\/{rel}","templated":true}]}}