{"id":5151,"date":"2025-03-21T19:04:52","date_gmt":"2025-03-21T18:04:52","guid":{"rendered":"https:\/\/www.hornamicina.eu\/web\/?p=5151"},"modified":"2025-03-21T19:04:52","modified_gmt":"2025-03-21T18:04:52","slug":"zapisnica-zo-zasadnutia-oz-zo-dna-13-3-2025","status":"publish","type":"post","link":"https:\/\/www.hornamicina.eu\/web\/zapisnica-zo-zasadnutia-oz-zo-dna-13-3-2025\/","title":{"rendered":"Z\u00c1PISNICA zo zasadnutia OZ zo d\u0148a 13.3.2025"},"content":{"rendered":"<h2 style=\"text-align: center;\">Z\u00e1pisnica<\/h2>\n<h3 style=\"text-align: center;\">zo zasadnutia obecn\u00e9ho zastupite\u013estva (\u010falej len OZ) obce\u00a0Horn\u00e1 Mi\u010din\u00e1<\/h3>\n<h3 style=\"text-align: center;\">konan\u00e9ho d\u0148a13.3.2025 v\u00a0budove obecn\u00e9ho \u00faradu Horn\u00e1 Mi\u010din\u00e1 o\u00a017:00 hod.<\/h3>\n<p>&nbsp;<\/p>\n<p><strong><u>k\u00a0bodu 1:<\/u><\/strong><\/p>\n<p>&nbsp;<\/p>\n<p>PR\u00cdTOMN\u00cd:<\/p>\n<p>Starosta obce:\u00a0\u00a0\u00a0\u00a0\u00a0\u00a0\u00a0\u00a0\u00a0\u00a0\u00a0\u00a0\u00a0\u00a0\u00a0\u00a0\u00a0\u00a0\u00a0\u00a0\u00a0\u00a0\u00a0\u00a0\u00a0\u00a0\u00a0\u00a0\u00a0\u00a0 Ivan Len\u00e1r<\/p>\n<p>Poslanci OZ:\u00a0\u00a0\u00a0\u00a0\u00a0\u00a0\u00a0\u00a0\u00a0\u00a0\u00a0\u00a0\u00a0\u00a0\u00a0\u00a0\u00a0\u00a0\u00a0\u00a0\u00a0\u00a0\u00a0\u00a0\u00a0\u00a0\u00a0\u00a0\u00a0\u00a0\u00a0\u00a0\u00a0\u00a0 pod\u013ea prilo\u017eenej prezen\u010dnej listiny<\/p>\n<p>Ob\u010dania obce a\u00a0prizvan\u00ed:\u00a0\u00a0\u00a0\u00a0\u00a0\u00a0\u00a0\u00a0\u00a0\u00a0\u00a0\u00a0 pod\u013ea prilo\u017eenej prezen\u010dnej listiny<\/p>\n<p>&nbsp;<\/p>\n<p>Zasadnutie obecn\u00e9ho zastupite\u013estva otvoril a\u00a0viedol starosta obce Ivan Len\u00e1r. Priv\u00edtal pr\u00edtomn\u00fdch poslancov obecn\u00e9ho zastupite\u013estva a\u00a0ob\u010danov obce. Skon\u0161tatoval, \u017ee pr\u00edtomn\u00ed s\u00fa traja poslanci (Bachleda Teodor,\u00a0 Karkal\u00edk Michal,\u013dubom\u00edr \u010cerh\u00fd\u0148. Zo zasadnutia sa ospravedlnili dvaja\u00a0 poslanci (Jana Baranov\u00e1,Tibor Pip\u00ed\u0161ka).<\/p>\n<p>Starosta skon\u0161tatoval, \u017ee OZ je uzn\u00e1\u0161ania schopn\u00e9 .<\/p>\n<p>&nbsp;<\/p>\n<p><strong><u>K\u00a0bodu 2. Vo\u013eba n\u00e1vrhovej komisie, overovate\u013ea z\u00e1pisnice a\u00a0zapisovate\u013ea<\/u><\/strong><\/p>\n<p>&nbsp;<\/p>\n<p>starosta otvoril bod programu a\u00a0navrhol a ur\u010dil \u010dlenov do n\u00e1vrhovej komisie, overovate\u013ea a\u00a0zapisovate\u013ea z\u00e1pisnice.<\/p>\n<ul>\n<li>Karkal\u00edka do n\u00e1vrhovej komisie<\/li>\n<li>\u013d.\u010cerh\u00fd\u0148a\u00a0 za overovate\u013ea z\u00e1pisnice<\/li>\n<li>T.Bachledu\u00a0 za zapisovate\u013ea z\u00e1pisnice<\/li>\n<\/ul>\n<p><em>Pr\u00edtomn\u00fdch poslancov vyzval \u010di maj\u00fa na doplnenie in\u00fd n\u00e1vrh. Poslanci nemali \u017eiaden n\u00e1vrh a\u00a0tak dal starosta obce hlasova\u0165.<\/em><\/p>\n<p><strong><u>uznesenie \u010d.59\/2025 zo d\u0148a 13.3.2025<\/u><\/strong><\/p>\n<p><em>\u00a0<\/em><\/p>\n<p><em>Pr\u00edtomn\u00fd poslanci pri hlasovan\u00ed:<\/em> T.Bachleda, M.Karkal\u00edk, \u013d.\u010cerh\u00fd\u0148<\/p>\n<p>&nbsp;<\/p>\n<p>Hlasovali za: (3 )<\/p>\n<p>proti:\u00a0 (0)<\/p>\n<p>zdr\u017eali sa: (0 )<\/p>\n<p>Starosta skon\u0161tatoval, \u017ee uznesenie \u010d.59\/2025 \u00a0zo d\u0148a 13.3.2025\u00a0 <strong><u>OZ schva\u013euje<\/u><\/strong><\/p>\n<p>&nbsp;<\/p>\n<p><strong><u>k\u00a0bodu 3. Schv\u00e1lenie programu obecn\u00e9ho zastupite\u013estva<\/u><\/strong><\/p>\n<p>starosta otvoril bod n\u00e1vrh programu OZ ,ktor\u00fd bol poslancom riadne a\u00a0v\u010das doru\u010den\u00fd,rovnako aj zverejnen\u00fd na webovom s\u00eddle a\u00a0na \u00faradnej tabuli obce.Poslanci nemali \u017eiadny pozme\u0148uj\u00faci n\u00e1vrh\u00a0 a\u00a0tak starosta navrhol doplnenie programu o\u00a0jeden bod a\u00a0to: \u017diados\u0165 o\u00a0pr\u00edspevok z\u00a0fondu na podporu \u0161portu,,Obnova multifunk\u010dn\u00e9ho ihriska v\u00a0obci\u201c. O\u00a0tomto bode sa bude hlasova\u0165 samostatne a\u00a0bude k\u00a0tomu aj samostatn\u00e9 uznesenie<\/p>\n<p><strong><u>uznesenie \u010d.60\/2025 zo d\u0148a 13.3.2025<\/u><\/strong><\/p>\n<p>predlo\u017een\u00fd program OZ obce Horn\u00e1 Mi\u010din\u00e1<\/p>\n<p>starosta po\u017eiadal poslancov o\u00a0hlasovanie za n\u00e1vrh programu rokovania<\/p>\n<p>&nbsp;<\/p>\n<p><em>Pr\u00edtomn\u00fd poslanci pri hlasovan\u00ed:<\/em> T.Bachleda, M.Karkal\u00edk, \u013d.\u010cerh\u00fd\u0148<\/p>\n<p>&nbsp;<\/p>\n<p>Hlasovali za: (3 )<\/p>\n<p>proti:\u00a0 (0)<\/p>\n<p>zdr\u017eali sa: (0 )<\/p>\n<p>Starosta skon\u0161tatoval, \u017ee uznesenie \u010d.60\/2025 \u00a0zo d\u0148a 13.3.2025\u00a0 OZ schva\u013euje<\/p>\n<p>&nbsp;<\/p>\n<p><strong><u>uznesenie \u010d.61\/2025 zo d\u0148a 13.3.2025<\/u><\/strong><\/p>\n<p>predlo\u017een\u00fd dopl\u0148uj\u00faci n\u00e1vrh do programu OZ obce Horn\u00e1 Mi\u010din\u00e1<\/p>\n<p>starosta po\u017eiadal poslancov o\u00a0hlasovanie za dopl\u0148uj\u00faci n\u00e1vrh do programu rokovania<\/p>\n<p>&nbsp;<\/p>\n<p><em>Pr\u00edtomn\u00fd poslanci pri hlasovan\u00ed:<\/em> T.Bachleda, M.Karkal\u00edk, \u013d.\u010cerh\u00fd\u0148<\/p>\n<p>&nbsp;<\/p>\n<p>Hlasovali za: (3 )<\/p>\n<p>proti:\u00a0 (0)<\/p>\n<p>zdr\u017eali sa: (0 )<\/p>\n<p>Starosta skon\u0161tatoval, \u017ee uznesenie \u010d.61\/2025 \u00a0zo d\u0148a 13.3.2025\u00a0 <strong><u>OZ schva\u013euje<\/u><\/strong><\/p>\n<p>&nbsp;<\/p>\n<p><strong><u>k\u00a0bodu 4.<\/u><\/strong><strong><u> Kontrola plnenia prijat\u00fdch uznesen\u00ed OZ d\u0148a 16.12.2024 ako aj uznesen\u00ed prijat\u00fdch OZ v\u00a0r.2023-2024,ktor\u00e9 neboli splnen\u00e9 k\u00a031.12.2024<\/u><\/strong><\/p>\n<p>starosta vyzval HK obce p.Petr\u00edka, aby pre\u010d\u00edtal vyhodnotenie\u00a0 plnenia uznesen\u00ed z\u00a016.12.2024 ako aj uznesen\u00ed prijat\u00fdch v\u00a0r.2023-2024,ktor\u00e9 neboli splnen\u00e9<\/p>\n<p>HKO obozn\u00e1mil poslancov s\u00a0plnen\u00edm uznesen\u00ed a\u00a0skon\u0161tatoval,\u017ee boli splnen\u00e9 resp. s\u00fa v\u00a0plnen\u00ed a\u00a0odporu\u010dil OZ zobra\u0165 vyhodnotenie plnenia uznesen\u00ed na vedomie<\/p>\n<p>&nbsp;<\/p>\n<p>Rozprava poslancov:<\/p>\n<p>Do rozpravy sa neprihl\u00e1sil \u017eiaden poslanec<\/p>\n<p>&nbsp;<\/p>\n<p><strong><u>uznesenie \u010d.62\/2025 zo d\u0148a 13.3.2025<\/u><\/strong><\/p>\n<p>Kontrola plnenia prijat\u00fdch uznesen\u00ed OZ d\u0148a 16.12.2024 ako aj uznesen\u00ed prijat\u00fdch OZ v\u00a0r.2023-2024,ktor\u00e9 neboli splnen\u00e9 k\u00a031.12.2024<\/p>\n<p>&nbsp;<\/p>\n<p>starosta po\u017eiadal poslancov o\u00a0hlasovanie za n\u00e1vrh uznesenia,ktor\u00e9 OZ berie na vedomie<\/p>\n<p>&nbsp;<\/p>\n<p><em>Pr\u00edtomn\u00fd poslanci pri hlasovan\u00ed:<\/em> T.Bachleda, M.Karkal\u00edk, \u013d.\u010cerh\u00fd\u0148<\/p>\n<p>&nbsp;<\/p>\n<p>Hlasovali za: (3 )<\/p>\n<p>proti:\u00a0 (0)<\/p>\n<p>zdr\u017eali sa: (0 )<\/p>\n<p>Starosta skon\u0161tatoval, \u017ee uznesenie \u010d.62\/2025 \u00a0zo d\u0148a 13.3.2025\u00a0 <strong><u>OZ berie na vedomie<\/u><\/strong><\/p>\n<p>&nbsp;<\/p>\n<p><strong><u>k\u00a0bodu 5.<\/u><\/strong><strong><u> Spr\u00e1va HK o\u00a0v\u00fdsledku kontroly \u010d.1\/2025 \u2013 kontrola prevodov nehnute\u013en\u00e9ho majetku obce realizovan\u00fdch v\u00a0r.2023 v\u00a0zmysle \u00a7 18f ods.1 p\u00edsm.i)<\/u><\/strong><\/p>\n<p>starosta vyzval HK obce p.Petr\u00edka, aby pre\u010d\u00edtal spr\u00e1vu o\u00a0v\u00fdsledku kontroly \u010d.1\/2025-kontrola prevodov nehnute\u013en\u00e9ho majetku obce<\/p>\n<p>HK obce skon\u0161tatoval,\u017ee v\u00a0r.2024 nedo\u0161lo k\u00a0prevodu nehnute\u013en\u00e9ho majetku,ktor\u00e9ho hodnota prev\u00fd\u0161ila 20\u00a0000.-eur a\u00a0v\u00a0ostatn\u00fdch pr\u00edpadoch boli splnen\u00e9 v\u0161etky z\u00e1konom stanoven\u00e9 n\u00e1le\u017eitosti.Z kontroly bola vyhotoven\u00e1 spr\u00e1va 5.2.2025,\u010d\u00edm bola kontrola ukon\u010den\u00e1.<\/p>\n<p>&nbsp;<\/p>\n<p>Rozprava poslancov:<\/p>\n<p>Do rozpravy sa neprihl\u00e1sil \u017eiaden poslanec<\/p>\n<p>starosta po\u017eiadal poslancov o\u00a0hlasovanie za n\u00e1vrh uznesenia,ktor\u00e9 OZ berie na vedomie<\/p>\n<p>&nbsp;<\/p>\n<p><strong><u>uznesenie \u010d.63\/2025 zo d\u0148a 13.3.2025<\/u><\/strong><\/p>\n<p>Spr\u00e1va HK o\u00a0v\u00fdsledku kontroly \u010d.1\/2025 \u2013 kontrola prevodov nehnute\u013en\u00e9ho majetku obce realizovan\u00fdch v\u00a0r.2023 v\u00a0zmysle \u00a7 18f ods.1 p\u00edsm.i)<\/p>\n<p><em>Pr\u00edtomn\u00fd poslanci pri hlasovan\u00ed:<\/em> T.Bachleda, M.Karkal\u00edk, \u013d.\u010cerh\u00fd\u0148<\/p>\n<p>&nbsp;<\/p>\n<p>Hlasovali za: (3 )<\/p>\n<p>proti:\u00a0 (0)<\/p>\n<p>zdr\u017eali sa: (0 )<\/p>\n<p>Starosta skon\u0161tatoval, \u017ee uznesenie \u010d.63\/2025 \u00a0zo d\u0148a 13.3.2025\u00a0 <strong><u>OZ berie na vedomie<\/u><\/strong><\/p>\n<p>&nbsp;<\/p>\n<p><strong><u>k\u00a0bodu 6.<\/u><\/strong><strong><u> Ro\u010dn\u00e1 spr\u00e1va o\u00a0kontrolnej \u010dinnosti HK obce Horn\u00e1 Mi\u010din\u00e1 k\u00a031.12.2024<\/u><\/strong><\/p>\n<p>starosta vyzval HK obce p.Petr\u00edka, aby pre\u010d\u00edtal ro\u010dn\u00fa spr\u00e1vu o\u00a0kontrolnej \u010dinnosti HK obce k\u00a031.12.2024<\/p>\n<p>V\u00a0s\u00falade s\u00a0dodr\u017eiavan\u00edm plnenia z\u00e1konn\u00fdch povinnost\u00ed, Hk obce pripravoval,spracov\u00e1val a\u00a0n\u00e1sledne predkladal OZ \u010fal\u0161ie materi\u00e1ly t\u00fdkaj\u00face sa kontrolnej \u010dinnosti.<\/p>\n<ul>\n<li>V\u00fdsledn\u00e9 spr\u00e1vy o\u00a0v\u00fdsledku kontrol<\/li>\n<li>Spr\u00e1vy z\u00a0plnenia prijat\u00fdch uznesen\u00ed OZ v\u00a0r.2024<\/li>\n<li>N\u00e1vrh pl\u00e1nu kontrolnej \u010dinnosti na 2.polrok 2024 a\u00a01.polrok 2025<\/li>\n<li>Odborn\u00e9 stanovisko k\u00a0n\u00e1vrhu rozpo\u010dtu na r.2025-2027<\/li>\n<li>Sledovanie v\u00fdvoja dlhu obce<\/li>\n<li>Predkladanie n\u00e1vrhov VZN a\u00a0smern\u00edc<\/li>\n<li>\u00da\u010das\u0165 na zasadnutiach OZ obce<\/li>\n<li>Vybavovanie podnetov a\u00a0s\u0165a\u017enost\u00ed<\/li>\n<li>\u00da\u010das\u0165 na odborn\u00fdch \u0161koleniach zameran\u00fdch na kontroln\u00fa \u010dinnos\u0165<\/li>\n<\/ul>\n<p>&nbsp;<\/p>\n<p>Rozprava poslancov:<\/p>\n<p>Do rozpravy sa neprihl\u00e1sil \u017eiaden poslanec<\/p>\n<p>starosta po\u017eiadal poslancov o\u00a0hlasovanie za n\u00e1vrh uznesenia,ktor\u00e9\u00a0 OZ\u00a0 berie na vedomie<\/p>\n<p>&nbsp;<\/p>\n<p><strong><u>uznesenie \u010d.64\/2025 zo d\u0148a 13.3.2025<\/u><\/strong><\/p>\n<p>Ro\u010dn\u00e1 spr\u00e1va o\u00a0kontrolnej \u010dinnosti HK obce Horn\u00e1 Mi\u010din\u00e1 k\u00a031.12.2024<\/p>\n<p>&nbsp;<\/p>\n<p><em>Pr\u00edtomn\u00fd poslanci pri hlasovan\u00ed:<\/em> T.Bachleda, M.Karkal\u00edk, \u013d.\u010cerh\u00fd\u0148<\/p>\n<p>&nbsp;<\/p>\n<p>Hlasovali za: (3 )<\/p>\n<p>proti:\u00a0 (0)<\/p>\n<p>zdr\u017eali sa: (0 )<\/p>\n<p>Starosta skon\u0161tatoval, \u017ee uznesenie \u010d.64\/2025 \u00a0zo d\u0148a 13.3.2025\u00a0 <strong><u>OZ berie na vedomie<\/u><\/strong><\/p>\n<p>&nbsp;<\/p>\n<p><strong><u>k\u00a0bodu 7.<\/u><\/strong><strong><u> Preverenie stavu a\u00a0v\u00fdvoja dlhu obce Horn\u00e1 Mi\u010din\u00e1 k\u00a031.12.2024<\/u><\/strong><\/p>\n<p>starosta vyzval HK obce p.Petr\u00edka, aby pre\u010d\u00edtal spr\u00e1vu o\u00a0stave a\u00a0v\u00fdvoji dlhu obce k\u00a031.12.2024<\/p>\n<p>Hk obce skon\u0161tatoval,\u017ee celkov\u00e1 suma dlhu k\u00a031.12.20214 predstavovala\u00a0 57\u00a0748.-eur,\u010do predstavuje celkov\u00fa zad\u013a\u017eenos\u0165 20,89 %,\u010do je oproti septembru pokles o\u00a00,89 %.<\/p>\n<p>Celkov\u00e1 suma dlhu obce k\u00a031.12.2024 neprkro\u010dila z\u00e1konom stanoven\u00e9 limity v\u00a0zmysle \u00a7 17 ods.6 a\u00a0odsd. 9 a\u017e 12 z\u00e1kona \u010d. 83\/2004 Z.z.<\/p>\n<p>&nbsp;<\/p>\n<p>Rozprava poslancov:<\/p>\n<p>Do rozpravy sa neprihl\u00e1sil \u017eiaden poslanec<\/p>\n<p>starosta po\u017eiadal poslancov o\u00a0hlasovanie za n\u00e1vrh uznesenia,ktor\u00e9 sa berie na vedomie<\/p>\n<p>&nbsp;<\/p>\n<p><strong><u>uznesenie \u010d.65\/2025 zo d\u0148a 13.3.2025<\/u><\/strong><\/p>\n<p>Ro\u010dn\u00e1 spr\u00e1va o\u00a0kontrolnej \u010dinnosti HK obce Horn\u00e1 Mi\u010din\u00e1 k\u00a031.12.2024<\/p>\n<p>&nbsp;<\/p>\n<p><em>Pr\u00edtomn\u00fd poslanci pri hlasovan\u00ed:<\/em> T.Bachleda, M.Karkal\u00edk, \u013d.\u010cerh\u00fd\u0148<\/p>\n<p>&nbsp;<\/p>\n<p>Hlasovali za: (3 )<\/p>\n<p>proti:\u00a0 (0)<\/p>\n<p>zdr\u017eali sa: (0 )<\/p>\n<p>Starosta skon\u0161tatoval, \u017ee uznesenie \u010d.65\/2025 \u00a0zo d\u0148a 13.3.2025\u00a0 OZ berie na vedomie<\/p>\n<p>&nbsp;<\/p>\n<p><strong><u>k\u00a0bodu 8<\/u><\/strong><strong><u> .N\u00e1vrh VZN \u010d.1\/2025 o\u00a0podmienkach umiest\u0148ovania volebn\u00fdch plag\u00e1tov v obci<\/u><\/strong><\/p>\n<p>Obec predlo\u017eila Okresnej prokurat\u00fare na z\u00e1klade \u017eiadosti o\u00a0poskytnutie s\u00fa\u010dinnosti na presk\u00famanie platnosti VZN \u010d. 4\/2015 a\u00a0dodatok \u010d. 1\/2019 o\u00a0umiest\u0148ovan\u00ed volebn\u00fdch plag\u00e1tov.Okr.prokurat\u00fara po presk\u00faman\u00ed VZN podala protest,na z\u00e1klade \u010doho n\u00e1m prokur\u00e1tor v\u00a0proteste navrhol zmeni\u0165 ustanovenia VZN tak,aby bolo v\u00a0s\u00falade so z\u00e1konom.<\/p>\n<p>Na z\u00e1klade uveden\u00e9ho obec vypracovala nov\u00fd n\u00e1vrh VZN v\u00a0spolupr\u00e1ci s\u00a0advok\u00e1tskou\u00a0 kancel\u00e1riou.Po schv\u00e1len\u00ed nov\u00e9ho VZN je obec povinn\u00e1 t\u00fato skuto\u010dnos\u0165 ozn\u00e1mi\u0165 prokur\u00e1torovi.<\/p>\n<p>N\u00e1vrh VZN bol riadne zverejnen\u00fd,pripomienky neboli doru\u010den\u00e9.<\/p>\n<p>&nbsp;<\/p>\n<p>Rozprava poslancov:<\/p>\n<p>Do rozpravy sa neprihl\u00e1sil \u017eiaden poslanec<\/p>\n<p>starosta po\u017eiadal poslancov o\u00a0hlasovanie za n\u00e1vrh uznesenia<\/p>\n<p>&nbsp;<\/p>\n<p><strong><u>uznesenie \u010d.66\/2025 zo d\u0148a 13.3.2025<\/u><\/strong><\/p>\n<p>VZN \u010d.1\/2025 o\u00a0podmienkach umiest\u0148ovania volebn\u00fdch plag\u00e1tov v obci<\/p>\n<p><em>Pr\u00edtomn\u00fd poslanci pri hlasovan\u00ed:<\/em> T.Bachleda, M.Karkal\u00edk, \u013d.\u010cerh\u00fd\u0148<\/p>\n<p>&nbsp;<\/p>\n<p>Hlasovali za: (3 )<\/p>\n<p>proti:\u00a0 (0)<\/p>\n<p>zdr\u017eali sa: (0 )<\/p>\n<p>Starosta skon\u0161tatoval, \u017ee uznesenie \u010d.66\/2025 \u00a0zo d\u0148a 13.3.2025\u00a0 <strong><u>OZ schva\u013euje<\/u><\/strong><\/p>\n<p>&nbsp;<\/p>\n<p><strong><u>k\u00a0bodu 9.<\/u><\/strong><strong><u> Pren\u00e1jom obecnej budovy v\u00a0parku,s\u00fap.\u010d.156,veden\u00e9 na LV-195 v\u00a0majetku obce za \u00fa\u010delom pokra\u010dovania prev\u00e1dzky potrav\u00edn a pohostinstva<\/u><\/strong><\/p>\n<p>pren\u00e1jom majetku\/nehnute\u013enosti vo vlastn\u00edctve obce, a\u00a0to:<\/p>\n<p>&nbsp;<\/p>\n<ul>\n<li><strong>stavba \u2013 budova s\u00fapisn\u00e9 \u010d\u00edslo 156 postaven\u00e1 na pozemku parc. \u010d. C-KN 215<\/strong>, druh pozemku: zastavan\u00e1 plocha a\u00a0n\u00e1dvorie o\u00a0v\u00fdmere 492 m\u00b2, evidovanej Okresn\u00fdm \u00faradom Bansk\u00e1 Bystrica, katastr\u00e1lny odbor na <strong>LV \u010d. 195<\/strong>, <strong> \u00fazemie Horn\u00e1 Mi\u010din\u00e1, prenech\u00e1va budovu s\u00fap.\u010d.156 o\u00a0v\u00fdmere 244 m2 a\u00a0\u010das\u0165 pozemku parc.\u010d.215 o\u00a0v\u00fdmere 100 m2 <\/strong><\/li>\n<\/ul>\n<p><strong>\u00a0<\/strong><\/p>\n<p>\u017eiadate\u013eovi:<\/p>\n<p>Meno a priezvisko:\u00a0\u00a0\u00a0\u00a0\u00a0\u00a0\u00a0\u00a0\u00a0\u00a0\u00a0\u00a0\u00a0\u00a0\u00a0\u00a0\u00a0\u00a0\u00a0\u00a0 <strong>Zuzana Krn\u00e1\u010d\u00a0\u00a0\u00a0\u00a0\u00a0\u00a0\u00a0\u00a0\u00a0\u00a0\u00a0\u00a0\u00a0 <\/strong><\/p>\n<p>Trvale bytom:\u00a0\u00a0\u00a0\u00a0\u00a0\u00a0\u00a0\u00a0\u00a0\u00a0\u00a0\u00a0\u00a0\u00a0\u00a0\u00a0\u00a0\u00a0\u00a0\u00a0\u00a0\u00a0\u00a0\u00a0\u00a0\u00a0 <strong>Horn\u00e1 Mi\u010din\u00e1 140, 974 01 Bansk\u00e1 Bystrica, SR,<\/strong><\/p>\n<p>&nbsp;<\/p>\n<p>a to ako pr\u00edpad hodn\u00fd osobitn\u00e9ho zrete\u013ea pod\u013ea \u00a79a ods. 15 p\u00edsm. f) z\u00e1kona \u010d. 138\/1991 Zb., schva\u013eovan\u00fd trojp\u00e4tinovou v\u00e4\u010d\u0161inou v\u0161etk\u00fdch poslancov, ktor\u00fdm je, \u017ee predmetn\u00e1 nehnute\u013enos\u0165 je obcou nevyu\u017e\u00edvan\u00e1, pri\u010dom \u017eiadate\u013e bude predmetn\u00fa nehnute\u013enos\u0165 vyu\u017e\u00edva\u0165 za \u00fa\u010delom pokra\u010dovania v\u00a0prev\u00e1dzke predajne potrav\u00edn a pohostinstva<\/p>\n<p>a\u00a0to na z\u00e1klade Zmluvy o\u00a0n\u00e1jme nebytov\u00fdch priestorov uzatvorenej na obdobie 5 rokov, s\u00a0mo\u017enos\u0165ou jej \u010fal\u0161ieho pred\u013a\u017eenia, za cenu n\u00e1jmu vo v\u00fd\u0161ke\u00a0 201.- \u20ac\/mesa\u010dne) od doby otvorenia prev\u00e1dzky<\/p>\n<p>&nbsp;<\/p>\n<p>Rozprava poslancov:<\/p>\n<p>Do rozpravy sa neprihl\u00e1sil \u017eiaden poslanec<\/p>\n<p>starosta po\u017eiadal poslancov o\u00a0hlasovanie za n\u00e1vrh uznesenia<\/p>\n<p><strong><u>uznesenie \u010d.67\/2025 zo d\u0148a 13.3.2025<\/u><\/strong><\/p>\n<p>&nbsp;<\/p>\n<p>Pr\u00edtomn\u00ed poslanci\u00a0 na hlasovan\u00ed: Teodor Bachleda,\u00a0 Michal Karkal\u00edk,\u00a0 \u013dubom\u00edr \u010cerh\u00fd\u0148<\/p>\n<p>&nbsp;<\/p>\n<p>Hlasovali za: (3 )<\/p>\n<p>proti:\u00a0 (0)<\/p>\n<p>zdr\u017eali sa: (0 )<\/p>\n<p>&nbsp;<\/p>\n<p>Starosta skon\u0161tatoval, \u017ee uznesenie \u010d.67\/2025 \u00a0zo d\u0148a 13.3.2025\u00a0 <strong><u>OZ schva\u013euje<\/u><\/strong><\/p>\n<p>&nbsp;<\/p>\n<p><strong><u>k\u00a0bodu 10.<\/u><\/strong><strong><u> Podanie \u017eiadosti z\u00a0pl\u00e1nu obnovy na rekon\u0161trukciu obecn\u00e9ho \u00faradu z Envirofondu<\/u><\/strong><\/p>\n<p>Starosta informoval,\u017ee v\u00a0r.2024 bola podan\u00e1 \u017eiados\u0165 o\u00a0eur\u00f3pske financie na rekon\u0161trukciu obecn\u00e9ho \u00faradu z\u00a0Pl\u00e1nu obnovy.Ke\u010f\u017ee v\u00a0prvom kole n\u00e1m \u017eiados\u0165 nebola schv\u00e1len\u00e1, chceme sa uch\u00e1dza\u0165 v\u00a0druhom kole,ktor\u00e9 bude financovan\u00e9 z\u00a0Envirofondu.Term\u00edn podania \u017eiadosti je do 31.3.2025<\/p>\n<p>&nbsp;<\/p>\n<p>Rozprava poslancov:<\/p>\n<p>Do rozpravy sa neprihl\u00e1sil \u017eiaden poslanec<\/p>\n<p>starosta po\u017eiadal poslancov o\u00a0hlasovanie za n\u00e1vrh uznesenia<\/p>\n<p><strong><u>uznesenie \u010d.68\/2025 zo d\u0148a 13.3.2025<\/u><\/strong><\/p>\n<p>&nbsp;<\/p>\n<p>Pr\u00edtomn\u00ed poslanci\u00a0 na hlasovan\u00ed: Teodor Bachleda,\u00a0 Michal Karkal\u00edk,\u00a0 \u013dubom\u00edr \u010cerh\u00fd\u0148<\/p>\n<p>&nbsp;<\/p>\n<p>Hlasovali za: (3 )<\/p>\n<p>proti:\u00a0 (0)<\/p>\n<p>zdr\u017eali sa: (0 )<\/p>\n<p>&nbsp;<\/p>\n<p>Starosta skon\u0161tatoval, \u017ee uznesenie \u010d.68\/2025 \u00a0zo d\u0148a 13.3.2025\u00a0 <strong><u>OZ schva\u013euje<\/u><\/strong><\/p>\n<p>&nbsp;<\/p>\n<p><strong><u>k bodu 11.<\/u><\/strong><strong><u> Oprava miestnej komunik\u00e1cie od s\u00fap.\u010d.130 ( Z.\u010cerh\u00fd\u0148ov\u00e1) a\u017e po s\u00fap.\u010d.302 ( L.Kurian) cca 700m2<\/u><\/strong><\/p>\n<p>starosta informoval o\u00a0oprave miestne komunik\u00e1cie z\u00a0d\u00f4vodu zl\u00e9ho stavu povrchu vozovky.Na tento \u00fa\u010del bola v\u00a0rozpo\u010dte na r.2025 schv\u00e1len\u00e1\u00a0 suma 40\u00a0000.-eur.Po z\u00e1kladnej obhliadke komunik\u00e1cie opr\u00e1vnenou osobou,bola pod\u013ea na\u0161ich po\u017eiadaviek a\u00a0zamerania predlo\u017een\u00e1 cenov\u00e1 ponuka na cca 37\u00a0000.-eur<\/p>\n<p>&nbsp;<\/p>\n<p>Rozprava poslancov:<\/p>\n<p>Do rozpravy sa neprihl\u00e1sil \u017eiaden poslanec<\/p>\n<p>starosta po\u017eiadal poslancov o\u00a0hlasovanie za n\u00e1vrh uznesenia<\/p>\n<p><strong><u>uznesenie \u010d.69\/2025 zo d\u0148a 13.3.2025<\/u><\/strong><\/p>\n<p>&nbsp;<\/p>\n<p>Pr\u00edtomn\u00ed poslanci\u00a0 na hlasovan\u00ed: Teodor Bachleda,\u00a0 Michal Karkal\u00edk,\u00a0 \u013dubom\u00edr \u010cerh\u00fd\u0148<\/p>\n<p>&nbsp;<\/p>\n<p>Hlasovali za: (3 )<\/p>\n<p>proti:\u00a0 (0)<\/p>\n<p>zdr\u017eali sa: (0 )<\/p>\n<p>&nbsp;<\/p>\n<p>Starosta skon\u0161tatoval, \u017ee uznesenie \u010d.69\/2025 \u00a0zo d\u0148a 13.3.2025\u00a0 <strong><u>OZ schva\u013euje<\/u><\/strong><\/p>\n<p>&nbsp;<\/p>\n<p><strong><u>k bodu 12. Podanie \u017eiadosti o pr\u00edspevok z Fondu na podporu \u0161portu,,Obnova multifunk\u010dn\u00e9ho ihriska v obci\u201c<\/u><\/strong><\/p>\n<ul>\n<li>predlo\u017eenie \u017eiadosti o\u00a0poskytnutie pr\u00edspevku v\u00a0r\u00e1mci programu <strong>,,V\u00fdstavba, rekon\u0161trukcia a moderniz\u00e1cia \u0161portovej infra\u0161trukt\u00fary\u201c <\/strong>na z\u00e1klade v\u00fdzvy \u010d. 2024\/002 Fond na podporu \u0161portu na projekt ,,Obnova multifunk\u010dn\u00e9ho ihriska v\u00a0obci Horn\u00e1 Mi\u010din\u00e1\u201c<\/li>\n<li>zabezpe\u010denie finan\u010dn\u00fdch prostriedkov na spolufinancovanie realizovan\u00e9ho projektu vo v\u00fd\u0161ke 30 % z\u00a0celkovej sumy opr\u00e1vnen\u00fdch v\u00fddavkov projektu ( 46\u00a0121,19 EUR)<\/li>\n<li>zabezpe\u010denie financovania pr\u00edpadn\u00fdch neopr\u00e1vnen\u00fdch v\u00fddavkov projektu z\u00a0rozpo\u010dtu obce Horn\u00e1 Mi\u010din\u00e1<\/li>\n<\/ul>\n<p>Spolufinancovanie a\u00a0pr\u00edpadn\u00e9 neopr\u00e1vnen\u00e9 v\u00fddavky na projekt bud\u00fa financovan\u00e9 z\u00a0rezervn\u00e9ho fondu.<\/p>\n<p>&nbsp;<\/p>\n<p>Rozprava poslancov:<\/p>\n<p>Do rozpravy sa neprihl\u00e1sil \u017eiaden poslanec<\/p>\n<p>starosta po\u017eiadal poslancov o\u00a0hlasovanie za n\u00e1vrh uznesenia<\/p>\n<p><strong><u>uznesenie \u010d.70\/2025 zo d\u0148a 13.3.2025<\/u><\/strong><\/p>\n<p>&nbsp;<\/p>\n<p>Pr\u00edtomn\u00ed poslanci\u00a0 na hlasovan\u00ed: Teodor Bachleda,\u00a0 Michal Karkal\u00edk,\u00a0 \u013dubom\u00edr \u010cerh\u00fd\u0148<\/p>\n<p>&nbsp;<\/p>\n<p>Hlasovali za: (3 )<\/p>\n<p>proti:\u00a0 (0)<\/p>\n<p>zdr\u017eali sa: (0 )<\/p>\n<p>&nbsp;<\/p>\n<p>Starosta skon\u0161tatoval, \u017ee uznesenie \u010d.70\/2025 \u00a0zo d\u0148a 13.3.2025\u00a0 <strong><u>OZ schva\u013euje<\/u><\/strong><\/p>\n<p>&nbsp;<\/p>\n<p><strong><u>k\u00a0bodu 13.R\u00f4zne<\/u><\/strong><\/p>\n<p>&nbsp;<\/p>\n<p>Starosta podal inform\u00e1cie o\u00a0pr\u00e1cach a akci\u00e1ch v obci<\/p>\n<ul>\n<li><strong><em>prebehla rekon\u0161trukcia obecn\u00e9ho rozhlasu a\u00a0v\u00fdmena \u00fastred\u0148e<\/em><\/strong><\/li>\n<li><strong><em>prebehla rev\u00edzia kotla na pevn\u00e9 palivo na ob.\u00farade<\/em><\/strong><\/li>\n<li><strong><em>\u017eumpa v\u00a0parku je osaden\u00e1,napojen\u00e1 a\u00a0plne funk\u010dn\u00e1.Treba e\u0161te dovies\u0165 ornicu,vyplan\u00edrova\u0165 a\u00a0zasia\u0165 tr\u00e1vu ( pod\u013ea po\u010dasia)<\/em><\/strong><\/li>\n<li><strong><em>uskuto\u010dnil sa detsk\u00fd fa\u0161iangov\u00fd karneval,po\u010fakovanie sa v\u0161etk\u00fdm,ktor\u00fd sa podie\u013eali na tejto akcii ( \u017een\u00e1m za pr\u00edpravu miestnosti, \u017een\u00e1m z\u00a0denn\u00e9ho centra za vynikaj\u00face pamp\u00fachy, sponzorom za poskytnutie hradov na sk\u00e1kanie a\u00a0za pr\u00edpravu jedla pre deti)<\/em><\/strong><\/li>\n<li><strong><em>uskuto\u010dnilo sa MD\u017d s\u00a0hos\u0165om programu p.Katar\u00ednou Mosn\u00e1kovou- Bag\u013ea\u0161ovou-spisovate\u013ekov,spev\u00e1\u010dkov a\u00a0tane\u010dn\u00ed\u010dkov,ktor\u00e1 poch\u00e1dza zo Srbsk\u00fdch Slov\u00e1kov a\u00a0\u017eije v\u00a0O\u010dovej.<\/em><\/strong><\/li>\n<li><strong><em>Boli vyrezan\u00e9 stromy pri a\u00a0za multifunk\u010dn\u00fdm ihriskom,treba e\u0161te do\u010disti\u0165 a\u00a0oh\u00e1dza\u0165 kon\u00e1re \u2013<\/em><\/strong><\/li>\n<\/ul>\n<p><strong><em>\u00a0\u00a0\u00a0\u00a0\u00a0\u00a0 toto sa dohodlo v term\u00edne do konca mesiaca s\u00a0TJ.<\/em><\/strong><\/p>\n<ul>\n<li><strong><em>Bude sa robi\u0165 rekon\u0161trukcia soci\u00e1lneho zariadenia v\u00a0parku (WC)tak,aby tam mohli chodi\u0165 n\u00e1v\u0161tevn\u00edci parku a\u00a0mami\u010dky s\u00a0de\u0165mi aj po\u010das d\u0148a. <\/em><\/strong><\/li>\n<\/ul>\n<p>&nbsp;<\/p>\n<p>Rozprava poslancov:<\/p>\n<p>Do rozpravy sa neprihl\u00e1sil \u017eiaden poslanec<\/p>\n<p>starosta po\u017eiadal poslancov o\u00a0hlasovanie za n\u00e1vrh uznesenia, ktor\u00fd berie na vedomie<\/p>\n<p><strong><u>uznesenie \u010d.71\/2025 zo d\u0148a 13.3.2025<\/u><\/strong><\/p>\n<p>&nbsp;<\/p>\n<p>Pr\u00edtomn\u00ed poslanci\u00a0 na hlasovan\u00ed: Teodor Bachleda,\u00a0 Michal Karkal\u00edk,\u00a0 \u013dubom\u00edr \u010cerh\u00fd\u0148<\/p>\n<p>&nbsp;<\/p>\n<p>Hlasovali za: (3 )<\/p>\n<p>proti:\u00a0 (0)<\/p>\n<p>zdr\u017eali sa: (0 )<\/p>\n<p>&nbsp;<\/p>\n<p>Starosta skon\u0161tatoval, \u017ee uznesenie \u010d.71\/2025 \u00a0zo d\u0148a 13.3.2025\u00a0 <strong><u>OZ berie na vedomie<\/u><\/strong><\/p>\n<p>&nbsp;<\/p>\n<p><strong><u>k\u00a0bodu 14.Diskusia<\/u><\/strong><\/p>\n<p>&nbsp;<\/p>\n<p>diskusn\u00e9 pr\u00edspevky ob\u010danov obce<\/p>\n<p>&nbsp;<\/p>\n<p>p.Ilovi\u010d \u2013 ako je to s\u00a0f.Metronet \u2013 Po v\u00fdzve mali zasla\u0165 na obec,ako bude \u0165ahan\u00e9 vedenie,kde bude vysiela\u010d,ak\u00e9 s\u00fa ceny pre ob\u010danov,ak\u00e9 v\u00fdhody bude ma\u0165 obec,v ktor\u00fdch obciach u\u017e maj\u00fa pokrytie.<\/p>\n<p>Do dne\u0161n\u00e9ho d\u0148a nepri\u0161la \u017eiadna odpove\u010f.<\/p>\n<p>&nbsp;<\/p>\n<p>T.Martinec \u2013 blato pred kr\u010dmou na ihrisku \u2013 budeme kontaktova\u0165 firmu,ktor\u00e1 tam kope aby si to vy\u010distila a\u00a0taktie\u017e aby vy\u010distila parkovisko od n\u00e1nosu blata<\/p>\n<p>T.Martinec \u2013 oh\u013eadom financovania denn\u00e9ho centra,ako to je. ( denn\u00e9 centrum je napojen\u00e9 na rozpo\u010det obce\u00a0 a\u00a0to 2000.-eur\/rok.)<\/p>\n<p>T.Martinec \u2013 29.3.2025 bude akcia ,, \u010cist\u00fd chot\u00e1r\u201c zameran\u00e1 na \u010distenie a\u00a0zber odpadu v\u00a0chot\u00e1ri na\u0161ej obce<\/p>\n<p>&nbsp;<\/p>\n<p>Rozprava poslancov:<\/p>\n<p>Do rozpravy sa neprihl\u00e1sil \u017eiaden poslanec<\/p>\n<p>starosta po\u017eiadal poslancov o\u00a0hlasovanie za n\u00e1vrh uznesenia, ktor\u00fd berie na vedomie<\/p>\n<p><strong><u>uznesenie \u010d.72\/2025 zo d\u0148a 13.3.2025<\/u><\/strong><\/p>\n<p>&nbsp;<\/p>\n<p>Pr\u00edtomn\u00ed poslanci\u00a0 na hlasovan\u00ed: Teodor Bachleda,\u00a0 Michal Karkal\u00edk,\u00a0 \u013dubom\u00edr \u010cerh\u00fd\u0148<\/p>\n<p>&nbsp;<\/p>\n<p>Hlasovali za: (3 )<\/p>\n<p>proti:\u00a0 (0)<\/p>\n<p>zdr\u017eali sa: (0 )<\/p>\n<p>&nbsp;<\/p>\n<p>Starosta skon\u0161tatoval, \u017ee uznesenie \u010d.72\/2025 \u00a0zo d\u0148a 13.3.2025\u00a0 <strong><u>OZ berie na vedomie<\/u><\/strong><\/p>\n<p>&nbsp;<\/p>\n<p>&nbsp;<\/p>\n<p><strong><u>k\u00a0bodu 15.Z\u00e1ver<\/u><\/strong><\/p>\n<p>Po vy\u010derpan\u00ed programu\u00a0 starosta skon\u0161tatoval,\u017ee uznesenia od \u010d.59\/2025 a\u017e \u010d.72\/2025 <strong><u>boli schv\u00e1len\u00e9.<\/u><\/strong><\/p>\n<p>&nbsp;<\/p>\n<p>Starosta sa po\u010fakoval poslancom OZ a\u00a0ob\u010danom obce za \u00fa\u010das\u0165\u00a0 a\u00a0ukon\u010dil rokovanie obecn\u00e9ho zastupite\u013estva.<\/p>\n<p>&nbsp;<\/p>\n<p>Z\u00e1pisnicu zap\u00edsal:\u00a0\u00a0\u00a0\u00a0\u00a0\u00a0\u00a0\u00a0\u00a0\u00a0\u00a0\u00a0\u00a0\u00a0\u00a0\u00a0\u00a0\u00a0\u00a0\u00a0\u00a0\u00a0 Teodor Bachleda\u00a0 v.r.<\/p>\n<p>&nbsp;<\/p>\n<p>Overovate\u013e:\u00a0\u00a0\u00a0\u00a0\u00a0\u00a0\u00a0\u00a0\u00a0\u00a0\u00a0\u00a0\u00a0\u00a0\u00a0\u00a0\u00a0\u00a0\u00a0\u00a0\u00a0\u00a0\u00a0\u00a0\u00a0\u00a0\u00a0\u00a0\u00a0\u00a0\u00a0\u00a0 \u013dubom\u00edr \u010cerh\u00fd\u0148\u00a0\u00a0 v.r.<\/p>\n<p>&nbsp;<\/p>\n","protected":false},"excerpt":{"rendered":"Z\u00e1pisnica zo zasadnutia obecn\u00e9ho zastupite\u013estva (\u010falej len OZ) obce\u00a0Horn\u00e1 Mi\u010din\u00e1 konan\u00e9ho d\u0148a13.3.2025 v\u00a0budove [&hellip;]","protected":false},"author":1,"featured_media":390,"comment_status":"closed","ping_status":"open","sticky":false,"template":"","format":"standard","meta":{"advanced_seo_description":"","jetpack_seo_html_title":"","jetpack_seo_noindex":false,"_jetpack_memberships_contains_paid_content":false,"footnotes":""},"categories":[30],"tags":[],"class_list":["post-5151","post","type-post","status-publish","format-standard","has-post-thumbnail","hentry","category-zastupitelstvo"],"jetpack_featured_media_url":"https:\/\/i0.wp.com\/www.hornamicina.eu\/web\/wp-content\/uploads\/2017\/07\/uznesenia.jpg?fit=530%2C530&ssl=1","jetpack_sharing_enabled":true,"jetpack_shortlink":"https:\/\/wp.me\/p8RsFw-1l5","jetpack-related-posts":[{"id":5641,"url":"https:\/\/www.hornamicina.eu\/web\/zapisnica-z-mimoriadneho-zasadnutia-oz-obce-horna-micina-17-1-2026\/","url_meta":{"origin":5151,"position":0},"title":"Z\u00e1pisnica z mimoriadneho zasadnutia OZ obce Horn\u00e1 Mi\u010din\u00e1 &#8211; 17.1.2026","author":"admin","date":"22. janu\u00e1ra 2026","format":false,"excerpt":"Z\u00c1PISNICA Z mimoriadneho zasadnutia obecn\u00e9ho zastupite\u013estva (\u010falej len OZ) obce Horn\u00e1 Mi\u010din\u00e1 konan\u00e9ho d\u0148a 17.1.2026 v budove obecn\u00e9ho \u00faradu Horn\u00e1 Mi\u010din\u00e1 o 17:00 hod. k bodu 1: PR\u00cdTOMN\u00cd: Starosta obce: Ivan Len\u00e1r Poslanci OZ: pod\u013ea prilo\u017eenej prezen\u010dnej listiny Ob\u010dania obce a prizvan\u00ed: pod\u013ea prilo\u017eenej prezen\u010dnej listiny Zasadnutie obecn\u00e9ho zastupite\u013estva otvoril\u2026","rel":"","context":"V &quot;Zastupite\u013estvo&quot;","block_context":{"text":"Zastupite\u013estvo","link":"https:\/\/www.hornamicina.eu\/web\/category\/zastupitelstvo\/"},"img":{"alt_text":"","src":"https:\/\/i0.wp.com\/www.hornamicina.eu\/web\/wp-content\/uploads\/2017\/07\/zastupitelstvo.jpg?fit=530%2C375&ssl=1&resize=350%2C200","width":350,"height":200,"srcset":"https:\/\/i0.wp.com\/www.hornamicina.eu\/web\/wp-content\/uploads\/2017\/07\/zastupitelstvo.jpg?fit=530%2C375&ssl=1&resize=350%2C200 1x, https:\/\/i0.wp.com\/www.hornamicina.eu\/web\/wp-content\/uploads\/2017\/07\/zastupitelstvo.jpg?fit=530%2C375&ssl=1&resize=525%2C300 1.5x"},"classes":[]},{"id":3902,"url":"https:\/\/www.hornamicina.eu\/web\/zapisnica-zo-zasadnutia-oz-13-9-2023\/","url_meta":{"origin":5151,"position":1},"title":"Z\u00e1pisnica zo zasadnutia OZ &#8211; 13.9.2023","author":"admin","date":"22. septembra 2023","format":false,"excerpt":"\u00a0\u00a0\u00a0\u00a0\u00a0\u00a0\u00a0\u00a0\u00a0\u00a0\u00a0\u00a0\u00a0\u00a0\u00a0\u00a0\u00a0\u00a0\u00a0\u00a0\u00a0\u00a0\u00a0\u00a0\u00a0 \u00a0\u00a0\u00a0\u00a0\u00a0\u00a0\u00a0\u00a0\u00a0\u00a0\u00a0\u00a0\u00a0\u00a0\u00a0\u00a0\u00a0\u00a0\u00a0\u00a0\u00a0\u00a0\u00a0\u00a0\u00a0\u00a0Z\u00c1PISNICA Zo zasadnutia obecn\u00e9ho zastupite\u013estva (\u010falej len OZ) v\u00a0Hornej Mi\u010dinej konan\u00e9ho d\u0148a 13.9.2023 v\u00a0s\u00e1le obecn\u00e9ho \u00faradu Horn\u00e1 Mi\u010din\u00e1 o\u00a018:00 hod. \u00a0 N\u00e1vrh programu \u00a0OZ: Otvorenie Program obecn\u00e9ho zastupite\u013estva Vo\u013eba n\u00e1vrhovej komisie,overovate\u013ea z\u00e1pisnice a\u00a0zapisovate\u013ea \u017diados\u0165 p.Pavla Martinca \u010d.59 o odk\u00fapenie obecn\u00e9ho pozemku,parcela C-\u010d.40\/3 o v\u00fdmere 20m2,vedenej na LV-195 vo vlastn\u00edctve\u2026","rel":"","context":"V &quot;Oznamy&quot;","block_context":{"text":"Oznamy","link":"https:\/\/www.hornamicina.eu\/web\/category\/oznamy\/"},"img":{"alt_text":"","src":"https:\/\/i0.wp.com\/www.hornamicina.eu\/web\/wp-content\/uploads\/2017\/07\/zastupitelstvo.jpg?fit=530%2C375&ssl=1&resize=350%2C200","width":350,"height":200,"srcset":"https:\/\/i0.wp.com\/www.hornamicina.eu\/web\/wp-content\/uploads\/2017\/07\/zastupitelstvo.jpg?fit=530%2C375&ssl=1&resize=350%2C200 1x, https:\/\/i0.wp.com\/www.hornamicina.eu\/web\/wp-content\/uploads\/2017\/07\/zastupitelstvo.jpg?fit=530%2C375&ssl=1&resize=525%2C300 1.5x"},"classes":[]},{"id":5348,"url":"https:\/\/www.hornamicina.eu\/web\/zapisnica-zo-zasadnutia-oz-hm-26-6-2025\/","url_meta":{"origin":5151,"position":2},"title":"Z\u00e1pisnica zo zasadnutia OZ HM &#8211; 26.6.2025","author":"admin","date":"3. j\u00fala 2025","format":false,"excerpt":"Z\u00c1PISNICA zo zasadnutia obecn\u00e9ho zastupite\u013estva (\u010falej len OZ) obce\u00a0Horn\u00e1 Mi\u010din\u00e1 konan\u00e9ho d\u0148a26.6.2025 v\u00a0budove obecn\u00e9ho \u00faradu Horn\u00e1 Mi\u010din\u00e1 o\u00a016:00 hod. \u00a0 k\u00a0bodu 1: PR\u00cdTOMN\u00cd: Starosta obce:\u00a0\u00a0\u00a0\u00a0\u00a0\u00a0\u00a0\u00a0\u00a0\u00a0\u00a0\u00a0\u00a0\u00a0\u00a0\u00a0\u00a0\u00a0\u00a0\u00a0\u00a0\u00a0\u00a0\u00a0\u00a0\u00a0\u00a0\u00a0\u00a0\u00a0 Ivan Len\u00e1r Poslanci OZ:\u00a0\u00a0\u00a0\u00a0\u00a0\u00a0\u00a0\u00a0\u00a0\u00a0\u00a0\u00a0\u00a0\u00a0\u00a0\u00a0\u00a0\u00a0\u00a0\u00a0\u00a0\u00a0\u00a0\u00a0\u00a0\u00a0\u00a0\u00a0\u00a0\u00a0\u00a0\u00a0\u00a0\u00a0 Tibor Pip\u00ed\u0161ka, M.Karkal\u00edk, \u013d.\u010cerh\u00fd\u0148 Nepr\u00edtomn\u00ed poslanci :\u00a0\u00a0\u00a0\u00a0\u00a0\u00a0\u00a0\u00a0\u00a0\u00a0\u00a0\u00a0\u00a0\u00a0\u00a0\u00a0\u00a0 Janka Baranov\u00e1 ,Teodor Bachleda Ob\u010dania obce a\u00a0prizvan\u00ed:\u00a0\u00a0\u00a0\u00a0\u00a0\u00a0\u00a0\u00a0\u00a0\u00a0\u00a0\u00a0 pod\u013ea prilo\u017eenej prezen\u010dnej listiny \u00a0 Zasadnutie obecn\u00e9ho\u2026","rel":"","context":"V &quot;Zastupite\u013estvo&quot;","block_context":{"text":"Zastupite\u013estvo","link":"https:\/\/www.hornamicina.eu\/web\/category\/zastupitelstvo\/"},"img":{"alt_text":"","src":"https:\/\/i0.wp.com\/www.hornamicina.eu\/web\/wp-content\/uploads\/2017\/07\/zastupitelstvo.jpg?fit=530%2C375&ssl=1&resize=350%2C200","width":350,"height":200,"srcset":"https:\/\/i0.wp.com\/www.hornamicina.eu\/web\/wp-content\/uploads\/2017\/07\/zastupitelstvo.jpg?fit=530%2C375&ssl=1&resize=350%2C200 1x, https:\/\/i0.wp.com\/www.hornamicina.eu\/web\/wp-content\/uploads\/2017\/07\/zastupitelstvo.jpg?fit=530%2C375&ssl=1&resize=525%2C300 1.5x"},"classes":[]},{"id":4924,"url":"https:\/\/www.hornamicina.eu\/web\/zapisnica-so-zasadnutia-zastupitelstva-obce-hm-9-2024\/","url_meta":{"origin":5151,"position":3},"title":"Z\u00e1pisnica so zasadnutia zastupite\u013estva obce HM &#8211; 9\/2024","author":"admin","date":"23. septembra 2024","format":false,"excerpt":"Z\u00c1PISNICA zo zasadnutia obecn\u00e9ho zastupite\u013estva (\u010falej len OZ) obce\u00a0Horn\u00e1 Mi\u010din\u00e1 konan\u00e9ho d\u0148a 16.9.2024 v budove obecn\u00e9ho \u00faradu Horn\u00e1 Mi\u010din\u00e1 o 17:00 hod. \u00a0 PR\u00cdTOMN\u00cd: Starosta obce:\u00a0\u00a0\u00a0\u00a0\u00a0\u00a0\u00a0\u00a0\u00a0\u00a0\u00a0\u00a0\u00a0\u00a0\u00a0\u00a0\u00a0\u00a0\u00a0\u00a0\u00a0\u00a0\u00a0\u00a0\u00a0\u00a0\u00a0\u00a0\u00a0 Ivan Len\u00e1r Poslanci OZ:\u00a0\u00a0\u00a0\u00a0\u00a0\u00a0\u00a0\u00a0\u00a0\u00a0\u00a0\u00a0\u00a0\u00a0\u00a0\u00a0\u00a0\u00a0\u00a0\u00a0\u00a0\u00a0\u00a0\u00a0\u00a0\u00a0\u00a0\u00a0\u00a0\u00a0\u00a0\u00a0 pod\u013ea prilo\u017eenej prezen\u010dnej listiny Ob\u010dania obce a\u00a0prizvan\u00ed:\u00a0\u00a0\u00a0\u00a0\u00a0\u00a0\u00a0\u00a0\u00a0\u00a0\u00a0\u00a0 pod\u013ea prilo\u017eenej prezen\u010dnej listiny \u00a0 Zasadnutie obecn\u00e9ho zastupite\u013estva otvoril a\u00a0viedol starosta obce Ivan\u2026","rel":"","context":"V &quot;D\u00f4le\u017eit\u00e9&quot;","block_context":{"text":"D\u00f4le\u017eit\u00e9","link":"https:\/\/www.hornamicina.eu\/web\/category\/dolezite\/"},"img":{"alt_text":"","src":"https:\/\/i0.wp.com\/www.hornamicina.eu\/web\/wp-content\/uploads\/2017\/07\/zastupitelstvo.jpg?fit=530%2C375&ssl=1&resize=350%2C200","width":350,"height":200,"srcset":"https:\/\/i0.wp.com\/www.hornamicina.eu\/web\/wp-content\/uploads\/2017\/07\/zastupitelstvo.jpg?fit=530%2C375&ssl=1&resize=350%2C200 1x, https:\/\/i0.wp.com\/www.hornamicina.eu\/web\/wp-content\/uploads\/2017\/07\/zastupitelstvo.jpg?fit=530%2C375&ssl=1&resize=525%2C300 1.5x"},"classes":[]},{"id":3894,"url":"https:\/\/www.hornamicina.eu\/web\/zapisnica-a-uznesenia-oz-zo-dna-22-8-2023\/","url_meta":{"origin":5151,"position":4},"title":"Z\u00e1pisnica a uznesenia OZ zo d\u0148a 22.8.2023","author":"admin","date":"30. augusta 2023","format":false,"excerpt":"Z\u00c1PISNICA Z mimoriadneho zasadnutia obecn\u00e9ho zastupite\u013estva(\u010falej len OZ) v Hornej Mi\u010dinej konan\u00e9ho d\u0148a 22.8.2023 v s\u00e1le obecn\u00e9ho \u00faradu Horn\u00e1 Mi\u010din\u00e1 o 19:00 hod. PR\u00cdTOMN\u00cd: Starosta obce: Ivan Len\u00e1r Poslanci OZ: Janka Baranov\u00e1,Teodor Bachleda,Tibor Pip\u00ed\u0161ka,\u013dubom\u00edr \u010cerh\u00fd\u0148 NEPR\u00cdTOMN\u00dd: Michal Karkal\u00edk Ob\u010dania obce a pozvan\u00ed: pod\u013ea prilo\u017eenej prezen\u010dnej listiny Zasadnutie OZ otvoril a\u2026","rel":"","context":"V &quot;Uznesenia&quot;","block_context":{"text":"Uznesenia","link":"https:\/\/www.hornamicina.eu\/web\/category\/uznesenia\/"},"img":{"alt_text":"Logo obce a dokumenty","src":"https:\/\/i0.wp.com\/www.hornamicina.eu\/web\/wp-content\/uploads\/2017\/07\/uznesenia.jpg?fit=530%2C530&ssl=1&resize=350%2C200","width":350,"height":200,"srcset":"https:\/\/i0.wp.com\/www.hornamicina.eu\/web\/wp-content\/uploads\/2017\/07\/uznesenia.jpg?fit=530%2C530&ssl=1&resize=350%2C200 1x, https:\/\/i0.wp.com\/www.hornamicina.eu\/web\/wp-content\/uploads\/2017\/07\/uznesenia.jpg?fit=530%2C530&ssl=1&resize=525%2C300 1.5x"},"classes":[]},{"id":3317,"url":"https:\/\/www.hornamicina.eu\/web\/zapisnica-zo-zasadnutia-obecneho-zastupitelstva-28-9-2022\/","url_meta":{"origin":5151,"position":5},"title":"Z\u00e1pisnica zo zasadnutia obecneho zastupite\u013estva &#8211; 28.9.2022","author":"admin","date":"14. okt\u00f3bra 2022","format":false,"excerpt":"Z\u00c1PISNICA zo zasadnutia obecn\u00e9ho zastupite\u013estva (\u010falej len OZ) obce\u00a0Horn\u00e1 Mi\u010din\u00e1 konan\u00e9ho d\u0148a 28.09.2022 v\u00a0budove obecn\u00e9ho \u00faradu Horn\u00e1 Mi\u010din\u00e1 o\u00a019.00 hod. \u00a0 PR\u00cdTOMN\u00cd: Starosta obce:\u00a0\u00a0\u00a0\u00a0\u00a0\u00a0\u00a0\u00a0\u00a0\u00a0\u00a0\u00a0\u00a0\u00a0\u00a0\u00a0\u00a0\u00a0\u00a0\u00a0\u00a0\u00a0\u00a0\u00a0\u00a0\u00a0\u00a0\u00a0\u00a0\u00a0\u00a0 Ivan Len\u00e1r Poslanci OZ:\u00a0 \u00a0 \u00a0 \u00a0 \u00a0 \u00a0 \u00a0 \u00a0 \u00a0 \u00a0 \u00a0 \u00a0 \u00a0 \u00a0 \u00a0 \u00a0 \u00a0 pod\u013ea prezen\u010dnej listiny Ob\u010dania obce a\u2026","rel":"","context":"V &quot;Oznamy&quot;","block_context":{"text":"Oznamy","link":"https:\/\/www.hornamicina.eu\/web\/category\/oznamy\/"},"img":{"alt_text":"Logo obce a dokumenty","src":"https:\/\/i0.wp.com\/www.hornamicina.eu\/web\/wp-content\/uploads\/2017\/07\/uznesenia.jpg?fit=530%2C530&ssl=1&resize=350%2C200","width":350,"height":200,"srcset":"https:\/\/i0.wp.com\/www.hornamicina.eu\/web\/wp-content\/uploads\/2017\/07\/uznesenia.jpg?fit=530%2C530&ssl=1&resize=350%2C200 1x, https:\/\/i0.wp.com\/www.hornamicina.eu\/web\/wp-content\/uploads\/2017\/07\/uznesenia.jpg?fit=530%2C530&ssl=1&resize=525%2C300 1.5x"},"classes":[]}],"jetpack_likes_enabled":true,"_links":{"self":[{"href":"https:\/\/www.hornamicina.eu\/web\/wp-json\/wp\/v2\/posts\/5151","targetHints":{"allow":["GET"]}}],"collection":[{"href":"https:\/\/www.hornamicina.eu\/web\/wp-json\/wp\/v2\/posts"}],"about":[{"href":"https:\/\/www.hornamicina.eu\/web\/wp-json\/wp\/v2\/types\/post"}],"author":[{"embeddable":true,"href":"https:\/\/www.hornamicina.eu\/web\/wp-json\/wp\/v2\/users\/1"}],"replies":[{"embeddable":true,"href":"https:\/\/www.hornamicina.eu\/web\/wp-json\/wp\/v2\/comments?post=5151"}],"version-history":[{"count":1,"href":"https:\/\/www.hornamicina.eu\/web\/wp-json\/wp\/v2\/posts\/5151\/revisions"}],"predecessor-version":[{"id":5152,"href":"https:\/\/www.hornamicina.eu\/web\/wp-json\/wp\/v2\/posts\/5151\/revisions\/5152"}],"wp:featuredmedia":[{"embeddable":true,"href":"https:\/\/www.hornamicina.eu\/web\/wp-json\/wp\/v2\/media\/390"}],"wp:attachment":[{"href":"https:\/\/www.hornamicina.eu\/web\/wp-json\/wp\/v2\/media?parent=5151"}],"wp:term":[{"taxonomy":"category","embeddable":true,"href":"https:\/\/www.hornamicina.eu\/web\/wp-json\/wp\/v2\/categories?post=5151"},{"taxonomy":"post_tag","embeddable":true,"href":"https:\/\/www.hornamicina.eu\/web\/wp-json\/wp\/v2\/tags?post=5151"}],"curies":[{"name":"wp","href":"https:\/\/api.w.org\/{rel}","templated":true}]}}