{"id":5143,"date":"2025-02-26T21:17:07","date_gmt":"2025-02-26T20:17:07","guid":{"rendered":"https:\/\/www.hornamicina.eu\/web\/?p=5143"},"modified":"2025-03-15T15:22:22","modified_gmt":"2025-03-15T14:22:22","slug":"zverejnenie-zameru-prenajat-majetok-obce-z-dovodu-hodneho-osobitneho-zretela-p-zuzana-krnac","status":"publish","type":"post","link":"https:\/\/www.hornamicina.eu\/web\/zverejnenie-zameru-prenajat-majetok-obce-z-dovodu-hodneho-osobitneho-zretela-p-zuzana-krnac\/","title":{"rendered":"Zverejnenie z\u00e1meru prenaja\u0165 majetok obce z d\u00f4vodu hodn\u00e9ho osobitn\u00e9ho zrete\u013ea &#8211; p. Zuzana Krn\u00e1\u010d"},"content":{"rendered":"<h2 style=\"text-align: center;\"><strong>Zverejnenie z\u00e1meru<\/strong><\/h2>\n<h3 style=\"text-align: center;\"><strong>prenaja\u0165 ni\u017e\u0161ie identifikovan\u00fd majetok obce Horn\u00e1 Mi\u010din\u00e1 z d\u00f4vodu hodn\u00e9ho osobitn\u00e9ho zrete\u013ea<\/strong><\/h3>\n<p>Obec Horn\u00e1 Mi\u010din\u00e1 v s\u00falade s ustanoveniami \u00a7 9 ods. 2 p\u00edsm. a), \u00a7 9a ods. 15 p\u00edsm. f) a \u00a7 9aa ods. 2 p\u00edsm. e) z\u00e1kona \u010d. 138\/1991 Zb. o majetku obc\u00ed, v znen\u00ed neskor\u0161\u00edch predpisov a Z\u00e1sadami hospod\u00e1renia obce Horn\u00e1 Mi\u010din\u00e1, v\u00a0platnom znen\u00ed t\u00fdmto zverej\u0148uje z\u00e1mer prenaja\u0165 predmetn\u00fa nehnute\u013enos\u0165 vo<br \/>\nvlastn\u00edctve obce na z\u00e1klade n\u00e1jomnej zmluvy z d\u00f4vodu hodn\u00e9ho osobitn\u00e9ho zrete\u013ea do n\u00e1jmu \u017eiadate\u013eovi.<\/p>\n<p>Jedn\u00e1 sa o nasledovn\u00fd majetok:<\/p>\n<ul>\n<li>Stavba \u2013 budova s\u00fapisn\u00e9 \u010d\u00edslo 156 postaven\u00e1 na pozemku parc.\u010d. C-KN 215,druh pozemku: zastavan\u00e1 plocha a n\u00e1dvorie o v\u00fdmere 492 m2,evidovanej Okresn\u00fdm \u00faradom Bansk\u00e1 Bystrica, katastr\u00e1lny odbor na LV \u010d.195, kat.\u00fazemie Horn\u00e1 Mi\u010din\u00e1, prenech\u00e1va do n\u00e1jmu budovu s\u00fap.\u010d.156 o v\u00fdmere 244 m2 a \u010das\u0165 pozemku parc.\u010d.215 o v\u00fdmere 100 m2<\/li>\n<\/ul>\n<p>\u017eiadate\u013eovi:<\/p>\n<p>Meno a priezvisko: <strong>Zuzana Krn\u00e1\u010d<\/strong><br \/>\nTrvale bytom: <strong>Horn\u00e1 Mi\u010din\u00e1 140, 97401 Bansk\u00e1 Bystrica,SR<\/strong><\/p>\n<p><strong>Zd\u00f4vodnenie osobitn\u00e9ho zrete\u013ea:<\/strong><\/p>\n<p>Skuto\u010dnos\u0165 hodn\u00e9ho osobitn\u00e9ho zrete\u013ea pod\u013ea \u00a79a ods. 15 p\u00edsm. f) z\u00e1kona \u010d.138\/1991 Zb., schva\u013eovan\u00fd trojp\u00e4tinovou v\u00e4\u010d\u0161inou v\u0161etk\u00fdch poslancov, ktor\u00fdm je, \u017ee predmetn\u00e1 nehnute\u013enos\u0165 je obcou nevyu\u017e\u00edvan\u00e1, pri\u010dom \u017eiadate\u013e bude predmetn\u00fa nehnute\u013enos\u0165 vyu\u017e\u00edva\u0165 za \u00fa\u010delom pokra\u010dovania v prev\u00e1dzke predajne potrav\u00edn a pohostinstva a to na z\u00e1klade Zmluvy o n\u00e1jme nebytov\u00fdch priestorov uzatvorenej na obdobie 5 rokov ,s mo\u017enos\u0165ou jej \u010fal\u0161ieho pred\u013a\u017eenia.<\/p>\n<p>Z\u00e1mer prenaja\u0165 predmetn\u00fd majetok obce je zverejnen\u00fd:<\/p>\n<ul>\n<li>na \u00faradnej tabuli obce Horn\u00e1 Mi\u010din\u00e1 d\u0148a 26.2.2025<\/li>\n<li>na webovej str\u00e1nke obce Horn\u00e1 Mi\u010din\u00e1 d\u0148a 26.2.2025<\/li>\n<\/ul>\n<p>Ivan Len\u00e1r v.r. &#8211; starosta obce<\/p>\n","protected":false},"excerpt":{"rendered":"Zverejnenie z\u00e1meru prenaja\u0165 ni\u017e\u0161ie identifikovan\u00fd majetok obce Horn\u00e1 Mi\u010din\u00e1 z d\u00f4vodu hodn\u00e9ho osobitn\u00e9ho [&hellip;]","protected":false},"author":1,"featured_media":390,"comment_status":"closed","ping_status":"open","sticky":false,"template":"","format":"standard","meta":{"advanced_seo_description":"","jetpack_seo_html_title":"","jetpack_seo_noindex":false,"_jetpack_memberships_contains_paid_content":false,"footnotes":""},"categories":[32],"tags":[],"class_list":["post-5143","post","type-post","status-publish","format-standard","has-post-thumbnail","hentry","category-uradna-tabula"],"jetpack_featured_media_url":"https:\/\/i0.wp.com\/www.hornamicina.eu\/web\/wp-content\/uploads\/2017\/07\/uznesenia.jpg?fit=530%2C530&ssl=1","jetpack_sharing_enabled":true,"jetpack_shortlink":"https:\/\/wp.me\/p8RsFw-1kX","jetpack-related-posts":[{"id":5512,"url":"https:\/\/www.hornamicina.eu\/web\/zverejnenie-zameru-prenajat-majetok-obce-h-micina-z-dovodu-hodneho-os-zretela-sps\/","url_meta":{"origin":5143,"position":0},"title":"Zverejnenie z\u00e1meru prenaja\u0165 majetok obce H. Mi\u010din\u00e1 z d\u00f4vodu hodn\u00e9ho os. zrete\u013ea &#8211; SPS","author":"admin","date":"1. septembra 2025","format":false,"excerpt":"Zverejnenie z\u00e1meru prenaja\u0165 ni\u017e\u0161ie identifikovan\u00fd majetok obce Horn\u00e1 Mi\u010din\u00e1 z d\u00f4vodu hodn\u00e9ho osobitn\u00e9ho zrete\u013ea Obec Horn\u00e1 Mi\u010din\u00e1 v s\u00falade s ustanoveniami \u00a7 9 ods. 2 p\u00edsm. a), \u00a7 9a ods. 15 p\u00edsm. f) z\u00e1kona \u010d. 138\/1991 Zb. o majetku obc\u00ed, v znen\u00ed neskor\u0161\u00edch predpisov a Z\u00e1sadami hospod\u00e1renia s majetkom obce\u2026","rel":"","context":"V &quot;Elektronick\u00e1 \u00faradn\u00e1 tabu\u013ea&quot;","block_context":{"text":"Elektronick\u00e1 \u00faradn\u00e1 tabu\u013ea","link":"https:\/\/www.hornamicina.eu\/web\/category\/uradna-tabula\/"},"img":{"alt_text":"Logo obce a dokumenty","src":"https:\/\/i0.wp.com\/www.hornamicina.eu\/web\/wp-content\/uploads\/2017\/07\/uznesenia.jpg?fit=530%2C530&ssl=1&resize=350%2C200","width":350,"height":200,"srcset":"https:\/\/i0.wp.com\/www.hornamicina.eu\/web\/wp-content\/uploads\/2017\/07\/uznesenia.jpg?fit=530%2C530&ssl=1&resize=350%2C200 1x, https:\/\/i0.wp.com\/www.hornamicina.eu\/web\/wp-content\/uploads\/2017\/07\/uznesenia.jpg?fit=530%2C530&ssl=1&resize=525%2C300 1.5x"},"classes":[]},{"id":4985,"url":"https:\/\/www.hornamicina.eu\/web\/zverejnenie-zameru-prenajat-nizsie-specifikovany-majetok-obce-z-dovodu-hodneho-osobitneho-zretela-ing-jan-palka\/","url_meta":{"origin":5143,"position":1},"title":"Zverejnenie z\u00e1meru prenaja\u0165 ni\u017e\u0161ie identifikovan\u00fd majetok obce Horn\u00e1 Mi\u010din\u00e1 z d\u00f4vodu hodn\u00e9ho osobitn\u00e9ho zrete\u013ea &#8211; Ing. J\u00e1n P\u00e1lka","author":"admin","date":"29. novembra 2024","format":false,"excerpt":"Zverejnenie z\u00e1meru prenaja\u0165 ni\u017e\u0161ie identifikovan\u00fd majetok obce Horn\u00e1 Mi\u010din\u00e1 z d\u00f4vodu hodn\u00e9ho osobitn\u00e9ho zrete\u013ea Obec Horn\u00e1 Mi\u010din\u00e1 v s\u00falade s ustanoveniami \u00a7 9 ods. 2 p\u00edsm. a), \u00a7 9a ods. 15 p\u00edsm. f) a \u00a7 9aa ods. 2 p\u00edsm. e) z\u00e1kona \u010d. 138\/1991 Zb. o majetku obc\u00ed, v znen\u00ed neskor\u0161\u00edch\u2026","rel":"","context":"V &quot;Elektronick\u00e1 \u00faradn\u00e1 tabu\u013ea&quot;","block_context":{"text":"Elektronick\u00e1 \u00faradn\u00e1 tabu\u013ea","link":"https:\/\/www.hornamicina.eu\/web\/category\/uradna-tabula\/"},"img":{"alt_text":"Logo obce a dokumenty","src":"https:\/\/i0.wp.com\/www.hornamicina.eu\/web\/wp-content\/uploads\/2017\/07\/uznesenia.jpg?fit=530%2C530&ssl=1&resize=350%2C200","width":350,"height":200,"srcset":"https:\/\/i0.wp.com\/www.hornamicina.eu\/web\/wp-content\/uploads\/2017\/07\/uznesenia.jpg?fit=530%2C530&ssl=1&resize=350%2C200 1x, https:\/\/i0.wp.com\/www.hornamicina.eu\/web\/wp-content\/uploads\/2017\/07\/uznesenia.jpg?fit=530%2C530&ssl=1&resize=525%2C300 1.5x"},"classes":[]},{"id":5430,"url":"https:\/\/www.hornamicina.eu\/web\/zverejnenie-zameru-prenajat-p-danko\/","url_meta":{"origin":5143,"position":2},"title":"Zverejnenie z\u00e1meru prenaja\u0165 majetok obce HM z d\u00f4vodu hodn\u00e9ho os. zrete\u013ea &#8211; p. Milan Danko","author":"admin","date":"1. septembra 2025","format":false,"excerpt":"Zverejnenie z\u00e1meru prenaja\u0165 ni\u017e\u0161ie identifikovan\u00fd majetok obce Horn\u00e1 Mi\u010din\u00e1 z d\u00f4vodu hodn\u00e9ho osobitn\u00e9ho zrete\u013ea Obec Horn\u00e1 Mi\u010din\u00e1 v s\u00falade s ustanoveniami \u00a7 9 ods. 2 p\u00edsm. a), \u00a7 9a ods. 15 p\u00edsm. f) a \u00a7 9aa ods. 2 p\u00edsm. e) z\u00e1kona \u010d. 138\/1991 Zb. o majetku obc\u00ed, v znen\u00ed neskor\u0161\u00edch\u2026","rel":"","context":"V &quot;Elektronick\u00e1 \u00faradn\u00e1 tabu\u013ea&quot;","block_context":{"text":"Elektronick\u00e1 \u00faradn\u00e1 tabu\u013ea","link":"https:\/\/www.hornamicina.eu\/web\/category\/uradna-tabula\/"},"img":{"alt_text":"Logo obce a dokumenty","src":"https:\/\/i0.wp.com\/www.hornamicina.eu\/web\/wp-content\/uploads\/2017\/07\/uznesenia.jpg?fit=530%2C530&ssl=1&resize=350%2C200","width":350,"height":200,"srcset":"https:\/\/i0.wp.com\/www.hornamicina.eu\/web\/wp-content\/uploads\/2017\/07\/uznesenia.jpg?fit=530%2C530&ssl=1&resize=350%2C200 1x, https:\/\/i0.wp.com\/www.hornamicina.eu\/web\/wp-content\/uploads\/2017\/07\/uznesenia.jpg?fit=530%2C530&ssl=1&resize=525%2C300 1.5x"},"classes":[]},{"id":5432,"url":"https:\/\/www.hornamicina.eu\/web\/zamer-prenajom-os-zretel-p-kokova\/","url_meta":{"origin":5143,"position":3},"title":"Zverejnenie z\u00e1meru prenaja\u0165 majetok obce HM z d\u00f4vodu hodn\u00e9ho os. zrete\u013ea &#8211; p. L\u00edvia Kokov\u00e1","author":"admin","date":"1. septembra 2025","format":false,"excerpt":"Zverejnenie z\u00e1meru prenaja\u0165 ni\u017e\u0161ie identifikovan\u00fd majetok obce Horn\u00e1 Mi\u010din\u00e1 z d\u00f4vodu hodn\u00e9ho osobitn\u00e9ho zrete\u013ea Obec Horn\u00e1 Mi\u010din\u00e1 v s\u00falade s ustanoveniami \u00a7 9 ods. 2 p\u00edsm. a), \u00a7 9a ods. 15 p\u00edsm. f) a \u00a7 9aa ods. 2 p\u00edsm. e) z\u00e1kona \u010d. 138\/1991 Zb. o majetku obc\u00ed, v znen\u00ed neskor\u0161\u00edch\u2026","rel":"","context":"V &quot;Elektronick\u00e1 \u00faradn\u00e1 tabu\u013ea&quot;","block_context":{"text":"Elektronick\u00e1 \u00faradn\u00e1 tabu\u013ea","link":"https:\/\/www.hornamicina.eu\/web\/category\/uradna-tabula\/"},"img":{"alt_text":"Logo obce a dokumenty","src":"https:\/\/i0.wp.com\/www.hornamicina.eu\/web\/wp-content\/uploads\/2017\/07\/uznesenia.jpg?fit=530%2C530&ssl=1&resize=350%2C200","width":350,"height":200,"srcset":"https:\/\/i0.wp.com\/www.hornamicina.eu\/web\/wp-content\/uploads\/2017\/07\/uznesenia.jpg?fit=530%2C530&ssl=1&resize=350%2C200 1x, https:\/\/i0.wp.com\/www.hornamicina.eu\/web\/wp-content\/uploads\/2017\/07\/uznesenia.jpg?fit=530%2C530&ssl=1&resize=525%2C300 1.5x"},"classes":[]},{"id":3290,"url":"https:\/\/www.hornamicina.eu\/web\/zverejnenie-zameru-predat-majetok-obce-xamer-s-r-o\/","url_meta":{"origin":5143,"position":4},"title":"Zverejnenie z\u00e1meru preda\u0165 majetok obce &#8211; XAMER, s.r.o.","author":"admin","date":"2. septembra 2022","format":false,"excerpt":"ZVEREJNENIE Z\u00c1MERU \u00a0 preda\u0165 ni\u017e\u0161ie identifikovan\u00fd majetok Obce Horn\u00e1 Mi\u010din\u00e1 z\u00a0d\u00f4vodu hodn\u00e9ho osobitn\u00e9ho zrete\u013ea \u00a0 Obec Horn\u00e1 Mi\u010din\u00e1 v s\u00falade s ustanoveniami \u00a7 9 ods. 2 p\u00edsm. a) a \u00a7 9a ods. 8 p\u00edsm. e) z\u00e1kona \u010d. 138\/1991 Zb. o majetku obc\u00ed v znen\u00ed neskor\u0161\u00edch predpisov, t\u00fdmto zverej\u0148uje z\u00e1mer preda\u0165\u2026","rel":"","context":"V &quot;Elektronick\u00e1 \u00faradn\u00e1 tabu\u013ea&quot;","block_context":{"text":"Elektronick\u00e1 \u00faradn\u00e1 tabu\u013ea","link":"https:\/\/www.hornamicina.eu\/web\/category\/uradna-tabula\/"},"img":{"alt_text":"Logo obce a dokumenty","src":"https:\/\/i0.wp.com\/www.hornamicina.eu\/web\/wp-content\/uploads\/2017\/07\/uznesenia.jpg?fit=530%2C530&ssl=1&resize=350%2C200","width":350,"height":200,"srcset":"https:\/\/i0.wp.com\/www.hornamicina.eu\/web\/wp-content\/uploads\/2017\/07\/uznesenia.jpg?fit=530%2C530&ssl=1&resize=350%2C200 1x, https:\/\/i0.wp.com\/www.hornamicina.eu\/web\/wp-content\/uploads\/2017\/07\/uznesenia.jpg?fit=530%2C530&ssl=1&resize=525%2C300 1.5x"},"classes":[]},{"id":4143,"url":"https:\/\/www.hornamicina.eu\/web\/zamer-predat-majetok-obce-z-dovodu-hodneho-osobitneho-zretela-p-pavel-martinec-p-anna-martincova\/","url_meta":{"origin":5143,"position":5},"title":"Z\u00e1mer preda\u0165 majetok obce z d\u00f4vodu hodn\u00e9ho osobitn\u00e9ho zrete\u013ea &#8211; p. Pavel Martinec, p. Anna Martincov\u00e1","author":"admin","date":"21. febru\u00e1ra 2024","format":false,"excerpt":"Zverejnenie z\u00e1meru preda\u0165 ni\u017e\u0161ie identifikovan\u00fd majetok Obce Horn\u00e1 Mi\u010din\u00e1 z d\u00f4vodu hodn\u00e9ho osobitn\u00e9ho zrete\u013ea. Obec Horn\u00e1 Mi\u010din\u00e1 v s\u00falade s ustanoveniami \u00a79 ods. 2 p\u00edsm. a) a \u00a79a ods. 15 p\u00edsm. f) z\u00e1kona \u010d. 138\/1991 Zb. o majetku obc\u00ed v znen\u00ed ncskor\u0161\u00edch prcdpis0v a Z\u00e1sadami hospod\u00e1renia s majetkom Obce Horn\u00e1\u2026","rel":"","context":"V &quot;D\u00f4le\u017eit\u00e9&quot;","block_context":{"text":"D\u00f4le\u017eit\u00e9","link":"https:\/\/www.hornamicina.eu\/web\/category\/dolezite\/"},"img":{"alt_text":"Logo obce a dokumenty","src":"https:\/\/i0.wp.com\/www.hornamicina.eu\/web\/wp-content\/uploads\/2017\/07\/uznesenia.jpg?fit=530%2C530&ssl=1&resize=350%2C200","width":350,"height":200,"srcset":"https:\/\/i0.wp.com\/www.hornamicina.eu\/web\/wp-content\/uploads\/2017\/07\/uznesenia.jpg?fit=530%2C530&ssl=1&resize=350%2C200 1x, https:\/\/i0.wp.com\/www.hornamicina.eu\/web\/wp-content\/uploads\/2017\/07\/uznesenia.jpg?fit=530%2C530&ssl=1&resize=525%2C300 1.5x"},"classes":[]}],"jetpack_likes_enabled":true,"_links":{"self":[{"href":"https:\/\/www.hornamicina.eu\/web\/wp-json\/wp\/v2\/posts\/5143","targetHints":{"allow":["GET"]}}],"collection":[{"href":"https:\/\/www.hornamicina.eu\/web\/wp-json\/wp\/v2\/posts"}],"about":[{"href":"https:\/\/www.hornamicina.eu\/web\/wp-json\/wp\/v2\/types\/post"}],"author":[{"embeddable":true,"href":"https:\/\/www.hornamicina.eu\/web\/wp-json\/wp\/v2\/users\/1"}],"replies":[{"embeddable":true,"href":"https:\/\/www.hornamicina.eu\/web\/wp-json\/wp\/v2\/comments?post=5143"}],"version-history":[{"count":1,"href":"https:\/\/www.hornamicina.eu\/web\/wp-json\/wp\/v2\/posts\/5143\/revisions"}],"predecessor-version":[{"id":5144,"href":"https:\/\/www.hornamicina.eu\/web\/wp-json\/wp\/v2\/posts\/5143\/revisions\/5144"}],"wp:featuredmedia":[{"embeddable":true,"href":"https:\/\/www.hornamicina.eu\/web\/wp-json\/wp\/v2\/media\/390"}],"wp:attachment":[{"href":"https:\/\/www.hornamicina.eu\/web\/wp-json\/wp\/v2\/media?parent=5143"}],"wp:term":[{"taxonomy":"category","embeddable":true,"href":"https:\/\/www.hornamicina.eu\/web\/wp-json\/wp\/v2\/categories?post=5143"},{"taxonomy":"post_tag","embeddable":true,"href":"https:\/\/www.hornamicina.eu\/web\/wp-json\/wp\/v2\/tags?post=5143"}],"curies":[{"name":"wp","href":"https:\/\/api.w.org\/{rel}","templated":true}]}}