{"id":5088,"date":"2025-02-18T08:55:43","date_gmt":"2025-02-18T07:55:43","guid":{"rendered":"https:\/\/www.hornamicina.eu\/web\/?p=5088"},"modified":"2025-02-18T08:59:22","modified_gmt":"2025-02-18T07:59:22","slug":"fasiangovy-karneval-pre-deti-a-dospelych-2025","status":"publish","type":"post","link":"https:\/\/www.hornamicina.eu\/web\/fasiangovy-karneval-pre-deti-a-dospelych-2025\/","title":{"rendered":"Fa\u0161iangov\u00fd karneval pre deti a dospel\u00fdch 2025"},"content":{"rendered":"<p style=\"text-align: center;\"><strong>O \u00da\u00a0 \u00a0H O R N \u00c1\u00a0 \u00a0M I \u010c I N \u00c1<\/strong><br \/>\n<strong>V \u00c1 S\u00a0 \u00a0S R D E \u010c N E\u00a0 \u00a0P O Z \u00dd V A\u00a0 \u00a0N A<\/strong><\/p>\n<h2 style=\"text-align: center;\">Fa\u0161iangov\u00fd karneval pre deti a dospel\u00fdch<\/h2>\n<blockquote>\n<p style=\"text-align: left;\"><strong>1.3. 2025 \/ sobota<\/strong><br \/>\n<strong>za\u010diatok o 16:00 hod v s\u00e1le O\u00da Horn\u00e1 Mi\u010din\u00e1<\/strong><\/p>\n<p><span style=\"text-decoration: underline;\"><strong>Program:<\/strong><\/span><\/p>\n<ul>\n<li>Promen\u00e1da v mask\u00e1ch<\/li>\n<li>s\u00fa\u0165a\u017e o najkraj\u0161iu masku<\/li>\n<li>tombola<\/li>\n<li>Disco pre mal\u00fdch aj ve\u013ek\u00fdch<\/li>\n<li>Cukrov\u00e1 vata<\/li>\n<li>A ve\u013ea z\u00e1bavy<\/li>\n<\/ul>\n<p>Moderuje: Braborka &#8222;BOBA&#8220;, Disco: DJ Mi\u0161o \u0160kamla<\/p>\n<p>Ob\u010derstvenie zabezpe\u010den\u00e9<\/p><\/blockquote>\n<p>Pr\u00edspevok na die\u0165a 5 eur. <span style=\"font-size: 14pt;\"><strong>Pros\u00edme nahl\u00e1si\u0165 \u00fa\u010das\u0165 do 26.2.2025<\/strong> <\/span>do spr\u00e1vy na facebook alebo na tel. \u010d. alebo SMS 0907 087 152<\/p>\n<p><a href=\"https:\/\/i0.wp.com\/www.hornamicina.eu\/web\/wp-content\/uploads\/2025\/02\/Fasiangy-karneval-2025.png?ssl=1\"><img data-recalc-dims=\"1\" loading=\"lazy\" decoding=\"async\" data-attachment-id=\"5089\" data-permalink=\"https:\/\/www.hornamicina.eu\/web\/fasiangovy-karneval-pre-deti-a-dospelych-2025\/fasiangy-karneval-2025\/\" data-orig-file=\"https:\/\/i0.wp.com\/www.hornamicina.eu\/web\/wp-content\/uploads\/2025\/02\/Fasiangy-karneval-2025.png?fit=958%2C1360&amp;ssl=1\" data-orig-size=\"958,1360\" data-comments-opened=\"0\" data-image-meta=\"{&quot;aperture&quot;:&quot;0&quot;,&quot;credit&quot;:&quot;&quot;,&quot;camera&quot;:&quot;&quot;,&quot;caption&quot;:&quot;&quot;,&quot;created_timestamp&quot;:&quot;0&quot;,&quot;copyright&quot;:&quot;&quot;,&quot;focal_length&quot;:&quot;0&quot;,&quot;iso&quot;:&quot;0&quot;,&quot;shutter_speed&quot;:&quot;0&quot;,&quot;title&quot;:&quot;&quot;,&quot;orientation&quot;:&quot;0&quot;}\" data-image-title=\"Fasiangy karneval 2025\" data-image-description=\"\" data-image-caption=\"\" data-large-file=\"https:\/\/i0.wp.com\/www.hornamicina.eu\/web\/wp-content\/uploads\/2025\/02\/Fasiangy-karneval-2025.png?fit=721%2C1024&amp;ssl=1\" class=\"alignnone size-large wp-image-5089\" src=\"https:\/\/i0.wp.com\/www.hornamicina.eu\/web\/wp-content\/uploads\/2025\/02\/Fasiangy-karneval-2025.png?resize=721%2C1024&#038;ssl=1\" alt=\"\" width=\"721\" height=\"1024\" srcset=\"https:\/\/i0.wp.com\/www.hornamicina.eu\/web\/wp-content\/uploads\/2025\/02\/Fasiangy-karneval-2025.png?resize=721%2C1024&amp;ssl=1 721w, https:\/\/i0.wp.com\/www.hornamicina.eu\/web\/wp-content\/uploads\/2025\/02\/Fasiangy-karneval-2025.png?resize=211%2C300&amp;ssl=1 211w, https:\/\/i0.wp.com\/www.hornamicina.eu\/web\/wp-content\/uploads\/2025\/02\/Fasiangy-karneval-2025.png?resize=768%2C1090&amp;ssl=1 768w, https:\/\/i0.wp.com\/www.hornamicina.eu\/web\/wp-content\/uploads\/2025\/02\/Fasiangy-karneval-2025.png?resize=720%2C1022&amp;ssl=1 720w, https:\/\/i0.wp.com\/www.hornamicina.eu\/web\/wp-content\/uploads\/2025\/02\/Fasiangy-karneval-2025.png?w=958&amp;ssl=1 958w\" sizes=\"auto, (max-width: 721px) 100vw, 721px\" \/><\/a><\/p>\n","protected":false},"excerpt":{"rendered":"O \u00da\u00a0 \u00a0H O R N \u00c1\u00a0 \u00a0M I \u010c I N \u00c1 [&hellip;]","protected":false},"author":1,"featured_media":5090,"comment_status":"closed","ping_status":"closed","sticky":false,"template":"","format":"standard","meta":{"advanced_seo_description":"","jetpack_seo_html_title":"","jetpack_seo_noindex":false,"_jetpack_memberships_contains_paid_content":false,"footnotes":""},"categories":[7,8],"tags":[],"class_list":["post-5088","post","type-post","status-publish","format-standard","has-post-thumbnail","hentry","category-kultura","category-oznamy"],"jetpack_featured_media_url":"https:\/\/i0.wp.com\/www.hornamicina.eu\/web\/wp-content\/uploads\/2025\/02\/karneval2025tit.png?fit=943%2C454&ssl=1","jetpack_sharing_enabled":true,"jetpack_shortlink":"https:\/\/wp.me\/p8RsFw-1k4","jetpack-related-posts":[{"id":5647,"url":"https:\/\/www.hornamicina.eu\/web\/fasiangovy-karneval-v-hornej-micinej\/","url_meta":{"origin":5088,"position":0},"title":"Fa\u0161iangov\u00fd karneval v Hornej Mi\u010dinej","author":"admin","date":"2. febru\u00e1ra 2026","format":false,"excerpt":"Obecn\u00fd \u00farad Horn\u00e1 Mi\u010din\u00e1 poz\u00fdva v\u0161etk\u00fdch mal\u00fdch aj ve\u013ek\u00fdch tane\u010dn\u00edkov na Fa\u0161iangov\u00fd karneval, ktor\u00fd sa uskuto\u010dn\u00ed 7. febru\u00e1ra 2026 o 16:00 hod. Podujatie pre deti a aj pre dospel\u00fdch bude prebieha\u0165 v duchu fa\u0161iangovej z\u00e1bavy a tanca v mask\u00e1ch. Program: disco show v mask\u00e1ch anim\u00e1torka Elsa tanec pre v\u0161etky vesel\u00e9\u2026","rel":"","context":"V &quot;Kult\u00fara&quot;","block_context":{"text":"Kult\u00fara","link":"https:\/\/www.hornamicina.eu\/web\/category\/kultura\/"},"img":{"alt_text":"","src":"https:\/\/i0.wp.com\/www.hornamicina.eu\/web\/wp-content\/uploads\/2026\/02\/fasiangytitl2026.webp?fit=1200%2C471&ssl=1&resize=350%2C200","width":350,"height":200,"srcset":"https:\/\/i0.wp.com\/www.hornamicina.eu\/web\/wp-content\/uploads\/2026\/02\/fasiangytitl2026.webp?fit=1200%2C471&ssl=1&resize=350%2C200 1x, https:\/\/i0.wp.com\/www.hornamicina.eu\/web\/wp-content\/uploads\/2026\/02\/fasiangytitl2026.webp?fit=1200%2C471&ssl=1&resize=525%2C300 1.5x, https:\/\/i0.wp.com\/www.hornamicina.eu\/web\/wp-content\/uploads\/2026\/02\/fasiangytitl2026.webp?fit=1200%2C471&ssl=1&resize=700%2C400 2x, https:\/\/i0.wp.com\/www.hornamicina.eu\/web\/wp-content\/uploads\/2026\/02\/fasiangytitl2026.webp?fit=1200%2C471&ssl=1&resize=1050%2C600 3x"},"classes":[]},{"id":3518,"url":"https:\/\/www.hornamicina.eu\/web\/fasiangovy-karneval-2023\/","url_meta":{"origin":5088,"position":1},"title":"Fa\u0161iangov\u00fd karneval 2023","author":"admin","date":"1. febru\u00e1ra 2023","format":false,"excerpt":"Obec Horn\u00e1 Mi\u010din\u00e1 poz\u00fdva a oznamuje mal\u00fdm a ve\u013ek\u00fdm tane\u010dn\u00edkom, \u017ee v sobotu 25.2.2023 sa v s\u00e1le O\u00da bude kona\u0165 Fa\u0161iangov\u00fd karneval. \u00a0 Program: 16:00hod Detsk\u00fd karneval v mask\u00e1ch 17:00hod S\u00fa\u0165a\u017e o najlep\u0161iu fa\u0161iangov\u00fa masku rodi\u010dov a ich det\u00ed 18:00hod Fa\u0161iangov\u00e9 hry s anim\u00e1torkou a tombola Fa\u0161iangov\u00e9 ob\u010derstvenie v cene:\u2026","rel":"","context":"V &quot;D\u00f4le\u017eit\u00e9&quot;","block_context":{"text":"D\u00f4le\u017eit\u00e9","link":"https:\/\/www.hornamicina.eu\/web\/category\/dolezite\/"},"img":{"alt_text":"","src":"https:\/\/i0.wp.com\/www.hornamicina.eu\/web\/wp-content\/uploads\/2023\/02\/Fasiangovykarneval2023.png?fit=722%2C384&ssl=1&resize=350%2C200","width":350,"height":200,"srcset":"https:\/\/i0.wp.com\/www.hornamicina.eu\/web\/wp-content\/uploads\/2023\/02\/Fasiangovykarneval2023.png?fit=722%2C384&ssl=1&resize=350%2C200 1x, https:\/\/i0.wp.com\/www.hornamicina.eu\/web\/wp-content\/uploads\/2023\/02\/Fasiangovykarneval2023.png?fit=722%2C384&ssl=1&resize=525%2C300 1.5x, https:\/\/i0.wp.com\/www.hornamicina.eu\/web\/wp-content\/uploads\/2023\/02\/Fasiangovykarneval2023.png?fit=722%2C384&ssl=1&resize=700%2C400 2x"},"classes":[]},{"id":4119,"url":"https:\/\/www.hornamicina.eu\/web\/fasiangovy-karneval-2024\/","url_meta":{"origin":5088,"position":2},"title":"Fa\u0161iangov\u00fd karneval 2024","author":"admin","date":"14. febru\u00e1ra 2024","format":false,"excerpt":"V sobotu 10.2.2024 n\u00e1m bolo veselo pri fa\u0161iangovom karnevale. \u010eakujeme \u0160a\u0161ke Ba\u0161ke za program pre deti,rodi\u010dom a tane\u010dn\u00edkom za dobr\u00fa n\u00e1ladu,dobrovo\u013en\u00edkom za pomoc pri organiz\u00e1cii,TJ za bufet a za fantastick\u00e9 \u0161i\u0161ky,ktor\u00e9 urobili \u017eeny z denn\u00e9ho centra. Te\u0161\u00edme sa na V\u00e1s aj nabud\u00face. Ivan Len\u00e1r - starosta","rel":"","context":"V &quot;Foto&quot;","block_context":{"text":"Foto","link":"https:\/\/www.hornamicina.eu\/web\/category\/foto\/"},"img":{"alt_text":"","src":"https:\/\/i0.wp.com\/www.hornamicina.eu\/web\/wp-content\/uploads\/2015\/03\/20240210_172457-min-scaled.jpg?fit=1200%2C555&ssl=1&resize=350%2C200","width":350,"height":200,"srcset":"https:\/\/i0.wp.com\/www.hornamicina.eu\/web\/wp-content\/uploads\/2015\/03\/20240210_172457-min-scaled.jpg?fit=1200%2C555&ssl=1&resize=350%2C200 1x, https:\/\/i0.wp.com\/www.hornamicina.eu\/web\/wp-content\/uploads\/2015\/03\/20240210_172457-min-scaled.jpg?fit=1200%2C555&ssl=1&resize=525%2C300 1.5x, https:\/\/i0.wp.com\/www.hornamicina.eu\/web\/wp-content\/uploads\/2015\/03\/20240210_172457-min-scaled.jpg?fit=1200%2C555&ssl=1&resize=700%2C400 2x, https:\/\/i0.wp.com\/www.hornamicina.eu\/web\/wp-content\/uploads\/2015\/03\/20240210_172457-min-scaled.jpg?fit=1200%2C555&ssl=1&resize=1050%2C600 3x"},"classes":[]},{"id":3589,"url":"https:\/\/www.hornamicina.eu\/web\/detsky-karneval-2023\/","url_meta":{"origin":5088,"position":3},"title":"Detsk\u00fd karneval 2023","author":"admin","date":"3. marca 2023","format":false,"excerpt":"V sobotu d\u0148a 25.2. sa konal v\u00a0 s\u00e1le Obecn\u00e9ho \u00faradu detsk\u00fd karneval. V\u00a0kr\u00e1sne vyzdoben\u00fdch priestoroch v\u0161etky deti priv\u00edtala a\u00a0karneval otvorila na\u0161a \u00fa\u017easn\u00e1 anim\u00e1torka Barborka, ktor\u00e1 deti cel\u00fdm programom sprev\u00e1dzala a\u00a0zab\u00e1vala. Deti\u010dky pri\u0161li oble\u010den\u00e9 v\u00a0n\u00e1dhern\u00fdch mask\u00e1ch, mali sme tam princezn\u00e9, v\u00edly, r\u00f4zne zvieratk\u00e1 \u2013 lienky, ove\u010dky, v\u010dielky, \u010falej kovbojov, rytierov, \u010darodejn\u00edkov,\u2026","rel":"","context":"V &quot;Foto&quot;","block_context":{"text":"Foto","link":"https:\/\/www.hornamicina.eu\/web\/category\/foto\/"},"img":{"alt_text":"","src":"https:\/\/i0.wp.com\/www.hornamicina.eu\/web\/wp-content\/uploads\/2023\/03\/20230225_154429-min-scaled.jpg?fit=1200%2C675&ssl=1&resize=350%2C200","width":350,"height":200,"srcset":"https:\/\/i0.wp.com\/www.hornamicina.eu\/web\/wp-content\/uploads\/2023\/03\/20230225_154429-min-scaled.jpg?fit=1200%2C675&ssl=1&resize=350%2C200 1x, https:\/\/i0.wp.com\/www.hornamicina.eu\/web\/wp-content\/uploads\/2023\/03\/20230225_154429-min-scaled.jpg?fit=1200%2C675&ssl=1&resize=525%2C300 1.5x, https:\/\/i0.wp.com\/www.hornamicina.eu\/web\/wp-content\/uploads\/2023\/03\/20230225_154429-min-scaled.jpg?fit=1200%2C675&ssl=1&resize=700%2C400 2x, https:\/\/i0.wp.com\/www.hornamicina.eu\/web\/wp-content\/uploads\/2023\/03\/20230225_154429-min-scaled.jpg?fit=1200%2C675&ssl=1&resize=1050%2C600 3x"},"classes":[]},{"id":5246,"url":"https:\/\/www.hornamicina.eu\/web\/den-deti-na-hornej-micinej-31-maj-2025\/","url_meta":{"origin":5088,"position":4},"title":"De\u0148 det\u00ed na Hornej Mi\u010dinej \u2013 31. m\u00e1j 2025","author":"admin","date":"26. m\u00e1ja 2025","format":false,"excerpt":"Obec Horn\u00e1 Mi\u010din\u00e1 srde\u010dne poz\u00fdva v\u0161etky deti a ich rodi\u010dov na z\u00e1bavn\u00e9 popoludnie pri pr\u00edle\u017eitosti Medzin\u00e1rodn\u00e9ho d\u0148a det\u00ed. Podujatie sa uskuto\u010dn\u00ed v sobotu 31. m\u00e1ja 2025 od 14:00 hod. na ihrisku pri Obecnom \u00farade. Vstup je vo\u013en\u00fd a pripraven\u00fd je pestr\u00fd program pln\u00fd z\u00e1bavy, hier a dobr\u00f4t pre mal\u00fdch aj\u2026","rel":"","context":"V &quot;D\u00f4le\u017eit\u00e9&quot;","block_context":{"text":"D\u00f4le\u017eit\u00e9","link":"https:\/\/www.hornamicina.eu\/web\/category\/dolezite\/"},"img":{"alt_text":"MDD 2025","src":"https:\/\/i0.wp.com\/www.hornamicina.eu\/web\/wp-content\/uploads\/2025\/05\/MDD-titl.jpg?fit=1200%2C758&ssl=1&resize=350%2C200","width":350,"height":200,"srcset":"https:\/\/i0.wp.com\/www.hornamicina.eu\/web\/wp-content\/uploads\/2025\/05\/MDD-titl.jpg?fit=1200%2C758&ssl=1&resize=350%2C200 1x, https:\/\/i0.wp.com\/www.hornamicina.eu\/web\/wp-content\/uploads\/2025\/05\/MDD-titl.jpg?fit=1200%2C758&ssl=1&resize=525%2C300 1.5x, https:\/\/i0.wp.com\/www.hornamicina.eu\/web\/wp-content\/uploads\/2025\/05\/MDD-titl.jpg?fit=1200%2C758&ssl=1&resize=700%2C400 2x, https:\/\/i0.wp.com\/www.hornamicina.eu\/web\/wp-content\/uploads\/2025\/05\/MDD-titl.jpg?fit=1200%2C758&ssl=1&resize=1050%2C600 3x"},"classes":[]},{"id":2943,"url":"https:\/\/www.hornamicina.eu\/web\/hasici-likvidaciatrav2022\/","url_meta":{"origin":5088,"position":5},"title":"Stop vypa\u013eovaniu tr\u00e1vy!","author":"admin","date":"25. marca 2022","format":false,"excerpt":"Okresn\u00e9 riadite\u013estvo Hasi\u010dsk\u00e9ho a z\u00e1chrann\u00e9ho zboru v Banskej Bystrici V\u00e1m vzh\u013eadom na zv\u00fd\u0161en\u00fd po\u010det v\u00fdjazdov s\u00favisiacich s likvid\u00e1ciou po\u017eiarov tr\u00e1vnat\u00fdch porastov d\u00e1va do pozornosti nasledovn\u00e9: V\u00a0roku 2021 vzniklo v\u00a0okrese Bansk\u00e1 Bystrica 103 po\u017eiarov, ktor\u00fdch n\u00e1sledkom do\u0161lo k\u00a0priamym \u0161kod\u00e1m vo v\u00fd\u0161ke 814 410 Eur. V\u00a0porovnan\u00ed s\u00a0rokom 2020 vzniklo o 19 po\u017eiarov\u2026","rel":"","context":"V &quot;D\u00f4le\u017eit\u00e9&quot;","block_context":{"text":"D\u00f4le\u017eit\u00e9","link":"https:\/\/www.hornamicina.eu\/web\/category\/dolezite\/"},"img":{"alt_text":"","src":"https:\/\/i0.wp.com\/www.hornamicina.eu\/web\/wp-content\/uploads\/2018\/10\/hasici.jpg?fit=640%2C419&ssl=1&resize=350%2C200","width":350,"height":200,"srcset":"https:\/\/i0.wp.com\/www.hornamicina.eu\/web\/wp-content\/uploads\/2018\/10\/hasici.jpg?fit=640%2C419&ssl=1&resize=350%2C200 1x, https:\/\/i0.wp.com\/www.hornamicina.eu\/web\/wp-content\/uploads\/2018\/10\/hasici.jpg?fit=640%2C419&ssl=1&resize=525%2C300 1.5x"},"classes":[]}],"jetpack_likes_enabled":true,"_links":{"self":[{"href":"https:\/\/www.hornamicina.eu\/web\/wp-json\/wp\/v2\/posts\/5088","targetHints":{"allow":["GET"]}}],"collection":[{"href":"https:\/\/www.hornamicina.eu\/web\/wp-json\/wp\/v2\/posts"}],"about":[{"href":"https:\/\/www.hornamicina.eu\/web\/wp-json\/wp\/v2\/types\/post"}],"author":[{"embeddable":true,"href":"https:\/\/www.hornamicina.eu\/web\/wp-json\/wp\/v2\/users\/1"}],"replies":[{"embeddable":true,"href":"https:\/\/www.hornamicina.eu\/web\/wp-json\/wp\/v2\/comments?post=5088"}],"version-history":[{"count":1,"href":"https:\/\/www.hornamicina.eu\/web\/wp-json\/wp\/v2\/posts\/5088\/revisions"}],"predecessor-version":[{"id":5091,"href":"https:\/\/www.hornamicina.eu\/web\/wp-json\/wp\/v2\/posts\/5088\/revisions\/5091"}],"wp:featuredmedia":[{"embeddable":true,"href":"https:\/\/www.hornamicina.eu\/web\/wp-json\/wp\/v2\/media\/5090"}],"wp:attachment":[{"href":"https:\/\/www.hornamicina.eu\/web\/wp-json\/wp\/v2\/media?parent=5088"}],"wp:term":[{"taxonomy":"category","embeddable":true,"href":"https:\/\/www.hornamicina.eu\/web\/wp-json\/wp\/v2\/categories?post=5088"},{"taxonomy":"post_tag","embeddable":true,"href":"https:\/\/www.hornamicina.eu\/web\/wp-json\/wp\/v2\/tags?post=5088"}],"curies":[{"name":"wp","href":"https:\/\/api.w.org\/{rel}","templated":true}]}}