{"id":5075,"date":"2025-02-17T21:30:22","date_gmt":"2025-02-17T20:30:22","guid":{"rendered":"https:\/\/www.hornamicina.eu\/web\/?p=5075"},"modified":"2025-02-17T21:30:22","modified_gmt":"2025-02-17T20:30:22","slug":"fasiangove-stretnutie-v-centre-seniorov","status":"publish","type":"post","link":"https:\/\/www.hornamicina.eu\/web\/fasiangove-stretnutie-v-centre-seniorov\/","title":{"rendered":"Fa\u0161iangov\u00e9 stretnutie v\u00a0Centre seniorov"},"content":{"rendered":"<p><strong>Tradi\u010dn\u00e9 fa\u0161iangov\u00e9 posedenie hornomi\u010dinsk\u00fdch seniorov sa konalo v stredu 12. febru\u00e1ra 2025. <\/strong><\/p>\n<p>Tohto roku malo aj pridan\u00fa hodnotu \u2013 popri chutn\u00fdch pamp\u00fachoch, kol\u00e1\u010doch a slanom pe\u010dive pri\u0161iel podpori\u0165 dobr\u00fa n\u00e1ladu aj spev\u00e1k a harmonik\u00e1r z Banskej Bystrice \u2013 <strong>Ing. Jozef Ha\u0161ko<\/strong>. Sk\u00fasen\u00fd zab\u00e1va\u010d vy\u010daril \u00fasmev na tv\u00e1rach pr\u00edtomn\u00fdch svojou ochotou a energiou zahra\u0165 pesni\u010dky pod\u013ea ich \u017eelania, radi sa k nemu preto spevom pridali aj ostatn\u00ed. Presved\u010di\u0165 sa o tom mohol aj p\u00e1n starosta Ivan Len\u00e1r, ktor\u00fd ocenil aktivitu dom\u00e1cich seniorov, ktor\u00ed nezab\u00fadaj\u00fa na tradi\u010dn\u00e9 zvyky a oby\u010daje.<\/p>\n<p><strong>Po\u010fakovanie patr\u00ed v\u0161etk\u00fdm<\/strong>, ktor\u00ed sa na bohatej ponuke ob\u010derstvenia pri\u010dinili svoj\u00edm \u201echutn\u00fdm\u201c dielom, ako aj t\u00fdm, ktor\u00ed to organiza\u010dne zabezpe\u010dili.<\/p>\n<p>&nbsp;<\/p>\n<p>Jana Borgu\u013eov\u00e1<\/p>\n<style>#jtg-5076 .modula-item .jtg-social a, .lightbox-socials.jtg-social a{ fill: #ffffff; color: #ffffff }#jtg-5076 .modula-item .jtg-social-mobile a{ fill: #ffffff; color: #ffffff }#jtg-5076 .modula-item .jtg-social svg, .lightbox-socials.jtg-social svg { height: 16px; width: 16px }#jtg-5076 .modula-item .jtg-social-mobile svg { height: 16px; width: 16px }#jtg-5076 .modula-item .jtg-social a:not(:last-child), .lightbox-socials.jtg-social a:not(:last-child) { margin-right: 10px }#jtg-5076 .modula-item .jtg-social-mobile .jtg-social-mobile-icons a:not(:last-child){ margin-right: 10px }#jtg-5076 .modula-item .figc {color:#ffffff;}#jtg-5076 .modula-item .figc .jtg-title {  font-size: 16px; }#jtg-5076 .modula-item .modula-item-content { transform: scale(1) }#jtg-5076 { width:100%;}#jtg-5076 .modula-items{height:800px;}@media screen and (max-width: 992px) {#jtg-5076 .modula-items{height:800px;}}@media screen and (max-width: 768px) {#jtg-5076 .modula-items{height:800px;}}#jtg-5076 .modula-items .figc p.description { font-size:14px; }#jtg-5076 .modula-items .figc p.description { color:#ffffff;}#jtg-5076 .modula-items .figc .jtg-title { color:#ffffff; }#jtg-5076.modula-gallery .modula-item > a, #jtg-5076.modula-gallery .modula-item, #jtg-5076.modula-gallery .modula-item-content > a:not(.modula-no-follow) { cursor:zoom-in; } #jtg-5076.modula-gallery .modula-item-content .modula-no-follow { cursor: default; } @media screen and (max-width:480px){#jtg-5076 .modula-item .figc .jtg-title {  font-size: 12px; }#jtg-5076 .modula-items .figc p.description { color:#ffffff;font-size:10px; }}<\/style>\n<div  id=\"jtg-5076\" class=\"modula modula-gallery modula-creative-gallery\" data-config=\"{&quot;height&quot;:800,&quot;tabletHeight&quot;:800,&quot;mobileHeight&quot;:800,&quot;desktopHeight&quot;:800,&quot;enableTwitter&quot;:false,&quot;enableWhatsapp&quot;:false,&quot;enableFacebook&quot;:false,&quot;enablePinterest&quot;:false,&quot;enableLinkedin&quot;:false,&quot;enableEmail&quot;:false,&quot;randomFactor&quot;:0.5,&quot;type&quot;:&quot;creative-gallery&quot;,&quot;columns&quot;:12,&quot;gutter&quot;:10,&quot;mobileGutter&quot;:10,&quot;tabletGutter&quot;:10,&quot;desktopGutter&quot;:10,&quot;enableResponsive&quot;:&quot;0&quot;,&quot;tabletColumns&quot;:2,&quot;mobileColumns&quot;:1,&quot;lazyLoad&quot;:1,&quot;lightboxOpts&quot;:{&quot;animated&quot;:true,&quot;Thumbs&quot;:{&quot;type&quot;:&quot;modern&quot;,&quot;showOnStart&quot;:false},&quot;Toolbar&quot;:{&quot;display&quot;:{&quot;right&quot;:[&quot;close&quot;]},&quot;enabled&quot;:true},&quot;Carousel&quot;:{&quot;Panzoom&quot;:{&quot;touch&quot;:false},&quot;infinite&quot;:false},&quot;keyboard&quot;:{&quot;Escape&quot;:&quot;close&quot;,&quot;Delete&quot;:&quot;close&quot;,&quot;Backspace&quot;:&quot;close&quot;,&quot;PageUp&quot;:false,&quot;PageDown&quot;:false,&quot;ArrowUp&quot;:false,&quot;ArrowDown&quot;:false,&quot;ArrowRight&quot;:false,&quot;ArrowLeft&quot;:false},&quot;touch&quot;:false,&quot;backdropClick&quot;:false,&quot;l10n&quot;:{&quot;CLOSE&quot;:&quot;Close&quot;,&quot;NEXT&quot;:&quot;Next&quot;,&quot;PREV&quot;:&quot;Previous&quot;,&quot;Error&quot;:&quot;The requested content cannot be loaded. Please try again later.&quot;,&quot;PLAY_START&quot;:&quot;Start slideshow&quot;,&quot;PLAY_STOP&quot;:&quot;Pause slideshow&quot;,&quot;FULL_SCREEN&quot;:&quot;Full screen&quot;,&quot;THUMBS&quot;:&quot;Thumbnails&quot;,&quot;DOWNLOAD&quot;:&quot;Download&quot;,&quot;SHARE&quot;:&quot;Share&quot;,&quot;ZOOM&quot;:&quot;Zoom&quot;,&quot;EMAIL&quot;:&quot;Here is the link to the image : %%image_link%% and this is the link to the gallery : %%gallery_link%%&quot;,&quot;MODAL&quot;:&quot;You can close this modal content with the ESC key&quot;,&quot;ERROR&quot;:&quot;Something Went Wrong, Please Try Again Later&quot;,&quot;IMAGE_ERROR&quot;:&quot;Image Not Found&quot;,&quot;ELEMENT_NOT_FOUND&quot;:&quot;HTML Element Not Found&quot;,&quot;AJAX_NOT_FOUND&quot;:&quot;Error Loading AJAX : Not Found&quot;,&quot;AJAX_FORBIDDEN&quot;:&quot;Error Loading AJAX : Forbidden&quot;,&quot;IFRAME_ERROR&quot;:&quot;Error Loading Page&quot;,&quot;TOGGLE_ZOOM&quot;:&quot;Toggle zoom level&quot;,&quot;TOGGLE_THUMBS&quot;:&quot;Toggle thumbnails&quot;,&quot;TOGGLE_SLIDESHOW&quot;:&quot;Toggle slideshow&quot;,&quot;TOGGLE_FULLSCREEN&quot;:&quot;Toggle full-screen mode&quot;},&quot;Images&quot;:{&quot;Panzoom&quot;:{&quot;maxScale&quot;:2}},&quot;mainClass&quot;:&quot;modula-fancybox-container modula-lightbox-jtg-5076&quot;,&quot;Html&quot;:{&quot;videoAutoplay&quot;:0,&quot;videoTpl&quot;:&quot;&lt;video class=\\&quot;fancybox__html5video\\&quot; controls muted playsinline controlsList controlsList=\\&quot;nodownload\\&quot; poster=\\&quot;{{poster}}\\&quot; src=\\&quot;{{src}}\\&quot; type=\\&quot;{{format}}\\&quot; &gt;  Sorry, your browser doesn&#039;t support embedded videos, &lt;a href=\\&quot;{{src}}\\&quot;&gt; download &lt;\\\/a&gt; and watch with your favorite video player! &lt;\\\/video&gt;&quot;}},&quot;inView&quot;:false,&quot;email_subject&quot;:&quot;Check out this awesome image !!&quot;,&quot;email_message&quot;:&quot;Here is the link to the image : %%image_link%% and this is the link to the gallery : %%gallery_link%%&quot;,&quot;lightbox&quot;:&quot;fancybox&quot;}\">\n\n\t\n\t<div  class=\"modula-items\">\n\t\t<div class=\"modula-item effect-pufrobo\" >\n\t<div class=\"modula-item-overlay\"><\/div>\n\n\t<div class=\"modula-item-content\">\n\n\t\t\t\t\n\t\t\t\t\t<a data-image-id=\"5077\" tabindex=\"0\" rel=\"jtg-5076\" data-caption=\"\" aria-label=\"Open image in lightbox\" role=\"button\" class=\"tile-inner modula-item-link\"><\/a>\n\t\t\n\t\t<img loading=\"lazy\" decoding=\"async\" class=\"pic wp-image-5077 lazyload\"  data-valign=\"middle\" data-halign=\"center\" alt=\"\" data-full=\"https:\/\/www.hornamicina.eu\/web\/wp-content\/uploads\/2025\/02\/Fasiangy-7-min.jpg\" title=\"Fa\u0161iangy 7-min\" width=\"225\" height=\"300\" src=\"https:\/\/i0.wp.com\/www.hornamicina.eu\/web\/wp-content\/uploads\/2025\/02\/Fasiangy-7-min.jpg?fit=225%2C300&amp;ssl=1\" data-src=\"https:\/\/i0.wp.com\/www.hornamicina.eu\/web\/wp-content\/uploads\/2025\/02\/Fasiangy-7-min.jpg?fit=225%2C300&amp;ssl=1\" data-caption=\"\" data-source=\"modula\" srcset=\"https:\/\/i0.wp.com\/www.hornamicina.eu\/web\/wp-content\/uploads\/2025\/02\/Fasiangy-7-min.jpg?w=360&amp;ssl=1 360w, https:\/\/i0.wp.com\/www.hornamicina.eu\/web\/wp-content\/uploads\/2025\/02\/Fasiangy-7-min.jpg?resize=225%2C300&amp;ssl=1 225w, https:\/\/i0.wp.com\/www.hornamicina.eu\/web\/wp-content\/uploads\/2025\/02\/Fasiangy-7-min.jpg?resize=300%2C400&amp;ssl=1 300w\" sizes=\"auto, (max-width: 225px) 100vw, 225px\" \/>\n\t\t<div class=\"figc no-description\">\n\t\t\t<div class=\"figc-inner\">\n\t\t\t\t\t\t\t\t\t\t\t\t\t\t\t<\/div>\n\t\t<\/div>\n\n\t<\/div>\n\n<\/div><div class=\"modula-item effect-pufrobo\" >\n\t<div class=\"modula-item-overlay\"><\/div>\n\n\t<div class=\"modula-item-content\">\n\n\t\t\t\t\n\t\t\t\t\t<a data-image-id=\"5078\" tabindex=\"0\" rel=\"jtg-5076\" data-caption=\"\" aria-label=\"Open image in lightbox\" role=\"button\" class=\"tile-inner modula-item-link\"><\/a>\n\t\t\n\t\t<img loading=\"lazy\" decoding=\"async\" class=\"pic wp-image-5078 lazyload\"  data-valign=\"middle\" data-halign=\"center\" alt=\"\" data-full=\"https:\/\/www.hornamicina.eu\/web\/wp-content\/uploads\/2025\/02\/Fasiangy-8-min.jpg\" title=\"Fa\u0161iangy 8-min\" width=\"300\" height=\"165\" src=\"https:\/\/i0.wp.com\/www.hornamicina.eu\/web\/wp-content\/uploads\/2025\/02\/Fasiangy-8-min.jpg?fit=300%2C165&amp;ssl=1\" data-src=\"https:\/\/i0.wp.com\/www.hornamicina.eu\/web\/wp-content\/uploads\/2025\/02\/Fasiangy-8-min.jpg?fit=300%2C165&amp;ssl=1\" data-caption=\"\" data-source=\"modula\" srcset=\"https:\/\/i0.wp.com\/www.hornamicina.eu\/web\/wp-content\/uploads\/2025\/02\/Fasiangy-8-min.jpg?w=480&amp;ssl=1 480w, https:\/\/i0.wp.com\/www.hornamicina.eu\/web\/wp-content\/uploads\/2025\/02\/Fasiangy-8-min.jpg?resize=300%2C165&amp;ssl=1 300w\" sizes=\"auto, (max-width: 300px) 100vw, 300px\" \/>\n\t\t<div class=\"figc no-description\">\n\t\t\t<div class=\"figc-inner\">\n\t\t\t\t\t\t\t\t\t\t\t\t\t\t\t<\/div>\n\t\t<\/div>\n\n\t<\/div>\n\n<\/div><div class=\"modula-item effect-pufrobo\" >\n\t<div class=\"modula-item-overlay\"><\/div>\n\n\t<div class=\"modula-item-content\">\n\n\t\t\t\t\n\t\t\t\t\t<a data-image-id=\"5079\" tabindex=\"0\" rel=\"jtg-5076\" data-caption=\"\" aria-label=\"Open image in lightbox\" role=\"button\" class=\"tile-inner modula-item-link\"><\/a>\n\t\t\n\t\t<img loading=\"lazy\" decoding=\"async\" class=\"pic wp-image-5079 lazyload\"  data-valign=\"middle\" data-halign=\"center\" alt=\"\" data-full=\"https:\/\/www.hornamicina.eu\/web\/wp-content\/uploads\/2025\/02\/Fasiangy-1-min.jpg\" title=\"Fa\u0161iangy 1-min\" width=\"300\" height=\"229\" src=\"https:\/\/i0.wp.com\/www.hornamicina.eu\/web\/wp-content\/uploads\/2025\/02\/Fasiangy-1-min.jpg?fit=300%2C229&amp;ssl=1\" data-src=\"https:\/\/i0.wp.com\/www.hornamicina.eu\/web\/wp-content\/uploads\/2025\/02\/Fasiangy-1-min.jpg?fit=300%2C229&amp;ssl=1\" data-caption=\"\" data-source=\"modula\" srcset=\"https:\/\/i0.wp.com\/www.hornamicina.eu\/web\/wp-content\/uploads\/2025\/02\/Fasiangy-1-min.jpg?w=480&amp;ssl=1 480w, https:\/\/i0.wp.com\/www.hornamicina.eu\/web\/wp-content\/uploads\/2025\/02\/Fasiangy-1-min.jpg?resize=300%2C229&amp;ssl=1 300w\" sizes=\"auto, (max-width: 300px) 100vw, 300px\" \/>\n\t\t<div class=\"figc no-description\">\n\t\t\t<div class=\"figc-inner\">\n\t\t\t\t\t\t\t\t\t\t\t\t\t\t\t<\/div>\n\t\t<\/div>\n\n\t<\/div>\n\n<\/div><div class=\"modula-item effect-pufrobo\" >\n\t<div class=\"modula-item-overlay\"><\/div>\n\n\t<div class=\"modula-item-content\">\n\n\t\t\t\t\n\t\t\t\t\t<a data-image-id=\"5080\" tabindex=\"0\" rel=\"jtg-5076\" data-caption=\"\" aria-label=\"Open image in lightbox\" role=\"button\" class=\"tile-inner modula-item-link\"><\/a>\n\t\t\n\t\t<img loading=\"lazy\" decoding=\"async\" class=\"pic wp-image-5080 lazyload\"  data-valign=\"middle\" data-halign=\"center\" alt=\"\" data-full=\"https:\/\/www.hornamicina.eu\/web\/wp-content\/uploads\/2025\/02\/Fasiangy-2-min.jpg\" title=\"Fa\u0161iangy 2-min\" width=\"300\" height=\"176\" src=\"https:\/\/i0.wp.com\/www.hornamicina.eu\/web\/wp-content\/uploads\/2025\/02\/Fasiangy-2-min.jpg?fit=300%2C176&amp;ssl=1\" data-src=\"https:\/\/i0.wp.com\/www.hornamicina.eu\/web\/wp-content\/uploads\/2025\/02\/Fasiangy-2-min.jpg?fit=300%2C176&amp;ssl=1\" data-caption=\"\" data-source=\"modula\" srcset=\"https:\/\/i0.wp.com\/www.hornamicina.eu\/web\/wp-content\/uploads\/2025\/02\/Fasiangy-2-min.jpg?w=480&amp;ssl=1 480w, https:\/\/i0.wp.com\/www.hornamicina.eu\/web\/wp-content\/uploads\/2025\/02\/Fasiangy-2-min.jpg?resize=300%2C176&amp;ssl=1 300w\" sizes=\"auto, (max-width: 300px) 100vw, 300px\" \/>\n\t\t<div class=\"figc no-description\">\n\t\t\t<div class=\"figc-inner\">\n\t\t\t\t\t\t\t\t\t\t\t\t\t\t\t<\/div>\n\t\t<\/div>\n\n\t<\/div>\n\n<\/div><div class=\"modula-item effect-pufrobo\" >\n\t<div class=\"modula-item-overlay\"><\/div>\n\n\t<div class=\"modula-item-content\">\n\n\t\t\t\t\n\t\t\t\t\t<a data-image-id=\"5081\" tabindex=\"0\" rel=\"jtg-5076\" data-caption=\"\" aria-label=\"Open image in lightbox\" role=\"button\" class=\"tile-inner modula-item-link\"><\/a>\n\t\t\n\t\t<img loading=\"lazy\" decoding=\"async\" class=\"pic wp-image-5081 lazyload\"  data-valign=\"middle\" data-halign=\"center\" alt=\"\" data-full=\"https:\/\/www.hornamicina.eu\/web\/wp-content\/uploads\/2025\/02\/Fasiangy-3-min.jpg\" title=\"Fa\u0161iangy 3-min\" width=\"300\" height=\"138\" src=\"https:\/\/i0.wp.com\/www.hornamicina.eu\/web\/wp-content\/uploads\/2025\/02\/Fasiangy-3-min.jpg?fit=300%2C138&amp;ssl=1\" data-src=\"https:\/\/i0.wp.com\/www.hornamicina.eu\/web\/wp-content\/uploads\/2025\/02\/Fasiangy-3-min.jpg?fit=300%2C138&amp;ssl=1\" data-caption=\"\" data-source=\"modula\" srcset=\"https:\/\/i0.wp.com\/www.hornamicina.eu\/web\/wp-content\/uploads\/2025\/02\/Fasiangy-3-min.jpg?w=480&amp;ssl=1 480w, https:\/\/i0.wp.com\/www.hornamicina.eu\/web\/wp-content\/uploads\/2025\/02\/Fasiangy-3-min.jpg?resize=300%2C138&amp;ssl=1 300w\" sizes=\"auto, (max-width: 300px) 100vw, 300px\" \/>\n\t\t<div class=\"figc no-description\">\n\t\t\t<div class=\"figc-inner\">\n\t\t\t\t\t\t\t\t\t\t\t\t\t\t\t<\/div>\n\t\t<\/div>\n\n\t<\/div>\n\n<\/div><div class=\"modula-item effect-pufrobo\" >\n\t<div class=\"modula-item-overlay\"><\/div>\n\n\t<div class=\"modula-item-content\">\n\n\t\t\t\t\n\t\t\t\t\t<a data-image-id=\"5082\" tabindex=\"0\" rel=\"jtg-5076\" data-caption=\"\" aria-label=\"Open image in lightbox\" role=\"button\" class=\"tile-inner modula-item-link\"><\/a>\n\t\t\n\t\t<img loading=\"lazy\" decoding=\"async\" class=\"pic wp-image-5082 lazyload\"  data-valign=\"middle\" data-halign=\"center\" alt=\"\" data-full=\"https:\/\/www.hornamicina.eu\/web\/wp-content\/uploads\/2025\/02\/Fasiangy-4-min.jpg\" title=\"Fa\u0161iangy 4-min\" width=\"300\" height=\"129\" src=\"https:\/\/i0.wp.com\/www.hornamicina.eu\/web\/wp-content\/uploads\/2025\/02\/Fasiangy-4-min.jpg?fit=300%2C129&amp;ssl=1\" data-src=\"https:\/\/i0.wp.com\/www.hornamicina.eu\/web\/wp-content\/uploads\/2025\/02\/Fasiangy-4-min.jpg?fit=300%2C129&amp;ssl=1\" data-caption=\"\" data-source=\"modula\" srcset=\"https:\/\/i0.wp.com\/www.hornamicina.eu\/web\/wp-content\/uploads\/2025\/02\/Fasiangy-4-min.jpg?w=480&amp;ssl=1 480w, https:\/\/i0.wp.com\/www.hornamicina.eu\/web\/wp-content\/uploads\/2025\/02\/Fasiangy-4-min.jpg?resize=300%2C129&amp;ssl=1 300w, https:\/\/i0.wp.com\/www.hornamicina.eu\/web\/wp-content\/uploads\/2025\/02\/Fasiangy-4-min.jpg?resize=474%2C206&amp;ssl=1 474w\" sizes=\"auto, (max-width: 300px) 100vw, 300px\" \/>\n\t\t<div class=\"figc no-description\">\n\t\t\t<div class=\"figc-inner\">\n\t\t\t\t\t\t\t\t\t\t\t\t\t\t\t<\/div>\n\t\t<\/div>\n\n\t<\/div>\n\n<\/div><div class=\"modula-item effect-pufrobo\" >\n\t<div class=\"modula-item-overlay\"><\/div>\n\n\t<div class=\"modula-item-content\">\n\n\t\t\t\t\n\t\t\t\t\t<a data-image-id=\"5083\" tabindex=\"0\" rel=\"jtg-5076\" data-caption=\"\" aria-label=\"Open image in lightbox\" role=\"button\" class=\"tile-inner modula-item-link\"><\/a>\n\t\t\n\t\t<img loading=\"lazy\" decoding=\"async\" class=\"pic wp-image-5083 lazyload\"  data-valign=\"middle\" data-halign=\"center\" alt=\"\" data-full=\"https:\/\/www.hornamicina.eu\/web\/wp-content\/uploads\/2025\/02\/Fasiangy-5-min.jpg\" title=\"Fa\u0161iangy 5-min\" width=\"300\" height=\"278\" src=\"https:\/\/i0.wp.com\/www.hornamicina.eu\/web\/wp-content\/uploads\/2025\/02\/Fasiangy-5-min.jpg?fit=300%2C278&amp;ssl=1\" data-src=\"https:\/\/i0.wp.com\/www.hornamicina.eu\/web\/wp-content\/uploads\/2025\/02\/Fasiangy-5-min.jpg?fit=300%2C278&amp;ssl=1\" data-caption=\"\" data-source=\"modula\" srcset=\"https:\/\/i0.wp.com\/www.hornamicina.eu\/web\/wp-content\/uploads\/2025\/02\/Fasiangy-5-min.jpg?w=480&amp;ssl=1 480w, https:\/\/i0.wp.com\/www.hornamicina.eu\/web\/wp-content\/uploads\/2025\/02\/Fasiangy-5-min.jpg?resize=300%2C278&amp;ssl=1 300w\" sizes=\"auto, (max-width: 300px) 100vw, 300px\" \/>\n\t\t<div class=\"figc no-description\">\n\t\t\t<div class=\"figc-inner\">\n\t\t\t\t\t\t\t\t\t\t\t\t\t\t\t<\/div>\n\t\t<\/div>\n\n\t<\/div>\n\n<\/div><div class=\"modula-item effect-pufrobo\" >\n\t<div class=\"modula-item-overlay\"><\/div>\n\n\t<div class=\"modula-item-content\">\n\n\t\t\t\t\n\t\t\t\t\t<a data-image-id=\"5084\" tabindex=\"0\" rel=\"jtg-5076\" data-caption=\"\" aria-label=\"Open image in lightbox\" role=\"button\" class=\"tile-inner modula-item-link\"><\/a>\n\t\t\n\t\t<img loading=\"lazy\" decoding=\"async\" class=\"pic wp-image-5084 lazyload\"  data-valign=\"middle\" data-halign=\"center\" alt=\"\" data-full=\"https:\/\/www.hornamicina.eu\/web\/wp-content\/uploads\/2025\/02\/Fasiangy-6-min.jpg\" title=\"Fa\u0161iangy 6-min\" width=\"300\" height=\"188\" src=\"https:\/\/i0.wp.com\/www.hornamicina.eu\/web\/wp-content\/uploads\/2025\/02\/Fasiangy-6-min.jpg?fit=300%2C188&amp;ssl=1\" data-src=\"https:\/\/i0.wp.com\/www.hornamicina.eu\/web\/wp-content\/uploads\/2025\/02\/Fasiangy-6-min.jpg?fit=300%2C188&amp;ssl=1\" data-caption=\"\" data-source=\"modula\" srcset=\"https:\/\/i0.wp.com\/www.hornamicina.eu\/web\/wp-content\/uploads\/2025\/02\/Fasiangy-6-min.jpg?w=480&amp;ssl=1 480w, https:\/\/i0.wp.com\/www.hornamicina.eu\/web\/wp-content\/uploads\/2025\/02\/Fasiangy-6-min.jpg?resize=300%2C188&amp;ssl=1 300w\" sizes=\"auto, (max-width: 300px) 100vw, 300px\" \/>\n\t\t<div class=\"figc no-description\">\n\t\t\t<div class=\"figc-inner\">\n\t\t\t\t\t\t\t\t\t\t\t\t\t\t\t<\/div>\n\t\t<\/div>\n\n\t<\/div>\n\n<\/div>\t\t\n\t<\/div>\n\n\t\n\t\n\t<script type=\"application\/ld+json\">\n\t{\n\t\t\"@context\": \"http:\/\/schema.org\",\n\t\t\"@type\"   : \"ImageGallery\",\n\t\t\"id\"      : \"https:\/\/www.hornamicina.eu\/web\/fasiangove-stretnutie-v-centre-seniorov\/\",\n\t\t\"url\"     : \"https:\/\/www.hornamicina.eu\/web\/fasiangove-stretnutie-v-centre-seniorov\/\"\n\t}\n\n\t<\/script>\n\n\t\n<\/div>\n","protected":false},"excerpt":{"rendered":"Tradi\u010dn\u00e9 fa\u0161iangov\u00e9 posedenie hornomi\u010dinsk\u00fdch seniorov sa konalo v stredu 12. febru\u00e1ra 2025. Tohto [&hellip;]","protected":false},"author":1,"featured_media":5084,"comment_status":"closed","ping_status":"open","sticky":false,"template":"","format":"standard","meta":{"advanced_seo_description":"","jetpack_seo_html_title":"","jetpack_seo_noindex":false,"_jetpack_memberships_contains_paid_content":false,"footnotes":""},"categories":[206,375,8],"tags":[],"class_list":["post-5075","post","type-post","status-publish","format-standard","has-post-thumbnail","hentry","category-denne-centrum-obce","category-foto","category-oznamy"],"jetpack_featured_media_url":"https:\/\/i0.wp.com\/www.hornamicina.eu\/web\/wp-content\/uploads\/2025\/02\/Fasiangy-6-min.jpg?fit=480%2C301&ssl=1","jetpack_sharing_enabled":true,"jetpack_shortlink":"https:\/\/wp.me\/p8RsFw-1jR","jetpack-related-posts":[{"id":4107,"url":"https:\/\/www.hornamicina.eu\/web\/fasiangove-posedenie-v-centre-seniorov-2024\/","url_meta":{"origin":5075,"position":0},"title":"Fa\u0161iangov\u00e9 posedenie v Centre seniorov (2024)","author":"admin","date":"12. febru\u00e1ra 2024","format":false,"excerpt":"Prv\u00e9 tohtoro\u010dn\u00e9 stretnutie \u010dlenov Centra seniorov v\u00a0Hornej Mi\u010dinej sa uskuto\u010dnilo v\u00a0stredu 7. febru\u00e1ra 2024 a\u00a0malo sviato\u010dn\u00fa podobu. Na podnet vedenia centra sa zi\u0161li dve desiatky \u00fa\u010dastn\u00edkov, ktor\u00ed nepri\u0161li s\u00a0pr\u00e1zdnymi rukami \u2013 v\u00a0\u010dase tradi\u010dn\u00fdch fa\u0161iangov priniesli misky \u010di ko\u0161\u00edky sladk\u00fdch i\u00a0slan\u00fdch dobr\u00f4t \u2013 \u0161isiek, orechov\u00fdch i\u00a0tvarohov\u00fdch ro\u017etekov, pag\u00e1\u010dikov a\u00a0pod. Na \u00favod\u2026","rel":"","context":"V &quot;Foto&quot;","block_context":{"text":"Foto","link":"https:\/\/www.hornamicina.eu\/web\/category\/foto\/"},"img":{"alt_text":"","src":"https:\/\/i0.wp.com\/www.hornamicina.eu\/web\/wp-content\/uploads\/2015\/03\/Fasiangy-1-min.jpg?fit=447%2C480&ssl=1&resize=350%2C200","width":350,"height":200},"classes":[]},{"id":1643,"url":"https:\/\/www.hornamicina.eu\/web\/zajazd-kezmarok2\/","url_meta":{"origin":5075,"position":1},"title":"Po stop\u00e1ch svojho rod\u00e1ka &#8211; z\u00e1jazd Ke\u017emarok","author":"admin","date":"19. novembra 2019","format":false,"excerpt":"N\u00e1dhern\u00fa farebn\u00fa scen\u00e9riu tohtoro\u010dnej jesene vyu\u017eili \u010dlenovia Centra seniorov v\u00a0Hornej Mi\u010dinej v\u00a0stredu 16. okt\u00f3bra 2019 na putovanie po stop\u00e1ch svojho rod\u00e1ka \u2013 J\u00e1na Chalupku (1791 - 1871). Tento vzdelan\u00fd mu\u017e, Slovensk\u00fd Eur\u00f3pan od Hrona, bol nielen ev. k\u0148azom, ale aj spisovate\u013eom a\u00a0dramatikom. Dodnes sa pri v\u0161etk\u00fdch mo\u017en\u00fdch a\u00a0hlavne nemo\u017en\u00fdch situ\u00e1ci\u00e1ch\u2026","rel":"","context":"V &quot;Denn\u00e9 centrum obce&quot;","block_context":{"text":"Denn\u00e9 centrum obce","link":"https:\/\/www.hornamicina.eu\/web\/category\/denne-centrum-obce\/"},"img":{"alt_text":"","src":"https:\/\/i0.wp.com\/www.hornamicina.eu\/web\/wp-content\/uploads\/2019\/11\/20191016_115052.jpg?fit=1200%2C900&ssl=1&resize=350%2C200","width":350,"height":200,"srcset":"https:\/\/i0.wp.com\/www.hornamicina.eu\/web\/wp-content\/uploads\/2019\/11\/20191016_115052.jpg?fit=1200%2C900&ssl=1&resize=350%2C200 1x, https:\/\/i0.wp.com\/www.hornamicina.eu\/web\/wp-content\/uploads\/2019\/11\/20191016_115052.jpg?fit=1200%2C900&ssl=1&resize=525%2C300 1.5x, https:\/\/i0.wp.com\/www.hornamicina.eu\/web\/wp-content\/uploads\/2019\/11\/20191016_115052.jpg?fit=1200%2C900&ssl=1&resize=700%2C400 2x, https:\/\/i0.wp.com\/www.hornamicina.eu\/web\/wp-content\/uploads\/2019\/11\/20191016_115052.jpg?fit=1200%2C900&ssl=1&resize=1050%2C600 3x"},"classes":[]},{"id":5647,"url":"https:\/\/www.hornamicina.eu\/web\/fasiangovy-karneval-v-hornej-micinej\/","url_meta":{"origin":5075,"position":2},"title":"Fa\u0161iangov\u00fd karneval v Hornej Mi\u010dinej","author":"admin","date":"2. febru\u00e1ra 2026","format":false,"excerpt":"Obecn\u00fd \u00farad Horn\u00e1 Mi\u010din\u00e1 poz\u00fdva v\u0161etk\u00fdch mal\u00fdch aj ve\u013ek\u00fdch tane\u010dn\u00edkov na Fa\u0161iangov\u00fd karneval, ktor\u00fd sa uskuto\u010dn\u00ed 7. febru\u00e1ra 2026 o 16:00 hod. Podujatie pre deti a aj pre dospel\u00fdch bude prebieha\u0165 v duchu fa\u0161iangovej z\u00e1bavy a tanca v mask\u00e1ch. Program: disco show v mask\u00e1ch anim\u00e1torka Elsa tanec pre v\u0161etky vesel\u00e9\u2026","rel":"","context":"V &quot;Kult\u00fara&quot;","block_context":{"text":"Kult\u00fara","link":"https:\/\/www.hornamicina.eu\/web\/category\/kultura\/"},"img":{"alt_text":"","src":"https:\/\/i0.wp.com\/www.hornamicina.eu\/web\/wp-content\/uploads\/2026\/02\/fasiangytitl2026.webp?fit=1200%2C471&ssl=1&resize=350%2C200","width":350,"height":200,"srcset":"https:\/\/i0.wp.com\/www.hornamicina.eu\/web\/wp-content\/uploads\/2026\/02\/fasiangytitl2026.webp?fit=1200%2C471&ssl=1&resize=350%2C200 1x, https:\/\/i0.wp.com\/www.hornamicina.eu\/web\/wp-content\/uploads\/2026\/02\/fasiangytitl2026.webp?fit=1200%2C471&ssl=1&resize=525%2C300 1.5x, https:\/\/i0.wp.com\/www.hornamicina.eu\/web\/wp-content\/uploads\/2026\/02\/fasiangytitl2026.webp?fit=1200%2C471&ssl=1&resize=700%2C400 2x, https:\/\/i0.wp.com\/www.hornamicina.eu\/web\/wp-content\/uploads\/2026\/02\/fasiangytitl2026.webp?fit=1200%2C471&ssl=1&resize=1050%2C600 3x"},"classes":[]},{"id":1637,"url":"https:\/\/www.hornamicina.eu\/web\/spomienka-pri-hrobe-terezie-vansovej\/","url_meta":{"origin":5075,"position":3},"title":"Spomienka pri hrobe Ter\u00e9zie Vansovej","author":"admin","date":"15. novembra 2019","format":false,"excerpt":"\u010clenky Centra seniorov v\u00a0Hornej Mi\u010dinej si do svojho programu v\u00a0stredu 13. novembra 2019 napl\u00e1novali n\u00e1v\u0161tevu banskobystrick\u00e9ho ev. cintor\u00edna v\u00a0Lazovnej ulici. D\u00f4vod bol nielen pozn\u00e1vac\u00ed - dozvedie\u0165 sa o\u00a0v\u00fdznamn\u00fdch osobnostiach n\u00e1\u0161ho n\u00e1roda, ktor\u00ed s\u00fa tam pochovan\u00ed (J\u00e1n Botto, Martin R\u00e1zus, Viliam Figu\u0161 Bystr\u00fd, ev. senior J\u00e1n Bakoss, arch. Ladislav Hudec a\u00a0i.),\u2026","rel":"","context":"V &quot;Denn\u00e9 centrum obce&quot;","block_context":{"text":"Denn\u00e9 centrum obce","link":"https:\/\/www.hornamicina.eu\/web\/category\/denne-centrum-obce\/"},"img":{"alt_text":"","src":"https:\/\/i0.wp.com\/www.hornamicina.eu\/web\/wp-content\/uploads\/2019\/11\/20191113_183125-min.jpg?fit=1200%2C601&ssl=1&resize=350%2C200","width":350,"height":200,"srcset":"https:\/\/i0.wp.com\/www.hornamicina.eu\/web\/wp-content\/uploads\/2019\/11\/20191113_183125-min.jpg?fit=1200%2C601&ssl=1&resize=350%2C200 1x, https:\/\/i0.wp.com\/www.hornamicina.eu\/web\/wp-content\/uploads\/2019\/11\/20191113_183125-min.jpg?fit=1200%2C601&ssl=1&resize=525%2C300 1.5x, https:\/\/i0.wp.com\/www.hornamicina.eu\/web\/wp-content\/uploads\/2019\/11\/20191113_183125-min.jpg?fit=1200%2C601&ssl=1&resize=700%2C400 2x, https:\/\/i0.wp.com\/www.hornamicina.eu\/web\/wp-content\/uploads\/2019\/11\/20191113_183125-min.jpg?fit=1200%2C601&ssl=1&resize=1050%2C600 3x"},"classes":[]},{"id":3796,"url":"https:\/\/www.hornamicina.eu\/web\/v-kraji-milana-r-stefanika\/","url_meta":{"origin":5075,"position":4},"title":"V kraji Milana R. \u0160tef\u00e1nika","author":"admin","date":"26. j\u00fala 2023","format":false,"excerpt":"Tohtoro\u010dn\u00fd pozn\u00e1vac\u00ed v\u00fdlet \u010dlenov hornomi\u010dinsk\u00e9ho centra seniorov v\u00a0spolupr\u00e1ci so ZO SZPB patril v\u00fdznamnej osobnosti slovenskej \u0161t\u00e1tnosti \u2013 Milanovi Rastislavovi \u0160tef\u00e1nikovi. V\u00a0stredu 19. j\u00fala 2023 pln\u00fd autobus z\u00e1ujemcov vyrazil na z\u00e1pad Slovenska. Prvou zast\u00e1vkou bol \u0160tef\u00e1nikov rodn\u00fd dom v\u00a0Ko\u0161arisk\u00e1ch, kde sa 21. j\u00fala 1880 narodil na\u00a0ev. fare ako \u0161iesty z\u00a0jeden\u00e1stich det\u00ed.\u2026","rel":"","context":"V &quot;Kult\u00fara&quot;","block_context":{"text":"Kult\u00fara","link":"https:\/\/www.hornamicina.eu\/web\/category\/kultura\/"},"img":{"alt_text":"","src":"https:\/\/i0.wp.com\/www.hornamicina.eu\/web\/wp-content\/uploads\/2023\/08\/IMG_5471-min-scaled.jpg?fit=1200%2C800&ssl=1&resize=350%2C200","width":350,"height":200,"srcset":"https:\/\/i0.wp.com\/www.hornamicina.eu\/web\/wp-content\/uploads\/2023\/08\/IMG_5471-min-scaled.jpg?fit=1200%2C800&ssl=1&resize=350%2C200 1x, https:\/\/i0.wp.com\/www.hornamicina.eu\/web\/wp-content\/uploads\/2023\/08\/IMG_5471-min-scaled.jpg?fit=1200%2C800&ssl=1&resize=525%2C300 1.5x, https:\/\/i0.wp.com\/www.hornamicina.eu\/web\/wp-content\/uploads\/2023\/08\/IMG_5471-min-scaled.jpg?fit=1200%2C800&ssl=1&resize=700%2C400 2x, https:\/\/i0.wp.com\/www.hornamicina.eu\/web\/wp-content\/uploads\/2023\/08\/IMG_5471-min-scaled.jpg?fit=1200%2C800&ssl=1&resize=1050%2C600 3x"},"classes":[]},{"id":5164,"url":"https:\/\/www.hornamicina.eu\/web\/80-vyrocie-oslobodenia-hornej-micinej\/","url_meta":{"origin":5075,"position":5},"title":"80. v\u00fdro\u010die oslobodenia Hornej Mi\u010dinej","author":"admin","date":"26. marca 2025","format":false,"excerpt":"Za zvonenia zvonov sa v\u00a0nede\u013eu 23. marca 2025 o\u00a015. hodine za\u010dala spomienkov\u00e1 sl\u00e1vnos\u0165 pri pr\u00edle\u017eitosti 80. v\u00fdro\u010dia oslobodenia Hornej Mi\u010dinej. Presne v\u00a0de\u0148 pr\u00edchodu vojska rumunskej arm\u00e1dy pred desiatkami rokov si miestni obyvatelia pripomenuli koniec druhej svetovej vojny, ktor\u00e1 poznamenala aj \u017eivoty mu\u017eov a \u017eien v\u00a0obci. \u010cas\u0165 z\u00a0nich padla v\u00a0bojoch, \u010das\u0165\u2026","rel":"","context":"V &quot;Foto&quot;","block_context":{"text":"Foto","link":"https:\/\/www.hornamicina.eu\/web\/category\/foto\/"},"img":{"alt_text":"","src":"https:\/\/i0.wp.com\/www.hornamicina.eu\/web\/wp-content\/uploads\/2025\/03\/HM-25-oslob.-2-min.jpg?fit=480%2C254&ssl=1&resize=350%2C200","width":350,"height":200},"classes":[]}],"jetpack_likes_enabled":true,"_links":{"self":[{"href":"https:\/\/www.hornamicina.eu\/web\/wp-json\/wp\/v2\/posts\/5075","targetHints":{"allow":["GET"]}}],"collection":[{"href":"https:\/\/www.hornamicina.eu\/web\/wp-json\/wp\/v2\/posts"}],"about":[{"href":"https:\/\/www.hornamicina.eu\/web\/wp-json\/wp\/v2\/types\/post"}],"author":[{"embeddable":true,"href":"https:\/\/www.hornamicina.eu\/web\/wp-json\/wp\/v2\/users\/1"}],"replies":[{"embeddable":true,"href":"https:\/\/www.hornamicina.eu\/web\/wp-json\/wp\/v2\/comments?post=5075"}],"version-history":[{"count":0,"href":"https:\/\/www.hornamicina.eu\/web\/wp-json\/wp\/v2\/posts\/5075\/revisions"}],"wp:featuredmedia":[{"embeddable":true,"href":"https:\/\/www.hornamicina.eu\/web\/wp-json\/wp\/v2\/media\/5084"}],"wp:attachment":[{"href":"https:\/\/www.hornamicina.eu\/web\/wp-json\/wp\/v2\/media?parent=5075"}],"wp:term":[{"taxonomy":"category","embeddable":true,"href":"https:\/\/www.hornamicina.eu\/web\/wp-json\/wp\/v2\/categories?post=5075"},{"taxonomy":"post_tag","embeddable":true,"href":"https:\/\/www.hornamicina.eu\/web\/wp-json\/wp\/v2\/tags?post=5075"}],"curies":[{"name":"wp","href":"https:\/\/api.w.org\/{rel}","templated":true}]}}