{"id":4985,"date":"2024-11-29T13:37:56","date_gmt":"2024-11-29T12:37:56","guid":{"rendered":"https:\/\/www.hornamicina.eu\/web\/?p=4985"},"modified":"2024-11-29T21:56:31","modified_gmt":"2024-11-29T20:56:31","slug":"zverejnenie-zameru-prenajat-nizsie-specifikovany-majetok-obce-z-dovodu-hodneho-osobitneho-zretela-ing-jan-palka","status":"publish","type":"post","link":"https:\/\/www.hornamicina.eu\/web\/zverejnenie-zameru-prenajat-nizsie-specifikovany-majetok-obce-z-dovodu-hodneho-osobitneho-zretela-ing-jan-palka\/","title":{"rendered":"Zverejnenie z\u00e1meru prenaja\u0165 ni\u017e\u0161ie identifikovan\u00fd majetok obce Horn\u00e1 Mi\u010din\u00e1 z d\u00f4vodu hodn\u00e9ho osobitn\u00e9ho zrete\u013ea &#8211; Ing. J\u00e1n P\u00e1lka"},"content":{"rendered":"<p style=\"text-align: center;\"><strong>Zverejnenie z\u00e1meru<\/strong><\/p>\n<p style=\"text-align: center;\"><strong>prenaja\u0165 ni\u017e\u0161ie identifikovan\u00fd majetok obce Horn\u00e1 Mi\u010din\u00e1 z d\u00f4vodu hodn\u00e9ho osobitn\u00e9ho zrete\u013ea<\/strong><\/p>\n<p>Obec Horn\u00e1 Mi\u010din\u00e1 v s\u00falade s ustanoveniami \u00a7 9 ods. 2 p\u00edsm. a), \u00a7 9a ods. 15 p\u00edsm. f) a \u00a7 9aa ods. 2 p\u00edsm. e) z\u00e1kona \u010d. 138\/1991 Zb. o majetku obc\u00ed, v znen\u00ed neskor\u0161\u00edch predpisov a Z\u00e1sadami hospod\u00e1renia obce Brusno v\u00a0platnom znen\u00ed t\u00fdmto zverej\u0148uje z\u00e1mer prenaja\u0165 predmetn\u00e9 nehnute\u013enosti vo vlastn\u00edctve<br \/>\nobce na z\u00e1klade n\u00e1jomnej zmluvy z d\u00f4vodu hodn\u00e9ho osobitn\u00e9ho zrete\u013ea do n\u00e1jmu \u017eiadate\u013eovi.<\/p>\n<p><strong>Jedn\u00e1 sa o nasledovn\u00fd majetok:<\/strong><\/p>\n<p>&#8211; pozemok parc. \u010d.<strong> C-KN 208\/4<\/strong>, druh pozemku: <strong>zastavan\u00e1 plocha a n\u00e1dvorie o v\u00fdmere 237 m\u00b2<\/strong>, evidovan\u00fd Okresn\u00fdm \u00faradom Bansk\u00e1 Bystrica, katastr\u00e1lny odbor na<strong> LV \u010d. 195, kat. \u00fazemie Horn\u00e1 Mi\u010din\u00e1, okres Bansk\u00e1 Bystrica<\/strong>,<\/p>\n<p><strong>\u017eiadate\u013eovi:<\/strong><br \/>\nMeno a priezvisko: Ing. J\u00e1n P\u00e1lka<br \/>\nTrvale bytom:<\/p>\n<p><strong>Zd\u00f4vodnenie osobitn\u00e9ho zrete\u013ea:<\/strong><br \/>\nSkuto\u010dnos\u0165 hodn\u00e9ho osobitn\u00e9ho zrete\u013ea je, \u017ee sa jedn\u00e1 o pren\u00e1jom majetku obce nach\u00e1dzaj\u00faca sa v bezprostrednej bl\u00edzkosti nehnute\u013enosti \u2013 stavby s\u00fap. \u010d. 188 evidovanej na LV \u010d. 1063 vo vlastn\u00edctve \u017eiadate\u013ea, pri\u010dom tento m\u00e1 z\u00e1ujem predmetn\u00fd pozemok vyu\u017e\u00edva\u0165 na \u00fa\u010dely parkovania a s t\u00fdm spojen\u00e9 vybudovanie parkovacej plochy, ulo\u017eenie dreva, unimobunky a na pr\u00edpadn\u00e9 ulo\u017eenie in\u00fdch potrebn\u00fdch s\u00fa\u010dast\u00ed s\u00favisiacich s jeho pobytom v predmetnej nehnute\u013enosti. Predmetn\u00fd pozemok nie je obcou v\u00f4bec vyu\u017e\u00edvan\u00fd a\u00a0hospod\u00e1rsky neefekt\u00edvny. Doba n\u00e1jmu je 10 rokov od schv\u00e1lenia n\u00e1jomnej zmluvy.<\/p>\n<p>&nbsp;<\/p>\n<p>Z\u00e1mer prenaja\u0165 predmetn\u00fd pozemok obce je zverejnen\u00fd:<br \/>\n&#8211; na \u00faradnej tabuli obce Horn\u00e1 Mi\u010din\u00e1 d\u0148a 29.11.2024<br \/>\n&#8211; na webovej str\u00e1nke obce Horn\u00e1 Mi\u010din\u00e1 d\u0148a 29.11.2024<\/p>\n<p>&nbsp;<\/p>\n<p>&nbsp;<\/p>\n<p>&nbsp;<\/p>\n<p>&#8230;&#8230;&#8230;&#8230;&#8230;&#8230;&#8230;&#8230;&#8230;&#8230;&#8230;&#8230;&#8230;&#8230;&#8230;.<br \/>\nstarosta obce<\/p>\n","protected":false},"excerpt":{"rendered":"Zverejnenie z\u00e1meru prenaja\u0165 ni\u017e\u0161ie identifikovan\u00fd majetok obce Horn\u00e1 Mi\u010din\u00e1 z d\u00f4vodu hodn\u00e9ho osobitn\u00e9ho [&hellip;]","protected":false},"author":1,"featured_media":390,"comment_status":"closed","ping_status":"open","sticky":false,"template":"","format":"standard","meta":{"advanced_seo_description":"","jetpack_seo_html_title":"","jetpack_seo_noindex":false,"_jetpack_memberships_contains_paid_content":false,"footnotes":""},"categories":[32,8],"tags":[],"class_list":["post-4985","post","type-post","status-publish","format-standard","has-post-thumbnail","hentry","category-uradna-tabula","category-oznamy"],"jetpack_featured_media_url":"https:\/\/i0.wp.com\/www.hornamicina.eu\/web\/wp-content\/uploads\/2017\/07\/uznesenia.jpg?fit=530%2C530&ssl=1","jetpack_sharing_enabled":true,"jetpack_shortlink":"https:\/\/wp.me\/p8RsFw-1ip","jetpack-related-posts":[{"id":5143,"url":"https:\/\/www.hornamicina.eu\/web\/zverejnenie-zameru-prenajat-majetok-obce-z-dovodu-hodneho-osobitneho-zretela-p-zuzana-krnac\/","url_meta":{"origin":4985,"position":0},"title":"Zverejnenie z\u00e1meru prenaja\u0165 majetok obce z d\u00f4vodu hodn\u00e9ho osobitn\u00e9ho zrete\u013ea &#8211; p. Zuzana Krn\u00e1\u010d","author":"admin","date":"26. febru\u00e1ra 2025","format":false,"excerpt":"Zverejnenie z\u00e1meru prenaja\u0165 ni\u017e\u0161ie identifikovan\u00fd majetok obce Horn\u00e1 Mi\u010din\u00e1 z d\u00f4vodu hodn\u00e9ho osobitn\u00e9ho zrete\u013ea Obec Horn\u00e1 Mi\u010din\u00e1 v s\u00falade s ustanoveniami \u00a7 9 ods. 2 p\u00edsm. a), \u00a7 9a ods. 15 p\u00edsm. f) a \u00a7 9aa ods. 2 p\u00edsm. e) z\u00e1kona \u010d. 138\/1991 Zb. o majetku obc\u00ed, v znen\u00ed neskor\u0161\u00edch\u2026","rel":"","context":"V &quot;Elektronick\u00e1 \u00faradn\u00e1 tabu\u013ea&quot;","block_context":{"text":"Elektronick\u00e1 \u00faradn\u00e1 tabu\u013ea","link":"https:\/\/www.hornamicina.eu\/web\/category\/uradna-tabula\/"},"img":{"alt_text":"Logo obce a dokumenty","src":"https:\/\/i0.wp.com\/www.hornamicina.eu\/web\/wp-content\/uploads\/2017\/07\/uznesenia.jpg?fit=530%2C530&ssl=1&resize=350%2C200","width":350,"height":200,"srcset":"https:\/\/i0.wp.com\/www.hornamicina.eu\/web\/wp-content\/uploads\/2017\/07\/uznesenia.jpg?fit=530%2C530&ssl=1&resize=350%2C200 1x, https:\/\/i0.wp.com\/www.hornamicina.eu\/web\/wp-content\/uploads\/2017\/07\/uznesenia.jpg?fit=530%2C530&ssl=1&resize=525%2C300 1.5x"},"classes":[]},{"id":5512,"url":"https:\/\/www.hornamicina.eu\/web\/zverejnenie-zameru-prenajat-majetok-obce-h-micina-z-dovodu-hodneho-os-zretela-sps\/","url_meta":{"origin":4985,"position":1},"title":"Zverejnenie z\u00e1meru prenaja\u0165 majetok obce H. Mi\u010din\u00e1 z d\u00f4vodu hodn\u00e9ho os. zrete\u013ea &#8211; SPS","author":"admin","date":"1. septembra 2025","format":false,"excerpt":"Zverejnenie z\u00e1meru prenaja\u0165 ni\u017e\u0161ie identifikovan\u00fd majetok obce Horn\u00e1 Mi\u010din\u00e1 z d\u00f4vodu hodn\u00e9ho osobitn\u00e9ho zrete\u013ea Obec Horn\u00e1 Mi\u010din\u00e1 v s\u00falade s ustanoveniami \u00a7 9 ods. 2 p\u00edsm. a), \u00a7 9a ods. 15 p\u00edsm. f) z\u00e1kona \u010d. 138\/1991 Zb. o majetku obc\u00ed, v znen\u00ed neskor\u0161\u00edch predpisov a Z\u00e1sadami hospod\u00e1renia s majetkom obce\u2026","rel":"","context":"V &quot;Elektronick\u00e1 \u00faradn\u00e1 tabu\u013ea&quot;","block_context":{"text":"Elektronick\u00e1 \u00faradn\u00e1 tabu\u013ea","link":"https:\/\/www.hornamicina.eu\/web\/category\/uradna-tabula\/"},"img":{"alt_text":"Logo obce a dokumenty","src":"https:\/\/i0.wp.com\/www.hornamicina.eu\/web\/wp-content\/uploads\/2017\/07\/uznesenia.jpg?fit=530%2C530&ssl=1&resize=350%2C200","width":350,"height":200,"srcset":"https:\/\/i0.wp.com\/www.hornamicina.eu\/web\/wp-content\/uploads\/2017\/07\/uznesenia.jpg?fit=530%2C530&ssl=1&resize=350%2C200 1x, https:\/\/i0.wp.com\/www.hornamicina.eu\/web\/wp-content\/uploads\/2017\/07\/uznesenia.jpg?fit=530%2C530&ssl=1&resize=525%2C300 1.5x"},"classes":[]},{"id":5430,"url":"https:\/\/www.hornamicina.eu\/web\/zverejnenie-zameru-prenajat-p-danko\/","url_meta":{"origin":4985,"position":2},"title":"Zverejnenie z\u00e1meru prenaja\u0165 majetok obce HM z d\u00f4vodu hodn\u00e9ho os. zrete\u013ea &#8211; p. Milan Danko","author":"admin","date":"1. septembra 2025","format":false,"excerpt":"Zverejnenie z\u00e1meru prenaja\u0165 ni\u017e\u0161ie identifikovan\u00fd majetok obce Horn\u00e1 Mi\u010din\u00e1 z d\u00f4vodu hodn\u00e9ho osobitn\u00e9ho zrete\u013ea Obec Horn\u00e1 Mi\u010din\u00e1 v s\u00falade s ustanoveniami \u00a7 9 ods. 2 p\u00edsm. a), \u00a7 9a ods. 15 p\u00edsm. f) a \u00a7 9aa ods. 2 p\u00edsm. e) z\u00e1kona \u010d. 138\/1991 Zb. o majetku obc\u00ed, v znen\u00ed neskor\u0161\u00edch\u2026","rel":"","context":"V &quot;Elektronick\u00e1 \u00faradn\u00e1 tabu\u013ea&quot;","block_context":{"text":"Elektronick\u00e1 \u00faradn\u00e1 tabu\u013ea","link":"https:\/\/www.hornamicina.eu\/web\/category\/uradna-tabula\/"},"img":{"alt_text":"Logo obce a dokumenty","src":"https:\/\/i0.wp.com\/www.hornamicina.eu\/web\/wp-content\/uploads\/2017\/07\/uznesenia.jpg?fit=530%2C530&ssl=1&resize=350%2C200","width":350,"height":200,"srcset":"https:\/\/i0.wp.com\/www.hornamicina.eu\/web\/wp-content\/uploads\/2017\/07\/uznesenia.jpg?fit=530%2C530&ssl=1&resize=350%2C200 1x, https:\/\/i0.wp.com\/www.hornamicina.eu\/web\/wp-content\/uploads\/2017\/07\/uznesenia.jpg?fit=530%2C530&ssl=1&resize=525%2C300 1.5x"},"classes":[]},{"id":5432,"url":"https:\/\/www.hornamicina.eu\/web\/zamer-prenajom-os-zretel-p-kokova\/","url_meta":{"origin":4985,"position":3},"title":"Zverejnenie z\u00e1meru prenaja\u0165 majetok obce HM z d\u00f4vodu hodn\u00e9ho os. zrete\u013ea &#8211; p. L\u00edvia Kokov\u00e1","author":"admin","date":"1. septembra 2025","format":false,"excerpt":"Zverejnenie z\u00e1meru prenaja\u0165 ni\u017e\u0161ie identifikovan\u00fd majetok obce Horn\u00e1 Mi\u010din\u00e1 z d\u00f4vodu hodn\u00e9ho osobitn\u00e9ho zrete\u013ea Obec Horn\u00e1 Mi\u010din\u00e1 v s\u00falade s ustanoveniami \u00a7 9 ods. 2 p\u00edsm. a), \u00a7 9a ods. 15 p\u00edsm. f) a \u00a7 9aa ods. 2 p\u00edsm. e) z\u00e1kona \u010d. 138\/1991 Zb. o majetku obc\u00ed, v znen\u00ed neskor\u0161\u00edch\u2026","rel":"","context":"V &quot;Elektronick\u00e1 \u00faradn\u00e1 tabu\u013ea&quot;","block_context":{"text":"Elektronick\u00e1 \u00faradn\u00e1 tabu\u013ea","link":"https:\/\/www.hornamicina.eu\/web\/category\/uradna-tabula\/"},"img":{"alt_text":"Logo obce a dokumenty","src":"https:\/\/i0.wp.com\/www.hornamicina.eu\/web\/wp-content\/uploads\/2017\/07\/uznesenia.jpg?fit=530%2C530&ssl=1&resize=350%2C200","width":350,"height":200,"srcset":"https:\/\/i0.wp.com\/www.hornamicina.eu\/web\/wp-content\/uploads\/2017\/07\/uznesenia.jpg?fit=530%2C530&ssl=1&resize=350%2C200 1x, https:\/\/i0.wp.com\/www.hornamicina.eu\/web\/wp-content\/uploads\/2017\/07\/uznesenia.jpg?fit=530%2C530&ssl=1&resize=525%2C300 1.5x"},"classes":[]},{"id":3290,"url":"https:\/\/www.hornamicina.eu\/web\/zverejnenie-zameru-predat-majetok-obce-xamer-s-r-o\/","url_meta":{"origin":4985,"position":4},"title":"Zverejnenie z\u00e1meru preda\u0165 majetok obce &#8211; XAMER, s.r.o.","author":"admin","date":"2. septembra 2022","format":false,"excerpt":"ZVEREJNENIE Z\u00c1MERU \u00a0 preda\u0165 ni\u017e\u0161ie identifikovan\u00fd majetok Obce Horn\u00e1 Mi\u010din\u00e1 z\u00a0d\u00f4vodu hodn\u00e9ho osobitn\u00e9ho zrete\u013ea \u00a0 Obec Horn\u00e1 Mi\u010din\u00e1 v s\u00falade s ustanoveniami \u00a7 9 ods. 2 p\u00edsm. a) a \u00a7 9a ods. 8 p\u00edsm. e) z\u00e1kona \u010d. 138\/1991 Zb. o majetku obc\u00ed v znen\u00ed neskor\u0161\u00edch predpisov, t\u00fdmto zverej\u0148uje z\u00e1mer preda\u0165\u2026","rel":"","context":"V &quot;Elektronick\u00e1 \u00faradn\u00e1 tabu\u013ea&quot;","block_context":{"text":"Elektronick\u00e1 \u00faradn\u00e1 tabu\u013ea","link":"https:\/\/www.hornamicina.eu\/web\/category\/uradna-tabula\/"},"img":{"alt_text":"Logo obce a dokumenty","src":"https:\/\/i0.wp.com\/www.hornamicina.eu\/web\/wp-content\/uploads\/2017\/07\/uznesenia.jpg?fit=530%2C530&ssl=1&resize=350%2C200","width":350,"height":200,"srcset":"https:\/\/i0.wp.com\/www.hornamicina.eu\/web\/wp-content\/uploads\/2017\/07\/uznesenia.jpg?fit=530%2C530&ssl=1&resize=350%2C200 1x, https:\/\/i0.wp.com\/www.hornamicina.eu\/web\/wp-content\/uploads\/2017\/07\/uznesenia.jpg?fit=530%2C530&ssl=1&resize=525%2C300 1.5x"},"classes":[]},{"id":4244,"url":"https:\/\/www.hornamicina.eu\/web\/zverejnenie-zameru-predat-nizsie-identifikovany-majetok-obce-horna-micina-zdovodu-hodneho-osobitneho-zretela-m-marko\/","url_meta":{"origin":4985,"position":5},"title":"Zverejnenie z\u00e1meru preda\u0165 ni\u017e\u0161ie identifikovan\u00fd majetok Obce Horn\u00e1 Mi\u010din\u00e1 zd\u00f4vodu hodn\u00e9ho osobitn\u00e9ho zrete\u013ea &#8211; M. Marko","author":"admin","date":"16. m\u00e1ja 2024","format":false,"excerpt":"Obec Horn\u00e1 Mi\u010din\u00e1 v\u00a0s\u00falade s ustanoveniami \u00a7 9 ods. 2 p\u00edsm. a) a \u00a7 9a ods. 15 p\u00edsm. f) z\u00e1kona \u010d. 138\/1991 Zb. o\u00a0majetku obc\u00ed v\u00a0znen\u00ed neskor\u0161\u00edch predpisov a\u00a0Z\u00e1sadami hospod\u00e1renia s\u00a0majetkom Obce Horn\u00e1 Mi\u010din\u00e1 zo d\u0148a 13.12.2023, t\u00fdmto zverej\u0148uje z\u00e1mer preda\u0165 ni\u017e\u0161ie identifikovan\u00fd majetok Obce Horn\u00e1 Mi\u010din\u00e1 k\u00fapnopredajnou zmluvou z\u00a0d\u00f4vodu\u2026","rel":"","context":"V &quot;D\u00f4le\u017eit\u00e9&quot;","block_context":{"text":"D\u00f4le\u017eit\u00e9","link":"https:\/\/www.hornamicina.eu\/web\/category\/dolezite\/"},"img":{"alt_text":"Logo obce a dokumenty","src":"https:\/\/i0.wp.com\/www.hornamicina.eu\/web\/wp-content\/uploads\/2017\/07\/uznesenia.jpg?fit=530%2C530&ssl=1&resize=350%2C200","width":350,"height":200,"srcset":"https:\/\/i0.wp.com\/www.hornamicina.eu\/web\/wp-content\/uploads\/2017\/07\/uznesenia.jpg?fit=530%2C530&ssl=1&resize=350%2C200 1x, https:\/\/i0.wp.com\/www.hornamicina.eu\/web\/wp-content\/uploads\/2017\/07\/uznesenia.jpg?fit=530%2C530&ssl=1&resize=525%2C300 1.5x"},"classes":[]}],"jetpack_likes_enabled":true,"_links":{"self":[{"href":"https:\/\/www.hornamicina.eu\/web\/wp-json\/wp\/v2\/posts\/4985","targetHints":{"allow":["GET"]}}],"collection":[{"href":"https:\/\/www.hornamicina.eu\/web\/wp-json\/wp\/v2\/posts"}],"about":[{"href":"https:\/\/www.hornamicina.eu\/web\/wp-json\/wp\/v2\/types\/post"}],"author":[{"embeddable":true,"href":"https:\/\/www.hornamicina.eu\/web\/wp-json\/wp\/v2\/users\/1"}],"replies":[{"embeddable":true,"href":"https:\/\/www.hornamicina.eu\/web\/wp-json\/wp\/v2\/comments?post=4985"}],"version-history":[{"count":0,"href":"https:\/\/www.hornamicina.eu\/web\/wp-json\/wp\/v2\/posts\/4985\/revisions"}],"wp:featuredmedia":[{"embeddable":true,"href":"https:\/\/www.hornamicina.eu\/web\/wp-json\/wp\/v2\/media\/390"}],"wp:attachment":[{"href":"https:\/\/www.hornamicina.eu\/web\/wp-json\/wp\/v2\/media?parent=4985"}],"wp:term":[{"taxonomy":"category","embeddable":true,"href":"https:\/\/www.hornamicina.eu\/web\/wp-json\/wp\/v2\/categories?post=4985"},{"taxonomy":"post_tag","embeddable":true,"href":"https:\/\/www.hornamicina.eu\/web\/wp-json\/wp\/v2\/tags?post=4985"}],"curies":[{"name":"wp","href":"https:\/\/api.w.org\/{rel}","templated":true}]}}