{"id":4926,"date":"2024-09-23T21:23:06","date_gmt":"2024-09-23T19:23:06","guid":{"rendered":"https:\/\/www.hornamicina.eu\/web\/?p=4926"},"modified":"2024-09-26T08:41:06","modified_gmt":"2024-09-26T06:41:06","slug":"uznesenia-zo-zasadnutia-oz-obce-horna-micina-9-2024","status":"publish","type":"post","link":"https:\/\/www.hornamicina.eu\/web\/uznesenia-zo-zasadnutia-oz-obce-horna-micina-9-2024\/","title":{"rendered":"Uznesenia zo zasadnutia oz obce Horn\u00e1 Mi\u010din\u00e1 &#8211; 9\/2024"},"content":{"rendered":"<p style=\"text-align: center;\"><strong>UZNESENIA<\/strong><\/p>\n<p style=\"text-align: center;\">zo zasadnutia obecn\u00e9ho zastupite\u013estva (\u010falej len OZ) obce Horn\u00e1 Mi\u010din\u00e1<\/p>\n<p style=\"text-align: center;\">konan\u00e9ho d\u0148a 16.9.2024 v\u00a0budove obecn\u00e9ho \u00faradu Horn\u00e1 Mi\u010din\u00e1 o\u00a017:00 hod.<\/p>\n<p>&nbsp;<\/p>\n<p>PR\u00cdTOMN\u00cd POSLANCI: Teodor Bachleda,\u00a0 Michal Karkal\u00edk, \u00a0Jana Baranov\u00e1<\/p>\n<p>NEPR\u00cdTOMN\u00cd POSLANCI: \u013dubom\u00edr \u010cerh\u00fd\u0148-DOV zahrani\u010die,Tibor Pip\u00ed\u0161ka -PN<\/p>\n<p>&nbsp;<\/p>\n<p><strong><u>K\u00a0bodu 2. Program OZ<\/u><\/strong><\/p>\n<p>OZ obce Horn\u00e1 Mi\u010din\u00e1 uznesen\u00edm \u010d.28\/2024\u00a0 zo 16.9.2024<\/p>\n<p>&nbsp;<\/p>\n<p><strong><em><u>schva\u013euje<\/u><\/em><\/strong><\/p>\n<ul>\n<li>Program obecn\u00e9ho zastupite\u013estva<\/li>\n<\/ul>\n<p>&nbsp;<\/p>\n<p>Hlasovali za: (3) Teodor Bachleda,\u00a0 Michal Karkal\u00edk,\u00a0 Jana Baranov\u00e1<\/p>\n<p>proti: (0)<\/p>\n<p>zdr\u017eali sa: (0)<\/p>\n<p>&nbsp;<\/p>\n<p><strong><u>k\u00a0bodu 3. Vo\u013eba n\u00e1vrhovej komisie, overovate\u013ea z\u00e1pisnice a\u00a0zapisovate\u013ea<\/u><\/strong><\/p>\n<p>OZ obce Horn\u00e1 Mi\u010din\u00e1\u00a0\u00a0 \u00a0uznesen\u00edm\u00a0 \u010d.29\/2024\u00a0\u00a0 zo \u00a016.9.2024<\/p>\n<p><strong><em>ur\u010duje<\/em><\/strong><\/p>\n<ul>\n<li>Bachledu za \u010dlena n\u00e1vrhovej komisie<\/li>\n<li>Karkal\u00edka za overovate\u013ea z\u00e1pisnice<\/li>\n<\/ul>\n<p>&#8211; \u00a0\u00a0\u00a0\u00a0\u00a0Janu Baranov\u00fa za zapisovate\u013ea z\u00e1pisnice<\/p>\n<p>&nbsp;<\/p>\n<p>Hlasovali za: (3) Teodor Bachleda,\u00a0 Michal Karkal\u00edk,\u00a0 Jana Baranov\u00e1<\/p>\n<p>proti: (0)<\/p>\n<p>zdr\u017eali sa: (0)<\/p>\n<p>&nbsp;<\/p>\n<p><strong><u>k\u00a0bodu 4. <\/u><\/strong><strong><u>N\u00e1vrh pl\u00e1nu kontrolnej \u010dinnosti hlavn\u00e9ho kontrol\u00f3ra obce na 2 polrok 2024<\/u><\/strong><\/p>\n<p>OZ obce Horn\u00e1 Mi\u010din\u00e1\u00a0\u00a0 uznesen\u00edm \u010d.30\/2024\u00a0\u00a0 zo \u00a016.9.2024<\/p>\n<p>&nbsp;<\/p>\n<p><strong>SCHVA\u013dUJE:<\/strong><\/p>\n<p>&nbsp;<\/p>\n<p><strong>\u00a0\u00a0\u00a0\u00a0\u00a0\u00a0\u00a0\u00a0 <\/strong>\u00a0N\u00e1vrh pl\u00e1nu kontrolnej \u010dinnosti hlavn\u00e9ho kontrol\u00f3ra obce na 2 polrok 2024<\/p>\n<p><strong>\u00a0<\/strong><\/p>\n<p><strong>\u00a0\u00a0\u00a0\u00a0\u00a0\u00a0\u00a0 <\/strong>Hlasovali za: (3) Teodor Bachleda,\u00a0 Michal Karkal\u00edk,\u00a0 Jana Baranov\u00e1<\/p>\n<p>proti: (0)<\/p>\n<p>zdr\u017eali sa: (0)<\/p>\n<p>&nbsp;<\/p>\n<p><strong><u>k\u00a0bodu 5. <\/u><\/strong><strong><u>spr\u00e1va z\u00a0kontroly plnenia uznesen\u00ed OZ na zasadnut\u00ed d\u0148a 17.6.2024<\/u><\/strong><\/p>\n<p>OZ obce Horn\u00e1 Mi\u010din\u00e1\u00a0\u00a0 uznesen\u00edm \u010d.31\/2024\u00a0\u00a0\u00a0 zo \u00a016.9.2024<\/p>\n<p>&nbsp;<\/p>\n<p><strong>Berie na vedomie:<\/strong><\/p>\n<p>Spr\u00e1vu z\u00a0kontroly plnenia uznesen\u00ed OZ zo zasadnutia d\u0148a 17.6.2024. Spr\u00e1vu z\u00a0kontroly predniesol hlavn\u00fd kontrol\u00f3r obce p.Petr\u00edk<\/p>\n<p>&nbsp;<\/p>\n<p>Hlasovali za: (3)\u00a0 Teodor Bachleda, Michal Karkal\u00edk,\u00a0 Jana Baranov\u00e1<\/p>\n<p>proti: (0)<\/p>\n<p>zdr\u017eali sa: (0)<\/p>\n<p>&nbsp;<\/p>\n<p>&nbsp;<\/p>\n<p><strong><u>k bodu 6.<\/u><\/strong><strong><u> rekon\u0161trukcia obecn\u00e9ho rozhlasu<\/u><\/strong><\/p>\n<p>OZ obce Horn\u00e1 Mi\u010din\u00e1\u00a0\u00a0 uznesen\u00edm \u010d.32\/2024\u00a0\u00a0\u00a0 zo \u00a016.9.2024<\/p>\n<p>&nbsp;<\/p>\n<p><strong>Berie na vedomie:<\/strong><\/p>\n<p>Rekon\u0161trukciu obecn\u00e9ho rozhlasu vzh\u013eadom k\u00a0\u010dast\u00fdm poruch\u00e1m a\u00a0oprav\u00e1m a t\u00fdm jeho nefunk\u010dnosti . Odpor\u00fa\u010daj\u00fa urobi\u0165 prieskum cenovej ponuky.<\/p>\n<p>&nbsp;<\/p>\n<p>Hlasovali za: (3)\u00a0 Teodor Bachleda, Michal Karkal\u00edk,\u00a0 Jana Baranov\u00e1<\/p>\n<p>proti: (0)<\/p>\n<p>zdr\u017eali sa: (0)<\/p>\n<p>&nbsp;<\/p>\n<p><strong><u>K\u00a0bodu 7. <\/u><\/strong><strong><u>Rekon\u0161trukcia \u017eumpy v\u00a0obecnom parku<\/u><\/strong><\/p>\n<p>OZ obce Horn\u00e1 Mi\u010din\u00e1\u00a0\u00a0 uznesen\u00edm \u010d.33\/2024\u00a0\u00a0\u00a0 zo \u00a016.9.2024<\/p>\n<p><strong>Schva\u013euje :<\/strong><\/p>\n<p>Rekon\u0161trukciu \u010disti\u010dky \u00a0v\u00a0obecnom parku za nov\u00fa nepriepustn\u00fa \u017eumpu\u00a0z d\u00f4vodu nefunk\u010dnosti starej\u00a0 a upchatej \u010disti\u010dky. Obsah \u017eumpy minim\u00e1lne 12m3.<\/p>\n<p><u>\u00a0<\/u><\/p>\n<p>Hlasovali za: (3)\u00a0 Teodor Bachleda,\u00a0 Michal Karkal\u00edk,\u00a0 Jana Baranov\u00e1<\/p>\n<p>proti: (0)<\/p>\n<p>zdr\u017eali sa: (0)<\/p>\n<p>&nbsp;<\/p>\n<p><strong><u>K\u00a0bodu 8.\u00a0 <\/u><\/strong><strong><u>R\u00f4zne<\/u><\/strong><\/p>\n<p>OZ obce Horn\u00e1 Mi\u010din\u00e1\u00a0\u00a0 uznesenie \u010d.34\/2024\u00a0\u00a0\u00a0 zo \u00a016.9.2024<\/p>\n<p>&nbsp;<\/p>\n<ul>\n<li>Kosenie cintor\u00ednov,parku,n\u00e1dr\u017ee,potokov<\/li>\n<li>Rekon\u0161trukcia obrubn\u00edka na moste,e\u0161te firma namontuje z\u00e1bradlie<\/li>\n<li>De\u0148 obce Mi\u010dinsk\u00f4-po\u010fakovanie v\u0161etk\u00fdm za pr\u00edpravu<\/li>\n<li>V\u00a0okt\u00f3bri \u2013 zber nadrozmern\u00e9ho odpadu a\u00a0elektro odpadu<\/li>\n<li>Neschv\u00e1lenie \u017eiadosti z\u00a0pl\u00e1nu obnovy na rekon\u0161trukciu obecn\u00e9ho \u00faradu<\/li>\n<li>Ide v\u00fdzva na multifunk\u010dn\u00e9 ihrisk\u00e1-rekon\u0161trukcia-zapojenie sa do v\u00fdzvy<\/li>\n<li>Objedn\u00e1vka uhlia na OU<\/li>\n<li>V\u00a0najbli\u017e\u0161ej dobe bud\u00fa osaden\u00e9 nov\u00e9 autobusov\u00e9 zast\u00e1vky<\/li>\n<\/ul>\n<p>&nbsp;<\/p>\n<p>&nbsp;<\/p>\n<p>&nbsp;<\/p>\n<p><strong><u>K\u00a0bodu 9.<\/u><\/strong><strong><u> Diskusia<\/u><\/strong><\/p>\n<p>OZ obce Horn\u00e1 Mi\u010din\u00e1\u00a0\u00a0 uznesenie \u010d.35\/2024\u00a0\u00a0\u00a0 zo \u00a016.9.2024<\/p>\n<ul>\n<li>Bez ot\u00e1zok<\/li>\n<\/ul>\n<p>&nbsp;<\/p>\n<p><strong><u>K\u00a0bodu 13.\u00a0\u00a0\u00a0 N\u00e1vrhy uznesen\u00ed<\/u><\/strong><\/p>\n<p>Poslanci n\u00e1vrhy uznesen\u00ed OZ<u>\u00a0 &#8211;\u00a0 <strong>schva\u013euj\u00fa<\/strong><\/u><\/p>\n<p>&nbsp;<\/p>\n<p>Hlasovali za: (3)\u00a0 Teodor Bachleda,\u00a0 Michal Karkal\u00edk,\u00a0 Jana Baranov\u00e1<\/p>\n<p>proti: (0)<\/p>\n<p>zdr\u017eali sa: (0)<\/p>\n<p>&nbsp;<\/p>\n<p>&nbsp;<\/p>\n<p><strong><u>K\u00a0bodu 13.\u00a0 Z\u00e1ver<\/u><\/strong><\/p>\n<p>Starosta ukon\u010dil rokovanie OZ a\u00a0po\u010fakoval poslancom a\u00a0pr\u00edtomn\u00fdm ob\u010danom obce za \u00fa\u010das\u0165 na rokovan\u00ed.<\/p>\n","protected":false},"excerpt":{"rendered":"UZNESENIA zo zasadnutia obecn\u00e9ho zastupite\u013estva (\u010falej len OZ) obce Horn\u00e1 Mi\u010din\u00e1 konan\u00e9ho d\u0148a [&hellip;]","protected":false},"author":1,"featured_media":503,"comment_status":"closed","ping_status":"open","sticky":false,"template":"","format":"standard","meta":{"advanced_seo_description":"","jetpack_seo_html_title":"","jetpack_seo_noindex":false,"_jetpack_memberships_contains_paid_content":false,"footnotes":""},"categories":[391],"tags":[],"class_list":["post-4926","post","type-post","status-publish","format-standard","has-post-thumbnail","hentry","category-uznesenia"],"jetpack_featured_media_url":"https:\/\/i0.wp.com\/www.hornamicina.eu\/web\/wp-content\/uploads\/2017\/07\/zastupitelstvo.jpg?fit=530%2C375&ssl=1","jetpack_sharing_enabled":true,"jetpack_shortlink":"https:\/\/wp.me\/p8RsFw-1hs","jetpack-related-posts":[{"id":4924,"url":"https:\/\/www.hornamicina.eu\/web\/zapisnica-so-zasadnutia-zastupitelstva-obce-hm-9-2024\/","url_meta":{"origin":4926,"position":0},"title":"Z\u00e1pisnica so zasadnutia zastupite\u013estva obce HM &#8211; 9\/2024","author":"admin","date":"23. septembra 2024","format":false,"excerpt":"Z\u00c1PISNICA zo zasadnutia obecn\u00e9ho zastupite\u013estva (\u010falej len OZ) obce\u00a0Horn\u00e1 Mi\u010din\u00e1 konan\u00e9ho d\u0148a 16.9.2024 v budove obecn\u00e9ho \u00faradu Horn\u00e1 Mi\u010din\u00e1 o 17:00 hod. \u00a0 PR\u00cdTOMN\u00cd: Starosta obce:\u00a0\u00a0\u00a0\u00a0\u00a0\u00a0\u00a0\u00a0\u00a0\u00a0\u00a0\u00a0\u00a0\u00a0\u00a0\u00a0\u00a0\u00a0\u00a0\u00a0\u00a0\u00a0\u00a0\u00a0\u00a0\u00a0\u00a0\u00a0\u00a0 Ivan Len\u00e1r Poslanci OZ:\u00a0\u00a0\u00a0\u00a0\u00a0\u00a0\u00a0\u00a0\u00a0\u00a0\u00a0\u00a0\u00a0\u00a0\u00a0\u00a0\u00a0\u00a0\u00a0\u00a0\u00a0\u00a0\u00a0\u00a0\u00a0\u00a0\u00a0\u00a0\u00a0\u00a0\u00a0\u00a0 pod\u013ea prilo\u017eenej prezen\u010dnej listiny Ob\u010dania obce a\u00a0prizvan\u00ed:\u00a0\u00a0\u00a0\u00a0\u00a0\u00a0\u00a0\u00a0\u00a0\u00a0\u00a0\u00a0 pod\u013ea prilo\u017eenej prezen\u010dnej listiny \u00a0 Zasadnutie obecn\u00e9ho zastupite\u013estva otvoril a\u00a0viedol starosta obce Ivan\u2026","rel":"","context":"V &quot;D\u00f4le\u017eit\u00e9&quot;","block_context":{"text":"D\u00f4le\u017eit\u00e9","link":"https:\/\/www.hornamicina.eu\/web\/category\/dolezite\/"},"img":{"alt_text":"","src":"https:\/\/i0.wp.com\/www.hornamicina.eu\/web\/wp-content\/uploads\/2017\/07\/zastupitelstvo.jpg?fit=530%2C375&ssl=1&resize=350%2C200","width":350,"height":200,"srcset":"https:\/\/i0.wp.com\/www.hornamicina.eu\/web\/wp-content\/uploads\/2017\/07\/zastupitelstvo.jpg?fit=530%2C375&ssl=1&resize=350%2C200 1x, https:\/\/i0.wp.com\/www.hornamicina.eu\/web\/wp-content\/uploads\/2017\/07\/zastupitelstvo.jpg?fit=530%2C375&ssl=1&resize=525%2C300 1.5x"},"classes":[]},{"id":3894,"url":"https:\/\/www.hornamicina.eu\/web\/zapisnica-a-uznesenia-oz-zo-dna-22-8-2023\/","url_meta":{"origin":4926,"position":1},"title":"Z\u00e1pisnica a uznesenia OZ zo d\u0148a 22.8.2023","author":"admin","date":"30. augusta 2023","format":false,"excerpt":"Z\u00c1PISNICA Z mimoriadneho zasadnutia obecn\u00e9ho zastupite\u013estva(\u010falej len OZ) v Hornej Mi\u010dinej konan\u00e9ho d\u0148a 22.8.2023 v s\u00e1le obecn\u00e9ho \u00faradu Horn\u00e1 Mi\u010din\u00e1 o 19:00 hod. PR\u00cdTOMN\u00cd: Starosta obce: Ivan Len\u00e1r Poslanci OZ: Janka Baranov\u00e1,Teodor Bachleda,Tibor Pip\u00ed\u0161ka,\u013dubom\u00edr \u010cerh\u00fd\u0148 NEPR\u00cdTOMN\u00dd: Michal Karkal\u00edk Ob\u010dania obce a pozvan\u00ed: pod\u013ea prilo\u017eenej prezen\u010dnej listiny Zasadnutie OZ otvoril a\u2026","rel":"","context":"V &quot;Uznesenia&quot;","block_context":{"text":"Uznesenia","link":"https:\/\/www.hornamicina.eu\/web\/category\/uznesenia\/"},"img":{"alt_text":"Logo obce a dokumenty","src":"https:\/\/i0.wp.com\/www.hornamicina.eu\/web\/wp-content\/uploads\/2017\/07\/uznesenia.jpg?fit=530%2C530&ssl=1&resize=350%2C200","width":350,"height":200,"srcset":"https:\/\/i0.wp.com\/www.hornamicina.eu\/web\/wp-content\/uploads\/2017\/07\/uznesenia.jpg?fit=530%2C530&ssl=1&resize=350%2C200 1x, https:\/\/i0.wp.com\/www.hornamicina.eu\/web\/wp-content\/uploads\/2017\/07\/uznesenia.jpg?fit=530%2C530&ssl=1&resize=525%2C300 1.5x"},"classes":[]},{"id":5639,"url":"https:\/\/www.hornamicina.eu\/web\/uznesenia-z-mimoriadneho-zasadnutia-oz-obce-horna-micina-17-1-2026\/","url_meta":{"origin":4926,"position":2},"title":"Uznesenia z mimoriadneho zasadnutia OZ obce Horna Micina &#8211; 17.1.2026","author":"admin","date":"22. janu\u00e1ra 2026","format":false,"excerpt":"UZNESENIA Z mimoriadneho zasadnutia obecn\u00e9ho zastupite\u013estva (\u010falej len OZ) obce Horn\u00e1 Mi\u010din\u00e1 konan\u00e9ho d\u0148a 17.1.2026 v\u00a0budove obecn\u00e9ho \u00faradu Horn\u00e1 Mi\u010din\u00e1 o\u00a017:00 hod. PR\u00cdTOMN\u00cd POSLANCI: \u013dubom\u00edr \u010cerh\u00fd\u0148 ,Janka Baranov\u00e1 ,Teodor Bachleda, NEPR\u00cdTOMN\u00cd POSLANCI: Tibor Pip\u00ed\u0161ka ,Michal Karkal\u00edk uznesenie \u010d.124\/2026 zo \u00a017.1.2026 K\u00a0bodu 2. Vo\u013eba n\u00e1vrhovej komisie, overovate\u013ea z\u00e1pisnice a\u00a0zapisovate\u013ea OZ obce\u2026","rel":"","context":"V &quot;Uznesenia&quot;","block_context":{"text":"Uznesenia","link":"https:\/\/www.hornamicina.eu\/web\/category\/uznesenia\/"},"img":{"alt_text":"","src":"https:\/\/i0.wp.com\/www.hornamicina.eu\/web\/wp-content\/uploads\/2017\/07\/zastupitelstvo.jpg?fit=530%2C375&ssl=1&resize=350%2C200","width":350,"height":200,"srcset":"https:\/\/i0.wp.com\/www.hornamicina.eu\/web\/wp-content\/uploads\/2017\/07\/zastupitelstvo.jpg?fit=530%2C375&ssl=1&resize=350%2C200 1x, https:\/\/i0.wp.com\/www.hornamicina.eu\/web\/wp-content\/uploads\/2017\/07\/zastupitelstvo.jpg?fit=530%2C375&ssl=1&resize=525%2C300 1.5x"},"classes":[]},{"id":5346,"url":"https:\/\/www.hornamicina.eu\/web\/uznesenia-zo-zasadnutia-oz-hm-26-6-2025\/","url_meta":{"origin":4926,"position":3},"title":"Uznesenia zo zasadnutia OZ HM &#8211; 26.6.2025","author":"admin","date":"3. j\u00fala 2025","format":false,"excerpt":"UZNESENIA zo zasadnutia obecn\u00e9ho zastupite\u013estva (\u010falej len OZ) obce Horn\u00e1 Mi\u010din\u00e1 konan\u00e9ho d\u0148a 26.6.2025 v\u00a0budove obecn\u00e9ho \u00faradu Horn\u00e1 Mi\u010din\u00e1 o\u00a016:00 hod. PR\u00cdTOMN\u00cd POSLANCI: \u00a0\u00a0Michal Karkal\u00edk, \u00a0\u013dubom\u00edr \u010cerh\u00fd\u0148 , Tibor Pip\u00ed\u0161ka NEPR\u00cdTOMN\u00cd POSLANCI: \u00a0- Janka Baranov\u00e1 ,Teodor Bachleda \u00a0 \u00a0 \u00a0 uznesenie \u010d.88\/2025 \u00a0 K\u00a0bodu 2. Vo\u013eba n\u00e1vrhovej komisie, overovate\u013ea z\u00e1pisnice\u2026","rel":"","context":"V &quot;Uznesenia&quot;","block_context":{"text":"Uznesenia","link":"https:\/\/www.hornamicina.eu\/web\/category\/uznesenia\/"},"img":{"alt_text":"Logo obce a dokumenty","src":"https:\/\/i0.wp.com\/www.hornamicina.eu\/web\/wp-content\/uploads\/2017\/07\/uznesenia.jpg?fit=530%2C530&ssl=1&resize=350%2C200","width":350,"height":200,"srcset":"https:\/\/i0.wp.com\/www.hornamicina.eu\/web\/wp-content\/uploads\/2017\/07\/uznesenia.jpg?fit=530%2C530&ssl=1&resize=350%2C200 1x, https:\/\/i0.wp.com\/www.hornamicina.eu\/web\/wp-content\/uploads\/2017\/07\/uznesenia.jpg?fit=530%2C530&ssl=1&resize=525%2C300 1.5x"},"classes":[]},{"id":3788,"url":"https:\/\/www.hornamicina.eu\/web\/uznesenia-zo-zasadnutia-oz-horna-micina-zo-dna-13-6-2023\/","url_meta":{"origin":4926,"position":4},"title":"Uznesenia zo zasadnutia OZ Horn\u00e1 Mi\u010din\u00e1 zo d\u0148a 13.6.2023","author":"admin","date":"22. j\u00fana 2023","format":false,"excerpt":"UZNESENIA zo zasadnutia obecn\u00e9ho zastupite\u013estva (\u010falej len OZ) obce Horn\u00e1 Mi\u010din\u00e1 konan\u00e9ho d\u0148a 13.06.2023 v\u00a0budove obecn\u00e9ho \u00faradu Horn\u00e1 Mi\u010din\u00e1 o\u00a018.30 hod. \u00a0 PR\u00cdTOMN\u00cd POSLANCI: Teodor Bachleda, Jana Baranov\u00e1, \u013dubom\u00edr \u010cerh\u00fd\u0148, Michal Karkal\u00edk NEPR\u00cdTOMN\u00cd POSLANCI: Tibor Pip\u00ed\u0161ka \u00a0 Uznesenie \u010d. 16\/2023 k\u00a0bodu 2. Program obecn\u00e9ho zastupite\u013estva OZ obce Horn\u00e1 Mi\u010din\u00e1 schva\u013euje\u2026","rel":"","context":"V &quot;Uznesenia&quot;","block_context":{"text":"Uznesenia","link":"https:\/\/www.hornamicina.eu\/web\/category\/uznesenia\/"},"img":{"alt_text":"","src":"https:\/\/i0.wp.com\/www.hornamicina.eu\/web\/wp-content\/uploads\/2017\/07\/zastupitelstvo.jpg?fit=530%2C375&ssl=1&resize=350%2C200","width":350,"height":200,"srcset":"https:\/\/i0.wp.com\/www.hornamicina.eu\/web\/wp-content\/uploads\/2017\/07\/zastupitelstvo.jpg?fit=530%2C375&ssl=1&resize=350%2C200 1x, https:\/\/i0.wp.com\/www.hornamicina.eu\/web\/wp-content\/uploads\/2017\/07\/zastupitelstvo.jpg?fit=530%2C375&ssl=1&resize=525%2C300 1.5x"},"classes":[]},{"id":3395,"url":"https:\/\/www.hornamicina.eu\/web\/uznesenia-zo-zasadnutia-oz-dna-15-12-2022\/","url_meta":{"origin":4926,"position":5},"title":"Uznesenia &#8211; zo zasadnutia OZ d\u0148a 15.12.2022","author":"admin","date":"19. decembra 2022","format":false,"excerpt":"UZNESENIA zo zasadnutia obecn\u00e9ho zastupite\u013estva (\u010falej len OZ) obce Horn\u00e1 Mi\u010din\u00e1, konan\u00e9ho d\u0148a 15.12.2022 v\u00a0budove obecn\u00e9ho \u00faradu Horn\u00e1 Mi\u010din\u00e1 o\u00a018.00 hod. \u00a0 PR\u00cdTOMN\u00cd POSLANCI: Jana Baranov\u00e1, \u013dubom\u00edr \u010cerh\u00fd\u0148, Michal Karkal\u00edk, Tibor Pip\u00ed\u0161ka NEPR\u00cdTOMN\u00cd POSLANCI: Teodor Bachleda \u00a0 \u00a0 Uznesenie \u010d. 1 \/ zo d\u0148a 15.12.2022 k\u00a0bodu 2. Program obecn\u00e9ho zastupite\u013estva\u2026","rel":"","context":"V &quot;Uznesenia&quot;","block_context":{"text":"Uznesenia","link":"https:\/\/www.hornamicina.eu\/web\/category\/uznesenia\/"},"img":{"alt_text":"","src":"https:\/\/i0.wp.com\/www.hornamicina.eu\/web\/wp-content\/uploads\/2017\/07\/zastupitelstvo.jpg?fit=530%2C375&ssl=1&resize=350%2C200","width":350,"height":200,"srcset":"https:\/\/i0.wp.com\/www.hornamicina.eu\/web\/wp-content\/uploads\/2017\/07\/zastupitelstvo.jpg?fit=530%2C375&ssl=1&resize=350%2C200 1x, https:\/\/i0.wp.com\/www.hornamicina.eu\/web\/wp-content\/uploads\/2017\/07\/zastupitelstvo.jpg?fit=530%2C375&ssl=1&resize=525%2C300 1.5x"},"classes":[]}],"jetpack_likes_enabled":true,"_links":{"self":[{"href":"https:\/\/www.hornamicina.eu\/web\/wp-json\/wp\/v2\/posts\/4926","targetHints":{"allow":["GET"]}}],"collection":[{"href":"https:\/\/www.hornamicina.eu\/web\/wp-json\/wp\/v2\/posts"}],"about":[{"href":"https:\/\/www.hornamicina.eu\/web\/wp-json\/wp\/v2\/types\/post"}],"author":[{"embeddable":true,"href":"https:\/\/www.hornamicina.eu\/web\/wp-json\/wp\/v2\/users\/1"}],"replies":[{"embeddable":true,"href":"https:\/\/www.hornamicina.eu\/web\/wp-json\/wp\/v2\/comments?post=4926"}],"version-history":[{"count":0,"href":"https:\/\/www.hornamicina.eu\/web\/wp-json\/wp\/v2\/posts\/4926\/revisions"}],"wp:featuredmedia":[{"embeddable":true,"href":"https:\/\/www.hornamicina.eu\/web\/wp-json\/wp\/v2\/media\/503"}],"wp:attachment":[{"href":"https:\/\/www.hornamicina.eu\/web\/wp-json\/wp\/v2\/media?parent=4926"}],"wp:term":[{"taxonomy":"category","embeddable":true,"href":"https:\/\/www.hornamicina.eu\/web\/wp-json\/wp\/v2\/categories?post=4926"},{"taxonomy":"post_tag","embeddable":true,"href":"https:\/\/www.hornamicina.eu\/web\/wp-json\/wp\/v2\/tags?post=4926"}],"curies":[{"name":"wp","href":"https:\/\/api.w.org\/{rel}","templated":true}]}}