{"id":4377,"date":"2024-08-27T14:06:29","date_gmt":"2024-08-27T12:06:29","guid":{"rendered":"https:\/\/www.hornamicina.eu\/web\/?p=4377"},"modified":"2024-08-27T14:13:28","modified_gmt":"2024-08-27T12:13:28","slug":"vyhodne-casove-listky-na-primestsku-autobusovu-dopravu-akcia-do-19-9-2024","status":"publish","type":"post","link":"https:\/\/www.hornamicina.eu\/web\/vyhodne-casove-listky-na-primestsku-autobusovu-dopravu-akcia-do-19-9-2024\/","title":{"rendered":"V\u00fdhodn\u00e9 \u010dasov\u00e9 l\u00edstky na pr\u00edmestsk\u00fa autobusov\u00fa dopravu &#8211; Akcia do 19.9.2024"},"content":{"rendered":"<blockquote>\n<p style=\"text-align: center;\"><strong>K\u00fapte<\/strong> si v\u00fdhodn\u00fd <strong>predplaten\u00fd \u0161tvr\u0165ro\u010dn\u00fd \u010dasov\u00fd l\u00edstok<\/strong> na pr\u00edmestsk\u00fa autobusov\u00fa dopravu a z\u00edskajte navy\u0161e <strong>\u010fal\u0161\u00edch 30 dn\u00ed cestovania \u00faplne zadarmo<\/strong>.<\/p>\n<p style=\"text-align: center;\">ALEBO<\/p>\n<p style=\"text-align: center;\"><strong>K\u00fapte<\/strong> si v\u00fdhodn\u00fd <strong>predplaten\u00fd mesa\u010dn\u00fd \u010dasov\u00fd l\u00edstok<\/strong> na pr\u00edmestsk\u00fa autobusov\u00fa dopravu a z\u00edskajte navy\u0161e <strong>\u010fal\u0161\u00edch 7 dn\u00ed cestovania \u00faplne zadarmo<\/strong>.<\/p>\n<\/blockquote>\n<p>&nbsp;<\/p>\n<p><span style=\"font-size: 12pt;\">* T\u00e1to akcia je \u010dasovo obmedzen\u00e1, plat\u00ed <strong>od 20.08.2024 do 19.09.2024<\/strong> pre v\u0161etk\u00fdch cestuj\u00facich, ktor\u00ed si zak\u00fapia predplatn\u00e9 cestovn\u00e9 l\u00edstky \u2013 IDS \u010casovka s platnos\u0165ou 30 dn\u00ed resp. 90 dn\u00ed, IDS Sie\u0165ovka s platnos\u0165ou 30 dn\u00ed resp. 90 dn\u00ed<strong> prostredn\u00edctvom e-shopu na <a href=\"https:\/\/eshop.idsbbsk.sk\/\" target=\"_blank\" rel=\"noopener\">www.idsbbsk.sk<\/a><\/strong>, <strong>z\u00e1kazn\u00edckych alebo kontaktn\u00fdch centier IDS BBSK.<\/strong><\/span><\/p>\n<p><a href=\"https:\/\/i0.wp.com\/www.hornamicina.eu\/web\/wp-content\/uploads\/2024\/08\/307-d.png?ssl=1\"><img data-recalc-dims=\"1\" loading=\"lazy\" decoding=\"async\" data-attachment-id=\"4383\" data-permalink=\"https:\/\/www.hornamicina.eu\/web\/vyhodne-casove-listky-na-primestsku-autobusovu-dopravu-akcia-do-19-9-2024\/307-d\/\" data-orig-file=\"https:\/\/i0.wp.com\/www.hornamicina.eu\/web\/wp-content\/uploads\/2024\/08\/307-d.png?fit=607%2C843&amp;ssl=1\" data-orig-size=\"607,843\" data-comments-opened=\"0\" data-image-meta=\"{&quot;aperture&quot;:&quot;0&quot;,&quot;credit&quot;:&quot;&quot;,&quot;camera&quot;:&quot;&quot;,&quot;caption&quot;:&quot;&quot;,&quot;created_timestamp&quot;:&quot;0&quot;,&quot;copyright&quot;:&quot;&quot;,&quot;focal_length&quot;:&quot;0&quot;,&quot;iso&quot;:&quot;0&quot;,&quot;shutter_speed&quot;:&quot;0&quot;,&quot;title&quot;:&quot;&quot;,&quot;orientation&quot;:&quot;0&quot;}\" data-image-title=\"30+7\" data-image-description=\"\" data-image-caption=\"\" data-large-file=\"https:\/\/i0.wp.com\/www.hornamicina.eu\/web\/wp-content\/uploads\/2024\/08\/307-d.png?fit=607%2C843&amp;ssl=1\" class=\"size-full wp-image-4383 alignleft\" src=\"https:\/\/i0.wp.com\/www.hornamicina.eu\/web\/wp-content\/uploads\/2024\/08\/307-d.png?resize=607%2C843&#038;ssl=1\" alt=\"autobus ids bbsk 30 + 7 akcia\" width=\"607\" height=\"843\" srcset=\"https:\/\/i0.wp.com\/www.hornamicina.eu\/web\/wp-content\/uploads\/2024\/08\/307-d.png?w=607&amp;ssl=1 607w, https:\/\/i0.wp.com\/www.hornamicina.eu\/web\/wp-content\/uploads\/2024\/08\/307-d.png?resize=216%2C300&amp;ssl=1 216w\" sizes=\"auto, (max-width: 607px) 100vw, 607px\" \/><\/a><a href=\"https:\/\/i0.wp.com\/www.hornamicina.eu\/web\/wp-content\/uploads\/2024\/08\/9030.png?ssl=1\"><img data-recalc-dims=\"1\" loading=\"lazy\" decoding=\"async\" data-attachment-id=\"4380\" data-permalink=\"https:\/\/www.hornamicina.eu\/web\/vyhodne-casove-listky-na-primestsku-autobusovu-dopravu-akcia-do-19-9-2024\/attachment\/9030\/\" data-orig-file=\"https:\/\/i0.wp.com\/www.hornamicina.eu\/web\/wp-content\/uploads\/2024\/08\/9030.png?fit=612%2C861&amp;ssl=1\" data-orig-size=\"612,861\" data-comments-opened=\"0\" data-image-meta=\"{&quot;aperture&quot;:&quot;0&quot;,&quot;credit&quot;:&quot;&quot;,&quot;camera&quot;:&quot;&quot;,&quot;caption&quot;:&quot;&quot;,&quot;created_timestamp&quot;:&quot;0&quot;,&quot;copyright&quot;:&quot;&quot;,&quot;focal_length&quot;:&quot;0&quot;,&quot;iso&quot;:&quot;0&quot;,&quot;shutter_speed&quot;:&quot;0&quot;,&quot;title&quot;:&quot;&quot;,&quot;orientation&quot;:&quot;0&quot;}\" data-image-title=\"90+30\" data-image-description=\"\" data-image-caption=\"\" data-large-file=\"https:\/\/i0.wp.com\/www.hornamicina.eu\/web\/wp-content\/uploads\/2024\/08\/9030.png?fit=612%2C861&amp;ssl=1\" class=\"size-full wp-image-4380 aligncenter\" src=\"https:\/\/i0.wp.com\/www.hornamicina.eu\/web\/wp-content\/uploads\/2024\/08\/9030.png?resize=612%2C861&#038;ssl=1\" alt=\"autobus ids bbsk 90+30 akcia\" width=\"612\" height=\"861\" srcset=\"https:\/\/i0.wp.com\/www.hornamicina.eu\/web\/wp-content\/uploads\/2024\/08\/9030.png?w=612&amp;ssl=1 612w, https:\/\/i0.wp.com\/www.hornamicina.eu\/web\/wp-content\/uploads\/2024\/08\/9030.png?resize=213%2C300&amp;ssl=1 213w\" sizes=\"auto, (max-width: 612px) 100vw, 612px\" \/><\/a><\/p>\n<p>&nbsp;<\/p>\n","protected":false},"excerpt":{"rendered":"K\u00fapte si v\u00fdhodn\u00fd predplaten\u00fd \u0161tvr\u0165ro\u010dn\u00fd \u010dasov\u00fd l\u00edstok na pr\u00edmestsk\u00fa autobusov\u00fa dopravu a z\u00edskajte [&hellip;]","protected":false},"author":1,"featured_media":4378,"comment_status":"closed","ping_status":"open","sticky":false,"template":"","format":"standard","meta":{"advanced_seo_description":"","jetpack_seo_html_title":"","jetpack_seo_noindex":false,"_jetpack_memberships_contains_paid_content":false,"footnotes":""},"categories":[5,8],"tags":[],"class_list":["post-4377","post","type-post","status-publish","format-standard","has-post-thumbnail","hentry","category-dolezite","category-oznamy"],"jetpack_featured_media_url":"https:\/\/i0.wp.com\/www.hornamicina.eu\/web\/wp-content\/uploads\/2024\/08\/Cestovanie-min-2.jpg?fit=1618%2C1080&ssl=1","jetpack_sharing_enabled":true,"jetpack_shortlink":"https:\/\/wp.me\/p8RsFw-18B","jetpack-related-posts":[{"id":2776,"url":"https:\/\/www.hornamicina.eu\/web\/domaca-izolacia-pozitivny-test\/","url_meta":{"origin":4377,"position":0},"title":"Dom\u00e1ca izol\u00e1cia, karant\u00e9na a \u010do robi\u0165 po pozit\u00edvnom teste","author":"admin","date":"1. decembra 2021","format":false,"excerpt":"Vyhl\u00e1\u0161ku k izol\u00e1cii os\u00f4b pozit\u00edvnych na ochorenie COVID-19 a\u00a0karant\u00e9ne os\u00f4b, ktor\u00e9 pri\u0161li do \u00fazkeho kontaktu s osobou pozit\u00edvnou na ochorenie COVID-19, n\u00e1jdete tu. Vyhl\u00e1\u0161ka je \u00fa\u010dinn\u00e1 od 11. okt\u00f3bra 2021. Upozornenie: \u00a0Ni\u017e\u0161ie uveden\u00e9 inform\u00e1cie nesl\u00fa\u017eia ako z\u00e1v\u00e4zn\u00e1 interpret\u00e1cia platnej legislat\u00edvy. V pr\u00edpade rozporu plat\u00ed v\u00fdlu\u010dne znenie pr\u00edslu\u0161nej vyhl\u00e1\u0161ky, ktor\u00e1 bola\u2026","rel":"","context":"V &quot;D\u00f4le\u017eit\u00e9&quot;","block_context":{"text":"D\u00f4le\u017eit\u00e9","link":"https:\/\/www.hornamicina.eu\/web\/category\/dolezite\/"},"img":{"alt_text":"","src":"https:\/\/i0.wp.com\/www.hornamicina.eu\/web\/wp-content\/uploads\/2020\/03\/covid-19.jpg?fit=1200%2C334&ssl=1&resize=350%2C200","width":350,"height":200,"srcset":"https:\/\/i0.wp.com\/www.hornamicina.eu\/web\/wp-content\/uploads\/2020\/03\/covid-19.jpg?fit=1200%2C334&ssl=1&resize=350%2C200 1x, https:\/\/i0.wp.com\/www.hornamicina.eu\/web\/wp-content\/uploads\/2020\/03\/covid-19.jpg?fit=1200%2C334&ssl=1&resize=525%2C300 1.5x, https:\/\/i0.wp.com\/www.hornamicina.eu\/web\/wp-content\/uploads\/2020\/03\/covid-19.jpg?fit=1200%2C334&ssl=1&resize=700%2C400 2x, https:\/\/i0.wp.com\/www.hornamicina.eu\/web\/wp-content\/uploads\/2020\/03\/covid-19.jpg?fit=1200%2C334&ssl=1&resize=1050%2C600 3x"},"classes":[]},{"id":5436,"url":"https:\/\/www.hornamicina.eu\/web\/senior-pas-cestujte-zadarmo-aj-po-1-1-2026\/","url_meta":{"origin":4377,"position":1},"title":"SENIOR PAS &#8211; Cestujte ZADARMO aj po 1. 1. 2026","author":"admin","date":"3. septembra 2025","format":false,"excerpt":"OBEC HORN\u00c1 MI\u010cIN\u00c1 ZAPOJEN\u00c1 DO REGISTR\u00c1CIE SENIOR PAS Inform\u00e1cie pre cestuj\u00facich nad 70 rokov v region\u00e1lnych (pr\u00edmestsk\u00fdch) autobusoch v\u00a0Banskobystrickom kraji. Od 1. janu\u00e1ra 2026 bud\u00fa seniori nad 70 rokov cestova\u0165 v region\u00e1lnych (pr\u00edmestsk\u00fdch) autobusoch v\u00a0 Banskobystrickom kraji ZADARMO len s dopravnou kartou SENIOR PAS. SENIOR PAS od janu\u00e1ra 2026 plne\u2026","rel":"","context":"V &quot;Denn\u00e9 centrum obce&quot;","block_context":{"text":"Denn\u00e9 centrum obce","link":"https:\/\/www.hornamicina.eu\/web\/category\/denne-centrum-obce\/"},"img":{"alt_text":"","src":"https:\/\/i0.wp.com\/www.hornamicina.eu\/web\/wp-content\/uploads\/2019\/10\/aut.jpg?fit=1000%2C750&ssl=1&resize=350%2C200","width":350,"height":200,"srcset":"https:\/\/i0.wp.com\/www.hornamicina.eu\/web\/wp-content\/uploads\/2019\/10\/aut.jpg?fit=1000%2C750&ssl=1&resize=350%2C200 1x, https:\/\/i0.wp.com\/www.hornamicina.eu\/web\/wp-content\/uploads\/2019\/10\/aut.jpg?fit=1000%2C750&ssl=1&resize=525%2C300 1.5x, https:\/\/i0.wp.com\/www.hornamicina.eu\/web\/wp-content\/uploads\/2019\/10\/aut.jpg?fit=1000%2C750&ssl=1&resize=700%2C400 2x"},"classes":[]},{"id":2472,"url":"https:\/\/www.hornamicina.eu\/web\/volba-hlavneho-kontrolora-2021\/","url_meta":{"origin":4377,"position":2},"title":"Vo\u013eba hlavn\u00e9ho kontrol\u00f3ra (2021)","author":"admin","date":"5. m\u00e1ja 2021","format":false,"excerpt":"Vyhl\u00e1senie vo\u013eby hlavn\u00e9ho kontrol\u00f3ra obce Horn\u00e1 Mi\u010din\u00e1 \u00a0 Obecn\u00e9 zastupite\u013estvo v\u00a0Hornej Mi\u010dinej uznesen\u00edm \u010d. 11\/2021 zo d\u0148a 20.4.2021 v y h l a s u j e v zmysle \u00a7 18a ods. 2 z\u00e1k. \u010d. 369\/1990 Zb. o obecnom zriaden\u00ed v znen\u00ed neskor\u0161\u00edch zmien a predpisov vo\u013ebu hlavn\u00e9ho kontrol\u00f3ra, ktor\u00e1\u2026","rel":"","context":"V &quot;D\u00f4le\u017eit\u00e9&quot;","block_context":{"text":"D\u00f4le\u017eit\u00e9","link":"https:\/\/www.hornamicina.eu\/web\/category\/dolezite\/"},"img":{"alt_text":"Logo obce a dokumenty","src":"https:\/\/i0.wp.com\/www.hornamicina.eu\/web\/wp-content\/uploads\/2017\/07\/uznesenia.jpg?fit=530%2C530&ssl=1&resize=350%2C200","width":350,"height":200,"srcset":"https:\/\/i0.wp.com\/www.hornamicina.eu\/web\/wp-content\/uploads\/2017\/07\/uznesenia.jpg?fit=530%2C530&ssl=1&resize=350%2C200 1x, https:\/\/i0.wp.com\/www.hornamicina.eu\/web\/wp-content\/uploads\/2017\/07\/uznesenia.jpg?fit=530%2C530&ssl=1&resize=525%2C300 1.5x"},"classes":[]},{"id":2693,"url":"https:\/\/www.hornamicina.eu\/web\/volba-hlavneho-kontrolora-2021-2\/","url_meta":{"origin":4377,"position":3},"title":"Vo\u013eba hlavn\u00e9ho kontrol\u00f3ra (2021)","author":"admin","date":"15. okt\u00f3bra 2021","format":false,"excerpt":"Vyhl\u00e1senie vo\u013eby hlavn\u00e9ho kontrol\u00f3ra obce Horn\u00e1 Mi\u010din\u00e1 \u00a0 Obecn\u00e9 zastupite\u013estvo v Hornej Mi\u010dinej uznesen\u00edm \u010d. 11\/2021 zo d\u0148a 14.10.2021 v y h l a s u j e v zmysle \u00a7 18a ods. 2 z\u00e1k. \u010d. 369\/1990 Zb. o obecnom zriaden\u00ed v znen\u00ed neskor\u0161\u00edch zmien a predpisov vo\u013ebu hlavn\u00e9ho kontrol\u00f3ra,\u2026","rel":"","context":"V &quot;D\u00f4le\u017eit\u00e9&quot;","block_context":{"text":"D\u00f4le\u017eit\u00e9","link":"https:\/\/www.hornamicina.eu\/web\/category\/dolezite\/"},"img":{"alt_text":"Logo obce a dokumenty","src":"https:\/\/i0.wp.com\/www.hornamicina.eu\/web\/wp-content\/uploads\/2017\/07\/uznesenia.jpg?fit=530%2C530&ssl=1&resize=350%2C200","width":350,"height":200,"srcset":"https:\/\/i0.wp.com\/www.hornamicina.eu\/web\/wp-content\/uploads\/2017\/07\/uznesenia.jpg?fit=530%2C530&ssl=1&resize=350%2C200 1x, https:\/\/i0.wp.com\/www.hornamicina.eu\/web\/wp-content\/uploads\/2017\/07\/uznesenia.jpg?fit=530%2C530&ssl=1&resize=525%2C300 1.5x"},"classes":[]},{"id":3340,"url":"https:\/\/www.hornamicina.eu\/web\/informacie-pre-volica-referendum-21-1-2023\/","url_meta":{"origin":4377,"position":4},"title":"Inform\u00e1cie pre voli\u010da &#8211; referendum 21.1.2023","author":"admin","date":"10. novembra 2022","format":false,"excerpt":"D\u00e1tum a \u010das konania referenda Referendum sa kon\u00e1 v\u00a0sobotu 21. janu\u00e1ra 2023\u00a0od\u00a07:00\u00a0do\u00a022:00\u00a0h. \u00a0 Pr\u00e1vo voli\u0165 Pr\u00e1vo hlasova\u0165 v referende m\u00e1 ob\u010dan Slovenskej republiky, ktor\u00fd m\u00e1 pr\u00e1vo voli\u0165 do N\u00e1rodnej rady Slovenskej republiky, t. j. ktor\u00fd najnesk\u00f4r v de\u0148 konania referenda dov\u0155\u0161i 18 rokov veku. Prek\u00e1\u017ekou pr\u00e1va voli\u0165 je z\u00e1konom ustanoven\u00e9\u2026","rel":"","context":"V &quot;D\u00f4le\u017eit\u00e9&quot;","block_context":{"text":"D\u00f4le\u017eit\u00e9","link":"https:\/\/www.hornamicina.eu\/web\/category\/dolezite\/"},"img":{"alt_text":"","src":"https:\/\/i0.wp.com\/www.hornamicina.eu\/web\/wp-content\/uploads\/2022\/11\/referendumHM.png?fit=530%2C530&ssl=1&resize=350%2C200","width":350,"height":200,"srcset":"https:\/\/i0.wp.com\/www.hornamicina.eu\/web\/wp-content\/uploads\/2022\/11\/referendumHM.png?fit=530%2C530&ssl=1&resize=350%2C200 1x, https:\/\/i0.wp.com\/www.hornamicina.eu\/web\/wp-content\/uploads\/2022\/11\/referendumHM.png?fit=530%2C530&ssl=1&resize=525%2C300 1.5x"},"classes":[]},{"id":2871,"url":"https:\/\/www.hornamicina.eu\/web\/oznamenie-ku-daniam-2022\/","url_meta":{"origin":4377,"position":5},"title":"Ozn\u00e1menie ku daniam","author":"admin","date":"3. janu\u00e1ra 2022","format":false,"excerpt":"Da\u0148ov\u00e9 priznanie k dani z nehnute\u013enost\u00ed Pod\u00e1va sa najnesk\u00f4r do 31. janu\u00e1ra 2022. T\u00fdka sa to len t\u00fdch fyzick\u00fdch a\u00a0pr\u00e1vnick\u00fdch os\u00f4b, u\u00a0ktor\u00fdch po\u010das roku 2021 nastali zmeny vo vlastn\u00edctve nehnute\u013enost\u00ed alebo in\u00e9 zmeny rozhoduj\u00face pre spr\u00e1vne ur\u010denie dane. Rozhoduje vlastn\u00edctvo k\u00a01. janu\u00e1ru. Ak\u00e9 zmeny m\u00f4\u017eu by\u0165: 1\/ Predaj nehnute\u013enosti \u2013\u2026","rel":"","context":"V &quot;D\u00f4le\u017eit\u00e9&quot;","block_context":{"text":"D\u00f4le\u017eit\u00e9","link":"https:\/\/www.hornamicina.eu\/web\/category\/dolezite\/"},"img":{"alt_text":"","src":"https:\/\/i0.wp.com\/www.hornamicina.eu\/web\/wp-content\/uploads\/2022\/01\/dane.jpg?fit=1200%2C800&ssl=1&resize=350%2C200","width":350,"height":200,"srcset":"https:\/\/i0.wp.com\/www.hornamicina.eu\/web\/wp-content\/uploads\/2022\/01\/dane.jpg?fit=1200%2C800&ssl=1&resize=350%2C200 1x, https:\/\/i0.wp.com\/www.hornamicina.eu\/web\/wp-content\/uploads\/2022\/01\/dane.jpg?fit=1200%2C800&ssl=1&resize=525%2C300 1.5x, https:\/\/i0.wp.com\/www.hornamicina.eu\/web\/wp-content\/uploads\/2022\/01\/dane.jpg?fit=1200%2C800&ssl=1&resize=700%2C400 2x, https:\/\/i0.wp.com\/www.hornamicina.eu\/web\/wp-content\/uploads\/2022\/01\/dane.jpg?fit=1200%2C800&ssl=1&resize=1050%2C600 3x"},"classes":[]}],"jetpack_likes_enabled":true,"_links":{"self":[{"href":"https:\/\/www.hornamicina.eu\/web\/wp-json\/wp\/v2\/posts\/4377","targetHints":{"allow":["GET"]}}],"collection":[{"href":"https:\/\/www.hornamicina.eu\/web\/wp-json\/wp\/v2\/posts"}],"about":[{"href":"https:\/\/www.hornamicina.eu\/web\/wp-json\/wp\/v2\/types\/post"}],"author":[{"embeddable":true,"href":"https:\/\/www.hornamicina.eu\/web\/wp-json\/wp\/v2\/users\/1"}],"replies":[{"embeddable":true,"href":"https:\/\/www.hornamicina.eu\/web\/wp-json\/wp\/v2\/comments?post=4377"}],"version-history":[{"count":0,"href":"https:\/\/www.hornamicina.eu\/web\/wp-json\/wp\/v2\/posts\/4377\/revisions"}],"wp:featuredmedia":[{"embeddable":true,"href":"https:\/\/www.hornamicina.eu\/web\/wp-json\/wp\/v2\/media\/4378"}],"wp:attachment":[{"href":"https:\/\/www.hornamicina.eu\/web\/wp-json\/wp\/v2\/media?parent=4377"}],"wp:term":[{"taxonomy":"category","embeddable":true,"href":"https:\/\/www.hornamicina.eu\/web\/wp-json\/wp\/v2\/categories?post=4377"},{"taxonomy":"post_tag","embeddable":true,"href":"https:\/\/www.hornamicina.eu\/web\/wp-json\/wp\/v2\/tags?post=4377"}],"curies":[{"name":"wp","href":"https:\/\/api.w.org\/{rel}","templated":true}]}}