{"id":4313,"date":"2024-06-25T14:09:52","date_gmt":"2024-06-25T12:09:52","guid":{"rendered":"https:\/\/www.hornamicina.eu\/web\/?p=4313"},"modified":"2024-06-26T14:40:39","modified_gmt":"2024-06-26T12:40:39","slug":"hasicsky-a-zachranny-zbor-v-bb-protipoziarna-bezpecnost","status":"publish","type":"post","link":"https:\/\/www.hornamicina.eu\/web\/hasicsky-a-zachranny-zbor-v-bb-protipoziarna-bezpecnost\/","title":{"rendered":"Hasi\u010dsk\u00fd a z\u00e1chrann\u00fd zbor v BB &#8211; protipo\u017eiarna bezpe\u010dnos\u0165"},"content":{"rendered":"<p>V\u00e1\u017een\u00ed spoluob\u010dania,<\/p>\n<p>Prich\u00e1dza obdobie tepl\u00e9ho a such\u00e9ho po\u010dasia, ktor\u00e9 je obdob\u00edm kosenia a su\u0161enia tr\u00e1vy, dozrievania \u00farody a jej n\u00e1sledn\u00e9ho usklad\u0148ovania.<\/p>\n<p>Okresn\u00e9 riadite\u013estvo Hasi\u010dsk\u00e9ho a z\u00e1chrann\u00e9ho zboru v Banskej Bystrici chce u \u0161irokej verejnosti v tejto s\u00favislosti upriami\u0165 pozornos\u0165 aj na fakt, \u017ee obdobie zberu obiln\u00edn, ich pozberov\u00e1 \u00faprava a skladovanie objemov\u00fdch krmov\u00edn a slamy, patr\u00ed medzi \u010dinnosti so zv\u00fd\u0161en\u00fdm nebezpe\u010denstvom vzniku po\u017eiaru. Samotn\u00e9 po\u017eiarne riziko vznikaj\u00face pri spom\u00ednan\u00fdch \u010dinnostiach je ovplyvnen\u00e9 sprac\u00favan\u00fdmi hor\u013eav\u00fdmi l\u00e1tkami, ale aj poveternostn\u00fdmi podmienkami t\u00fdkaj\u00facimi sa zv\u00fd\u0161en\u00fdch klimatick\u00fdch tepl\u00f4t.<\/p>\n<p>V s\u00favislosti so zberom a skladovan\u00edm \u00farody, sena a slamy vznikaj\u00fa po\u017eiare s vysok\u00fdmi \u0161kodami na majetku. Pri tejto pr\u00edle\u017eitosti je nutn\u00e9 upozorni\u0165 na dodr\u017eiavanie povinnost\u00ed vypl\u00fdvaj\u00facich z \u00a7 4 p\u00edsm. b) a \u00a7 14 ods.1 p\u00edsm. e) z\u00e1kona \u010d. 314\/2001 Z. z. o ochrane pred po\u017eiarmi v znen\u00ed neskor\u0161\u00edch predpisov. Ve\u013emi d\u00f4le\u017eit\u00e1 je povinnos\u0165 fyzick\u00fdch os\u00f4b dodr\u017eiava\u0165 z\u00e1sady protipo\u017eiarnej bezpe\u010dnosti v \u010dase zv\u00fd\u0161en\u00e9ho nebezpe\u010denstva vzniku po\u017eiarov v suchom obdob\u00ed.<\/p>\n<p>Z\u00e1kon \u010d. 314\/2001 Z. z. o ochrane pred po\u017eiarmi v znen\u00ed neskor\u0161\u00edch predpisov fyzick\u00fdm osob\u00e1m zakazuje :<\/p>\n<ol>\n<li>Faj\u010di\u0165 alebo pou\u017e\u00edva\u0165 otvoren\u00fd plame\u0148 na miestach so zv\u00fd\u0161en\u00fdm nebezpe\u010denstvom<br \/>\nvzniku po\u017eiaru.<\/li>\n<li>Vypa\u013eova\u0165 porasty byl\u00edn, kr\u00edkov a stromov.<\/li>\n<li>Zaklada\u0165 ohe\u0148 v priestoroch alebo na miestach, kde m\u00f4\u017ee d\u00f4js\u0165 k jeho roz\u0161\u00edreniu.<\/li>\n<li>Vykon\u00e1va\u0165 \u010dinnosti, na ktor\u00fdch v\u00fdkon nem\u00e1 osobitn\u00e9 opr\u00e1vnenie alebo odborn\u00fa sp\u00f4sobilos\u0165, ktor\u00e9 sa z h\u013eadiska protipo\u017eiarnej bezpe\u010dnosti vy\u017eaduj\u00fa na ich vykon\u00e1vanie.<\/li>\n<li>Po\u0161kodzova\u0165, zneu\u017e\u00edva\u0165 alebo s\u0165a\u017eova\u0165 pr\u00edstup k po\u017eiarnym zariadeniam alebo k vecn\u00fdm prostriedkom na ochranu pred po\u017eiarmi a k uz\u00e1verom rozvodn\u00fdch zariaden\u00ed najm\u00e4 elektrickej energie, plynu alebo vody.<\/li>\n<li>Vyvola\u0165 bezd\u00f4vodne po\u017eiarny poplach, privola\u0165 bezd\u00f4vodne hasi\u010dsk\u00fa jednotku alebo zneu\u017ei\u0165 linku ties\u0148ov\u00e9ho volania.<\/li>\n<\/ol>\n<p>Poru\u0161enie tohto z\u00e1kazu je mo\u017en\u00e9 pod\u013ea \u00a7 61 z\u00e1kona \u010d. 314\/2001 Z. z. o ochrane pred po\u017eiarmi v znen\u00ed neskor\u0161\u00edch predpisov postihn\u00fa\u0165 pokutou pre fyzick\u00e9 osoby vo v\u00fd\u0161ke 331 \u20ac a pre pr\u00e1vnick\u00e9 osoby alebo fyzick\u00e9 osoby \u2013 podnikate\u013eov pod\u013ea \u00a7 59 z\u00e1kona \u010d. 314\/2001 Z. z. vo v\u00fd\u0161ke <strong>16 596 \u20ac<\/strong>, pod\u013ea \u00a7 62 citovan\u00e9ho z\u00e1kona je mo\u017en\u00e9 ulo\u017ei\u0165 blokov\u00fa pokutu za priestupok na \u00faseku ochrany pred po\u017eiarmi fyzickej osobe<strong> do 100 \u20ac<\/strong>.<\/p>\n<p>Vzh\u013eadom na uveden\u00e9 V\u00e1s \u017eiadame o re\u0161pektovanie uveden\u00fdch z\u00e1sad pri \u010dinnostiach so zv\u00fd\u0161en\u00fdm nebezpe\u010denstvom vzniku po\u017eiaru. Z\u00e1rove\u0148 upozor\u0148ujeme na povinnos\u0165 poskytn\u00fa\u0165 osobn\u00fa a vecn\u00fa pomoc pri zdol\u00e1van\u00ed po\u017eiarov pod\u013ea \u00a7 46 a \u00a7 47 z\u00e1kona \u010d. 314\/2001 Z. z. o ochrane pred po\u017eiarmi v znen\u00ed<br \/>\nneskor\u0161\u00edch predpisov.<\/p>\n<p>Je potrebn\u00e9 si uvedomi\u0165, \u017ee \u0161\u00edrenie po\u017eiarov v hor\u00facom a suchom letnom obdob\u00ed je ve\u013emi intenz\u00edvne a ich likvid\u00e1cia je \u010dasto kr\u00e1t ve\u013emi n\u00e1ro\u010dn\u00e1. Vopred \u010fakujeme v\u0161etk\u00fdm spoluob\u010danom, ktor\u00ed svojim zodpovedn\u00fdm spr\u00e1van\u00edm pom\u00e1haj\u00fa vytv\u00e1ra\u0165 predpoklady na \u017eivot bez po\u017eiarov.<\/p>\n<p><a href=\"https:\/\/i0.wp.com\/www.hornamicina.eu\/web\/wp-content\/uploads\/2024\/06\/Hasici.png?ssl=1\" target=\"_blank\" rel=\"noopener\"><img data-recalc-dims=\"1\" loading=\"lazy\" decoding=\"async\" data-attachment-id=\"4314\" data-permalink=\"https:\/\/www.hornamicina.eu\/web\/hasicsky-a-zachranny-zbor-v-bb-protipoziarna-bezpecnost\/hasici-2\/\" data-orig-file=\"https:\/\/i0.wp.com\/www.hornamicina.eu\/web\/wp-content\/uploads\/2024\/06\/Hasici.png?fit=639%2C451&amp;ssl=1\" data-orig-size=\"639,451\" data-comments-opened=\"0\" data-image-meta=\"{&quot;aperture&quot;:&quot;0&quot;,&quot;credit&quot;:&quot;&quot;,&quot;camera&quot;:&quot;&quot;,&quot;caption&quot;:&quot;&quot;,&quot;created_timestamp&quot;:&quot;0&quot;,&quot;copyright&quot;:&quot;&quot;,&quot;focal_length&quot;:&quot;0&quot;,&quot;iso&quot;:&quot;0&quot;,&quot;shutter_speed&quot;:&quot;0&quot;,&quot;title&quot;:&quot;&quot;,&quot;orientation&quot;:&quot;0&quot;}\" data-image-title=\"Hasici\" data-image-description=\"\" data-image-caption=\"\" data-large-file=\"https:\/\/i0.wp.com\/www.hornamicina.eu\/web\/wp-content\/uploads\/2024\/06\/Hasici.png?fit=639%2C451&amp;ssl=1\" class=\"aligncenter wp-image-4314 size-full\" src=\"https:\/\/i0.wp.com\/www.hornamicina.eu\/web\/wp-content\/uploads\/2024\/06\/Hasici.png?resize=639%2C451&#038;ssl=1\" alt=\"\" width=\"639\" height=\"451\" srcset=\"https:\/\/i0.wp.com\/www.hornamicina.eu\/web\/wp-content\/uploads\/2024\/06\/Hasici.png?w=639&amp;ssl=1 639w, https:\/\/i0.wp.com\/www.hornamicina.eu\/web\/wp-content\/uploads\/2024\/06\/Hasici.png?resize=300%2C212&amp;ssl=1 300w\" sizes=\"auto, (max-width: 639px) 100vw, 639px\" \/><\/a><\/p>\n","protected":false},"excerpt":{"rendered":"V\u00e1\u017een\u00ed spoluob\u010dania, Prich\u00e1dza obdobie tepl\u00e9ho a such\u00e9ho po\u010dasia, ktor\u00e9 je obdob\u00edm kosenia a [&hellip;]","protected":false},"author":1,"featured_media":1030,"comment_status":"closed","ping_status":"open","sticky":false,"template":"","format":"standard","meta":{"advanced_seo_description":"","jetpack_seo_html_title":"","jetpack_seo_noindex":false,"_jetpack_memberships_contains_paid_content":false,"footnotes":""},"categories":[5,8],"tags":[],"class_list":["post-4313","post","type-post","status-publish","format-standard","has-post-thumbnail","hentry","category-dolezite","category-oznamy"],"jetpack_featured_media_url":"https:\/\/i0.wp.com\/www.hornamicina.eu\/web\/wp-content\/uploads\/2018\/10\/hasici.jpg?fit=640%2C419&ssl=1","jetpack_sharing_enabled":true,"jetpack_shortlink":"https:\/\/wp.me\/p8RsFw-17z","jetpack-related-posts":[{"id":5352,"url":"https:\/\/www.hornamicina.eu\/web\/vyhlasenie-casu-zvyseneho-nebezpecenstva-vzniku-poziaru-v-okrese-banska-bystrica\/","url_meta":{"origin":4313,"position":0},"title":"Vyhl\u00e1senie \u010dasu zv\u00fd\u0161en\u00e9ho nebezpe\u010denstva vzniku po\u017eiaru v okrese Bansk\u00e1 Bystrica","author":"admin","date":"3. j\u00fala 2025","format":false,"excerpt":"V\u00e1\u017een\u00ed spoluob\u010dania, Prich\u00e1dza obdobie tepl\u00e9ho a such\u00e9ho po\u010dasia, ktor\u00e9 je obdob\u00edm kosenia a su\u0161enia tr\u00e1vy, dozrievania \u00farody a jej n\u00e1sledn\u00e9ho usklad\u0148ovania. Okresn\u00e9 riadite\u013estvo Hasi\u010dsk\u00e9ho a z\u00e1chrann\u00e9ho zboru v Banskej Bystrici chce u \u0161irokej verejnosti v tejto s\u00favislosti upriami\u0165 pozornos\u0165 aj na fakt, \u017ee obdobie zberu obiln\u00edn, ich pozberov\u00e1 \u00faprava a\u2026","rel":"","context":"V &quot;Oznamy&quot;","block_context":{"text":"Oznamy","link":"https:\/\/www.hornamicina.eu\/web\/category\/oznamy\/"},"img":{"alt_text":"","src":"https:\/\/i0.wp.com\/www.hornamicina.eu\/web\/wp-content\/uploads\/2018\/10\/hasici.jpg?fit=640%2C419&ssl=1&resize=350%2C200","width":350,"height":200,"srcset":"https:\/\/i0.wp.com\/www.hornamicina.eu\/web\/wp-content\/uploads\/2018\/10\/hasici.jpg?fit=640%2C419&ssl=1&resize=350%2C200 1x, https:\/\/i0.wp.com\/www.hornamicina.eu\/web\/wp-content\/uploads\/2018\/10\/hasici.jpg?fit=640%2C419&ssl=1&resize=525%2C300 1.5x"},"classes":[]},{"id":2773,"url":"https:\/\/www.hornamicina.eu\/web\/kupna-zmluva-obec-hm-lackova\/","url_meta":{"origin":4313,"position":1},"title":"K\u00fapna zmluva &#8211; Obec HM &#8211; p. Lackov\u00e1","author":"admin","date":"3. decembra 2021","format":false,"excerpt":"K\u00daPNA ZMLUVA uzatvoren\u00e1 pod\u013ea ust. \u00a7 588 a\u00a0nasl. z\u00e1kona \u010d. 40\/1964 Zb. Ob\u010diansky z\u00e1konn\u00edk v platnom znen\u00ed (\u010falej aj len ako \u201eZmluva\u201c) medzi \u00a0 Pred\u00e1vaj\u00faci: \u00a0\u00a0\u00a0\u00a0\u00a0\u00a0\u00a0\u00a0\u00a0\u00a0\u00a0\u00a0 Obec Horn\u00e1 Mi\u010din\u00e1 So s\u00eddlom\u00a0\u00a0\u00a0\u00a0\u00a0\u00a0\u00a0 :\u00a0\u00a0\u00a0\u00a0\u00a0\u00a0\u00a0\u00a0\u00a0\u00a0\u00a0\u00a0\u00a0\u00a0\u00a0\u00a0\u00a0\u00a0\u00a0\u00a0\u00a0\u00a0 Horn\u00e1 Mi\u010din\u00e1 79, 974 01 Bansk\u00e1 Bystrica V zast\u00fapen\u00ed\u00a0\u00a0\u00a0\u00a0 :\u00a0 \u00a0\u00a0\u00a0\u00a0\u00a0\u00a0\u00a0\u00a0\u00a0\u00a0\u00a0\u00a0\u00a0\u00a0\u00a0\u00a0\u00a0\u00a0\u00a0\u00a0 Ivan Len\u00e1r, starosta I\u010cO:\u00a0\u00a0\u00a0\u00a0\u00a0\u00a0\u00a0\u00a0\u00a0\u00a0\u00a0\u00a0\u00a0\u00a0\u00a0\u00a0\u00a0\u00a0\u00a0\u00a0\u00a0\u00a0\u00a0\u00a0\u00a0\u00a0\u00a0\u00a0\u00a0\u00a0\u00a0\u00a0\u00a0\u00a0\u00a0\u00a0\u00a0\u00a0\u00a000\u00a0313 459 DI\u010c: \u00a0\u00a0\u00a0\u00a0\u00a0\u00a0\u00a0\u00a0\u00a0\u00a0\u00a0\u00a0\u00a0\u00a0\u00a0\u00a0\u00a0\u00a0\u00a0\u00a0\u00a0\u00a0\u00a0\u00a0\u00a0\u00a0\u00a0\u00a0\u00a0\u00a0\u00a0\u00a0\u00a0\u00a0\u00a0\u00a0\u00a0\u00a02021115833\u2026","rel":"","context":"V &quot;Elektronick\u00e1 \u00faradn\u00e1 tabu\u013ea&quot;","block_context":{"text":"Elektronick\u00e1 \u00faradn\u00e1 tabu\u013ea","link":"https:\/\/www.hornamicina.eu\/web\/category\/uradna-tabula\/"},"img":{"alt_text":"Logo obce a dokumenty","src":"https:\/\/i0.wp.com\/www.hornamicina.eu\/web\/wp-content\/uploads\/2017\/07\/uznesenia.jpg?fit=530%2C530&ssl=1&resize=350%2C200","width":350,"height":200,"srcset":"https:\/\/i0.wp.com\/www.hornamicina.eu\/web\/wp-content\/uploads\/2017\/07\/uznesenia.jpg?fit=530%2C530&ssl=1&resize=350%2C200 1x, https:\/\/i0.wp.com\/www.hornamicina.eu\/web\/wp-content\/uploads\/2017\/07\/uznesenia.jpg?fit=530%2C530&ssl=1&resize=525%2C300 1.5x"},"classes":[]},{"id":2851,"url":"https:\/\/www.hornamicina.eu\/web\/kupna-zmluva-p-holikova\/","url_meta":{"origin":4313,"position":2},"title":"K\u00fapna zmluva &#8211; p. Hol\u00edkov\u00e1","author":"admin","date":"16. decembra 2021","format":false,"excerpt":"K\u00daPNA ZMLUVA uzatvoren\u00e1 pod\u013ea ust. \u00a7 588 a\u00a0nasl. z\u00e1kona \u010d. 40\/1964 Zb. Ob\u010diansky z\u00e1konn\u00edk v platnom znen\u00ed (\u010falej aj len ako \u201eZmluva\u201c) medzi \u00a0 Pred\u00e1vaj\u00faci: \u00a0\u00a0\u00a0\u00a0\u00a0\u00a0\u00a0\u00a0\u00a0\u00a0\u00a0\u00a0 Obec Horn\u00e1 Mi\u010din\u00e1 So s\u00eddlom\u00a0\u00a0\u00a0\u00a0\u00a0\u00a0\u00a0 :\u00a0\u00a0\u00a0\u00a0\u00a0\u00a0\u00a0\u00a0\u00a0\u00a0 \u00a0\u00a0\u00a0\u00a0\u00a0\u00a0\u00a0\u00a0\u00a0\u00a0\u00a0 Horn\u00e1 Mi\u010din\u00e1 79, 974 01 Bansk\u00e1 Bystrica V zast\u00fapen\u00ed\u00a0\u00a0\u00a0\u00a0 :\u00a0 \u00a0\u00a0\u00a0\u00a0\u00a0\u00a0\u00a0\u00a0 \u00a0\u00a0\u00a0\u00a0\u00a0\u00a0\u00a0\u00a0\u00a0\u00a0\u00a0 Ivan Len\u00e1r, starosta I\u010cO:\u00a0\u00a0\u00a0\u00a0\u00a0\u00a0\u00a0\u00a0\u00a0\u00a0\u00a0\u00a0\u00a0\u00a0\u00a0\u00a0\u00a0\u00a0\u00a0\u00a0\u00a0\u00a0\u00a0\u00a0\u00a0\u00a0 \u00a0\u00a0\u00a0\u00a0\u00a0\u00a0\u00a0\u00a0\u00a0\u00a0\u00a0\u00a000\u00a0313\u2026","rel":"","context":"V &quot;Elektronick\u00e1 \u00faradn\u00e1 tabu\u013ea&quot;","block_context":{"text":"Elektronick\u00e1 \u00faradn\u00e1 tabu\u013ea","link":"https:\/\/www.hornamicina.eu\/web\/category\/uradna-tabula\/"},"img":{"alt_text":"Logo obce a dokumenty","src":"https:\/\/i0.wp.com\/www.hornamicina.eu\/web\/wp-content\/uploads\/2017\/07\/uznesenia.jpg?fit=530%2C530&ssl=1&resize=350%2C200","width":350,"height":200,"srcset":"https:\/\/i0.wp.com\/www.hornamicina.eu\/web\/wp-content\/uploads\/2017\/07\/uznesenia.jpg?fit=530%2C530&ssl=1&resize=350%2C200 1x, https:\/\/i0.wp.com\/www.hornamicina.eu\/web\/wp-content\/uploads\/2017\/07\/uznesenia.jpg?fit=530%2C530&ssl=1&resize=525%2C300 1.5x"},"classes":[]},{"id":2482,"url":"https:\/\/www.hornamicina.eu\/web\/kupna-zmluva-obec-hm-rene-ledvina\/","url_meta":{"origin":4313,"position":3},"title":"K\u00fapna zmluva &#8211; Obec HM &#8211; Ren\u00e9 Ledvina","author":"admin","date":"3. apr\u00edla 2021","format":false,"excerpt":"K\u00daPNA ZMLUVA uzatvoren\u00e1 pod\u013ea ust. \u00a7 588 a\u00a0nasl. z\u00e1kona \u010d. 40\/1964 Zb. Ob\u010diansky z\u00e1konn\u00edk v platnom znen\u00ed (\u010falej aj len ako \u201eZmluva\u201c) medzi \u00a0 Pred\u00e1vaj\u00faci: \u00a0\u00a0\u00a0\u00a0\u00a0\u00a0\u00a0\u00a0\u00a0\u00a0\u00a0\u00a0 Obec Horn\u00e1 Mi\u010din\u00e1 So s\u00eddlom\u00a0\u00a0\u00a0\u00a0\u00a0\u00a0\u00a0 :\u00a0\u00a0\u00a0\u00a0\u00a0\u00a0\u00a0\u00a0\u00a0\u00a0 \u00a0\u00a0\u00a0\u00a0\u00a0\u00a0\u00a0\u00a0\u00a0\u00a0\u00a0 Horn\u00e1 Mi\u010din\u00e1 79, 974 01 Bansk\u00e1 Bystrica V zast\u00fapen\u00ed\u00a0\u00a0\u00a0\u00a0 :\u00a0 \u00a0\u00a0\u00a0\u00a0\u00a0\u00a0\u00a0\u00a0 \u00a0\u00a0\u00a0\u00a0\u00a0\u00a0\u00a0\u00a0\u00a0\u00a0\u00a0 Ivan Len\u00e1r, starosta I\u010cO:\u00a0\u00a0\u00a0\u00a0\u00a0\u00a0\u00a0\u00a0\u00a0\u00a0\u00a0\u00a0\u00a0\u00a0\u00a0\u00a0\u00a0\u00a0\u00a0\u00a0\u00a0\u00a0\u00a0\u00a0\u00a0\u00a0 \u00a0\u00a0\u00a0\u00a0\u00a0\u00a0\u00a0\u00a0\u00a0\u00a0\u00a0\u00a000\u00a0313\u2026","rel":"","context":"V &quot;Elektronick\u00e1 \u00faradn\u00e1 tabu\u013ea&quot;","block_context":{"text":"Elektronick\u00e1 \u00faradn\u00e1 tabu\u013ea","link":"https:\/\/www.hornamicina.eu\/web\/category\/uradna-tabula\/"},"img":{"alt_text":"Logo obce a dokumenty","src":"https:\/\/i0.wp.com\/www.hornamicina.eu\/web\/wp-content\/uploads\/2017\/07\/uznesenia.jpg?fit=530%2C530&ssl=1&resize=350%2C200","width":350,"height":200,"srcset":"https:\/\/i0.wp.com\/www.hornamicina.eu\/web\/wp-content\/uploads\/2017\/07\/uznesenia.jpg?fit=530%2C530&ssl=1&resize=350%2C200 1x, https:\/\/i0.wp.com\/www.hornamicina.eu\/web\/wp-content\/uploads\/2017\/07\/uznesenia.jpg?fit=530%2C530&ssl=1&resize=525%2C300 1.5x"},"classes":[]},{"id":2579,"url":"https:\/\/www.hornamicina.eu\/web\/kupna-zmluva-obec-hm-krnac\/","url_meta":{"origin":4313,"position":4},"title":"K\u00fapna zmluva &#8211; Obec HM &#8211; p. Krn\u00e1\u010d","author":"admin","date":"31. m\u00e1ja 2021","format":false,"excerpt":"K\u00daPNA ZMLUVA uzatvoren\u00e1 pod\u013ea ust. \u00a7 588 a\u00a0nasl. z\u00e1kona \u010d. 40\/1964 Zb. Ob\u010diansky z\u00e1konn\u00edk v platnom znen\u00ed (\u010falej aj len ako \u201eZmluva\u201c) medzi \u00a0 Pred\u00e1vaj\u00faci: \u00a0\u00a0\u00a0\u00a0\u00a0\u00a0\u00a0\u00a0\u00a0\u00a0\u00a0\u00a0 Obec Horn\u00e1 Mi\u010din\u00e1 So s\u00eddlom\u00a0\u00a0\u00a0\u00a0\u00a0\u00a0\u00a0 :\u00a0\u00a0\u00a0\u00a0\u00a0\u00a0\u00a0\u00a0\u00a0\u00a0 \u00a0\u00a0\u00a0\u00a0\u00a0\u00a0\u00a0\u00a0\u00a0\u00a0\u00a0 Horn\u00e1 Mi\u010din\u00e1 79, 974 01 Bansk\u00e1 Bystrica V zast\u00fapen\u00ed\u00a0\u00a0\u00a0\u00a0 :\u00a0 \u00a0\u00a0\u00a0\u00a0\u00a0\u00a0\u00a0\u00a0 \u00a0\u00a0\u00a0\u00a0\u00a0\u00a0\u00a0\u00a0\u00a0\u00a0\u00a0 Ivan Len\u00e1r, starosta I\u010cO:\u00a0\u00a0\u00a0\u00a0\u00a0\u00a0\u00a0\u00a0\u00a0\u00a0\u00a0\u00a0\u00a0\u00a0\u00a0\u00a0\u00a0\u00a0\u00a0\u00a0\u00a0\u00a0\u00a0\u00a0\u00a0\u00a0 \u00a0\u00a0\u00a0\u00a0\u00a0\u00a0\u00a0\u00a0\u00a0\u00a0\u00a0\u00a000\u00a0313\u2026","rel":"","context":"V &quot;Elektronick\u00e1 \u00faradn\u00e1 tabu\u013ea&quot;","block_context":{"text":"Elektronick\u00e1 \u00faradn\u00e1 tabu\u013ea","link":"https:\/\/www.hornamicina.eu\/web\/category\/uradna-tabula\/"},"img":{"alt_text":"Logo obce a dokumenty","src":"https:\/\/i0.wp.com\/www.hornamicina.eu\/web\/wp-content\/uploads\/2017\/07\/uznesenia.jpg?fit=530%2C530&ssl=1&resize=350%2C200","width":350,"height":200,"srcset":"https:\/\/i0.wp.com\/www.hornamicina.eu\/web\/wp-content\/uploads\/2017\/07\/uznesenia.jpg?fit=530%2C530&ssl=1&resize=350%2C200 1x, https:\/\/i0.wp.com\/www.hornamicina.eu\/web\/wp-content\/uploads\/2017\/07\/uznesenia.jpg?fit=530%2C530&ssl=1&resize=525%2C300 1.5x"},"classes":[]},{"id":3304,"url":"https:\/\/www.hornamicina.eu\/web\/kupna-zmluva-p-bizon-p-bizonova\/","url_meta":{"origin":4313,"position":5},"title":"K\u00fapna zmluva &#8211; p. Bizo\u0148, p. Bizo\u0148ov\u00e1","author":"admin","date":"28. septembra 2022","format":false,"excerpt":"K\u00fapna Zmluva uzatvoren\u00e1 pod\u013ea ust. \u00a7 588 a\u00a0nasl. z\u00e1kona \u010d. 40\/1964 Zb. Ob\u010diansky z\u00e1konn\u00edk v platnom znen\u00ed (\u010falej aj len ako \u201eZmluva\u201c) medzi \u00a0Pred\u00e1vaj\u00faci: \u00a0\u00a0\u00a0\u00a0\u00a0\u00a0\u00a0\u00a0\u00a0\u00a0\u00a0\u00a0 Obec Horn\u00e1 Mi\u010din\u00e1 So s\u00eddlom\u00a0\u00a0\u00a0\u00a0\u00a0\u00a0\u00a0 :\u00a0\u00a0\u00a0\u00a0\u00a0\u00a0\u00a0\u00a0\u00a0\u00a0 \u00a0\u00a0\u00a0\u00a0\u00a0\u00a0\u00a0\u00a0\u00a0\u00a0\u00a0 Horn\u00e1 Mi\u010din\u00e1 79, 974 01 Bansk\u00e1 Bystrica V zast\u00fapen\u00ed\u00a0\u00a0\u00a0\u00a0 :\u00a0 \u00a0\u00a0\u00a0\u00a0\u00a0\u00a0\u00a0\u00a0 \u00a0\u00a0\u00a0\u00a0\u00a0\u00a0\u00a0\u00a0\u00a0\u00a0\u00a0 Ivan Len\u00e1r, starosta I\u010cO:\u00a0\u00a0\u00a0\u00a0\u00a0\u00a0\u00a0\u00a0\u00a0\u00a0\u00a0\u00a0\u00a0\u00a0\u00a0\u00a0\u00a0\u00a0\u00a0\u00a0\u00a0\u00a0\u00a0\u00a0\u00a0\u00a0\u00a0 \u00a0\u00a0\u00a0\u00a0\u00a0\u00a0\u00a0\u00a0\u00a0\u00a0\u00a0 00\u00a0313\u2026","rel":"","context":"V &quot;Elektronick\u00e1 \u00faradn\u00e1 tabu\u013ea&quot;","block_context":{"text":"Elektronick\u00e1 \u00faradn\u00e1 tabu\u013ea","link":"https:\/\/www.hornamicina.eu\/web\/category\/uradna-tabula\/"},"img":{"alt_text":"Logo obce a dokumenty","src":"https:\/\/i0.wp.com\/www.hornamicina.eu\/web\/wp-content\/uploads\/2017\/07\/uznesenia.jpg?fit=530%2C530&ssl=1&resize=350%2C200","width":350,"height":200,"srcset":"https:\/\/i0.wp.com\/www.hornamicina.eu\/web\/wp-content\/uploads\/2017\/07\/uznesenia.jpg?fit=530%2C530&ssl=1&resize=350%2C200 1x, https:\/\/i0.wp.com\/www.hornamicina.eu\/web\/wp-content\/uploads\/2017\/07\/uznesenia.jpg?fit=530%2C530&ssl=1&resize=525%2C300 1.5x"},"classes":[]}],"jetpack_likes_enabled":true,"_links":{"self":[{"href":"https:\/\/www.hornamicina.eu\/web\/wp-json\/wp\/v2\/posts\/4313","targetHints":{"allow":["GET"]}}],"collection":[{"href":"https:\/\/www.hornamicina.eu\/web\/wp-json\/wp\/v2\/posts"}],"about":[{"href":"https:\/\/www.hornamicina.eu\/web\/wp-json\/wp\/v2\/types\/post"}],"author":[{"embeddable":true,"href":"https:\/\/www.hornamicina.eu\/web\/wp-json\/wp\/v2\/users\/1"}],"replies":[{"embeddable":true,"href":"https:\/\/www.hornamicina.eu\/web\/wp-json\/wp\/v2\/comments?post=4313"}],"version-history":[{"count":0,"href":"https:\/\/www.hornamicina.eu\/web\/wp-json\/wp\/v2\/posts\/4313\/revisions"}],"wp:featuredmedia":[{"embeddable":true,"href":"https:\/\/www.hornamicina.eu\/web\/wp-json\/wp\/v2\/media\/1030"}],"wp:attachment":[{"href":"https:\/\/www.hornamicina.eu\/web\/wp-json\/wp\/v2\/media?parent=4313"}],"wp:term":[{"taxonomy":"category","embeddable":true,"href":"https:\/\/www.hornamicina.eu\/web\/wp-json\/wp\/v2\/categories?post=4313"},{"taxonomy":"post_tag","embeddable":true,"href":"https:\/\/www.hornamicina.eu\/web\/wp-json\/wp\/v2\/tags?post=4313"}],"curies":[{"name":"wp","href":"https:\/\/api.w.org\/{rel}","templated":true}]}}