{"id":4287,"date":"2024-06-12T21:55:38","date_gmt":"2024-06-12T19:55:38","guid":{"rendered":"https:\/\/www.hornamicina.eu\/web\/?p=4287"},"modified":"2024-06-12T21:55:38","modified_gmt":"2024-06-12T19:55:38","slug":"pozvanka-na-zasadnutie-oz-v-hornej-micinej-17-6-2024","status":"publish","type":"post","link":"https:\/\/www.hornamicina.eu\/web\/pozvanka-na-zasadnutie-oz-v-hornej-micinej-17-6-2024\/","title":{"rendered":"Pozv\u00e1nka na zasadnutie oz v Hornej Mi\u010dinej &#8211; 17.6.2024"},"content":{"rendered":"<p style=\"text-align: center;\"><strong>POZV\u00c1NKA<\/strong><\/p>\n<p style=\"text-align: center;\"><strong>Pod\u013ea \u00a7 13 ods.4 p\u00edsm.a) z\u00e1kona \u010d.369\/1990 o\u00a0obecnom zriaden\u00ed v\u00a0znen\u00ed neskor\u0161\u00edch predpisov zvol\u00e1vam \u00a0zasadnutie \u00a0obecn\u00e9ho zastupite\u013estva v\u00a0Hornej Mi\u010dinej, ktor\u00e9 sa uskuto\u010dn\u00ed d\u0148a 17.6.2024 o\u00a018:00hod. v\u00a0budove obecn\u00e9ho \u00faradu ( s\u00e1la ).\u00a0\u00a0\u00a0\u00a0\u00a0\u00a0\u00a0\u00a0\u00a0\u00a0\u00a0\u00a0\u00a0\u00a0\u00a0\u00a0\u00a0\u00a0\u00a0\u00a0\u00a0\u00a0\u00a0\u00a0\u00a0\u00a0\u00a0\u00a0\u00a0 <\/strong><\/p>\n<p><strong>PROGRAM:<\/strong><\/p>\n<ol>\n<li><strong>Otvorenie OZ<\/strong><\/li>\n<li><strong>Program obecn\u00e9ho zastupite\u013estva<\/strong><\/li>\n<li><strong>Vo\u013eba n\u00e1vrhovej komisie, overovate\u013ea z\u00e1pisnice a\u00a0zapisovate\u013ea<\/strong><\/li>\n<li><strong>Z\u00e1vere\u010dn\u00fd \u00fa\u010det obce,celoro\u010dn\u00e9 hospod\u00e1renie a\u00a0tvorba rezervn\u00e9ho fondu za r.2023<\/strong><\/li>\n<li><strong>Zmluva o\u00a0bud\u00facej zmluve o\u00a0zriaden\u00ed vecn\u00e9ho bremena na ulo\u017eenie in\u017einierskych siet\u00ed na parcele KN E-\u010d.225\/8 vo vlastn\u00edctve obce,zap\u00edsan\u00e9ho na LV \u010d.417 o\u00a0v\u00fdmere 18427m2 pre p.M.Martinec a\u00a0B.Martincov\u00e1 \u010d.d. 175<\/strong><\/li>\n<li><strong>Predaj majetku obce,parcela506\/5 a\u00a0506\/6 ( novovytvoren\u00e9 ) druh zast.plocha a\u00a0n\u00e1dvorie o\u00a0v\u00fdmere 4m2,oddelen\u00e1 od parc.\u010d.225\/8 ost.plocha o\u00a0v\u00fdmere 18427m2,zap\u00edsan\u00e1 na LV-417 vo vlastn\u00edctve obce pre p.M.Martinec a\u00a0B.Martincov\u00e1 \u010d.d. 175<\/strong><\/li>\n<li><strong>Predaj majetku obce,parcela C-KN \u010d.260\/2 ( novovytvoren\u00e1 ),druh ostatn\u00e1 plocha o\u00a0v\u00fdmere 28m2,oddelen\u00e1 od C-KN \u010d.260 o\u00a0v\u00fdmere 72m2,zap\u00edsan\u00e1 na LV-\u010d.195 vo vlastn\u00edctve obce pre p.M.Marko \u010d.d.64<\/strong><\/li>\n<li><strong>K\u00fapna zmluva a\u00a0zmluva o\u00a0zriaden\u00ed vecn\u00e9ho bremena v\u00a0prospech SSD a.s. \u017dilina pod trafostanicu a\u00a0ulo\u017eenie vedenia<\/strong><\/li>\n<li><strong>Vo\u013eba predsedu a\u00a0\u010dlenov komisie pre vo\u013ebu hlavn\u00e9ho kontrol\u00f3ra obce<\/strong><\/li>\n<\/ol>\n<ul>\n<li style=\"list-style-type: none;\">\n<ul>\n<li><strong>Otvorenie ob\u00e1lky a\u00a0vyhodnotenie krit\u00e9ri\u00ed prihl\u00e1\u0161ky<\/strong><\/li>\n<li><strong>Prezent\u00e1cia kandid\u00e1ta v\u00a0rozsahu najviac 10min.<\/strong><\/li>\n<li><strong>Prest\u00e1vka 5min.<\/strong><\/li>\n<\/ul>\n<\/li>\n<\/ul>\n<ol start=\"10\">\n<li><strong>Vo\u013eba hlavn\u00e9ho kontrol\u00f3ra obce<\/strong><\/li>\n<li><strong>R\u00f4zne<\/strong><\/li>\n<li><strong>Diskusia<\/strong><\/li>\n<li><strong>N\u00e1vrhy uznesen\u00ed<\/strong><\/li>\n<li><strong>Z\u00e1ver<\/strong><\/li>\n<\/ol>\n<p><strong>\u00a0<\/strong><\/p>\n<p>&nbsp;<\/p>\n<p><strong>Ivan Len\u00e1r v.r. \u2013 starosta obce\u00a0 <\/strong><\/p>\n","protected":false},"excerpt":{"rendered":"POZV\u00c1NKA Pod\u013ea \u00a7 13 ods.4 p\u00edsm.a) z\u00e1kona \u010d.369\/1990 o\u00a0obecnom zriaden\u00ed v\u00a0znen\u00ed neskor\u0161\u00edch predpisov [&hellip;]","protected":false},"author":1,"featured_media":503,"comment_status":"closed","ping_status":"open","sticky":false,"template":"","format":"standard","meta":{"advanced_seo_description":"","jetpack_seo_html_title":"","jetpack_seo_noindex":false,"_jetpack_memberships_contains_paid_content":false,"footnotes":""},"categories":[5,8,30],"tags":[],"class_list":["post-4287","post","type-post","status-publish","format-standard","has-post-thumbnail","hentry","category-dolezite","category-oznamy","category-zastupitelstvo"],"jetpack_featured_media_url":"https:\/\/i0.wp.com\/www.hornamicina.eu\/web\/wp-content\/uploads\/2017\/07\/zastupitelstvo.jpg?fit=530%2C375&ssl=1","jetpack_sharing_enabled":true,"jetpack_shortlink":"https:\/\/wp.me\/p8RsFw-179","jetpack-related-posts":[{"id":4397,"url":"https:\/\/www.hornamicina.eu\/web\/pozvanka-na-zasadnutie-oz-v-hornej-micinej-9-2024\/","url_meta":{"origin":4287,"position":0},"title":"Pozv\u00e1nka na zasadnutie OZ v Hornej Mi\u010dinej &#8211; 9\/2024","author":"admin","date":"11. septembra 2024","format":false,"excerpt":"POZV\u00c1NKA Pod\u013ea \u00a7 13 ods.4 p\u00edsm.a) z\u00e1kona \u010d.369\/1990 o\u00a0obecnom zriaden\u00ed v\u00a0znen\u00ed neskor\u0161\u00edch predpisov zvol\u00e1vam zasadnutie obecn\u00e9ho zastupite\u013estva v\u00a0Hornej Mi\u010dinej, ktor\u00e9 sa uskuto\u010dn\u00ed d\u0148a 16.9.2024 o\u00a017:00hod. v\u00a0budove obecn\u00e9ho \u00faradu ( s\u00e1la ). \u00a0 PROGRAM: 1. Otvorenie OZ 2. Program obecn\u00e9ho zastupite\u013estva 3. Vo\u013eba n\u00e1vrhovej komisie, overovate\u013ea z\u00e1pisnice a\u00a0zapisovate\u013ea 4. N\u00e1vrh pl\u00e1nu\u2026","rel":"","context":"V &quot;D\u00f4le\u017eit\u00e9&quot;","block_context":{"text":"D\u00f4le\u017eit\u00e9","link":"https:\/\/www.hornamicina.eu\/web\/category\/dolezite\/"},"img":{"alt_text":"Logo obce a dokumenty","src":"https:\/\/i0.wp.com\/www.hornamicina.eu\/web\/wp-content\/uploads\/2017\/07\/uznesenia.jpg?fit=530%2C530&ssl=1&resize=350%2C200","width":350,"height":200,"srcset":"https:\/\/i0.wp.com\/www.hornamicina.eu\/web\/wp-content\/uploads\/2017\/07\/uznesenia.jpg?fit=530%2C530&ssl=1&resize=350%2C200 1x, https:\/\/i0.wp.com\/www.hornamicina.eu\/web\/wp-content\/uploads\/2017\/07\/uznesenia.jpg?fit=530%2C530&ssl=1&resize=525%2C300 1.5x"},"classes":[]},{"id":4159,"url":"https:\/\/www.hornamicina.eu\/web\/pozvanka-na-zasadnutie-oz-v-hornej-micinej-3-2024\/","url_meta":{"origin":4287,"position":1},"title":"Pozv\u00e1nka na zasadnutie OZ v Hornej Mi\u010dinej &#8211; 3\/2024","author":"admin","date":"4. marca 2024","format":false,"excerpt":"POZV\u00c1NKA Pod\u013ea \u00a7 13 ods.4 p\u00edsm.a) z\u00e1kona \u010d.369\/1990 o\u00a0obecnom zriaden\u00ed v\u00a0znen\u00ed neskor\u0161\u00edch predpisov zvol\u00e1vam zasadnutie \u00a0obecn\u00e9ho zastupite\u013estva v\u00a0Hornej Mi\u010dinej, ktor\u00e9 sa uskuto\u010dn\u00ed d\u0148a 7.3.2024 o\u00a018:00hod. v\u00a0s\u00e1le obecn\u00e9ho \u00faradu. \u00a0 \u00a0\u00a0\u00a0\u00a0\u00a0\u00a0\u00a0\u00a0\u00a0\u00a0\u00a0\u00a0\u00a0\u00a0\u00a0\u00a0\u00a0\u00a0\u00a0\u00a0\u00a0\u00a0\u00a0\u00a0\u00a0\u00a0\u00a0\u00a0\u00a0\u00a0\u00a0 PROGRAM: Otvorenie OZ Program obecn\u00e9ho zastupite\u013estva Vo\u013eba n\u00e1vrhovej komisie, overovate\u013ea z\u00e1pisnice a\u00a0zapisovate\u013ea Schv\u00e1lenie \u017eiadosti p.Pavla Martinca a\u00a0Anny Martincovej \u010d.d.59 o\u00a0odk\u00fapenie\u2026","rel":"","context":"V &quot;Oznamy&quot;","block_context":{"text":"Oznamy","link":"https:\/\/www.hornamicina.eu\/web\/category\/oznamy\/"},"img":{"alt_text":"","src":"https:\/\/i0.wp.com\/www.hornamicina.eu\/web\/wp-content\/uploads\/2017\/07\/zastupitelstvo.jpg?fit=530%2C375&ssl=1&resize=350%2C200","width":350,"height":200,"srcset":"https:\/\/i0.wp.com\/www.hornamicina.eu\/web\/wp-content\/uploads\/2017\/07\/zastupitelstvo.jpg?fit=530%2C375&ssl=1&resize=350%2C200 1x, https:\/\/i0.wp.com\/www.hornamicina.eu\/web\/wp-content\/uploads\/2017\/07\/zastupitelstvo.jpg?fit=530%2C375&ssl=1&resize=525%2C300 1.5x"},"classes":[]},{"id":1721,"url":"https:\/\/www.hornamicina.eu\/web\/pozvanka-zas-2019-12-13\/","url_meta":{"origin":4287,"position":2},"title":"Pozv\u00e1nka na zasadnutie OZ Hornej Mi\u010dinej","author":"admin","date":"9. decembra 2019","format":false,"excerpt":"D\u0148a 13.12.2019 \/piatok\/\u00a0 o 18:30 hod. sa uskuto\u010dn\u00ed zasadnutie obecn\u00e9ho zastupite\u013estva Hornej Mi\u010dinej v zasada\u010dke obecn\u00e9ho \u00faradu. \u00a0 Program: Otvorenie Program obecn\u00e9ho zastupite\u013estva Vo\u013eba n\u00e1vrhovej komisie, overovate\u013eov z\u00e1pisnice a\u00a0zapisovate\u013ea Odborn\u00e9 stanovisko hlavnej kontrol\u00f3rky k\u00a0rozpo\u010dtu obce na rok 2020 N\u00e1vrh finan\u010dn\u00e9ho rozpo\u010dtu na rok 2020 a\u00a0n\u00e1vrh na roky 2021 a 2022\u2026","rel":"","context":"V &quot;Oznamy&quot;","block_context":{"text":"Oznamy","link":"https:\/\/www.hornamicina.eu\/web\/category\/oznamy\/"},"img":{"alt_text":"","src":"https:\/\/i0.wp.com\/www.hornamicina.eu\/web\/wp-content\/uploads\/2017\/07\/zastupitelstvo.jpg?fit=530%2C375&ssl=1&resize=350%2C200","width":350,"height":200,"srcset":"https:\/\/i0.wp.com\/www.hornamicina.eu\/web\/wp-content\/uploads\/2017\/07\/zastupitelstvo.jpg?fit=530%2C375&ssl=1&resize=350%2C200 1x, https:\/\/i0.wp.com\/www.hornamicina.eu\/web\/wp-content\/uploads\/2017\/07\/zastupitelstvo.jpg?fit=530%2C375&ssl=1&resize=525%2C300 1.5x"},"classes":[]},{"id":4219,"url":"https:\/\/www.hornamicina.eu\/web\/pozvanka-na-mimoriadne-zasadnutie-oz-v-hornej-micinej-4-2024\/","url_meta":{"origin":4287,"position":3},"title":"Pozv\u00e1nka na mimoriadne zasadnutie OZ v Hornej Mi\u010dinej &#8211; 4\/2024","author":"admin","date":"18. apr\u00edla 2024","format":false,"excerpt":"Pod\u013ea \u00a7 13 ods.4 p\u00edsm.a) z\u00e1kona \u010d.369\/1990 o\u00a0obecnom zriaden\u00ed v\u00a0znen\u00ed neskor\u0161\u00edch predpisov zvol\u00e1vam mimoriadne zasadnutie \u00a0obecn\u00e9ho zastupite\u013estva v\u00a0Hornej Mi\u010dinej, ktor\u00e9 sa uskuto\u010dn\u00ed d\u0148a 22.4.2024 o\u00a018:00hod. v\u00a0priestoroch denn\u00e9ho centra obce. \u00a0 \u00a0\u00a0\u00a0\u00a0\u00a0\u00a0\u00a0\u00a0\u00a0\u00a0\u00a0\u00a0\u00a0\u00a0\u00a0\u00a0\u00a0\u00a0\u00a0\u00a0\u00a0\u00a0\u00a0\u00a0\u00a0\u00a0\u00a0\u00a0\u00a0\u00a0\u00a0 PROGRAM: Otvorenie OZ Program obecn\u00e9ho zastupite\u013estva Vo\u013eba n\u00e1vrhovej komisie, overovate\u013ea z\u00e1pisnice a\u00a0zapisovate\u013ea Dohoda o\u00a0ur\u010den\u00ed sp\u00e1dovej materskej \u0161koly pre obec\u2026","rel":"","context":"V &quot;D\u00f4le\u017eit\u00e9&quot;","block_context":{"text":"D\u00f4le\u017eit\u00e9","link":"https:\/\/www.hornamicina.eu\/web\/category\/dolezite\/"},"img":{"alt_text":"","src":"https:\/\/i0.wp.com\/www.hornamicina.eu\/web\/wp-content\/uploads\/2017\/07\/zastupitelstvo.jpg?fit=530%2C375&ssl=1&resize=350%2C200","width":350,"height":200,"srcset":"https:\/\/i0.wp.com\/www.hornamicina.eu\/web\/wp-content\/uploads\/2017\/07\/zastupitelstvo.jpg?fit=530%2C375&ssl=1&resize=350%2C200 1x, https:\/\/i0.wp.com\/www.hornamicina.eu\/web\/wp-content\/uploads\/2017\/07\/zastupitelstvo.jpg?fit=530%2C375&ssl=1&resize=525%2C300 1.5x"},"classes":[]},{"id":5250,"url":"https:\/\/www.hornamicina.eu\/web\/pozvanka-na-zasadnutie-oz-v-hornej-micinej-2-6-2025-o-1700\/","url_meta":{"origin":4287,"position":4},"title":"Pozv\u00e1nka na zasadnutie OZ v Hornej Mi\u010dinej &#8211; 2.6.2025 o 17:00","author":"admin","date":"29. m\u00e1ja 2025","format":false,"excerpt":"Pod\u013ea \u00a7 13 ods.4 p\u00edsm.a) z\u00e1kona \u010d.369\/1990 o obecnom zriaden\u00ed v znen\u00ed neskor\u0161\u00edch predpisov zvol\u00e1vam zasadnutie obecn\u00e9ho zastupite\u013estva v\u00a0Hornej Mi\u010dinej, ktor\u00e9 sa uskuto\u010dn\u00ed d\u0148a 2.6.2025 o 17:00 hod. v\u00a0s\u00e1le obecn\u00e9ho \u00faradu . PROGRAM: \u00a0Otvorenie OZ Vo\u013eba n\u00e1vrhovej komisie, overovate\u013ea z\u00e1pisnice a zapisovate\u013ea Program obecn\u00e9ho zastupite\u013estva Kontrola plnenia prijat\u00fdch uznesen\u00ed OZ\u2026","rel":"","context":"V &quot;Oznamy&quot;","block_context":{"text":"Oznamy","link":"https:\/\/www.hornamicina.eu\/web\/category\/oznamy\/"},"img":{"alt_text":"","src":"https:\/\/i0.wp.com\/www.hornamicina.eu\/web\/wp-content\/uploads\/2017\/07\/zastupitelstvo.jpg?fit=530%2C375&ssl=1&resize=350%2C200","width":350,"height":200,"srcset":"https:\/\/i0.wp.com\/www.hornamicina.eu\/web\/wp-content\/uploads\/2017\/07\/zastupitelstvo.jpg?fit=530%2C375&ssl=1&resize=350%2C200 1x, https:\/\/i0.wp.com\/www.hornamicina.eu\/web\/wp-content\/uploads\/2017\/07\/zastupitelstvo.jpg?fit=530%2C375&ssl=1&resize=525%2C300 1.5x"},"classes":[]},{"id":3295,"url":"https:\/\/www.hornamicina.eu\/web\/pozvanka-na-zasadnutie-oz-hornej-micinej-september-2022\/","url_meta":{"origin":4287,"position":5},"title":"Pozv\u00e1nka na zasadnutie OZ Hornej Mi\u010dinej &#8211; september 2022","author":"admin","date":"23. septembra 2022","format":false,"excerpt":"D\u0148a 28.9.2022\u00a0\/streda\/\u00a0 o 19:00 hod. sa uskuto\u010dn\u00ed zasadnutie obecn\u00e9ho zastupite\u013estva Hornej Mi\u010dinej v zasada\u010dke obecn\u00e9ho \u00faradu. Program: Otvorenie Program obecn\u00e9ho zastupite\u013estva Vo\u013eba n\u00e1vrhovej komisie, overovate\u013ea z\u00e1pisnice a zapisovate\u013ea Spr\u00e1va o v\u00fdsledku kontroly dobrovo\u013enej zbierky Kontrola uznesen\u00ed OZ \u017diados\u0165 o pren\u00e1jom \u010dasti obecnej parcely \u010d. 184\/1, veden\u00e1 na LV-\u010d. 195 o\u2026","rel":"","context":"V &quot;D\u00f4le\u017eit\u00e9&quot;","block_context":{"text":"D\u00f4le\u017eit\u00e9","link":"https:\/\/www.hornamicina.eu\/web\/category\/dolezite\/"},"img":{"alt_text":"Logo obce a dokumenty","src":"https:\/\/i0.wp.com\/www.hornamicina.eu\/web\/wp-content\/uploads\/2017\/07\/uznesenia.jpg?fit=530%2C530&ssl=1&resize=350%2C200","width":350,"height":200,"srcset":"https:\/\/i0.wp.com\/www.hornamicina.eu\/web\/wp-content\/uploads\/2017\/07\/uznesenia.jpg?fit=530%2C530&ssl=1&resize=350%2C200 1x, https:\/\/i0.wp.com\/www.hornamicina.eu\/web\/wp-content\/uploads\/2017\/07\/uznesenia.jpg?fit=530%2C530&ssl=1&resize=525%2C300 1.5x"},"classes":[]}],"jetpack_likes_enabled":true,"_links":{"self":[{"href":"https:\/\/www.hornamicina.eu\/web\/wp-json\/wp\/v2\/posts\/4287","targetHints":{"allow":["GET"]}}],"collection":[{"href":"https:\/\/www.hornamicina.eu\/web\/wp-json\/wp\/v2\/posts"}],"about":[{"href":"https:\/\/www.hornamicina.eu\/web\/wp-json\/wp\/v2\/types\/post"}],"author":[{"embeddable":true,"href":"https:\/\/www.hornamicina.eu\/web\/wp-json\/wp\/v2\/users\/1"}],"replies":[{"embeddable":true,"href":"https:\/\/www.hornamicina.eu\/web\/wp-json\/wp\/v2\/comments?post=4287"}],"version-history":[{"count":0,"href":"https:\/\/www.hornamicina.eu\/web\/wp-json\/wp\/v2\/posts\/4287\/revisions"}],"wp:featuredmedia":[{"embeddable":true,"href":"https:\/\/www.hornamicina.eu\/web\/wp-json\/wp\/v2\/media\/503"}],"wp:attachment":[{"href":"https:\/\/www.hornamicina.eu\/web\/wp-json\/wp\/v2\/media?parent=4287"}],"wp:term":[{"taxonomy":"category","embeddable":true,"href":"https:\/\/www.hornamicina.eu\/web\/wp-json\/wp\/v2\/categories?post=4287"},{"taxonomy":"post_tag","embeddable":true,"href":"https:\/\/www.hornamicina.eu\/web\/wp-json\/wp\/v2\/tags?post=4287"}],"curies":[{"name":"wp","href":"https:\/\/api.w.org\/{rel}","templated":true}]}}