{"id":4268,"date":"2024-05-31T23:07:51","date_gmt":"2024-05-31T21:07:51","guid":{"rendered":"https:\/\/www.hornamicina.eu\/web\/?p=4268"},"modified":"2024-05-31T23:09:34","modified_gmt":"2024-05-31T21:09:34","slug":"oznamenie-o-vyrube-popod-vysoke-napatie-vn-22-kv","status":"publish","type":"post","link":"https:\/\/www.hornamicina.eu\/web\/oznamenie-o-vyrube-popod-vysoke-napatie-vn-22-kv\/","title":{"rendered":"Ozn\u00e1menie o v\u00fdrube popod vysok\u00e9 nap\u00e4tie VN 22 kV"},"content":{"rendered":"<p>Ako firma poveren\u00e1 spolo\u010dnos\u0165ou Stredoslovensk\u00e1 distribu\u010dn\u00e1, a.s., Pri Raj\u010dianke 2927\/8, 010 47 \u017dilina, I\u010cO: 36 442 151, V\u00e1m oznamujeme, \u017ee na z\u00e1klade stanoviska O\u00da Bansk\u00e1 Bystrica, odboru starostlivosti o \u017eivotn\u00e9 prostredie \u010d. 2024\/025597-002 a \u010d.2024\/025629-002 bude f. PRES GREEN s.r.o. Sebed\u00edn vykon\u00e1va\u0165 \u00fadr\u017ebu -odstr\u00e1nenie a okliesnenie n\u00e1letov\u00fdch drev\u00edn a in\u00fdch porastov v zmysle \u00a7 4 7 ods. 7 z\u00e1kona \u010d. 543\/2002 Z.z. o ochrane pr\u00edrody a krajiny v znen\u00ed neskor\u0161\u00edch predpisov. Pr\u00e1ce pl\u00e1nujeme previes\u0165 v ochrannom p\u00e1sme vedenia 22 kV:<\/p>\n<ul>\n<li>\n<blockquote><p><strong><span style=\"font-size: 18pt;\">\u010d. VN 317 k40 v katastri obc\u00ed Horn\u00e1 Mi\u010din\u00e1, M\u00f4l\u010da<\/span><\/strong><\/p><\/blockquote>\n<\/li>\n<\/ul>\n<p>Na\u0161e pr\u00e1ce pl\u00e1nujeme <strong>prev\u00e1dza\u0165 v term\u00edne od 03.06.2024<\/strong>, do ukon\u010denia pr\u00e1c z d\u00f4vodu nevyhnutnosti pod\u013ea\u00a7 11 ods. 1 p\u00edsm. b) z\u00e1kona \u010d.251\/2012 o energetike a o zmene a doplnen\u00ed niektor\u00fdch z\u00e1konov v znen\u00ed neskor\u0161\u00edch predpisov. V\u00fd\u0161ka porastov v ochrannom p\u00e1sme vedenia prekro\u010dila bezpe\u010dn\u00fa vzdialenos\u0165 od dr\u00f4tov vedenia a s\u00fa tak bezprostredne ohrozen\u00e9 \u017eivoty \u013eud\u00ed, majetok a plynul\u00e1 dod\u00e1vka elektrickej energie pre dan\u00e9 lokality. Pr\u00e1ce pl\u00e1nujeme vykon\u00e1va\u0165 v rozsahu pod\u013ea \u00a7 43 Z\u00e1kona o energetike \u010d. 251\/2012.<\/p>\n<p>Kontaktn\u00e1 osoba: Ing. Igor \u0160alko, \u010d.mob.: 0911 844 192.<\/p>\n<p>PRES GREEN, s.r.o.<br \/>\nSebed\u00edn 20<\/p>\n<p><a href=\"https:\/\/i0.wp.com\/www.hornamicina.eu\/web\/wp-content\/uploads\/2024\/05\/Mapa-vyrubu-SSD-5-2024.png?ssl=1\" target=\"_blank\" rel=\"noopener\"><img data-recalc-dims=\"1\" loading=\"lazy\" decoding=\"async\" data-attachment-id=\"4269\" data-permalink=\"https:\/\/www.hornamicina.eu\/web\/oznamenie-o-vyrube-popod-vysoke-napatie-vn-22-kv\/mapa-vyrubu-ssd-5-2024\/\" data-orig-file=\"https:\/\/i0.wp.com\/www.hornamicina.eu\/web\/wp-content\/uploads\/2024\/05\/Mapa-vyrubu-SSD-5-2024.png?fit=2502%2C1428&amp;ssl=1\" data-orig-size=\"2502,1428\" data-comments-opened=\"0\" data-image-meta=\"{&quot;aperture&quot;:&quot;0&quot;,&quot;credit&quot;:&quot;&quot;,&quot;camera&quot;:&quot;&quot;,&quot;caption&quot;:&quot;&quot;,&quot;created_timestamp&quot;:&quot;0&quot;,&quot;copyright&quot;:&quot;&quot;,&quot;focal_length&quot;:&quot;0&quot;,&quot;iso&quot;:&quot;0&quot;,&quot;shutter_speed&quot;:&quot;0&quot;,&quot;title&quot;:&quot;&quot;,&quot;orientation&quot;:&quot;0&quot;}\" data-image-title=\"Mapa vyrubu &amp;#8211; SSD 5-2024\" data-image-description=\"\" data-image-caption=\"\" data-large-file=\"https:\/\/i0.wp.com\/www.hornamicina.eu\/web\/wp-content\/uploads\/2024\/05\/Mapa-vyrubu-SSD-5-2024.png?fit=770%2C439&amp;ssl=1\" class=\"alignnone wp-image-4269 size-full\" src=\"https:\/\/i0.wp.com\/www.hornamicina.eu\/web\/wp-content\/uploads\/2024\/05\/Mapa-vyrubu-SSD-5-2024.png?resize=770%2C439&#038;ssl=1\" alt=\"\" width=\"770\" height=\"439\" srcset=\"https:\/\/i0.wp.com\/www.hornamicina.eu\/web\/wp-content\/uploads\/2024\/05\/Mapa-vyrubu-SSD-5-2024.png?w=2502&amp;ssl=1 2502w, https:\/\/i0.wp.com\/www.hornamicina.eu\/web\/wp-content\/uploads\/2024\/05\/Mapa-vyrubu-SSD-5-2024.png?resize=300%2C171&amp;ssl=1 300w, https:\/\/i0.wp.com\/www.hornamicina.eu\/web\/wp-content\/uploads\/2024\/05\/Mapa-vyrubu-SSD-5-2024.png?resize=1024%2C584&amp;ssl=1 1024w, https:\/\/i0.wp.com\/www.hornamicina.eu\/web\/wp-content\/uploads\/2024\/05\/Mapa-vyrubu-SSD-5-2024.png?resize=768%2C438&amp;ssl=1 768w, https:\/\/i0.wp.com\/www.hornamicina.eu\/web\/wp-content\/uploads\/2024\/05\/Mapa-vyrubu-SSD-5-2024.png?resize=1536%2C877&amp;ssl=1 1536w, https:\/\/i0.wp.com\/www.hornamicina.eu\/web\/wp-content\/uploads\/2024\/05\/Mapa-vyrubu-SSD-5-2024.png?resize=2048%2C1169&amp;ssl=1 2048w, https:\/\/i0.wp.com\/www.hornamicina.eu\/web\/wp-content\/uploads\/2024\/05\/Mapa-vyrubu-SSD-5-2024.png?resize=720%2C411&amp;ssl=1 720w, https:\/\/i0.wp.com\/www.hornamicina.eu\/web\/wp-content\/uploads\/2024\/05\/Mapa-vyrubu-SSD-5-2024.png?resize=1320%2C753&amp;ssl=1 1320w, https:\/\/i0.wp.com\/www.hornamicina.eu\/web\/wp-content\/uploads\/2024\/05\/Mapa-vyrubu-SSD-5-2024.png?w=2310&amp;ssl=1 2310w\" sizes=\"auto, (max-width: 770px) 100vw, 770px\" \/><\/a><\/p>\n","protected":false},"excerpt":{"rendered":"Ako firma poveren\u00e1 spolo\u010dnos\u0165ou Stredoslovensk\u00e1 distribu\u010dn\u00e1, a.s., Pri Raj\u010dianke 2927\/8, 010 47 \u017dilina, [&hellip;]","protected":false},"author":1,"featured_media":790,"comment_status":"closed","ping_status":"open","sticky":false,"template":"","format":"standard","meta":{"advanced_seo_description":"","jetpack_seo_html_title":"","jetpack_seo_noindex":false,"_jetpack_memberships_contains_paid_content":false,"footnotes":""},"categories":[5,8],"tags":[],"class_list":["post-4268","post","type-post","status-publish","format-standard","has-post-thumbnail","hentry","category-dolezite","category-oznamy"],"jetpack_featured_media_url":"https:\/\/i0.wp.com\/www.hornamicina.eu\/web\/wp-content\/uploads\/2018\/04\/sse-sd.jpg?fit=400%2C400&ssl=1","jetpack_sharing_enabled":true,"jetpack_shortlink":"https:\/\/wp.me\/p8RsFw-16Q","jetpack-related-posts":[{"id":1923,"url":"https:\/\/www.hornamicina.eu\/web\/vyhlasenie-casu-zvyseneho-nebezpecenstva-poziaru\/","url_meta":{"origin":4268,"position":0},"title":"Vyhl\u00e1senie \u010dasu zv\u00fd\u0161en\u00e9ho nebezpe\u010denstva po\u017eiaru","author":"admin","date":"9. apr\u00edla 2020","format":false,"excerpt":"Okresn\u00e9 riadite\u013estvo Hasi\u010dsk\u00e9ho a\u00a0z\u00e1chrann\u00fd zboru v\u00a0Banskej Bystrici v s\u00falade s \u00a7 4 p\u00edsm. b) a s \u00a7 21 p\u00edsm. a) v\u00a0nadv\u00e4znosti na \u00a7 21 p\u00edsm. o) z\u00e1kona \u010d. 314\/2001 Z. z. o ochrane pred po\u017eiarmi v znen\u00ed neskor\u0161\u00edch predpisov a\u00a0s \u00a7 2 ods. 1 p\u00edsm. a) a\u00a0b) vyhl\u00e1\u0161ky Ministerstva vn\u00fatra\u2026","rel":"","context":"V &quot;D\u00f4le\u017eit\u00e9&quot;","block_context":{"text":"D\u00f4le\u017eit\u00e9","link":"https:\/\/www.hornamicina.eu\/web\/category\/dolezite\/"},"img":{"alt_text":"","src":"https:\/\/i0.wp.com\/www.hornamicina.eu\/web\/wp-content\/uploads\/2020\/04\/iveco.jpg?fit=640%2C427&ssl=1&resize=350%2C200","width":350,"height":200,"srcset":"https:\/\/i0.wp.com\/www.hornamicina.eu\/web\/wp-content\/uploads\/2020\/04\/iveco.jpg?fit=640%2C427&ssl=1&resize=350%2C200 1x, https:\/\/i0.wp.com\/www.hornamicina.eu\/web\/wp-content\/uploads\/2020\/04\/iveco.jpg?fit=640%2C427&ssl=1&resize=525%2C300 1.5x"},"classes":[]},{"id":2541,"url":"https:\/\/www.hornamicina.eu\/web\/vyhlasenie-casu-zvyseneho-nebezpecenstva-poziaru-2\/","url_meta":{"origin":4268,"position":1},"title":"Vyhl\u00e1senie \u010dasu zv\u00fd\u0161en\u00e9ho nebezpe\u010denstva po\u017eiaru","author":"admin","date":"22. j\u00fana 2021","format":false,"excerpt":"Okresn\u00e9 riadite\u013estvo Hasi\u010dsk\u00e9ho a\u00a0z\u00e1chrann\u00fd zboru v\u00a0Banskej Bystrici v s\u00falade s \u00a7 4 p\u00edsm. b) a s \u00a7 21 p\u00edsm. a) v\u00a0nadv\u00e4znosti na \u00a7 21 p\u00edsm. o) z\u00e1kona \u010d. 314\/2001 Z. z. o ochrane pred po\u017eiarmi v znen\u00ed neskor\u0161\u00edch predpisov a\u00a0s \u00a7 2 ods. 1 p\u00edsm. a) a\u00a0b) vyhl\u00e1\u0161ky Ministerstva vn\u00fatra\u2026","rel":"","context":"V &quot;D\u00f4le\u017eit\u00e9&quot;","block_context":{"text":"D\u00f4le\u017eit\u00e9","link":"https:\/\/www.hornamicina.eu\/web\/category\/dolezite\/"},"img":{"alt_text":"","src":"https:\/\/i0.wp.com\/www.hornamicina.eu\/web\/wp-content\/uploads\/2020\/04\/iveco.jpg?fit=640%2C427&ssl=1&resize=350%2C200","width":350,"height":200,"srcset":"https:\/\/i0.wp.com\/www.hornamicina.eu\/web\/wp-content\/uploads\/2020\/04\/iveco.jpg?fit=640%2C427&ssl=1&resize=350%2C200 1x, https:\/\/i0.wp.com\/www.hornamicina.eu\/web\/wp-content\/uploads\/2020\/04\/iveco.jpg?fit=640%2C427&ssl=1&resize=525%2C300 1.5x"},"classes":[]},{"id":3870,"url":"https:\/\/www.hornamicina.eu\/web\/cas-zvyseneho-nebezpecenstva-vzniku-poziaru-od-23-8-2023-do-odvolania\/","url_meta":{"origin":4268,"position":2},"title":"\u010cas zv\u00fd\u0161en\u00e9ho nebezpe\u010denstva vzniku po\u017eiaru &#8211; od 23.8.2023 do odvolania","author":"admin","date":"23. augusta 2023","format":false,"excerpt":"Okresn\u00e9 riadite\u013estvo Hasi\u010dsk\u00e9ho a z\u00e1chrann\u00e9ho zboru v Banskej Bystrici v s\u00falade s \u00a7 4 p\u00edsm. b) a s \u00a7 21 p\u00edsm. a) v nadv\u00e4znosti na \u00a7 21 p\u00edsm. o) z\u00e1kona \u010d. 314\/2001 Z. z. o ochrane pred po\u017eiarmi v znen\u00ed neskor\u0161\u00edch predpisov a s \u00a7 2 ods. 1 p\u00edsm. a)\u2026","rel":"","context":"V &quot;D\u00f4le\u017eit\u00e9&quot;","block_context":{"text":"D\u00f4le\u017eit\u00e9","link":"https:\/\/www.hornamicina.eu\/web\/category\/dolezite\/"},"img":{"alt_text":"","src":"https:\/\/i0.wp.com\/www.hornamicina.eu\/web\/wp-content\/uploads\/2018\/10\/hasici.jpg?fit=640%2C419&ssl=1&resize=350%2C200","width":350,"height":200,"srcset":"https:\/\/i0.wp.com\/www.hornamicina.eu\/web\/wp-content\/uploads\/2018\/10\/hasici.jpg?fit=640%2C419&ssl=1&resize=350%2C200 1x, https:\/\/i0.wp.com\/www.hornamicina.eu\/web\/wp-content\/uploads\/2018\/10\/hasici.jpg?fit=640%2C419&ssl=1&resize=525%2C300 1.5x"},"classes":[]},{"id":4263,"url":"https:\/\/www.hornamicina.eu\/web\/oznamenie-o-zmene-navrhovanej-cinnosti-rekultivacia-casti-lomu\/","url_meta":{"origin":4268,"position":3},"title":"Ozn\u00e1menie o zmene navrhovanej \u010dinnosti: rekultiv\u00e1cia \u010dasti lomu","author":"admin","date":"29. m\u00e1ja 2024","format":false,"excerpt":"Vec: Rekultiv\u00e1cia \u010dasti lomu stavebn\u00e9ho kame\u0148a Horn\u00e1 Mi\u010din\u00e1 - ozn\u00e1menie o zmene navrhovanej \u010dinnosti D\u0148a 22.05.2024 bolo doru\u010den\u00e9 na Okresn\u00e9mu \u00faradu Bansk\u00e1 Bystrica odboru starostlivosti o \u017eivotn\u00e9 prostredie (\u010falej len \"okresn\u00fd \u00farad\") ozn\u00e1menie o zmene navrhovanej \u010dinnosti \"Rekultiv\u00e1cia \u010dasti lomu stavebn\u00e9ho kame\u0148a Horn\u00e1 Mi\u010din\u00e1\" od navrhovate\u013ea spolo\u010dnosti \u0160peci\u00e1lne cestn\u00e9 pr\u00e1ce\u2026","rel":"","context":"V &quot;D\u00f4le\u017eit\u00e9&quot;","block_context":{"text":"D\u00f4le\u017eit\u00e9","link":"https:\/\/www.hornamicina.eu\/web\/category\/dolezite\/"},"img":{"alt_text":"Logo obce a dokumenty","src":"https:\/\/i0.wp.com\/www.hornamicina.eu\/web\/wp-content\/uploads\/2017\/07\/uznesenia.jpg?fit=530%2C530&ssl=1&resize=350%2C200","width":350,"height":200,"srcset":"https:\/\/i0.wp.com\/www.hornamicina.eu\/web\/wp-content\/uploads\/2017\/07\/uznesenia.jpg?fit=530%2C530&ssl=1&resize=350%2C200 1x, https:\/\/i0.wp.com\/www.hornamicina.eu\/web\/wp-content\/uploads\/2017\/07\/uznesenia.jpg?fit=530%2C530&ssl=1&resize=525%2C300 1.5x"},"classes":[]},{"id":3140,"url":"https:\/\/www.hornamicina.eu\/web\/vyhlasenie-casu-zvyseneho-nebezpecenstva-poziaru-2022\/","url_meta":{"origin":4268,"position":4},"title":"Vyhl\u00e1senie \u010dasu zv\u00fd\u0161en\u00e9ho nebezpe\u010denstva po\u017eiaru","author":"admin","date":"23. j\u00fana 2022","format":false,"excerpt":"Okresn\u00e9 riadite\u013estvo Hasi\u010dsk\u00e9ho a\u00a0z\u00e1chrann\u00fd zboru v\u00a0Banskej Bystrici v s\u00falade s \u00a7 4 p\u00edsm. b) a s \u00a7 21 p\u00edsm. a) v\u00a0nadv\u00e4znosti na \u00a7 21 p\u00edsm. o) z\u00e1kona \u010d. 314\/2001 Z. z. o ochrane pred po\u017eiarmi v znen\u00ed neskor\u0161\u00edch predpisov a\u00a0s \u00a7 2 ods. 1 p\u00edsm. a) a\u00a0b) vyhl\u00e1\u0161ky Ministerstva vn\u00fatra\u2026","rel":"","context":"V &quot;D\u00f4le\u017eit\u00e9&quot;","block_context":{"text":"D\u00f4le\u017eit\u00e9","link":"https:\/\/www.hornamicina.eu\/web\/category\/dolezite\/"},"img":{"alt_text":"","src":"https:\/\/i0.wp.com\/www.hornamicina.eu\/web\/wp-content\/uploads\/2020\/04\/iveco.jpg?fit=640%2C427&ssl=1&resize=350%2C200","width":350,"height":200,"srcset":"https:\/\/i0.wp.com\/www.hornamicina.eu\/web\/wp-content\/uploads\/2020\/04\/iveco.jpg?fit=640%2C427&ssl=1&resize=350%2C200 1x, https:\/\/i0.wp.com\/www.hornamicina.eu\/web\/wp-content\/uploads\/2020\/04\/iveco.jpg?fit=640%2C427&ssl=1&resize=525%2C300 1.5x"},"classes":[]},{"id":4046,"url":"https:\/\/www.hornamicina.eu\/web\/verejna-vyhlaska-oznamenie-o-zacati-uzemneho-konania-kabe\/","url_meta":{"origin":4268,"position":5},"title":"Verejn\u00e1 vyhl\u00e1\u0161ka &#8211; Ozn\u00e1menie o za\u010dat\u00ed \u00fazemn\u00e9ho konania &#8211; KABE","author":"admin","date":"18. decembra 2023","format":false,"excerpt":"VEREJN\u00c1 VYHL\u00c1\u0160KA \u00a0OZN\u00c1MENIE o za\u010dat\u00ed \u00fazemn\u00e9ho konania o vyu\u017e\u00edvania \u00fazemia a o nariaden\u00ed \u00fastneho pojedn\u00e1vania a miestneho zis\u0165ovania \u00a0 Spolo\u010dnos\u0165 KABE, spol. s.r.o., Mi\u010dinsk\u00e1 cesta 78, 974 01 Bansk\u00e1 Bystrica podala d\u0148a 02.11.2023 na Obec Horn\u00e1 Mi\u010din\u00e1 - stavebn\u00fd \u00farad n\u00e1vrh na vydanie \u00fazemn\u00e9ho rozhodnutia o vyu\u017e\u00edvan\u00ed \u00fazemia \u201ePl\u00e1n vyu\u017e\u00edvania\u2026","rel":"","context":"V &quot;D\u00f4le\u017eit\u00e9&quot;","block_context":{"text":"D\u00f4le\u017eit\u00e9","link":"https:\/\/www.hornamicina.eu\/web\/category\/dolezite\/"},"img":{"alt_text":"Logo obce a dokumenty","src":"https:\/\/i0.wp.com\/www.hornamicina.eu\/web\/wp-content\/uploads\/2017\/07\/uznesenia.jpg?fit=530%2C530&ssl=1&resize=350%2C200","width":350,"height":200,"srcset":"https:\/\/i0.wp.com\/www.hornamicina.eu\/web\/wp-content\/uploads\/2017\/07\/uznesenia.jpg?fit=530%2C530&ssl=1&resize=350%2C200 1x, https:\/\/i0.wp.com\/www.hornamicina.eu\/web\/wp-content\/uploads\/2017\/07\/uznesenia.jpg?fit=530%2C530&ssl=1&resize=525%2C300 1.5x"},"classes":[]}],"jetpack_likes_enabled":true,"_links":{"self":[{"href":"https:\/\/www.hornamicina.eu\/web\/wp-json\/wp\/v2\/posts\/4268","targetHints":{"allow":["GET"]}}],"collection":[{"href":"https:\/\/www.hornamicina.eu\/web\/wp-json\/wp\/v2\/posts"}],"about":[{"href":"https:\/\/www.hornamicina.eu\/web\/wp-json\/wp\/v2\/types\/post"}],"author":[{"embeddable":true,"href":"https:\/\/www.hornamicina.eu\/web\/wp-json\/wp\/v2\/users\/1"}],"replies":[{"embeddable":true,"href":"https:\/\/www.hornamicina.eu\/web\/wp-json\/wp\/v2\/comments?post=4268"}],"version-history":[{"count":0,"href":"https:\/\/www.hornamicina.eu\/web\/wp-json\/wp\/v2\/posts\/4268\/revisions"}],"wp:featuredmedia":[{"embeddable":true,"href":"https:\/\/www.hornamicina.eu\/web\/wp-json\/wp\/v2\/media\/790"}],"wp:attachment":[{"href":"https:\/\/www.hornamicina.eu\/web\/wp-json\/wp\/v2\/media?parent=4268"}],"wp:term":[{"taxonomy":"category","embeddable":true,"href":"https:\/\/www.hornamicina.eu\/web\/wp-json\/wp\/v2\/categories?post=4268"},{"taxonomy":"post_tag","embeddable":true,"href":"https:\/\/www.hornamicina.eu\/web\/wp-json\/wp\/v2\/tags?post=4268"}],"curies":[{"name":"wp","href":"https:\/\/api.w.org\/{rel}","templated":true}]}}