{"id":4265,"date":"2024-05-29T20:43:39","date_gmt":"2024-05-29T18:43:39","guid":{"rendered":"https:\/\/www.hornamicina.eu\/web\/?p=4265"},"modified":"2024-05-29T20:44:37","modified_gmt":"2024-05-29T18:44:37","slug":"vyzva-starostlivost-o-podu","status":"publish","type":"post","link":"https:\/\/www.hornamicina.eu\/web\/vyzva-starostlivost-o-podu\/","title":{"rendered":"V\u00fdzva -starostlivos\u0165 o p\u00f4du"},"content":{"rendered":"<p style=\"text-align: center;\"><span style=\"font-size: 14pt;\"><strong>Okresn\u00fd \u00farad Bansk\u00e1 Bystrica, pozemkov\u00fd a lesn\u00fd odbor<\/strong> <\/span><\/p>\n<blockquote><p>upozor\u0148uje a <strong>vyz\u00fdva ka\u017ed\u00e9ho vlastn\u00edka, n\u00e1jomcu a spr\u00e1vcu po\u013enohospod\u00e1rskej p\u00f4dy<\/strong>, aby zabezpe\u010dil z\u00e1kladn\u00fa starostlivos\u0165 o po\u013enohospod\u00e1rsku p\u00f4du ako to ustanovuje \u00a73 z\u00e1kona.<\/p><\/blockquote>\n<p>Konkr\u00e9tne ka\u017ed\u00fd vlastn\u00edk, n\u00e1jomca a spr\u00e1vca po\u013enohospod\u00e1rskej p\u00f4dy je povinn\u00fd:<\/p>\n<ol>\n<li>vykon\u00e1va\u0165 agrotechnick\u00e9 opatrenia zameran\u00e9 na ochranu a zachovanie kvalitat\u00edvnych vlastnosti po\u013enohospod\u00e1rskej p\u00f4dy a na ochranu pred jej po\u0161koden\u00edm a degrad\u00e1ciou,<\/li>\n<li>predch\u00e1dza\u0165 v\u00fdskytu a \u0161\u00edreniu bur\u00edn na neobr\u00e1ban\u00fdch pozemkoch.<\/li>\n<li>zabezpe\u010di\u0165 vyu\u017e\u00edvanie po\u013enohospod\u00e1rskej p\u00f4dy tak, aby nebola ohrozen\u00e1 ekologick\u00e1 stabilita \u00fazemia a bola zachovan\u00e1 funk\u010dn\u00e1 sp\u00e4tos\u0165 pr\u00edrodn\u00fdch procesov v krajinnom prostred\u00ed,<\/li>\n<li>usporiada\u0165 a zos\u00faladi\u0165 po\u013enohospod\u00e1rsky druh pozemku s jeho evidenciou v katastri.<\/li>\n<\/ol>\n<p>Ten, kto <strong>svojou ne\u010dinnos\u0165ou sp\u00f4sob\u00ed zaburinenie po\u013enohospod\u00e1rskeho pozemku<\/strong>, alebo nepo\u013enohospod\u00e1rskeho pozemku v bl\u00edzkosti po\u013enohospod\u00e1rskeho pozemku, pr\u00edpadne nespln\u00ed povinnos\u0165 ulo\u017een\u00fa org\u00e1nom ochrany po\u013enohospod\u00e1rskej p\u00f4dy, <strong>dopust\u00ed sa priestupku (fyzick\u00e1 osoba) alebo spr\u00e1vneho deliktu (pr\u00e1vnick\u00e1 osoba alebo fyzick\u00e1 osoba -podnikate\u013e)<\/strong> pod\u013ea \u00a7 25 a \u00a7 26 z\u00e1kona \u010d. 220\/2004 Z. z. o ochrane a vyu\u017e\u00edvan\u00ed po\u013enohospod\u00e1rskej p\u00f4dy v znen\u00ed neskor\u0161\u00edch predpisov.<\/p>\n<p><strong>V roku 2024 bud\u00fa kontroly zabezpe\u010denia starostlivosti o po\u013enohospod\u00e1rsku p\u00f4du vykon\u00e1van\u00e9 pod\u013ea harmonogramu v letn\u00fdch mesiacoch<\/strong>. V zmysle pr\u00e1vnych predpisov bud\u00fa za poru\u0161ovanie \u00a7 3 z\u00e1kona vyvodzovan\u00e9 d\u00f4sledky.<\/p>\n<p>&nbsp;<\/p>\n<p>Ing. Jozef Plie\u0161tik<\/p>\n<p>ved\u00faci odboru<\/p>\n","protected":false},"excerpt":{"rendered":"Okresn\u00fd \u00farad Bansk\u00e1 Bystrica, pozemkov\u00fd a lesn\u00fd odbor upozor\u0148uje a vyz\u00fdva ka\u017ed\u00e9ho vlastn\u00edka, [&hellip;]","protected":false},"author":1,"featured_media":3704,"comment_status":"closed","ping_status":"open","sticky":false,"template":"","format":"standard","meta":{"advanced_seo_description":"","jetpack_seo_html_title":"","jetpack_seo_noindex":false,"_jetpack_memberships_contains_paid_content":false,"footnotes":""},"categories":[5,8],"tags":[],"class_list":["post-4265","post","type-post","status-publish","format-standard","has-post-thumbnail","hentry","category-dolezite","category-oznamy"],"jetpack_featured_media_url":"https:\/\/i0.wp.com\/www.hornamicina.eu\/web\/wp-content\/uploads\/2023\/05\/trava-kosenie-min-1.jpg?fit=2506%2C1671&ssl=1","jetpack_sharing_enabled":true,"jetpack_shortlink":"https:\/\/wp.me\/p8RsFw-16N","jetpack-related-posts":[{"id":3142,"url":"https:\/\/www.hornamicina.eu\/web\/upozornenie-pre-majitelov-a-uzivatelov-pozemkov\/","url_meta":{"origin":4265,"position":0},"title":"Upozornenie pre majite\u013eov a u\u017e\u00edvate\u013eov pozemkov","author":"admin","date":"23. j\u00fana 2022","format":false,"excerpt":"Okresn\u00fd \u00farad Bansk\u00e1 Bystrica, pozemkov\u00fd a lesn\u00fd odbor upozor\u0148uje a vyz\u00fdva ka\u017ed\u00e9ho vlastn\u00edka, n\u00e1jomcu a spr\u00e1vcu po\u013enohospod\u00e1rskej p\u00f4dy, aby zabezpe\u010dil z\u00e1kladn\u00fa starostlivos\u0165 o po\u013enohospod\u00e1rsku p\u00f4du ako to ustanovuje \u00a7 3 z\u00e1kona. Konkr\u00e9tne - ka\u017ed\u00fd vlastn\u00edk, n\u00e1jomca a spr\u00e1vca po\u013enohospod\u00e1rskej p\u00f4dy je povinn\u00fd: vykon\u00e1va\u0165 agrotechnick\u00e9 opatrenia zameran\u00e9 na ochranu a zachovanie\u2026","rel":"","context":"V &quot;D\u00f4le\u017eit\u00e9&quot;","block_context":{"text":"D\u00f4le\u017eit\u00e9","link":"https:\/\/www.hornamicina.eu\/web\/category\/dolezite\/"},"img":{"alt_text":"","src":"https:\/\/i0.wp.com\/www.hornamicina.eu\/web\/wp-content\/uploads\/2017\/06\/cropped-4501HM.jpg?fit=1200%2C720&ssl=1&resize=350%2C200","width":350,"height":200,"srcset":"https:\/\/i0.wp.com\/www.hornamicina.eu\/web\/wp-content\/uploads\/2017\/06\/cropped-4501HM.jpg?fit=1200%2C720&ssl=1&resize=350%2C200 1x, https:\/\/i0.wp.com\/www.hornamicina.eu\/web\/wp-content\/uploads\/2017\/06\/cropped-4501HM.jpg?fit=1200%2C720&ssl=1&resize=525%2C300 1.5x, https:\/\/i0.wp.com\/www.hornamicina.eu\/web\/wp-content\/uploads\/2017\/06\/cropped-4501HM.jpg?fit=1200%2C720&ssl=1&resize=700%2C400 2x, https:\/\/i0.wp.com\/www.hornamicina.eu\/web\/wp-content\/uploads\/2017\/06\/cropped-4501HM.jpg?fit=1200%2C720&ssl=1&resize=1050%2C600 3x"},"classes":[]},{"id":3703,"url":"https:\/\/www.hornamicina.eu\/web\/vyzva-okresneho-uradu-bb-zaburinene-polnohospodarske-pozemky\/","url_meta":{"origin":4265,"position":1},"title":"V\u00fdzva Okresn\u00e9ho \u00faradu BB &#8211; zaburinen\u00e9 po\u013enohospod\u00e1rske pozemky","author":"admin","date":"30. m\u00e1ja 2023","format":false,"excerpt":"Okresn\u00fd \u00farad Bansk\u00e1 Bystrica, pozemkov\u00fd a lesn\u00fd odbor ako pr\u00edslu\u0161n\u00fd org\u00e1n ochrany po\u013enohospod\u00e1rskej p\u00f4dy pod\u013ea z\u00e1kona \u010d. 219\/2008 Z. z., ktor\u00fdm sa men\u00ed a dop\u013a\u0148a z\u00e1kon \u010d. 220\/2004 Z. z. o ochrane a vyu\u017e\u00edvan\u00ed po\u013enohospod\u00e1rskej p\u00f4dy a o zmene z\u00e1kona \u010d. 245\/2003 Z. z. o integrovanej prevencii a kontrole zne\u010dis\u0165ovania\u2026","rel":"","context":"V &quot;D\u00f4le\u017eit\u00e9&quot;","block_context":{"text":"D\u00f4le\u017eit\u00e9","link":"https:\/\/www.hornamicina.eu\/web\/category\/dolezite\/"},"img":{"alt_text":"","src":"https:\/\/i0.wp.com\/www.hornamicina.eu\/web\/wp-content\/uploads\/2023\/05\/trava-kosenie-min-1.jpg?fit=1200%2C800&ssl=1&resize=350%2C200","width":350,"height":200,"srcset":"https:\/\/i0.wp.com\/www.hornamicina.eu\/web\/wp-content\/uploads\/2023\/05\/trava-kosenie-min-1.jpg?fit=1200%2C800&ssl=1&resize=350%2C200 1x, https:\/\/i0.wp.com\/www.hornamicina.eu\/web\/wp-content\/uploads\/2023\/05\/trava-kosenie-min-1.jpg?fit=1200%2C800&ssl=1&resize=525%2C300 1.5x, https:\/\/i0.wp.com\/www.hornamicina.eu\/web\/wp-content\/uploads\/2023\/05\/trava-kosenie-min-1.jpg?fit=1200%2C800&ssl=1&resize=700%2C400 2x, https:\/\/i0.wp.com\/www.hornamicina.eu\/web\/wp-content\/uploads\/2023\/05\/trava-kosenie-min-1.jpg?fit=1200%2C800&ssl=1&resize=1050%2C600 3x"},"classes":[]},{"id":2015,"url":"https:\/\/www.hornamicina.eu\/web\/vyzva-okresneho-uradu-banska-bystrica-odbor-pozemkovy-a-lesny\/","url_meta":{"origin":4265,"position":2},"title":"V\u00fdzva Okresn\u00e9ho \u00faradu Bansk\u00e1 Bystrica, odbor pozemkov\u00fd a lesn\u00fd","author":"admin","date":"26. j\u00fana 2020","format":false,"excerpt":"Okresn\u00fd \u00farad Bansk\u00e1 Bystrica, pozemkov\u00fd a lesn\u00fd odbor upozor\u0148uje a vyz\u00fdva ka\u017ed\u00e9ho vlastn\u00edka, n\u00e1jomcu a spr\u00e1vcu po\u013enohospod\u00e1rskej p\u00f4dy, aby zabezpe\u010dil z\u00e1kladn\u00fa starostlivos\u0165 o po\u013enohospod\u00e1rsku p\u00f4du ako to ustanovuje \u00a73 z\u00e1kona. \u00a0 Viac v pr\u00edlohe:\u00a0Upozornenie Okresn\u00e9ho \u00faradu BB","rel":"","context":"V &quot;D\u00f4le\u017eit\u00e9&quot;","block_context":{"text":"D\u00f4le\u017eit\u00e9","link":"https:\/\/www.hornamicina.eu\/web\/category\/dolezite\/"},"img":{"alt_text":"les","src":"https:\/\/i0.wp.com\/www.hornamicina.eu\/web\/wp-content\/uploads\/2016\/02\/les.jpg?fit=960%2C640&ssl=1&resize=350%2C200","width":350,"height":200,"srcset":"https:\/\/i0.wp.com\/www.hornamicina.eu\/web\/wp-content\/uploads\/2016\/02\/les.jpg?fit=960%2C640&ssl=1&resize=350%2C200 1x, https:\/\/i0.wp.com\/www.hornamicina.eu\/web\/wp-content\/uploads\/2016\/02\/les.jpg?fit=960%2C640&ssl=1&resize=525%2C300 1.5x, https:\/\/i0.wp.com\/www.hornamicina.eu\/web\/wp-content\/uploads\/2016\/02\/les.jpg?fit=960%2C640&ssl=1&resize=700%2C400 2x"},"classes":[]},{"id":5335,"url":"https:\/\/www.hornamicina.eu\/web\/vyzva-na-kosenie-pozemkov\/","url_meta":{"origin":4265,"position":3},"title":"V\u00fdzva na kosenie pozemkov","author":"admin","date":"26. j\u00fana 2025","format":false,"excerpt":"Obec Horn\u00e1 Mi\u010din\u00e1 vyz\u00fdva v\u0161etk\u00fdch vlastn\u00edkov, spr\u00e1vcov a u\u017e\u00edvate\u013eov pozemkov v katastr\u00e1lnom \u00fazem\u00ed Horn\u00e1 Mi\u010din\u00e1, aby po\u010das vegeta\u010dn\u00e9ho obdobia venovali zv\u00fd\u0161en\u00fa pozornos\u0165 odstra\u0148ovaniu bur\u00edn na svojich nehnute\u013enostiach a zabezpe\u010dili pravideln\u00e9 kosenie tr\u00e1vnat\u00fdch a zaburinen\u00fdch pozemkov pod\u013ea z\u00e1kona \u010d. 220\/2004. Priestupku sa dopust\u00ed ten, kto nezabezpe\u010d\u00ed z\u00e1kladn\u00fa starostlivos\u0165 o po\u013enohospod\u00e1rsku p\u00f4du.\u2026","rel":"","context":"V &quot;D\u00f4le\u017eit\u00e9&quot;","block_context":{"text":"D\u00f4le\u017eit\u00e9","link":"https:\/\/www.hornamicina.eu\/web\/category\/dolezite\/"},"img":{"alt_text":"","src":"https:\/\/i0.wp.com\/www.hornamicina.eu\/web\/wp-content\/uploads\/2023\/05\/trava-kosenie-min-1.jpg?fit=1200%2C800&ssl=1&resize=350%2C200","width":350,"height":200,"srcset":"https:\/\/i0.wp.com\/www.hornamicina.eu\/web\/wp-content\/uploads\/2023\/05\/trava-kosenie-min-1.jpg?fit=1200%2C800&ssl=1&resize=350%2C200 1x, https:\/\/i0.wp.com\/www.hornamicina.eu\/web\/wp-content\/uploads\/2023\/05\/trava-kosenie-min-1.jpg?fit=1200%2C800&ssl=1&resize=525%2C300 1.5x, https:\/\/i0.wp.com\/www.hornamicina.eu\/web\/wp-content\/uploads\/2023\/05\/trava-kosenie-min-1.jpg?fit=1200%2C800&ssl=1&resize=700%2C400 2x, https:\/\/i0.wp.com\/www.hornamicina.eu\/web\/wp-content\/uploads\/2023\/05\/trava-kosenie-min-1.jpg?fit=1200%2C800&ssl=1&resize=1050%2C600 3x"},"classes":[]},{"id":4086,"url":"https:\/\/www.hornamicina.eu\/web\/verejna-vyhlaska-rozhodnutie-kabe-spol-s-r-o\/","url_meta":{"origin":4265,"position":4},"title":"Verejn\u00e1 vyhl\u00e1\u0161ka &#8211; Rozhodnutie KABE, spol. s r.o.","author":"admin","date":"24. janu\u00e1ra 2024","format":false,"excerpt":"\u010c\u00edslo: Oc\u00da 353\/2023\/rozh. Horn\u00e1 Mi\u010din\u00e1 22.01.2024 VEREJN\u00c1 VYHL\u00c1\u0160KA ROZHODNUTIE Spolo\u010dnos\u0165 KABE, spol. s.r.o., Mi\u010dinsk\u00e1 cesta 78, 974 01 Bansk\u00e1 Bystrica podala d\u0148a 02.11.2023 na Obec Horn\u00e1 Mi\u010din\u00e1 \u2013 stavebn\u00fd \u00farad n\u00e1vrh na vydanie \u00fazemn\u00e9ho rozhodnutia o vyu\u017e\u00edvan\u00ed \u00fazemia \u201ePl\u00e1n vyu\u017e\u00edvania lo\u017eiska nevyhraden\u00e9ho nerastu \u2013 dolomitu, HORN\u00c1 MI\u010cIN\u00c1 \u2013 \u0164ARBA\u0160KA na\u2026","rel":"","context":"V &quot;D\u00f4le\u017eit\u00e9&quot;","block_context":{"text":"D\u00f4le\u017eit\u00e9","link":"https:\/\/www.hornamicina.eu\/web\/category\/dolezite\/"},"img":{"alt_text":"Logo obce a dokumenty","src":"https:\/\/i0.wp.com\/www.hornamicina.eu\/web\/wp-content\/uploads\/2017\/07\/uznesenia.jpg?fit=530%2C530&ssl=1&resize=350%2C200","width":350,"height":200,"srcset":"https:\/\/i0.wp.com\/www.hornamicina.eu\/web\/wp-content\/uploads\/2017\/07\/uznesenia.jpg?fit=530%2C530&ssl=1&resize=350%2C200 1x, https:\/\/i0.wp.com\/www.hornamicina.eu\/web\/wp-content\/uploads\/2017\/07\/uznesenia.jpg?fit=530%2C530&ssl=1&resize=525%2C300 1.5x"},"classes":[]},{"id":5677,"url":"https:\/\/www.hornamicina.eu\/web\/pozvanka-na-zasadnutie-oz-v-hornej-micinej-10-3-2026\/","url_meta":{"origin":4265,"position":5},"title":"Pozv\u00e1nka na zasadnutie OZ v Hornej Mi\u010dinej &#8211; 10.3.2026","author":"admin","date":"6. marca 2026","format":false,"excerpt":"POZV\u00c1NKA Pod\u013ea \u00a7 13 ods.4 p\u00edsm.a) z\u00e1kona \u010d.369\/1990 o obecnom zriaden\u00ed v znen\u00ed neskor\u0161\u00edch predpisov zvol\u00e1vam zasadnutie obecn\u00e9ho zastupite\u013estva v Hornej Mi\u010dinej, ktor\u00e9 sa uskuto\u010dn\u00ed d\u0148a 10.3.2026 o 17:00 hod. v budove obecn\u00e9ho \u00faradu. PROGRAM: Otvorenie OZ Vo\u013eba n\u00e1vrhovej komisie, overovate\u013ea z\u00e1pisnice a zapisovate\u013ea Program obecn\u00e9ho zastupite\u013estva Spr\u00e1va HK obce\u2026","rel":"","context":"V &quot;Oznamy&quot;","block_context":{"text":"Oznamy","link":"https:\/\/www.hornamicina.eu\/web\/category\/oznamy\/"},"img":{"alt_text":"","src":"https:\/\/i0.wp.com\/www.hornamicina.eu\/web\/wp-content\/uploads\/2017\/07\/zastupitelstvo.jpg?fit=530%2C375&ssl=1&resize=350%2C200","width":350,"height":200,"srcset":"https:\/\/i0.wp.com\/www.hornamicina.eu\/web\/wp-content\/uploads\/2017\/07\/zastupitelstvo.jpg?fit=530%2C375&ssl=1&resize=350%2C200 1x, https:\/\/i0.wp.com\/www.hornamicina.eu\/web\/wp-content\/uploads\/2017\/07\/zastupitelstvo.jpg?fit=530%2C375&ssl=1&resize=525%2C300 1.5x"},"classes":[]}],"jetpack_likes_enabled":true,"_links":{"self":[{"href":"https:\/\/www.hornamicina.eu\/web\/wp-json\/wp\/v2\/posts\/4265","targetHints":{"allow":["GET"]}}],"collection":[{"href":"https:\/\/www.hornamicina.eu\/web\/wp-json\/wp\/v2\/posts"}],"about":[{"href":"https:\/\/www.hornamicina.eu\/web\/wp-json\/wp\/v2\/types\/post"}],"author":[{"embeddable":true,"href":"https:\/\/www.hornamicina.eu\/web\/wp-json\/wp\/v2\/users\/1"}],"replies":[{"embeddable":true,"href":"https:\/\/www.hornamicina.eu\/web\/wp-json\/wp\/v2\/comments?post=4265"}],"version-history":[{"count":0,"href":"https:\/\/www.hornamicina.eu\/web\/wp-json\/wp\/v2\/posts\/4265\/revisions"}],"wp:featuredmedia":[{"embeddable":true,"href":"https:\/\/www.hornamicina.eu\/web\/wp-json\/wp\/v2\/media\/3704"}],"wp:attachment":[{"href":"https:\/\/www.hornamicina.eu\/web\/wp-json\/wp\/v2\/media?parent=4265"}],"wp:term":[{"taxonomy":"category","embeddable":true,"href":"https:\/\/www.hornamicina.eu\/web\/wp-json\/wp\/v2\/categories?post=4265"},{"taxonomy":"post_tag","embeddable":true,"href":"https:\/\/www.hornamicina.eu\/web\/wp-json\/wp\/v2\/tags?post=4265"}],"curies":[{"name":"wp","href":"https:\/\/api.w.org\/{rel}","templated":true}]}}