{"id":4246,"date":"2024-05-16T18:52:11","date_gmt":"2024-05-16T16:52:11","guid":{"rendered":"https:\/\/www.hornamicina.eu\/web\/?p=4246"},"modified":"2024-05-16T18:52:54","modified_gmt":"2024-05-16T16:52:54","slug":"mdd-na-hornej-micinej-1-6-2024","status":"publish","type":"post","link":"https:\/\/www.hornamicina.eu\/web\/mdd-na-hornej-micinej-1-6-2024\/","title":{"rendered":"MDD na Hornej Mi\u010dinej &#8211; 1.6.2024"},"content":{"rendered":"<p style=\"text-align: center;\"><strong>Obec Horn\u00e1 Mi\u010din\u00e1 poz\u00fdva v\u0161etky deti a rodi\u010dov na de\u0148 det\u00ed na Mi\u010dinej.<\/strong><\/p>\n<p>Horn\u00e1 Mi\u010din\u00e1 poz\u00fdva v\u0161etky deti a rodi\u010dov na de\u0148 det\u00ed na Mi\u010dinej.<\/p>\n<blockquote>\n<h2><strong>1.6.2024 od 15:00 hod<\/strong><\/h2>\n<h2><strong>\u0160portov\u00e9 ihrisko pri Obecnom \u00farade<\/strong><\/h2>\n<\/blockquote>\n<p>Program:<\/p>\n<ul>\n<li>Program:<\/li>\n<li>sk\u00e1kacie hrady \u2013 Lev\u00ed kr\u00e1\u013e a Dr\u00e1\u010dik<\/li>\n<li>Divadeln\u00e9 predstavenie o sedlia\u010dke dareb\u00e1\u010dke \/ Divadlo Zelienka<\/li>\n<li>Interakt\u00edvna \u0161portov\u00e9 hry s odmenou<\/li>\n<li>Detsk\u00e1 disco p\u00e1rty<\/li>\n<\/ul>\n<p>\u010cak\u00e1 na V\u00e1s aj ma\u013eovanie na tv\u00e1r, stre\u013eba na ter\u010d, franc\u00fazske palacinky, penov\u00e1 show\u2026<\/p>\n<p>Vstup vo\u013en\u00fd.<\/p>\n<p>&nbsp;<\/p>\n<p><a href=\"https:\/\/i0.wp.com\/www.hornamicina.eu\/web\/wp-content\/uploads\/2024\/05\/IMG_3777.jpeg?ssl=1\"><img data-recalc-dims=\"1\" loading=\"lazy\" decoding=\"async\" data-attachment-id=\"4248\" data-permalink=\"https:\/\/www.hornamicina.eu\/web\/mdd-na-hornej-micinej-1-6-2024\/img_3777\/\" data-orig-file=\"https:\/\/i0.wp.com\/www.hornamicina.eu\/web\/wp-content\/uploads\/2024\/05\/IMG_3777.jpeg?fit=750%2C1000&amp;ssl=1\" data-orig-size=\"750,1000\" data-comments-opened=\"0\" data-image-meta=\"{&quot;aperture&quot;:&quot;0&quot;,&quot;credit&quot;:&quot;&quot;,&quot;camera&quot;:&quot;&quot;,&quot;caption&quot;:&quot;&quot;,&quot;created_timestamp&quot;:&quot;0&quot;,&quot;copyright&quot;:&quot;&quot;,&quot;focal_length&quot;:&quot;0&quot;,&quot;iso&quot;:&quot;0&quot;,&quot;shutter_speed&quot;:&quot;0&quot;,&quot;title&quot;:&quot;&quot;,&quot;orientation&quot;:&quot;0&quot;}\" data-image-title=\"IMG_3777\" data-image-description=\"\" data-image-caption=\"\" data-large-file=\"https:\/\/i0.wp.com\/www.hornamicina.eu\/web\/wp-content\/uploads\/2024\/05\/IMG_3777.jpeg?fit=750%2C1000&amp;ssl=1\" class=\"alignnone size-full wp-image-4248\" src=\"https:\/\/i0.wp.com\/www.hornamicina.eu\/web\/wp-content\/uploads\/2024\/05\/IMG_3777.jpeg?resize=750%2C1000&#038;ssl=1\" alt=\"\" width=\"750\" height=\"1000\" srcset=\"https:\/\/i0.wp.com\/www.hornamicina.eu\/web\/wp-content\/uploads\/2024\/05\/IMG_3777.jpeg?w=750&amp;ssl=1 750w, https:\/\/i0.wp.com\/www.hornamicina.eu\/web\/wp-content\/uploads\/2024\/05\/IMG_3777.jpeg?resize=225%2C300&amp;ssl=1 225w, https:\/\/i0.wp.com\/www.hornamicina.eu\/web\/wp-content\/uploads\/2024\/05\/IMG_3777.jpeg?resize=300%2C400&amp;ssl=1 300w, https:\/\/i0.wp.com\/www.hornamicina.eu\/web\/wp-content\/uploads\/2024\/05\/IMG_3777.jpeg?resize=720%2C960&amp;ssl=1 720w\" sizes=\"auto, (max-width: 750px) 100vw, 750px\" \/><\/a><\/p>\n","protected":false},"excerpt":{"rendered":"Obec Horn\u00e1 Mi\u010din\u00e1 poz\u00fdva v\u0161etky deti a rodi\u010dov na de\u0148 det\u00ed na Mi\u010dinej. [&hellip;]","protected":false},"author":1,"featured_media":4247,"comment_status":"closed","ping_status":"open","sticky":false,"template":"","format":"standard","meta":{"advanced_seo_description":"","jetpack_seo_html_title":"","jetpack_seo_noindex":false,"_jetpack_memberships_contains_paid_content":false,"footnotes":""},"categories":[5],"tags":[],"class_list":["post-4246","post","type-post","status-publish","format-standard","has-post-thumbnail","hentry","category-dolezite"],"jetpack_featured_media_url":"https:\/\/i0.wp.com\/www.hornamicina.eu\/web\/wp-content\/uploads\/2024\/05\/IMG_3778.jpeg?fit=1284%2C596&ssl=1","jetpack_sharing_enabled":true,"jetpack_shortlink":"https:\/\/wp.me\/p8RsFw-16u","jetpack-related-posts":[{"id":5246,"url":"https:\/\/www.hornamicina.eu\/web\/den-deti-na-hornej-micinej-31-maj-2025\/","url_meta":{"origin":4246,"position":0},"title":"De\u0148 det\u00ed na Hornej Mi\u010dinej \u2013 31. m\u00e1j 2025","author":"admin","date":"26. m\u00e1ja 2025","format":false,"excerpt":"Obec Horn\u00e1 Mi\u010din\u00e1 srde\u010dne poz\u00fdva v\u0161etky deti a ich rodi\u010dov na z\u00e1bavn\u00e9 popoludnie pri pr\u00edle\u017eitosti Medzin\u00e1rodn\u00e9ho d\u0148a det\u00ed. Podujatie sa uskuto\u010dn\u00ed v sobotu 31. m\u00e1ja 2025 od 14:00 hod. na ihrisku pri Obecnom \u00farade. Vstup je vo\u013en\u00fd a pripraven\u00fd je pestr\u00fd program pln\u00fd z\u00e1bavy, hier a dobr\u00f4t pre mal\u00fdch aj\u2026","rel":"","context":"V &quot;D\u00f4le\u017eit\u00e9&quot;","block_context":{"text":"D\u00f4le\u017eit\u00e9","link":"https:\/\/www.hornamicina.eu\/web\/category\/dolezite\/"},"img":{"alt_text":"MDD 2025","src":"https:\/\/i0.wp.com\/www.hornamicina.eu\/web\/wp-content\/uploads\/2025\/05\/MDD-titl.jpg?fit=1200%2C758&ssl=1&resize=350%2C200","width":350,"height":200,"srcset":"https:\/\/i0.wp.com\/www.hornamicina.eu\/web\/wp-content\/uploads\/2025\/05\/MDD-titl.jpg?fit=1200%2C758&ssl=1&resize=350%2C200 1x, https:\/\/i0.wp.com\/www.hornamicina.eu\/web\/wp-content\/uploads\/2025\/05\/MDD-titl.jpg?fit=1200%2C758&ssl=1&resize=525%2C300 1.5x, https:\/\/i0.wp.com\/www.hornamicina.eu\/web\/wp-content\/uploads\/2025\/05\/MDD-titl.jpg?fit=1200%2C758&ssl=1&resize=700%2C400 2x, https:\/\/i0.wp.com\/www.hornamicina.eu\/web\/wp-content\/uploads\/2025\/05\/MDD-titl.jpg?fit=1200%2C758&ssl=1&resize=1050%2C600 3x"},"classes":[]},{"id":1426,"url":"https:\/\/www.hornamicina.eu\/web\/mdd-v-hornej-micinej-2-6-2019\/","url_meta":{"origin":4246,"position":1},"title":"MDD v Hornej Mi\u010dinej &#8211; 2.6.2019","author":"admin","date":"23. m\u00e1ja 2019","format":false,"excerpt":"Obecn\u00fd \u00farad Horn\u00e1 Mi\u010din\u00e1 poz\u00fdva v\u0161etky deti obce na oslavu MDD v Hornej Mi\u010dinej Kedy: 2. j\u00fana 2019 (nede\u013ea) Kde: 14:00 na novom futbalovom ihrisku Program: s\u00fa\u0165a\u017ee pre deti sk\u00e1kanie na trampol\u00edne nafukovac\u00ed hrad penov\u00e1 \u0161ou Sladk\u00e1 odmena pre deti Te\u0161\u00edme sa na Va\u0161u \u00fa\u010das\u0165.","rel":"","context":"V &quot;D\u00f4le\u017eit\u00e9&quot;","block_context":{"text":"D\u00f4le\u017eit\u00e9","link":"https:\/\/www.hornamicina.eu\/web\/category\/dolezite\/"},"img":{"alt_text":"","src":"https:\/\/i0.wp.com\/www.hornamicina.eu\/web\/wp-content\/uploads\/2019\/05\/mdd19rec.jpg?fit=1200%2C1200&ssl=1&resize=350%2C200","width":350,"height":200,"srcset":"https:\/\/i0.wp.com\/www.hornamicina.eu\/web\/wp-content\/uploads\/2019\/05\/mdd19rec.jpg?fit=1200%2C1200&ssl=1&resize=350%2C200 1x, https:\/\/i0.wp.com\/www.hornamicina.eu\/web\/wp-content\/uploads\/2019\/05\/mdd19rec.jpg?fit=1200%2C1200&ssl=1&resize=525%2C300 1.5x, https:\/\/i0.wp.com\/www.hornamicina.eu\/web\/wp-content\/uploads\/2019\/05\/mdd19rec.jpg?fit=1200%2C1200&ssl=1&resize=700%2C400 2x, https:\/\/i0.wp.com\/www.hornamicina.eu\/web\/wp-content\/uploads\/2019\/05\/mdd19rec.jpg?fit=1200%2C1200&ssl=1&resize=1050%2C600 3x"},"classes":[]},{"id":4979,"url":"https:\/\/www.hornamicina.eu\/web\/popoludnie-s-mikulasom-a-kuzelnikom\/","url_meta":{"origin":4246,"position":2},"title":"Popoludnie s Mikul\u00e1\u0161om a k\u00fazeln\u00edkom","author":"admin","date":"28. novembra 2024","format":false,"excerpt":"Obec Horn\u00e1 Mi\u010din\u00e1 poz\u00fdva v\u0161etky deti a rodi\u010dov 7.12.2024 \/ sobota \/ od 16:00 na Popoludnie s Mikul\u00e1\u0161om a k\u00fazeln\u00edkom stretnutie o 16:00 hod v parku pri rozsvieten\u00ed viano\u010dn\u00e9ho strom\u010deka \u010ealej V\u00e1s \u010dak\u00e1: vesel\u00e1 k\u00fazeln\u00edcka show s K\u00fazeln\u00edkom Michalom pr\u00edde aj \u010dert a anjel sladk\u00e9 odmeny pre v\u0161etky dobr\u00e9 deti\u2026","rel":"","context":"V &quot;Kult\u00fara&quot;","block_context":{"text":"Kult\u00fara","link":"https:\/\/www.hornamicina.eu\/web\/category\/kultura\/"},"img":{"alt_text":"","src":"https:\/\/i0.wp.com\/www.hornamicina.eu\/web\/wp-content\/uploads\/2024\/11\/Mikulas2024.png?fit=1200%2C509&ssl=1&resize=350%2C200","width":350,"height":200,"srcset":"https:\/\/i0.wp.com\/www.hornamicina.eu\/web\/wp-content\/uploads\/2024\/11\/Mikulas2024.png?fit=1200%2C509&ssl=1&resize=350%2C200 1x, https:\/\/i0.wp.com\/www.hornamicina.eu\/web\/wp-content\/uploads\/2024\/11\/Mikulas2024.png?fit=1200%2C509&ssl=1&resize=525%2C300 1.5x, https:\/\/i0.wp.com\/www.hornamicina.eu\/web\/wp-content\/uploads\/2024\/11\/Mikulas2024.png?fit=1200%2C509&ssl=1&resize=700%2C400 2x, https:\/\/i0.wp.com\/www.hornamicina.eu\/web\/wp-content\/uploads\/2024\/11\/Mikulas2024.png?fit=1200%2C509&ssl=1&resize=1050%2C600 3x"},"classes":[]},{"id":3691,"url":"https:\/\/www.hornamicina.eu\/web\/den-deti-na-micinej-27-5-2023-od-1230\/","url_meta":{"origin":4246,"position":3},"title":"De\u0148 det\u00ed na Mi\u010dinej  &#8211; 27.5.2023 od 12:30","author":"admin","date":"10. m\u00e1ja 2023","format":false,"excerpt":"Nalodenie bude o 13:00 na ihrisku pri Obecnom \u00farade Horn\u00e1 Mi\u010din\u00e1, vylodenie je napl\u00e1novan\u00e9 o 16:00. V\u0161etky pr\u00fa\u017ekovan\u00e9 tri\u010dk\u00e1 s\u00fa v\u00edtan\u00e9! 27.5.2023 od 12:30 \u010cak\u00e1 na V\u00e1s: Ve\u013ek\u00e9 bublinkov\u00e9 prekvapenie Divadlo pod balk\u00f3nom Pir\u00e1tska show H\u013eadanie pokladu Interakt\u00edvne hry a s\u00fa\u0165a\u017ee K\u00fatik pre najmen\u0161\u00edch Sk\u00e1kac\u00ed hrad \u00a017:00 - DISCO DJ\u2026","rel":"","context":"V &quot;D\u00f4le\u017eit\u00e9&quot;","block_context":{"text":"D\u00f4le\u017eit\u00e9","link":"https:\/\/www.hornamicina.eu\/web\/category\/dolezite\/"},"img":{"alt_text":"","src":"https:\/\/i0.wp.com\/www.hornamicina.eu\/web\/wp-content\/uploads\/2023\/05\/Den-deti-2023-baner.png?fit=1194%2C578&ssl=1&resize=350%2C200","width":350,"height":200,"srcset":"https:\/\/i0.wp.com\/www.hornamicina.eu\/web\/wp-content\/uploads\/2023\/05\/Den-deti-2023-baner.png?fit=1194%2C578&ssl=1&resize=350%2C200 1x, https:\/\/i0.wp.com\/www.hornamicina.eu\/web\/wp-content\/uploads\/2023\/05\/Den-deti-2023-baner.png?fit=1194%2C578&ssl=1&resize=525%2C300 1.5x, https:\/\/i0.wp.com\/www.hornamicina.eu\/web\/wp-content\/uploads\/2023\/05\/Den-deti-2023-baner.png?fit=1194%2C578&ssl=1&resize=700%2C400 2x, https:\/\/i0.wp.com\/www.hornamicina.eu\/web\/wp-content\/uploads\/2023\/05\/Den-deti-2023-baner.png?fit=1194%2C578&ssl=1&resize=1050%2C600 3x"},"classes":[]},{"id":1100,"url":"https:\/\/www.hornamicina.eu\/web\/mikulas-2018\/","url_meta":{"origin":4246,"position":4},"title":"Mikul\u00e1\u0161 2018","author":"admin","date":"29. novembra 2018","format":false,"excerpt":"Obec Horn\u00e1 Mi\u010din\u00e1 poz\u00fdva mal\u00fdch aj ve\u013ek\u00fdch d\u0148a 8.12.2018 (sobota) na stretnutie s Mikul\u00e1\u0161om, rozsvietenie viano\u010dn\u00e9ho strom\u010deka a sladk\u00fa odmenu pre deti. Pozv\u00e1nka na stretnutie s Mikul\u00e1\u0161om - 2018 \u00a0 PROGRAM: 14:30 hod. \u00a0 \u00a0- divadeln\u00e9 predstavenie hercov z Divadla pod balk\u00f3nom v s\u00e1le obecn\u00e9ho \u00faradu a rozd\u00e1vanie mikul\u00e1\u0161skych bal\u00edkov\u2026","rel":"","context":"V &quot;Kult\u00fara&quot;","block_context":{"text":"Kult\u00fara","link":"https:\/\/www.hornamicina.eu\/web\/category\/kultura\/"},"img":{"alt_text":"","src":"https:\/\/i0.wp.com\/www.hornamicina.eu\/web\/wp-content\/uploads\/2017\/12\/stromcek1.png?fit=530%2C530&ssl=1&resize=350%2C200","width":350,"height":200,"srcset":"https:\/\/i0.wp.com\/www.hornamicina.eu\/web\/wp-content\/uploads\/2017\/12\/stromcek1.png?fit=530%2C530&ssl=1&resize=350%2C200 1x, https:\/\/i0.wp.com\/www.hornamicina.eu\/web\/wp-content\/uploads\/2017\/12\/stromcek1.png?fit=530%2C530&ssl=1&resize=525%2C300 1.5x"},"classes":[]},{"id":5647,"url":"https:\/\/www.hornamicina.eu\/web\/fasiangovy-karneval-v-hornej-micinej\/","url_meta":{"origin":4246,"position":5},"title":"Fa\u0161iangov\u00fd karneval v Hornej Mi\u010dinej","author":"admin","date":"2. febru\u00e1ra 2026","format":false,"excerpt":"Obecn\u00fd \u00farad Horn\u00e1 Mi\u010din\u00e1 poz\u00fdva v\u0161etk\u00fdch mal\u00fdch aj ve\u013ek\u00fdch tane\u010dn\u00edkov na Fa\u0161iangov\u00fd karneval, ktor\u00fd sa uskuto\u010dn\u00ed 7. febru\u00e1ra 2026 o 16:00 hod. Podujatie pre deti a aj pre dospel\u00fdch bude prebieha\u0165 v duchu fa\u0161iangovej z\u00e1bavy a tanca v mask\u00e1ch. Program: disco show v mask\u00e1ch anim\u00e1torka Elsa tanec pre v\u0161etky vesel\u00e9\u2026","rel":"","context":"V &quot;Kult\u00fara&quot;","block_context":{"text":"Kult\u00fara","link":"https:\/\/www.hornamicina.eu\/web\/category\/kultura\/"},"img":{"alt_text":"","src":"https:\/\/i0.wp.com\/www.hornamicina.eu\/web\/wp-content\/uploads\/2026\/02\/fasiangytitl2026.webp?fit=1200%2C471&ssl=1&resize=350%2C200","width":350,"height":200,"srcset":"https:\/\/i0.wp.com\/www.hornamicina.eu\/web\/wp-content\/uploads\/2026\/02\/fasiangytitl2026.webp?fit=1200%2C471&ssl=1&resize=350%2C200 1x, https:\/\/i0.wp.com\/www.hornamicina.eu\/web\/wp-content\/uploads\/2026\/02\/fasiangytitl2026.webp?fit=1200%2C471&ssl=1&resize=525%2C300 1.5x, https:\/\/i0.wp.com\/www.hornamicina.eu\/web\/wp-content\/uploads\/2026\/02\/fasiangytitl2026.webp?fit=1200%2C471&ssl=1&resize=700%2C400 2x, https:\/\/i0.wp.com\/www.hornamicina.eu\/web\/wp-content\/uploads\/2026\/02\/fasiangytitl2026.webp?fit=1200%2C471&ssl=1&resize=1050%2C600 3x"},"classes":[]}],"jetpack_likes_enabled":true,"_links":{"self":[{"href":"https:\/\/www.hornamicina.eu\/web\/wp-json\/wp\/v2\/posts\/4246","targetHints":{"allow":["GET"]}}],"collection":[{"href":"https:\/\/www.hornamicina.eu\/web\/wp-json\/wp\/v2\/posts"}],"about":[{"href":"https:\/\/www.hornamicina.eu\/web\/wp-json\/wp\/v2\/types\/post"}],"author":[{"embeddable":true,"href":"https:\/\/www.hornamicina.eu\/web\/wp-json\/wp\/v2\/users\/1"}],"replies":[{"embeddable":true,"href":"https:\/\/www.hornamicina.eu\/web\/wp-json\/wp\/v2\/comments?post=4246"}],"version-history":[{"count":0,"href":"https:\/\/www.hornamicina.eu\/web\/wp-json\/wp\/v2\/posts\/4246\/revisions"}],"wp:featuredmedia":[{"embeddable":true,"href":"https:\/\/www.hornamicina.eu\/web\/wp-json\/wp\/v2\/media\/4247"}],"wp:attachment":[{"href":"https:\/\/www.hornamicina.eu\/web\/wp-json\/wp\/v2\/media?parent=4246"}],"wp:term":[{"taxonomy":"category","embeddable":true,"href":"https:\/\/www.hornamicina.eu\/web\/wp-json\/wp\/v2\/categories?post=4246"},{"taxonomy":"post_tag","embeddable":true,"href":"https:\/\/www.hornamicina.eu\/web\/wp-json\/wp\/v2\/tags?post=4246"}],"curies":[{"name":"wp","href":"https:\/\/api.w.org\/{rel}","templated":true}]}}