{"id":418,"date":"2017-07-10T13:48:21","date_gmt":"2017-07-10T11:48:21","guid":{"rendered":"http:\/\/www.hornamicina.eu\/web\/?p=418"},"modified":"2017-07-12T11:36:40","modified_gmt":"2017-07-12T09:36:40","slug":"lenka-milradova-novostavba-rodinneho-domu-verejna-vyhlaska","status":"publish","type":"post","link":"https:\/\/www.hornamicina.eu\/web\/lenka-milradova-novostavba-rodinneho-domu-verejna-vyhlaska\/","title":{"rendered":"Lenka Milr\u00e1dov\u00e1 &#8211; Novostavba rodinn\u00e9ho domu &#8211; verejn\u00e1 vyhl\u00e1\u0161ka"},"content":{"rendered":"<p><strong>Stavebn\u00edk:\u00a0<\/strong>Lenka Milr\u00e1dov\u00e1, Karpatsk\u00e1 4, Bansk\u00e1 Bystrica,<\/p>\n<p>v konan\u00ed zast\u00fapen\u00fd Ing. Igorom Fillom, Jazm\u00ednov\u00e1 7, Bansk\u00e1 Bystrica na z\u00e1klade plnej moci, d\u0148a 6.3.2017 podal na Obecn\u00fd \u00farad Horn\u00e1 Mi\u010din\u00e1 \u2013 stavebn\u00fd \u00farad \u017eiados\u0165 o vydanie stavebn\u00e9ho povolenia na stavbu \u201eNovostavba rodinn\u00e9ho domu\u201c, navrhnut\u00fa v Hornej Mi\u010dinej, pozemok parc.\u010d.: KN-C 71, KN-C 72 v k.\u00fa. Horn\u00e1 Mi\u010din\u00e1.<\/p>\n<p><strong>Umiestnenie a uskuto\u010dnenie stavby: \u201eNovostavba rodinn\u00e9ho domu\u201c<\/strong><br \/>\nnavrhnutej v Hornej Mi\u010dinej,<br \/>\npozemok parc.\u010d.: KN-C 71, KN-C 72 v k.\u00fa. Horn\u00e1 Mi\u010din\u00e1<br \/>\npre stavebn\u00edka: Lenka Milr\u00e1dov\u00e1, Karpatsk\u00e1 4, 974 11 Bansk\u00e1 Bystrica<\/p>\n<p><strong>viac v pr\u00edlohe &#8230;<\/strong><\/p>\n<p><a href=\"http:\/\/www.hornamicina.eu\/web\/wp-content\/uploads\/2017\/07\/Lenka-Milr\u00e1dov\u00e1-Novostavba-rodinn\u00e9ho-domu-verejn\u00e1-vyhl\u00e1\u0161ka.pdf\" class=\"mtli_attachment mtli_pdf\">Lenka Milr\u00e1dov\u00e1 &#8211; Novostavba rodinn\u00e9ho domu &#8211; verejn\u00e1 vyhl\u00e1\u0161ka<\/a><\/p>\n","protected":false},"excerpt":{"rendered":"Stavebn\u00edk:\u00a0Lenka Milr\u00e1dov\u00e1, Karpatsk\u00e1 4, Bansk\u00e1 Bystrica, v konan\u00ed zast\u00fapen\u00fd Ing. Igorom Fillom, Jazm\u00ednov\u00e1 [&hellip;]","protected":false},"author":1,"featured_media":390,"comment_status":"closed","ping_status":"open","sticky":false,"template":"","format":"standard","meta":{"advanced_seo_description":"","jetpack_seo_html_title":"","jetpack_seo_noindex":false,"_jetpack_memberships_contains_paid_content":false,"footnotes":""},"categories":[32],"tags":[],"class_list":["post-418","post","type-post","status-publish","format-standard","has-post-thumbnail","hentry","category-uradna-tabula"],"jetpack_featured_media_url":"https:\/\/i0.wp.com\/www.hornamicina.eu\/web\/wp-content\/uploads\/2017\/07\/uznesenia.jpg?fit=530%2C530&ssl=1","jetpack_sharing_enabled":true,"jetpack_shortlink":"https:\/\/wp.me\/p8RsFw-6K","jetpack-related-posts":[{"id":3136,"url":"https:\/\/www.hornamicina.eu\/web\/milradova-verejna-vyhlaska-zmena-lehoty-na-dokoncenie-stavby\/","url_meta":{"origin":418,"position":0},"title":"Verejn\u00e1 vyhl\u00e1\u0161ka &#8211; zmena lehoty na dokon\u010denie stavby","author":"admin","date":"22. j\u00fana 2022","format":false,"excerpt":"Stavebn\u00ed\u010dka,\u00a0Lenka Milr\u00e1dov\u00e1, bytom 974 OJ Horn\u00e1 Mi\u010din\u00e1 26, podala d\u0148a 16.06.2022 na Obecnom \u00farade Horn\u00e1 Mi\u010din\u00e1, \u017eiados\u0165 o pred\u013a\u017eenie lehoty na dokon\u010denie stavby: \u201eNovostavba rodinn\u00e9ho domu\"\u00a0na pozemkoch pare. \u010d. KN-C 71 a 72\/2, v k. \u00fa. Horn\u00e1 Mi\u010din\u00e1, ku ktor\u00fdm m\u00e1 stavebn\u00ed\u010dka vlastn\u00edcke pr\u00e1vo, zap\u00edsan\u00e9 na LV \u010d. 899. Stavba\u2026","rel":"","context":"V &quot;D\u00f4le\u017eit\u00e9&quot;","block_context":{"text":"D\u00f4le\u017eit\u00e9","link":"https:\/\/www.hornamicina.eu\/web\/category\/dolezite\/"},"img":{"alt_text":"Logo obce a dokumenty","src":"https:\/\/i0.wp.com\/www.hornamicina.eu\/web\/wp-content\/uploads\/2017\/07\/uznesenia.jpg?fit=530%2C530&ssl=1&resize=350%2C200","width":350,"height":200,"srcset":"https:\/\/i0.wp.com\/www.hornamicina.eu\/web\/wp-content\/uploads\/2017\/07\/uznesenia.jpg?fit=530%2C530&ssl=1&resize=350%2C200 1x, https:\/\/i0.wp.com\/www.hornamicina.eu\/web\/wp-content\/uploads\/2017\/07\/uznesenia.jpg?fit=530%2C530&ssl=1&resize=525%2C300 1.5x"},"classes":[]},{"id":2637,"url":"https:\/\/www.hornamicina.eu\/web\/povolenie-stavby-rdhm-lukac\/","url_meta":{"origin":418,"position":1},"title":"Rozhodnutie o povolen\u00ed stavby &#8211; RD Horn\u00e1 Mi\u010din\u00e1 KN-C \u010d. 571\/60","author":"admin","date":"31. augusta 2021","format":false,"excerpt":"Obec Horn\u00e1 Mi\u010din\u00e1, zast\u00fapen\u00e1 pod\u013ea ust. \u00a7 13 ods. 4 p\u00edsm. c) z\u00e1kona \u010d. 369\/1990 Zb. o obecnom zriaden\u00ed v platnom znen\u00ed, starostom Ivanom Len\u00e1rom, ako vecne a miestne pr\u00edslu\u0161n\u00fd stavebn\u00fd \u00farad pod\u013ea \u00a7117 z\u00e1k. \u010d. 50\/1976 Zb. o \u00fazemnom pl\u00e1novan\u00ed a stavebnom poriadku (stavebn\u00fd z\u00e1kona) v znen\u00ed neskor\u0161\u00edch predpisov\u2026","rel":"","context":"V &quot;D\u00f4le\u017eit\u00e9&quot;","block_context":{"text":"D\u00f4le\u017eit\u00e9","link":"https:\/\/www.hornamicina.eu\/web\/category\/dolezite\/"},"img":{"alt_text":"Logo obce a dokumenty","src":"https:\/\/i0.wp.com\/www.hornamicina.eu\/web\/wp-content\/uploads\/2017\/07\/uznesenia.jpg?fit=530%2C530&ssl=1&resize=350%2C200","width":350,"height":200,"srcset":"https:\/\/i0.wp.com\/www.hornamicina.eu\/web\/wp-content\/uploads\/2017\/07\/uznesenia.jpg?fit=530%2C530&ssl=1&resize=350%2C200 1x, https:\/\/i0.wp.com\/www.hornamicina.eu\/web\/wp-content\/uploads\/2017\/07\/uznesenia.jpg?fit=530%2C530&ssl=1&resize=525%2C300 1.5x"},"classes":[]},{"id":3499,"url":"https:\/\/www.hornamicina.eu\/web\/verejna-vyhlaska-oznamenie-o-zacati-konania-p-filip-misurec\/","url_meta":{"origin":418,"position":2},"title":"Verejn\u00e1 vyhl\u00e1\u0161ka &#8211; ozn\u00e1menie o za\u010dat\u00ed konania &#8211; p. Filip Mi\u0161urec","author":"admin","date":"24. janu\u00e1ra 2023","format":false,"excerpt":"OZN\u00c1MENIE o za\u010dat\u00ed konania o dodato\u010dnom povolen\u00ed stavby a kolauda\u010dnom konan\u00ed a o nariaden\u00ed \u00fastneho pojedn\u00e1vania a miestneho zis\u0165ovania Stavebn\u00edk, Filip Mi\u0161urec, bytom 974 01 Horn\u00e1 Mi\u010din\u00e1 250, v zast\u00fapen\u00ed Mgr. Petrom Skva\u0161ikom, bytom Bagarova 5, 974 04 Bansk\u00e1 Bystrica podal d\u0148a 07.12.2022 na Obec Horn\u00e1 Mi\u010din\u00e1 - stavebn\u00fd \u00farad\u2026","rel":"","context":"V &quot;D\u00f4le\u017eit\u00e9&quot;","block_context":{"text":"D\u00f4le\u017eit\u00e9","link":"https:\/\/www.hornamicina.eu\/web\/category\/dolezite\/"},"img":{"alt_text":"Logo obce a dokumenty","src":"https:\/\/i0.wp.com\/www.hornamicina.eu\/web\/wp-content\/uploads\/2017\/07\/uznesenia.jpg?fit=530%2C530&ssl=1&resize=350%2C200","width":350,"height":200,"srcset":"https:\/\/i0.wp.com\/www.hornamicina.eu\/web\/wp-content\/uploads\/2017\/07\/uznesenia.jpg?fit=530%2C530&ssl=1&resize=350%2C200 1x, https:\/\/i0.wp.com\/www.hornamicina.eu\/web\/wp-content\/uploads\/2017\/07\/uznesenia.jpg?fit=530%2C530&ssl=1&resize=525%2C300 1.5x"},"classes":[]},{"id":3582,"url":"https:\/\/www.hornamicina.eu\/web\/verejna-vyhlaska-rozhodnutie-p-misurec\/","url_meta":{"origin":418,"position":3},"title":"Verejn\u00e1 vyhl\u00e1\u0161ka &#8211; Rozhodnutie &#8211; p. Mi\u0161urec","author":"admin","date":"24. febru\u00e1ra 2023","format":false,"excerpt":"Stavebn\u00edk Filip Mi\u0161urec, bytom 974 O I Horn\u00e1 Mi\u010din\u00e1 250, v zast\u00fapen\u00ed Mgr. Petrom Skva\u0161ikom, bytom Bagarova 5, 974 04 Bansk\u00e1 Bystrica podal d\u0148a 07.12.2022 na Obec Horn\u00e1 Mi\u010din\u00e1 - stavebn\u00fd \u00farad \u017eiados\u0165 o dodato\u010dn\u00e9 stavebn\u00e9 povolenie a o kolauda\u010dn\u00e9 rozhodnutie stavby \u201eDostavba oporn\u00e9ho m\u00faru a oplotenia k rodinn\u00e9mu domu\u2026","rel":"","context":"V &quot;D\u00f4le\u017eit\u00e9&quot;","block_context":{"text":"D\u00f4le\u017eit\u00e9","link":"https:\/\/www.hornamicina.eu\/web\/category\/dolezite\/"},"img":{"alt_text":"Logo obce a dokumenty","src":"https:\/\/i0.wp.com\/www.hornamicina.eu\/web\/wp-content\/uploads\/2017\/07\/uznesenia.jpg?fit=530%2C530&ssl=1&resize=350%2C200","width":350,"height":200,"srcset":"https:\/\/i0.wp.com\/www.hornamicina.eu\/web\/wp-content\/uploads\/2017\/07\/uznesenia.jpg?fit=530%2C530&ssl=1&resize=350%2C200 1x, https:\/\/i0.wp.com\/www.hornamicina.eu\/web\/wp-content\/uploads\/2017\/07\/uznesenia.jpg?fit=530%2C530&ssl=1&resize=525%2C300 1.5x"},"classes":[]},{"id":2700,"url":"https:\/\/www.hornamicina.eu\/web\/osob-zretel-holikova\/","url_meta":{"origin":418,"position":4},"title":"Predaj majetku z d\u00f4vodu osobitn\u00e9ho zrete\u013ea &#8211; p. Hol\u00edkov\u00e1","author":"admin","date":"27. okt\u00f3bra 2021","format":false,"excerpt":"ZVEREJNENIE Z\u00c1MERU preda\u0165 ni\u017e\u0161ie identifikovan\u00fd majetok Obce Horn\u00e1 Mi\u010din\u00e1 z d\u00f4vodu hodn\u00e9ho osobitn\u00e9ho zrete\u013ea Obec Horn\u00e1 Mi\u010din\u00e1 v s\u00falade s ustanoveniami \u00a79 ods. 2 p\u00edsm. a) a \u00a7 9a ods. 8 p\u00edsm. e) z\u00e1kona \u010d. 138\/1991 Zb. o majetku obc\u00ed v znen\u00ed neskor\u0161\u00edch predpisov, t\u00fdmto zverej\u0148uje z\u00e1mer preda\u0165 predmetn\u00e9 nehnute\u013enosti\u2026","rel":"","context":"V &quot;D\u00f4le\u017eit\u00e9&quot;","block_context":{"text":"D\u00f4le\u017eit\u00e9","link":"https:\/\/www.hornamicina.eu\/web\/category\/dolezite\/"},"img":{"alt_text":"Logo obce a dokumenty","src":"https:\/\/i0.wp.com\/www.hornamicina.eu\/web\/wp-content\/uploads\/2017\/07\/uznesenia.jpg?fit=530%2C530&ssl=1&resize=350%2C200","width":350,"height":200,"srcset":"https:\/\/i0.wp.com\/www.hornamicina.eu\/web\/wp-content\/uploads\/2017\/07\/uznesenia.jpg?fit=530%2C530&ssl=1&resize=350%2C200 1x, https:\/\/i0.wp.com\/www.hornamicina.eu\/web\/wp-content\/uploads\/2017\/07\/uznesenia.jpg?fit=530%2C530&ssl=1&resize=525%2C300 1.5x"},"classes":[]},{"id":2230,"url":"https:\/\/www.hornamicina.eu\/web\/rledvina-2020-oz\/","url_meta":{"origin":418,"position":5},"title":"Zverejnenie z\u00e1meru preda\u0165 majetok obce z d\u00f4vodu osobitn\u00e9ho zrete\u013ea &#8211; R. Ledvina","author":"admin","date":"27. novembra 2020","format":false,"excerpt":"Zverejnenie z\u00e1meru preda\u0165 ni\u017e\u0161ie identifikovan\u00fd majetok obce Horn\u00e1 Mi\u010din\u00e1 z\u00a0d\u00f4vodu hodn\u00e9ho osobitn\u00e9ho zrete\u013ea. Obec Horn\u00e1 Mi\u010din\u00e1 v\u00a0s\u00falade s ustanoveniami \u00a7 9 ods. 2 p\u00edsm. a) a \u00a7 9a ods. 8 p\u00edsm. e) z\u00e1kona \u010d. 138\/1991 Zb. o\u00a0majetku obc\u00ed v\u00a0znen\u00ed neskor\u0161\u00edch predpisov, t\u00fdmto zverej\u0148uje z\u00e1mer preda\u0165 predmetn\u00fd pozemok k\u00fapnopredajnou zmluvou z\u00a0d\u00f4vodu\u2026","rel":"","context":"V &quot;Elektronick\u00e1 \u00faradn\u00e1 tabu\u013ea&quot;","block_context":{"text":"Elektronick\u00e1 \u00faradn\u00e1 tabu\u013ea","link":"https:\/\/www.hornamicina.eu\/web\/category\/uradna-tabula\/"},"img":{"alt_text":"Logo obce a dokumenty","src":"https:\/\/i0.wp.com\/www.hornamicina.eu\/web\/wp-content\/uploads\/2017\/07\/uznesenia.jpg?fit=530%2C530&ssl=1&resize=350%2C200","width":350,"height":200,"srcset":"https:\/\/i0.wp.com\/www.hornamicina.eu\/web\/wp-content\/uploads\/2017\/07\/uznesenia.jpg?fit=530%2C530&ssl=1&resize=350%2C200 1x, https:\/\/i0.wp.com\/www.hornamicina.eu\/web\/wp-content\/uploads\/2017\/07\/uznesenia.jpg?fit=530%2C530&ssl=1&resize=525%2C300 1.5x"},"classes":[]}],"jetpack_likes_enabled":true,"_links":{"self":[{"href":"https:\/\/www.hornamicina.eu\/web\/wp-json\/wp\/v2\/posts\/418","targetHints":{"allow":["GET"]}}],"collection":[{"href":"https:\/\/www.hornamicina.eu\/web\/wp-json\/wp\/v2\/posts"}],"about":[{"href":"https:\/\/www.hornamicina.eu\/web\/wp-json\/wp\/v2\/types\/post"}],"author":[{"embeddable":true,"href":"https:\/\/www.hornamicina.eu\/web\/wp-json\/wp\/v2\/users\/1"}],"replies":[{"embeddable":true,"href":"https:\/\/www.hornamicina.eu\/web\/wp-json\/wp\/v2\/comments?post=418"}],"version-history":[{"count":0,"href":"https:\/\/www.hornamicina.eu\/web\/wp-json\/wp\/v2\/posts\/418\/revisions"}],"wp:featuredmedia":[{"embeddable":true,"href":"https:\/\/www.hornamicina.eu\/web\/wp-json\/wp\/v2\/media\/390"}],"wp:attachment":[{"href":"https:\/\/www.hornamicina.eu\/web\/wp-json\/wp\/v2\/media?parent=418"}],"wp:term":[{"taxonomy":"category","embeddable":true,"href":"https:\/\/www.hornamicina.eu\/web\/wp-json\/wp\/v2\/categories?post=418"},{"taxonomy":"post_tag","embeddable":true,"href":"https:\/\/www.hornamicina.eu\/web\/wp-json\/wp\/v2\/tags?post=418"}],"curies":[{"name":"wp","href":"https:\/\/api.w.org\/{rel}","templated":true}]}}