{"id":3942,"date":"2023-10-16T16:19:39","date_gmt":"2023-10-16T14:19:39","guid":{"rendered":"https:\/\/www.hornamicina.eu\/web\/?p=3942"},"modified":"2024-09-26T08:41:07","modified_gmt":"2024-09-26T06:41:07","slug":"zapisnica-zo-zasadnutia-oz-9-10-2023","status":"publish","type":"post","link":"https:\/\/www.hornamicina.eu\/web\/zapisnica-zo-zasadnutia-oz-9-10-2023\/","title":{"rendered":"Z\u00e1pisnica zo zasadnutia OZ &#8211; 9.10.2023"},"content":{"rendered":"<h3 style=\"text-align: center;\"><strong>Z\u00c1PISNICA<\/strong><\/h3>\n<h3 style=\"text-align: center;\">zo zasadnutia obecn\u00e9ho zastupite\u013estva (\u010falej len OZ) obce\u00a0Horn\u00e1 Mi\u010din\u00e1<\/h3>\n<h3 style=\"text-align: center;\">konan\u00e9ho d\u0148a 09.10.2023 v\u00a0budove obecn\u00e9ho \u00faradu Horn\u00e1 Mi\u010din\u00e1 o\u00a018.00 hod.<\/h3>\n<p>&nbsp;<\/p>\n<p><strong>PR\u00cdTOMN\u00cd:<\/strong><\/p>\n<p>Starosta obce:\u00a0\u00a0\u00a0\u00a0\u00a0\u00a0\u00a0\u00a0\u00a0\u00a0\u00a0\u00a0\u00a0\u00a0\u00a0\u00a0\u00a0\u00a0\u00a0\u00a0\u00a0\u00a0\u00a0\u00a0\u00a0\u00a0\u00a0\u00a0\u00a0 Ivan Len\u00e1r<\/p>\n<p>Poslanci OZ:\u00a0\u00a0\u00a0\u00a0\u00a0\u00a0\u00a0\u00a0\u00a0\u00a0\u00a0\u00a0\u00a0\u00a0\u00a0\u00a0\u00a0\u00a0\u00a0\u00a0\u00a0\u00a0\u00a0\u00a0\u00a0\u00a0\u00a0\u00a0\u00a0\u00a0\u00a0\u00a0 pod\u013ea prezen\u010dnej listiny<\/p>\n<p>Ob\u010dania obce a prizvan\u00ed:\u00a0\u00a0\u00a0\u00a0\u00a0\u00a0\u00a0\u00a0\u00a0\u00a0\u00a0\u00a0 pod\u013ea prezen\u010dnej listiny<\/p>\n<p>&nbsp;<\/p>\n<p>Zasadnutie obecn\u00e9ho zastupite\u013estva otvoril a\u00a0viedol starosta obce Ivan Len\u00e1r. Priv\u00edtal pr\u00edtomn\u00fdch poslancov obecn\u00e9ho zastupite\u013estva a\u00a0ob\u010danov obce. Skon\u0161tatoval, \u017ee pr\u00edtomn\u00ed s\u00fa \u0161tyria poslanci ( Pip\u00ed\u0161ka Tibor, Bachleda Teodor, \u010cerh\u00fd\u0148 \u013dubom\u00edr, Karkal\u00edk Michal) a\u00a0jeden poslanec ospravedlnen\u00fd (Baranov\u00e1 Jana). Zastupite\u013estvo je uzn\u00e1\u0161ania schopn\u00e9. Priebeh zastupite\u013estva sa riadil nasledovn\u00fdm programom:<\/p>\n<p>&nbsp;<\/p>\n<p>V\u00a0\u00favode pred hlasovan\u00edm o\u00a0programe obecn\u00e9ho zastupite\u013estva starosta obce na p\u00edsomn\u00fa \u017eiados\u0165 p. Bohu\u0161a Martinca stiahol z\u00a0rokovania bod \u010d. 7 \u2013 zaradenie pozemkov na rekrea\u010dn\u00e9 \u00fa\u010dely\u00a0 do \u00fazemn\u00e9ho pl\u00e1nu obce.<\/p>\n<ol>\n<li style=\"list-style-type: none;\">\n<ol>\n<li>Otvorenie<\/li>\n<li>Program OZ<\/li>\n<li>Vo\u013eba n\u00e1vrhovej komisie, overovate\u013eov z\u00e1pisnice a zapisovate\u013ea<\/li>\n<li>\u017diados\u0165 p. Pavla Martinca (\u010d. d. 59) o\u00a0odk\u00fapenie obecn\u00e9ho pozemku, parcela \u010d. C-KN 40\/3 o\u00a0v\u00fdmere 20 m<sup>2<\/sup> (LV \u010d. 195) vo vlastn\u00edctve obce<\/li>\n<li>\u017diados\u0165 o\u00a0zv\u00fd\u0161enie dot\u00e1cie za rok 2023 z\u00a0rozpo\u010dtu obce pre potreby chodu TJ Dru\u017estevn\u00edk Mi\u010din\u00e1<\/li>\n<li>\u017diados\u0165 p. Milo\u0161a Marka (\u010d. d. 64) o\u00a0odk\u00fapenie obecn\u00e9ho pozemku, parcela \u010d. C-KN 260 o\u00a0v\u00fdmere 72 m<sup>2<\/sup> (LV \u010d. 195) vo vlastn\u00edctve obce<\/li>\n<li>Vo\u013eba hlavn\u00e9ho kontrol\u00f3ra obce Horn\u00e1 Mi\u010din\u00e1<\/li>\n<li>R\u00f4zne<\/li>\n<li>Diskusia<\/li>\n<li>N\u00e1vrh uznesen\u00ed<\/li>\n<li>Z\u00e1ver<\/li>\n<\/ol>\n<\/li>\n<\/ol>\n<p>&nbsp;<\/p>\n<ol start=\"3\">\n<li><strong>Ur\u010denie n\u00e1vrhovej komisie,\u00a0overovate\u013eov z\u00e1pisnice a zapisovate\u013ea<\/strong><\/li>\n<\/ol>\n<p style=\"padding-left: 40px;\">Overovate\u013e z\u00e1pisnice: \u013dubom\u00edr \u010cerh\u00fd\u0148<\/p>\n<p style=\"padding-left: 40px;\">Zapisovate\u013e: Michal Karkal\u00edk<\/p>\n<p style=\"padding-left: 40px;\">N\u00e1vrhov\u00e1 komisia: Teodor Bachleda a\u00a0Tibor Pip\u00ed\u0161ka<\/p>\n<p style=\"padding-left: 40px;\">Hlasovali za \u2013 4 poslanci &#8211; Pip\u00ed\u0161ka Tibor, Bachleda Teodor, \u010cerh\u00fd\u0148 \u013dubom\u00edr, Karkal\u00edk Michal<\/p>\n<p style=\"padding-left: 40px;\">Proti \u2013 0<\/p>\n<p style=\"padding-left: 40px;\">Zdr\u017eal sa &#8211; 0<\/p>\n<p>&nbsp;<\/p>\n<ol start=\"4\">\n<li><strong>\u017diados\u0165 p. Pavla Martinca (\u010d. d. 59) o\u00a0odk\u00fapenie obecn\u00e9ho pozemku, parcela \u010d. C-KN 40\/3 o\u00a0v\u00fdmere 20 m<sup>2<\/sup> (LV \u010d. 195) vo vlastn\u00edctve obce<\/strong><\/li>\n<\/ol>\n<ul>\n<li><u>Poslanci OZ &#8211; <strong>ber\u00fa na vedomie<\/strong><\/u> &#8211; \u017eiados\u0165 o\u00a0odk\u00fapenie obecn\u00e9ho pozemku parcela C-KN \u010d.40\/3 o\u00a0v\u00fdmere 20 m<sup>2<\/sup> vedenom na LV-195 vo vlastn\u00edctve obce<\/li>\n<\/ul>\n<p style=\"padding-left: 40px;\">Hlasovali za \u2013 4 poslanci &#8211;\u00a0 Pip\u00ed\u0161ka Tibor, Bachleda Teodor, \u010cerh\u00fd\u0148 \u013dubom\u00edr, Karkal\u00edk Michal<\/p>\n<p style=\"padding-left: 40px;\">Proti \u2013 0<\/p>\n<p style=\"padding-left: 40px;\">Zdr\u017eal sa &#8211; 0<\/p>\n<p>&nbsp;<\/p>\n<ol start=\"5\">\n<li><strong>\u017diados\u0165 o\u00a0prehodnotenie v\u00fd\u0161ky dot\u00e1cie z\u00a0rozpo\u010dtu obce za rok 2023 pre potreby chodu futbalov\u00e9ho klubu TJ Dru\u017estevn\u00edk Mi\u010din\u00e1 na \u017eiados\u0165 TJ.<\/strong><\/li>\n<\/ol>\n<ul>\n<li><u>Poslanci OZ &#8211; <strong>neschva\u013euj\u00fa<\/strong><\/u> &#8211; zv\u00fd\u0161enie dot\u00e1cie za rok 2023 pre TJ Dru\u017estevn\u00edk Mi\u010din\u00e1<\/li>\n<\/ul>\n<p style=\"padding-left: 40px;\">Hlasovali za \u2013 0<\/p>\n<p style=\"padding-left: 40px;\">Proti \u2013 4 poslanci &#8211; Pip\u00ed\u0161ka Tibor, Bachleda Teodor, \u010cerh\u00fd\u0148 \u013dubom\u00edr, Karkal\u00edk Michal<\/p>\n<p style=\"padding-left: 40px;\">Zdr\u017eal sa &#8211; 0<\/p>\n<p>&nbsp;<\/p>\n<ol start=\"6\">\n<li><strong>\u017diados\u0165 p. Milo\u0161a Marka (\u010d. d. 64) o\u00a0odpredaji \u010dasti obecn\u00e9ho pozemku, parcela \u010d. C-KN 260 o\u00a0v\u00fdmere 72 m<sup>2<\/sup> (LV \u010d. 195) vo vlastn\u00edctve obce, ktor\u00e1 sused\u00ed s\u00a0ich parcelami( po parc.C-\u010d.249)<\/strong><\/li>\n<\/ol>\n<p style=\"padding-left: 40px;\"><u>Poslanci OZ &#8211; <strong>ber\u00fa na vedomie<\/strong><\/u> &#8211; \u017diados\u0165 p. Milo\u0161a Marka (\u010d. d. 64) o\u00a0odpredaji \u010dasti obecn\u00e9ho pozemku, parcela \u010d. C-KN 260 o\u00a0v\u00fdmere 72 m<sup>2<\/sup> (LV \u010d. 195) vo vlastn\u00edctve obce, ktor\u00e1 sused\u00ed s\u00a0ich parcelami( po parc.C-\u010d.249)<\/p>\n<p style=\"padding-left: 40px;\">Hlasovali za \u2013 4 poslanci &#8211; Pip\u00ed\u0161ka Tibor, Bachleda Teodor, \u010cerh\u00fd\u0148 \u013dubom\u00edr, Karkal\u00edk Michal<\/p>\n<p style=\"padding-left: 40px;\">Proti \u2013 0<\/p>\n<p style=\"padding-left: 40px;\">Zdr\u017eal sa &#8211; 0<\/p>\n<p>&nbsp;<\/p>\n<ol start=\"7\">\n<li><strong>Vo\u013eba hlavn\u00e9ho kontrol\u00f3ra obce Horn\u00e1 Mi\u010din\u00e1<\/strong><\/li>\n<\/ol>\n<p style=\"padding-left: 40px;\">Pod\u013ea uznesenia \u010d.30\/2023 sa v\u00a0\u00a0 term\u00edne do 25.9.2023 nikto neprihl\u00e1sil do v\u00fdberov\u00e9ho konania na funkciu hlavn\u00e9ho kontrol\u00f3ra obce, obecn\u00e9 zastupite\u013estvo navrhuje pred\u013a\u017eenie term\u00ednu na podanie prihl\u00e1\u0161ok na funkciu hlavn\u00e9ho kontrol\u00f3ra obce do 30.11.2023<\/p>\n<ul>\n<li><u>Poslanci OZ<strong> &#8211; schva\u013euj\u00fa<\/strong><\/u> pred\u013a\u017eenie term\u00ednu prihlasovania sa uch\u00e1dza\u010dov na\u00a0funkciu hlavn\u00e9ho kontrol\u00f3ra obce do d\u0148a 30.11.2023<\/li>\n<\/ul>\n<p style=\"padding-left: 40px;\">Hlasovali za \u2013 4 poslanci &#8211; Pip\u00ed\u0161ka Tibor, Bachleda Teodor, \u010cerh\u00fd\u0148 \u013dubom\u00edr, Karkal\u00edk Michal<\/p>\n<p style=\"padding-left: 40px;\">Proti \u2013 0<\/p>\n<p style=\"padding-left: 40px;\">Zdr\u017eal sa &#8211; 0<\/p>\n<p>&nbsp;<\/p>\n<ol start=\"8\">\n<li><strong>R\u00f4zne<\/strong><\/li>\n<\/ol>\n<ul>\n<li>rekon\u0161trukcia cesty II. triedy (hlavn\u00e1 cesta v\u00a0obci)<\/li>\n<li>zav\u00e1dzanie Wi-Fi do verejn\u00fdch obecn\u00fdch priestorov<\/li>\n<li>rekon\u0161trukcia obecn\u00e9ho mosta<\/li>\n<li>oprava miestnych komunik\u00e1ci\u00ed ( hlavne doln\u00fd koniec poza potok ), vyspraven\u00e9 v\u00fdtlky<\/li>\n<li>kosenie cintor\u00ednov a\u00a0obecn\u00fdch parciel, e\u0161te treba potoky<\/li>\n<li>dorobenie z\u00e1bradlia na moste, oprava \u0161achty pri p.Hulinovi a\u00a0dorobenie \u017e\u013eabu na odvodnenie pri p.Karkal\u00edkovej<\/li>\n<li>zber nadrozmern\u00e9ho odpadu<\/li>\n<li>obnova IT na obecnom \u00farade<\/li>\n<\/ul>\n<p>&nbsp;<\/p>\n<ol start=\"9\">\n<li><strong>Diskusia<\/strong><\/li>\n<\/ol>\n<p style=\"padding-left: 40px;\">p. Borgulov\u00e1 &#8211; v dennom centre bolo pripomenutie si rod\u00e1\u010dky p .Hegerovej Viery pri pr\u00edle\u017eitosti 90-tich naroden\u00edn<\/p>\n<p style=\"padding-left: 40px;\">p.Pa\u013ea- inform\u00e1cie oh\u013eadom opravy mosta<\/p>\n<p style=\"padding-left: 40px;\">kult\u00farne akcie v\u00a0obci<\/p>\n<p style=\"padding-left: 40px;\">kontrola rozpo\u010dtu obce poslancami OZ<\/p>\n<p style=\"padding-left: 40px;\">p.Martinec Tom\u00e1\u0161- info oh\u013eadom zelen\u00e9ho dvora<\/p>\n<p style=\"padding-left: 40px;\">p.\u010cerh\u00fd\u0148ov\u00e1 Zuzana- vy\u010distenie rigolu od p.Kondera<\/p>\n<p>&nbsp;<\/p>\n<ol start=\"10\">\n<li><strong>N\u00e1vrh uznesen\u00ed<\/strong><\/li>\n<\/ol>\n<ul>\n<li>Poslanci n\u00e1vrh uznesen\u00ed OZ &#8211; <strong><u>schva\u013euj\u00fa<\/u><\/strong><\/li>\n<\/ul>\n<p style=\"padding-left: 40px;\">Hlasovali za \u2013 4 poslanci &#8211; Pip\u00ed\u0161ka Tibor, Bachleda Teodor, \u010cerh\u00fd\u0148 \u013dubom\u00edr, Karkal\u00edk Michal<\/p>\n<p style=\"padding-left: 40px;\">Zdr\u017eal sa &#8211; 0<\/p>\n<p style=\"padding-left: 40px;\">Proti\u00a0 &#8211;\u00a0\u00a0\u00a0\u00a0 0<\/p>\n<p style=\"padding-left: 40px;\">\n<ol start=\"11\">\n<li><strong>Z\u00e1ver<\/strong><\/li>\n<\/ol>\n<p style=\"padding-left: 40px;\">Starosta po\u010fakoval poslancom a\u00a0v\u0161etk\u00fdm pr\u00edtomn\u00fdm ob\u010danom obce za \u00fa\u010das\u0165 na rokovan\u00ed OZ.<\/p>\n<p>&nbsp;<\/p>\n<p>&nbsp;<\/p>\n<p>Zapisovate\u013e:\u00a0\u00a0\u00a0\u00a0\u00a0\u00a0\u00a0\u00a0\u00a0 Michal Karkal\u00edk<\/p>\n<p>Overovate\u013e:\u00a0\u00a0\u00a0\u00a0\u00a0\u00a0\u00a0\u00a0\u00a0 \u013dubom\u00edr \u010cerh\u00fd\u0148<\/p>\n<p>Starosta:\u00a0\u00a0\u00a0\u00a0\u00a0\u00a0\u00a0\u00a0\u00a0\u00a0\u00a0\u00a0\u00a0\u00a0 Ivan Len\u00e1r<\/p>\n","protected":false},"excerpt":{"rendered":"Z\u00c1PISNICA zo zasadnutia obecn\u00e9ho zastupite\u013estva (\u010falej len OZ) obce\u00a0Horn\u00e1 Mi\u010din\u00e1 konan\u00e9ho d\u0148a 09.10.2023 [&hellip;]","protected":false},"author":1,"featured_media":503,"comment_status":"closed","ping_status":"open","sticky":false,"template":"","format":"standard","meta":{"advanced_seo_description":"","jetpack_seo_html_title":"","jetpack_seo_noindex":false,"_jetpack_memberships_contains_paid_content":false,"footnotes":""},"categories":[30],"tags":[],"class_list":["post-3942","post","type-post","status-publish","format-standard","has-post-thumbnail","hentry","category-zastupitelstvo"],"jetpack_featured_media_url":"https:\/\/i0.wp.com\/www.hornamicina.eu\/web\/wp-content\/uploads\/2017\/07\/zastupitelstvo.jpg?fit=530%2C375&ssl=1","jetpack_sharing_enabled":true,"jetpack_shortlink":"https:\/\/wp.me\/p8RsFw-11A","jetpack-related-posts":[{"id":3902,"url":"https:\/\/www.hornamicina.eu\/web\/zapisnica-zo-zasadnutia-oz-13-9-2023\/","url_meta":{"origin":3942,"position":0},"title":"Z\u00e1pisnica zo zasadnutia OZ &#8211; 13.9.2023","author":"admin","date":"22. septembra 2023","format":false,"excerpt":"\u00a0\u00a0\u00a0\u00a0\u00a0\u00a0\u00a0\u00a0\u00a0\u00a0\u00a0\u00a0\u00a0\u00a0\u00a0\u00a0\u00a0\u00a0\u00a0\u00a0\u00a0\u00a0\u00a0\u00a0\u00a0 \u00a0\u00a0\u00a0\u00a0\u00a0\u00a0\u00a0\u00a0\u00a0\u00a0\u00a0\u00a0\u00a0\u00a0\u00a0\u00a0\u00a0\u00a0\u00a0\u00a0\u00a0\u00a0\u00a0\u00a0\u00a0\u00a0Z\u00c1PISNICA Zo zasadnutia obecn\u00e9ho zastupite\u013estva (\u010falej len OZ) v\u00a0Hornej Mi\u010dinej konan\u00e9ho d\u0148a 13.9.2023 v\u00a0s\u00e1le obecn\u00e9ho \u00faradu Horn\u00e1 Mi\u010din\u00e1 o\u00a018:00 hod. \u00a0 N\u00e1vrh programu \u00a0OZ: Otvorenie Program obecn\u00e9ho zastupite\u013estva Vo\u013eba n\u00e1vrhovej komisie,overovate\u013ea z\u00e1pisnice a\u00a0zapisovate\u013ea \u017diados\u0165 p.Pavla Martinca \u010d.59 o odk\u00fapenie obecn\u00e9ho pozemku,parcela C-\u010d.40\/3 o v\u00fdmere 20m2,vedenej na LV-195 vo vlastn\u00edctve\u2026","rel":"","context":"V &quot;Oznamy&quot;","block_context":{"text":"Oznamy","link":"https:\/\/www.hornamicina.eu\/web\/category\/oznamy\/"},"img":{"alt_text":"","src":"https:\/\/i0.wp.com\/www.hornamicina.eu\/web\/wp-content\/uploads\/2017\/07\/zastupitelstvo.jpg?fit=530%2C375&ssl=1&resize=350%2C200","width":350,"height":200,"srcset":"https:\/\/i0.wp.com\/www.hornamicina.eu\/web\/wp-content\/uploads\/2017\/07\/zastupitelstvo.jpg?fit=530%2C375&ssl=1&resize=350%2C200 1x, https:\/\/i0.wp.com\/www.hornamicina.eu\/web\/wp-content\/uploads\/2017\/07\/zastupitelstvo.jpg?fit=530%2C375&ssl=1&resize=525%2C300 1.5x"},"classes":[]},{"id":3317,"url":"https:\/\/www.hornamicina.eu\/web\/zapisnica-zo-zasadnutia-obecneho-zastupitelstva-28-9-2022\/","url_meta":{"origin":3942,"position":1},"title":"Z\u00e1pisnica zo zasadnutia obecneho zastupite\u013estva &#8211; 28.9.2022","author":"admin","date":"14. okt\u00f3bra 2022","format":false,"excerpt":"Z\u00c1PISNICA zo zasadnutia obecn\u00e9ho zastupite\u013estva (\u010falej len OZ) obce\u00a0Horn\u00e1 Mi\u010din\u00e1 konan\u00e9ho d\u0148a 28.09.2022 v\u00a0budove obecn\u00e9ho \u00faradu Horn\u00e1 Mi\u010din\u00e1 o\u00a019.00 hod. \u00a0 PR\u00cdTOMN\u00cd: Starosta obce:\u00a0\u00a0\u00a0\u00a0\u00a0\u00a0\u00a0\u00a0\u00a0\u00a0\u00a0\u00a0\u00a0\u00a0\u00a0\u00a0\u00a0\u00a0\u00a0\u00a0\u00a0\u00a0\u00a0\u00a0\u00a0\u00a0\u00a0\u00a0\u00a0\u00a0\u00a0 Ivan Len\u00e1r Poslanci OZ:\u00a0 \u00a0 \u00a0 \u00a0 \u00a0 \u00a0 \u00a0 \u00a0 \u00a0 \u00a0 \u00a0 \u00a0 \u00a0 \u00a0 \u00a0 \u00a0 \u00a0 pod\u013ea prezen\u010dnej listiny Ob\u010dania obce a\u2026","rel":"","context":"V &quot;Oznamy&quot;","block_context":{"text":"Oznamy","link":"https:\/\/www.hornamicina.eu\/web\/category\/oznamy\/"},"img":{"alt_text":"Logo obce a dokumenty","src":"https:\/\/i0.wp.com\/www.hornamicina.eu\/web\/wp-content\/uploads\/2017\/07\/uznesenia.jpg?fit=530%2C530&ssl=1&resize=350%2C200","width":350,"height":200,"srcset":"https:\/\/i0.wp.com\/www.hornamicina.eu\/web\/wp-content\/uploads\/2017\/07\/uznesenia.jpg?fit=530%2C530&ssl=1&resize=350%2C200 1x, https:\/\/i0.wp.com\/www.hornamicina.eu\/web\/wp-content\/uploads\/2017\/07\/uznesenia.jpg?fit=530%2C530&ssl=1&resize=525%2C300 1.5x"},"classes":[]},{"id":2221,"url":"https:\/\/www.hornamicina.eu\/web\/zapisnica-13-11-20\/","url_meta":{"origin":3942,"position":2},"title":"Z\u00e1pisnica zasadnutia OZ H.Mi\u010din\u00e1 &#8211; 13.11.2020","author":"admin","date":"23. novembra 2020","format":"aside","excerpt":"Z\u00e1pisnica zo zasadnutia obecn\u00e9ho zastupite\u013estva (\u010falej len OZ) v Hornej Mi\u010dinej, konan\u00e9ho d\u0148a 13.11.2020 v budove obecn\u00e9ho \u00faradu hor\u00e1 Mi\u010din\u00e1, ktor\u00e9 bolo zah\u00e1jen\u00e9 o 18:00 hod. Pr\u00edtomn\u00ed: Starosta obce: Ivan Len\u00e1r Poslanci OZ: Michal Karkal\u00edk Richard Kaz\u00edk Ob\u010dania obce a prizvan\u00ed: pod\u013ea prezen\u010dnej listiny Nepr\u00edtomn\u00ed: Poslanci OZ: Jana Baranov\u00e1 Bohu\u0161\u2026","rel":"","context":"V &quot;D\u00f4le\u017eit\u00e9&quot;","block_context":{"text":"D\u00f4le\u017eit\u00e9","link":"https:\/\/www.hornamicina.eu\/web\/category\/dolezite\/"},"img":{"alt_text":"Logo obce a dokumenty","src":"https:\/\/i0.wp.com\/www.hornamicina.eu\/web\/wp-content\/uploads\/2017\/07\/uznesenia.jpg?fit=530%2C530&ssl=1&resize=350%2C200","width":350,"height":200,"srcset":"https:\/\/i0.wp.com\/www.hornamicina.eu\/web\/wp-content\/uploads\/2017\/07\/uznesenia.jpg?fit=530%2C530&ssl=1&resize=350%2C200 1x, https:\/\/i0.wp.com\/www.hornamicina.eu\/web\/wp-content\/uploads\/2017\/07\/uznesenia.jpg?fit=530%2C530&ssl=1&resize=525%2C300 1.5x"},"classes":[]},{"id":4924,"url":"https:\/\/www.hornamicina.eu\/web\/zapisnica-so-zasadnutia-zastupitelstva-obce-hm-9-2024\/","url_meta":{"origin":3942,"position":3},"title":"Z\u00e1pisnica so zasadnutia zastupite\u013estva obce HM &#8211; 9\/2024","author":"admin","date":"23. septembra 2024","format":false,"excerpt":"Z\u00c1PISNICA zo zasadnutia obecn\u00e9ho zastupite\u013estva (\u010falej len OZ) obce\u00a0Horn\u00e1 Mi\u010din\u00e1 konan\u00e9ho d\u0148a 16.9.2024 v budove obecn\u00e9ho \u00faradu Horn\u00e1 Mi\u010din\u00e1 o 17:00 hod. \u00a0 PR\u00cdTOMN\u00cd: Starosta obce:\u00a0\u00a0\u00a0\u00a0\u00a0\u00a0\u00a0\u00a0\u00a0\u00a0\u00a0\u00a0\u00a0\u00a0\u00a0\u00a0\u00a0\u00a0\u00a0\u00a0\u00a0\u00a0\u00a0\u00a0\u00a0\u00a0\u00a0\u00a0\u00a0 Ivan Len\u00e1r Poslanci OZ:\u00a0\u00a0\u00a0\u00a0\u00a0\u00a0\u00a0\u00a0\u00a0\u00a0\u00a0\u00a0\u00a0\u00a0\u00a0\u00a0\u00a0\u00a0\u00a0\u00a0\u00a0\u00a0\u00a0\u00a0\u00a0\u00a0\u00a0\u00a0\u00a0\u00a0\u00a0\u00a0 pod\u013ea prilo\u017eenej prezen\u010dnej listiny Ob\u010dania obce a\u00a0prizvan\u00ed:\u00a0\u00a0\u00a0\u00a0\u00a0\u00a0\u00a0\u00a0\u00a0\u00a0\u00a0\u00a0 pod\u013ea prilo\u017eenej prezen\u010dnej listiny \u00a0 Zasadnutie obecn\u00e9ho zastupite\u013estva otvoril a\u00a0viedol starosta obce Ivan\u2026","rel":"","context":"V &quot;D\u00f4le\u017eit\u00e9&quot;","block_context":{"text":"D\u00f4le\u017eit\u00e9","link":"https:\/\/www.hornamicina.eu\/web\/category\/dolezite\/"},"img":{"alt_text":"","src":"https:\/\/i0.wp.com\/www.hornamicina.eu\/web\/wp-content\/uploads\/2017\/07\/zastupitelstvo.jpg?fit=530%2C375&ssl=1&resize=350%2C200","width":350,"height":200,"srcset":"https:\/\/i0.wp.com\/www.hornamicina.eu\/web\/wp-content\/uploads\/2017\/07\/zastupitelstvo.jpg?fit=530%2C375&ssl=1&resize=350%2C200 1x, https:\/\/i0.wp.com\/www.hornamicina.eu\/web\/wp-content\/uploads\/2017\/07\/zastupitelstvo.jpg?fit=530%2C375&ssl=1&resize=525%2C300 1.5x"},"classes":[]},{"id":3894,"url":"https:\/\/www.hornamicina.eu\/web\/zapisnica-a-uznesenia-oz-zo-dna-22-8-2023\/","url_meta":{"origin":3942,"position":4},"title":"Z\u00e1pisnica a uznesenia OZ zo d\u0148a 22.8.2023","author":"admin","date":"30. augusta 2023","format":false,"excerpt":"Z\u00c1PISNICA Z mimoriadneho zasadnutia obecn\u00e9ho zastupite\u013estva(\u010falej len OZ) v Hornej Mi\u010dinej konan\u00e9ho d\u0148a 22.8.2023 v s\u00e1le obecn\u00e9ho \u00faradu Horn\u00e1 Mi\u010din\u00e1 o 19:00 hod. PR\u00cdTOMN\u00cd: Starosta obce: Ivan Len\u00e1r Poslanci OZ: Janka Baranov\u00e1,Teodor Bachleda,Tibor Pip\u00ed\u0161ka,\u013dubom\u00edr \u010cerh\u00fd\u0148 NEPR\u00cdTOMN\u00dd: Michal Karkal\u00edk Ob\u010dania obce a pozvan\u00ed: pod\u013ea prilo\u017eenej prezen\u010dnej listiny Zasadnutie OZ otvoril a\u2026","rel":"","context":"V &quot;Uznesenia&quot;","block_context":{"text":"Uznesenia","link":"https:\/\/www.hornamicina.eu\/web\/category\/uznesenia\/"},"img":{"alt_text":"Logo obce a dokumenty","src":"https:\/\/i0.wp.com\/www.hornamicina.eu\/web\/wp-content\/uploads\/2017\/07\/uznesenia.jpg?fit=530%2C530&ssl=1&resize=350%2C200","width":350,"height":200,"srcset":"https:\/\/i0.wp.com\/www.hornamicina.eu\/web\/wp-content\/uploads\/2017\/07\/uznesenia.jpg?fit=530%2C530&ssl=1&resize=350%2C200 1x, https:\/\/i0.wp.com\/www.hornamicina.eu\/web\/wp-content\/uploads\/2017\/07\/uznesenia.jpg?fit=530%2C530&ssl=1&resize=525%2C300 1.5x"},"classes":[]},{"id":5641,"url":"https:\/\/www.hornamicina.eu\/web\/zapisnica-z-mimoriadneho-zasadnutia-oz-obce-horna-micina-17-1-2026\/","url_meta":{"origin":3942,"position":5},"title":"Z\u00e1pisnica z mimoriadneho zasadnutia OZ obce Horn\u00e1 Mi\u010din\u00e1 &#8211; 17.1.2026","author":"admin","date":"22. janu\u00e1ra 2026","format":false,"excerpt":"Z\u00c1PISNICA Z mimoriadneho zasadnutia obecn\u00e9ho zastupite\u013estva (\u010falej len OZ) obce Horn\u00e1 Mi\u010din\u00e1 konan\u00e9ho d\u0148a 17.1.2026 v budove obecn\u00e9ho \u00faradu Horn\u00e1 Mi\u010din\u00e1 o 17:00 hod. k bodu 1: PR\u00cdTOMN\u00cd: Starosta obce: Ivan Len\u00e1r Poslanci OZ: pod\u013ea prilo\u017eenej prezen\u010dnej listiny Ob\u010dania obce a prizvan\u00ed: pod\u013ea prilo\u017eenej prezen\u010dnej listiny Zasadnutie obecn\u00e9ho zastupite\u013estva otvoril\u2026","rel":"","context":"V &quot;Zastupite\u013estvo&quot;","block_context":{"text":"Zastupite\u013estvo","link":"https:\/\/www.hornamicina.eu\/web\/category\/zastupitelstvo\/"},"img":{"alt_text":"","src":"https:\/\/i0.wp.com\/www.hornamicina.eu\/web\/wp-content\/uploads\/2017\/07\/zastupitelstvo.jpg?fit=530%2C375&ssl=1&resize=350%2C200","width":350,"height":200,"srcset":"https:\/\/i0.wp.com\/www.hornamicina.eu\/web\/wp-content\/uploads\/2017\/07\/zastupitelstvo.jpg?fit=530%2C375&ssl=1&resize=350%2C200 1x, https:\/\/i0.wp.com\/www.hornamicina.eu\/web\/wp-content\/uploads\/2017\/07\/zastupitelstvo.jpg?fit=530%2C375&ssl=1&resize=525%2C300 1.5x"},"classes":[]}],"jetpack_likes_enabled":true,"_links":{"self":[{"href":"https:\/\/www.hornamicina.eu\/web\/wp-json\/wp\/v2\/posts\/3942","targetHints":{"allow":["GET"]}}],"collection":[{"href":"https:\/\/www.hornamicina.eu\/web\/wp-json\/wp\/v2\/posts"}],"about":[{"href":"https:\/\/www.hornamicina.eu\/web\/wp-json\/wp\/v2\/types\/post"}],"author":[{"embeddable":true,"href":"https:\/\/www.hornamicina.eu\/web\/wp-json\/wp\/v2\/users\/1"}],"replies":[{"embeddable":true,"href":"https:\/\/www.hornamicina.eu\/web\/wp-json\/wp\/v2\/comments?post=3942"}],"version-history":[{"count":0,"href":"https:\/\/www.hornamicina.eu\/web\/wp-json\/wp\/v2\/posts\/3942\/revisions"}],"wp:featuredmedia":[{"embeddable":true,"href":"https:\/\/www.hornamicina.eu\/web\/wp-json\/wp\/v2\/media\/503"}],"wp:attachment":[{"href":"https:\/\/www.hornamicina.eu\/web\/wp-json\/wp\/v2\/media?parent=3942"}],"wp:term":[{"taxonomy":"category","embeddable":true,"href":"https:\/\/www.hornamicina.eu\/web\/wp-json\/wp\/v2\/categories?post=3942"},{"taxonomy":"post_tag","embeddable":true,"href":"https:\/\/www.hornamicina.eu\/web\/wp-json\/wp\/v2\/tags?post=3942"}],"curies":[{"name":"wp","href":"https:\/\/api.w.org\/{rel}","templated":true}]}}