{"id":3898,"date":"2023-09-20T14:52:48","date_gmt":"2023-09-20T12:52:48","guid":{"rendered":"https:\/\/www.hornamicina.eu\/web\/?p=3898"},"modified":"2023-09-20T14:54:18","modified_gmt":"2023-09-20T12:54:18","slug":"ssd-prerusenie-distribucie-elektriny-25-29-9-2023","status":"publish","type":"post","link":"https:\/\/www.hornamicina.eu\/web\/ssd-prerusenie-distribucie-elektriny-25-29-9-2023\/","title":{"rendered":"SSD &#8211; preru\u0161enie distrib\u00facie elektriny &#8211; 25.-29.9.2023"},"content":{"rendered":"<p>Stredoslovensk\u00e1 distribu\u010dn\u00e1, a.s. oznamuje ob\u010danom, \u017ee z d\u00f4vodu pl\u00e1novan\u00fdch pr\u00e1c na zariadeniach distribu\u010dnej s\u00fastavy prev\u00e1dzkovate\u013ea<strong>\u00a0bude preru\u0161en\u00e1 distrib\u00faca\u00a0<\/strong><strong>elektriny<\/strong> pre odbern\u00e9 miesta v <strong>celej obci Horn\u00e1 Mi\u010din\u00e1<\/strong> v \u010dase:<\/p>\n<ul>\n<li><strong>25.9.2023 \/pondelok\/ od 7:00 hod. do 19:00 hod<\/strong><\/li>\n<li><strong>26.9.2023 \/utorok\/ od 7:00 hod. do 19:00 hod<\/strong><\/li>\n<li><strong>27.9.2023 \/streda\/ od 7:00 hod. do 19:00 hod<\/strong><\/li>\n<li><strong>28.9.2023 \/\u0161tvrtok\/ od 7:00 hod. do 19:00 hod<\/strong><\/li>\n<\/ul>\n<p>\u010eakujeme za Va\u0161u \u00fastretovos\u0165.<\/p>\n","protected":false},"excerpt":{"rendered":"Stredoslovensk\u00e1 distribu\u010dn\u00e1, a.s. oznamuje ob\u010danom, \u017ee z d\u00f4vodu pl\u00e1novan\u00fdch pr\u00e1c na zariadeniach distribu\u010dnej [&hellip;]","protected":false},"author":1,"featured_media":790,"comment_status":"closed","ping_status":"open","sticky":false,"template":"","format":"standard","meta":{"advanced_seo_description":"","jetpack_seo_html_title":"","jetpack_seo_noindex":false,"_jetpack_memberships_contains_paid_content":false,"footnotes":""},"categories":[5,8],"tags":[],"class_list":["post-3898","post","type-post","status-publish","format-standard","has-post-thumbnail","hentry","category-dolezite","category-oznamy"],"jetpack_featured_media_url":"https:\/\/i0.wp.com\/www.hornamicina.eu\/web\/wp-content\/uploads\/2018\/04\/sse-sd.jpg?fit=400%2C400&ssl=1","jetpack_sharing_enabled":true,"jetpack_shortlink":"https:\/\/wp.me\/p8RsFw-10S","jetpack-related-posts":[{"id":786,"url":"https:\/\/www.hornamicina.eu\/web\/prerusenie-dodavky-elektriny-4-5-2018\/","url_meta":{"origin":3898,"position":0},"title":"Preru\u0161enie dod\u00e1vky elektriny apr\u00edl-m\u00e1j 2018","author":"admin","date":"11. apr\u00edla 2018","format":"aside","excerpt":"Stredoslovensk\u00e1 distribu\u010dn\u00e1 a.s. oznamuje ob\u010danom, \u017ee\u00a0bude preru\u0161en\u00e1 distrib\u00faca\u00a0elektriny\u00a0v \u010dase: 17.04. 2018 od 7:00 hod. do 18:30 hod 24.04. 2018 od 7:00 hod. do 18:30 hod 09.05. 2018 od 8:30 hod. do 14:30 hod \u00a0 \u010eakujeme za Va\u0161u \u00fastretovos\u0165. \u00a0 Zoznam EIC k\u00f3dov dotknut\u00fdch odberate\u013eov - apr\u00edl Zoznam EIC k\u00f3dov dotknut\u00fdch\u2026","rel":"","context":"V &quot;D\u00f4le\u017eit\u00e9&quot;","block_context":{"text":"D\u00f4le\u017eit\u00e9","link":"https:\/\/www.hornamicina.eu\/web\/category\/dolezite\/"},"img":{"alt_text":"","src":"https:\/\/i0.wp.com\/www.hornamicina.eu\/web\/wp-content\/uploads\/2018\/04\/sse-sd.jpg?fit=400%2C400&ssl=1&resize=350%2C200","width":350,"height":200},"classes":[]},{"id":2648,"url":"https:\/\/www.hornamicina.eu\/web\/prerusenie-dodavky-elektriny-2021-09-2\/","url_meta":{"origin":3898,"position":1},"title":"Preru\u0161enie dod\u00e1vky elektriny &#8211; 20.-23. september 2021","author":"admin","date":"17. septembra 2021","format":"aside","excerpt":"Stredoslovensk\u00e1 distribu\u010dn\u00e1, a.s. oznamuje ob\u010danom, \u017ee bude preru\u0161en\u00e1 distrib\u00faca\u00a0elektriny\u00a0pre odbern\u00e9 miesta v obci Horn\u00e1 Mi\u010din\u00e1 v \u010dase: od 20.9.2021 od 8.00 hod. do 14.30 hod od 21.9.2021 od 8.00 hod. do 14.00 hod od 22.9.2021 od 8.00 hod. do 14.00 hod od 23.9.2021 od 8.00 hod. do 14.00 hod \u010eakujeme\u2026","rel":"","context":"V &quot;D\u00f4le\u017eit\u00e9&quot;","block_context":{"text":"D\u00f4le\u017eit\u00e9","link":"https:\/\/www.hornamicina.eu\/web\/category\/dolezite\/"},"img":{"alt_text":"","src":"https:\/\/i0.wp.com\/www.hornamicina.eu\/web\/wp-content\/uploads\/2018\/04\/sse-sd.jpg?fit=400%2C400&ssl=1&resize=350%2C200","width":350,"height":200},"classes":[]},{"id":1476,"url":"https:\/\/www.hornamicina.eu\/web\/prerusenie-dodavky-elektriny-2019-07\/","url_meta":{"origin":3898,"position":2},"title":"Preru\u0161enie dod\u00e1vky elektriny &#8211; j\u00fal 2019","author":"admin","date":"24. j\u00fana 2019","format":"aside","excerpt":"Stredoslovensk\u00e1 distribu\u010dn\u00e1, a.s. oznamuje ob\u010danom, \u017ee\u00a0bude preru\u0161en\u00e1 distrib\u00faca\u00a0elektriny\u00a0z d\u00f4vodu pl\u00e1novan\u00fdch pr\u00e1c na zariadeniach distribu\u010dnej s\u00fastavy prev\u00e1dzkovate\u013ea distribu\u010dnej s\u00fastavy spolo\u010dnosti Stredoslovensk\u00e1 distribu\u010dn\u00e1, a.s. v term\u00edne: od 23.7. 2019 od 7:00 hod. do 16:00 hod \u010eakujeme za Va\u0161u \u00fastretovos\u0165. \u00a0 Vz\u0165ahuje sa na cel\u00fa obec.","rel":"","context":"V &quot;D\u00f4le\u017eit\u00e9&quot;","block_context":{"text":"D\u00f4le\u017eit\u00e9","link":"https:\/\/www.hornamicina.eu\/web\/category\/dolezite\/"},"img":{"alt_text":"","src":"https:\/\/i0.wp.com\/www.hornamicina.eu\/web\/wp-content\/uploads\/2018\/04\/sse-sd.jpg?fit=400%2C400&ssl=1&resize=350%2C200","width":350,"height":200},"classes":[]},{"id":491,"url":"https:\/\/www.hornamicina.eu\/web\/prerusenie-dodavky-elektriny2\/","url_meta":{"origin":3898,"position":3},"title":"Preru\u0161enie dod\u00e1vky elektriny","author":"admin","date":"18. okt\u00f3bra 2017","format":"aside","excerpt":"SSE-Distrib\u00facia, a.s. oznamuje ob\u010danom, \u017ee\u00a0bude preru\u0161en\u00e1 distrib\u00faca\u00a0elektriny\u00a0v \u010dase: 10.11. 2017 od 8:00 hod. do 15:00 hod \u010eakujeme za Va\u0161u \u00fastretovos\u0165.","rel":"","context":"V &quot;D\u00f4le\u017eit\u00e9&quot;","block_context":{"text":"D\u00f4le\u017eit\u00e9","link":"https:\/\/www.hornamicina.eu\/web\/category\/dolezite\/"},"img":{"alt_text":"","src":"https:\/\/i0.wp.com\/www.hornamicina.eu\/web\/wp-content\/uploads\/2017\/05\/sse-d2-530x530.jpg?fit=530%2C530&ssl=1&resize=350%2C200","width":350,"height":200,"srcset":"https:\/\/i0.wp.com\/www.hornamicina.eu\/web\/wp-content\/uploads\/2017\/05\/sse-d2-530x530.jpg?fit=530%2C530&ssl=1&resize=350%2C200 1x, https:\/\/i0.wp.com\/www.hornamicina.eu\/web\/wp-content\/uploads\/2017\/05\/sse-d2-530x530.jpg?fit=530%2C530&ssl=1&resize=525%2C300 1.5x"},"classes":[]},{"id":1,"url":"https:\/\/www.hornamicina.eu\/web\/sse-d-2017-06\/","url_meta":{"origin":3898,"position":4},"title":"Preru\u0161enie dod\u00e1vky elektriny","author":"admin","date":"29. m\u00e1ja 2017","format":"aside","excerpt":"SSE-Distrib\u00facia, a.s. oznamuje ob\u010danom, \u017ee\u00a0bude preru\u0161en\u00e1 distrib\u00faca\u00a0 elektriny\u00a0v \u010dasoch: od 19.6. 2017 do 23.6.2017 od 7.00 hod. do 18.30 hod od 26.6. 2017 do 30.6.2017 od 7.00 hod. do 18.30 hod od 3.7. 2017 do 3.7.2017 od 7.00 hod. do 18.30 hod \u010eakujeme za Va\u0161u \u00fastretovos\u0165.","rel":"","context":"V &quot;D\u00f4le\u017eit\u00e9&quot;","block_context":{"text":"D\u00f4le\u017eit\u00e9","link":"https:\/\/www.hornamicina.eu\/web\/category\/dolezite\/"},"img":{"alt_text":"","src":"https:\/\/i0.wp.com\/www.hornamicina.eu\/web\/wp-content\/uploads\/2017\/05\/sse-d2-530x530.jpg?fit=530%2C530&ssl=1&resize=350%2C200","width":350,"height":200,"srcset":"https:\/\/i0.wp.com\/www.hornamicina.eu\/web\/wp-content\/uploads\/2017\/05\/sse-d2-530x530.jpg?fit=530%2C530&ssl=1&resize=350%2C200 1x, https:\/\/i0.wp.com\/www.hornamicina.eu\/web\/wp-content\/uploads\/2017\/05\/sse-d2-530x530.jpg?fit=530%2C530&ssl=1&resize=525%2C300 1.5x"},"classes":[]},{"id":661,"url":"https:\/\/www.hornamicina.eu\/web\/prerusenie-dodavky-elektriny\/","url_meta":{"origin":3898,"position":5},"title":"Preru\u0161enie dod\u00e1vky elektriny","author":"admin","date":"21. novembra 2017","format":"aside","excerpt":"SSE-Distrib\u00facia, a.s. oznamuje ob\u010danom, \u017ee\u00a0bude preru\u0161en\u00e1 distrib\u00faca\u00a0 elektriny\u00a0v \u010dasoch: od 7.12. 2017 od 7.00 hod. do 18.30 hod od 12.12. 2017 od 7.00 hod. do 18.30 hod \u010eakujeme za Va\u0161u \u00fastretovos\u0165.","rel":"","context":"V &quot;D\u00f4le\u017eit\u00e9&quot;","block_context":{"text":"D\u00f4le\u017eit\u00e9","link":"https:\/\/www.hornamicina.eu\/web\/category\/dolezite\/"},"img":{"alt_text":"","src":"https:\/\/i0.wp.com\/www.hornamicina.eu\/web\/wp-content\/uploads\/2017\/05\/sse-d2-530x530.jpg?fit=530%2C530&ssl=1&resize=350%2C200","width":350,"height":200,"srcset":"https:\/\/i0.wp.com\/www.hornamicina.eu\/web\/wp-content\/uploads\/2017\/05\/sse-d2-530x530.jpg?fit=530%2C530&ssl=1&resize=350%2C200 1x, https:\/\/i0.wp.com\/www.hornamicina.eu\/web\/wp-content\/uploads\/2017\/05\/sse-d2-530x530.jpg?fit=530%2C530&ssl=1&resize=525%2C300 1.5x"},"classes":[]}],"jetpack_likes_enabled":true,"_links":{"self":[{"href":"https:\/\/www.hornamicina.eu\/web\/wp-json\/wp\/v2\/posts\/3898","targetHints":{"allow":["GET"]}}],"collection":[{"href":"https:\/\/www.hornamicina.eu\/web\/wp-json\/wp\/v2\/posts"}],"about":[{"href":"https:\/\/www.hornamicina.eu\/web\/wp-json\/wp\/v2\/types\/post"}],"author":[{"embeddable":true,"href":"https:\/\/www.hornamicina.eu\/web\/wp-json\/wp\/v2\/users\/1"}],"replies":[{"embeddable":true,"href":"https:\/\/www.hornamicina.eu\/web\/wp-json\/wp\/v2\/comments?post=3898"}],"version-history":[{"count":0,"href":"https:\/\/www.hornamicina.eu\/web\/wp-json\/wp\/v2\/posts\/3898\/revisions"}],"wp:featuredmedia":[{"embeddable":true,"href":"https:\/\/www.hornamicina.eu\/web\/wp-json\/wp\/v2\/media\/790"}],"wp:attachment":[{"href":"https:\/\/www.hornamicina.eu\/web\/wp-json\/wp\/v2\/media?parent=3898"}],"wp:term":[{"taxonomy":"category","embeddable":true,"href":"https:\/\/www.hornamicina.eu\/web\/wp-json\/wp\/v2\/categories?post=3898"},{"taxonomy":"post_tag","embeddable":true,"href":"https:\/\/www.hornamicina.eu\/web\/wp-json\/wp\/v2\/tags?post=3898"}],"curies":[{"name":"wp","href":"https:\/\/api.w.org\/{rel}","templated":true}]}}