{"id":3845,"date":"2023-08-18T17:01:12","date_gmt":"2023-08-18T15:01:12","guid":{"rendered":"https:\/\/www.hornamicina.eu\/web\/?p=3845"},"modified":"2024-09-26T08:41:07","modified_gmt":"2024-09-26T06:41:07","slug":"mimoriadne-zasadnutie-oz-22-8-2023-o-1900","status":"publish","type":"post","link":"https:\/\/www.hornamicina.eu\/web\/mimoriadne-zasadnutie-oz-22-8-2023-o-1900\/","title":{"rendered":"Mimoriadne zasadnutie OZ &#8211; 22.8.2023 o 19:00"},"content":{"rendered":"<p>D\u0148a<\/p>\n<blockquote>\n<h2><strong>22.8.2023 o 19:00<\/strong><\/h2>\n<\/blockquote>\n<p>sa na \u017eiados\u0165 poslancov uskuto\u010dn\u00ed <strong>mimoriadne zasadnutie obecn\u00e9ho zastupite\u013estva v Hornej Mi\u010dinej<\/strong> v s\u00e1le obecn\u00e9ho \u00faradu.<\/p>\n<p>&nbsp;<\/p>\n<p><strong>Program:<\/strong><\/p>\n<ol>\n<li>Otvorenie<\/li>\n<li>Program obecn\u00e9ho zastupite\u013estva<\/li>\n<li>Vo\u013eba n\u00e1vrhovej komisie, overovate\u013ea z\u00e1pisnice a zapisovate\u013ea<\/li>\n<li>Vyhl\u00e1senie vo\u013eby hlavn\u00e9ho kontrol\u00f3ra obce<\/li>\n<li>N\u00e1vrh uznesenia<\/li>\n<li>Z\u00e1ver<\/li>\n<\/ol>\n<p>&nbsp;<\/p>\n<p>Zverejnen\u00e9 na \u00faradnej tabuli obce d\u0148a 18.8.2023<\/p>\n<p>&nbsp;<\/p>\n<p>Ivan Len\u00e1r v.r.<\/p>\n<p>starosta obce<\/p>\n","protected":false},"excerpt":{"rendered":"D\u0148a 22.8.2023 o 19:00 sa na \u017eiados\u0165 poslancov uskuto\u010dn\u00ed mimoriadne zasadnutie obecn\u00e9ho zastupite\u013estva [&hellip;]","protected":false},"author":1,"featured_media":503,"comment_status":"closed","ping_status":"open","sticky":false,"template":"","format":"standard","meta":{"advanced_seo_description":"","jetpack_seo_html_title":"","jetpack_seo_noindex":false,"_jetpack_memberships_contains_paid_content":false,"footnotes":""},"categories":[32],"tags":[],"class_list":["post-3845","post","type-post","status-publish","format-standard","has-post-thumbnail","hentry","category-uradna-tabula"],"jetpack_featured_media_url":"https:\/\/i0.wp.com\/www.hornamicina.eu\/web\/wp-content\/uploads\/2017\/07\/zastupitelstvo.jpg?fit=530%2C375&ssl=1","jetpack_sharing_enabled":true,"jetpack_shortlink":"https:\/\/wp.me\/p8RsFw-101","jetpack-related-posts":[{"id":5332,"url":"https:\/\/www.hornamicina.eu\/web\/pozvanka-na-mimoriadne-zasadnutie-oz-v-hm-26-6-2025-o-1600hod\/","url_meta":{"origin":3845,"position":0},"title":"Pozv\u00e1nka na mimoriadne zasadnutie OZ v HM &#8211; 26.6.2025 o 16:00hod","author":"admin","date":"23. j\u00fana 2025","format":false,"excerpt":"Pod\u013ea \u00a7 13 ods.4 p\u00edsm.a) z\u00e1kona \u010d.369\/1990 o obecnom zriaden\u00ed v znen\u00ed neskor\u0161\u00edch predpisov zvol\u00e1vam mimoriadne zasadnutie obecn\u00e9ho zastupite\u013estva v Hornej Mi\u010dinej, ktor\u00e9 sa uskuto\u010dn\u00ed d\u0148a 26.6.2025 o\u00a016:00hod. v\u00a0s\u00e1le obecn\u00e9ho \u00faradu . \u00a0 PROGRAM: Otvorenie OZ Vo\u013eba n\u00e1vrhovej komisie, overovate\u013ea z\u00e1pisnice a zapisovate\u013ea Program obecn\u00e9ho zastupite\u013estva Schv\u00e1lenie vstupu obce do\u2026","rel":"","context":"V &quot;Oznamy&quot;","block_context":{"text":"Oznamy","link":"https:\/\/www.hornamicina.eu\/web\/category\/oznamy\/"},"img":{"alt_text":"Logo obce a dokumenty","src":"https:\/\/i0.wp.com\/www.hornamicina.eu\/web\/wp-content\/uploads\/2017\/07\/uznesenia.jpg?fit=530%2C530&ssl=1&resize=350%2C200","width":350,"height":200,"srcset":"https:\/\/i0.wp.com\/www.hornamicina.eu\/web\/wp-content\/uploads\/2017\/07\/uznesenia.jpg?fit=530%2C530&ssl=1&resize=350%2C200 1x, https:\/\/i0.wp.com\/www.hornamicina.eu\/web\/wp-content\/uploads\/2017\/07\/uznesenia.jpg?fit=530%2C530&ssl=1&resize=525%2C300 1.5x"},"classes":[]},{"id":4219,"url":"https:\/\/www.hornamicina.eu\/web\/pozvanka-na-mimoriadne-zasadnutie-oz-v-hornej-micinej-4-2024\/","url_meta":{"origin":3845,"position":1},"title":"Pozv\u00e1nka na mimoriadne zasadnutie OZ v Hornej Mi\u010dinej &#8211; 4\/2024","author":"admin","date":"18. apr\u00edla 2024","format":false,"excerpt":"Pod\u013ea \u00a7 13 ods.4 p\u00edsm.a) z\u00e1kona \u010d.369\/1990 o\u00a0obecnom zriaden\u00ed v\u00a0znen\u00ed neskor\u0161\u00edch predpisov zvol\u00e1vam mimoriadne zasadnutie \u00a0obecn\u00e9ho zastupite\u013estva v\u00a0Hornej Mi\u010dinej, ktor\u00e9 sa uskuto\u010dn\u00ed d\u0148a 22.4.2024 o\u00a018:00hod. v\u00a0priestoroch denn\u00e9ho centra obce. \u00a0 \u00a0\u00a0\u00a0\u00a0\u00a0\u00a0\u00a0\u00a0\u00a0\u00a0\u00a0\u00a0\u00a0\u00a0\u00a0\u00a0\u00a0\u00a0\u00a0\u00a0\u00a0\u00a0\u00a0\u00a0\u00a0\u00a0\u00a0\u00a0\u00a0\u00a0\u00a0 PROGRAM: Otvorenie OZ Program obecn\u00e9ho zastupite\u013estva Vo\u013eba n\u00e1vrhovej komisie, overovate\u013ea z\u00e1pisnice a\u00a0zapisovate\u013ea Dohoda o\u00a0ur\u010den\u00ed sp\u00e1dovej materskej \u0161koly pre obec\u2026","rel":"","context":"V &quot;D\u00f4le\u017eit\u00e9&quot;","block_context":{"text":"D\u00f4le\u017eit\u00e9","link":"https:\/\/www.hornamicina.eu\/web\/category\/dolezite\/"},"img":{"alt_text":"","src":"https:\/\/i0.wp.com\/www.hornamicina.eu\/web\/wp-content\/uploads\/2017\/07\/zastupitelstvo.jpg?fit=530%2C375&ssl=1&resize=350%2C200","width":350,"height":200,"srcset":"https:\/\/i0.wp.com\/www.hornamicina.eu\/web\/wp-content\/uploads\/2017\/07\/zastupitelstvo.jpg?fit=530%2C375&ssl=1&resize=350%2C200 1x, https:\/\/i0.wp.com\/www.hornamicina.eu\/web\/wp-content\/uploads\/2017\/07\/zastupitelstvo.jpg?fit=530%2C375&ssl=1&resize=525%2C300 1.5x"},"classes":[]},{"id":913,"url":"https:\/\/www.hornamicina.eu\/web\/pozvanka-zas-2018-08-01\/","url_meta":{"origin":3845,"position":2},"title":"Pozv\u00e1nka na mimoriadne zasadnutie OZ Hornej Mi\u010dinej","author":"admin","date":"27. j\u00fala 2018","format":false,"excerpt":"D\u0148a 1.8. 2018 \/streda\/\u00a0 o 19:00 hod. sa uskuto\u010dn\u00ed mimoriadne zasadnutie obecn\u00e9ho zastupite\u013estva v zasada\u010dke obecn\u00e9ho \u00faradu. \u00a0 Program: Otvorenie Program obecn\u00e9ho zastupite\u013estva Vo\u013eba n\u00e1vrhovej komisie, overovate\u013eov z\u00e1pisnice a zapistovate\u013ea Ur\u010denie rozsahu v\u00fdkonu \/\u00fav\u00e4zku\/ funkcie starostu obce na cel\u00e9 funk\u010dn\u00e9 obdobie 2018-2022 Ur\u010denie po\u010dtu poslancov obecn\u00e9ho zastupite\u013estva na cel\u00e9 funk\u010dn\u00e9\u2026","rel":"","context":"V &quot;Zastupite\u013estvo&quot;","block_context":{"text":"Zastupite\u013estvo","link":"https:\/\/www.hornamicina.eu\/web\/category\/zastupitelstvo\/"},"img":{"alt_text":"","src":"https:\/\/i0.wp.com\/www.hornamicina.eu\/web\/wp-content\/uploads\/2017\/07\/zastupitelstvo.jpg?fit=530%2C375&ssl=1&resize=350%2C200","width":350,"height":200,"srcset":"https:\/\/i0.wp.com\/www.hornamicina.eu\/web\/wp-content\/uploads\/2017\/07\/zastupitelstvo.jpg?fit=530%2C375&ssl=1&resize=350%2C200 1x, https:\/\/i0.wp.com\/www.hornamicina.eu\/web\/wp-content\/uploads\/2017\/07\/zastupitelstvo.jpg?fit=530%2C375&ssl=1&resize=525%2C300 1.5x"},"classes":[]},{"id":5635,"url":"https:\/\/www.hornamicina.eu\/web\/pozvanka-na-mimoriadne-zastupitelstvo-obce-hm-17-1-2026\/","url_meta":{"origin":3845,"position":3},"title":"Pozv\u00e1nka na mimoriadne zastupite\u013estvo obce HM-17.1.2026","author":"admin","date":"14. janu\u00e1ra 2026","format":false,"excerpt":"POZV\u00c1NKA Pod\u013ea \u00a7 13 ods.4 p\u00edsm.a) z\u00e1kona \u010d.369\/1990 o\u00a0obecnom zriaden\u00ed v\u00a0znen\u00ed neskor\u0161\u00edch predpisov zvol\u00e1vammimoriadne zasadnutie obecn\u00e9ho zastupite\u013estva v\u00a0Hornej Mi\u010dinej, ktor\u00e9 sa uskuto\u010dn\u00ed d\u0148a 17.1.2026 o\u00a017:00 hod. v\u00a0dennom centre obecn\u00e9ho \u00faradu. \u00a0 \u00a0 \u00a0 \u00a0 \u00a0 \u00a0 \u00a0 \u00a0 \u00a0 \u00a0 \u00a0 \u00a0 \u00a0 \u00a0 \u00a0 \u00a0 \u00a0 \u00a0 \u00a0 \u00a0\u2026","rel":"","context":"V &quot;D\u00f4le\u017eit\u00e9&quot;","block_context":{"text":"D\u00f4le\u017eit\u00e9","link":"https:\/\/www.hornamicina.eu\/web\/category\/dolezite\/"},"img":{"alt_text":"","src":"https:\/\/i0.wp.com\/www.hornamicina.eu\/web\/wp-content\/uploads\/2017\/07\/zastupitelstvo.jpg?fit=530%2C375&ssl=1&resize=350%2C200","width":350,"height":200,"srcset":"https:\/\/i0.wp.com\/www.hornamicina.eu\/web\/wp-content\/uploads\/2017\/07\/zastupitelstvo.jpg?fit=530%2C375&ssl=1&resize=350%2C200 1x, https:\/\/i0.wp.com\/www.hornamicina.eu\/web\/wp-content\/uploads\/2017\/07\/zastupitelstvo.jpg?fit=530%2C375&ssl=1&resize=525%2C300 1.5x"},"classes":[]},{"id":3343,"url":"https:\/\/www.hornamicina.eu\/web\/pozvanka-na-ustanovujuce-zasadnutie-oz-obce\/","url_meta":{"origin":3845,"position":4},"title":"Pozv\u00e1nka na ustanovuj\u00face zasadnutie OZ obce","author":"admin","date":"22. novembra 2022","format":false,"excerpt":"Pod\u013ea \u00a712 ods.1 z\u00e1kona \u010d.369\/1990 zb.o obecnom zriaden\u00ed v znen\u00ed neskor\u0161\u00edch predpisov, zvol\u00e1vam ustanovuj\u00face zasadnutie obecn\u00e9ho zastupite\u013estva obce Horn\u00e1 Mi\u010din\u00e1. Term\u00edn: 28.11.2022 o 18:00 hod. v s\u00e1le obecn\u00e9ho \u00faradu Horn\u00e1 Mi\u010din\u00e1 Program \u0160t\u00e1tna hymna SR Otvorenie zasadnutia obecn\u00e9ho zastupite\u013estva Ur\u010denie zapisovate\u013ea a overovate\u013eov z\u00e1pisnice Ozn\u00e1menie v\u00fdsledkov volieb do org\u00e1nov samospr\u00e1vy\u2026","rel":"","context":"V &quot;D\u00f4le\u017eit\u00e9&quot;","block_context":{"text":"D\u00f4le\u017eit\u00e9","link":"https:\/\/www.hornamicina.eu\/web\/category\/dolezite\/"},"img":{"alt_text":"Logo obce a dokumenty","src":"https:\/\/i0.wp.com\/www.hornamicina.eu\/web\/wp-content\/uploads\/2017\/07\/uznesenia.jpg?fit=530%2C530&ssl=1&resize=350%2C200","width":350,"height":200,"srcset":"https:\/\/i0.wp.com\/www.hornamicina.eu\/web\/wp-content\/uploads\/2017\/07\/uznesenia.jpg?fit=530%2C530&ssl=1&resize=350%2C200 1x, https:\/\/i0.wp.com\/www.hornamicina.eu\/web\/wp-content\/uploads\/2017\/07\/uznesenia.jpg?fit=530%2C530&ssl=1&resize=525%2C300 1.5x"},"classes":[]},{"id":3896,"url":"https:\/\/www.hornamicina.eu\/web\/pozvanka-na-zasadnutie-oz-13-9-2023\/","url_meta":{"origin":3845,"position":5},"title":"Pozv\u00e1nka na zasadnutie OZ \u2013 13.9.2023","author":"admin","date":"10. septembra 2023","format":false,"excerpt":"Pozv\u00e1nka na zasadnutie \u00a0obecn\u00e9ho zastupite\u013estva v Hornej Mi\u010dinej, ktor\u00e9 sa uskuto\u010dn\u00ed d\u0148a 13.9.2023 o 18:00hod. v s\u00e1le obecn\u00e9ho \u00faradu. \u00a0 \u00a0\u00a0\u00a0\u00a0\u00a0\u00a0\u00a0\u00a0\u00a0\u00a0\u00a0\u00a0\u00a0\u00a0\u00a0\u00a0\u00a0\u00a0\u00a0\u00a0\u00a0\u00a0\u00a0\u00a0\u00a0\u00a0\u00a0\u00a0\u00a0\u00a0\u00a0 PROGRAM: Otvorenie OZ Program obecn\u00e9ho zastupite\u013estva Vo\u013eba n\u00e1vrhovej komisie, overovate\u013ea z\u00e1pisnice a\u00a0zapisovate\u013ea \u017diados\u0165 p.Pavla Martinca \u010d.59 o odk\u00fapenie obecn\u00e9ho pozemku, parcela C- \u010d.40\/3 o v\u00fdmere 20m2, vedenej na LV-\u2026","rel":"","context":"V &quot;D\u00f4le\u017eit\u00e9&quot;","block_context":{"text":"D\u00f4le\u017eit\u00e9","link":"https:\/\/www.hornamicina.eu\/web\/category\/dolezite\/"},"img":{"alt_text":"","src":"https:\/\/i0.wp.com\/www.hornamicina.eu\/web\/wp-content\/uploads\/2017\/07\/zastupitelstvo.jpg?fit=530%2C375&ssl=1&resize=350%2C200","width":350,"height":200,"srcset":"https:\/\/i0.wp.com\/www.hornamicina.eu\/web\/wp-content\/uploads\/2017\/07\/zastupitelstvo.jpg?fit=530%2C375&ssl=1&resize=350%2C200 1x, https:\/\/i0.wp.com\/www.hornamicina.eu\/web\/wp-content\/uploads\/2017\/07\/zastupitelstvo.jpg?fit=530%2C375&ssl=1&resize=525%2C300 1.5x"},"classes":[]}],"jetpack_likes_enabled":true,"_links":{"self":[{"href":"https:\/\/www.hornamicina.eu\/web\/wp-json\/wp\/v2\/posts\/3845","targetHints":{"allow":["GET"]}}],"collection":[{"href":"https:\/\/www.hornamicina.eu\/web\/wp-json\/wp\/v2\/posts"}],"about":[{"href":"https:\/\/www.hornamicina.eu\/web\/wp-json\/wp\/v2\/types\/post"}],"author":[{"embeddable":true,"href":"https:\/\/www.hornamicina.eu\/web\/wp-json\/wp\/v2\/users\/1"}],"replies":[{"embeddable":true,"href":"https:\/\/www.hornamicina.eu\/web\/wp-json\/wp\/v2\/comments?post=3845"}],"version-history":[{"count":0,"href":"https:\/\/www.hornamicina.eu\/web\/wp-json\/wp\/v2\/posts\/3845\/revisions"}],"wp:featuredmedia":[{"embeddable":true,"href":"https:\/\/www.hornamicina.eu\/web\/wp-json\/wp\/v2\/media\/503"}],"wp:attachment":[{"href":"https:\/\/www.hornamicina.eu\/web\/wp-json\/wp\/v2\/media?parent=3845"}],"wp:term":[{"taxonomy":"category","embeddable":true,"href":"https:\/\/www.hornamicina.eu\/web\/wp-json\/wp\/v2\/categories?post=3845"},{"taxonomy":"post_tag","embeddable":true,"href":"https:\/\/www.hornamicina.eu\/web\/wp-json\/wp\/v2\/tags?post=3845"}],"curies":[{"name":"wp","href":"https:\/\/api.w.org\/{rel}","templated":true}]}}