{"id":3794,"date":"2023-07-24T13:32:01","date_gmt":"2023-07-24T11:32:01","guid":{"rendered":"https:\/\/www.hornamicina.eu\/web\/?p=3794"},"modified":"2023-07-24T13:32:01","modified_gmt":"2023-07-24T11:32:01","slug":"oznamenie-volby-do-nrsr-30-9-2023","status":"publish","type":"post","link":"https:\/\/www.hornamicina.eu\/web\/oznamenie-volby-do-nrsr-30-9-2023\/","title":{"rendered":"Ozn\u00e1menie &#8211; vo\u013eby do NRSR &#8211; 30.9.2023"},"content":{"rendered":"<p>Obec Horn\u00e1 Mi\u010din\u00e1 <strong>zverej\u0148uje e-mailov\u00fa adresu na doru\u010denie ozn\u00e1menia o\u00a0delegovan\u00ed \u010dlena a\u00a0n\u00e1hradn\u00edka do\u00a0okrskovej volebnej komisie<\/strong> pre vo\u013eby do NR SR 2023 konan\u00e9 d\u0148a 30. 09. 2023.<\/p>\n<blockquote><p><a href=\"mailto:hornamicina@gmail.com\">hornamicina@gmail.com<\/a><\/p><\/blockquote>\n<p>Uveden\u00e9 \u00fadaje sa zverej\u0148uj\u00fa na z\u00e1klade usmernenia Ministerstva\u00a0\u00a0\u00a0\u00a0\u00a0 vn\u00fatra SR \u2013 odboru volieb, referenda a\u00a0politick\u00fdch str\u00e1n.<\/p>\n<p>Horn\u00e1 Mi\u010din\u00e1, 24. 07. 2023<\/p>\n<p>&nbsp;<\/p>\n<p>&nbsp;<\/p>\n<p>Ivan Len\u00e1r v.r.<\/p>\n","protected":false},"excerpt":{"rendered":"Obec Horn\u00e1 Mi\u010din\u00e1 zverej\u0148uje e-mailov\u00fa adresu na doru\u010denie ozn\u00e1menia o\u00a0delegovan\u00ed \u010dlena a\u00a0n\u00e1hradn\u00edka do\u00a0okrskovej [&hellip;]","protected":false},"author":1,"featured_media":1610,"comment_status":"closed","ping_status":"open","sticky":false,"template":"","format":"standard","meta":{"advanced_seo_description":"","jetpack_seo_html_title":"","jetpack_seo_noindex":false,"_jetpack_memberships_contains_paid_content":false,"footnotes":""},"categories":[5,32,8],"tags":[],"class_list":["post-3794","post","type-post","status-publish","format-standard","has-post-thumbnail","hentry","category-dolezite","category-uradna-tabula","category-oznamy"],"jetpack_featured_media_url":"https:\/\/i0.wp.com\/www.hornamicina.eu\/web\/wp-content\/uploads\/2019\/10\/volby2020.jpg?fit=503%2C356&ssl=1","jetpack_sharing_enabled":true,"jetpack_shortlink":"https:\/\/wp.me\/p8RsFw-Zc","jetpack-related-posts":[{"id":3784,"url":"https:\/\/www.hornamicina.eu\/web\/volby-2023-oznamenie\/","url_meta":{"origin":3794,"position":0},"title":"Vo\u013eby 2023 &#8211; ozn\u00e1menie","author":"admin","date":"22. j\u00fana 2023","format":false,"excerpt":"Obec Horn\u00e1 Mi\u010din\u00e1 ur\u010duje a zverej\u0148uje volebn\u00fd obvod, volebn\u00e9 miesto: Volebn\u00fd obvod: 1 Volebn\u00e1 miestnos\u0165: Obecn\u00fd \u00farad Uveden\u00e9 \u00fadaje sa zverej\u0148uj\u00fa na z\u00e1klade usmernenia Ministerstva vn\u00fatra SR \u2013 odboru volieb, referenda a\u00a0politick\u00fdch str\u00e1n. \u00a0 Horn\u00e1 Mi\u010din\u00e1, 22. 06. 2023 Ivan Len\u00e1r starosta obce","rel":"","context":"V &quot;D\u00f4le\u017eit\u00e9&quot;","block_context":{"text":"D\u00f4le\u017eit\u00e9","link":"https:\/\/www.hornamicina.eu\/web\/category\/dolezite\/"},"img":{"alt_text":"","src":"https:\/\/i0.wp.com\/www.hornamicina.eu\/web\/wp-content\/uploads\/2019\/10\/volby2020.jpg?fit=503%2C356&ssl=1&resize=350%2C200","width":350,"height":200},"classes":[]},{"id":4093,"url":"https:\/\/www.hornamicina.eu\/web\/volby-prezidenta-sr-2024-urcenie-miesta-okrsku-mailu\/","url_meta":{"origin":3794,"position":1},"title":"Vo\u013eby prezidenta SR &#8211; 2024 &#8211; ur\u010denie miesta, okrsku a emailu na doru\u010dovanie","author":"admin","date":"24. janu\u00e1ra 2024","format":false,"excerpt":"Obec Horn\u00e1 Mi\u010din\u00e1 ur\u010duje pre Vo\u013eby prezidenta Slovenskej republiky v\u00a0roku 2024, ktor\u00e9 sa bud\u00fa kona\u0165 23. 03. 2024 a\u00a006. 04. 2024 \u00a0Volebn\u00fd okrsok \u010d. 1 \u2013 pre cel\u00e9 \u00fazemie obce Horn\u00e1 Mi\u010din\u00e1 Volebn\u00e1 miestnos\u0165 \u010d. 1 \u2013 Obecn\u00fd \u00farad Horn\u00e1 Mi\u010din\u00e1 \u00a0 emailov\u00e1 adresa hornamicina@gmail.com je ur\u010den\u00e1 na: na doru\u010denie\u2026","rel":"","context":"V &quot;D\u00f4le\u017eit\u00e9&quot;","block_context":{"text":"D\u00f4le\u017eit\u00e9","link":"https:\/\/www.hornamicina.eu\/web\/category\/dolezite\/"},"img":{"alt_text":"","src":"https:\/\/i0.wp.com\/www.hornamicina.eu\/web\/wp-content\/uploads\/2019\/01\/volbyPrezidenta.jpg?fit=530%2C530&ssl=1&resize=350%2C200","width":350,"height":200,"srcset":"https:\/\/i0.wp.com\/www.hornamicina.eu\/web\/wp-content\/uploads\/2019\/01\/volbyPrezidenta.jpg?fit=530%2C530&ssl=1&resize=350%2C200 1x, https:\/\/i0.wp.com\/www.hornamicina.eu\/web\/wp-content\/uploads\/2019\/01\/volbyPrezidenta.jpg?fit=530%2C530&ssl=1&resize=525%2C300 1.5x"},"classes":[]},{"id":3210,"url":"https:\/\/www.hornamicina.eu\/web\/2022-oznamenie-volby\/","url_meta":{"origin":3794,"position":2},"title":"2022 &#8211; Ozn\u00e1menie ku vo\u013eb\u00e1m","author":"admin","date":"12. j\u00fala 2022","format":false,"excerpt":"Obec Horn\u00e1 Mi\u010din\u00e1 ur\u010duje a zverej\u0148uje volebn\u00fd obvod a po\u010det poslancov obecn\u00e9ho zastupite\u013estva, ktor\u00fd sa v obci bude voli\u0165: Volebn\u00fd obvod: 1 Po\u010det poslancov obecn\u00e9ho zastupite\u013estva: 5 Volebn\u00e1 miestnos\u0165: Obecn\u00fd \u00farad Zverejnenie po\u010dtu obyvate\u013eov obce ku d\u0148u vyhl\u00e1senia volieb: 680 obyvate\u013eov Uveden\u00e9 \u00fadaje sa zverej\u0148uj\u00fa na z\u00e1klade usmernenia Ministerstva vn\u00fatra\u2026","rel":"","context":"V &quot;D\u00f4le\u017eit\u00e9&quot;","block_context":{"text":"D\u00f4le\u017eit\u00e9","link":"https:\/\/www.hornamicina.eu\/web\/category\/dolezite\/"},"img":{"alt_text":"","src":"https:\/\/i0.wp.com\/www.hornamicina.eu\/web\/wp-content\/uploads\/2018\/07\/volby2022.jpg?fit=530%2C530&ssl=1&resize=350%2C200","width":350,"height":200,"srcset":"https:\/\/i0.wp.com\/www.hornamicina.eu\/web\/wp-content\/uploads\/2018\/07\/volby2022.jpg?fit=530%2C530&ssl=1&resize=350%2C200 1x, https:\/\/i0.wp.com\/www.hornamicina.eu\/web\/wp-content\/uploads\/2018\/07\/volby2022.jpg?fit=530%2C530&ssl=1&resize=525%2C300 1.5x"},"classes":[]},{"id":4157,"url":"https:\/\/www.hornamicina.eu\/web\/volby-do-ep-2024\/","url_meta":{"origin":3794,"position":3},"title":"Vo\u013eby do Eur\u00f3pskeho parlamentu &#8211; 2024 &#8211; ur\u010denie miesta, okrsku a emailu na doru\u010dovanie","author":"admin","date":"4. marca 2024","format":false,"excerpt":"Obec Horn\u00e1 Mi\u010din\u00e1 ur\u010duje pre Vo\u013eby do Eur\u00f3pskeho parlamentu v roku 2024, ktor\u00e9 sa bud\u00fa kona\u0165 8.6.2024 \u00a0Volebn\u00fd okrsok \u010d. 1 \u2013 pre cel\u00e9 \u00fazemie obce Horn\u00e1 Mi\u010din\u00e1 Volebn\u00e1 miestnos\u0165 \u010d. 1 \u2013 Obecn\u00fd \u00farad Horn\u00e1 Mi\u010din\u00e1, 974 01\u00a0 Horn\u00e1 Mi\u010din\u00e1 \u010d. 79 \u00a0 emailov\u00e1 adresa hornamicina@gmail.com je ur\u010den\u00e1 na:\u2026","rel":"","context":"V &quot;D\u00f4le\u017eit\u00e9&quot;","block_context":{"text":"D\u00f4le\u017eit\u00e9","link":"https:\/\/www.hornamicina.eu\/web\/category\/dolezite\/"},"img":{"alt_text":"","src":"https:\/\/i0.wp.com\/www.hornamicina.eu\/web\/wp-content\/uploads\/2019\/03\/euvote.jpg?fit=640%2C419&ssl=1&resize=350%2C200","width":350,"height":200,"srcset":"https:\/\/i0.wp.com\/www.hornamicina.eu\/web\/wp-content\/uploads\/2019\/03\/euvote.jpg?fit=640%2C419&ssl=1&resize=350%2C200 1x, https:\/\/i0.wp.com\/www.hornamicina.eu\/web\/wp-content\/uploads\/2019\/03\/euvote.jpg?fit=640%2C419&ssl=1&resize=525%2C300 1.5x"},"classes":[]},{"id":925,"url":"https:\/\/www.hornamicina.eu\/web\/volby-mesto-obec-2018-oznamenie\/","url_meta":{"origin":3794,"position":4},"title":"Vo\u013eby do org\u00e1nov samospr\u00e1vy obc\u00ed 2018 &#8211; ozn\u00e1menie","author":"admin","date":"14. augusta 2018","format":"aside","excerpt":"Vo\u013eby do org\u00e1nov samospr\u00e1vy obc\u00ed Ozn\u00e1menie Obec Horn\u00e1 Mi\u010din\u00e1 ur\u010duje a zverej\u0148uje volebn\u00fd obvod a po\u010det poslancov obecn\u00e9ho zastupite\u013estva, ktor\u00fd sa v obci bude voli\u0165: Volebn\u00fd obvod: 1 Po\u010det poslancov obecn\u00e9ho zastupite\u013estva: 5 Zverejnenie po\u010dtu obyvate\u013eov obce ku d\u0148u vyhl\u00e1senia volieb: 621 obyvate\u013eov Uveden\u00e9 \u00fadaje sa zverej\u0148uj\u00fa na z\u00e1klade usmernenia\u2026","rel":"","context":"V &quot;Oznamy&quot;","block_context":{"text":"Oznamy","link":"https:\/\/www.hornamicina.eu\/web\/category\/oznamy\/"},"img":{"alt_text":"","src":"https:\/\/i0.wp.com\/www.hornamicina.eu\/web\/wp-content\/uploads\/2018\/07\/volby2018.jpg?fit=530%2C530&ssl=1&resize=350%2C200","width":350,"height":200,"srcset":"https:\/\/i0.wp.com\/www.hornamicina.eu\/web\/wp-content\/uploads\/2018\/07\/volby2018.jpg?fit=530%2C530&ssl=1&resize=350%2C200 1x, https:\/\/i0.wp.com\/www.hornamicina.eu\/web\/wp-content\/uploads\/2018\/07\/volby2018.jpg?fit=530%2C530&ssl=1&resize=525%2C300 1.5x"},"classes":[]},{"id":4193,"url":"https:\/\/www.hornamicina.eu\/web\/vyhlasenie-volby-hlavneho-kontrolora-obce-horna-micina\/","url_meta":{"origin":3794,"position":5},"title":"Vyhl\u00e1senie vo\u013eby hlavn\u00e9ho kontrol\u00f3ra obce Horn\u00e1 Mi\u010din\u00e1","author":"admin","date":"19. marca 2024","format":false,"excerpt":"Obecn\u00e9 zastupite\u013estvo v\u00a0Hornej Mi\u010dinej uznesen\u00edm \u010d. 4\/2024 zo d\u0148a 7.3.2024 v y h l a s u j e v zmysle \u00a7 18a ods. 2 z\u00e1k. \u010d. 369\/1990 Zb. o obecnom zriaden\u00ed v znen\u00ed neskor\u0161\u00edch zmien a predpisov vo\u013ebu hlavn\u00e9ho kontrol\u00f3ra, ktor\u00e1 sa uskuto\u010dn\u00ed d\u0148a 6.6.2024 na zasadnut\u00ed Obecn\u00e9ho zastupite\u013estva\u2026","rel":"","context":"V &quot;D\u00f4le\u017eit\u00e9&quot;","block_context":{"text":"D\u00f4le\u017eit\u00e9","link":"https:\/\/www.hornamicina.eu\/web\/category\/dolezite\/"},"img":{"alt_text":"Logo obce a dokumenty","src":"https:\/\/i0.wp.com\/www.hornamicina.eu\/web\/wp-content\/uploads\/2017\/07\/uznesenia.jpg?fit=530%2C530&ssl=1&resize=350%2C200","width":350,"height":200,"srcset":"https:\/\/i0.wp.com\/www.hornamicina.eu\/web\/wp-content\/uploads\/2017\/07\/uznesenia.jpg?fit=530%2C530&ssl=1&resize=350%2C200 1x, https:\/\/i0.wp.com\/www.hornamicina.eu\/web\/wp-content\/uploads\/2017\/07\/uznesenia.jpg?fit=530%2C530&ssl=1&resize=525%2C300 1.5x"},"classes":[]}],"jetpack_likes_enabled":true,"_links":{"self":[{"href":"https:\/\/www.hornamicina.eu\/web\/wp-json\/wp\/v2\/posts\/3794","targetHints":{"allow":["GET"]}}],"collection":[{"href":"https:\/\/www.hornamicina.eu\/web\/wp-json\/wp\/v2\/posts"}],"about":[{"href":"https:\/\/www.hornamicina.eu\/web\/wp-json\/wp\/v2\/types\/post"}],"author":[{"embeddable":true,"href":"https:\/\/www.hornamicina.eu\/web\/wp-json\/wp\/v2\/users\/1"}],"replies":[{"embeddable":true,"href":"https:\/\/www.hornamicina.eu\/web\/wp-json\/wp\/v2\/comments?post=3794"}],"version-history":[{"count":0,"href":"https:\/\/www.hornamicina.eu\/web\/wp-json\/wp\/v2\/posts\/3794\/revisions"}],"wp:featuredmedia":[{"embeddable":true,"href":"https:\/\/www.hornamicina.eu\/web\/wp-json\/wp\/v2\/media\/1610"}],"wp:attachment":[{"href":"https:\/\/www.hornamicina.eu\/web\/wp-json\/wp\/v2\/media?parent=3794"}],"wp:term":[{"taxonomy":"category","embeddable":true,"href":"https:\/\/www.hornamicina.eu\/web\/wp-json\/wp\/v2\/categories?post=3794"},{"taxonomy":"post_tag","embeddable":true,"href":"https:\/\/www.hornamicina.eu\/web\/wp-json\/wp\/v2\/tags?post=3794"}],"curies":[{"name":"wp","href":"https:\/\/api.w.org\/{rel}","templated":true}]}}