{"id":3786,"date":"2023-06-22T16:26:56","date_gmt":"2023-06-22T14:26:56","guid":{"rendered":"https:\/\/www.hornamicina.eu\/web\/?p=3786"},"modified":"2023-06-22T16:26:56","modified_gmt":"2023-06-22T14:26:56","slug":"zapisnica-zo-zasadnutia-oz-obce-horna-micina-zo-dna-13-6-2023","status":"publish","type":"post","link":"https:\/\/www.hornamicina.eu\/web\/zapisnica-zo-zasadnutia-oz-obce-horna-micina-zo-dna-13-6-2023\/","title":{"rendered":"Z\u00e1pisnica zo zasadnutia OZ obce Horn\u00e1 Mi\u010din\u00e1 zo d\u0148a 13.6.2023"},"content":{"rendered":"<h2 style=\"text-align: center;\"><strong>Z\u00c1PISNICA<\/strong><\/h2>\n<p style=\"text-align: center;\">zo zasadnutia obecn\u00e9ho zastupite\u013estva (\u010falej len OZ) obce\u00a0Horn\u00e1 Mi\u010din\u00e1<\/p>\n<p style=\"text-align: center;\">konan\u00e9ho d\u0148a 13.06.2023 v\u00a0budove obecn\u00e9ho \u00faradu Horn\u00e1 Mi\u010din\u00e1 o\u00a018.30 hod.<\/p>\n<p>&nbsp;<\/p>\n<p>PR\u00cdTOMN\u00cd:<\/p>\n<p>Starosta obce:\u00a0\u00a0\u00a0\u00a0\u00a0\u00a0\u00a0\u00a0\u00a0\u00a0\u00a0\u00a0\u00a0\u00a0\u00a0\u00a0\u00a0\u00a0\u00a0\u00a0\u00a0\u00a0\u00a0\u00a0\u00a0\u00a0\u00a0\u00a0\u00a0 Ivan Len\u00e1r<\/p>\n<p>Poslanci OZ:\u00a0\u00a0\u00a0\u00a0\u00a0\u00a0\u00a0\u00a0\u00a0\u00a0\u00a0\u00a0\u00a0\u00a0\u00a0\u00a0\u00a0\u00a0\u00a0\u00a0\u00a0\u00a0\u00a0\u00a0\u00a0\u00a0\u00a0\u00a0\u00a0\u00a0\u00a0\u00a0 pod\u013ea prilo\u017eenej prezen\u010dnej listiny<\/p>\n<p>Ob\u010dania obce a\u00a0prizvan\u00ed:\u00a0\u00a0\u00a0\u00a0\u00a0\u00a0\u00a0\u00a0\u00a0\u00a0\u00a0\u00a0 pod\u013ea prilo\u017eenej prezen\u010dnej listiny<\/p>\n<p>&nbsp;<\/p>\n<ol>\n<li>Zasadnutie obecn\u00e9ho zastupite\u013estva otvoril a\u00a0viedol starosta obce Ivan Len\u00e1r. Priv\u00edtal pr\u00edtomn\u00fdch poslancov obecn\u00e9ho zastupite\u013estva a\u00a0ob\u010danov obce. Priebeh zastupite\u013estva sa riadil nasledovn\u00fdm programom:<\/li>\n<\/ol>\n<ol>\n<li style=\"list-style-type: none;\">\n<ol>\n<li>Otvorenie<\/li>\n<li>Program OZ<\/li>\n<li>Vo\u013eba n\u00e1vrhovej komisie, overovate\u013eov z\u00e1pisnice a zapisovate\u013ea<\/li>\n<li>Spr\u00e1va o\u00a0v\u00fdsledku kontroly poskytnutia dot\u00e1ci\u00ed z\u00a0rozpo\u010dtu obce Horn\u00e1 Mi\u010din\u00e1 pr\u00e1vnick\u00fdm a\u00a0fyzick\u00fdm osob\u00e1m za rok 2023<\/li>\n<li>Spr\u00e1va o\u00a0v\u00fdsledku kontroly plnenia opatren\u00ed z\u00a0vykonanej kontroly v\u00a01. polroku 2022 \u2013 kontrola pokladne, pokladni\u010dnej hotovosti, finan\u010dn\u00fdch oper\u00e1ci\u00ed vykonan\u00fdch cez poklad\u0148u obce, evidencia dokladov a v\u00fdkon z\u00e1kladnej finan\u010dnej kontroly<\/li>\n<li>Spr\u00e1va o v\u00fdsledku kontroly plnenia opatren\u00ed z vykonanej kontroly v 2. polroku 2022 \u2013 kontrola do\u0161l\u00fdch fakt\u00far, evidencia, v\u00fdkon finan\u010dnej kontroly a s\u00falad s uzatvoren\u00fdmi zmluvami a objedn\u00e1vkami, kontrola finan\u010dn\u00fdch oper\u00e1ci\u00ed s\u00favisiacich s do\u0161l\u00fdmi fakt\u00farami evidovan\u00fdmi a z\u00fa\u010dtovan\u00fdmi v obci<\/li>\n<li>Pl\u00e1n kontrolnej \u010dinnosti hlavnej kontrol\u00f3rky obce na 2. polrok 2023<\/li>\n<li>Stanovisko hlavnej kontrol\u00f3rky obce k\u00a0z\u00e1vere\u010dn\u00e9mu \u00fa\u010dtu obce za rok 2022<\/li>\n<li>Z\u00e1vere\u010dn\u00fd \u00fa\u010det a rozpo\u010dtov\u00e9 hospod\u00e1renie obce Horn\u00e1 Mi\u010din\u00e1 za rok 2022<\/li>\n<li>Z\u00e1mer pren\u00e1jmu ni\u017e\u0161ie identifikovan\u00e9ho majetku obce Horn\u00e1 Mi\u010din\u00e1:<\/li>\n<\/ol>\n<\/li>\n<\/ol>\n<ul>\n<li style=\"list-style-type: none;\">\n<ul>\n<li>parcela \u010d. E-KN 205\/1 o v\u00fdmere 7.252 m2 (LV \u010d. 417) pomocn\u00e9 futbalov\u00e9 ihrisko<\/li>\n<li>parcela \u010d. C-KN 185 o v\u00fdmere 10.644 m2 (LV \u010d. 195) hlavn\u00e9 futbalov\u00e9 ihrisko a\u00a0okolie<\/li>\n<li>parcela \u010d. C-KN 184\/7 o v\u00fdmere 822 m2 (LV \u010d. 195) multifunk\u010dn\u00e9 umel\u00e9 ihrisko<\/li>\n<\/ul>\n<\/li>\n<\/ul>\n<p style=\"padding-left: 80px;\">pre n\u00e1jomcu MFK Dukla Bansk\u00e1 Bystrica za cenu 1,00 \u20ac ro\u010dne s podmienkami n\u00e1jmu v\u00a0zmysle predmetnej n\u00e1jomnej zmluvy, ktor\u00e1 je pr\u00edlohou tohto z\u00e1meru a to ako d\u00f4vod hodn\u00fd osobitn\u00e9ho zrete\u013ea, ktor\u00fdm je podpora \u0161portu a rozvoj infra\u0161trukt\u00fary \u0161portov\u00edsk vo vlastn\u00edctve obce<\/p>\n<ol>\n<li style=\"list-style-type: none;\">\n<ol start=\"11\">\n<li>Extern\u00e9 poradensk\u00e9 slu\u017eby \u201ePl\u00e1n obnovy a odolnosti\u201c \u2013 cenov\u00e1 ponuka na komplexn\u00e9 poradensk\u00e9 slu\u017eby v oblasti pr\u00edpravy \u017eiadosti o pr\u00edspevok z Pl\u00e1nu obnovy na obnovu historick\u00fdch a pamiatkov\u00fdch budov, zni\u017eovania energetickej hospod\u00e1rnosti budov, poradenstvo v oblasti verejn\u00e9ho obstar\u00e1vania a riadenia projektu, zmluva o poskytnut\u00ed slu\u017eby<\/li>\n<li>R\u00f4zne<\/li>\n<li>Diskusia<\/li>\n<li>N\u00e1vrh uznesen\u00ed<\/li>\n<li>Z\u00e1ver<\/li>\n<\/ol>\n<p>&nbsp;<\/li>\n<li>Ur\u010denie n\u00e1vrhovej komisie,\u00a0overovate\u013eov z\u00e1pisnice a zapisovate\u013ea<\/li>\n<\/ol>\n<p style=\"padding-left: 40px;\">N\u00e1vrhov\u00e1 komisia: Teodor Bachleda a\u00a0Jana Baranov\u00e1<\/p>\n<p style=\"padding-left: 40px;\">Overovate\u013e z\u00e1pisnice: \u013dubom\u00edr \u010cerh\u00fd\u0148<\/p>\n<p style=\"padding-left: 40px;\">Zapisovate\u013e: Michal Karkal\u00edk<\/p>\n<p style=\"padding-left: 40px;\">\n<ol start=\"4\">\n<li>Spr\u00e1va o\u00a0v\u00fdsledku kontroly poskytnutia dot\u00e1ci\u00ed z\u00a0rozpo\u010dtu obce Horn\u00e1 Mi\u010din\u00e1 pr\u00e1vnick\u00fdm a\u00a0fyzick\u00fdm osob\u00e1m za rok 2023<\/li>\n<\/ol>\n<ul>\n<li style=\"list-style-type: none;\">\n<ul>\n<li>Poslanci OZ ber\u00fa na vedomie Spr\u00e1vu o\u00a0v\u00fdsledku kontroly poskytnutia dot\u00e1ci\u00ed z\u00a0rozpo\u010dtu obce za rok 2023<\/li>\n<\/ul>\n<\/li>\n<\/ul>\n<p>&nbsp;<\/p>\n<ol start=\"5\">\n<li>Spr\u00e1va o\u00a0v\u00fdsledku kontroly plnenia opatren\u00ed z\u00a0vykonanej kontroly v\u00a01. polroku 2022 \u2013 kontrola pokladne, pokladni\u010dnej hotovosti, finan\u010dn\u00fdch oper\u00e1ci\u00ed vykonan\u00fdch cez poklad\u0148u obce, evidencia dokladov a v\u00fdkon z\u00e1kladnej finan\u010dnej kontroly<\/li>\n<\/ol>\n<ul>\n<li style=\"list-style-type: none;\">\n<ul>\n<li>Poslanci OZ ber\u00fa na vedomie Spr\u00e1vu o\u00a0v\u00fdsledku kontroly plnenia opatren\u00ed z\u00a0vykonanej kontroly v\u00a01. polroku 2022<\/li>\n<\/ul>\n<\/li>\n<\/ul>\n<p>&nbsp;<\/p>\n<ol start=\"6\">\n<li>Spr\u00e1va o v\u00fdsledku kontroly plnenia opatren\u00ed z vykonanej kontroly v 2. polroku 2022 \u2013 kontrola do\u0161l\u00fdch fakt\u00far, evidencia, v\u00fdkon finan\u010dnej kontroly a s\u00falad s uzatvoren\u00fdmi zmluvami a\u00a0objedn\u00e1vkami, kontrola finan\u010dn\u00fdch oper\u00e1ci\u00ed s\u00favisiacich s do\u0161l\u00fdmi fakt\u00farami evidovan\u00fdmi a\u00a0z\u00fa\u010dtovan\u00fdmi v obci<\/li>\n<\/ol>\n<ul>\n<li style=\"list-style-type: none;\">\n<ul>\n<li>Poslanci OZ ber\u00fa na vedomie Spr\u00e1vu o\u00a0v\u00fdsledku kontroly plnenia opatren\u00ed z\u00a0vykonanej kontroly v\u00a01. polroku 2022<\/li>\n<\/ul>\n<\/li>\n<\/ul>\n<p>&nbsp;<\/p>\n<ol start=\"7\">\n<li>Pl\u00e1n kontrolnej \u010dinnosti hlavnej kontrol\u00f3rky obce na 2. polrok 2023<\/li>\n<\/ol>\n<ul>\n<li style=\"list-style-type: none;\">\n<ul>\n<li>Poslanci OZ schv\u00e1lili Pl\u00e1n kontrolnej \u010dinnosti na 2. polrok 2023<\/li>\n<\/ul>\n<\/li>\n<\/ul>\n<p>&nbsp;<\/p>\n<ol start=\"8\">\n<li>Stanovisko hlavnej kontrol\u00f3rky obce k\u00a0z\u00e1vere\u010dn\u00e9mu \u00fa\u010dtu obce za rok 2022<\/li>\n<\/ol>\n<ul>\n<li style=\"list-style-type: none;\">\n<ul>\n<li>Poslanci OZ ber\u00fa na vedomie Stanovisko hlavnej kontrol\u00f3rky k\u00a0z\u00e1vere\u010dn\u00e9mu \u00fa\u010dtu obce<\/li>\n<\/ul>\n<\/li>\n<\/ul>\n<p>&nbsp;<\/p>\n<ol start=\"9\">\n<li>Z\u00e1vere\u010dn\u00fd \u00fa\u010det a rozpo\u010dtov\u00e9 hospod\u00e1renie obce Horn\u00e1 Mi\u010din\u00e1 za rok 2022<\/li>\n<\/ol>\n<ul>\n<li style=\"list-style-type: none;\">\n<ul>\n<li>Poslanci OZ schv\u00e1lili z\u00e1vere\u010dn\u00fd \u00fa\u010det a\u00a0rozpo\u010dtov\u00e9 hospod\u00e1renie obce za rok 2022<\/li>\n<\/ul>\n<\/li>\n<\/ul>\n<p>&nbsp;<\/p>\n<ol start=\"10\">\n<li>Z\u00e1mer pren\u00e1jmu ni\u017e\u0161ie identifikovan\u00e9ho majetku obce Horn\u00e1 Mi\u010din\u00e1:<\/li>\n<\/ol>\n<ul>\n<li style=\"list-style-type: none;\">\n<ul>\n<li>parcela \u010d. E-KN 205\/1 o v\u00fdmere 7.252 m2 (LV \u010d. 417) pomocn\u00e9 futbalov\u00e9 ihrisko<\/li>\n<li>parcela \u010d. C-KN 185 o v\u00fdmere 10.644 m2 (LV \u010d. 195) hlavn\u00e9 futbalov\u00e9 ihrisko a\u00a0okolie<\/li>\n<li>parcela \u010d. C-KN 184\/7 o v\u00fdmere 822 m2 (LV \u010d. 195) multifunk\u010dn\u00e9 umel\u00e9 ihrisko<\/li>\n<\/ul>\n<\/li>\n<\/ul>\n<p style=\"padding-left: 40px;\">pre n\u00e1jomcu MFK Dukla Bansk\u00e1 Bystrica za cenu 1,00 \u20ac ro\u010dne s podmienkami n\u00e1jmu v zmysle predmetnej n\u00e1jomnej zmluvy, ktor\u00e1 je pr\u00edlohou tohto z\u00e1meru a to ako d\u00f4vod hodn\u00fd osobitn\u00e9ho zrete\u013ea, ktor\u00fdm je podpora \u0161portu a rozvoj infra\u0161trukt\u00fary \u0161portov\u00edsk vo vlastn\u00edctve obce<\/p>\n<ul>\n<li style=\"list-style-type: none;\">\n<ul>\n<li>Poslanci OZ schv\u00e1lili z\u00e1mer pren\u00e1jmu \u0161portov\u00fdch pl\u00f4ch vo vlastn\u00edctve obce pre n\u00e1jomcu MFK Dukla BB za sumu 1,00 \u20ac ro\u010dne<\/li>\n<\/ul>\n<\/li>\n<\/ul>\n<p>&nbsp;<\/p>\n<ol start=\"11\">\n<li>Extern\u00e9 poradensk\u00e9 slu\u017eby \u201ePl\u00e1n obnovy a odolnosti\u201c \u2013 cenov\u00e1 ponuka na komplexn\u00e9 poradensk\u00e9 slu\u017eby v oblasti pr\u00edpravy \u017eiadosti o pr\u00edspevok z Pl\u00e1nu obnovy na obnovu historick\u00fdch a pamiatkov\u00fdch budov, zni\u017eovania energetickej hospod\u00e1rnosti budov, poradenstvo v oblasti verejn\u00e9ho obstar\u00e1vania a riadenia projektu, zmluva o poskytnut\u00ed slu\u017eby<\/li>\n<\/ol>\n<ul>\n<li style=\"list-style-type: none;\">\n<ul>\n<li>Poslanci OZ schv\u00e1lili cenov\u00fa ponuku spolo\u010dnosti Space Studio Design, s.r.o.<\/li>\n<li>Poslanci OZ doporu\u010duj\u00fa starostovi obce overi\u0165 recenzie spolo\u010dnosti Space Studio Design, s.r.o. pred podpisom zmluvy o\u00a0poskytnut\u00ed slu\u017eby<\/li>\n<\/ul>\n<\/li>\n<\/ul>\n<ol start=\"12\">\n<li>R\u00f4zne<\/li>\n<\/ol>\n<ul>\n<li style=\"list-style-type: none;\">\n<ul>\n<li>rekon\u0161trukcia cesty II. triedy (hlavn\u00e1 cesta v\u00a0obci)<\/li>\n<li>zav\u00e1dzanie Wi-Fi do verejn\u00fdch obecn\u00fdch priestorov<\/li>\n<li>rekon\u0161trukcia obecn\u00e9ho mosta<\/li>\n<li>rekon\u0161trukcia miestnych komunik\u00e1ci\u00ed<\/li>\n<li>\u00fazemn\u00fd pl\u00e1n obce<\/li>\n<\/ul>\n<\/li>\n<\/ul>\n<p>&nbsp;<\/p>\n<ol start=\"13\">\n<li>Diskusia<\/li>\n<\/ol>\n<p>&nbsp;<\/p>\n<ol start=\"14\">\n<li>N\u00e1vrh uznesen\u00ed<\/li>\n<\/ol>\n<ul>\n<li style=\"list-style-type: none;\">\n<ul>\n<li>N\u00e1vrh uznesen\u00ed OZ bol schv\u00e1len\u00fd<\/li>\n<\/ul>\n<\/li>\n<\/ul>\n<p>&nbsp;<\/p>\n<ol start=\"15\">\n<li>Z\u00e1ver<\/li>\n<\/ol>\n<p>&nbsp;<\/p>\n<p>&nbsp;<\/p>\n<p>Zapisovate\u013e:\u00a0\u00a0\u00a0\u00a0\u00a0\u00a0\u00a0\u00a0\u00a0 Michal Karkal\u00edk<\/p>\n<p>Overovate\u013e:\u00a0\u00a0\u00a0\u00a0\u00a0\u00a0\u00a0\u00a0\u00a0 \u013dubom\u00edr \u010cerh\u00fd\u0148<\/p>\n<p>Starosta:\u00a0\u00a0\u00a0\u00a0\u00a0\u00a0\u00a0\u00a0\u00a0\u00a0\u00a0\u00a0\u00a0\u00a0 Ivan Len\u00e1r<\/p>\n<p>&nbsp;<\/p>\n","protected":false},"excerpt":{"rendered":"Z\u00c1PISNICA zo zasadnutia obecn\u00e9ho zastupite\u013estva (\u010falej len OZ) obce\u00a0Horn\u00e1 Mi\u010din\u00e1 konan\u00e9ho d\u0148a 13.06.2023 [&hellip;]","protected":false},"author":1,"featured_media":503,"comment_status":"closed","ping_status":"open","sticky":false,"template":"","format":"standard","meta":{"advanced_seo_description":"","jetpack_seo_html_title":"","jetpack_seo_noindex":false,"_jetpack_memberships_contains_paid_content":false,"footnotes":""},"categories":[5,32,8,30],"tags":[],"class_list":["post-3786","post","type-post","status-publish","format-standard","has-post-thumbnail","hentry","category-dolezite","category-uradna-tabula","category-oznamy","category-zastupitelstvo"],"jetpack_featured_media_url":"https:\/\/i0.wp.com\/www.hornamicina.eu\/web\/wp-content\/uploads\/2017\/07\/zastupitelstvo.jpg?fit=530%2C375&ssl=1","jetpack_sharing_enabled":true,"jetpack_shortlink":"https:\/\/wp.me\/p8RsFw-Z4","jetpack-related-posts":[{"id":3894,"url":"https:\/\/www.hornamicina.eu\/web\/zapisnica-a-uznesenia-oz-zo-dna-22-8-2023\/","url_meta":{"origin":3786,"position":0},"title":"Z\u00e1pisnica a uznesenia OZ zo d\u0148a 22.8.2023","author":"admin","date":"30. augusta 2023","format":false,"excerpt":"Z\u00c1PISNICA Z mimoriadneho zasadnutia obecn\u00e9ho zastupite\u013estva(\u010falej len OZ) v Hornej Mi\u010dinej konan\u00e9ho d\u0148a 22.8.2023 v s\u00e1le obecn\u00e9ho \u00faradu Horn\u00e1 Mi\u010din\u00e1 o 19:00 hod. PR\u00cdTOMN\u00cd: Starosta obce: Ivan Len\u00e1r Poslanci OZ: Janka Baranov\u00e1,Teodor Bachleda,Tibor Pip\u00ed\u0161ka,\u013dubom\u00edr \u010cerh\u00fd\u0148 NEPR\u00cdTOMN\u00dd: Michal Karkal\u00edk Ob\u010dania obce a pozvan\u00ed: pod\u013ea prilo\u017eenej prezen\u010dnej listiny Zasadnutie OZ otvoril a\u2026","rel":"","context":"V &quot;Uznesenia&quot;","block_context":{"text":"Uznesenia","link":"https:\/\/www.hornamicina.eu\/web\/category\/uznesenia\/"},"img":{"alt_text":"Logo obce a dokumenty","src":"https:\/\/i0.wp.com\/www.hornamicina.eu\/web\/wp-content\/uploads\/2017\/07\/uznesenia.jpg?fit=530%2C530&ssl=1&resize=350%2C200","width":350,"height":200,"srcset":"https:\/\/i0.wp.com\/www.hornamicina.eu\/web\/wp-content\/uploads\/2017\/07\/uznesenia.jpg?fit=530%2C530&ssl=1&resize=350%2C200 1x, https:\/\/i0.wp.com\/www.hornamicina.eu\/web\/wp-content\/uploads\/2017\/07\/uznesenia.jpg?fit=530%2C530&ssl=1&resize=525%2C300 1.5x"},"classes":[]},{"id":4924,"url":"https:\/\/www.hornamicina.eu\/web\/zapisnica-so-zasadnutia-zastupitelstva-obce-hm-9-2024\/","url_meta":{"origin":3786,"position":1},"title":"Z\u00e1pisnica so zasadnutia zastupite\u013estva obce HM &#8211; 9\/2024","author":"admin","date":"23. septembra 2024","format":false,"excerpt":"Z\u00c1PISNICA zo zasadnutia obecn\u00e9ho zastupite\u013estva (\u010falej len OZ) obce\u00a0Horn\u00e1 Mi\u010din\u00e1 konan\u00e9ho d\u0148a 16.9.2024 v budove obecn\u00e9ho \u00faradu Horn\u00e1 Mi\u010din\u00e1 o 17:00 hod. \u00a0 PR\u00cdTOMN\u00cd: Starosta obce:\u00a0\u00a0\u00a0\u00a0\u00a0\u00a0\u00a0\u00a0\u00a0\u00a0\u00a0\u00a0\u00a0\u00a0\u00a0\u00a0\u00a0\u00a0\u00a0\u00a0\u00a0\u00a0\u00a0\u00a0\u00a0\u00a0\u00a0\u00a0\u00a0 Ivan Len\u00e1r Poslanci OZ:\u00a0\u00a0\u00a0\u00a0\u00a0\u00a0\u00a0\u00a0\u00a0\u00a0\u00a0\u00a0\u00a0\u00a0\u00a0\u00a0\u00a0\u00a0\u00a0\u00a0\u00a0\u00a0\u00a0\u00a0\u00a0\u00a0\u00a0\u00a0\u00a0\u00a0\u00a0\u00a0 pod\u013ea prilo\u017eenej prezen\u010dnej listiny Ob\u010dania obce a\u00a0prizvan\u00ed:\u00a0\u00a0\u00a0\u00a0\u00a0\u00a0\u00a0\u00a0\u00a0\u00a0\u00a0\u00a0 pod\u013ea prilo\u017eenej prezen\u010dnej listiny \u00a0 Zasadnutie obecn\u00e9ho zastupite\u013estva otvoril a\u00a0viedol starosta obce Ivan\u2026","rel":"","context":"V &quot;D\u00f4le\u017eit\u00e9&quot;","block_context":{"text":"D\u00f4le\u017eit\u00e9","link":"https:\/\/www.hornamicina.eu\/web\/category\/dolezite\/"},"img":{"alt_text":"","src":"https:\/\/i0.wp.com\/www.hornamicina.eu\/web\/wp-content\/uploads\/2017\/07\/zastupitelstvo.jpg?fit=530%2C375&ssl=1&resize=350%2C200","width":350,"height":200,"srcset":"https:\/\/i0.wp.com\/www.hornamicina.eu\/web\/wp-content\/uploads\/2017\/07\/zastupitelstvo.jpg?fit=530%2C375&ssl=1&resize=350%2C200 1x, https:\/\/i0.wp.com\/www.hornamicina.eu\/web\/wp-content\/uploads\/2017\/07\/zastupitelstvo.jpg?fit=530%2C375&ssl=1&resize=525%2C300 1.5x"},"classes":[]},{"id":3317,"url":"https:\/\/www.hornamicina.eu\/web\/zapisnica-zo-zasadnutia-obecneho-zastupitelstva-28-9-2022\/","url_meta":{"origin":3786,"position":2},"title":"Z\u00e1pisnica zo zasadnutia obecneho zastupite\u013estva &#8211; 28.9.2022","author":"admin","date":"14. okt\u00f3bra 2022","format":false,"excerpt":"Z\u00c1PISNICA zo zasadnutia obecn\u00e9ho zastupite\u013estva (\u010falej len OZ) obce\u00a0Horn\u00e1 Mi\u010din\u00e1 konan\u00e9ho d\u0148a 28.09.2022 v\u00a0budove obecn\u00e9ho \u00faradu Horn\u00e1 Mi\u010din\u00e1 o\u00a019.00 hod. \u00a0 PR\u00cdTOMN\u00cd: Starosta obce:\u00a0\u00a0\u00a0\u00a0\u00a0\u00a0\u00a0\u00a0\u00a0\u00a0\u00a0\u00a0\u00a0\u00a0\u00a0\u00a0\u00a0\u00a0\u00a0\u00a0\u00a0\u00a0\u00a0\u00a0\u00a0\u00a0\u00a0\u00a0\u00a0\u00a0\u00a0 Ivan Len\u00e1r Poslanci OZ:\u00a0 \u00a0 \u00a0 \u00a0 \u00a0 \u00a0 \u00a0 \u00a0 \u00a0 \u00a0 \u00a0 \u00a0 \u00a0 \u00a0 \u00a0 \u00a0 \u00a0 pod\u013ea prezen\u010dnej listiny Ob\u010dania obce a\u2026","rel":"","context":"V &quot;Oznamy&quot;","block_context":{"text":"Oznamy","link":"https:\/\/www.hornamicina.eu\/web\/category\/oznamy\/"},"img":{"alt_text":"Logo obce a dokumenty","src":"https:\/\/i0.wp.com\/www.hornamicina.eu\/web\/wp-content\/uploads\/2017\/07\/uznesenia.jpg?fit=530%2C530&ssl=1&resize=350%2C200","width":350,"height":200,"srcset":"https:\/\/i0.wp.com\/www.hornamicina.eu\/web\/wp-content\/uploads\/2017\/07\/uznesenia.jpg?fit=530%2C530&ssl=1&resize=350%2C200 1x, https:\/\/i0.wp.com\/www.hornamicina.eu\/web\/wp-content\/uploads\/2017\/07\/uznesenia.jpg?fit=530%2C530&ssl=1&resize=525%2C300 1.5x"},"classes":[]},{"id":3902,"url":"https:\/\/www.hornamicina.eu\/web\/zapisnica-zo-zasadnutia-oz-13-9-2023\/","url_meta":{"origin":3786,"position":3},"title":"Z\u00e1pisnica zo zasadnutia OZ &#8211; 13.9.2023","author":"admin","date":"22. septembra 2023","format":false,"excerpt":"\u00a0\u00a0\u00a0\u00a0\u00a0\u00a0\u00a0\u00a0\u00a0\u00a0\u00a0\u00a0\u00a0\u00a0\u00a0\u00a0\u00a0\u00a0\u00a0\u00a0\u00a0\u00a0\u00a0\u00a0\u00a0 \u00a0\u00a0\u00a0\u00a0\u00a0\u00a0\u00a0\u00a0\u00a0\u00a0\u00a0\u00a0\u00a0\u00a0\u00a0\u00a0\u00a0\u00a0\u00a0\u00a0\u00a0\u00a0\u00a0\u00a0\u00a0\u00a0Z\u00c1PISNICA Zo zasadnutia obecn\u00e9ho zastupite\u013estva (\u010falej len OZ) v\u00a0Hornej Mi\u010dinej konan\u00e9ho d\u0148a 13.9.2023 v\u00a0s\u00e1le obecn\u00e9ho \u00faradu Horn\u00e1 Mi\u010din\u00e1 o\u00a018:00 hod. \u00a0 N\u00e1vrh programu \u00a0OZ: Otvorenie Program obecn\u00e9ho zastupite\u013estva Vo\u013eba n\u00e1vrhovej komisie,overovate\u013ea z\u00e1pisnice a\u00a0zapisovate\u013ea \u017diados\u0165 p.Pavla Martinca \u010d.59 o odk\u00fapenie obecn\u00e9ho pozemku,parcela C-\u010d.40\/3 o v\u00fdmere 20m2,vedenej na LV-195 vo vlastn\u00edctve\u2026","rel":"","context":"V &quot;Oznamy&quot;","block_context":{"text":"Oznamy","link":"https:\/\/www.hornamicina.eu\/web\/category\/oznamy\/"},"img":{"alt_text":"","src":"https:\/\/i0.wp.com\/www.hornamicina.eu\/web\/wp-content\/uploads\/2017\/07\/zastupitelstvo.jpg?fit=530%2C375&ssl=1&resize=350%2C200","width":350,"height":200,"srcset":"https:\/\/i0.wp.com\/www.hornamicina.eu\/web\/wp-content\/uploads\/2017\/07\/zastupitelstvo.jpg?fit=530%2C375&ssl=1&resize=350%2C200 1x, https:\/\/i0.wp.com\/www.hornamicina.eu\/web\/wp-content\/uploads\/2017\/07\/zastupitelstvo.jpg?fit=530%2C375&ssl=1&resize=525%2C300 1.5x"},"classes":[]},{"id":5641,"url":"https:\/\/www.hornamicina.eu\/web\/zapisnica-z-mimoriadneho-zasadnutia-oz-obce-horna-micina-17-1-2026\/","url_meta":{"origin":3786,"position":4},"title":"Z\u00e1pisnica z mimoriadneho zasadnutia OZ obce Horn\u00e1 Mi\u010din\u00e1 &#8211; 17.1.2026","author":"admin","date":"22. janu\u00e1ra 2026","format":false,"excerpt":"Z\u00c1PISNICA Z mimoriadneho zasadnutia obecn\u00e9ho zastupite\u013estva (\u010falej len OZ) obce Horn\u00e1 Mi\u010din\u00e1 konan\u00e9ho d\u0148a 17.1.2026 v budove obecn\u00e9ho \u00faradu Horn\u00e1 Mi\u010din\u00e1 o 17:00 hod. k bodu 1: PR\u00cdTOMN\u00cd: Starosta obce: Ivan Len\u00e1r Poslanci OZ: pod\u013ea prilo\u017eenej prezen\u010dnej listiny Ob\u010dania obce a prizvan\u00ed: pod\u013ea prilo\u017eenej prezen\u010dnej listiny Zasadnutie obecn\u00e9ho zastupite\u013estva otvoril\u2026","rel":"","context":"V &quot;Zastupite\u013estvo&quot;","block_context":{"text":"Zastupite\u013estvo","link":"https:\/\/www.hornamicina.eu\/web\/category\/zastupitelstvo\/"},"img":{"alt_text":"","src":"https:\/\/i0.wp.com\/www.hornamicina.eu\/web\/wp-content\/uploads\/2017\/07\/zastupitelstvo.jpg?fit=530%2C375&ssl=1&resize=350%2C200","width":350,"height":200,"srcset":"https:\/\/i0.wp.com\/www.hornamicina.eu\/web\/wp-content\/uploads\/2017\/07\/zastupitelstvo.jpg?fit=530%2C375&ssl=1&resize=350%2C200 1x, https:\/\/i0.wp.com\/www.hornamicina.eu\/web\/wp-content\/uploads\/2017\/07\/zastupitelstvo.jpg?fit=530%2C375&ssl=1&resize=525%2C300 1.5x"},"classes":[]},{"id":5348,"url":"https:\/\/www.hornamicina.eu\/web\/zapisnica-zo-zasadnutia-oz-hm-26-6-2025\/","url_meta":{"origin":3786,"position":5},"title":"Z\u00e1pisnica zo zasadnutia OZ HM &#8211; 26.6.2025","author":"admin","date":"3. j\u00fala 2025","format":false,"excerpt":"Z\u00c1PISNICA zo zasadnutia obecn\u00e9ho zastupite\u013estva (\u010falej len OZ) obce\u00a0Horn\u00e1 Mi\u010din\u00e1 konan\u00e9ho d\u0148a26.6.2025 v\u00a0budove obecn\u00e9ho \u00faradu Horn\u00e1 Mi\u010din\u00e1 o\u00a016:00 hod. \u00a0 k\u00a0bodu 1: PR\u00cdTOMN\u00cd: Starosta obce:\u00a0\u00a0\u00a0\u00a0\u00a0\u00a0\u00a0\u00a0\u00a0\u00a0\u00a0\u00a0\u00a0\u00a0\u00a0\u00a0\u00a0\u00a0\u00a0\u00a0\u00a0\u00a0\u00a0\u00a0\u00a0\u00a0\u00a0\u00a0\u00a0\u00a0 Ivan Len\u00e1r Poslanci OZ:\u00a0\u00a0\u00a0\u00a0\u00a0\u00a0\u00a0\u00a0\u00a0\u00a0\u00a0\u00a0\u00a0\u00a0\u00a0\u00a0\u00a0\u00a0\u00a0\u00a0\u00a0\u00a0\u00a0\u00a0\u00a0\u00a0\u00a0\u00a0\u00a0\u00a0\u00a0\u00a0\u00a0\u00a0 Tibor Pip\u00ed\u0161ka, M.Karkal\u00edk, \u013d.\u010cerh\u00fd\u0148 Nepr\u00edtomn\u00ed poslanci :\u00a0\u00a0\u00a0\u00a0\u00a0\u00a0\u00a0\u00a0\u00a0\u00a0\u00a0\u00a0\u00a0\u00a0\u00a0\u00a0\u00a0 Janka Baranov\u00e1 ,Teodor Bachleda Ob\u010dania obce a\u00a0prizvan\u00ed:\u00a0\u00a0\u00a0\u00a0\u00a0\u00a0\u00a0\u00a0\u00a0\u00a0\u00a0\u00a0 pod\u013ea prilo\u017eenej prezen\u010dnej listiny \u00a0 Zasadnutie obecn\u00e9ho\u2026","rel":"","context":"V &quot;Zastupite\u013estvo&quot;","block_context":{"text":"Zastupite\u013estvo","link":"https:\/\/www.hornamicina.eu\/web\/category\/zastupitelstvo\/"},"img":{"alt_text":"","src":"https:\/\/i0.wp.com\/www.hornamicina.eu\/web\/wp-content\/uploads\/2017\/07\/zastupitelstvo.jpg?fit=530%2C375&ssl=1&resize=350%2C200","width":350,"height":200,"srcset":"https:\/\/i0.wp.com\/www.hornamicina.eu\/web\/wp-content\/uploads\/2017\/07\/zastupitelstvo.jpg?fit=530%2C375&ssl=1&resize=350%2C200 1x, https:\/\/i0.wp.com\/www.hornamicina.eu\/web\/wp-content\/uploads\/2017\/07\/zastupitelstvo.jpg?fit=530%2C375&ssl=1&resize=525%2C300 1.5x"},"classes":[]}],"jetpack_likes_enabled":true,"_links":{"self":[{"href":"https:\/\/www.hornamicina.eu\/web\/wp-json\/wp\/v2\/posts\/3786","targetHints":{"allow":["GET"]}}],"collection":[{"href":"https:\/\/www.hornamicina.eu\/web\/wp-json\/wp\/v2\/posts"}],"about":[{"href":"https:\/\/www.hornamicina.eu\/web\/wp-json\/wp\/v2\/types\/post"}],"author":[{"embeddable":true,"href":"https:\/\/www.hornamicina.eu\/web\/wp-json\/wp\/v2\/users\/1"}],"replies":[{"embeddable":true,"href":"https:\/\/www.hornamicina.eu\/web\/wp-json\/wp\/v2\/comments?post=3786"}],"version-history":[{"count":0,"href":"https:\/\/www.hornamicina.eu\/web\/wp-json\/wp\/v2\/posts\/3786\/revisions"}],"wp:featuredmedia":[{"embeddable":true,"href":"https:\/\/www.hornamicina.eu\/web\/wp-json\/wp\/v2\/media\/503"}],"wp:attachment":[{"href":"https:\/\/www.hornamicina.eu\/web\/wp-json\/wp\/v2\/media?parent=3786"}],"wp:term":[{"taxonomy":"category","embeddable":true,"href":"https:\/\/www.hornamicina.eu\/web\/wp-json\/wp\/v2\/categories?post=3786"},{"taxonomy":"post_tag","embeddable":true,"href":"https:\/\/www.hornamicina.eu\/web\/wp-json\/wp\/v2\/tags?post=3786"}],"curies":[{"name":"wp","href":"https:\/\/api.w.org\/{rel}","templated":true}]}}