{"id":3757,"date":"2023-06-22T15:43:10","date_gmt":"2023-06-22T13:43:10","guid":{"rendered":"https:\/\/www.hornamicina.eu\/web\/?p=3757"},"modified":"2023-06-22T15:43:10","modified_gmt":"2023-06-22T13:43:10","slug":"oltar-z-kostola-je-spat-na-svojom-mieste","status":"publish","type":"post","link":"https:\/\/www.hornamicina.eu\/web\/oltar-z-kostola-je-spat-na-svojom-mieste\/","title":{"rendered":"Olt\u00e1r z kostola je sp\u00e4\u0165 na svojom mieste"},"content":{"rendered":"<h2 style=\"text-align: center;\">Olt\u00e1r z kostola sv. Michala archanjela v Hornej Mi\u010dinej sa po re\u0161taurovan\u00ed vr\u00e1til na svoje miesto<\/h2>\n<p>Pr\u00edjemn\u00e1 slne\u010dn\u00e1 nede\u013ea 18. j\u00fana 2023 patrila v obci Horn\u00e1 Mi\u010din\u00e1 sl\u00e1vnostnej posviacke novo zre\u0161taurovan\u00e9ho hlavn\u00e9ho olt\u00e1ra v kostole sv. Michala archanjela. Obec a cirkev sa tak do\u010dkali po siedmich rokoch re\u0161taur\u00e1torsk\u00fdch pr\u00e1c n\u00e1vratu n\u00e1dhern\u00e9ho barokov\u00e9ho olt\u00e1ra na p\u00f4vodn\u00e9 miesto. To bola pr\u00edle\u017eitos\u0165 na stretnutie nielen veriacich, ale aj \u010fal\u0161\u00edch obyvate\u013eov zo \u0161ir\u0161ieho okolia. Hornomi\u010dinsk\u00fd kostol toti\u017e od roku 1994 patr\u00ed pod R\u00edmskokatol\u00edcku farnos\u0165 v ne\u010falekom \u010cer\u00edne.<\/p>\n<p>Najstar\u0161\u00ed historick\u00fd objekt Hornej Mi\u010dinej dominuje na kopci napravo od hlavnej cesty smerom od Banskej Bystrice. Ranogotick\u00fd jednolo\u010fov\u00fd kostol s kvadratick\u00fdm presbyt\u00e9riom, severnou sakristiou a samostatnou drevenou zvonicou bol postaven\u00fd okolo roku 1300. Podobn\u00e9 stavby mo\u017eno n\u00e1js\u0165 v bl\u00edzkom \u010cer\u00edne a Ponik\u00e1ch. Koncom 14. storo\u010dia bol vyzdoben\u00fd freskami, pod\u013ea jedn\u00e9ho fragmentu ich zrejme ma\u013eoval ten ist\u00fd umelec ako \u010das\u0165 v\u00fdzdoby v \u010cer\u00edne. V priebehu 18. storo\u010dia bol kostol\u00edk upravovan\u00fd a dostal nov\u00e9 vn\u00fatorn\u00e9 vybavenie, ktor\u00e9 sa s\u010dasti zachovalo do s\u00fa\u010dasnosti. V roku 1963 bol vyhl\u00e1sen\u00fd za kult\u00farnu pamiatku.<\/p>\n<p>Barokov\u00fd olt\u00e1r s n\u00e1dhernou v\u00fdzdobou darovali kostolu pred 330 rokmi zemep\u00e1ni z rodu Benick\u00fdch, v hornej \u010dasti je zobrazen\u00fd aj ich erb. Na najvy\u0161\u0161om bode olt\u00e1ra dominuje sv. archanjel Michal.<\/p>\n<p>Za vy\u0161e tri storo\u010dia sa zub \u010dasu podp\u00edsal na stave tejto s\u00fa\u010dasti vn\u00fatorn\u00e9ho vybavenia, preto bolo potrebn\u00e9 odborne zasiahnu\u0165. Takmer sedem rokov trvala pr\u00edprava a realiz\u00e1cia tohto projektu, ktor\u00fd bol zadan\u00fd na vykonanie Re\u0161taur\u00e1torsk\u00fdm ateli\u00e9rom v Bratislave. Celkom na \u0148om pracovalo desa\u0165 re\u0161taur\u00e1torov. D\u00f4le\u017eit\u00e1 bola aj finan\u010dn\u00e1 str\u00e1nka realiz\u00e1cie, zo \u0161t\u00e1tu bolo vy\u010dlenen\u00fdch 40 tis\u00edc eur, zvy\u0161ok do 90 tis\u00edc sa z\u00edskaval zbierkami v cirkvi, medzi ob\u010danmi, podnikate\u013emi a \u010fal\u0161\u00edmi darcami. Dielo sa v\u0161ak podarilo, preto treba po\u010fakova\u0165 v\u0161etk\u00fdm, ktor\u00ed sa pri\u010dinili o fin\u00e1lny v\u00fdsledok. Do zna\u010dnej miery je to z\u00e1sluha aj \u010der\u00ednskeho p\u00e1na far\u00e1ra Du\u0161ana Mes\u00edka, ktor\u00fd sa na om\u0161i prihovoril po\u010detn\u00fdm pr\u00edtomn\u00fdm v k\u00e1zni, liturgoval p\u00e1n far\u00e1r z Medzibrodu Martin Uhr\u00edk. Pr\u00edtomn\u00ed boli starostovia &#8211; Ivan Len\u00e1r z Hornej Mi\u010dinej a Pavel Kme\u0165 z \u010cer\u00edna, nech\u00fdbal ani mi\u010dinsk\u00fd ev. a. v. far\u00e1r Daniel Duraj.<\/p>\n<p>Ka\u017ed\u00fd tak\u00fdto po\u010din pri z\u00e1chrane n\u00e1\u0161ho kult\u00farneho dedi\u010dstva si zasl\u00fa\u017ei \u00factu a uznanie. Treba veri\u0165, \u017ee kostol sv. Michala archanjela v Hornej Mi\u010dinej bude d\u00f4stojnou s\u00fa\u010das\u0165ou nielen cirkevn\u00e9ho \u017eivota, ale aj z\u00e1ujmu n\u00e1v\u0161tevn\u00edkov aj v r\u00e1mci cestovn\u00e9ho ruchu v regi\u00f3ne Severn\u00e9ho Podpo\u013eania.<\/p>\n","protected":false},"excerpt":{"rendered":"Olt\u00e1r z kostola sv. Michala archanjela v Hornej Mi\u010dinej sa po re\u0161taurovan\u00ed vr\u00e1til [&hellip;]","protected":false},"author":1,"featured_media":3759,"comment_status":"closed","ping_status":"open","sticky":false,"template":"","format":"standard","meta":{"advanced_seo_description":"","jetpack_seo_html_title":"","jetpack_seo_noindex":false,"_jetpack_memberships_contains_paid_content":false,"footnotes":""},"categories":[7,8],"tags":[],"class_list":["post-3757","post","type-post","status-publish","format-standard","has-post-thumbnail","hentry","category-kultura","category-oznamy"],"jetpack_featured_media_url":"https:\/\/i0.wp.com\/www.hornamicina.eu\/web\/wp-content\/uploads\/2023\/06\/barokovy-oltar.png?fit=1152%2C709&ssl=1","jetpack_sharing_enabled":true,"jetpack_shortlink":"https:\/\/wp.me\/p8RsFw-YB","jetpack-related-posts":[{"id":1643,"url":"https:\/\/www.hornamicina.eu\/web\/zajazd-kezmarok2\/","url_meta":{"origin":3757,"position":0},"title":"Po stop\u00e1ch svojho rod\u00e1ka &#8211; z\u00e1jazd Ke\u017emarok","author":"admin","date":"19. novembra 2019","format":false,"excerpt":"N\u00e1dhern\u00fa farebn\u00fa scen\u00e9riu tohtoro\u010dnej jesene vyu\u017eili \u010dlenovia Centra seniorov v\u00a0Hornej Mi\u010dinej v\u00a0stredu 16. okt\u00f3bra 2019 na putovanie po stop\u00e1ch svojho rod\u00e1ka \u2013 J\u00e1na Chalupku (1791 - 1871). Tento vzdelan\u00fd mu\u017e, Slovensk\u00fd Eur\u00f3pan od Hrona, bol nielen ev. k\u0148azom, ale aj spisovate\u013eom a\u00a0dramatikom. Dodnes sa pri v\u0161etk\u00fdch mo\u017en\u00fdch a\u00a0hlavne nemo\u017en\u00fdch situ\u00e1ci\u00e1ch\u2026","rel":"","context":"V &quot;Denn\u00e9 centrum obce&quot;","block_context":{"text":"Denn\u00e9 centrum obce","link":"https:\/\/www.hornamicina.eu\/web\/category\/denne-centrum-obce\/"},"img":{"alt_text":"","src":"https:\/\/i0.wp.com\/www.hornamicina.eu\/web\/wp-content\/uploads\/2019\/11\/20191016_115052.jpg?fit=1200%2C900&ssl=1&resize=350%2C200","width":350,"height":200,"srcset":"https:\/\/i0.wp.com\/www.hornamicina.eu\/web\/wp-content\/uploads\/2019\/11\/20191016_115052.jpg?fit=1200%2C900&ssl=1&resize=350%2C200 1x, https:\/\/i0.wp.com\/www.hornamicina.eu\/web\/wp-content\/uploads\/2019\/11\/20191016_115052.jpg?fit=1200%2C900&ssl=1&resize=525%2C300 1.5x, https:\/\/i0.wp.com\/www.hornamicina.eu\/web\/wp-content\/uploads\/2019\/11\/20191016_115052.jpg?fit=1200%2C900&ssl=1&resize=700%2C400 2x, https:\/\/i0.wp.com\/www.hornamicina.eu\/web\/wp-content\/uploads\/2019\/11\/20191016_115052.jpg?fit=1200%2C900&ssl=1&resize=1050%2C600 3x"},"classes":[]},{"id":3327,"url":"https:\/\/www.hornamicina.eu\/web\/tabula-rodaka-odhalena-august-h-krcmery\/","url_meta":{"origin":3757,"position":1},"title":"Pam\u00e4tn\u00e1 tabu\u013ea rod\u00e1ka odhalen\u00e1 &#8211; August H. Kr\u010dm\u00e9ry","author":"admin","date":"29. okt\u00f3bra 2022","format":false,"excerpt":"Rok 1822 je pre slovensk\u00fd n\u00e1rodn\u00fd \u017eivot siln\u00fd z h\u013eadiska narodenia viacer\u00fdch v\u00fdznamn\u00fdch \u0161t\u00farovsk\u00fdch dejate\u013eov ako Janko Kr\u00e1\u013e, J\u00e1n Francisci Rimavsk\u00fd, J\u00e1n Kalin\u010diak, \u0160tefan Marko Daxner a\u00a0mnoh\u00ed \u010fal\u0161\u00ed. Matica slovensk\u00e1 pr\u00e1vom vyhl\u00e1sila tento rok za Rok odkazu \u0161t\u00farovcov. K\u00a0nim mo\u017eno bezosporu prir\u00e1ta\u0165 aj rod\u00e1ka z\u00a0Hornej Mi\u010dinej \u2013 Augusta Horislava Kr\u010dm\u00e9ryho.\u2026","rel":"","context":"V &quot;Denn\u00e9 centrum obce&quot;","block_context":{"text":"Denn\u00e9 centrum obce","link":"https:\/\/www.hornamicina.eu\/web\/category\/denne-centrum-obce\/"},"img":{"alt_text":"","src":"https:\/\/i0.wp.com\/www.hornamicina.eu\/web\/wp-content\/uploads\/2022\/10\/Krcmery-titulka.jpg?fit=1200%2C785&ssl=1&resize=350%2C200","width":350,"height":200,"srcset":"https:\/\/i0.wp.com\/www.hornamicina.eu\/web\/wp-content\/uploads\/2022\/10\/Krcmery-titulka.jpg?fit=1200%2C785&ssl=1&resize=350%2C200 1x, https:\/\/i0.wp.com\/www.hornamicina.eu\/web\/wp-content\/uploads\/2022\/10\/Krcmery-titulka.jpg?fit=1200%2C785&ssl=1&resize=525%2C300 1.5x, https:\/\/i0.wp.com\/www.hornamicina.eu\/web\/wp-content\/uploads\/2022\/10\/Krcmery-titulka.jpg?fit=1200%2C785&ssl=1&resize=700%2C400 2x, https:\/\/i0.wp.com\/www.hornamicina.eu\/web\/wp-content\/uploads\/2022\/10\/Krcmery-titulka.jpg?fit=1200%2C785&ssl=1&resize=1050%2C600 3x"},"classes":[]},{"id":2702,"url":"https:\/\/www.hornamicina.eu\/web\/slachticke-sidla-v-hornej-micinej\/","url_meta":{"origin":3757,"position":2},"title":"\u0160\u013dACHTICK\u00c9 S\u00cdDLA V HORNEJ MI\u010cINEJ","author":"admin","date":"27. okt\u00f3bra 2021","format":false,"excerpt":"NIE\u010cO O (NE)EXISTENCII \u0160\u013dACHTICK\u00ddCH S\u00cdDIEL V HORNEJ MI\u010cINEJ N\u00e1v\u0161tevn\u00edci smeruj\u00faci z Banskej Bystrice od Uhliska mi\u010dinskou dolinou zvy\u010dajne obdivuj\u00fa p\u00f4sobiv\u00fd ka\u0161tie\u013e dominuj\u00faci obci Doln\u00e1 Mi\u010din\u00e1. M\u00e1lokto v\u0161ak vie, \u017ee aj prv\u00e1 obec na uvedenej trase - Horn\u00e1 Mi\u010din\u00e1 - mala a\u017e do sedemdesiatych rokov 20. storo\u010dia tak\u00e9to pansk\u00e9 s\u00eddla -\u2026","rel":"","context":"V &quot;Kult\u00fara&quot;","block_context":{"text":"Kult\u00fara","link":"https:\/\/www.hornamicina.eu\/web\/category\/kultura\/"},"img":{"alt_text":"","src":"https:\/\/i0.wp.com\/www.hornamicina.eu\/web\/wp-content\/uploads\/2021\/10\/HornaMicina1920.jpg?fit=1200%2C751&ssl=1&resize=350%2C200","width":350,"height":200,"srcset":"https:\/\/i0.wp.com\/www.hornamicina.eu\/web\/wp-content\/uploads\/2021\/10\/HornaMicina1920.jpg?fit=1200%2C751&ssl=1&resize=350%2C200 1x, https:\/\/i0.wp.com\/www.hornamicina.eu\/web\/wp-content\/uploads\/2021\/10\/HornaMicina1920.jpg?fit=1200%2C751&ssl=1&resize=525%2C300 1.5x, https:\/\/i0.wp.com\/www.hornamicina.eu\/web\/wp-content\/uploads\/2021\/10\/HornaMicina1920.jpg?fit=1200%2C751&ssl=1&resize=700%2C400 2x, https:\/\/i0.wp.com\/www.hornamicina.eu\/web\/wp-content\/uploads\/2021\/10\/HornaMicina1920.jpg?fit=1200%2C751&ssl=1&resize=1050%2C600 3x"},"classes":[]},{"id":3796,"url":"https:\/\/www.hornamicina.eu\/web\/v-kraji-milana-r-stefanika\/","url_meta":{"origin":3757,"position":3},"title":"V kraji Milana R. \u0160tef\u00e1nika","author":"admin","date":"26. j\u00fala 2023","format":false,"excerpt":"Tohtoro\u010dn\u00fd pozn\u00e1vac\u00ed v\u00fdlet \u010dlenov hornomi\u010dinsk\u00e9ho centra seniorov v\u00a0spolupr\u00e1ci so ZO SZPB patril v\u00fdznamnej osobnosti slovenskej \u0161t\u00e1tnosti \u2013 Milanovi Rastislavovi \u0160tef\u00e1nikovi. V\u00a0stredu 19. j\u00fala 2023 pln\u00fd autobus z\u00e1ujemcov vyrazil na z\u00e1pad Slovenska. Prvou zast\u00e1vkou bol \u0160tef\u00e1nikov rodn\u00fd dom v\u00a0Ko\u0161arisk\u00e1ch, kde sa 21. j\u00fala 1880 narodil na\u00a0ev. fare ako \u0161iesty z\u00a0jeden\u00e1stich det\u00ed.\u2026","rel":"","context":"V &quot;Kult\u00fara&quot;","block_context":{"text":"Kult\u00fara","link":"https:\/\/www.hornamicina.eu\/web\/category\/kultura\/"},"img":{"alt_text":"","src":"https:\/\/i0.wp.com\/www.hornamicina.eu\/web\/wp-content\/uploads\/2023\/08\/IMG_5471-min-scaled.jpg?fit=1200%2C800&ssl=1&resize=350%2C200","width":350,"height":200,"srcset":"https:\/\/i0.wp.com\/www.hornamicina.eu\/web\/wp-content\/uploads\/2023\/08\/IMG_5471-min-scaled.jpg?fit=1200%2C800&ssl=1&resize=350%2C200 1x, https:\/\/i0.wp.com\/www.hornamicina.eu\/web\/wp-content\/uploads\/2023\/08\/IMG_5471-min-scaled.jpg?fit=1200%2C800&ssl=1&resize=525%2C300 1.5x, https:\/\/i0.wp.com\/www.hornamicina.eu\/web\/wp-content\/uploads\/2023\/08\/IMG_5471-min-scaled.jpg?fit=1200%2C800&ssl=1&resize=700%2C400 2x, https:\/\/i0.wp.com\/www.hornamicina.eu\/web\/wp-content\/uploads\/2023\/08\/IMG_5471-min-scaled.jpg?fit=1200%2C800&ssl=1&resize=1050%2C600 3x"},"classes":[]},{"id":1079,"url":"https:\/\/www.hornamicina.eu\/web\/ukoncenie-1-sv-vojna\/","url_meta":{"origin":3757,"position":4},"title":"Horn\u00e1 Mi\u010din\u00e1 si pripomenula koniec 1. svetovej vojny","author":"admin","date":"12. novembra 2018","format":false,"excerpt":"V\u00a0s\u00favislosti s\u00a0vojnov\u00fdmi udalos\u0165ami na za\u010diatku 20. storo\u010dia, ktor\u00fdch storo\u010dnice za\u010diatku i\u00a0konca si v\u00a0posledn\u00fdch rokoch intenz\u00edvne pripom\u00edname, sa aktivizovali aj obyvatelia obce Horn\u00e1 Mi\u010din\u00e1. Najsk\u00f4r sa zapojili do medzin\u00e1rodn\u00e9ho projektu Europeana a\u00a0zozbierali dostupn\u00e9 dokumenty z\u00a01. svetovej vojny, ktor\u00e9 sa v\u00a0rodin\u00e1ch zachovali. Z\u00a0historick\u00fdch fotografi\u00ed h\u013eadia mlad\u00ed mu\u017ei v\u00a0uniform\u00e1ch, ktor\u00ed e\u0161te netu\u0161ili, ak\u00fd\u2026","rel":"","context":"V &quot;Kult\u00fara&quot;","block_context":{"text":"Kult\u00fara","link":"https:\/\/www.hornamicina.eu\/web\/category\/kultura\/"},"img":{"alt_text":"","src":"https:\/\/i0.wp.com\/www.hornamicina.eu\/web\/wp-content\/uploads\/2018\/11\/jazdeckon.jpg?fit=530%2C375&ssl=1&resize=350%2C200","width":350,"height":200,"srcset":"https:\/\/i0.wp.com\/www.hornamicina.eu\/web\/wp-content\/uploads\/2018\/11\/jazdeckon.jpg?fit=530%2C375&ssl=1&resize=350%2C200 1x, https:\/\/i0.wp.com\/www.hornamicina.eu\/web\/wp-content\/uploads\/2018\/11\/jazdeckon.jpg?fit=530%2C375&ssl=1&resize=525%2C300 1.5x"},"classes":[]},{"id":1954,"url":"https:\/\/www.hornamicina.eu\/web\/75vyrocie-oslobodenia\/","url_meta":{"origin":3757,"position":5},"title":"75.v\u00fdro\u010die oslobodenia","author":"admin","date":"13. m\u00e1ja 2020","format":false,"excerpt":"D\u0148a 8.5.2020 sme si polo\u017een\u00edm vencov a zap\u00e1len\u00edm svie\u010dok aj v na\u0161ej obci pripomenuli pietnou spomienkou na v\u0161etk\u00fdch padl\u00fdch a v\u0161etk\u00fdch,ktor\u00ed sa podie\u013eali na oslobodzovac\u00edch bojoch v druhej svetovej vojne. Eur\u00f3pa tento de\u0148 sl\u00e1vi ako De\u0148 v\u00ed\u0165azstva nad fa\u0161izmom a nacizmom. Po\u010fakovanie za organiz\u00e1ciu patr\u00ed ZO ZPB , obecn\u00e9mu \u00faradu\u2026","rel":"","context":"V &quot;Denn\u00e9 centrum obce&quot;","block_context":{"text":"Denn\u00e9 centrum obce","link":"https:\/\/www.hornamicina.eu\/web\/category\/denne-centrum-obce\/"},"img":{"alt_text":"","src":"https:\/\/i0.wp.com\/www.hornamicina.eu\/web\/wp-content\/uploads\/2020\/05\/IMG_20200508_174259-min.jpg?fit=900%2C1200&ssl=1&resize=350%2C200","width":350,"height":200,"srcset":"https:\/\/i0.wp.com\/www.hornamicina.eu\/web\/wp-content\/uploads\/2020\/05\/IMG_20200508_174259-min.jpg?fit=900%2C1200&ssl=1&resize=350%2C200 1x, https:\/\/i0.wp.com\/www.hornamicina.eu\/web\/wp-content\/uploads\/2020\/05\/IMG_20200508_174259-min.jpg?fit=900%2C1200&ssl=1&resize=525%2C300 1.5x, https:\/\/i0.wp.com\/www.hornamicina.eu\/web\/wp-content\/uploads\/2020\/05\/IMG_20200508_174259-min.jpg?fit=900%2C1200&ssl=1&resize=700%2C400 2x"},"classes":[]}],"jetpack_likes_enabled":true,"_links":{"self":[{"href":"https:\/\/www.hornamicina.eu\/web\/wp-json\/wp\/v2\/posts\/3757","targetHints":{"allow":["GET"]}}],"collection":[{"href":"https:\/\/www.hornamicina.eu\/web\/wp-json\/wp\/v2\/posts"}],"about":[{"href":"https:\/\/www.hornamicina.eu\/web\/wp-json\/wp\/v2\/types\/post"}],"author":[{"embeddable":true,"href":"https:\/\/www.hornamicina.eu\/web\/wp-json\/wp\/v2\/users\/1"}],"replies":[{"embeddable":true,"href":"https:\/\/www.hornamicina.eu\/web\/wp-json\/wp\/v2\/comments?post=3757"}],"version-history":[{"count":0,"href":"https:\/\/www.hornamicina.eu\/web\/wp-json\/wp\/v2\/posts\/3757\/revisions"}],"wp:featuredmedia":[{"embeddable":true,"href":"https:\/\/www.hornamicina.eu\/web\/wp-json\/wp\/v2\/media\/3759"}],"wp:attachment":[{"href":"https:\/\/www.hornamicina.eu\/web\/wp-json\/wp\/v2\/media?parent=3757"}],"wp:term":[{"taxonomy":"category","embeddable":true,"href":"https:\/\/www.hornamicina.eu\/web\/wp-json\/wp\/v2\/categories?post=3757"},{"taxonomy":"post_tag","embeddable":true,"href":"https:\/\/www.hornamicina.eu\/web\/wp-json\/wp\/v2\/tags?post=3757"}],"curies":[{"name":"wp","href":"https:\/\/api.w.org\/{rel}","templated":true}]}}