{"id":3671,"date":"2023-04-27T13:47:55","date_gmt":"2023-04-27T11:47:55","guid":{"rendered":"https:\/\/www.hornamicina.eu\/web\/?p=3671"},"modified":"2023-04-27T13:49:49","modified_gmt":"2023-04-27T11:49:49","slug":"poznavaci-vylet-do-spanej-doliny","status":"publish","type":"post","link":"https:\/\/www.hornamicina.eu\/web\/poznavaci-vylet-do-spanej-doliny\/","title":{"rendered":"Pozn\u00e1vac\u00ed v\u00fdlet do \u0160panej Doliny"},"content":{"rendered":"<p>Centrum seniorov v\u00a0spolupr\u00e1ci so ZO SZPB v\u00a0Hornej Mi\u010dinej si napl\u00e1novalo na stredu 26. apr\u00edla 2023 pozn\u00e1vac\u00ed v\u00fdlet do ne\u010falekej sl\u00e1vnej ban\u00edckej obce \u0160pania Dolina.<\/p>\n<p>Po pr\u00edchod do centra zamierili k pam\u00e4tn\u00edku SNP a\u00a0vzdali \u00factu obetiam protifa\u0161istick\u00e9ho odboja. Potom u\u017e venovali pozornos\u0165 najstar\u0161ej hist\u00f3rii jedine\u010dnej \u201emedenej\u201c krajiny, ktor\u00e1 sa presl\u00e1vila \u0165a\u017ebou medenej aj striebornej rudy. V\u00a0obci mo\u017eno n\u00e1js\u0165 mno\u017estvo informa\u010dn\u00fdch tab\u00fa\u013e a\u00a0ma\u013eovan\u00fdch m\u00e1p, ktor\u00e9 na to upozor\u0148uj\u00fa a\u00a0ved\u00fa n\u00e1v\u0161tevn\u00edkov tak, aby nevynechali \u017eiadnu atrakciu.<\/p>\n<p>Seniori z\u00a0Hornej Mi\u010dinej nazreli do vchodov jednotliv\u00fdch \u0161\u00e1cht, zastavili sa pri ban\u00edckych voz\u00edkoch, pam\u00e4tn\u00fdch tabuliach rod\u00e1kov, no zaujal ich najm\u00e4 atrakt\u00edvny ban\u00edcky orloj, ktor\u00fd bol osaden\u00fd r. 2004. Hlavn\u00fdm bodom programu bola n\u00e1v\u0161teva Historickej \u0161koly prof. Jozefa Mistr\u00edka, v\u00a0ktorej ich p. u\u010dite\u013eka Dr. Katar\u00edna Lucinkiewicov\u00e1 previedla hist\u00f3riou \u0161kolstva v\u00a0p\u00f4vodne zariadenej triede, ktor\u00fa si star\u0161\u00ed pam\u00e4taj\u00fa z\u00a0detstva, sk\u00fasili si p\u00edsanie hus\u00edm perom a\u00a0atramentom, dozvedeli sa zauj\u00edmavosti z\u00a0ban\u00edckej hist\u00f3rie obce, ktor\u00e1 svoje poklady \u0165a\u017ekou pr\u00e1cou z\u00edskavala z\u00a0\u00fatrob zeme. Me\u010f zo \u0160panej Doliny sa vyv\u00e1\u017eala nielen do celej Eur\u00f3py, ale aj sveta. P. u\u010dite\u013eka spracovala svoje poznatky do zauj\u00edmavej knihy najm\u00e4 pre deti s\u00a0n\u00e1zvom Meden\u00e1 krajina, ktor\u00e1 bola prezentovan\u00e1 vo febru\u00e1ri t.r. Viacer\u00ed seniori si ju zak\u00fapili pre svoje vn\u00fa\u010dat\u00e1 aj s\u00a0podpisom autorky. Uveden\u00e1 \u0161kola na objedn\u00e1vku funguje po cel\u00fd rok pre \u017eiakov zo \u0161irok\u00e9 ho okolia. V\u0161etko o\u00a0jej chode sa mo\u017eno dozvedie\u0165 na ich webovej str\u00e1nke <em>historickaskola.sk.<\/em><\/p>\n<p>Zvy\u0161n\u00fd \u010das do odchodu domov vyu\u017eili seniori na individu\u00e1lne prech\u00e1dzky po obci, napr. aj v\u00fdstup kryt\u00fdm schodiskom ku kostolu. Zaujala ich aj skuto\u010dnos\u0165, \u017ee v\u00a0obci bolo turisticky \u017eivo, pred nimi nav\u0161t\u00edvili historick\u00fa \u0161kolu \u017eiaci zo Z\u0160 \u010cer\u00edn, nesk\u00f4r doputovali z\u00a0Donov\u00e1l \u010dlenovia turistick\u00e9ho oddielu z\u00a0Banskej Bystrice. A\u00a0to sa hlavn\u00e1 sez\u00f3na e\u0161te len mala za\u010da\u0165!<\/p>\n<p>&nbsp;<\/p>\n<p>Jana Borgu\u013eov\u00e1<\/p>\n<style>#jtg-3672 .modula-item .jtg-social a, .lightbox-socials.jtg-social a{ fill: #ffffff; color: #ffffff }#jtg-3672 .modula-item .jtg-social-mobile a{ fill: #ffffff; color: #ffffff }#jtg-3672 .modula-item .jtg-social svg, .lightbox-socials.jtg-social svg { height: 16px; width: 16px }#jtg-3672 .modula-item .jtg-social-mobile svg { height: 16px; width: 16px }#jtg-3672 .modula-item .jtg-social a:not(:last-child), .lightbox-socials.jtg-social a:not(:last-child) { margin-right: 10px }#jtg-3672 .modula-item .jtg-social-mobile .jtg-social-mobile-icons a:not(:last-child){ margin-right: 10px }#jtg-3672 .modula-item .modula-item-content { transform: scale(1) }#jtg-3672 { width:100%;}#jtg-3672 .modula-items{height:800px;}@media screen and (max-width: 992px) {#jtg-3672 .modula-items{height:800px;}}@media screen and (max-width: 768px) {#jtg-3672 .modula-items{height:800px;}}#jtg-3672 .modula-items .figc p.description { color:;}#jtg-3672.modula-gallery .modula-item > a, #jtg-3672.modula-gallery .modula-item, #jtg-3672.modula-gallery .modula-item-content > a:not(.modula-no-follow) { cursor:zoom-in; } #jtg-3672.modula-gallery .modula-item-content .modula-no-follow { cursor: default; } @media screen and (max-width:480px){#jtg-3672 .modula-item .figc .jtg-title {  font-size: 12px; }#jtg-3672 .modula-items .figc p.description { color:;font-size:0px; }}<\/style>\n<div  id=\"jtg-3672\" class=\"modula modula-gallery modula-creative-gallery\" data-config=\"{&quot;height&quot;:800,&quot;tabletHeight&quot;:800,&quot;mobileHeight&quot;:800,&quot;desktopHeight&quot;:800,&quot;enableTwitter&quot;:false,&quot;enableWhatsapp&quot;:false,&quot;enableFacebook&quot;:false,&quot;enablePinterest&quot;:false,&quot;enableLinkedin&quot;:false,&quot;enableEmail&quot;:false,&quot;randomFactor&quot;:0.5,&quot;type&quot;:&quot;creative-gallery&quot;,&quot;columns&quot;:12,&quot;gutter&quot;:10,&quot;mobileGutter&quot;:10,&quot;tabletGutter&quot;:10,&quot;desktopGutter&quot;:10,&quot;enableResponsive&quot;:&quot;0&quot;,&quot;tabletColumns&quot;:&quot;2&quot;,&quot;mobileColumns&quot;:&quot;1&quot;,&quot;lazyLoad&quot;:1,&quot;lightboxOpts&quot;:{&quot;animated&quot;:true,&quot;Thumbs&quot;:{&quot;type&quot;:&quot;modern&quot;,&quot;showOnStart&quot;:false},&quot;Toolbar&quot;:{&quot;display&quot;:{&quot;right&quot;:[&quot;close&quot;]},&quot;enabled&quot;:true},&quot;Carousel&quot;:{&quot;Panzoom&quot;:{&quot;touch&quot;:false},&quot;infinite&quot;:false},&quot;keyboard&quot;:{&quot;Escape&quot;:&quot;close&quot;,&quot;Delete&quot;:&quot;close&quot;,&quot;Backspace&quot;:&quot;close&quot;,&quot;PageUp&quot;:false,&quot;PageDown&quot;:false,&quot;ArrowUp&quot;:false,&quot;ArrowDown&quot;:false,&quot;ArrowRight&quot;:false,&quot;ArrowLeft&quot;:false},&quot;touch&quot;:false,&quot;backdropClick&quot;:false,&quot;l10n&quot;:{&quot;CLOSE&quot;:&quot;Close&quot;,&quot;NEXT&quot;:&quot;Next&quot;,&quot;PREV&quot;:&quot;Previous&quot;,&quot;Error&quot;:&quot;The requested content cannot be loaded. Please try again later.&quot;,&quot;PLAY_START&quot;:&quot;Start slideshow&quot;,&quot;PLAY_STOP&quot;:&quot;Pause slideshow&quot;,&quot;FULL_SCREEN&quot;:&quot;Full screen&quot;,&quot;THUMBS&quot;:&quot;Thumbnails&quot;,&quot;DOWNLOAD&quot;:&quot;Download&quot;,&quot;SHARE&quot;:&quot;Share&quot;,&quot;ZOOM&quot;:&quot;Zoom&quot;,&quot;EMAIL&quot;:&quot;Here is the link to the image : %%image_link%% and this is the link to the gallery : %%gallery_link%%&quot;,&quot;MODAL&quot;:&quot;You can close this modal content with the ESC key&quot;,&quot;ERROR&quot;:&quot;Something Went Wrong, Please Try Again Later&quot;,&quot;IMAGE_ERROR&quot;:&quot;Image Not Found&quot;,&quot;ELEMENT_NOT_FOUND&quot;:&quot;HTML Element Not Found&quot;,&quot;AJAX_NOT_FOUND&quot;:&quot;Error Loading AJAX : Not Found&quot;,&quot;AJAX_FORBIDDEN&quot;:&quot;Error Loading AJAX : Forbidden&quot;,&quot;IFRAME_ERROR&quot;:&quot;Error Loading Page&quot;,&quot;TOGGLE_ZOOM&quot;:&quot;Toggle zoom level&quot;,&quot;TOGGLE_THUMBS&quot;:&quot;Toggle thumbnails&quot;,&quot;TOGGLE_SLIDESHOW&quot;:&quot;Toggle slideshow&quot;,&quot;TOGGLE_FULLSCREEN&quot;:&quot;Toggle full-screen mode&quot;},&quot;Images&quot;:{&quot;Panzoom&quot;:{&quot;maxScale&quot;:2}},&quot;mainClass&quot;:&quot;modula-fancybox-container modula-lightbox-jtg-3672&quot;,&quot;Html&quot;:{&quot;videoAutoplay&quot;:0,&quot;videoTpl&quot;:&quot;&lt;video class=\\&quot;fancybox__html5video\\&quot; controls muted playsinline controlsList controlsList=\\&quot;nodownload\\&quot; poster=\\&quot;{{poster}}\\&quot; src=\\&quot;{{src}}\\&quot; type=\\&quot;{{format}}\\&quot; &gt;  Sorry, your browser doesn&#039;t support embedded videos, &lt;a href=\\&quot;{{src}}\\&quot;&gt; download &lt;\\\/a&gt; and watch with your favorite video player! &lt;\\\/video&gt;&quot;}},&quot;inView&quot;:false,&quot;email_subject&quot;:&quot;Check out this awesome image !!&quot;,&quot;email_message&quot;:&quot;Here is the link to the image : %%image_link%% and this is the link to the gallery : %%gallery_link%%&quot;,&quot;lightbox&quot;:&quot;fancybox&quot;}\">\n\n\t\n\t<div  class=\"modula-items\">\n\t\t<div class=\"modula-item effect-pufrobo\" >\n\t<div class=\"modula-item-overlay\"><\/div>\n\n\t<div class=\"modula-item-content\">\n\n\t\t\t\t\n\t\t\t\t\t<a data-image-id=\"3673\" tabindex=\"0\" rel=\"jtg-3672\" data-caption=\"\" aria-label=\"Open image in lightbox\" role=\"button\" class=\"tile-inner modula-item-link\"><\/a>\n\t\t\n\t\t<img loading=\"lazy\" decoding=\"async\" class=\"pic wp-image-3673 lazyload\"  data-valign=\"middle\" data-halign=\"center\" alt=\"\" data-full=\"https:\/\/www.hornamicina.eu\/web\/wp-content\/uploads\/2023\/04\/Permonik-min.jpg\" title=\"Permon\u00edk-min\" width=\"227\" height=\"300\" src=\"https:\/\/i0.wp.com\/www.hornamicina.eu\/web\/wp-content\/uploads\/2023\/04\/Permonik-min.jpg?fit=227%2C300&amp;ssl=1\" data-src=\"https:\/\/i0.wp.com\/www.hornamicina.eu\/web\/wp-content\/uploads\/2023\/04\/Permonik-min.jpg?fit=227%2C300&amp;ssl=1\" data-caption=\"\" data-source=\"modula\"\/>\n\t\t<div class=\"figc no-description\">\n\t\t\t<div class=\"figc-inner\">\n\t\t\t\t\t\t\t\t\t\t\t\t\t\t\t<\/div>\n\t\t<\/div>\n\n\t<\/div>\n\n<\/div><div class=\"modula-item effect-pufrobo\" >\n\t<div class=\"modula-item-overlay\"><\/div>\n\n\t<div class=\"modula-item-content\">\n\n\t\t\t\t\n\t\t\t\t\t<a data-image-id=\"3674\" tabindex=\"0\" rel=\"jtg-3672\" data-caption=\"\" aria-label=\"Open image in lightbox\" role=\"button\" class=\"tile-inner modula-item-link\"><\/a>\n\t\t\n\t\t<img loading=\"lazy\" decoding=\"async\" class=\"pic wp-image-3674 lazyload\"  data-valign=\"middle\" data-halign=\"center\" alt=\"\" data-full=\"https:\/\/www.hornamicina.eu\/web\/wp-content\/uploads\/2023\/04\/Sp.-Doina-banicke-voziky-min.jpg\" title=\"\u0160p. Doina - ban\u00edcke voz\u00edky-min\" width=\"300\" height=\"199\" src=\"https:\/\/i0.wp.com\/www.hornamicina.eu\/web\/wp-content\/uploads\/2023\/04\/Sp.-Doina-banicke-voziky-min.jpg?fit=300%2C199&amp;ssl=1\" data-src=\"https:\/\/i0.wp.com\/www.hornamicina.eu\/web\/wp-content\/uploads\/2023\/04\/Sp.-Doina-banicke-voziky-min.jpg?fit=300%2C199&amp;ssl=1\" data-caption=\"\" data-source=\"modula\"\/>\n\t\t<div class=\"figc no-description\">\n\t\t\t<div class=\"figc-inner\">\n\t\t\t\t\t\t\t\t\t\t\t\t\t\t\t<\/div>\n\t\t<\/div>\n\n\t<\/div>\n\n<\/div><div class=\"modula-item effect-pufrobo\" >\n\t<div class=\"modula-item-overlay\"><\/div>\n\n\t<div class=\"modula-item-content\">\n\n\t\t\t\t\n\t\t\t\t\t<a data-image-id=\"3675\" tabindex=\"0\" rel=\"jtg-3672\" data-caption=\"\" aria-label=\"Open image in lightbox\" role=\"button\" class=\"tile-inner modula-item-link\"><\/a>\n\t\t\n\t\t<img loading=\"lazy\" decoding=\"async\" class=\"pic wp-image-3675 lazyload\"  data-valign=\"middle\" data-halign=\"center\" alt=\"\" data-full=\"https:\/\/www.hornamicina.eu\/web\/wp-content\/uploads\/2023\/04\/Sp.-Dolina-banicky-orloj-min.jpg\" title=\"\u0160p. Dolina - ban\u00edcky orloj-min\" width=\"300\" height=\"265\" src=\"https:\/\/i0.wp.com\/www.hornamicina.eu\/web\/wp-content\/uploads\/2023\/04\/Sp.-Dolina-banicky-orloj-min.jpg?fit=300%2C265&amp;ssl=1\" data-src=\"https:\/\/i0.wp.com\/www.hornamicina.eu\/web\/wp-content\/uploads\/2023\/04\/Sp.-Dolina-banicky-orloj-min.jpg?fit=300%2C265&amp;ssl=1\" data-caption=\"\" data-source=\"modula\"\/>\n\t\t<div class=\"figc no-description\">\n\t\t\t<div class=\"figc-inner\">\n\t\t\t\t\t\t\t\t\t\t\t\t\t\t\t<\/div>\n\t\t<\/div>\n\n\t<\/div>\n\n<\/div><div class=\"modula-item effect-pufrobo\" >\n\t<div class=\"modula-item-overlay\"><\/div>\n\n\t<div class=\"modula-item-content\">\n\n\t\t\t\t\n\t\t\t\t\t<a data-image-id=\"3676\" tabindex=\"0\" rel=\"jtg-3672\" data-caption=\"\" aria-label=\"Open image in lightbox\" role=\"button\" class=\"tile-inner modula-item-link\"><\/a>\n\t\t\n\t\t<img loading=\"lazy\" decoding=\"async\" class=\"pic wp-image-3676 lazyload\"  data-valign=\"middle\" data-halign=\"center\" alt=\"\" data-full=\"https:\/\/www.hornamicina.eu\/web\/wp-content\/uploads\/2023\/04\/Sp.-Dolina-pred-historickou-skolou-min.jpg\" title=\"\u0160p. Dolina - pred historickou \u0161kolou-min\" width=\"300\" height=\"266\" src=\"https:\/\/i0.wp.com\/www.hornamicina.eu\/web\/wp-content\/uploads\/2023\/04\/Sp.-Dolina-pred-historickou-skolou-min.jpg?fit=300%2C266&amp;ssl=1\" data-src=\"https:\/\/i0.wp.com\/www.hornamicina.eu\/web\/wp-content\/uploads\/2023\/04\/Sp.-Dolina-pred-historickou-skolou-min.jpg?fit=300%2C266&amp;ssl=1\" data-caption=\"\" data-source=\"modula\"\/>\n\t\t<div class=\"figc no-description\">\n\t\t\t<div class=\"figc-inner\">\n\t\t\t\t\t\t\t\t\t\t\t\t\t\t\t<\/div>\n\t\t<\/div>\n\n\t<\/div>\n\n<\/div><div class=\"modula-item effect-pufrobo\" >\n\t<div class=\"modula-item-overlay\"><\/div>\n\n\t<div class=\"modula-item-content\">\n\n\t\t\t\t\n\t\t\t\t\t<a data-image-id=\"3677\" tabindex=\"0\" rel=\"jtg-3672\" data-caption=\"\" aria-label=\"Open image in lightbox\" role=\"button\" class=\"tile-inner modula-item-link\"><\/a>\n\t\t\n\t\t<img loading=\"lazy\" decoding=\"async\" class=\"pic wp-image-3677 lazyload\"  data-valign=\"middle\" data-halign=\"center\" alt=\"\" data-full=\"https:\/\/www.hornamicina.eu\/web\/wp-content\/uploads\/2023\/04\/Sp.-Dolina-pri-pomniku-SNP-min.jpg\" title=\"\u0160p. Dolina - pri pomn\u00edku SNP-min\" width=\"300\" height=\"246\" src=\"https:\/\/i0.wp.com\/www.hornamicina.eu\/web\/wp-content\/uploads\/2023\/04\/Sp.-Dolina-pri-pomniku-SNP-min.jpg?fit=300%2C246&amp;ssl=1\" data-src=\"https:\/\/i0.wp.com\/www.hornamicina.eu\/web\/wp-content\/uploads\/2023\/04\/Sp.-Dolina-pri-pomniku-SNP-min.jpg?fit=300%2C246&amp;ssl=1\" data-caption=\"\" data-source=\"modula\"\/>\n\t\t<div class=\"figc no-description\">\n\t\t\t<div class=\"figc-inner\">\n\t\t\t\t\t\t\t\t\t\t\t\t\t\t\t<\/div>\n\t\t<\/div>\n\n\t<\/div>\n\n<\/div><div class=\"modula-item effect-pufrobo\" >\n\t<div class=\"modula-item-overlay\"><\/div>\n\n\t<div class=\"modula-item-content\">\n\n\t\t\t\t\n\t\t\t\t\t<a data-image-id=\"3678\" tabindex=\"0\" rel=\"jtg-3672\" data-caption=\"\" aria-label=\"Open image in lightbox\" role=\"button\" class=\"tile-inner modula-item-link\"><\/a>\n\t\t\n\t\t<img loading=\"lazy\" decoding=\"async\" class=\"pic wp-image-3678 lazyload\"  data-valign=\"middle\" data-halign=\"center\" alt=\"\" data-full=\"https:\/\/www.hornamicina.eu\/web\/wp-content\/uploads\/2023\/04\/Sp.-Dolina-v-starej-skole-3-min.jpg\" title=\"\u0160p. Dolina - v starej \u0161kole 3-min\" width=\"300\" height=\"225\" src=\"https:\/\/i0.wp.com\/www.hornamicina.eu\/web\/wp-content\/uploads\/2023\/04\/Sp.-Dolina-v-starej-skole-3-min.jpg?fit=300%2C225&amp;ssl=1\" data-src=\"https:\/\/i0.wp.com\/www.hornamicina.eu\/web\/wp-content\/uploads\/2023\/04\/Sp.-Dolina-v-starej-skole-3-min.jpg?fit=300%2C225&amp;ssl=1\" data-caption=\"\" data-source=\"modula\"\/>\n\t\t<div class=\"figc no-description\">\n\t\t\t<div class=\"figc-inner\">\n\t\t\t\t\t\t\t\t\t\t\t\t\t\t\t<\/div>\n\t\t<\/div>\n\n\t<\/div>\n\n<\/div><div class=\"modula-item effect-pufrobo\" >\n\t<div class=\"modula-item-overlay\"><\/div>\n\n\t<div class=\"modula-item-content\">\n\n\t\t\t\t\n\t\t\t\t\t<a data-image-id=\"3679\" tabindex=\"0\" rel=\"jtg-3672\" data-caption=\"\" aria-label=\"Open image in lightbox\" role=\"button\" class=\"tile-inner modula-item-link\"><\/a>\n\t\t\n\t\t<img loading=\"lazy\" decoding=\"async\" class=\"pic wp-image-3679 lazyload\"  data-valign=\"middle\" data-halign=\"center\" alt=\"\" data-full=\"https:\/\/www.hornamicina.eu\/web\/wp-content\/uploads\/2023\/04\/Sp.-Dolina-v-starej-skole-4-min.jpg\" title=\"\u0160p. Dolina - v starej \u0161kole 4-min\" width=\"300\" height=\"235\" src=\"https:\/\/i0.wp.com\/www.hornamicina.eu\/web\/wp-content\/uploads\/2023\/04\/Sp.-Dolina-v-starej-skole-4-min.jpg?fit=300%2C235&amp;ssl=1\" data-src=\"https:\/\/i0.wp.com\/www.hornamicina.eu\/web\/wp-content\/uploads\/2023\/04\/Sp.-Dolina-v-starej-skole-4-min.jpg?fit=300%2C235&amp;ssl=1\" data-caption=\"\" data-source=\"modula\"\/>\n\t\t<div class=\"figc no-description\">\n\t\t\t<div class=\"figc-inner\">\n\t\t\t\t\t\t\t\t\t\t\t\t\t\t\t<\/div>\n\t\t<\/div>\n\n\t<\/div>\n\n<\/div><div class=\"modula-item effect-pufrobo\" >\n\t<div class=\"modula-item-overlay\"><\/div>\n\n\t<div class=\"modula-item-content\">\n\n\t\t\t\t\n\t\t\t\t\t<a data-image-id=\"3680\" tabindex=\"0\" rel=\"jtg-3672\" data-caption=\"\" aria-label=\"Open image in lightbox\" role=\"button\" class=\"tile-inner modula-item-link\"><\/a>\n\t\t\n\t\t<img loading=\"lazy\" decoding=\"async\" class=\"pic wp-image-3680 lazyload\"  data-valign=\"middle\" data-halign=\"center\" alt=\"\" data-full=\"https:\/\/www.hornamicina.eu\/web\/wp-content\/uploads\/2023\/04\/Sp.-Dolina-v-starej-skole-6-min.jpg\" title=\"\u0160p. Dolina - v starej \u0161kole 6-min\" width=\"272\" height=\"300\" src=\"https:\/\/i0.wp.com\/www.hornamicina.eu\/web\/wp-content\/uploads\/2023\/04\/Sp.-Dolina-v-starej-skole-6-min.jpg?fit=272%2C300&amp;ssl=1\" data-src=\"https:\/\/i0.wp.com\/www.hornamicina.eu\/web\/wp-content\/uploads\/2023\/04\/Sp.-Dolina-v-starej-skole-6-min.jpg?fit=272%2C300&amp;ssl=1\" data-caption=\"\" data-source=\"modula\"\/>\n\t\t<div class=\"figc no-description\">\n\t\t\t<div class=\"figc-inner\">\n\t\t\t\t\t\t\t\t\t\t\t\t\t\t\t<\/div>\n\t\t<\/div>\n\n\t<\/div>\n\n<\/div><div class=\"modula-item effect-pufrobo\" >\n\t<div class=\"modula-item-overlay\"><\/div>\n\n\t<div class=\"modula-item-content\">\n\n\t\t\t\t\n\t\t\t\t\t<a data-image-id=\"3681\" tabindex=\"0\" rel=\"jtg-3672\" data-caption=\"\" aria-label=\"Open image in lightbox\" role=\"button\" class=\"tile-inner modula-item-link\"><\/a>\n\t\t\n\t\t<img loading=\"lazy\" decoding=\"async\" class=\"pic wp-image-3681 lazyload\"  data-valign=\"middle\" data-halign=\"center\" alt=\"\" data-full=\"https:\/\/www.hornamicina.eu\/web\/wp-content\/uploads\/2023\/04\/Sp.-Dolina-v-starej-skole-min.jpg\" title=\"\u0160p. Dolina - v starej \u0161kole-min\" width=\"300\" height=\"192\" src=\"https:\/\/i0.wp.com\/www.hornamicina.eu\/web\/wp-content\/uploads\/2023\/04\/Sp.-Dolina-v-starej-skole-min.jpg?fit=300%2C192&amp;ssl=1\" data-src=\"https:\/\/i0.wp.com\/www.hornamicina.eu\/web\/wp-content\/uploads\/2023\/04\/Sp.-Dolina-v-starej-skole-min.jpg?fit=300%2C192&amp;ssl=1\" data-caption=\"\" data-source=\"modula\"\/>\n\t\t<div class=\"figc no-description\">\n\t\t\t<div class=\"figc-inner\">\n\t\t\t\t\t\t\t\t\t\t\t\t\t\t\t<\/div>\n\t\t<\/div>\n\n\t<\/div>\n\n<\/div><div class=\"modula-item effect-pufrobo\" >\n\t<div class=\"modula-item-overlay\"><\/div>\n\n\t<div class=\"modula-item-content\">\n\n\t\t\t\t\n\t\t\t\t\t<a data-image-id=\"3682\" tabindex=\"0\" rel=\"jtg-3672\" data-caption=\"\" aria-label=\"Open image in lightbox\" role=\"button\" class=\"tile-inner modula-item-link\"><\/a>\n\t\t\n\t\t<img loading=\"lazy\" decoding=\"async\" class=\"pic wp-image-3682 lazyload\"  data-valign=\"middle\" data-halign=\"center\" alt=\"\" data-full=\"https:\/\/www.hornamicina.eu\/web\/wp-content\/uploads\/2023\/04\/Sp.-Dolina-v-starej-skole-2-min.jpg\" title=\"\u0160p. Dolina v starej \u0161kole 2-min\" width=\"300\" height=\"199\" src=\"https:\/\/i0.wp.com\/www.hornamicina.eu\/web\/wp-content\/uploads\/2023\/04\/Sp.-Dolina-v-starej-skole-2-min.jpg?fit=300%2C199&amp;ssl=1\" data-src=\"https:\/\/i0.wp.com\/www.hornamicina.eu\/web\/wp-content\/uploads\/2023\/04\/Sp.-Dolina-v-starej-skole-2-min.jpg?fit=300%2C199&amp;ssl=1\" data-caption=\"\" data-source=\"modula\"\/>\n\t\t<div class=\"figc no-description\">\n\t\t\t<div class=\"figc-inner\">\n\t\t\t\t\t\t\t\t\t\t\t\t\t\t\t<\/div>\n\t\t<\/div>\n\n\t<\/div>\n\n<\/div><div class=\"modula-item effect-pufrobo\" >\n\t<div class=\"modula-item-overlay\"><\/div>\n\n\t<div class=\"modula-item-content\">\n\n\t\t\t\t\n\t\t\t\t\t<a data-image-id=\"3684\" tabindex=\"0\" rel=\"jtg-3672\" data-caption=\"\" aria-label=\"Open image in lightbox\" role=\"button\" class=\"tile-inner modula-item-link\"><\/a>\n\t\t\n\t\t<img loading=\"lazy\" decoding=\"async\" class=\"pic wp-image-3684 lazyload\"  data-valign=\"middle\" data-halign=\"center\" alt=\"\" data-full=\"https:\/\/www.hornamicina.eu\/web\/wp-content\/uploads\/2023\/04\/Spania-Dolina-min.jpg\" title=\"\u0160pania Dolina-min\" width=\"221\" height=\"300\" src=\"https:\/\/i0.wp.com\/www.hornamicina.eu\/web\/wp-content\/uploads\/2023\/04\/Spania-Dolina-min.jpg?fit=221%2C300&amp;ssl=1\" data-src=\"https:\/\/i0.wp.com\/www.hornamicina.eu\/web\/wp-content\/uploads\/2023\/04\/Spania-Dolina-min.jpg?fit=221%2C300&amp;ssl=1\" data-caption=\"\" data-source=\"modula\"\/>\n\t\t<div class=\"figc no-description\">\n\t\t\t<div class=\"figc-inner\">\n\t\t\t\t\t\t\t\t\t\t\t\t\t\t\t<\/div>\n\t\t<\/div>\n\n\t<\/div>\n\n<\/div>\t\t\n\t<\/div>\n\n\t\n\t\n\t<script type=\"application\/ld+json\">\n\t{\n\t\t\"@context\": \"http:\/\/schema.org\",\n\t\t\"@type\"   : \"ImageGallery\",\n\t\t\"id\"      : \"https:\/\/www.hornamicina.eu\/web\/poznavaci-vylet-do-spanej-doliny\/\",\n\t\t\"url\"     : \"https:\/\/www.hornamicina.eu\/web\/poznavaci-vylet-do-spanej-doliny\/\"\n\t}\n\n\t<\/script>\n\n\t\n<\/div>\n","protected":false},"excerpt":{"rendered":"Centrum seniorov v\u00a0spolupr\u00e1ci so ZO SZPB v\u00a0Hornej Mi\u010dinej si napl\u00e1novalo na stredu 26. [&hellip;]","protected":false},"author":1,"featured_media":3675,"comment_status":"closed","ping_status":"open","sticky":false,"template":"","format":"standard","meta":{"advanced_seo_description":"","jetpack_seo_html_title":"","jetpack_seo_noindex":false,"_jetpack_memberships_contains_paid_content":false,"footnotes":""},"categories":[375,7,8],"tags":[],"class_list":["post-3671","post","type-post","status-publish","format-standard","has-post-thumbnail","hentry","category-foto","category-kultura","category-oznamy"],"jetpack_featured_media_url":"https:\/\/i0.wp.com\/www.hornamicina.eu\/web\/wp-content\/uploads\/2023\/04\/Sp.-Dolina-banicky-orloj-min.jpg?fit=480%2C424&ssl=1","jetpack_sharing_enabled":true,"jetpack_shortlink":"https:\/\/wp.me\/p8RsFw-Xd","jetpack-related-posts":[{"id":3177,"url":"https:\/\/www.hornamicina.eu\/web\/vylet-seniorov-hornej-micinej-k-trom-hradom-novohradu\/","url_meta":{"origin":3671,"position":0},"title":"V\u00fdlet seniorov Hornej Mi\u010dinej k\u00a0trom hradom Novohradu\u00a0\u00a0\u00a0\u00a0\u00a0\u00a0\u00a0\u00a0\u00a0\u00a0","author":"admin","date":"12. j\u00fala 2022","format":false,"excerpt":"Po dvoch rokoch v\u00fdletnej \u201eabstinencie\u201c kv\u00f4li pand\u00e9mii covidu sa hornomi\u010dinsk\u00ed seniori do\u010dkali! Na jarnom stretnut\u00ed Centra seniorov sa dohodli na trase ka\u017edoro\u010dn\u00e9ho putovania po kr\u00e1sach slovenskej krajiny. Tentoraz upriamili pozornos\u0165 na tri hrady Novohradu \u2013 Modr\u00fd Kame\u0148,\u00a0\u00a0 \u0160omo\u0161ka a\u00a0Fi\u013eakovo. A\u00a0tak vo \u0161tvrtok 7. j\u00fala 2022 tridsa\u0165p\u00e4\u0165 \u010dlenov centra nast\u00fapilo do\u2026","rel":"","context":"V &quot;Denn\u00e9 centrum obce&quot;","block_context":{"text":"Denn\u00e9 centrum obce","link":"https:\/\/www.hornamicina.eu\/web\/category\/denne-centrum-obce\/"},"img":{"alt_text":"\u0160omo\u0161ka ve\u017ea","src":"https:\/\/i0.wp.com\/www.hornamicina.eu\/web\/wp-content\/uploads\/2022\/07\/Somoska-veza-min-scaled.jpg?fit=1072%2C1200&ssl=1&resize=350%2C200","width":350,"height":200,"srcset":"https:\/\/i0.wp.com\/www.hornamicina.eu\/web\/wp-content\/uploads\/2022\/07\/Somoska-veza-min-scaled.jpg?fit=1072%2C1200&ssl=1&resize=350%2C200 1x, https:\/\/i0.wp.com\/www.hornamicina.eu\/web\/wp-content\/uploads\/2022\/07\/Somoska-veza-min-scaled.jpg?fit=1072%2C1200&ssl=1&resize=525%2C300 1.5x, https:\/\/i0.wp.com\/www.hornamicina.eu\/web\/wp-content\/uploads\/2022\/07\/Somoska-veza-min-scaled.jpg?fit=1072%2C1200&ssl=1&resize=700%2C400 2x, https:\/\/i0.wp.com\/www.hornamicina.eu\/web\/wp-content\/uploads\/2022\/07\/Somoska-veza-min-scaled.jpg?fit=1072%2C1200&ssl=1&resize=1050%2C600 3x"},"classes":[]},{"id":3796,"url":"https:\/\/www.hornamicina.eu\/web\/v-kraji-milana-r-stefanika\/","url_meta":{"origin":3671,"position":1},"title":"V kraji Milana R. \u0160tef\u00e1nika","author":"admin","date":"26. j\u00fala 2023","format":false,"excerpt":"Tohtoro\u010dn\u00fd pozn\u00e1vac\u00ed v\u00fdlet \u010dlenov hornomi\u010dinsk\u00e9ho centra seniorov v\u00a0spolupr\u00e1ci so ZO SZPB patril v\u00fdznamnej osobnosti slovenskej \u0161t\u00e1tnosti \u2013 Milanovi Rastislavovi \u0160tef\u00e1nikovi. V\u00a0stredu 19. j\u00fala 2023 pln\u00fd autobus z\u00e1ujemcov vyrazil na z\u00e1pad Slovenska. Prvou zast\u00e1vkou bol \u0160tef\u00e1nikov rodn\u00fd dom v\u00a0Ko\u0161arisk\u00e1ch, kde sa 21. j\u00fala 1880 narodil na\u00a0ev. fare ako \u0161iesty z\u00a0jeden\u00e1stich det\u00ed.\u2026","rel":"","context":"V &quot;Kult\u00fara&quot;","block_context":{"text":"Kult\u00fara","link":"https:\/\/www.hornamicina.eu\/web\/category\/kultura\/"},"img":{"alt_text":"","src":"https:\/\/i0.wp.com\/www.hornamicina.eu\/web\/wp-content\/uploads\/2023\/08\/IMG_5471-min-scaled.jpg?fit=1200%2C800&ssl=1&resize=350%2C200","width":350,"height":200,"srcset":"https:\/\/i0.wp.com\/www.hornamicina.eu\/web\/wp-content\/uploads\/2023\/08\/IMG_5471-min-scaled.jpg?fit=1200%2C800&ssl=1&resize=350%2C200 1x, https:\/\/i0.wp.com\/www.hornamicina.eu\/web\/wp-content\/uploads\/2023\/08\/IMG_5471-min-scaled.jpg?fit=1200%2C800&ssl=1&resize=525%2C300 1.5x, https:\/\/i0.wp.com\/www.hornamicina.eu\/web\/wp-content\/uploads\/2023\/08\/IMG_5471-min-scaled.jpg?fit=1200%2C800&ssl=1&resize=700%2C400 2x, https:\/\/i0.wp.com\/www.hornamicina.eu\/web\/wp-content\/uploads\/2023\/08\/IMG_5471-min-scaled.jpg?fit=1200%2C800&ssl=1&resize=1050%2C600 3x"},"classes":[]},{"id":1522,"url":"https:\/\/www.hornamicina.eu\/web\/vylet-novohrad\/","url_meta":{"origin":3671,"position":2},"title":"V\u00fdlet do regi\u00f3nu Novohradu","author":"admin","date":"17. j\u00fala 2019","format":false,"excerpt":"Obecn\u00fd \u00farad Horn\u00e1 Mi\u010din\u00e1 a Denn\u00e9 centrum seniorov Horn\u00e1 Mi\u010din\u00e1 oznamuj\u00fa ob\u010danom obce, \u017ee d\u0148a\u00a023.7.2019 (utorok) organizuj\u00fa pozn\u00e1vac\u00ed v\u00fdlet do regi\u00f3nu Novohradu. Cie\u013eom v\u00fdletu bud\u00fa obce: Div\u00edn - zr\u00facanina hradu, vynoven\u00fd ka\u0161tiel, v ktorom sa nach\u00e1dza m\u00fazeum obce, Polichno - rodisko spispovate\u013eky Bo\u017eeny Slan\u010d\u00edkovej Timravy, V\u00edg\u013ea\u0161 - n\u00e1v\u0161teva hradu V\u00edg\u013ea\u0161\u2026","rel":"","context":"V &quot;Denn\u00e9 centrum obce&quot;","block_context":{"text":"Denn\u00e9 centrum obce","link":"https:\/\/www.hornamicina.eu\/web\/category\/denne-centrum-obce\/"},"img":{"alt_text":"","src":"https:\/\/i0.wp.com\/www.hornamicina.eu\/web\/wp-content\/uploads\/2018\/07\/MicinskoPost.jpg?fit=530%2C472&ssl=1&resize=350%2C200","width":350,"height":200,"srcset":"https:\/\/i0.wp.com\/www.hornamicina.eu\/web\/wp-content\/uploads\/2018\/07\/MicinskoPost.jpg?fit=530%2C472&ssl=1&resize=350%2C200 1x, https:\/\/i0.wp.com\/www.hornamicina.eu\/web\/wp-content\/uploads\/2018\/07\/MicinskoPost.jpg?fit=530%2C472&ssl=1&resize=525%2C300 1.5x"},"classes":[]},{"id":1637,"url":"https:\/\/www.hornamicina.eu\/web\/spomienka-pri-hrobe-terezie-vansovej\/","url_meta":{"origin":3671,"position":3},"title":"Spomienka pri hrobe Ter\u00e9zie Vansovej","author":"admin","date":"15. novembra 2019","format":false,"excerpt":"\u010clenky Centra seniorov v\u00a0Hornej Mi\u010dinej si do svojho programu v\u00a0stredu 13. novembra 2019 napl\u00e1novali n\u00e1v\u0161tevu banskobystrick\u00e9ho ev. cintor\u00edna v\u00a0Lazovnej ulici. D\u00f4vod bol nielen pozn\u00e1vac\u00ed - dozvedie\u0165 sa o\u00a0v\u00fdznamn\u00fdch osobnostiach n\u00e1\u0161ho n\u00e1roda, ktor\u00ed s\u00fa tam pochovan\u00ed (J\u00e1n Botto, Martin R\u00e1zus, Viliam Figu\u0161 Bystr\u00fd, ev. senior J\u00e1n Bakoss, arch. Ladislav Hudec a\u00a0i.),\u2026","rel":"","context":"V &quot;Denn\u00e9 centrum obce&quot;","block_context":{"text":"Denn\u00e9 centrum obce","link":"https:\/\/www.hornamicina.eu\/web\/category\/denne-centrum-obce\/"},"img":{"alt_text":"","src":"https:\/\/i0.wp.com\/www.hornamicina.eu\/web\/wp-content\/uploads\/2019\/11\/20191113_183125-min.jpg?fit=1200%2C601&ssl=1&resize=350%2C200","width":350,"height":200,"srcset":"https:\/\/i0.wp.com\/www.hornamicina.eu\/web\/wp-content\/uploads\/2019\/11\/20191113_183125-min.jpg?fit=1200%2C601&ssl=1&resize=350%2C200 1x, https:\/\/i0.wp.com\/www.hornamicina.eu\/web\/wp-content\/uploads\/2019\/11\/20191113_183125-min.jpg?fit=1200%2C601&ssl=1&resize=525%2C300 1.5x, https:\/\/i0.wp.com\/www.hornamicina.eu\/web\/wp-content\/uploads\/2019\/11\/20191113_183125-min.jpg?fit=1200%2C601&ssl=1&resize=700%2C400 2x, https:\/\/i0.wp.com\/www.hornamicina.eu\/web\/wp-content\/uploads\/2019\/11\/20191113_183125-min.jpg?fit=1200%2C601&ssl=1&resize=1050%2C600 3x"},"classes":[]},{"id":5164,"url":"https:\/\/www.hornamicina.eu\/web\/80-vyrocie-oslobodenia-hornej-micinej\/","url_meta":{"origin":3671,"position":4},"title":"80. v\u00fdro\u010die oslobodenia Hornej Mi\u010dinej","author":"admin","date":"26. marca 2025","format":false,"excerpt":"Za zvonenia zvonov sa v\u00a0nede\u013eu 23. marca 2025 o\u00a015. hodine za\u010dala spomienkov\u00e1 sl\u00e1vnos\u0165 pri pr\u00edle\u017eitosti 80. v\u00fdro\u010dia oslobodenia Hornej Mi\u010dinej. Presne v\u00a0de\u0148 pr\u00edchodu vojska rumunskej arm\u00e1dy pred desiatkami rokov si miestni obyvatelia pripomenuli koniec druhej svetovej vojny, ktor\u00e1 poznamenala aj \u017eivoty mu\u017eov a \u017eien v\u00a0obci. \u010cas\u0165 z\u00a0nich padla v\u00a0bojoch, \u010das\u0165\u2026","rel":"","context":"V &quot;Foto&quot;","block_context":{"text":"Foto","link":"https:\/\/www.hornamicina.eu\/web\/category\/foto\/"},"img":{"alt_text":"","src":"https:\/\/i0.wp.com\/www.hornamicina.eu\/web\/wp-content\/uploads\/2025\/03\/HM-25-oslob.-2-min.jpg?fit=480%2C254&ssl=1&resize=350%2C200","width":350,"height":200},"classes":[]},{"id":3757,"url":"https:\/\/www.hornamicina.eu\/web\/oltar-z-kostola-je-spat-na-svojom-mieste\/","url_meta":{"origin":3671,"position":5},"title":"Olt\u00e1r z kostola je sp\u00e4\u0165 na svojom mieste","author":"admin","date":"22. j\u00fana 2023","format":false,"excerpt":"Olt\u00e1r z kostola sv. Michala archanjela v Hornej Mi\u010dinej sa po re\u0161taurovan\u00ed vr\u00e1til na svoje miesto Pr\u00edjemn\u00e1 slne\u010dn\u00e1 nede\u013ea 18. j\u00fana 2023 patrila v obci Horn\u00e1 Mi\u010din\u00e1 sl\u00e1vnostnej posviacke novo zre\u0161taurovan\u00e9ho hlavn\u00e9ho olt\u00e1ra v kostole sv. Michala archanjela. Obec a cirkev sa tak do\u010dkali po siedmich rokoch re\u0161taur\u00e1torsk\u00fdch pr\u00e1c n\u00e1vratu\u2026","rel":"","context":"V &quot;Kult\u00fara&quot;","block_context":{"text":"Kult\u00fara","link":"https:\/\/www.hornamicina.eu\/web\/category\/kultura\/"},"img":{"alt_text":"","src":"https:\/\/i0.wp.com\/www.hornamicina.eu\/web\/wp-content\/uploads\/2023\/06\/barokovy-oltar.png?fit=1152%2C709&ssl=1&resize=350%2C200","width":350,"height":200,"srcset":"https:\/\/i0.wp.com\/www.hornamicina.eu\/web\/wp-content\/uploads\/2023\/06\/barokovy-oltar.png?fit=1152%2C709&ssl=1&resize=350%2C200 1x, https:\/\/i0.wp.com\/www.hornamicina.eu\/web\/wp-content\/uploads\/2023\/06\/barokovy-oltar.png?fit=1152%2C709&ssl=1&resize=525%2C300 1.5x, https:\/\/i0.wp.com\/www.hornamicina.eu\/web\/wp-content\/uploads\/2023\/06\/barokovy-oltar.png?fit=1152%2C709&ssl=1&resize=700%2C400 2x, https:\/\/i0.wp.com\/www.hornamicina.eu\/web\/wp-content\/uploads\/2023\/06\/barokovy-oltar.png?fit=1152%2C709&ssl=1&resize=1050%2C600 3x"},"classes":[]}],"jetpack_likes_enabled":true,"_links":{"self":[{"href":"https:\/\/www.hornamicina.eu\/web\/wp-json\/wp\/v2\/posts\/3671","targetHints":{"allow":["GET"]}}],"collection":[{"href":"https:\/\/www.hornamicina.eu\/web\/wp-json\/wp\/v2\/posts"}],"about":[{"href":"https:\/\/www.hornamicina.eu\/web\/wp-json\/wp\/v2\/types\/post"}],"author":[{"embeddable":true,"href":"https:\/\/www.hornamicina.eu\/web\/wp-json\/wp\/v2\/users\/1"}],"replies":[{"embeddable":true,"href":"https:\/\/www.hornamicina.eu\/web\/wp-json\/wp\/v2\/comments?post=3671"}],"version-history":[{"count":0,"href":"https:\/\/www.hornamicina.eu\/web\/wp-json\/wp\/v2\/posts\/3671\/revisions"}],"wp:featuredmedia":[{"embeddable":true,"href":"https:\/\/www.hornamicina.eu\/web\/wp-json\/wp\/v2\/media\/3675"}],"wp:attachment":[{"href":"https:\/\/www.hornamicina.eu\/web\/wp-json\/wp\/v2\/media?parent=3671"}],"wp:term":[{"taxonomy":"category","embeddable":true,"href":"https:\/\/www.hornamicina.eu\/web\/wp-json\/wp\/v2\/categories?post=3671"},{"taxonomy":"post_tag","embeddable":true,"href":"https:\/\/www.hornamicina.eu\/web\/wp-json\/wp\/v2\/tags?post=3671"}],"curies":[{"name":"wp","href":"https:\/\/api.w.org\/{rel}","templated":true}]}}