{"id":3660,"date":"2023-03-17T15:09:54","date_gmt":"2023-03-17T14:09:54","guid":{"rendered":"https:\/\/www.hornamicina.eu\/web\/?p=3660"},"modified":"2023-03-20T15:11:56","modified_gmt":"2023-03-20T14:11:56","slug":"zapisnica-zo-zasadnutia-oz-13-3-2023","status":"publish","type":"post","link":"https:\/\/www.hornamicina.eu\/web\/zapisnica-zo-zasadnutia-oz-13-3-2023\/","title":{"rendered":"Z\u00e1pisnica zo zasadnutia OZ &#8211; 13.3.2023"},"content":{"rendered":"<p style=\"text-align: center;\"><strong>Z\u00c1PISNICA<\/strong><\/p>\n<p style=\"text-align: center;\">Zo zasadnutia obecn\u00e9ho zastupite\u013estva(\u010falej len OZ) v\u00a0Hornej Mi\u010dinej konan\u00e9ho d\u0148a 13.3.2023 v\u00a0zasada\u010dke obecn\u00e9ho \u00faradu Horn\u00e1 Mi\u010din\u00e1 o\u00a018:30 hod.<\/p>\n<p>PR\u00cdTOMN\u00cd:<\/p>\n<p>Starosta obce:\u00a0\u00a0\u00a0\u00a0\u00a0\u00a0\u00a0\u00a0\u00a0\u00a0\u00a0\u00a0\u00a0\u00a0\u00a0\u00a0\u00a0\u00a0\u00a0\u00a0\u00a0\u00a0\u00a0\u00a0\u00a0\u00a0\u00a0\u00a0\u00a0\u00a0\u00a0\u00a0\u00a0\u00a0 Ivan Len\u00e1r<\/p>\n<p>Poslanci OZ:\u00a0\u00a0\u00a0\u00a0\u00a0\u00a0\u00a0\u00a0\u00a0\u00a0\u00a0\u00a0\u00a0\u00a0\u00a0\u00a0\u00a0\u00a0\u00a0\u00a0\u00a0\u00a0\u00a0\u00a0\u00a0\u00a0\u00a0\u00a0\u00a0\u00a0\u00a0\u00a0\u00a0\u00a0\u00a0\u00a0\u00a0\u00a0 Janka Baranov\u00e1,Teodor Bachleda,Tibor Pip\u00ed\u0161ka,\u013dubom\u00edr<\/p>\n<p>\u010cerh\u00fd\u0148<\/p>\n<p>NEPR\u00cdTOMN\u00dd:\u00a0\u00a0\u00a0\u00a0\u00a0\u00a0\u00a0\u00a0\u00a0\u00a0\u00a0\u00a0\u00a0\u00a0\u00a0\u00a0\u00a0\u00a0\u00a0\u00a0\u00a0\u00a0\u00a0\u00a0\u00a0\u00a0\u00a0\u00a0\u00a0\u00a0\u00a0\u00a0\u00a0\u00a0 Michal Karkal\u00edk<\/p>\n<p>Ob\u010dania obce a pozvan\u00ed:\u00a0\u00a0\u00a0\u00a0\u00a0\u00a0\u00a0\u00a0\u00a0\u00a0\u00a0\u00a0\u00a0\u00a0\u00a0\u00a0 pod\u013ea prezen\u010dnej listiny<\/p>\n<ol>\n<li>Zasadnutie OZ otvoril a\u00a0viedol starosta obce Ivan Len\u00e1r.Na \u00favod priv\u00edtal pr\u00edtomn\u00fdch poslancov OZ a\u00a0ob\u010danov obce. Priebeh zastupite\u013estva sa riadil nasledovn\u00fdm programom:<\/li>\n<\/ol>\n<p>&nbsp;<\/p>\n<ol>\n<li>Otvorenie<\/li>\n<li>Program OZ<\/li>\n<li>Vo\u013eba n\u00e1vrhovej komisie, overovate\u013eov z\u00e1pisnice a\u00a0zapisovate\u013ea<\/li>\n<li>Ro\u010dn\u00e1 spr\u00e1va o\u00a0kontrolnej \u010dinnosti hlavnej kontrol\u00f3rky obce za r.2022<\/li>\n<li>Spr\u00e1va o\u00a0v\u00fdsledku kontroly poskytovania dot\u00e1ci\u00ed z\u00a0rozpo\u010dtu obce za r.2022<\/li>\n<li>\u010cerpanie finan\u010dn\u00e9ho rozpo\u010dtu v\u00a0r.2023<\/li>\n<li>Pred\u013a\u017eenie komunitn\u00e9ho pl\u00e1nu soci\u00e1lnych slu\u017eieb do konca r.2023<\/li>\n<li>Zaradenie budovy obecn\u00e9ho \u00faradu s.\u010d.79 a\u00a0budovy v\u00a0parku s.\u010d.156 do ,,pam\u00e4tihodnost\u00ed obce\u201c<\/li>\n<li>Z\u00e1mena nehnute\u013en\u00e9ho majetku z\u00a0d\u00f4vodu osobitn\u00e9ho zrete\u013ea a\u00a0finan\u010dn\u00e9 vyrovnanie rozdielu 20m2.Novovytvoren\u00fd pozemok \u010d.C-KN-520\/5 vodn\u00e1 plocha o\u00a0v\u00fdmere 96m2 vytvoren\u00e1 oddelen\u00edm od parcely E-KN-\u010d.225\/8 (ostatn\u00e1 plocha) o\u00a0v\u00fdmere 18523m2 (nov\u00fd stav 18427m2) veden\u00e9 na LV-417 obce Horn\u00e1 Mi\u010din\u00e1 z\u00e1menou za ako (diel 1) C-KN-parc.\u010d.189\/3 druh pozemku z\u00e1hrada o\u00a0v\u00fdmere 824m2 (nov\u00fd stav 748m2) veden\u00e1 na LV\u010d.36,k.\u00fa. Horn\u00e1 Mi\u010din\u00e1,vo vlastn\u00edctve R.Magica,bytom Komensk\u00e9ho 14D,97401 Bansk\u00e1 Bystrica<\/li>\n<li>Predaj majetku obce:pozemok parc.\u010d. E-KN-937\/3 zastavan\u00e1 plocha a\u00a0n\u00e1dvorie o v\u00fdmere 344m2 a\u00a0to formou obchodnej verejnej s\u00fa\u0165a\u017ee<\/li>\n<li>Predaj majetku obce:pozemok parc.\u010d. E-KN-938\/5 zastavan\u00e1 plocha a\u00a0n\u00e1dvorie o\u00a0\u00a0\u00a0 v\u00fdmere 211m2 a\u00a0to formou obchodnej verejnej s\u00fa\u0165a\u017ee<\/li>\n<li>\u017diados\u0165 p. Suju o\u00a0roz\u0161\u00edrenie potrav\u00edn o\u00a0priestory pohostinstva a\u00a0s t\u00fdm s\u00favisiace stavebn\u00e9 \u00fapravy<\/li>\n<li>Z\u00e1mer MFK Dukla Bansk\u00e1 Bystrica o\u00a0dlhodob\u00fd pren\u00e1jom futbalov\u00fdch ihr\u00edsk<\/li>\n<li>Prist\u00fapenie obce Oravce k\u00a0spolo\u010dn\u00e9mu obecn\u00e9mu \u00faradu Hrocho\u0165<\/li>\n<li>R\u00f4zne<\/li>\n<li>Diskusia<\/li>\n<li>N\u00e1vrh uznesen\u00ed<\/li>\n<li>Z\u00e1ver<\/li>\n<\/ol>\n<p>&nbsp;<\/p>\n<p>&nbsp;<\/p>\n<p>&nbsp;<\/p>\n<ol start=\"3\">\n<li>Ur\u010denie n\u00e1vrhovej komisie,overovate\u013eov z\u00e1pisnice a\u00a0zapisovate\u013ea<\/li>\n<\/ol>\n<p>N\u00e1vrhov\u00e1 komisia: T.Bachleda<\/p>\n<p>Overovate\u013e: T.Pip\u00ed\u0161ka, \u013d.\u010cerh\u00fd\u0148<\/p>\n<p>Zapisovate\u013e: J.Baranov\u00e1<\/p>\n<p>&nbsp;<\/p>\n<ol start=\"4\">\n<li>Ro\u010dn\u00e1 spr\u00e1va o\u00a0kontrolnej \u010dinnosti hl.kontrol\u00f3rky obce za r.2022<\/li>\n<\/ol>\n<ul>\n<li>Poslanci OZ ber\u00fa na vedomie ro\u010dn\u00fa spr\u00e1vu<\/li>\n<\/ul>\n<ol start=\"5\">\n<li>Spr\u00e1va o\u00a0v\u00fdsledku kontroly poskytovania dot\u00e1ci\u00ed z\u00a0rozpo\u010dtu obce za r.2022<\/li>\n<\/ol>\n<ul>\n<li>Poslanci OZ ber\u00fa na vedomie spr\u00e1vu o\u00a0v\u00fdsledku kontroly<\/li>\n<\/ul>\n<ol start=\"6\">\n<li>\u010cerpanie finan\u010dn\u00e9ho rozpo\u010dtu v.r.2023<\/li>\n<\/ol>\n<ul>\n<li>Poslanci OZ ber\u00fa na vedomie \u010derpanie rozpo\u010dtu<\/li>\n<\/ul>\n<ol start=\"7\">\n<li>Pred\u013a\u017eenie komunitn\u00e9ho pl\u00e1nu soc.slu\u017eieb do konca r.2023<\/li>\n<\/ol>\n<ul>\n<li>Poslanci OZ schva\u013euj\u00fa pred\u013a\u017eenie kom.pl\u00e1nu<\/li>\n<\/ul>\n<ol start=\"8\">\n<li>Zaradenie budovy obecn\u00e9ho \u00faradu s.\u010d.79 a\u00a0budovy v\u00a0parku s.\u010d. 156 do ,,pam\u00e4tihodnost\u00ed obce\u201c<\/li>\n<\/ol>\n<ul>\n<li>Poslanci OZ schva\u013euj\u00fa zaradenie budov do pam\u00e4tihodnost\u00ed obce<\/li>\n<\/ul>\n<ol start=\"9\">\n<li>Z\u00e1mena nehnute\u013en\u00e9ho majetku z\u00a0d\u00f4vodu osobitn\u00e9ho zrete\u013ea a\u00a0finan\u010dn\u00e9 vyrovnanie rozdielu 20m2.Novovytvoren\u00fd pozemok \u010d.C-KN-520\/5 vodn\u00e1 plocha o\u00a0v\u00fdmere 96m2 vytvoren\u00e1 oddelen\u00edm od parcely E-KN-\u010d.225\/8 (ostatn\u00e1 plocha) o\u00a0v\u00fdmere 18523m2 (nov\u00fd stav 18427m2) veden\u00e9 na LV-417 obce Horn\u00e1 Mi\u010din\u00e1 z\u00e1menou za ako (diel 1) C-KN-parc.\u010d.189\/3 druh pozemku z\u00e1hrada o\u00a0v\u00fdmere 824m2 (nov\u00fd stav 748m2) veden\u00e1 na LV\u010d.36,k.\u00fa. Horn\u00e1 Mi\u010din\u00e1,vo vlastn\u00edctve R.Magica,bytom Komensk\u00e9ho 14D,97401 Bansk\u00e1 Bystrica<\/li>\n<\/ol>\n<ul>\n<li>Poslanci OZ schva\u013euj\u00fa z\u00e1menu nehnute\u013en\u00e9ho majetku a\u00a0finan\u010dn\u00e9 vysporiadanie<\/li>\n<\/ul>\n<ol start=\"10\">\n<li>Predaj majetku obce: pozemok parc.\u010d. E-KN-937\/3 zastavan\u00e1 plocha a\u00a0n\u00e1dvorie o v\u00fdmere 344m2 a\u00a0to formou obchodnej verejnej s\u00fa\u0165a\u017ee<\/li>\n<\/ol>\n<ul>\n<li>Poslanci schva\u013euj\u00fa predaj formou obchodnej verejnej s\u00fa\u0165a\u017ee<\/li>\n<\/ul>\n<ol start=\"11\">\n<li>Predaj majetku obce: pozemok parc.\u010d. E-KN-938\/5 zastavan\u00e1 plocha a\u00a0n\u00e1dvorie o v\u00fdmere 211m2 a\u00a0to formou obchodnej verejnej s\u00fa\u0165a\u017ee<\/li>\n<\/ol>\n<ul>\n<li>Poslanci OZ schva\u013euj\u00fa predaj formou obchodnej verejnej s\u00fa\u0165a\u017ee<\/li>\n<\/ul>\n<ol start=\"12\">\n<li>\u017diados\u0165 p. Suju o\u00a0roz\u0161\u00edrenie potrav\u00edn o\u00a0priestory pohostinstva a\u00a0s t\u00fdm s\u00favisiace stavebn\u00e9 \u00fapravy<\/li>\n<\/ol>\n<ul>\n<li>Posalnci OZ ber\u00fa na vedomie roz\u0161\u00edrenie potrav\u00edn<\/li>\n<\/ul>\n<ol start=\"13\">\n<li>Z\u00e1mer MFK Dukla Bansk\u00e1 Bystrica o\u00a0dlhodob\u00fd pren\u00e1jom futbalov\u00fdch ihr\u00edsk<\/li>\n<\/ol>\n<ul>\n<li>Poslanci OZ ber\u00fa na vedomie z\u00e1mer MFK Dukla<\/li>\n<\/ul>\n<ol start=\"14\">\n<li>Prist\u00fapenie obce Oravce k\u00a0spolo\u010dn\u00e9mu obecn\u00e9mu \u00faradu Hrocho\u0165<\/li>\n<\/ol>\n<ul>\n<li>Poslanci OZ schva\u013euj\u00fa prist\u00fapenie k\u00a0spolo\u010dn\u00e9mu \u00faradu<\/li>\n<\/ul>\n<ol start=\"15\">\n<li>R\u00f4zne<\/li>\n<li>Diskusia<\/li>\n<li>N\u00e1vrh uznesen\u00ed<\/li>\n<li>Z\u00e1ver<\/li>\n<\/ol>\n<p>&nbsp;<\/p>\n<p>&nbsp;<\/p>\n<p>&nbsp;<\/p>\n<p>&nbsp;<\/p>\n<p>Zapisovate\u013e:\u00a0 Janka Baranov\u00e1<\/p>\n<p>Overovate\u013e:\u00a0\u00a0 Tibor Pip\u00ed\u0161ka, \u013dubom\u00edr \u010cerh\u00fd\u0148<\/p>\n<p>Starosta:\u00a0\u00a0\u00a0\u00a0\u00a0\u00a0\u00a0 Ivan Len\u00e1r<\/p>\n<p>&nbsp;<\/p>\n","protected":false},"excerpt":{"rendered":"Z\u00c1PISNICA Zo zasadnutia obecn\u00e9ho zastupite\u013estva(\u010falej len OZ) v\u00a0Hornej Mi\u010dinej konan\u00e9ho d\u0148a 13.3.2023 v\u00a0zasada\u010dke [&hellip;]","protected":false},"author":1,"featured_media":503,"comment_status":"closed","ping_status":"open","sticky":false,"template":"","format":"standard","meta":{"advanced_seo_description":"","jetpack_seo_html_title":"","jetpack_seo_noindex":false,"_jetpack_memberships_contains_paid_content":false,"footnotes":""},"categories":[5,8,30],"tags":[],"class_list":["post-3660","post","type-post","status-publish","format-standard","has-post-thumbnail","hentry","category-dolezite","category-oznamy","category-zastupitelstvo"],"jetpack_featured_media_url":"https:\/\/i0.wp.com\/www.hornamicina.eu\/web\/wp-content\/uploads\/2017\/07\/zastupitelstvo.jpg?fit=530%2C375&ssl=1","jetpack_sharing_enabled":true,"jetpack_shortlink":"https:\/\/wp.me\/p8RsFw-X2","jetpack-related-posts":[{"id":3317,"url":"https:\/\/www.hornamicina.eu\/web\/zapisnica-zo-zasadnutia-obecneho-zastupitelstva-28-9-2022\/","url_meta":{"origin":3660,"position":0},"title":"Z\u00e1pisnica zo zasadnutia obecneho zastupite\u013estva &#8211; 28.9.2022","author":"admin","date":"14. okt\u00f3bra 2022","format":false,"excerpt":"Z\u00c1PISNICA zo zasadnutia obecn\u00e9ho zastupite\u013estva (\u010falej len OZ) obce\u00a0Horn\u00e1 Mi\u010din\u00e1 konan\u00e9ho d\u0148a 28.09.2022 v\u00a0budove obecn\u00e9ho \u00faradu Horn\u00e1 Mi\u010din\u00e1 o\u00a019.00 hod. \u00a0 PR\u00cdTOMN\u00cd: Starosta obce:\u00a0\u00a0\u00a0\u00a0\u00a0\u00a0\u00a0\u00a0\u00a0\u00a0\u00a0\u00a0\u00a0\u00a0\u00a0\u00a0\u00a0\u00a0\u00a0\u00a0\u00a0\u00a0\u00a0\u00a0\u00a0\u00a0\u00a0\u00a0\u00a0\u00a0\u00a0 Ivan Len\u00e1r Poslanci OZ:\u00a0 \u00a0 \u00a0 \u00a0 \u00a0 \u00a0 \u00a0 \u00a0 \u00a0 \u00a0 \u00a0 \u00a0 \u00a0 \u00a0 \u00a0 \u00a0 \u00a0 pod\u013ea prezen\u010dnej listiny Ob\u010dania obce a\u2026","rel":"","context":"V &quot;Oznamy&quot;","block_context":{"text":"Oznamy","link":"https:\/\/www.hornamicina.eu\/web\/category\/oznamy\/"},"img":{"alt_text":"Logo obce a dokumenty","src":"https:\/\/i0.wp.com\/www.hornamicina.eu\/web\/wp-content\/uploads\/2017\/07\/uznesenia.jpg?fit=530%2C530&ssl=1&resize=350%2C200","width":350,"height":200,"srcset":"https:\/\/i0.wp.com\/www.hornamicina.eu\/web\/wp-content\/uploads\/2017\/07\/uznesenia.jpg?fit=530%2C530&ssl=1&resize=350%2C200 1x, https:\/\/i0.wp.com\/www.hornamicina.eu\/web\/wp-content\/uploads\/2017\/07\/uznesenia.jpg?fit=530%2C530&ssl=1&resize=525%2C300 1.5x"},"classes":[]},{"id":3902,"url":"https:\/\/www.hornamicina.eu\/web\/zapisnica-zo-zasadnutia-oz-13-9-2023\/","url_meta":{"origin":3660,"position":1},"title":"Z\u00e1pisnica zo zasadnutia OZ &#8211; 13.9.2023","author":"admin","date":"22. septembra 2023","format":false,"excerpt":"\u00a0\u00a0\u00a0\u00a0\u00a0\u00a0\u00a0\u00a0\u00a0\u00a0\u00a0\u00a0\u00a0\u00a0\u00a0\u00a0\u00a0\u00a0\u00a0\u00a0\u00a0\u00a0\u00a0\u00a0\u00a0 \u00a0\u00a0\u00a0\u00a0\u00a0\u00a0\u00a0\u00a0\u00a0\u00a0\u00a0\u00a0\u00a0\u00a0\u00a0\u00a0\u00a0\u00a0\u00a0\u00a0\u00a0\u00a0\u00a0\u00a0\u00a0\u00a0Z\u00c1PISNICA Zo zasadnutia obecn\u00e9ho zastupite\u013estva (\u010falej len OZ) v\u00a0Hornej Mi\u010dinej konan\u00e9ho d\u0148a 13.9.2023 v\u00a0s\u00e1le obecn\u00e9ho \u00faradu Horn\u00e1 Mi\u010din\u00e1 o\u00a018:00 hod. \u00a0 N\u00e1vrh programu \u00a0OZ: Otvorenie Program obecn\u00e9ho zastupite\u013estva Vo\u013eba n\u00e1vrhovej komisie,overovate\u013ea z\u00e1pisnice a\u00a0zapisovate\u013ea \u017diados\u0165 p.Pavla Martinca \u010d.59 o odk\u00fapenie obecn\u00e9ho pozemku,parcela C-\u010d.40\/3 o v\u00fdmere 20m2,vedenej na LV-195 vo vlastn\u00edctve\u2026","rel":"","context":"V &quot;Oznamy&quot;","block_context":{"text":"Oznamy","link":"https:\/\/www.hornamicina.eu\/web\/category\/oznamy\/"},"img":{"alt_text":"","src":"https:\/\/i0.wp.com\/www.hornamicina.eu\/web\/wp-content\/uploads\/2017\/07\/zastupitelstvo.jpg?fit=530%2C375&ssl=1&resize=350%2C200","width":350,"height":200,"srcset":"https:\/\/i0.wp.com\/www.hornamicina.eu\/web\/wp-content\/uploads\/2017\/07\/zastupitelstvo.jpg?fit=530%2C375&ssl=1&resize=350%2C200 1x, https:\/\/i0.wp.com\/www.hornamicina.eu\/web\/wp-content\/uploads\/2017\/07\/zastupitelstvo.jpg?fit=530%2C375&ssl=1&resize=525%2C300 1.5x"},"classes":[]},{"id":3397,"url":"https:\/\/www.hornamicina.eu\/web\/zapisnica-zo-zasadnutia-oz-dna-15-12-2022\/","url_meta":{"origin":3660,"position":2},"title":"Z\u00e1pisnica zo zasadnutia OZ &#8211; d\u0148a 15.12.2022","author":"admin","date":"19. decembra 2022","format":false,"excerpt":"Z\u00c1PISNICA zo zasadnutia obecn\u00e9ho zastupite\u013estva (\u010falej len OZ) v\u00a0Hornej Mi\u010dinej konan\u00e9ho d\u0148a 15.12.2022 v\u00a0budove obecn\u00e9ho \u00faradu Horn\u00e1 Mi\u010din\u00e1 o\u00a018.00 hod. \u00a0 PR\u00cdTOMN\u00cd: Starosta obce:\u00a0\u00a0\u00a0\u00a0\u00a0\u00a0\u00a0\u00a0\u00a0\u00a0\u00a0\u00a0\u00a0\u00a0\u00a0\u00a0\u00a0\u00a0\u00a0\u00a0\u00a0\u00a0\u00a0\u00a0\u00a0\u00a0\u00a0\u00a0\u00a0 Ivan Len\u00e1r Poslanci OZ:\u00a0\u00a0\u00a0\u00a0\u00a0\u00a0\u00a0\u00a0\u00a0\u00a0\u00a0\u00a0\u00a0\u00a0\u00a0\u00a0\u00a0\u00a0\u00a0\u00a0\u00a0\u00a0\u00a0\u00a0\u00a0\u00a0\u00a0\u00a0\u00a0\u00a0\u00a0\u00a0 pod\u013ea prilo\u017eenej prezen\u010dnej listiny Ob\u010dania obce a\u00a0prizvan\u00ed:\u00a0\u00a0\u00a0\u00a0\u00a0\u00a0\u00a0\u00a0\u00a0\u00a0\u00a0\u00a0 pod\u013ea prilo\u017eenej prezen\u010dnej listiny \u00a0 Zasadnutie obecn\u00e9ho zastupite\u013estva otvoril a\u00a0viedol starosta obce Ivan Len\u00e1r. Priv\u00edtal\u2026","rel":"","context":"V &quot;D\u00f4le\u017eit\u00e9&quot;","block_context":{"text":"D\u00f4le\u017eit\u00e9","link":"https:\/\/www.hornamicina.eu\/web\/category\/dolezite\/"},"img":{"alt_text":"","src":"https:\/\/i0.wp.com\/www.hornamicina.eu\/web\/wp-content\/uploads\/2017\/07\/zastupitelstvo.jpg?fit=530%2C375&ssl=1&resize=350%2C200","width":350,"height":200,"srcset":"https:\/\/i0.wp.com\/www.hornamicina.eu\/web\/wp-content\/uploads\/2017\/07\/zastupitelstvo.jpg?fit=530%2C375&ssl=1&resize=350%2C200 1x, https:\/\/i0.wp.com\/www.hornamicina.eu\/web\/wp-content\/uploads\/2017\/07\/zastupitelstvo.jpg?fit=530%2C375&ssl=1&resize=525%2C300 1.5x"},"classes":[]},{"id":4924,"url":"https:\/\/www.hornamicina.eu\/web\/zapisnica-so-zasadnutia-zastupitelstva-obce-hm-9-2024\/","url_meta":{"origin":3660,"position":3},"title":"Z\u00e1pisnica so zasadnutia zastupite\u013estva obce HM &#8211; 9\/2024","author":"admin","date":"23. septembra 2024","format":false,"excerpt":"Z\u00c1PISNICA zo zasadnutia obecn\u00e9ho zastupite\u013estva (\u010falej len OZ) obce\u00a0Horn\u00e1 Mi\u010din\u00e1 konan\u00e9ho d\u0148a 16.9.2024 v budove obecn\u00e9ho \u00faradu Horn\u00e1 Mi\u010din\u00e1 o 17:00 hod. \u00a0 PR\u00cdTOMN\u00cd: Starosta obce:\u00a0\u00a0\u00a0\u00a0\u00a0\u00a0\u00a0\u00a0\u00a0\u00a0\u00a0\u00a0\u00a0\u00a0\u00a0\u00a0\u00a0\u00a0\u00a0\u00a0\u00a0\u00a0\u00a0\u00a0\u00a0\u00a0\u00a0\u00a0\u00a0 Ivan Len\u00e1r Poslanci OZ:\u00a0\u00a0\u00a0\u00a0\u00a0\u00a0\u00a0\u00a0\u00a0\u00a0\u00a0\u00a0\u00a0\u00a0\u00a0\u00a0\u00a0\u00a0\u00a0\u00a0\u00a0\u00a0\u00a0\u00a0\u00a0\u00a0\u00a0\u00a0\u00a0\u00a0\u00a0\u00a0 pod\u013ea prilo\u017eenej prezen\u010dnej listiny Ob\u010dania obce a\u00a0prizvan\u00ed:\u00a0\u00a0\u00a0\u00a0\u00a0\u00a0\u00a0\u00a0\u00a0\u00a0\u00a0\u00a0 pod\u013ea prilo\u017eenej prezen\u010dnej listiny \u00a0 Zasadnutie obecn\u00e9ho zastupite\u013estva otvoril a\u00a0viedol starosta obce Ivan\u2026","rel":"","context":"V &quot;D\u00f4le\u017eit\u00e9&quot;","block_context":{"text":"D\u00f4le\u017eit\u00e9","link":"https:\/\/www.hornamicina.eu\/web\/category\/dolezite\/"},"img":{"alt_text":"","src":"https:\/\/i0.wp.com\/www.hornamicina.eu\/web\/wp-content\/uploads\/2017\/07\/zastupitelstvo.jpg?fit=530%2C375&ssl=1&resize=350%2C200","width":350,"height":200,"srcset":"https:\/\/i0.wp.com\/www.hornamicina.eu\/web\/wp-content\/uploads\/2017\/07\/zastupitelstvo.jpg?fit=530%2C375&ssl=1&resize=350%2C200 1x, https:\/\/i0.wp.com\/www.hornamicina.eu\/web\/wp-content\/uploads\/2017\/07\/zastupitelstvo.jpg?fit=530%2C375&ssl=1&resize=525%2C300 1.5x"},"classes":[]},{"id":3894,"url":"https:\/\/www.hornamicina.eu\/web\/zapisnica-a-uznesenia-oz-zo-dna-22-8-2023\/","url_meta":{"origin":3660,"position":4},"title":"Z\u00e1pisnica a uznesenia OZ zo d\u0148a 22.8.2023","author":"admin","date":"30. augusta 2023","format":false,"excerpt":"Z\u00c1PISNICA Z mimoriadneho zasadnutia obecn\u00e9ho zastupite\u013estva(\u010falej len OZ) v Hornej Mi\u010dinej konan\u00e9ho d\u0148a 22.8.2023 v s\u00e1le obecn\u00e9ho \u00faradu Horn\u00e1 Mi\u010din\u00e1 o 19:00 hod. PR\u00cdTOMN\u00cd: Starosta obce: Ivan Len\u00e1r Poslanci OZ: Janka Baranov\u00e1,Teodor Bachleda,Tibor Pip\u00ed\u0161ka,\u013dubom\u00edr \u010cerh\u00fd\u0148 NEPR\u00cdTOMN\u00dd: Michal Karkal\u00edk Ob\u010dania obce a pozvan\u00ed: pod\u013ea prilo\u017eenej prezen\u010dnej listiny Zasadnutie OZ otvoril a\u2026","rel":"","context":"V &quot;Uznesenia&quot;","block_context":{"text":"Uznesenia","link":"https:\/\/www.hornamicina.eu\/web\/category\/uznesenia\/"},"img":{"alt_text":"Logo obce a dokumenty","src":"https:\/\/i0.wp.com\/www.hornamicina.eu\/web\/wp-content\/uploads\/2017\/07\/uznesenia.jpg?fit=530%2C530&ssl=1&resize=350%2C200","width":350,"height":200,"srcset":"https:\/\/i0.wp.com\/www.hornamicina.eu\/web\/wp-content\/uploads\/2017\/07\/uznesenia.jpg?fit=530%2C530&ssl=1&resize=350%2C200 1x, https:\/\/i0.wp.com\/www.hornamicina.eu\/web\/wp-content\/uploads\/2017\/07\/uznesenia.jpg?fit=530%2C530&ssl=1&resize=525%2C300 1.5x"},"classes":[]},{"id":2221,"url":"https:\/\/www.hornamicina.eu\/web\/zapisnica-13-11-20\/","url_meta":{"origin":3660,"position":5},"title":"Z\u00e1pisnica zasadnutia OZ H.Mi\u010din\u00e1 &#8211; 13.11.2020","author":"admin","date":"23. novembra 2020","format":"aside","excerpt":"Z\u00e1pisnica zo zasadnutia obecn\u00e9ho zastupite\u013estva (\u010falej len OZ) v Hornej Mi\u010dinej, konan\u00e9ho d\u0148a 13.11.2020 v budove obecn\u00e9ho \u00faradu hor\u00e1 Mi\u010din\u00e1, ktor\u00e9 bolo zah\u00e1jen\u00e9 o 18:00 hod. Pr\u00edtomn\u00ed: Starosta obce: Ivan Len\u00e1r Poslanci OZ: Michal Karkal\u00edk Richard Kaz\u00edk Ob\u010dania obce a prizvan\u00ed: pod\u013ea prezen\u010dnej listiny Nepr\u00edtomn\u00ed: Poslanci OZ: Jana Baranov\u00e1 Bohu\u0161\u2026","rel":"","context":"V &quot;D\u00f4le\u017eit\u00e9&quot;","block_context":{"text":"D\u00f4le\u017eit\u00e9","link":"https:\/\/www.hornamicina.eu\/web\/category\/dolezite\/"},"img":{"alt_text":"Logo obce a dokumenty","src":"https:\/\/i0.wp.com\/www.hornamicina.eu\/web\/wp-content\/uploads\/2017\/07\/uznesenia.jpg?fit=530%2C530&ssl=1&resize=350%2C200","width":350,"height":200,"srcset":"https:\/\/i0.wp.com\/www.hornamicina.eu\/web\/wp-content\/uploads\/2017\/07\/uznesenia.jpg?fit=530%2C530&ssl=1&resize=350%2C200 1x, https:\/\/i0.wp.com\/www.hornamicina.eu\/web\/wp-content\/uploads\/2017\/07\/uznesenia.jpg?fit=530%2C530&ssl=1&resize=525%2C300 1.5x"},"classes":[]}],"jetpack_likes_enabled":true,"_links":{"self":[{"href":"https:\/\/www.hornamicina.eu\/web\/wp-json\/wp\/v2\/posts\/3660","targetHints":{"allow":["GET"]}}],"collection":[{"href":"https:\/\/www.hornamicina.eu\/web\/wp-json\/wp\/v2\/posts"}],"about":[{"href":"https:\/\/www.hornamicina.eu\/web\/wp-json\/wp\/v2\/types\/post"}],"author":[{"embeddable":true,"href":"https:\/\/www.hornamicina.eu\/web\/wp-json\/wp\/v2\/users\/1"}],"replies":[{"embeddable":true,"href":"https:\/\/www.hornamicina.eu\/web\/wp-json\/wp\/v2\/comments?post=3660"}],"version-history":[{"count":0,"href":"https:\/\/www.hornamicina.eu\/web\/wp-json\/wp\/v2\/posts\/3660\/revisions"}],"wp:featuredmedia":[{"embeddable":true,"href":"https:\/\/www.hornamicina.eu\/web\/wp-json\/wp\/v2\/media\/503"}],"wp:attachment":[{"href":"https:\/\/www.hornamicina.eu\/web\/wp-json\/wp\/v2\/media?parent=3660"}],"wp:term":[{"taxonomy":"category","embeddable":true,"href":"https:\/\/www.hornamicina.eu\/web\/wp-json\/wp\/v2\/categories?post=3660"},{"taxonomy":"post_tag","embeddable":true,"href":"https:\/\/www.hornamicina.eu\/web\/wp-json\/wp\/v2\/tags?post=3660"}],"curies":[{"name":"wp","href":"https:\/\/api.w.org\/{rel}","templated":true}]}}