{"id":3584,"date":"2023-03-01T16:26:42","date_gmt":"2023-03-01T15:26:42","guid":{"rendered":"https:\/\/www.hornamicina.eu\/web\/?p=3584"},"modified":"2023-03-01T16:28:42","modified_gmt":"2023-03-01T15:28:42","slug":"pozemkove-spolocenstvo-urbar-zhromazdenie-zvolanie","status":"publish","type":"post","link":"https:\/\/www.hornamicina.eu\/web\/pozemkove-spolocenstvo-urbar-zhromazdenie-zvolanie\/","title":{"rendered":"Pozemkov\u00e9 spolo\u010denstvo Urb\u00e1r &#8211; Zhroma\u017edenie &#8211; zvolanie"},"content":{"rendered":"<p style=\"text-align: center;\"><strong><u>POZEMKOV\u00c9 SPOLO\u010cENSTVO URB\u00c1R <\/u><u>HORN\u00c1<\/u> <u>MI\u010cIN\u00c1 PS\u010c 974 01<\/u><\/strong><\/p>\n<p>\u010clenom P.S. URB\u00c1R Horn\u00e1 Mi\u010din\u00e1<\/p>\n<h3>Vec: <u>Zhroma\u017edenie &#8211; zvolanie<\/u><\/h3>\n<p>V\u00fdbor spolo\u010denstva zvol\u00e1va zhroma\u017edenie \u010dlenov na de\u0148<\/p>\n<blockquote><p><strong>25.marca 2023(sobota) o 15:00 <\/strong>hod.<\/p><\/blockquote>\n<p>Zhroma\u017edenie sa uskuto\u010dn\u00ed v s\u00e1le O\u00da v Hornej Mi\u010dinej (Niva) s nasledovn\u00fdm programom:<\/p>\n<ol>\n<li>OTVORENIE<\/li>\n<li>VO\u013dBA ZAPISOVATE\u013dA A OVEROVATE\u013dOV Z\u00c1PISNICE<\/li>\n<li>VO\u013dBA N\u00c1VRHOVEJ KOMISIE<\/li>\n<li>SPR\u00c1VA O \u010cINNOSTI SPOLO\u010cENSTVA ZA ROK 2022<\/li>\n<li>SPR\u00c1VA O HOSPOD\u00c1REN\u00cd A RO\u010cN\u00c1 U\u010cTOVN\u00c1 UZ\u00c1VIERKA ZA ROK 2022 SPR\u00c1VA DOZORNEJ RADY PS URB\u00c1R ZA ROK 2022<\/li>\n<li>PL\u00c1N HLAVN\u00ddCH \u00daLOH A ROZPO\u010cET NA ROK 2023<\/li>\n<li>DISKUSIA<\/li>\n<li>UZNESENIE UKON\u010cENIE<\/li>\n<\/ol>\n<p>\u00da\u010das\u0165 \u010dlenov je potrebn\u00e1. V pr\u00edpade, \u017ee sa \u010dlen nem\u00f4\u017ee zhroma\u017edenia z\u00fa\u010dastni\u0165, m\u00f4\u017ee ho na z\u00e1klade p\u00edsomnej plnej moci zastupova\u0165 in\u00fd \u010dlen resp. rodinn\u00fd pr\u00edslu\u0161n\u00edk. Podp\u00edsan\u00e9 splnomocnenie prineste na sch\u00f4dzu.<\/p>\n<p><strong>Po skon\u010den\u00ed bude pre \u010dlenov podan\u00e9 pohostenie a vyplaten\u00e9 podie<\/strong><strong>ly za rok 2022.<\/strong><\/p>\n<p>&nbsp;<\/p>\n<p><em>Vzor splnomocnenia:<\/em><\/p>\n<hr \/>\n<p>&nbsp;<\/p>\n<p style=\"text-align: center;\"><strong>SPLNOMOCNENIE<\/strong><\/p>\n<p style=\"text-align: center;\"><strong>na hlasovanie a prevzatie podielov<\/strong><\/p>\n<p>&nbsp;<\/p>\n<p style=\"text-align: left;\">Dolupodp\u00edsan\u00fd \/\u00e1\/\u00a0 \u00a0_________________________________________________<\/p>\n<p style=\"text-align: left;\">Splnomoc\u0148ujem _______________________ na rozhodovanie hlasovan\u00edm a prevzatie podielov za rok 2022 na zhroma\u017eden\u00ed, ktor\u00e9 sa bude kona\u0165 d\u0148a 25.3.2023.<\/p>\n<p>&nbsp;<\/p>\n<p>_________________________________<\/p>\n<p>Podpis podielnika<\/p>\n","protected":false},"excerpt":{"rendered":"POZEMKOV\u00c9 SPOLO\u010cENSTVO URB\u00c1R HORN\u00c1 MI\u010cIN\u00c1 PS\u010c 974 01 \u010clenom P.S. URB\u00c1R Horn\u00e1 Mi\u010din\u00e1 [&hellip;]","protected":false},"author":1,"featured_media":1625,"comment_status":"closed","ping_status":"open","sticky":false,"template":"","format":"standard","meta":{"advanced_seo_description":"","jetpack_seo_html_title":"","jetpack_seo_noindex":false,"_jetpack_memberships_contains_paid_content":false,"footnotes":""},"categories":[5,8,20],"tags":[],"class_list":["post-3584","post","type-post","status-publish","format-standard","has-post-thumbnail","hentry","category-dolezite","category-oznamy","category-urbar"],"jetpack_featured_media_url":"https:\/\/i0.wp.com\/www.hornamicina.eu\/web\/wp-content\/uploads\/2019\/10\/foggy-forest-free-license-cc0-min.jpg?fit=4550%2C2879&ssl=1","jetpack_sharing_enabled":true,"jetpack_shortlink":"https:\/\/wp.me\/p8RsFw-VO","jetpack-related-posts":[{"id":4065,"url":"https:\/\/www.hornamicina.eu\/web\/2024-urbar-zvolanie-zhromazdenia\/","url_meta":{"origin":3584,"position":0},"title":"Urb\u00e1r &#8211; zvolanie zhroma\u017edenia &#8211; 27.1.2024 o 15:00","author":"admin","date":"10. janu\u00e1ra 2024","format":false,"excerpt":"POZEMKOV\u00c9 SPOLO\u010cENSTVO URB\u00c1R HORN\u00c1 MI\u010cIN\u00c1 PS\u010c 974 01 \u010clenom P.S. URB\u00c1R Horn\u00e1 Mi\u010din\u00e1 \u00a0 Vec: Zhroma\u017edenie - zvolanie V\u00fdbor spolo\u010denstva zvol\u00e1va zhroma\u017edenie \u010dlenov na de\u0148 27.janu\u00e1ra 2024(sobota) o 15:00 hod. Zhroma\u017edenie sa uskuto\u010dn\u00ed v s\u00e1le O\u00da v Hornej Mi\u010dinej (Niva)s nasledovn\u00fdm programom: OTVORENIE VO\u013dBA ZAPISOVATE\u013dA \u00a0A OVEROVATE\u013dOV Z\u00c1PISNICE VO\u013dBA N\u00c1VRHOVEJ\u2026","rel":"","context":"V &quot;D\u00f4le\u017eit\u00e9&quot;","block_context":{"text":"D\u00f4le\u017eit\u00e9","link":"https:\/\/www.hornamicina.eu\/web\/category\/dolezite\/"},"img":{"alt_text":"les","src":"https:\/\/i0.wp.com\/www.hornamicina.eu\/web\/wp-content\/uploads\/2016\/02\/les.jpg?fit=960%2C640&ssl=1&resize=350%2C200","width":350,"height":200,"srcset":"https:\/\/i0.wp.com\/www.hornamicina.eu\/web\/wp-content\/uploads\/2016\/02\/les.jpg?fit=960%2C640&ssl=1&resize=350%2C200 1x, https:\/\/i0.wp.com\/www.hornamicina.eu\/web\/wp-content\/uploads\/2016\/02\/les.jpg?fit=960%2C640&ssl=1&resize=525%2C300 1.5x, https:\/\/i0.wp.com\/www.hornamicina.eu\/web\/wp-content\/uploads\/2016\/02\/les.jpg?fit=960%2C640&ssl=1&resize=700%2C400 2x"},"classes":[]},{"id":3110,"url":"https:\/\/www.hornamicina.eu\/web\/pozemkove-spolocenstvo-urbar-zvolanie-zhromazdenia-25-6-2022\/","url_meta":{"origin":3584,"position":1},"title":"Pozemkov\u00e9 spolo\u010denstvo URB\u00c1R &#8211; zvolanie zhroma\u017edenia 25.6.2022","author":"admin","date":"30. m\u00e1ja 2022","format":false,"excerpt":"V\u00fdbor pozemkov\u00e9ho spolo\u010denstva URB\u00c1R HORN\u00c1 MI\u010cIN\u00c1 zvol\u00e1va zhroma\u017edenie \u010dlenov na de\u0148 25.j\u00fana 2022 (sobota) o 14:00 hod . Zhroma\u017edenie sa uskuto\u010dn\u00ed v s\u00e1le O\u00da v Hornej Mi\u010dinej (Niva) s nasledovn\u00fdm programom: OTVORENIE VO\u013dBA ZAPISOVATE\u013dA A OVEROVATE\u013dOV Z\u00c1PISNICE VO\u013dBA N\u00c1VRHOVEJ KOMISIE SPR\u00c1VA O \u010cINNOSTI SPOLO\u010cENSTVA ZA ROK 2020 A ROK 2021\u2026","rel":"","context":"V &quot;D\u00f4le\u017eit\u00e9&quot;","block_context":{"text":"D\u00f4le\u017eit\u00e9","link":"https:\/\/www.hornamicina.eu\/web\/category\/dolezite\/"},"img":{"alt_text":"","src":"https:\/\/i0.wp.com\/www.hornamicina.eu\/web\/wp-content\/uploads\/2019\/10\/foggy-forest-free-license-cc0-min.jpg?fit=1200%2C759&ssl=1&resize=350%2C200","width":350,"height":200,"srcset":"https:\/\/i0.wp.com\/www.hornamicina.eu\/web\/wp-content\/uploads\/2019\/10\/foggy-forest-free-license-cc0-min.jpg?fit=1200%2C759&ssl=1&resize=350%2C200 1x, https:\/\/i0.wp.com\/www.hornamicina.eu\/web\/wp-content\/uploads\/2019\/10\/foggy-forest-free-license-cc0-min.jpg?fit=1200%2C759&ssl=1&resize=525%2C300 1.5x, https:\/\/i0.wp.com\/www.hornamicina.eu\/web\/wp-content\/uploads\/2019\/10\/foggy-forest-free-license-cc0-min.jpg?fit=1200%2C759&ssl=1&resize=700%2C400 2x, https:\/\/i0.wp.com\/www.hornamicina.eu\/web\/wp-content\/uploads\/2019\/10\/foggy-forest-free-license-cc0-min.jpg?fit=1200%2C759&ssl=1&resize=1050%2C600 3x"},"classes":[]},{"id":245,"url":"https:\/\/www.hornamicina.eu\/web\/valne-zhromazdenie\/","url_meta":{"origin":3584,"position":2},"title":"Valn\u00e9 zhroma\u017edenie","author":"admin","date":"4. febru\u00e1ra 2016","format":"aside","excerpt":"V zmysle stanov Pozemkov\u00e9ho spolo\u010denstva URB\u00c1R Horn\u00e1 Mi\u010din\u00e1 \u010dl. 1.5.zvol\u00e1va v\u00fdbor spolo\u010denstva Valn\u00e9 zhroma\u017edenie \u010dlenov na de\u0148\u00a013.febru\u00e1ra 2016 (sobota) o 15:00 hod.. Zhroma\u017edenie sa uskuto\u010dn\u00ed v s\u00e1le OU Hornej Mi\u010dinej (Niva) s nasledovn\u00fdm programom: 1. OTVORENIE 2. VO\u013dBA N\u00c1VRHOVEJ KOMISIE A OVEROVATE\u013dOV 3. VO\u013dBA VOLEBNEJ A S\u010c\u00cdTACEJ KOMISIE 4. SPR\u00c1VA\u2026","rel":"","context":"V &quot;Urb\u00e1r&quot;","block_context":{"text":"Urb\u00e1r","link":"https:\/\/www.hornamicina.eu\/web\/category\/urbar\/"},"img":{"alt_text":"les","src":"https:\/\/i0.wp.com\/www.hornamicina.eu\/web\/wp-content\/uploads\/2016\/02\/les.jpg?fit=960%2C640&ssl=1&resize=350%2C200","width":350,"height":200,"srcset":"https:\/\/i0.wp.com\/www.hornamicina.eu\/web\/wp-content\/uploads\/2016\/02\/les.jpg?fit=960%2C640&ssl=1&resize=350%2C200 1x, https:\/\/i0.wp.com\/www.hornamicina.eu\/web\/wp-content\/uploads\/2016\/02\/les.jpg?fit=960%2C640&ssl=1&resize=525%2C300 1.5x, https:\/\/i0.wp.com\/www.hornamicina.eu\/web\/wp-content\/uploads\/2016\/02\/les.jpg?fit=960%2C640&ssl=1&resize=700%2C400 2x"},"classes":[]},{"id":425,"url":"https:\/\/www.hornamicina.eu\/web\/poznaj-svoj-chotar\/","url_meta":{"origin":3584,"position":3},"title":",,POZNAJ  SVOJ  CHOT\u00c1R &#8222;","author":"admin","date":"12. j\u00fala 2017","format":false,"excerpt":"Pozemkov\u00e9 spolo\u010denstvo Urb\u00e1r a ZO SZPB \u00a0Horn\u00e1 Mi\u010din\u00e1 V\u00e1s poz\u00fdvaj\u00fa d\u0148a 15.j\u00fala 2017 (sobota) na pe\u0161iu t\u00faru na\u0161im chot\u00e1rom. Zraz \u00fa\u010dastn\u00edkov o 8:00 hod.pred budovou urb\u00e1ru. TRASA : Roh\u00e1\u010dovec - po\u013eovn\u00edcka chata pred Z\u00e1vozom - H\u00e1jny Diel - Vr\u00faca (na hranici urb\u00e1ru) \u00a0 Ob\u010derstvenie si zoberte so sebou. TE\u0160\u00cdME \u00a0SA\u2026","rel":"","context":"V &quot;Kult\u00fara&quot;","block_context":{"text":"Kult\u00fara","link":"https:\/\/www.hornamicina.eu\/web\/category\/kultura\/"},"img":{"alt_text":"les","src":"https:\/\/i0.wp.com\/www.hornamicina.eu\/web\/wp-content\/uploads\/2016\/02\/les.jpg?fit=960%2C640&ssl=1&resize=350%2C200","width":350,"height":200,"srcset":"https:\/\/i0.wp.com\/www.hornamicina.eu\/web\/wp-content\/uploads\/2016\/02\/les.jpg?fit=960%2C640&ssl=1&resize=350%2C200 1x, https:\/\/i0.wp.com\/www.hornamicina.eu\/web\/wp-content\/uploads\/2016\/02\/les.jpg?fit=960%2C640&ssl=1&resize=525%2C300 1.5x, https:\/\/i0.wp.com\/www.hornamicina.eu\/web\/wp-content\/uploads\/2016\/02\/les.jpg?fit=960%2C640&ssl=1&resize=700%2C400 2x"},"classes":[]},{"id":2845,"url":"https:\/\/www.hornamicina.eu\/web\/uznesenia-z-2021-12-15\/","url_meta":{"origin":3584,"position":4},"title":"Uznesenia zo d\u0148a 15.12.2021","author":"admin","date":"21. decembra 2021","format":"aside","excerpt":"Obecn\u00fd \u00farad Horn\u00e1 Mi\u010din\u00e1 Obecn\u00e9 zastupite\u013estvo UZNESENIA zo zasadnutia obecn\u00e9ho zastupite\u013estva (\u010falej len OZ) obce Horn\u00e1 Mi\u010din\u00e1 konan\u00e9ho d\u0148a 15.12.2021 \u00a0 PR\u00cdTOMN\u00cd: Starosta obce:\u00a0\u00a0\u00a0\u00a0\u00a0\u00a0\u00a0\u00a0\u00a0\u00a0\u00a0\u00a0\u00a0\u00a0\u00a0\u00a0\u00a0\u00a0\u00a0\u00a0\u00a0\u00a0\u00a0\u00a0\u00a0\u00a0\u00a0\u00a0\u00a0\u00a0\u00a0\u00a0\u00a0 Ivan Len\u00e1r Poslanci OZ:\u00a0\u00a0\u00a0\u00a0\u00a0\u00a0\u00a0\u00a0\u00a0\u00a0\u00a0\u00a0\u00a0\u00a0\u00a0\u00a0\u00a0\u00a0\u00a0\u00a0\u00a0\u00a0\u00a0\u00a0\u00a0\u00a0\u00a0\u00a0\u00a0\u00a0\u00a0\u00a0\u00a0\u00a0\u00a0\u00a0\u00a0 pod\u013ea prilo\u017eenej prezen\u010dnej listiny Ob\u010dania obce a\u00a0prizvan\u00ed:\u00a0\u00a0\u00a0\u00a0\u00a0\u00a0\u00a0\u00a0\u00a0\u00a0\u00a0\u00a0 pod\u013ea prilo\u017eenej prezen\u010dnej listiny Zasadnutie obecn\u00e9ho zastupite\u013estva otvoril a\u00a0viedol starosta obce Ivan Len\u00e1r. Priv\u00edtal pr\u00edtomn\u00fdch\u2026","rel":"","context":"V &quot;Uznesenia&quot;","block_context":{"text":"Uznesenia","link":"https:\/\/www.hornamicina.eu\/web\/category\/uznesenia\/"},"img":{"alt_text":"Logo obce a dokumenty","src":"https:\/\/i0.wp.com\/www.hornamicina.eu\/web\/wp-content\/uploads\/2017\/07\/uznesenia.jpg?fit=530%2C530&ssl=1&resize=350%2C200","width":350,"height":200,"srcset":"https:\/\/i0.wp.com\/www.hornamicina.eu\/web\/wp-content\/uploads\/2017\/07\/uznesenia.jpg?fit=530%2C530&ssl=1&resize=350%2C200 1x, https:\/\/i0.wp.com\/www.hornamicina.eu\/web\/wp-content\/uploads\/2017\/07\/uznesenia.jpg?fit=530%2C530&ssl=1&resize=525%2C300 1.5x"},"classes":[]},{"id":5688,"url":"https:\/\/www.hornamicina.eu\/web\/uznesenia-zo-zasadnutia-oz-obce-horna-micina-10-3-2026\/","url_meta":{"origin":3584,"position":5},"title":"Uznesenia zo zasadnutia OZ obce Horn\u00e1 Mi\u010din\u00e1 &#8211; 10.3.2026","author":"admin","date":"20. marca 2026","format":false,"excerpt":"UZNESENIA Zo zasadnutia obecn\u00e9ho zastupite\u013estva (\u010falej len OZ) obce Horn\u00e1 Mi\u010din\u00e1 konan\u00e9ho d\u0148a 10.3.2026 v budove obecn\u00e9ho \u00faradu Horn\u00e1 Mi\u010din\u00e1 o 17 :00 hod. PR\u00cdTOMN\u00cd POSLANCI: Michal Karkal\u00edk, \u013dubom\u00edr \u010cerh\u00fd\u0148 ,Teodor Bachleda, Tibor Pip\u00ed\u0161ka uznesenie \u010d.128\/2026 z 10.3.2026 K bodu 2. Vo\u013eba n\u00e1vrhovej komisie, overovate\u013ea z\u00e1pisnice a zapisovate\u013ea OZ obce\u2026","rel":"","context":"V &quot;Uznesenia&quot;","block_context":{"text":"Uznesenia","link":"https:\/\/www.hornamicina.eu\/web\/category\/uznesenia\/"},"img":{"alt_text":"","src":"https:\/\/i0.wp.com\/www.hornamicina.eu\/web\/wp-content\/uploads\/2017\/07\/zastupitelstvo.jpg?fit=530%2C375&ssl=1&resize=350%2C200","width":350,"height":200,"srcset":"https:\/\/i0.wp.com\/www.hornamicina.eu\/web\/wp-content\/uploads\/2017\/07\/zastupitelstvo.jpg?fit=530%2C375&ssl=1&resize=350%2C200 1x, https:\/\/i0.wp.com\/www.hornamicina.eu\/web\/wp-content\/uploads\/2017\/07\/zastupitelstvo.jpg?fit=530%2C375&ssl=1&resize=525%2C300 1.5x"},"classes":[]}],"jetpack_likes_enabled":true,"_links":{"self":[{"href":"https:\/\/www.hornamicina.eu\/web\/wp-json\/wp\/v2\/posts\/3584","targetHints":{"allow":["GET"]}}],"collection":[{"href":"https:\/\/www.hornamicina.eu\/web\/wp-json\/wp\/v2\/posts"}],"about":[{"href":"https:\/\/www.hornamicina.eu\/web\/wp-json\/wp\/v2\/types\/post"}],"author":[{"embeddable":true,"href":"https:\/\/www.hornamicina.eu\/web\/wp-json\/wp\/v2\/users\/1"}],"replies":[{"embeddable":true,"href":"https:\/\/www.hornamicina.eu\/web\/wp-json\/wp\/v2\/comments?post=3584"}],"version-history":[{"count":0,"href":"https:\/\/www.hornamicina.eu\/web\/wp-json\/wp\/v2\/posts\/3584\/revisions"}],"wp:featuredmedia":[{"embeddable":true,"href":"https:\/\/www.hornamicina.eu\/web\/wp-json\/wp\/v2\/media\/1625"}],"wp:attachment":[{"href":"https:\/\/www.hornamicina.eu\/web\/wp-json\/wp\/v2\/media?parent=3584"}],"wp:term":[{"taxonomy":"category","embeddable":true,"href":"https:\/\/www.hornamicina.eu\/web\/wp-json\/wp\/v2\/categories?post=3584"},{"taxonomy":"post_tag","embeddable":true,"href":"https:\/\/www.hornamicina.eu\/web\/wp-json\/wp\/v2\/tags?post=3584"}],"curies":[{"name":"wp","href":"https:\/\/api.w.org\/{rel}","templated":true}]}}