{"id":3541,"date":"2023-02-15T13:21:25","date_gmt":"2023-02-15T12:21:25","guid":{"rendered":"https:\/\/www.hornamicina.eu\/web\/?p=3541"},"modified":"2023-02-15T13:45:32","modified_gmt":"2023-02-15T12:45:32","slug":"ziadost-o-vydanie-suhlasu-na-vyrub-drevin","status":"publish","type":"post","link":"https:\/\/www.hornamicina.eu\/web\/ziadost-o-vydanie-suhlasu-na-vyrub-drevin\/","title":{"rendered":"\u017diados\u0165 o\u00a0vydanie s\u00fahlasu na\u00a0v\u00fdrub drev\u00edn"},"content":{"rendered":"<p><strong>Predmet konania:<\/strong> \u017diados\u0165 o&nbsp;vydanie s\u00fahlasu na&nbsp;v\u00fdrub drev\u00edn pod\u013ea ustanovenia \u00a7 47 ods. 3 z\u00e1kona \u010d. 543\/2002 Z.z. o&nbsp;ochrane pr\u00edrody a&nbsp;krajiny v&nbsp;znen\u00ed neskor\u0161\u00edch predpisov (\u010falej len &#8222;z\u00e1kon&#8220;).<\/p>\n<p><strong>D\u00e1tum za\u010datia konania: 14.02.2023<\/strong><\/p>\n<ul>\n<li>\u017diadate\u013e: Z\u00e1hradn\u00edcke a&nbsp;rekrea\u010dn\u00e9 slu\u017eby, \u0160vermova 45, 974 04 Bansk\u00e1 Bystrica<\/li>\n<li>\u0160pecifik\u00e1cia drev\u00edn: 1ks smrek oby\u010dajn\u00fd, 3ks lipa malolist\u00e1<\/li>\n<li>\u00dadaje o&nbsp;pozemku, na&nbsp;ktorom dreviny rast\u00fa: parc. \u010d. KN-C 1384\/1, 2063\/4 v&nbsp;k. \u00fa. Bansk\u00e1 Bystrica<\/li>\n<\/ul>\n<p>&nbsp;<\/p>\n<p><strong>Sp\u00f4sob a&nbsp;lehota potvrdenia z\u00e1ujmu by\u0165 \u00fa\u010dastn\u00edkom v&nbsp;za\u010datom spr\u00e1vnom konan\u00ed:<\/strong><\/p>\n<p>Pod\u013ea ustanovenia \u00a7 82 ods. 7 z\u00e1kona \u010d. 543\/2002 Z. z. o&nbsp;ochrane pr\u00edrody a&nbsp;krajiny v&nbsp;znen\u00ed neskor\u0161\u00edch predpisov V\u00e1s upovedomuje o&nbsp;za\u010dat\u00fdch spr\u00e1vnych konaniach, v&nbsp;ktor\u00fdch m\u00f4\u017eu by\u0165 dotknut\u00e9 z\u00e1ujmy ochrany pr\u00edrody a&nbsp;krajiny.<\/p>\n<p>Potvrdenie z\u00e1ujmu by\u0165 \u00fa\u010dastn\u00edkom v&nbsp;konkr\u00e9tnom spr\u00e1vnom konan\u00ed je potrebn\u00e9 doru\u010di\u0165 pr\u00edslu\u0161n\u00e9mu org\u00e1nu ochrany pr\u00edrody nasledovn\u00fdm sp\u00f4sobom, t.j.:<\/p>\n<ul>\n<li>p\u00edsomne v listinnej podobe na adresu:\n<ul>\n<li>Obec Horn\u00e1 Mi\u010din\u00e1, Horn\u00e1 Mi\u010din\u00e1 79, 974 01 Horn\u00e1 Mi\u010din\u00e1<\/li>\n<\/ul>\n<\/li>\n<\/ul>\n<p>alebo<\/p>\n<ul>\n<li>v elektronickej podobe na adresu:\n<ul>\n<li>hrochot.stavebnyurad@gmail.com<\/li>\n<\/ul>\n<\/li>\n<\/ul>\n<p><strong>v lehote do&nbsp;5 pracovn\u00fdch dn\u00ed od&nbsp;zverejnenia inform\u00e1cie.<\/strong><\/p>\n<p>&nbsp;<\/p>\n","protected":false},"excerpt":{"rendered":"Predmet konania: \u017diados\u0165 o&nbsp;vydanie s\u00fahlasu na&nbsp;v\u00fdrub drev\u00edn pod\u013ea ustanovenia \u00a7 47 ods. 3 [&hellip;]","protected":false},"author":1,"featured_media":1625,"comment_status":"closed","ping_status":"open","sticky":false,"template":"","format":"standard","meta":{"advanced_seo_description":"","jetpack_seo_html_title":"","jetpack_seo_noindex":false,"_jetpack_memberships_contains_paid_content":false,"footnotes":""},"categories":[5,32,8],"tags":[],"class_list":["post-3541","post","type-post","status-publish","format-standard","has-post-thumbnail","hentry","category-dolezite","category-uradna-tabula","category-oznamy"],"jetpack_featured_media_url":"https:\/\/i0.wp.com\/www.hornamicina.eu\/web\/wp-content\/uploads\/2019\/10\/foggy-forest-free-license-cc0-min.jpg?fit=4550%2C2879&ssl=1","jetpack_sharing_enabled":true,"jetpack_shortlink":"https:\/\/wp.me\/p8RsFw-V7","jetpack-related-posts":[{"id":5286,"url":"https:\/\/www.hornamicina.eu\/web\/ziadost-o-vydanie-suhlasu-na-vyrub-drevin-6-2025\/","url_meta":{"origin":3541,"position":0},"title":"\u017diados\u0165 o vydanie s\u00fahlasu na v\u00fdrub drev\u00edn 6\/2025","author":"admin","date":"11. j\u00fana 2025","format":false,"excerpt":"Predmet konania: \u017diados\u0165 o\u00a0vydanie s\u00fahlasu na\u00a0v\u00fdrub drev\u00edn pod\u013ea ustanovenia \u00a7 47 ods. 3 z\u00e1kona \u010d. 543\/2002 Z.z. o ochrane pr\u00edrody a krajiny\u00a0v znen\u00ed neskor\u0161\u00edch predpisov (\u010falej len \"z\u00e1kon\"). D\u00e1tum za\u010datia konania: 11.06.2025 \u017diadate\u013e: SVB Horn\u00e1 Mi\u010din\u00e1 175, 974 01 Horn\u00e1 Mi\u010din\u00e1 175 \u0160pecifik\u00e1cia drev\u00edn: 1ks smrek oby\u010dajn\u00fd \u00dadaje o\u00a0pozemku, na\u00a0ktorom\u2026","rel":"","context":"V &quot;Elektronick\u00e1 \u00faradn\u00e1 tabu\u013ea&quot;","block_context":{"text":"Elektronick\u00e1 \u00faradn\u00e1 tabu\u013ea","link":"https:\/\/www.hornamicina.eu\/web\/category\/uradna-tabula\/"},"img":{"alt_text":"Logo obce a dokumenty","src":"https:\/\/i0.wp.com\/www.hornamicina.eu\/web\/wp-content\/uploads\/2017\/07\/uznesenia.jpg?fit=530%2C530&ssl=1&resize=350%2C200","width":350,"height":200,"srcset":"https:\/\/i0.wp.com\/www.hornamicina.eu\/web\/wp-content\/uploads\/2017\/07\/uznesenia.jpg?fit=530%2C530&ssl=1&resize=350%2C200 1x, https:\/\/i0.wp.com\/www.hornamicina.eu\/web\/wp-content\/uploads\/2017\/07\/uznesenia.jpg?fit=530%2C530&ssl=1&resize=525%2C300 1.5x"},"classes":[]},{"id":5064,"url":"https:\/\/www.hornamicina.eu\/web\/ziadost-o-vydanie-suhlasu-na-vyrub-drevin-p-saktor\/","url_meta":{"origin":3541,"position":1},"title":"\u017diados\u0165 o vydanie s\u00fahlasu na v\u00fdrub drev\u00edn, p. Saktor","author":"admin","date":"28. janu\u00e1ra 2025","format":false,"excerpt":"Predmet konania: \u017diados\u0165 o vydanie s\u00fahlasu na v\u00fdrub drev\u00edn pod\u013ea ustanovenia \u00a7 47 ods. 3 z\u00e1kona \u010d. 543\/2002 Z.z. o ochrane pr\u00edrody a krajiny v znen\u00ed neskor\u0161\u00edch predpisov (\u010falej len \"z\u00e1kon\").D\u00e1tum za\u010datia konania: 20.01.2025\u017diadate\u013e: Vladim\u00edr Saktor, 974 01 Horn\u00e1 Mi\u010din\u00e1 177\u0160pecifik\u00e1cia drev\u00edn: 1ks smrek oby\u010dajn\u00fd\u00dadaje o pozemku, na ktorom drevina\u2026","rel":"","context":"V &quot;D\u00f4le\u017eit\u00e9&quot;","block_context":{"text":"D\u00f4le\u017eit\u00e9","link":"https:\/\/www.hornamicina.eu\/web\/category\/dolezite\/"},"img":{"alt_text":"Logo obce a dokumenty","src":"https:\/\/i0.wp.com\/www.hornamicina.eu\/web\/wp-content\/uploads\/2017\/07\/uznesenia.jpg?fit=530%2C530&ssl=1&resize=350%2C200","width":350,"height":200,"srcset":"https:\/\/i0.wp.com\/www.hornamicina.eu\/web\/wp-content\/uploads\/2017\/07\/uznesenia.jpg?fit=530%2C530&ssl=1&resize=350%2C200 1x, https:\/\/i0.wp.com\/www.hornamicina.eu\/web\/wp-content\/uploads\/2017\/07\/uznesenia.jpg?fit=530%2C530&ssl=1&resize=525%2C300 1.5x"},"classes":[]},{"id":4056,"url":"https:\/\/www.hornamicina.eu\/web\/konanie-o-vydanie-suhlasu-na-vyrub-drevin\/","url_meta":{"origin":3541,"position":2},"title":"Konanie o\u00a0vydanie s\u00fahlasu na\u00a0v\u00fdrub drev\u00edn","author":"admin","date":"21. decembra 2023","format":false,"excerpt":"Predmet konania: \u017diados\u0165 o\u00a0vydanie s\u00fahlasu na\u00a0v\u00fdrub drev\u00edn pod\u013ea ustanovenia \u00a7 47 ods. 3 z\u00e1kona \u010d. 543\/2002 Z.z. o\u00a0ochrane pr\u00edrody a\u00a0krajiny v\u00a0znen\u00ed neskor\u0161\u00edch predpisov (\u010falej len \"z\u00e1kon\"). D\u00e1tum za\u010datia konania: 20.12.2023 \u017diadate\u013e: Obec Horn\u00e1 Mi\u010din\u00e1, 974 01 Horn\u00e1 Mi\u010din\u00e1 79 \u0160pecifik\u00e1cia drev\u00edn: 1ks smrek strieborn\u00fd, 1 ks v\u0155ba previsnut\u00e1, 50m2 krovit\u00fd\u2026","rel":"","context":"V &quot;Elektronick\u00e1 \u00faradn\u00e1 tabu\u013ea&quot;","block_context":{"text":"Elektronick\u00e1 \u00faradn\u00e1 tabu\u013ea","link":"https:\/\/www.hornamicina.eu\/web\/category\/uradna-tabula\/"},"img":{"alt_text":"les","src":"https:\/\/i0.wp.com\/www.hornamicina.eu\/web\/wp-content\/uploads\/2016\/02\/les.jpg?fit=960%2C640&ssl=1&resize=350%2C200","width":350,"height":200,"srcset":"https:\/\/i0.wp.com\/www.hornamicina.eu\/web\/wp-content\/uploads\/2016\/02\/les.jpg?fit=960%2C640&ssl=1&resize=350%2C200 1x, https:\/\/i0.wp.com\/www.hornamicina.eu\/web\/wp-content\/uploads\/2016\/02\/les.jpg?fit=960%2C640&ssl=1&resize=525%2C300 1.5x, https:\/\/i0.wp.com\/www.hornamicina.eu\/web\/wp-content\/uploads\/2016\/02\/les.jpg?fit=960%2C640&ssl=1&resize=700%2C400 2x"},"classes":[]},{"id":1624,"url":"https:\/\/www.hornamicina.eu\/web\/oznamenie-o-zacati-konania-na-vydanie-suhlasu-na-vyrub-drevin\/","url_meta":{"origin":3541,"position":3},"title":"Ozn\u00e1menie o za\u010dat\u00ed konania na vydanie s\u00fahlasu na v\u00fdrub drev\u00edn","author":"admin","date":"30. okt\u00f3bra 2019","format":false,"excerpt":"Ozn\u00e1menie o za\u010dat\u00ed konania na vydanie s\u00fahlasu na v\u00fdrub drev\u00edn pod\u013ea z\u00e1kona \u010d. 543\/2002 Z.z. o ochrane pr\u00edrody a krajiny \u00a0 \u00a0 Miesto rastu: k.u. Horn\u00e1 Mi\u010din\u00e1, parcela KN-C-\u010d. 540\/87, v\u00fdmera 748m2, LV-1055 Rozsah po\u017eadovan\u00e9ho v\u00fdrubu: 1ks buk lesn\u00fd (obvod kme\u0148a 90cm) vo v\u00fd\u0161ke 130cm nad zemou Od\u00f4vodnenie \u017eiadosti: zl\u00fd\u2026","rel":"","context":"V &quot;D\u00f4le\u017eit\u00e9&quot;","block_context":{"text":"D\u00f4le\u017eit\u00e9","link":"https:\/\/www.hornamicina.eu\/web\/category\/dolezite\/"},"img":{"alt_text":"","src":"https:\/\/i0.wp.com\/www.hornamicina.eu\/web\/wp-content\/uploads\/2019\/10\/foggy-forest-free-license-cc0-min.jpg?fit=1200%2C759&ssl=1&resize=350%2C200","width":350,"height":200,"srcset":"https:\/\/i0.wp.com\/www.hornamicina.eu\/web\/wp-content\/uploads\/2019\/10\/foggy-forest-free-license-cc0-min.jpg?fit=1200%2C759&ssl=1&resize=350%2C200 1x, https:\/\/i0.wp.com\/www.hornamicina.eu\/web\/wp-content\/uploads\/2019\/10\/foggy-forest-free-license-cc0-min.jpg?fit=1200%2C759&ssl=1&resize=525%2C300 1.5x, https:\/\/i0.wp.com\/www.hornamicina.eu\/web\/wp-content\/uploads\/2019\/10\/foggy-forest-free-license-cc0-min.jpg?fit=1200%2C759&ssl=1&resize=700%2C400 2x, https:\/\/i0.wp.com\/www.hornamicina.eu\/web\/wp-content\/uploads\/2019\/10\/foggy-forest-free-license-cc0-min.jpg?fit=1200%2C759&ssl=1&resize=1050%2C600 3x"},"classes":[]},{"id":2929,"url":"https:\/\/www.hornamicina.eu\/web\/oznamenie-o-zacati-konania-vyrub-drevin\/","url_meta":{"origin":3541,"position":4},"title":"Ozn\u00e1menie o za\u010dat\u00ed konania &#8211; v\u00fdrub drev\u00edn","author":"admin","date":"11. janu\u00e1ra 2022","format":false,"excerpt":"Ozn\u00e1menie o za\u010dat\u00ed konania na vydanie s\u00fahlasu na v\u00fdrub drev\u00edn pod\u013ea z\u00e1kona \u010d. 543\/2002 Z.z. o ochrane pr\u00edrody a krajiny: Miesto rastu: KN-C \u010d. 1090\/1 k.\u00fa. Doln\u00e1 Mi\u010din\u00e1 Rozsah po\u017eadovan\u00e9ho v\u00fdrubu: 7 ks smrek oby\u010dajn\u00fd (Picea abies) Od\u00f4vodnenie \u017eiadosti: zhor\u0161en\u00fd zdravotn\u00fd stav, presychanie koruny, tienenie, zasahuje do dr\u00f4tov verejn\u00e9ho osvetlenia\u2026","rel":"","context":"V &quot;Oznamy&quot;","block_context":{"text":"Oznamy","link":"https:\/\/www.hornamicina.eu\/web\/category\/oznamy\/"},"img":{"alt_text":"les","src":"https:\/\/i0.wp.com\/www.hornamicina.eu\/web\/wp-content\/uploads\/2016\/02\/les.jpg?fit=960%2C640&ssl=1&resize=350%2C200","width":350,"height":200,"srcset":"https:\/\/i0.wp.com\/www.hornamicina.eu\/web\/wp-content\/uploads\/2016\/02\/les.jpg?fit=960%2C640&ssl=1&resize=350%2C200 1x, https:\/\/i0.wp.com\/www.hornamicina.eu\/web\/wp-content\/uploads\/2016\/02\/les.jpg?fit=960%2C640&ssl=1&resize=525%2C300 1.5x, https:\/\/i0.wp.com\/www.hornamicina.eu\/web\/wp-content\/uploads\/2016\/02\/les.jpg?fit=960%2C640&ssl=1&resize=700%2C400 2x"},"classes":[]},{"id":2353,"url":"https:\/\/www.hornamicina.eu\/web\/ziadost-o-vydanie-suhlasu-na-vyrub-dreviny-r-magic\/","url_meta":{"origin":3541,"position":5},"title":"\u017diados\u0165 o vydanie s\u00fahlasu na v\u00fdrub dreviny &#8211; R. Magic","author":"admin","date":"8. febru\u00e1ra 2021","format":false,"excerpt":"\u017diadate\u013e Rastislav Magic \u017eiada o vydanie s\u00fahlasu na v\u00fdrub dreviny, pod\u013ea z\u00e1kona \u010d. 543\/2002 Z.z. o ochrane pr\u00edrody a krajiny a vyhl\u00e1\u0161ky M\u017dP SR \u010d. 24\/2003 Z.z., ktorou sa vykon\u00e1va z\u00e1kon \u010d. 543\/2002 Z.z. o ochrane pr\u00edrody a krajiny. \u017diados\u0165 o v\u00fdrub","rel":"","context":"V &quot;Elektronick\u00e1 \u00faradn\u00e1 tabu\u013ea&quot;","block_context":{"text":"Elektronick\u00e1 \u00faradn\u00e1 tabu\u013ea","link":"https:\/\/www.hornamicina.eu\/web\/category\/uradna-tabula\/"},"img":{"alt_text":"Logo obce a dokumenty","src":"https:\/\/i0.wp.com\/www.hornamicina.eu\/web\/wp-content\/uploads\/2017\/07\/uznesenia.jpg?fit=530%2C530&ssl=1&resize=350%2C200","width":350,"height":200,"srcset":"https:\/\/i0.wp.com\/www.hornamicina.eu\/web\/wp-content\/uploads\/2017\/07\/uznesenia.jpg?fit=530%2C530&ssl=1&resize=350%2C200 1x, https:\/\/i0.wp.com\/www.hornamicina.eu\/web\/wp-content\/uploads\/2017\/07\/uznesenia.jpg?fit=530%2C530&ssl=1&resize=525%2C300 1.5x"},"classes":[]}],"jetpack_likes_enabled":true,"_links":{"self":[{"href":"https:\/\/www.hornamicina.eu\/web\/wp-json\/wp\/v2\/posts\/3541","targetHints":{"allow":["GET"]}}],"collection":[{"href":"https:\/\/www.hornamicina.eu\/web\/wp-json\/wp\/v2\/posts"}],"about":[{"href":"https:\/\/www.hornamicina.eu\/web\/wp-json\/wp\/v2\/types\/post"}],"author":[{"embeddable":true,"href":"https:\/\/www.hornamicina.eu\/web\/wp-json\/wp\/v2\/users\/1"}],"replies":[{"embeddable":true,"href":"https:\/\/www.hornamicina.eu\/web\/wp-json\/wp\/v2\/comments?post=3541"}],"version-history":[{"count":0,"href":"https:\/\/www.hornamicina.eu\/web\/wp-json\/wp\/v2\/posts\/3541\/revisions"}],"wp:featuredmedia":[{"embeddable":true,"href":"https:\/\/www.hornamicina.eu\/web\/wp-json\/wp\/v2\/media\/1625"}],"wp:attachment":[{"href":"https:\/\/www.hornamicina.eu\/web\/wp-json\/wp\/v2\/media?parent=3541"}],"wp:term":[{"taxonomy":"category","embeddable":true,"href":"https:\/\/www.hornamicina.eu\/web\/wp-json\/wp\/v2\/categories?post=3541"},{"taxonomy":"post_tag","embeddable":true,"href":"https:\/\/www.hornamicina.eu\/web\/wp-json\/wp\/v2\/tags?post=3541"}],"curies":[{"name":"wp","href":"https:\/\/api.w.org\/{rel}","templated":true}]}}