{"id":3533,"date":"2023-02-15T13:10:57","date_gmt":"2023-02-15T12:10:57","guid":{"rendered":"https:\/\/www.hornamicina.eu\/web\/?p=3533"},"modified":"2023-02-15T13:10:57","modified_gmt":"2023-02-15T12:10:57","slug":"zverejnenie-zameru-zameny-nehn-majetku-p-r-magic","status":"publish","type":"post","link":"https:\/\/www.hornamicina.eu\/web\/zverejnenie-zameru-zameny-nehn-majetku-p-r-magic\/","title":{"rendered":"Zverejnenie z\u00e1meru z\u00e1meny nehnute\u013en\u00e9ho majetku &#8211; p. R. Magic"},"content":{"rendered":"<p style=\"font-weight: 400; text-align: center;\"><strong>ZVEREJNENIE Z\u00c1MERU<\/strong><\/p>\n<p style=\"text-align: center;\"><strong>z\u00e1meny ni\u017e\u0161ie identifikovan\u00e9ho majetku Obce Horn\u00e1 Mi\u010din\u00e1 z<\/strong>\u00a0<strong>d\u00f4vodu hodn\u00e9ho osobitn\u00e9ho zrete\u013ea<\/strong><\/p>\n<p style=\"font-weight: 400; text-align: center;\"><strong>\u00a0<\/strong><\/p>\n<p style=\"font-weight: 400; text-align: left;\">Obec Horn\u00e1 Mi\u010din\u00e1 v s\u00falade s ustanoveniami \u00a7 9 ods. 8 p\u00edsm. c) z\u00e1kona \u010d. 138\/1991 Zb. o majetku obc\u00ed v znen\u00ed neskor\u0161\u00edch predpisov, zverej\u0148uje z\u00e1mer z\u00e1meny ni\u017e\u0161ie identifikovan\u00e9ho nehnute\u013en\u00e9ho majetku z d\u00f4vodu hodn\u00e9ho osobitn\u00e9ho zrete\u013ea a to:<\/p>\n<p>Predmetom z\u00e1meny s\u00fa nehnute\u013enosti nach\u00e1dzaj\u00face sa v kat. \u00fazem\u00ed Horn\u00e1 Mi\u010din\u00e1, obec Horn\u00e1 Mi\u010din\u00e1, okres Bansk\u00e1 Bystrica veden\u00e9 v katastri nehnute\u013enost\u00ed Okresn\u00e9ho \u00faradu Bansk\u00e1 Bystrica, katastr\u00e1lny odbor, ako:<\/p>\n<ul>\n<li style=\"font-weight: 400;\">novovytvoren\u00fd pozemok pod\u013ea geometrick\u00e9ho pl\u00e1nu \u010d. 45308381-204\/2022 zo d\u0148a 14.1.2023 vyhotoven\u00e9ho vyhotovite\u013eom Bc. Mat\u00fa\u0161 Debn\u00e1r &#8211; GEOTECH, \u017delezni\u010diarska 595\/2, 974 01\u00a0 Bansk\u00e1 Bystrica, I\u010cO: 45 308 381, ktor\u00fd bol \u00faradne overen\u00fd Okresn\u00fdm \u00faradom Bansk\u00e1 Bystrica, katastr\u00e1lnym odborom d\u0148a 18.1.2023 pod \u010d\u00edslom G1-26\/2023, a to:\n<ul>\n<li style=\"font-weight: 400;\">ako (diel 2) C \u2013 KN parc. \u010d. 520\/5, druh pozemku: vodn\u00e1 plocha o v\u00fdmere 96 m2, ktor\u00fd bol vytvoren\u00fd oddelen\u00edm:\n<ul>\n<li style=\"font-weight: 400;\">od pozemku E \u2013 KN parc. \u010d. 225\/8, druh pozemku: ostatn\u00e1 plocha o v\u00fdmere: 18523 m\u00b2 (v\u00fdmera pod\u013ea nov\u00e9ho stavu: 18427 m\u00b2) vedenom na <strong>LV \u010d. 417<\/strong>, kat. \u00fazemie: Horn\u00e1 Mi\u010din\u00e1, obec Horn\u00e1 Mi\u010din\u00e1, zap\u00edsan\u00fd v katastri nehnute\u013enost\u00ed Okresn\u00fd \u00farad Bansk\u00e1 Bystrica, katastr\u00e1lny odbor a jeho<\/li>\n<\/ul>\n<\/li>\n<\/ul>\n<\/li>\n<\/ul>\n<p style=\"text-align: center;\"><strong>z\u00e1mena za<\/strong><\/p>\n<ul>\n<li>novovytvoren\u00fd pozemok pod\u013ea geometrick\u00e9ho pl\u00e1nu \u010d. 45308381-204\/2022 zo d\u0148a 14.1.2023 vyhotoven\u00e9ho vyhotovite\u013eom Bc. Mat\u00fa\u0161 Debn\u00e1r &#8211; GEOTECH, \u017delezni\u010diarska 595\/2, 974 01\u00a0 Bansk\u00e1 Bystrica, I\u010cO: 45 308 381, ktor\u00fd bol \u00faradne overen\u00fd Okresn\u00fdm \u00faradom Bansk\u00e1 Bystrica, katastr\u00e1lnym odborom d\u0148a 18.1.2023 pod \u010d\u00edslom G1-26\/2023 (\u010falej len ako &#8222;<strong>Geometrick\u00fd pl\u00e1n<\/strong>&#8222;), a to:\n<ul>\n<li style=\"font-weight: 400;\">ako (diel 1) C \u2013 KN parc. \u010d. 520\/5, druh pozemku: z\u00e1hrada o v\u00fdmere 76 m2, ktor\u00fd bol vytvoren\u00fd oddelen\u00edm:\n<ul>\n<li style=\"font-weight: 400;\">od pozemku C \u2013 KN parc. \u010d. 189\/3, druh pozemku: z\u00e1hrada, o v\u00fdmere: 824 m\u00b2 (v\u00fdmera pod\u013ea nov\u00e9ho stavu: 748 m\u00b2) vedenom na <strong>LV \u010d. 36<\/strong>, kat. \u00fazemie: Horn\u00e1 Mi\u010din\u00e1, obec Horn\u00e1 Mi\u010din\u00e1, zap\u00edsan\u00fd v katastri nehnute\u013enost\u00ed Okresn\u00fd \u00farad Bansk\u00e1 Bystrica, katastr\u00e1lny odbor,<\/li>\n<\/ul>\n<\/li>\n<\/ul>\n<\/li>\n<li style=\"list-style-type: none;\">vo v\u00fdlu\u010dnom vlastn\u00edctve Rastislava Magica, rod. Magic, nar. 6.10.1974, trvale bytom Komesk\u00e9ho 14D, 974 01\u00a0 Bansk\u00e1 Bystrica<\/li>\n<\/ul>\n<p style=\"font-weight: 400;\"><strong>Zd\u00f4vodnenie osobitn\u00e9ho zrete\u013ea:<\/strong><\/p>\n<p>Skuto\u010dnos\u0165 hodn\u00e9ho osobitn\u00e9ho zrete\u013ea je, potreba vz\u00e1jomn\u00e9ho usporiadania pozemkov\u00e9ho vlastn\u00edctva s finan\u010dn\u00fdm vyrovnan\u00edm rozdielu vo v\u00fdmere zamie\u0148aj\u00facich novovytvoren\u00fdch pozemkov, ktor\u00fd \u010din\u00ed 20m2 a ktor\u00fd Rastislav Magic doplat\u00ed obci Horn\u00e1 Mi\u010din\u00e1 vo v\u00fd\u0161ke 300,- Eur, pri\u010dom obec nadobudne novovytvoren\u00fd pozemok s cie\u013eom lep\u0161ieho usporiadania vlastn\u00edctva na verejnom priestranstve.<\/p>\n<p>Z\u00e1mer z\u00e1meny nehnute\u013en\u00e9ho majetku je zverejnen\u00fd:<\/p>\n<p style=\"font-weight: 400;\">&#8211; na \u00faradnej tabuli obce Horn\u00e1 Mi\u010din\u00e1<\/p>\n<p style=\"font-weight: 400;\">&#8211; na webovej str\u00e1nke obce \u00a0Horn\u00e1 Mi\u010din\u00e1<\/p>\n<p>&nbsp;<\/p>\n<p style=\"font-weight: 400;\">\u00a0\u00a0\u00a0 \u00a0\u00a0\u00a0\u00a0\u00a0\u00a0\u00a0\u00a0\u00a0\u00a0<strong>Ivan Len\u00e1r<\/strong><\/p>\n","protected":false},"excerpt":{"rendered":"ZVEREJNENIE Z\u00c1MERU z\u00e1meny ni\u017e\u0161ie identifikovan\u00e9ho majetku Obce Horn\u00e1 Mi\u010din\u00e1 z\u00a0d\u00f4vodu hodn\u00e9ho osobitn\u00e9ho zrete\u013ea [&hellip;]","protected":false},"author":1,"featured_media":390,"comment_status":"closed","ping_status":"open","sticky":false,"template":"","format":"standard","meta":{"advanced_seo_description":"","jetpack_seo_html_title":"","jetpack_seo_noindex":false,"_jetpack_memberships_contains_paid_content":false,"footnotes":""},"categories":[5,32,8],"tags":[],"class_list":["post-3533","post","type-post","status-publish","format-standard","has-post-thumbnail","hentry","category-dolezite","category-uradna-tabula","category-oznamy"],"jetpack_featured_media_url":"https:\/\/i0.wp.com\/www.hornamicina.eu\/web\/wp-content\/uploads\/2017\/07\/uznesenia.jpg?fit=530%2C530&ssl=1","jetpack_sharing_enabled":true,"jetpack_shortlink":"https:\/\/wp.me\/p8RsFw-UZ","jetpack-related-posts":[{"id":4985,"url":"https:\/\/www.hornamicina.eu\/web\/zverejnenie-zameru-prenajat-nizsie-specifikovany-majetok-obce-z-dovodu-hodneho-osobitneho-zretela-ing-jan-palka\/","url_meta":{"origin":3533,"position":0},"title":"Zverejnenie z\u00e1meru prenaja\u0165 ni\u017e\u0161ie identifikovan\u00fd majetok obce Horn\u00e1 Mi\u010din\u00e1 z d\u00f4vodu hodn\u00e9ho osobitn\u00e9ho zrete\u013ea &#8211; Ing. J\u00e1n P\u00e1lka","author":"admin","date":"29. novembra 2024","format":false,"excerpt":"Zverejnenie z\u00e1meru prenaja\u0165 ni\u017e\u0161ie identifikovan\u00fd majetok obce Horn\u00e1 Mi\u010din\u00e1 z d\u00f4vodu hodn\u00e9ho osobitn\u00e9ho zrete\u013ea Obec Horn\u00e1 Mi\u010din\u00e1 v s\u00falade s ustanoveniami \u00a7 9 ods. 2 p\u00edsm. a), \u00a7 9a ods. 15 p\u00edsm. f) a \u00a7 9aa ods. 2 p\u00edsm. e) z\u00e1kona \u010d. 138\/1991 Zb. o majetku obc\u00ed, v znen\u00ed neskor\u0161\u00edch\u2026","rel":"","context":"V &quot;Elektronick\u00e1 \u00faradn\u00e1 tabu\u013ea&quot;","block_context":{"text":"Elektronick\u00e1 \u00faradn\u00e1 tabu\u013ea","link":"https:\/\/www.hornamicina.eu\/web\/category\/uradna-tabula\/"},"img":{"alt_text":"Logo obce a dokumenty","src":"https:\/\/i0.wp.com\/www.hornamicina.eu\/web\/wp-content\/uploads\/2017\/07\/uznesenia.jpg?fit=530%2C530&ssl=1&resize=350%2C200","width":350,"height":200,"srcset":"https:\/\/i0.wp.com\/www.hornamicina.eu\/web\/wp-content\/uploads\/2017\/07\/uznesenia.jpg?fit=530%2C530&ssl=1&resize=350%2C200 1x, https:\/\/i0.wp.com\/www.hornamicina.eu\/web\/wp-content\/uploads\/2017\/07\/uznesenia.jpg?fit=530%2C530&ssl=1&resize=525%2C300 1.5x"},"classes":[]},{"id":2635,"url":"https:\/\/www.hornamicina.eu\/web\/osob-zretel-lackova\/","url_meta":{"origin":3533,"position":1},"title":"Predaj majetku z d\u00f4vodu osobitn\u00e9ho zrete\u013ea &#8211; p. Lackova","author":"admin","date":"31. augusta 2021","format":false,"excerpt":"ZVEREJNENIE Z\u00c1MERU preda\u0165 ni\u017e\u0161ie identifikovan\u00fd majetok Obce Horn\u00e1 Mi\u010din\u00e1 z d\u00f4vodu hodn\u00e9ho osobitn\u00e9ho zrete\u013ea Obec Horn\u00e1 Mi\u010din\u00e1 v s\u00falade s ustanoveniami \u00a79 ods. 2 p\u00edsm. a) a \u00a7 9a ods. 8 p\u00edsm. e) z\u00e1kona \u010d. 138\/1991 Zb. o majetku obc\u00ed v znen\u00ed neskor\u0161\u00edch predpisov, t\u00fdmto zverej\u0148uje z\u00e1mer preda\u0165 predmetn\u00e9 nehnute\u013enosti\u2026","rel":"","context":"V &quot;D\u00f4le\u017eit\u00e9&quot;","block_context":{"text":"D\u00f4le\u017eit\u00e9","link":"https:\/\/www.hornamicina.eu\/web\/category\/dolezite\/"},"img":{"alt_text":"Logo obce a dokumenty","src":"https:\/\/i0.wp.com\/www.hornamicina.eu\/web\/wp-content\/uploads\/2017\/07\/uznesenia.jpg?fit=530%2C530&ssl=1&resize=350%2C200","width":350,"height":200,"srcset":"https:\/\/i0.wp.com\/www.hornamicina.eu\/web\/wp-content\/uploads\/2017\/07\/uznesenia.jpg?fit=530%2C530&ssl=1&resize=350%2C200 1x, https:\/\/i0.wp.com\/www.hornamicina.eu\/web\/wp-content\/uploads\/2017\/07\/uznesenia.jpg?fit=530%2C530&ssl=1&resize=525%2C300 1.5x"},"classes":[]},{"id":3290,"url":"https:\/\/www.hornamicina.eu\/web\/zverejnenie-zameru-predat-majetok-obce-xamer-s-r-o\/","url_meta":{"origin":3533,"position":2},"title":"Zverejnenie z\u00e1meru preda\u0165 majetok obce &#8211; XAMER, s.r.o.","author":"admin","date":"2. septembra 2022","format":false,"excerpt":"ZVEREJNENIE Z\u00c1MERU \u00a0 preda\u0165 ni\u017e\u0161ie identifikovan\u00fd majetok Obce Horn\u00e1 Mi\u010din\u00e1 z\u00a0d\u00f4vodu hodn\u00e9ho osobitn\u00e9ho zrete\u013ea \u00a0 Obec Horn\u00e1 Mi\u010din\u00e1 v s\u00falade s ustanoveniami \u00a7 9 ods. 2 p\u00edsm. a) a \u00a7 9a ods. 8 p\u00edsm. e) z\u00e1kona \u010d. 138\/1991 Zb. o majetku obc\u00ed v znen\u00ed neskor\u0161\u00edch predpisov, t\u00fdmto zverej\u0148uje z\u00e1mer preda\u0165\u2026","rel":"","context":"V &quot;Elektronick\u00e1 \u00faradn\u00e1 tabu\u013ea&quot;","block_context":{"text":"Elektronick\u00e1 \u00faradn\u00e1 tabu\u013ea","link":"https:\/\/www.hornamicina.eu\/web\/category\/uradna-tabula\/"},"img":{"alt_text":"Logo obce a dokumenty","src":"https:\/\/i0.wp.com\/www.hornamicina.eu\/web\/wp-content\/uploads\/2017\/07\/uznesenia.jpg?fit=530%2C530&ssl=1&resize=350%2C200","width":350,"height":200,"srcset":"https:\/\/i0.wp.com\/www.hornamicina.eu\/web\/wp-content\/uploads\/2017\/07\/uznesenia.jpg?fit=530%2C530&ssl=1&resize=350%2C200 1x, https:\/\/i0.wp.com\/www.hornamicina.eu\/web\/wp-content\/uploads\/2017\/07\/uznesenia.jpg?fit=530%2C530&ssl=1&resize=525%2C300 1.5x"},"classes":[]},{"id":2700,"url":"https:\/\/www.hornamicina.eu\/web\/osob-zretel-holikova\/","url_meta":{"origin":3533,"position":3},"title":"Predaj majetku z d\u00f4vodu osobitn\u00e9ho zrete\u013ea &#8211; p. Hol\u00edkov\u00e1","author":"admin","date":"27. okt\u00f3bra 2021","format":false,"excerpt":"ZVEREJNENIE Z\u00c1MERU preda\u0165 ni\u017e\u0161ie identifikovan\u00fd majetok Obce Horn\u00e1 Mi\u010din\u00e1 z d\u00f4vodu hodn\u00e9ho osobitn\u00e9ho zrete\u013ea Obec Horn\u00e1 Mi\u010din\u00e1 v s\u00falade s ustanoveniami \u00a79 ods. 2 p\u00edsm. a) a \u00a7 9a ods. 8 p\u00edsm. e) z\u00e1kona \u010d. 138\/1991 Zb. o majetku obc\u00ed v znen\u00ed neskor\u0161\u00edch predpisov, t\u00fdmto zverej\u0148uje z\u00e1mer preda\u0165 predmetn\u00e9 nehnute\u013enosti\u2026","rel":"","context":"V &quot;D\u00f4le\u017eit\u00e9&quot;","block_context":{"text":"D\u00f4le\u017eit\u00e9","link":"https:\/\/www.hornamicina.eu\/web\/category\/dolezite\/"},"img":{"alt_text":"Logo obce a dokumenty","src":"https:\/\/i0.wp.com\/www.hornamicina.eu\/web\/wp-content\/uploads\/2017\/07\/uznesenia.jpg?fit=530%2C530&ssl=1&resize=350%2C200","width":350,"height":200,"srcset":"https:\/\/i0.wp.com\/www.hornamicina.eu\/web\/wp-content\/uploads\/2017\/07\/uznesenia.jpg?fit=530%2C530&ssl=1&resize=350%2C200 1x, https:\/\/i0.wp.com\/www.hornamicina.eu\/web\/wp-content\/uploads\/2017\/07\/uznesenia.jpg?fit=530%2C530&ssl=1&resize=525%2C300 1.5x"},"classes":[]},{"id":3113,"url":"https:\/\/www.hornamicina.eu\/web\/zverejnenie-zameru-predat-majetok-obce-p-bizon\/","url_meta":{"origin":3533,"position":4},"title":"Zverejnenie z\u00e1meru preda\u0165 majetok obce &#8211; p. Bizo\u0148","author":"admin","date":"30. m\u00e1ja 2022","format":false,"excerpt":"ZVEREJNENIE Z\u00c1MERU \u00a0 preda\u0165 ni\u017e\u0161ie identifikovan\u00fd majetok Obce Horn\u00e1 Mi\u010din\u00e1 z\u00a0d\u00f4vodu hodn\u00e9ho osobitn\u00e9ho zrete\u013ea \u00a0 Obec Horn\u00e1 Mi\u010din\u00e1 v s\u00falade s ustanoveniami \u00a7 9 ods. 2 p\u00edsm. a) a \u00a7 9a ods. 8 p\u00edsm. e) z\u00e1kona \u010d. 138\/1991 Zb. o majetku obc\u00ed v znen\u00ed neskor\u0161\u00edch predpisov, t\u00fdmto zverej\u0148uje z\u00e1mer preda\u0165\u2026","rel":"","context":"V &quot;Elektronick\u00e1 \u00faradn\u00e1 tabu\u013ea&quot;","block_context":{"text":"Elektronick\u00e1 \u00faradn\u00e1 tabu\u013ea","link":"https:\/\/www.hornamicina.eu\/web\/category\/uradna-tabula\/"},"img":{"alt_text":"Logo obce a dokumenty","src":"https:\/\/i0.wp.com\/www.hornamicina.eu\/web\/wp-content\/uploads\/2017\/07\/uznesenia.jpg?fit=530%2C530&ssl=1&resize=350%2C200","width":350,"height":200,"srcset":"https:\/\/i0.wp.com\/www.hornamicina.eu\/web\/wp-content\/uploads\/2017\/07\/uznesenia.jpg?fit=530%2C530&ssl=1&resize=350%2C200 1x, https:\/\/i0.wp.com\/www.hornamicina.eu\/web\/wp-content\/uploads\/2017\/07\/uznesenia.jpg?fit=530%2C530&ssl=1&resize=525%2C300 1.5x"},"classes":[]},{"id":5430,"url":"https:\/\/www.hornamicina.eu\/web\/zverejnenie-zameru-prenajat-p-danko\/","url_meta":{"origin":3533,"position":5},"title":"Zverejnenie z\u00e1meru prenaja\u0165 majetok obce HM z d\u00f4vodu hodn\u00e9ho os. zrete\u013ea &#8211; p. Milan Danko","author":"admin","date":"1. septembra 2025","format":false,"excerpt":"Zverejnenie z\u00e1meru prenaja\u0165 ni\u017e\u0161ie identifikovan\u00fd majetok obce Horn\u00e1 Mi\u010din\u00e1 z d\u00f4vodu hodn\u00e9ho osobitn\u00e9ho zrete\u013ea Obec Horn\u00e1 Mi\u010din\u00e1 v s\u00falade s ustanoveniami \u00a7 9 ods. 2 p\u00edsm. a), \u00a7 9a ods. 15 p\u00edsm. f) a \u00a7 9aa ods. 2 p\u00edsm. e) z\u00e1kona \u010d. 138\/1991 Zb. o majetku obc\u00ed, v znen\u00ed neskor\u0161\u00edch\u2026","rel":"","context":"V &quot;Elektronick\u00e1 \u00faradn\u00e1 tabu\u013ea&quot;","block_context":{"text":"Elektronick\u00e1 \u00faradn\u00e1 tabu\u013ea","link":"https:\/\/www.hornamicina.eu\/web\/category\/uradna-tabula\/"},"img":{"alt_text":"Logo obce a dokumenty","src":"https:\/\/i0.wp.com\/www.hornamicina.eu\/web\/wp-content\/uploads\/2017\/07\/uznesenia.jpg?fit=530%2C530&ssl=1&resize=350%2C200","width":350,"height":200,"srcset":"https:\/\/i0.wp.com\/www.hornamicina.eu\/web\/wp-content\/uploads\/2017\/07\/uznesenia.jpg?fit=530%2C530&ssl=1&resize=350%2C200 1x, https:\/\/i0.wp.com\/www.hornamicina.eu\/web\/wp-content\/uploads\/2017\/07\/uznesenia.jpg?fit=530%2C530&ssl=1&resize=525%2C300 1.5x"},"classes":[]}],"jetpack_likes_enabled":true,"_links":{"self":[{"href":"https:\/\/www.hornamicina.eu\/web\/wp-json\/wp\/v2\/posts\/3533","targetHints":{"allow":["GET"]}}],"collection":[{"href":"https:\/\/www.hornamicina.eu\/web\/wp-json\/wp\/v2\/posts"}],"about":[{"href":"https:\/\/www.hornamicina.eu\/web\/wp-json\/wp\/v2\/types\/post"}],"author":[{"embeddable":true,"href":"https:\/\/www.hornamicina.eu\/web\/wp-json\/wp\/v2\/users\/1"}],"replies":[{"embeddable":true,"href":"https:\/\/www.hornamicina.eu\/web\/wp-json\/wp\/v2\/comments?post=3533"}],"version-history":[{"count":0,"href":"https:\/\/www.hornamicina.eu\/web\/wp-json\/wp\/v2\/posts\/3533\/revisions"}],"wp:featuredmedia":[{"embeddable":true,"href":"https:\/\/www.hornamicina.eu\/web\/wp-json\/wp\/v2\/media\/390"}],"wp:attachment":[{"href":"https:\/\/www.hornamicina.eu\/web\/wp-json\/wp\/v2\/media?parent=3533"}],"wp:term":[{"taxonomy":"category","embeddable":true,"href":"https:\/\/www.hornamicina.eu\/web\/wp-json\/wp\/v2\/categories?post=3533"},{"taxonomy":"post_tag","embeddable":true,"href":"https:\/\/www.hornamicina.eu\/web\/wp-json\/wp\/v2\/tags?post=3533"}],"curies":[{"name":"wp","href":"https:\/\/api.w.org\/{rel}","templated":true}]}}