{"id":3516,"date":"2022-01-14T17:47:43","date_gmt":"2022-01-14T16:47:43","guid":{"rendered":"https:\/\/www.hornamicina.eu\/web\/?p=3516"},"modified":"2023-02-01T16:39:55","modified_gmt":"2023-02-01T15:39:55","slug":"zmluva-c-2-2022-o-poskytnuti-dotacie-evanjelickacirkev","status":"publish","type":"post","link":"https:\/\/www.hornamicina.eu\/web\/zmluva-c-2-2022-o-poskytnuti-dotacie-evanjelickacirkev\/","title":{"rendered":"Zmluva \u010d. 3\/2022 o poskytnut\u00ed dot\u00e1cie &#8211; Cirkevn\u00fd zbor Evanjelickej cirkvi a.v. na Slovensku"},"content":{"rendered":"<p>Zmluva o poskytnut\u00ed dot\u00e1cie z rozpo\u010dtu obce uzatvoren\u00e1 v zmysle \u00a7 7 ods. 4 z\u00e1kona \u010d. 583\/2004 Z. z. o rozpo\u010dtov\u00fdch pravidl\u00e1ch \u00fazemnej samospr\u00e1vy a o zmene a doplnen\u00ed niektor\u00fdch z\u00e1konov v spojen\u00ed \u00a7 2 ods. 2 a n\u00e1s!. V\u0161eobecne z\u00e1v\u00e4zn\u00e9ho nariadenia obce Horn\u00e1 Mi\u010din\u00e1 \u010d. 1\/2016 o podmienkach poskytovania dot\u00e1cie z rozpo\u010dtu obce<\/p>\n<p>&nbsp;<\/p>\n<p><strong>\u017diadate\u013e:\u00a0<\/strong><\/p>\n<p>Cirkevn\u00fd zbor Evanjelickej cirkvi a.v. na Slovensku Horn\u00e1 Mi\u010din\u00e1<\/p>\n<p>S\u00eddlo: 974 O 1 Horn\u00e1 Mi\u010din\u00e1 46<br \/>\nZast\u00fapen\u00fd: Mgr. Daniel Duraj, zborov\u00fd far\u00e1r<br \/>\nBankov\u00e9 spojenie: Slovensk\u00e1 sporite\u013e\u0148a a.s.<br \/>\n\u010c\u00edslo \u00fa\u010dtu: IBAN SK43 0900 0000 0000 5018 0724<br \/>\n( \u010falej len \u201e\u017eiadate\u013e&#8220;&#8218;)<\/p>\n<p>&nbsp;<\/p>\n<p><strong>Predmet zmluvy<\/strong><\/p>\n<p>Predmetom zmluvy je poskytnutie dot\u00e1cie z rozpo\u010dtu obce v sume 800.- \u20ac (slovom: Osemsto \u20ac), ktor\u00e9 sa zav\u00e4zuje \u017eiadat\u013e pou\u017ei\u0165 v plnej v\u00fd\u0161ke na be\u017en\u00e9 v\u00fddavky s \u00fa\u010delov\u00fdm ur\u010den\u00edm tvorba, rozvoj, ochrana, obnova a prezent\u00e1cia duchovn\u00fdch a kult\u00farnych hodn\u00f4t v obci Horn\u00e1 Mi\u010din\u00e1 v zmysle VZN \u010d. 1\/2016 \u00a7 2 bod 2, p\u00edsm. a\/<\/p>\n<p>&nbsp;<\/p>\n<p>Viac v pr\u00edlohe:<\/p>\n<p><a href=\"https:\/\/www.hornamicina.eu\/web\/wp-content\/uploads\/2022\/01\/Zmluva%203-2022%20o%20poskytnut%C3%AD%20dot%C3%A1cie.pdf\" class=\"mtli_attachment mtli_pdf\" target=\"_blank\" rel=\"noopener\">Zmluva 3\/2022 o poskytnut\u00ed dot\u00e1cie<\/a><\/p>\n","protected":false},"excerpt":{"rendered":"Zmluva o poskytnut\u00ed dot\u00e1cie z rozpo\u010dtu obce uzatvoren\u00e1 v zmysle \u00a7 7 ods. [&hellip;]","protected":false},"author":1,"featured_media":390,"comment_status":"closed","ping_status":"open","sticky":false,"template":"","format":"standard","meta":{"advanced_seo_description":"","jetpack_seo_html_title":"","jetpack_seo_noindex":false,"_jetpack_memberships_contains_paid_content":false,"footnotes":""},"categories":[32],"tags":[],"class_list":["post-3516","post","type-post","status-publish","format-standard","has-post-thumbnail","hentry","category-uradna-tabula"],"jetpack_featured_media_url":"https:\/\/i0.wp.com\/www.hornamicina.eu\/web\/wp-content\/uploads\/2017\/07\/uznesenia.jpg?fit=530%2C530&ssl=1","jetpack_sharing_enabled":true,"jetpack_shortlink":"https:\/\/wp.me\/p8RsFw-UI","jetpack-related-posts":[{"id":3513,"url":"https:\/\/www.hornamicina.eu\/web\/zmluva-c-2-2022-o-poskytnuti-dotacie-rimskokatolickacirkev\/","url_meta":{"origin":3516,"position":0},"title":"Zmluva \u010d. 2\/2022 o poskytnut\u00ed dot\u00e1cie &#8211; R\u00edmskokatol\u00edcka cirkev","author":"admin","date":"14. janu\u00e1ra 2022","format":false,"excerpt":"Zmluva o poskytnut\u00ed dot\u00e1cie z rozpo\u010dtu obce uzatvoren\u00e1 v zmysle \u00a7 7 ods. 4 z\u00e1kona \u010d. 583\/2004 Z. z. o rozpo\u010dtov\u00fdch pravidl\u00e1ch \u00fazemnej samospr\u00e1vy a o zmene a doplnen\u00ed niektor\u00fdch z\u00e1konov v spojen\u00ed \u00a7 2 ods. 2 a n\u00e1s!. V\u0161eobecne z\u00e1v\u00e4zn\u00e9ho nariadenia obce Horn\u00e1 Mi\u010din\u00e1 \u010d. 1\/2016 o podmienkach poskytovania\u2026","rel":"","context":"V &quot;Elektronick\u00e1 \u00faradn\u00e1 tabu\u013ea&quot;","block_context":{"text":"Elektronick\u00e1 \u00faradn\u00e1 tabu\u013ea","link":"https:\/\/www.hornamicina.eu\/web\/category\/uradna-tabula\/"},"img":{"alt_text":"Logo obce a dokumenty","src":"https:\/\/i0.wp.com\/www.hornamicina.eu\/web\/wp-content\/uploads\/2017\/07\/uznesenia.jpg?fit=530%2C530&ssl=1&resize=350%2C200","width":350,"height":200,"srcset":"https:\/\/i0.wp.com\/www.hornamicina.eu\/web\/wp-content\/uploads\/2017\/07\/uznesenia.jpg?fit=530%2C530&ssl=1&resize=350%2C200 1x, https:\/\/i0.wp.com\/www.hornamicina.eu\/web\/wp-content\/uploads\/2017\/07\/uznesenia.jpg?fit=530%2C530&ssl=1&resize=525%2C300 1.5x"},"classes":[]},{"id":3508,"url":"https:\/\/www.hornamicina.eu\/web\/zmluva-c-1-2022-o-poskytnuti-dotacie-fsk-tj-druzstevnik-micina\/","url_meta":{"origin":3516,"position":1},"title":"Zmluva \u010d. 1\/2022 o poskytnut\u00ed dot\u00e1cie &#8211; F\u0160K TJ Dru\u017estevn\u00edk Mi\u010din\u00e1","author":"admin","date":"14. janu\u00e1ra 2022","format":false,"excerpt":"Zmluva o poskytnut\u00ed dot\u00e1cie z rozpo\u010dtu obce uzatvoren\u00e1 v zmysle \u00a7 7 ods. 4 z\u00e1kona \u010d. 583\/2004 Z. z. o rozpo\u010dtov\u00fdch pravidl\u00e1ch \u00fazemnej samospr\u00e1vy a o zmene a doplnen\u00ed niektor\u00fdch z\u00e1konov v spojen\u00ed \u00a7 2 ods. 2 a n\u00e1sl. V\u0161eobecne z\u00e1v\u00e4zn\u00e9ho nariadenia obce Horn\u00e1 Mi\u010din\u00e1 \u010d. 1\/2016 o podmienkach poskytovania\u2026","rel":"","context":"V &quot;Elektronick\u00e1 \u00faradn\u00e1 tabu\u013ea&quot;","block_context":{"text":"Elektronick\u00e1 \u00faradn\u00e1 tabu\u013ea","link":"https:\/\/www.hornamicina.eu\/web\/category\/uradna-tabula\/"},"img":{"alt_text":"Logo obce a dokumenty","src":"https:\/\/i0.wp.com\/www.hornamicina.eu\/web\/wp-content\/uploads\/2017\/07\/uznesenia.jpg?fit=530%2C530&ssl=1&resize=350%2C200","width":350,"height":200,"srcset":"https:\/\/i0.wp.com\/www.hornamicina.eu\/web\/wp-content\/uploads\/2017\/07\/uznesenia.jpg?fit=530%2C530&ssl=1&resize=350%2C200 1x, https:\/\/i0.wp.com\/www.hornamicina.eu\/web\/wp-content\/uploads\/2017\/07\/uznesenia.jpg?fit=530%2C530&ssl=1&resize=525%2C300 1.5x"},"classes":[]},{"id":5574,"url":"https:\/\/www.hornamicina.eu\/web\/pozvanka-na-zasadnutie-oz-v-hornej-micinej-11-2025\/","url_meta":{"origin":3516,"position":2},"title":"Pozv\u00e1nka na zasadnutie OZ v Hornej Mi\u010dinej &#8211; 11\/2025","author":"admin","date":"14. novembra 2025","format":false,"excerpt":"Pod\u013ea \u00a7 13 ods.4 p\u00edsm.a) z\u00e1kona \u010d.369\/1990 o obecnom zriaden\u00ed v znen\u00ed neskor\u0161\u00edch predpisov zvol\u00e1vam zasadnutie obecn\u00e9ho zastupite\u013estva v Hornej Mi\u010dinej, ktor\u00e9 sa uskuto\u010dn\u00ed d\u0148a: 19.11.2025 o 16:00 hod. v s\u00e1le obecn\u00e9ho \u00faradu . PROGRAM: Otvorenie OZ Vo\u013eba n\u00e1vrhovej komisie, overovate\u013ea z\u00e1pisnice a zapisovate\u013ea Program obecn\u00e9ho zastupite\u013estva Inform\u00e1cia o stave\u2026","rel":"","context":"V &quot;Zastupite\u013estvo&quot;","block_context":{"text":"Zastupite\u013estvo","link":"https:\/\/www.hornamicina.eu\/web\/category\/zastupitelstvo\/"},"img":{"alt_text":"Logo obce a dokumenty","src":"https:\/\/i0.wp.com\/www.hornamicina.eu\/web\/wp-content\/uploads\/2017\/07\/uznesenia.jpg?fit=530%2C530&ssl=1&resize=350%2C200","width":350,"height":200,"srcset":"https:\/\/i0.wp.com\/www.hornamicina.eu\/web\/wp-content\/uploads\/2017\/07\/uznesenia.jpg?fit=530%2C530&ssl=1&resize=350%2C200 1x, https:\/\/i0.wp.com\/www.hornamicina.eu\/web\/wp-content\/uploads\/2017\/07\/uznesenia.jpg?fit=530%2C530&ssl=1&resize=525%2C300 1.5x"},"classes":[]},{"id":2845,"url":"https:\/\/www.hornamicina.eu\/web\/uznesenia-z-2021-12-15\/","url_meta":{"origin":3516,"position":3},"title":"Uznesenia zo d\u0148a 15.12.2021","author":"admin","date":"21. decembra 2021","format":"aside","excerpt":"Obecn\u00fd \u00farad Horn\u00e1 Mi\u010din\u00e1 Obecn\u00e9 zastupite\u013estvo UZNESENIA zo zasadnutia obecn\u00e9ho zastupite\u013estva (\u010falej len OZ) obce Horn\u00e1 Mi\u010din\u00e1 konan\u00e9ho d\u0148a 15.12.2021 \u00a0 PR\u00cdTOMN\u00cd: Starosta obce:\u00a0\u00a0\u00a0\u00a0\u00a0\u00a0\u00a0\u00a0\u00a0\u00a0\u00a0\u00a0\u00a0\u00a0\u00a0\u00a0\u00a0\u00a0\u00a0\u00a0\u00a0\u00a0\u00a0\u00a0\u00a0\u00a0\u00a0\u00a0\u00a0\u00a0\u00a0\u00a0\u00a0 Ivan Len\u00e1r Poslanci OZ:\u00a0\u00a0\u00a0\u00a0\u00a0\u00a0\u00a0\u00a0\u00a0\u00a0\u00a0\u00a0\u00a0\u00a0\u00a0\u00a0\u00a0\u00a0\u00a0\u00a0\u00a0\u00a0\u00a0\u00a0\u00a0\u00a0\u00a0\u00a0\u00a0\u00a0\u00a0\u00a0\u00a0\u00a0\u00a0\u00a0\u00a0 pod\u013ea prilo\u017eenej prezen\u010dnej listiny Ob\u010dania obce a\u00a0prizvan\u00ed:\u00a0\u00a0\u00a0\u00a0\u00a0\u00a0\u00a0\u00a0\u00a0\u00a0\u00a0\u00a0 pod\u013ea prilo\u017eenej prezen\u010dnej listiny Zasadnutie obecn\u00e9ho zastupite\u013estva otvoril a\u00a0viedol starosta obce Ivan Len\u00e1r. Priv\u00edtal pr\u00edtomn\u00fdch\u2026","rel":"","context":"V &quot;Uznesenia&quot;","block_context":{"text":"Uznesenia","link":"https:\/\/www.hornamicina.eu\/web\/category\/uznesenia\/"},"img":{"alt_text":"Logo obce a dokumenty","src":"https:\/\/i0.wp.com\/www.hornamicina.eu\/web\/wp-content\/uploads\/2017\/07\/uznesenia.jpg?fit=530%2C530&ssl=1&resize=350%2C200","width":350,"height":200,"srcset":"https:\/\/i0.wp.com\/www.hornamicina.eu\/web\/wp-content\/uploads\/2017\/07\/uznesenia.jpg?fit=530%2C530&ssl=1&resize=350%2C200 1x, https:\/\/i0.wp.com\/www.hornamicina.eu\/web\/wp-content\/uploads\/2017\/07\/uznesenia.jpg?fit=530%2C530&ssl=1&resize=525%2C300 1.5x"},"classes":[]},{"id":3698,"url":"https:\/\/www.hornamicina.eu\/web\/navrh-planu-kontrolnej-cinnosti-hk-obce-na-2-polrok-2023\/","url_meta":{"origin":3516,"position":4},"title":"N\u00e1vrh pl\u00e1nu kontrolnej \u010dinnosti HK obce na 2. polrok 2023","author":"admin","date":"15. m\u00e1ja 2023","format":false,"excerpt":"Pl\u00e1n kontrolnej \u010dinnosti hlavn\u00e9ho kontrol\u00f3ra obce na 2. polrok 2023 Obec Horn\u00e1 Mi\u010din\u00e1 V zmysle z\u00e1kona \u010d. 369\/1990 Zb. o obecnom zriaden\u00ed v znen\u00ed neskor\u0161\u00edch predpisov, \u00a7 18 ods. 1 p\u00edsm. b) hlavn\u00fd kontrol\u00f3r obce zostavuje a predklad\u00e1 pl\u00e1n kontrolnej \u010dinnosti, ktor\u00fd bude v\u00fdchodiskom pre v\u00fdkon kontrolnej \u010dinnosti v podmienkach\u2026","rel":"","context":"V &quot;D\u00f4le\u017eit\u00e9&quot;","block_context":{"text":"D\u00f4le\u017eit\u00e9","link":"https:\/\/www.hornamicina.eu\/web\/category\/dolezite\/"},"img":{"alt_text":"Logo obce a dokumenty","src":"https:\/\/i0.wp.com\/www.hornamicina.eu\/web\/wp-content\/uploads\/2017\/07\/uznesenia.jpg?fit=530%2C530&ssl=1&resize=350%2C200","width":350,"height":200,"srcset":"https:\/\/i0.wp.com\/www.hornamicina.eu\/web\/wp-content\/uploads\/2017\/07\/uznesenia.jpg?fit=530%2C530&ssl=1&resize=350%2C200 1x, https:\/\/i0.wp.com\/www.hornamicina.eu\/web\/wp-content\/uploads\/2017\/07\/uznesenia.jpg?fit=530%2C530&ssl=1&resize=525%2C300 1.5x"},"classes":[]},{"id":5605,"url":"https:\/\/www.hornamicina.eu\/web\/uznesenia-zo-dna-19-11-2025\/","url_meta":{"origin":3516,"position":5},"title":"Uznesenia zo d\u0148a 19.11.2025","author":"admin","date":"1. decembra 2025","format":false,"excerpt":"UZNESENIA zo zasadnutia obecn\u00e9ho zastupite\u013estva (\u010falej len OZ) obce Horn\u00e1 Mi\u010din\u00e1 konan\u00e9ho d\u0148a 19.11.2025 v\u00a0budove obecn\u00e9ho \u00faradu Horn\u00e1 Mi\u010din\u00e1 o\u00a016 :00 hod. PR\u00cdTOMN\u00cd POSLANCI:\u00a0\u00a0 Michal Karkal\u00edk,\u00a0 \u013dubom\u00edr \u010cerh\u00fd\u0148 ,Janka Baranov\u00e1 ,Teodor Bachleda, Tibor Pip\u00ed\u0161ka \u00a0 uznesenie \u010d.106\/2025\u00a0\u00a0\u00a0 z 19.11.2025 K\u00a0bodu 2. Vo\u013eba n\u00e1vrhovej komisie, overovate\u013ea z\u00e1pisnice a\u00a0zapisovate\u013ea \u00a0 OZ obce\u2026","rel":"","context":"V &quot;Uznesenia&quot;","block_context":{"text":"Uznesenia","link":"https:\/\/www.hornamicina.eu\/web\/category\/uznesenia\/"},"img":{"alt_text":"","src":"https:\/\/i0.wp.com\/www.hornamicina.eu\/web\/wp-content\/uploads\/2017\/07\/zastupitelstvo.jpg?fit=530%2C375&ssl=1&resize=350%2C200","width":350,"height":200,"srcset":"https:\/\/i0.wp.com\/www.hornamicina.eu\/web\/wp-content\/uploads\/2017\/07\/zastupitelstvo.jpg?fit=530%2C375&ssl=1&resize=350%2C200 1x, https:\/\/i0.wp.com\/www.hornamicina.eu\/web\/wp-content\/uploads\/2017\/07\/zastupitelstvo.jpg?fit=530%2C375&ssl=1&resize=525%2C300 1.5x"},"classes":[]}],"jetpack_likes_enabled":true,"_links":{"self":[{"href":"https:\/\/www.hornamicina.eu\/web\/wp-json\/wp\/v2\/posts\/3516","targetHints":{"allow":["GET"]}}],"collection":[{"href":"https:\/\/www.hornamicina.eu\/web\/wp-json\/wp\/v2\/posts"}],"about":[{"href":"https:\/\/www.hornamicina.eu\/web\/wp-json\/wp\/v2\/types\/post"}],"author":[{"embeddable":true,"href":"https:\/\/www.hornamicina.eu\/web\/wp-json\/wp\/v2\/users\/1"}],"replies":[{"embeddable":true,"href":"https:\/\/www.hornamicina.eu\/web\/wp-json\/wp\/v2\/comments?post=3516"}],"version-history":[{"count":0,"href":"https:\/\/www.hornamicina.eu\/web\/wp-json\/wp\/v2\/posts\/3516\/revisions"}],"wp:featuredmedia":[{"embeddable":true,"href":"https:\/\/www.hornamicina.eu\/web\/wp-json\/wp\/v2\/media\/390"}],"wp:attachment":[{"href":"https:\/\/www.hornamicina.eu\/web\/wp-json\/wp\/v2\/media?parent=3516"}],"wp:term":[{"taxonomy":"category","embeddable":true,"href":"https:\/\/www.hornamicina.eu\/web\/wp-json\/wp\/v2\/categories?post=3516"},{"taxonomy":"post_tag","embeddable":true,"href":"https:\/\/www.hornamicina.eu\/web\/wp-json\/wp\/v2\/tags?post=3516"}],"curies":[{"name":"wp","href":"https:\/\/api.w.org\/{rel}","templated":true}]}}