{"id":3502,"date":"2023-01-30T15:49:35","date_gmt":"2023-01-30T14:49:35","guid":{"rendered":"https:\/\/www.hornamicina.eu\/web\/?p=3502"},"modified":"2023-01-30T16:03:58","modified_gmt":"2023-01-30T15:03:58","slug":"oznam","status":"publish","type":"post","link":"https:\/\/www.hornamicina.eu\/web\/oznam\/","title":{"rendered":"Oznam &#8211; posudzovanie vplyvov na \u017dP"},"content":{"rendered":"<div style=\"text-align: center;\">Obec Horn\u00e1 Mi\u010din\u00e1 zverej\u0148uje v zmysle z\u00e1kona \u010d. 24\/2006 Z z. o posudzovan\u00ed vplyvov na \u017eivotn\u00e9 prostredie a o zmene a doplnen\u00ed niektor\u00fdch z\u00e1konov pod\u013ea \u00a7 14 ods. 3, z\u00e1vere\u010dn\u00e9 stanovisko z procesu posudzovania strategick\u00e9ho dokumentu,<\/div>\n<div style=\"text-align: center;\">&#8222;<span style=\"font-size: 14pt;\"><strong>\u00dazemn\u00fd pl\u00e1n obce Horn\u00e1 Mi\u010din\u00e1<\/strong><\/span>&#8222;.<\/div>\n<div><\/div>\n<div style=\"text-align: center;\">Z\u00e1vere\u010dn\u00e9 stanovisko je zverejnen\u00e9 na <a href=\"https:\/\/www.enviroportal.sk\/sk\/eia\/detail\/uzemny-plan-obce-horna-micina\" target=\"_blank\" rel=\"noopener\">enviroport\u00e1li Ministerstva \u017eivotn\u00e9ho prostredia<\/a>.<\/div>\n","protected":false},"excerpt":{"rendered":"Obec Horn\u00e1 Mi\u010din\u00e1 zverej\u0148uje v zmysle z\u00e1kona \u010d. 24\/2006 Z z. o posudzovan\u00ed [&hellip;]","protected":false},"author":1,"featured_media":390,"comment_status":"closed","ping_status":"open","sticky":false,"template":"","format":"standard","meta":{"advanced_seo_description":"","jetpack_seo_html_title":"","jetpack_seo_noindex":false,"_jetpack_memberships_contains_paid_content":false,"footnotes":""},"categories":[5,8],"tags":[],"class_list":["post-3502","post","type-post","status-publish","format-standard","has-post-thumbnail","hentry","category-dolezite","category-oznamy"],"jetpack_featured_media_url":"https:\/\/i0.wp.com\/www.hornamicina.eu\/web\/wp-content\/uploads\/2017\/07\/uznesenia.jpg?fit=530%2C530&ssl=1","jetpack_sharing_enabled":true,"jetpack_shortlink":"https:\/\/wp.me\/s8RsFw-oznam","jetpack-related-posts":[{"id":4263,"url":"https:\/\/www.hornamicina.eu\/web\/oznamenie-o-zmene-navrhovanej-cinnosti-rekultivacia-casti-lomu\/","url_meta":{"origin":3502,"position":0},"title":"Ozn\u00e1menie o zmene navrhovanej \u010dinnosti: rekultiv\u00e1cia \u010dasti lomu","author":"admin","date":"29. m\u00e1ja 2024","format":false,"excerpt":"Vec: Rekultiv\u00e1cia \u010dasti lomu stavebn\u00e9ho kame\u0148a Horn\u00e1 Mi\u010din\u00e1 - ozn\u00e1menie o zmene navrhovanej \u010dinnosti D\u0148a 22.05.2024 bolo doru\u010den\u00e9 na Okresn\u00e9mu \u00faradu Bansk\u00e1 Bystrica odboru starostlivosti o \u017eivotn\u00e9 prostredie (\u010falej len \"okresn\u00fd \u00farad\") ozn\u00e1menie o zmene navrhovanej \u010dinnosti \"Rekultiv\u00e1cia \u010dasti lomu stavebn\u00e9ho kame\u0148a Horn\u00e1 Mi\u010din\u00e1\" od navrhovate\u013ea spolo\u010dnosti \u0160peci\u00e1lne cestn\u00e9 pr\u00e1ce\u2026","rel":"","context":"V &quot;D\u00f4le\u017eit\u00e9&quot;","block_context":{"text":"D\u00f4le\u017eit\u00e9","link":"https:\/\/www.hornamicina.eu\/web\/category\/dolezite\/"},"img":{"alt_text":"Logo obce a dokumenty","src":"https:\/\/i0.wp.com\/www.hornamicina.eu\/web\/wp-content\/uploads\/2017\/07\/uznesenia.jpg?fit=530%2C530&ssl=1&resize=350%2C200","width":350,"height":200,"srcset":"https:\/\/i0.wp.com\/www.hornamicina.eu\/web\/wp-content\/uploads\/2017\/07\/uznesenia.jpg?fit=530%2C530&ssl=1&resize=350%2C200 1x, https:\/\/i0.wp.com\/www.hornamicina.eu\/web\/wp-content\/uploads\/2017\/07\/uznesenia.jpg?fit=530%2C530&ssl=1&resize=525%2C300 1.5x"},"classes":[]},{"id":2538,"url":"https:\/\/www.hornamicina.eu\/web\/uzemny-plan-obce-verejne-prerokovanie-2\/","url_meta":{"origin":3502,"position":1},"title":"\u00dazemn\u00fd pl\u00e1n obceVerejn\u00e9 prerokovanie","author":"admin","date":"18. j\u00fana 2021","format":false,"excerpt":"Obec Horn\u00e1 Mi\u010din\u00e1, ako obstar\u00e1vate\u013e \u00fazemnopl\u00e1novacej dokument\u00e1cie obce pod\u013ea \u00a7 18 ods. 4 z\u00e1kona \u010d. 50\/1976 Zb. v znen\u00ed neskor\u0161\u00edch predpisov (\u010falej stavebn\u00fd z\u00e1kon), t\u00fdmto oznamuje verejnosti, dotknut\u00fdm pr\u00e1vnick\u00fdm a fyzick\u00fdm osob\u00e1m \u017ee po dohode a spolupr\u00e1ci s Okresn\u00fdm \u00faradom Bansk\u00e1 Bystrica, odbor starostlivosti o \u017dP pod\u013ea \u00a7 11 z\u00e1kona\u2026","rel":"","context":"V &quot;D\u00f4le\u017eit\u00e9&quot;","block_context":{"text":"D\u00f4le\u017eit\u00e9","link":"https:\/\/www.hornamicina.eu\/web\/category\/dolezite\/"},"img":{"alt_text":"Logo obce a dokumenty","src":"https:\/\/i0.wp.com\/www.hornamicina.eu\/web\/wp-content\/uploads\/2017\/07\/uznesenia.jpg?fit=530%2C530&ssl=1&resize=350%2C200","width":350,"height":200,"srcset":"https:\/\/i0.wp.com\/www.hornamicina.eu\/web\/wp-content\/uploads\/2017\/07\/uznesenia.jpg?fit=530%2C530&ssl=1&resize=350%2C200 1x, https:\/\/i0.wp.com\/www.hornamicina.eu\/web\/wp-content\/uploads\/2017\/07\/uznesenia.jpg?fit=530%2C530&ssl=1&resize=525%2C300 1.5x"},"classes":[]},{"id":2199,"url":"https:\/\/www.hornamicina.eu\/web\/uzemny-plan-obce-adresa-na-dorucovanie\/","url_meta":{"origin":3502,"position":2},"title":"\u00dazemn\u00fd pl\u00e1n obce &#8211; adresa na doru\u010dovanie","author":"admin","date":"11. novembra 2020","format":false,"excerpt":"Ozn\u00e1menie o strategickom dokumente je zverejnen\u00e9 tu. \u00daZEMN\u00dd PL\u00c1N OBCE HORN\u00c1 MI\u010cIN\u00c1 Oznam Okresn\u00e9ho \u00faradu BB \u00a0 Oznamujeme verejnosti, \u017ee stanovisk\u00e1 verejnosti k ozn\u00e1meniu o strategickom dokumente \u201e\u00dazemn\u00fd pl\u00e1n obce Horn\u00e1 Mi\u010din\u00e1\u201c je mo\u017en\u00e9 preklada\u0165 najnesk\u00f4r do 15 dn\u00ed od zverejnenia na adresu: Okresn\u00fd \u00farad Bansk\u00e1 Bystrica Odbor starostlivosti o\u2026","rel":"","context":"V &quot;D\u00f4le\u017eit\u00e9&quot;","block_context":{"text":"D\u00f4le\u017eit\u00e9","link":"https:\/\/www.hornamicina.eu\/web\/category\/dolezite\/"},"img":{"alt_text":"","src":"https:\/\/i0.wp.com\/www.hornamicina.eu\/web\/wp-content\/uploads\/2018\/07\/MicinskoPost.jpg?fit=530%2C472&ssl=1&resize=350%2C200","width":350,"height":200,"srcset":"https:\/\/i0.wp.com\/www.hornamicina.eu\/web\/wp-content\/uploads\/2018\/07\/MicinskoPost.jpg?fit=530%2C472&ssl=1&resize=350%2C200 1x, https:\/\/i0.wp.com\/www.hornamicina.eu\/web\/wp-content\/uploads\/2018\/07\/MicinskoPost.jpg?fit=530%2C472&ssl=1&resize=525%2C300 1.5x"},"classes":[]},{"id":5574,"url":"https:\/\/www.hornamicina.eu\/web\/pozvanka-na-zasadnutie-oz-v-hornej-micinej-11-2025\/","url_meta":{"origin":3502,"position":3},"title":"Pozv\u00e1nka na zasadnutie OZ v Hornej Mi\u010dinej &#8211; 11\/2025","author":"admin","date":"14. novembra 2025","format":false,"excerpt":"Pod\u013ea \u00a7 13 ods.4 p\u00edsm.a) z\u00e1kona \u010d.369\/1990 o obecnom zriaden\u00ed v znen\u00ed neskor\u0161\u00edch predpisov zvol\u00e1vam zasadnutie obecn\u00e9ho zastupite\u013estva v Hornej Mi\u010dinej, ktor\u00e9 sa uskuto\u010dn\u00ed d\u0148a: 19.11.2025 o 16:00 hod. v s\u00e1le obecn\u00e9ho \u00faradu . PROGRAM: Otvorenie OZ Vo\u013eba n\u00e1vrhovej komisie, overovate\u013ea z\u00e1pisnice a zapisovate\u013ea Program obecn\u00e9ho zastupite\u013estva Inform\u00e1cia o stave\u2026","rel":"","context":"V &quot;Zastupite\u013estvo&quot;","block_context":{"text":"Zastupite\u013estvo","link":"https:\/\/www.hornamicina.eu\/web\/category\/zastupitelstvo\/"},"img":{"alt_text":"Logo obce a dokumenty","src":"https:\/\/i0.wp.com\/www.hornamicina.eu\/web\/wp-content\/uploads\/2017\/07\/uznesenia.jpg?fit=530%2C530&ssl=1&resize=350%2C200","width":350,"height":200,"srcset":"https:\/\/i0.wp.com\/www.hornamicina.eu\/web\/wp-content\/uploads\/2017\/07\/uznesenia.jpg?fit=530%2C530&ssl=1&resize=350%2C200 1x, https:\/\/i0.wp.com\/www.hornamicina.eu\/web\/wp-content\/uploads\/2017\/07\/uznesenia.jpg?fit=530%2C530&ssl=1&resize=525%2C300 1.5x"},"classes":[]},{"id":2525,"url":"https:\/\/www.hornamicina.eu\/web\/uzemny-plan-obce-info-ver-2021\/","url_meta":{"origin":3502,"position":4},"title":"\u00dazemn\u00fd pl\u00e1n obceInform\u00e1cia pre verejnos\u0165","author":"admin","date":"10. j\u00fana 2021","format":false,"excerpt":"Oznamujeme verejnosti, \u017ee stanovisk\u00e1 verejnosti k ozn\u00e1meniu o strategickom dokumente \u201e\u00dazemn\u00fd pl\u00e1n obce Horn\u00e1 Mi\u010din\u00e1\" je mo\u017en\u00e9 predklada\u0165 najnesk\u00f4r do 21 dn\u00ed od zverejnenia na adresu: Okresn\u00fd \u00farad Bansk\u00e1 Bystrica Odbor starostlivosti o \u017eivotn\u00e9 prostredie N\u00e1m. \u013d. \u0160t\u00fara 1 974 05 Bansk\u00e1 Bystrica e-mail: oszp.bb@minv.sk telef\u00f3n: 048\/430 63 62 Spr\u00e1va\u2026","rel":"","context":"V &quot;D\u00f4le\u017eit\u00e9&quot;","block_context":{"text":"D\u00f4le\u017eit\u00e9","link":"https:\/\/www.hornamicina.eu\/web\/category\/dolezite\/"},"img":{"alt_text":"Logo obce a dokumenty","src":"https:\/\/i0.wp.com\/www.hornamicina.eu\/web\/wp-content\/uploads\/2017\/07\/uznesenia.jpg?fit=530%2C530&ssl=1&resize=350%2C200","width":350,"height":200,"srcset":"https:\/\/i0.wp.com\/www.hornamicina.eu\/web\/wp-content\/uploads\/2017\/07\/uznesenia.jpg?fit=530%2C530&ssl=1&resize=350%2C200 1x, https:\/\/i0.wp.com\/www.hornamicina.eu\/web\/wp-content\/uploads\/2017\/07\/uznesenia.jpg?fit=530%2C530&ssl=1&resize=525%2C300 1.5x"},"classes":[]},{"id":3786,"url":"https:\/\/www.hornamicina.eu\/web\/zapisnica-zo-zasadnutia-oz-obce-horna-micina-zo-dna-13-6-2023\/","url_meta":{"origin":3502,"position":5},"title":"Z\u00e1pisnica zo zasadnutia OZ obce Horn\u00e1 Mi\u010din\u00e1 zo d\u0148a 13.6.2023","author":"admin","date":"22. j\u00fana 2023","format":false,"excerpt":"Z\u00c1PISNICA zo zasadnutia obecn\u00e9ho zastupite\u013estva (\u010falej len OZ) obce\u00a0Horn\u00e1 Mi\u010din\u00e1 konan\u00e9ho d\u0148a 13.06.2023 v\u00a0budove obecn\u00e9ho \u00faradu Horn\u00e1 Mi\u010din\u00e1 o\u00a018.30 hod. \u00a0 PR\u00cdTOMN\u00cd: Starosta obce:\u00a0\u00a0\u00a0\u00a0\u00a0\u00a0\u00a0\u00a0\u00a0\u00a0\u00a0\u00a0\u00a0\u00a0\u00a0\u00a0\u00a0\u00a0\u00a0\u00a0\u00a0\u00a0\u00a0\u00a0\u00a0\u00a0\u00a0\u00a0\u00a0 Ivan Len\u00e1r Poslanci OZ:\u00a0\u00a0\u00a0\u00a0\u00a0\u00a0\u00a0\u00a0\u00a0\u00a0\u00a0\u00a0\u00a0\u00a0\u00a0\u00a0\u00a0\u00a0\u00a0\u00a0\u00a0\u00a0\u00a0\u00a0\u00a0\u00a0\u00a0\u00a0\u00a0\u00a0\u00a0\u00a0 pod\u013ea prilo\u017eenej prezen\u010dnej listiny Ob\u010dania obce a\u00a0prizvan\u00ed:\u00a0\u00a0\u00a0\u00a0\u00a0\u00a0\u00a0\u00a0\u00a0\u00a0\u00a0\u00a0 pod\u013ea prilo\u017eenej prezen\u010dnej listiny \u00a0 Zasadnutie obecn\u00e9ho zastupite\u013estva otvoril a\u00a0viedol starosta obce Ivan Len\u00e1r. Priv\u00edtal\u2026","rel":"","context":"V &quot;D\u00f4le\u017eit\u00e9&quot;","block_context":{"text":"D\u00f4le\u017eit\u00e9","link":"https:\/\/www.hornamicina.eu\/web\/category\/dolezite\/"},"img":{"alt_text":"","src":"https:\/\/i0.wp.com\/www.hornamicina.eu\/web\/wp-content\/uploads\/2017\/07\/zastupitelstvo.jpg?fit=530%2C375&ssl=1&resize=350%2C200","width":350,"height":200,"srcset":"https:\/\/i0.wp.com\/www.hornamicina.eu\/web\/wp-content\/uploads\/2017\/07\/zastupitelstvo.jpg?fit=530%2C375&ssl=1&resize=350%2C200 1x, https:\/\/i0.wp.com\/www.hornamicina.eu\/web\/wp-content\/uploads\/2017\/07\/zastupitelstvo.jpg?fit=530%2C375&ssl=1&resize=525%2C300 1.5x"},"classes":[]}],"jetpack_likes_enabled":true,"_links":{"self":[{"href":"https:\/\/www.hornamicina.eu\/web\/wp-json\/wp\/v2\/posts\/3502","targetHints":{"allow":["GET"]}}],"collection":[{"href":"https:\/\/www.hornamicina.eu\/web\/wp-json\/wp\/v2\/posts"}],"about":[{"href":"https:\/\/www.hornamicina.eu\/web\/wp-json\/wp\/v2\/types\/post"}],"author":[{"embeddable":true,"href":"https:\/\/www.hornamicina.eu\/web\/wp-json\/wp\/v2\/users\/1"}],"replies":[{"embeddable":true,"href":"https:\/\/www.hornamicina.eu\/web\/wp-json\/wp\/v2\/comments?post=3502"}],"version-history":[{"count":0,"href":"https:\/\/www.hornamicina.eu\/web\/wp-json\/wp\/v2\/posts\/3502\/revisions"}],"wp:featuredmedia":[{"embeddable":true,"href":"https:\/\/www.hornamicina.eu\/web\/wp-json\/wp\/v2\/media\/390"}],"wp:attachment":[{"href":"https:\/\/www.hornamicina.eu\/web\/wp-json\/wp\/v2\/media?parent=3502"}],"wp:term":[{"taxonomy":"category","embeddable":true,"href":"https:\/\/www.hornamicina.eu\/web\/wp-json\/wp\/v2\/categories?post=3502"},{"taxonomy":"post_tag","embeddable":true,"href":"https:\/\/www.hornamicina.eu\/web\/wp-json\/wp\/v2\/tags?post=3502"}],"curies":[{"name":"wp","href":"https:\/\/api.w.org\/{rel}","templated":true}]}}