{"id":3397,"date":"2022-12-19T21:23:20","date_gmt":"2022-12-19T20:23:20","guid":{"rendered":"https:\/\/www.hornamicina.eu\/web\/?p=3397"},"modified":"2022-12-19T22:23:43","modified_gmt":"2022-12-19T21:23:43","slug":"zapisnica-zo-zasadnutia-oz-dna-15-12-2022","status":"publish","type":"post","link":"https:\/\/www.hornamicina.eu\/web\/zapisnica-zo-zasadnutia-oz-dna-15-12-2022\/","title":{"rendered":"Z\u00e1pisnica zo zasadnutia OZ &#8211; d\u0148a 15.12.2022"},"content":{"rendered":"<h2 style=\"text-align: center;\"><strong>Z\u00c1PISNICA<\/strong><\/h2>\n<h2 style=\"text-align: center;\">zo zasadnutia obecn\u00e9ho zastupite\u013estva (\u010falej len OZ) v\u00a0Hornej Mi\u010dinej konan\u00e9ho d\u0148a 15.12.2022 v\u00a0budove obecn\u00e9ho \u00faradu Horn\u00e1 Mi\u010din\u00e1 o\u00a018.00 hod.<\/h2>\n<p>&nbsp;<\/p>\n<p>PR\u00cdTOMN\u00cd:<\/p>\n<p>Starosta obce:\u00a0\u00a0\u00a0\u00a0\u00a0\u00a0\u00a0\u00a0\u00a0\u00a0\u00a0\u00a0\u00a0\u00a0\u00a0\u00a0\u00a0\u00a0\u00a0\u00a0\u00a0\u00a0\u00a0\u00a0\u00a0\u00a0\u00a0\u00a0\u00a0 Ivan Len\u00e1r<\/p>\n<p>Poslanci OZ:\u00a0\u00a0\u00a0\u00a0\u00a0\u00a0\u00a0\u00a0\u00a0\u00a0\u00a0\u00a0\u00a0\u00a0\u00a0\u00a0\u00a0\u00a0\u00a0\u00a0\u00a0\u00a0\u00a0\u00a0\u00a0\u00a0\u00a0\u00a0\u00a0\u00a0\u00a0\u00a0 pod\u013ea prilo\u017eenej prezen\u010dnej listiny<\/p>\n<p>Ob\u010dania obce a\u00a0prizvan\u00ed:\u00a0\u00a0\u00a0\u00a0\u00a0\u00a0\u00a0\u00a0\u00a0\u00a0\u00a0\u00a0 pod\u013ea prilo\u017eenej prezen\u010dnej listiny<\/p>\n<p>&nbsp;<\/p>\n<ol>\n<li>Zasadnutie obecn\u00e9ho zastupite\u013estva otvoril a\u00a0viedol starosta obce Ivan Len\u00e1r. Priv\u00edtal pr\u00edtomn\u00fdch poslancov obecn\u00e9ho zastupite\u013estva a\u00a0ob\u010danov obce.<\/li>\n<li>Priebeh zastupite\u013estva sa riadil nasledovn\u00fdm programom:\n<ol>\n<li style=\"list-style-type: none;\">\n<ol>\n<li>Otvorenie<\/li>\n<li>Program OZ<\/li>\n<li>Vo\u013eba n\u00e1vrhovej komisie, overovate\u013eov z\u00e1pisnice a zapisovate\u013ea<\/li>\n<li>Spr\u00e1va nez\u00e1visl\u00e9ho aud\u00edtora k\u00a0\u00da\u010dtovnej z\u00e1vierke obce k\u00a031.12.2021<\/li>\n<li>Spr\u00e1va hlavnej kontrol\u00f3rky o\u00a0v\u00fdsledku kontroly do\u0161l\u00fdch fakt\u00far za 1. polrok 2022<\/li>\n<li>Spr\u00e1va z\u00a0kontroly plnenia uznesen\u00ed OZ zo d\u0148a 28.09.2022<\/li>\n<li>N\u00e1vrh pl\u00e1nu kontrolnej \u010dinnosti hlavnej kontrol\u00f3rky na 1. polrok 2023<\/li>\n<li>Zmena rozpo\u010dtu obce 2022 Rozpo\u010dtov\u00fdm opatren\u00edm \u010d. 1\/2022<\/li>\n<li>Limit starostu na \u00fapravu rozpo\u010dtu rozpo\u010dtov\u00fdm opatren\u00edm<\/li>\n<li>Odborn\u00e9 stanovisko hlavnej kontrol\u00f3rky k\u00a0n\u00e1vrhu rozpo\u010dtu na rok 2023<\/li>\n<li>N\u00e1vrh rozpo\u010dtu obce na roky 2023, 2024 a 2025<\/li>\n<li>Zmluva o\u00a0zimnej \u00fadr\u017ebe miestnych komunik\u00e1ci\u00ed 2022\/2023 s\u00a0Branislavom Baranom<\/li>\n<li>Schv\u00e1lenie \u017eiadost\u00ed o\u00a0dot\u00e1cie z\u00a0obecn\u00e9ho rozpo\u010dtu na rok 2023 pre TJ Dru\u017estevn\u00edk Mi\u010din\u00e1, CZ ECAV v\u00a0Hornej Mi\u010dinej a\u00a0R\u00edmskokatol\u00edcku cirkev v \u010cer\u00edne<\/li>\n<li>R\u00f4zne<\/li>\n<li>Diskusia<\/li>\n<li>N\u00e1vrh uznesen\u00ed<\/li>\n<li>Z\u00e1ver<\/li>\n<\/ol>\n<\/li>\n<\/ol>\n<\/li>\n<li>Ur\u010denie n\u00e1vrhovej komisie, overovate\u013eov z\u00e1pisnice a zapisovate\u013ea<\/li>\n<\/ol>\n<ol>\n<li style=\"list-style-type: none;\">\n<ol>\n<li style=\"list-style-type: none;\"><\/li>\n<\/ol>\n<\/li>\n<\/ol>\n<p style=\"padding-left: 40px;\">N\u00e1vrhov\u00e1 komisia: \u013dubom\u00edr \u010cerh\u00fd\u0148 a\u00a0Tibor Pip\u00ed\u0161ka<\/p>\n<p style=\"padding-left: 40px;\">Overovate\u013e z\u00e1pisnice: Jana Baranov\u00e1<\/p>\n<p style=\"padding-left: 40px;\">Zapisovate\u013e: Michal Karkal\u00edk<\/p>\n<ol start=\"4\">\n<li>Spr\u00e1va nez\u00e1visl\u00e9ho aud\u00edtora k\u00a0\u00da\u010dtovnej z\u00e1vierke obce k\u00a031.12.2021<\/li>\n<\/ol>\n<ul>\n<li>Poslanci OZ ber\u00fa na vedomie Spr\u00e1vu nez\u00e1visl\u00e9ho aud\u00edtora<\/li>\n<\/ul>\n<p>&nbsp;<\/p>\n<ol start=\"5\">\n<li>Spr\u00e1va hlavnej kontrol\u00f3rky o\u00a0v\u00fdsledku kontroly do\u0161l\u00fdch fakt\u00far za 1. polrok 2022<\/li>\n<\/ol>\n<ul>\n<li>Poslanci OZ ber\u00fa na vedomie Spr\u00e1vu hlavnej kontrol\u00f3rky o\u00a0v\u00fdsledku kontroly do\u0161l\u00fdch fakt\u00far za 1. polrok 2022<\/li>\n<\/ul>\n<p>&nbsp;<\/p>\n<ol start=\"6\">\n<li>Spr\u00e1va z\u00a0kontroly plnenia uznesen\u00ed OZ zo d\u0148a 28.09.2022<\/li>\n<\/ol>\n<ul>\n<li>Poslanci OZ ber\u00fa na vedomie Spr\u00e1vu z\u00a0kontroly plnenia uznesen\u00ed \u010d. 3\/2022<\/li>\n<\/ul>\n<p>&nbsp;<\/p>\n<ol start=\"7\">\n<li>N\u00e1vrh pl\u00e1nu kontrolnej \u010dinnosti hlavnej kontrol\u00f3rky na 1. polrok 2023<\/li>\n<\/ol>\n<ul>\n<li>Poslanci OZ schv\u00e1lili N\u00e1vrh pl\u00e1nu kontrolnej \u010dinnosti na 1. polrok 2023<\/li>\n<\/ul>\n<p>&nbsp;<\/p>\n<ol start=\"8\">\n<li>Zmena rozpo\u010dtu obce 2022 Rozpo\u010dtov\u00fdm opatren\u00edm \u010d. 1\/2022<\/li>\n<\/ol>\n<ul>\n<li>Poslanci OZ schv\u00e1lili zmenu rozpo\u010dtu obce 2022 Rozpo\u010dtov\u00fdm opatren\u00edm \u010d. 1\/2022<\/li>\n<\/ul>\n<p>&nbsp;<\/p>\n<ol start=\"9\">\n<li>Limit starostu na \u00fapravu rozpo\u010dtu rozpo\u010dtov\u00fdm opatren\u00edm<\/li>\n<\/ol>\n<ul>\n<li>Poslanci OZ schv\u00e1lili starostovi obce vykon\u00e1vanie zmeny rozpo\u010dtu do v\u00fd\u0161ky 5.000 \u20ac\/1 polo\u017eku formou rozpo\u010dtov\u00fdch opatren\u00ed s\u00a0v\u00fdnimkou limitu pou\u017eitia finan\u010dn\u00fdch prostriedkov na polo\u017eku Odmeny zamestnancov mimopracovn\u00e9ho pomeru, Dohody o\u00a0VP a\u00a0P\u010c a\u00a0\u010derpania finan\u010dn\u00fdch prostriedkov na v\u00fdplatu odmien zamestnancov v\u00a0mesiaci december pr\u00edslu\u0161n\u00e9ho rozpo\u010dtov\u00e9ho roku<\/li>\n<\/ul>\n<p>&nbsp;<\/p>\n<ol start=\"10\">\n<li>Odborn\u00e9 stanovisko hlavnej kontrol\u00f3rky k\u00a0n\u00e1vrhu rozpo\u010dtu na rok 2023<\/li>\n<\/ol>\n<ul>\n<li>Poslanci OZ ber\u00fa na vedomie stanovisko hlavnej kontrol\u00f3rky k\u00a0n\u00e1vrhu rozpo\u010dtu na rok 2023<\/li>\n<\/ul>\n<p>&nbsp;<\/p>\n<ol start=\"11\">\n<li>N\u00e1vrh rozpo\u010dtu obce na roky 2023, 2024 a\u00a02025<\/li>\n<\/ol>\n<ul>\n<li>Poslanci OZ schv\u00e1lili N\u00e1vrh rozpo\u010dtu obce na roky 2023, 2024 a 2025<\/li>\n<\/ul>\n<p>&nbsp;<\/p>\n<ol start=\"12\">\n<li>Zmluva o\u00a0zimnej \u00fadr\u017ebe miestnych komunik\u00e1ci\u00ed 2022\/2023 s\u00a0Branislavom Baranom<\/li>\n<\/ol>\n<ul>\n<li>Poslanci OZ schv\u00e1lili Zmluvu o\u00a0zimnej \u00fadr\u017ebe miestnych komunik\u00e1ci\u00ed 2022\/2023<\/li>\n<\/ul>\n<p>&nbsp;<\/p>\n<ol start=\"13\">\n<li>Schv\u00e1lenie \u017eiadost\u00ed o\u00a0dot\u00e1cie z\u00a0obecn\u00e9ho rozpo\u010dtu na rok 2022 pre TJ Dru\u017estevn\u00edk Mi\u010din\u00e1, CZ ECAV v\u00a0Hornej Mi\u010dinej a\u00a0R\u00edmskokatol\u00edcku cirkev v \u010cer\u00edne<\/li>\n<\/ol>\n<ul>\n<li>Poslanci OZ schv\u00e1lili dot\u00e1cie z\u00a0obecn\u00e9ho rozpo\u010dtu pre:<\/li>\n<\/ul>\n<p style=\"padding-left: 40px;\">TJ Dru\u017estevn\u00edk Mi\u010din\u00e1 vo v\u00fd\u0161ke 2.500,- \u20ac<\/p>\n<p style=\"padding-left: 40px;\">CZ ECAV v\u00a0Hornej Mi\u010dinej vo v\u00fd\u0161ke 1.500,- \u20ac<\/p>\n<p style=\"padding-left: 40px;\">R\u00edmskokatol\u00edcku cirkev v\u00a0\u010cer\u00edne vo v\u00fd\u0161ke 1.000,- \u20ac<\/p>\n<p>&nbsp;<\/p>\n<ol start=\"14\">\n<li>R\u00f4zne:<\/li>\n<\/ol>\n<p>&nbsp;<\/p>\n<ol start=\"15\">\n<li>Diskusia<\/li>\n<\/ol>\n<p>&nbsp;<\/p>\n<ol start=\"16\">\n<li>N\u00e1vrh uznesen\u00ed<\/li>\n<\/ol>\n<ul>\n<li>n\u00e1vrh uznesen\u00ed OZ bol schv\u00e1len\u00fd<\/li>\n<\/ul>\n<p>&nbsp;<\/p>\n<ol start=\"17\">\n<li>Z\u00e1ver<\/li>\n<\/ol>\n<p>&nbsp;<\/p>\n<p>&nbsp;<\/p>\n<p>Zapisovate\u013e:\u00a0\u00a0\u00a0\u00a0\u00a0\u00a0\u00a0\u00a0\u00a0 Michal Karkal\u00edk<\/p>\n<p>Overovate\u013e:\u00a0\u00a0\u00a0\u00a0\u00a0\u00a0\u00a0\u00a0\u00a0 Jana Baranov\u00e1<\/p>\n<p>Starosta:\u00a0\u00a0\u00a0\u00a0\u00a0\u00a0\u00a0\u00a0\u00a0\u00a0\u00a0\u00a0\u00a0\u00a0 Ivan Len\u00e1r<\/p>\n","protected":false},"excerpt":{"rendered":"Z\u00c1PISNICA zo zasadnutia obecn\u00e9ho zastupite\u013estva (\u010falej len OZ) v\u00a0Hornej Mi\u010dinej konan\u00e9ho d\u0148a 15.12.2022 [&hellip;]","protected":false},"author":1,"featured_media":503,"comment_status":"closed","ping_status":"open","sticky":false,"template":"","format":"standard","meta":{"advanced_seo_description":"","jetpack_seo_html_title":"","jetpack_seo_noindex":false,"_jetpack_memberships_contains_paid_content":false,"footnotes":""},"categories":[5,8,30],"tags":[],"class_list":["post-3397","post","type-post","status-publish","format-standard","has-post-thumbnail","hentry","category-dolezite","category-oznamy","category-zastupitelstvo"],"jetpack_featured_media_url":"https:\/\/i0.wp.com\/www.hornamicina.eu\/web\/wp-content\/uploads\/2017\/07\/zastupitelstvo.jpg?fit=530%2C375&ssl=1","jetpack_sharing_enabled":true,"jetpack_shortlink":"https:\/\/wp.me\/p8RsFw-SN","jetpack-related-posts":[{"id":3317,"url":"https:\/\/www.hornamicina.eu\/web\/zapisnica-zo-zasadnutia-obecneho-zastupitelstva-28-9-2022\/","url_meta":{"origin":3397,"position":0},"title":"Z\u00e1pisnica zo zasadnutia obecneho zastupite\u013estva &#8211; 28.9.2022","author":"admin","date":"14. okt\u00f3bra 2022","format":false,"excerpt":"Z\u00c1PISNICA zo zasadnutia obecn\u00e9ho zastupite\u013estva (\u010falej len OZ) obce\u00a0Horn\u00e1 Mi\u010din\u00e1 konan\u00e9ho d\u0148a 28.09.2022 v\u00a0budove obecn\u00e9ho \u00faradu Horn\u00e1 Mi\u010din\u00e1 o\u00a019.00 hod. \u00a0 PR\u00cdTOMN\u00cd: Starosta obce:\u00a0\u00a0\u00a0\u00a0\u00a0\u00a0\u00a0\u00a0\u00a0\u00a0\u00a0\u00a0\u00a0\u00a0\u00a0\u00a0\u00a0\u00a0\u00a0\u00a0\u00a0\u00a0\u00a0\u00a0\u00a0\u00a0\u00a0\u00a0\u00a0\u00a0\u00a0 Ivan Len\u00e1r Poslanci OZ:\u00a0 \u00a0 \u00a0 \u00a0 \u00a0 \u00a0 \u00a0 \u00a0 \u00a0 \u00a0 \u00a0 \u00a0 \u00a0 \u00a0 \u00a0 \u00a0 \u00a0 pod\u013ea prezen\u010dnej listiny Ob\u010dania obce a\u2026","rel":"","context":"V &quot;Oznamy&quot;","block_context":{"text":"Oznamy","link":"https:\/\/www.hornamicina.eu\/web\/category\/oznamy\/"},"img":{"alt_text":"Logo obce a dokumenty","src":"https:\/\/i0.wp.com\/www.hornamicina.eu\/web\/wp-content\/uploads\/2017\/07\/uznesenia.jpg?fit=530%2C530&ssl=1&resize=350%2C200","width":350,"height":200,"srcset":"https:\/\/i0.wp.com\/www.hornamicina.eu\/web\/wp-content\/uploads\/2017\/07\/uznesenia.jpg?fit=530%2C530&ssl=1&resize=350%2C200 1x, https:\/\/i0.wp.com\/www.hornamicina.eu\/web\/wp-content\/uploads\/2017\/07\/uznesenia.jpg?fit=530%2C530&ssl=1&resize=525%2C300 1.5x"},"classes":[]},{"id":4924,"url":"https:\/\/www.hornamicina.eu\/web\/zapisnica-so-zasadnutia-zastupitelstva-obce-hm-9-2024\/","url_meta":{"origin":3397,"position":1},"title":"Z\u00e1pisnica so zasadnutia zastupite\u013estva obce HM &#8211; 9\/2024","author":"admin","date":"23. septembra 2024","format":false,"excerpt":"Z\u00c1PISNICA zo zasadnutia obecn\u00e9ho zastupite\u013estva (\u010falej len OZ) obce\u00a0Horn\u00e1 Mi\u010din\u00e1 konan\u00e9ho d\u0148a 16.9.2024 v budove obecn\u00e9ho \u00faradu Horn\u00e1 Mi\u010din\u00e1 o 17:00 hod. \u00a0 PR\u00cdTOMN\u00cd: Starosta obce:\u00a0\u00a0\u00a0\u00a0\u00a0\u00a0\u00a0\u00a0\u00a0\u00a0\u00a0\u00a0\u00a0\u00a0\u00a0\u00a0\u00a0\u00a0\u00a0\u00a0\u00a0\u00a0\u00a0\u00a0\u00a0\u00a0\u00a0\u00a0\u00a0 Ivan Len\u00e1r Poslanci OZ:\u00a0\u00a0\u00a0\u00a0\u00a0\u00a0\u00a0\u00a0\u00a0\u00a0\u00a0\u00a0\u00a0\u00a0\u00a0\u00a0\u00a0\u00a0\u00a0\u00a0\u00a0\u00a0\u00a0\u00a0\u00a0\u00a0\u00a0\u00a0\u00a0\u00a0\u00a0\u00a0 pod\u013ea prilo\u017eenej prezen\u010dnej listiny Ob\u010dania obce a\u00a0prizvan\u00ed:\u00a0\u00a0\u00a0\u00a0\u00a0\u00a0\u00a0\u00a0\u00a0\u00a0\u00a0\u00a0 pod\u013ea prilo\u017eenej prezen\u010dnej listiny \u00a0 Zasadnutie obecn\u00e9ho zastupite\u013estva otvoril a\u00a0viedol starosta obce Ivan\u2026","rel":"","context":"V &quot;D\u00f4le\u017eit\u00e9&quot;","block_context":{"text":"D\u00f4le\u017eit\u00e9","link":"https:\/\/www.hornamicina.eu\/web\/category\/dolezite\/"},"img":{"alt_text":"","src":"https:\/\/i0.wp.com\/www.hornamicina.eu\/web\/wp-content\/uploads\/2017\/07\/zastupitelstvo.jpg?fit=530%2C375&ssl=1&resize=350%2C200","width":350,"height":200,"srcset":"https:\/\/i0.wp.com\/www.hornamicina.eu\/web\/wp-content\/uploads\/2017\/07\/zastupitelstvo.jpg?fit=530%2C375&ssl=1&resize=350%2C200 1x, https:\/\/i0.wp.com\/www.hornamicina.eu\/web\/wp-content\/uploads\/2017\/07\/zastupitelstvo.jpg?fit=530%2C375&ssl=1&resize=525%2C300 1.5x"},"classes":[]},{"id":3894,"url":"https:\/\/www.hornamicina.eu\/web\/zapisnica-a-uznesenia-oz-zo-dna-22-8-2023\/","url_meta":{"origin":3397,"position":2},"title":"Z\u00e1pisnica a uznesenia OZ zo d\u0148a 22.8.2023","author":"admin","date":"30. augusta 2023","format":false,"excerpt":"Z\u00c1PISNICA Z mimoriadneho zasadnutia obecn\u00e9ho zastupite\u013estva(\u010falej len OZ) v Hornej Mi\u010dinej konan\u00e9ho d\u0148a 22.8.2023 v s\u00e1le obecn\u00e9ho \u00faradu Horn\u00e1 Mi\u010din\u00e1 o 19:00 hod. PR\u00cdTOMN\u00cd: Starosta obce: Ivan Len\u00e1r Poslanci OZ: Janka Baranov\u00e1,Teodor Bachleda,Tibor Pip\u00ed\u0161ka,\u013dubom\u00edr \u010cerh\u00fd\u0148 NEPR\u00cdTOMN\u00dd: Michal Karkal\u00edk Ob\u010dania obce a pozvan\u00ed: pod\u013ea prilo\u017eenej prezen\u010dnej listiny Zasadnutie OZ otvoril a\u2026","rel":"","context":"V &quot;Uznesenia&quot;","block_context":{"text":"Uznesenia","link":"https:\/\/www.hornamicina.eu\/web\/category\/uznesenia\/"},"img":{"alt_text":"Logo obce a dokumenty","src":"https:\/\/i0.wp.com\/www.hornamicina.eu\/web\/wp-content\/uploads\/2017\/07\/uznesenia.jpg?fit=530%2C530&ssl=1&resize=350%2C200","width":350,"height":200,"srcset":"https:\/\/i0.wp.com\/www.hornamicina.eu\/web\/wp-content\/uploads\/2017\/07\/uznesenia.jpg?fit=530%2C530&ssl=1&resize=350%2C200 1x, https:\/\/i0.wp.com\/www.hornamicina.eu\/web\/wp-content\/uploads\/2017\/07\/uznesenia.jpg?fit=530%2C530&ssl=1&resize=525%2C300 1.5x"},"classes":[]},{"id":3902,"url":"https:\/\/www.hornamicina.eu\/web\/zapisnica-zo-zasadnutia-oz-13-9-2023\/","url_meta":{"origin":3397,"position":3},"title":"Z\u00e1pisnica zo zasadnutia OZ &#8211; 13.9.2023","author":"admin","date":"22. septembra 2023","format":false,"excerpt":"\u00a0\u00a0\u00a0\u00a0\u00a0\u00a0\u00a0\u00a0\u00a0\u00a0\u00a0\u00a0\u00a0\u00a0\u00a0\u00a0\u00a0\u00a0\u00a0\u00a0\u00a0\u00a0\u00a0\u00a0\u00a0 \u00a0\u00a0\u00a0\u00a0\u00a0\u00a0\u00a0\u00a0\u00a0\u00a0\u00a0\u00a0\u00a0\u00a0\u00a0\u00a0\u00a0\u00a0\u00a0\u00a0\u00a0\u00a0\u00a0\u00a0\u00a0\u00a0Z\u00c1PISNICA Zo zasadnutia obecn\u00e9ho zastupite\u013estva (\u010falej len OZ) v\u00a0Hornej Mi\u010dinej konan\u00e9ho d\u0148a 13.9.2023 v\u00a0s\u00e1le obecn\u00e9ho \u00faradu Horn\u00e1 Mi\u010din\u00e1 o\u00a018:00 hod. \u00a0 N\u00e1vrh programu \u00a0OZ: Otvorenie Program obecn\u00e9ho zastupite\u013estva Vo\u013eba n\u00e1vrhovej komisie,overovate\u013ea z\u00e1pisnice a\u00a0zapisovate\u013ea \u017diados\u0165 p.Pavla Martinca \u010d.59 o odk\u00fapenie obecn\u00e9ho pozemku,parcela C-\u010d.40\/3 o v\u00fdmere 20m2,vedenej na LV-195 vo vlastn\u00edctve\u2026","rel":"","context":"V &quot;Oznamy&quot;","block_context":{"text":"Oznamy","link":"https:\/\/www.hornamicina.eu\/web\/category\/oznamy\/"},"img":{"alt_text":"","src":"https:\/\/i0.wp.com\/www.hornamicina.eu\/web\/wp-content\/uploads\/2017\/07\/zastupitelstvo.jpg?fit=530%2C375&ssl=1&resize=350%2C200","width":350,"height":200,"srcset":"https:\/\/i0.wp.com\/www.hornamicina.eu\/web\/wp-content\/uploads\/2017\/07\/zastupitelstvo.jpg?fit=530%2C375&ssl=1&resize=350%2C200 1x, https:\/\/i0.wp.com\/www.hornamicina.eu\/web\/wp-content\/uploads\/2017\/07\/zastupitelstvo.jpg?fit=530%2C375&ssl=1&resize=525%2C300 1.5x"},"classes":[]},{"id":5641,"url":"https:\/\/www.hornamicina.eu\/web\/zapisnica-z-mimoriadneho-zasadnutia-oz-obce-horna-micina-17-1-2026\/","url_meta":{"origin":3397,"position":4},"title":"Z\u00e1pisnica z mimoriadneho zasadnutia OZ obce Horn\u00e1 Mi\u010din\u00e1 &#8211; 17.1.2026","author":"admin","date":"22. janu\u00e1ra 2026","format":false,"excerpt":"Z\u00c1PISNICA Z mimoriadneho zasadnutia obecn\u00e9ho zastupite\u013estva (\u010falej len OZ) obce Horn\u00e1 Mi\u010din\u00e1 konan\u00e9ho d\u0148a 17.1.2026 v budove obecn\u00e9ho \u00faradu Horn\u00e1 Mi\u010din\u00e1 o 17:00 hod. k bodu 1: PR\u00cdTOMN\u00cd: Starosta obce: Ivan Len\u00e1r Poslanci OZ: pod\u013ea prilo\u017eenej prezen\u010dnej listiny Ob\u010dania obce a prizvan\u00ed: pod\u013ea prilo\u017eenej prezen\u010dnej listiny Zasadnutie obecn\u00e9ho zastupite\u013estva otvoril\u2026","rel":"","context":"V &quot;Zastupite\u013estvo&quot;","block_context":{"text":"Zastupite\u013estvo","link":"https:\/\/www.hornamicina.eu\/web\/category\/zastupitelstvo\/"},"img":{"alt_text":"","src":"https:\/\/i0.wp.com\/www.hornamicina.eu\/web\/wp-content\/uploads\/2017\/07\/zastupitelstvo.jpg?fit=530%2C375&ssl=1&resize=350%2C200","width":350,"height":200,"srcset":"https:\/\/i0.wp.com\/www.hornamicina.eu\/web\/wp-content\/uploads\/2017\/07\/zastupitelstvo.jpg?fit=530%2C375&ssl=1&resize=350%2C200 1x, https:\/\/i0.wp.com\/www.hornamicina.eu\/web\/wp-content\/uploads\/2017\/07\/zastupitelstvo.jpg?fit=530%2C375&ssl=1&resize=525%2C300 1.5x"},"classes":[]},{"id":2221,"url":"https:\/\/www.hornamicina.eu\/web\/zapisnica-13-11-20\/","url_meta":{"origin":3397,"position":5},"title":"Z\u00e1pisnica zasadnutia OZ H.Mi\u010din\u00e1 &#8211; 13.11.2020","author":"admin","date":"23. novembra 2020","format":"aside","excerpt":"Z\u00e1pisnica zo zasadnutia obecn\u00e9ho zastupite\u013estva (\u010falej len OZ) v Hornej Mi\u010dinej, konan\u00e9ho d\u0148a 13.11.2020 v budove obecn\u00e9ho \u00faradu hor\u00e1 Mi\u010din\u00e1, ktor\u00e9 bolo zah\u00e1jen\u00e9 o 18:00 hod. Pr\u00edtomn\u00ed: Starosta obce: Ivan Len\u00e1r Poslanci OZ: Michal Karkal\u00edk Richard Kaz\u00edk Ob\u010dania obce a prizvan\u00ed: pod\u013ea prezen\u010dnej listiny Nepr\u00edtomn\u00ed: Poslanci OZ: Jana Baranov\u00e1 Bohu\u0161\u2026","rel":"","context":"V &quot;D\u00f4le\u017eit\u00e9&quot;","block_context":{"text":"D\u00f4le\u017eit\u00e9","link":"https:\/\/www.hornamicina.eu\/web\/category\/dolezite\/"},"img":{"alt_text":"Logo obce a dokumenty","src":"https:\/\/i0.wp.com\/www.hornamicina.eu\/web\/wp-content\/uploads\/2017\/07\/uznesenia.jpg?fit=530%2C530&ssl=1&resize=350%2C200","width":350,"height":200,"srcset":"https:\/\/i0.wp.com\/www.hornamicina.eu\/web\/wp-content\/uploads\/2017\/07\/uznesenia.jpg?fit=530%2C530&ssl=1&resize=350%2C200 1x, https:\/\/i0.wp.com\/www.hornamicina.eu\/web\/wp-content\/uploads\/2017\/07\/uznesenia.jpg?fit=530%2C530&ssl=1&resize=525%2C300 1.5x"},"classes":[]}],"jetpack_likes_enabled":true,"_links":{"self":[{"href":"https:\/\/www.hornamicina.eu\/web\/wp-json\/wp\/v2\/posts\/3397","targetHints":{"allow":["GET"]}}],"collection":[{"href":"https:\/\/www.hornamicina.eu\/web\/wp-json\/wp\/v2\/posts"}],"about":[{"href":"https:\/\/www.hornamicina.eu\/web\/wp-json\/wp\/v2\/types\/post"}],"author":[{"embeddable":true,"href":"https:\/\/www.hornamicina.eu\/web\/wp-json\/wp\/v2\/users\/1"}],"replies":[{"embeddable":true,"href":"https:\/\/www.hornamicina.eu\/web\/wp-json\/wp\/v2\/comments?post=3397"}],"version-history":[{"count":0,"href":"https:\/\/www.hornamicina.eu\/web\/wp-json\/wp\/v2\/posts\/3397\/revisions"}],"wp:featuredmedia":[{"embeddable":true,"href":"https:\/\/www.hornamicina.eu\/web\/wp-json\/wp\/v2\/media\/503"}],"wp:attachment":[{"href":"https:\/\/www.hornamicina.eu\/web\/wp-json\/wp\/v2\/media?parent=3397"}],"wp:term":[{"taxonomy":"category","embeddable":true,"href":"https:\/\/www.hornamicina.eu\/web\/wp-json\/wp\/v2\/categories?post=3397"},{"taxonomy":"post_tag","embeddable":true,"href":"https:\/\/www.hornamicina.eu\/web\/wp-json\/wp\/v2\/tags?post=3397"}],"curies":[{"name":"wp","href":"https:\/\/api.w.org\/{rel}","templated":true}]}}