{"id":3395,"date":"2022-12-19T22:17:12","date_gmt":"2022-12-19T21:17:12","guid":{"rendered":"https:\/\/www.hornamicina.eu\/web\/?p=3395"},"modified":"2024-09-26T08:41:06","modified_gmt":"2024-09-26T06:41:06","slug":"uznesenia-zo-zasadnutia-oz-dna-15-12-2022","status":"publish","type":"post","link":"https:\/\/www.hornamicina.eu\/web\/uznesenia-zo-zasadnutia-oz-dna-15-12-2022\/","title":{"rendered":"Uznesenia &#8211; zo zasadnutia OZ d\u0148a 15.12.2022"},"content":{"rendered":"<h2 style=\"text-align: center;\"><strong>UZNESENIA<\/strong><\/h2>\n<h4 style=\"text-align: center;\">zo zasadnutia obecn\u00e9ho zastupite\u013estva (\u010falej len OZ) obce Horn\u00e1 Mi\u010din\u00e1, konan\u00e9ho d\u0148a 15.12.2022 v\u00a0budove obecn\u00e9ho \u00faradu Horn\u00e1 Mi\u010din\u00e1 o\u00a018.00 hod.<\/h4>\n<p>&nbsp;<\/p>\n<p>PR\u00cdTOMN\u00cd POSLANCI: Jana Baranov\u00e1, \u013dubom\u00edr \u010cerh\u00fd\u0148, Michal Karkal\u00edk, Tibor Pip\u00ed\u0161ka<\/p>\n<p>NEPR\u00cdTOMN\u00cd POSLANCI: Teodor Bachleda<\/p>\n<p>&nbsp;<\/p>\n<p>&nbsp;<\/p>\n<p><strong>Uznesenie \u010d. 1 \/ zo d\u0148a 15.12.2022<\/strong><\/p>\n<p><u>k\u00a0bodu 2. Program obecn\u00e9ho zastupite\u013estva<\/u><\/p>\n<p>OZ obce Horn\u00e1 Mi\u010din\u00e1<\/p>\n<p><strong><em>schva\u013euje<\/em><\/strong><\/p>\n<ul>\n<li>Program obecn\u00e9ho zastupite\u013estva<\/li>\n<\/ul>\n<p>&nbsp;<\/p>\n<p>Hlasovali\u00a0\u00a0\u00a0\u00a0\u00a0\u00a0\u00a0\u00a0\u00a0\u00a0\u00a0 za: (4) \u00a0 Jana Baranov\u00e1, \u013dubom\u00edr \u010cerh\u00fd\u0148, Michal Karkal\u00edk, Tibor Pip\u00ed\u0161ka<\/p>\n<p>proti: (0)<\/p>\n<p>zdr\u017eali sa: (0)<\/p>\n<p>&nbsp;<\/p>\n<p>&nbsp;<\/p>\n<p><strong>Uznesenie \u010d. 2 \/ zo d\u0148a 15.12.2022<\/strong><\/p>\n<p><u>k\u00a0bodu 3. Vo\u013eba n\u00e1vrhovej komisie, overovate\u013ea z\u00e1pisnice a\u00a0zapisovate\u013ea<\/u><\/p>\n<p>OZ obce Horn\u00e1 Mi\u010din\u00e1<\/p>\n<p><strong><em>ur\u010duje<\/em><\/strong><\/p>\n<ul>\n<li>\u013dubom\u00edra \u010cerh\u00fd\u0148a a\u00a0Tibora Pip\u00ed\u0161ku za \u010dlenov n\u00e1vrhovej komisie<\/li>\n<li>Janu Baranov\u00fa za overovate\u013ea z\u00e1pisnice<\/li>\n<li>Michala Karkal\u00edka za zapisovate\u013ea z\u00e1pisnice<\/li>\n<\/ul>\n<p>&nbsp;<\/p>\n<p>Hlasovali\u00a0\u00a0\u00a0\u00a0\u00a0\u00a0\u00a0\u00a0\u00a0\u00a0\u00a0 za: (4)\u00a0\u00a0 Jana Baranov\u00e1, \u013dubom\u00edr \u010cerh\u00fd\u0148, Michal Karkal\u00edk, Tibor Pip\u00ed\u0161ka<\/p>\n<p>proti: (0)<\/p>\n<p>zdr\u017eali sa: (0)<\/p>\n<p><strong>\u00a0<\/strong><\/p>\n<p><strong>\u00a0<\/strong><\/p>\n<p><strong>Uznesenie \u010d. 3 \/ zo d\u0148a 15.12.2022<\/strong><\/p>\n<p><u>k\u00a0bodu 4. Spr\u00e1va nez\u00e1visl\u00e9ho aud\u00edtora k\u00a0\u00da\u010dtovnej z\u00e1vierke obce k\u00a031.12.2021<\/u><\/p>\n<p>OZ obce Horn\u00e1 Mi\u010din\u00e1<\/p>\n<p><strong><em>berie na vedomie<\/em><\/strong><\/p>\n<ul>\n<li>Spr\u00e1vu nez\u00e1visl\u00e9ho aud\u00edtora k\u00a0\u00da\u010dtovnej z\u00e1vierke 2021<\/li>\n<\/ul>\n<p><strong>\u00a0<\/strong><\/p>\n<p><strong>\u00a0<\/strong><\/p>\n<p><strong>Uznesenie \u010d. 4 \/ zo d\u0148a 15.12.2022<\/strong><\/p>\n<p><u>k\u00a0bodu 5. Spr\u00e1va hlavnej kontrol\u00f3rky o\u00a0v\u00fdsledku kontroly do\u0161l\u00fdch fakt\u00far za 1. polrok 2022<\/u><\/p>\n<p>OZ obce Horn\u00e1 Mi\u010din\u00e1<\/p>\n<p><strong><em>berie na vedomie<\/em><\/strong><\/p>\n<ul>\n<li>Spr\u00e1vu hlavnej kontrol\u00f3rky o\u00a0v\u00fdsledku kontroly do\u0161l\u00fdch fakt\u00far<\/li>\n<\/ul>\n<p><strong><u>\u00a0<\/u><\/strong><\/p>\n<p><strong><u>\u00a0<\/u><\/strong><\/p>\n<p><strong>Uznesenie \u010d. 5 \/ zo d\u0148a 15.12.2022<\/strong><\/p>\n<p><u>k\u00a0bodu 6. Spr\u00e1va z kontroly plnenia uznesen\u00ed OZ zo d\u0148a 28.09.2022<\/u><\/p>\n<p>OZ obce Horn\u00e1 Mi\u010din\u00e1<\/p>\n<p><strong><em>berie na vedomie<\/em><\/strong><\/p>\n<ul>\n<li>Spr\u00e1vu z kontroly plnenia uznesen\u00ed \u010d. 3\/2022<\/li>\n<\/ul>\n<p><strong><u>\u00a0<\/u><\/strong><\/p>\n<p><strong><u>\u00a0<\/u><\/strong><\/p>\n<p><strong>Uznesenie \u010d. 6 \/ zo d\u0148a 15.12.2022<\/strong><\/p>\n<p><u>k\u00a0bodu 7. N\u00e1vrh pl\u00e1nu kontrolnej \u010dinnosti hlavnej kontrol\u00f3rky na 1. polrok 2023<\/u><\/p>\n<p>OZ obce Horn\u00e1 Mi\u010din\u00e1<\/p>\n<p><strong><em>schva\u013euje<\/em><\/strong><\/p>\n<ul>\n<li>N\u00e1vrh pl\u00e1nu kontrolnej \u010dinnosti hlavnej kontrol\u00f3rky na 1. polrok 2023<\/li>\n<\/ul>\n<p>&nbsp;<\/p>\n<p>Hlasovali\u00a0\u00a0\u00a0\u00a0\u00a0\u00a0\u00a0\u00a0\u00a0\u00a0\u00a0 za: (4)\u00a0\u00a0 Jana Baranov\u00e1, \u013dubom\u00edr \u010cerh\u00fd\u0148, Michal Karkal\u00edk, Tibor Pip\u00ed\u0161ka<\/p>\n<p>proti: (0)<\/p>\n<p>zdr\u017eali sa: (0)<\/p>\n<p>&nbsp;<\/p>\n<p>&nbsp;<\/p>\n<p><strong>Uznesenie \u010d. 7 \/ zo d\u0148a 15.12.2022<\/strong><\/p>\n<p><u>k\u00a0bodu 8. Zmena rozpo\u010dtu obce 2022 Rozpo\u010dtov\u00fdm opatren\u00edm \u010d. 1\/2022<\/u><\/p>\n<p>OZ obce Horn\u00e1 Mi\u010din\u00e1<\/p>\n<p><strong><em>schva\u013euje<\/em><\/strong><\/p>\n<ul>\n<li>zmenu rozpo\u010dtu obce 2022 Rozpo\u010dtov\u00fdm opatren\u00edm \u010d. 1\/2022<\/li>\n<\/ul>\n<p>&nbsp;<\/p>\n<p>Hlasovali\u00a0\u00a0\u00a0\u00a0\u00a0\u00a0\u00a0\u00a0\u00a0\u00a0\u00a0 za: (4)\u00a0\u00a0 Jana Baranov\u00e1, \u013dubom\u00edr \u010cerh\u00fd\u0148, Michal Karkal\u00edk, Tibor Pip\u00ed\u0161ka<\/p>\n<p>proti: (0)<\/p>\n<p>zdr\u017eali sa: (0)<\/p>\n<p>&nbsp;<\/p>\n<p>&nbsp;<\/p>\n<p><strong>Uznesenie \u010d. 8 \/ zo d\u0148a 15.12.2022<\/strong><\/p>\n<p><u>k\u00a0bodu 9. Limit starostu na \u00fapravu rozpo\u010dtu rozpo\u010dtov\u00fdm opatren\u00edm<\/u><\/p>\n<p>OZ obce Horn\u00e1 Mi\u010din\u00e1<\/p>\n<p><strong><em>schva\u013euje<\/em><\/strong><\/p>\n<ul>\n<li>vykon\u00e1vanie zmeny rozpo\u010dtu obce starostom do v\u00fd\u0161ky 5.000 \u20ac\/1 polo\u017eku formou rozpo\u010dtov\u00fdch opatren\u00ed s\u00a0v\u00fdnimkou limitu pou\u017eitia finan\u010dn\u00fdch prostriedkov na polo\u017eku Odmeny zamestnancov mimopracovn\u00e9ho pomeru, Dohody o\u00a0VP a\u00a0P\u010c a\u00a0\u010derpania finan\u010dn\u00fdch prostriedkov na v\u00fdplatu odmien zamestnancov v\u00a0mesiaci december pr\u00edslu\u0161n\u00e9ho rozpo\u010dtov\u00e9ho roku<\/li>\n<\/ul>\n<p>&nbsp;<\/p>\n<p>Hlasovali\u00a0\u00a0\u00a0\u00a0\u00a0\u00a0\u00a0\u00a0\u00a0\u00a0\u00a0 za: (4)\u00a0\u00a0 Jana Baranov\u00e1, \u013dubom\u00edr \u010cerh\u00fd\u0148, Michal Karkal\u00edk, Tibor Pip\u00ed\u0161ka<\/p>\n<p>proti: (0)<\/p>\n<p>zdr\u017eali sa: (0)<\/p>\n<p>&nbsp;<\/p>\n<p>&nbsp;<\/p>\n<p>&nbsp;<\/p>\n<p><strong>Uznesenie \u010d. 9 \/ zo d\u0148a 15.12.2022<\/strong><\/p>\n<p><u>k\u00a0bodu 10. Odborn\u00e9 stanovisko hlavnej kontrol\u00f3rky k\u00a0n\u00e1vrhu rozpo\u010dtu na rok 2023<\/u><\/p>\n<p>OZ obce Horn\u00e1 Mi\u010din\u00e1<\/p>\n<p><strong><em>berie na vedomie<\/em><\/strong><\/p>\n<ul>\n<li>Odborn\u00e9 stanovisko hlavnej kontrol\u00f3rky k\u00a0n\u00e1vrhu rozpo\u010dtu na rok 2023<\/li>\n<\/ul>\n<p>&nbsp;<\/p>\n<p>&nbsp;<\/p>\n<p><strong>Uznesenie \u010d. 10 \/ zo d\u0148a 15.12.2022<\/strong><\/p>\n<p><u>k\u00a0bodu 11. N\u00e1vrh rozpo\u010dtu obce na roky 2023, 2024 a 2025<\/u><\/p>\n<p>OZ obce Horn\u00e1 Mi\u010din\u00e1<\/p>\n<p><strong><em>schva\u013euje<\/em><\/strong><\/p>\n<ul>\n<li>N\u00e1vrh rozpo\u010dtu obce na roky 2023, 2024 a 2025<\/li>\n<\/ul>\n<p>&nbsp;<\/p>\n<p>Hlasovali\u00a0\u00a0\u00a0\u00a0\u00a0\u00a0\u00a0\u00a0\u00a0\u00a0\u00a0 za: (4)\u00a0\u00a0 Jana Baranov\u00e1, \u013dubom\u00edr \u010cerh\u00fd\u0148, Michal Karkal\u00edk, Tibor Pip\u00ed\u0161ka<\/p>\n<p>proti: (0)<\/p>\n<p>zdr\u017eali sa: (0)<\/p>\n<p>&nbsp;<\/p>\n<p>&nbsp;<\/p>\n<p><strong>Uznesenie \u010d. 11 \/ zo d\u0148a 15.12.2022<\/strong><\/p>\n<p><u>k\u00a0bodu 12. Zmluva o\u00a0zimnej \u00fadr\u017ebe miestnych komunik\u00e1ci\u00ed 2022\/2023 s\u00a0Branislavom Baranom<\/u><\/p>\n<p>OZ obce Horn\u00e1 Mi\u010din\u00e1<\/p>\n<p><strong><em>schva\u013euje<\/em><\/strong><\/p>\n<ul>\n<li>Zmluvu o\u00a0zimnej \u00fadr\u017ebe miestnych komunik\u00e1ci\u00ed 2022\/2023<\/li>\n<\/ul>\n<p>&nbsp;<\/p>\n<p>Hlasovali\u00a0\u00a0\u00a0\u00a0\u00a0\u00a0\u00a0\u00a0\u00a0\u00a0\u00a0 za: (4)\u00a0\u00a0 Jana Baranov\u00e1, \u013dubom\u00edr \u010cerh\u00fd\u0148, Michal Karkal\u00edk, Tibor Pip\u00ed\u0161ka<\/p>\n<p>proti: (0)<\/p>\n<p>zdr\u017eali sa: (0)<\/p>\n<p>&nbsp;<\/p>\n<p>&nbsp;<\/p>\n<p><strong>Uznesenie \u010d. 12 \/ zo d\u0148a 15.12.2022<\/strong><\/p>\n<p><u>k\u00a0bodu 13. Schv\u00e1lenie \u017eiadost\u00ed o\u00a0dot\u00e1cie z\u00a0obecn\u00e9ho rozpo\u010dtu na rok 2023 pre TJ Dru\u017estevn\u00edk Mi\u010din\u00e1, CZ ECAV v\u00a0Hornej Mi\u010dinej a\u00a0R\u00edmskokatol\u00edcku cirkev v \u010cer\u00edne<\/u><\/p>\n<p>OZ obce Horn\u00e1 Mi\u010din\u00e1<\/p>\n<p><strong><em>schva\u013euje<\/em><\/strong><\/p>\n<ul>\n<li>\u017eiadosti o\u00a0dot\u00e1cie z\u00a0obecn\u00e9ho rozpo\u010dtu pre:<\/li>\n<\/ul>\n<p>TJ Dru\u017estevn\u00edk Mi\u010din\u00e1 vo v\u00fd\u0161ke 2.500,- \u20ac<\/p>\n<p>CZ ECAV v\u00a0Hornej Mi\u010dinej vo v\u00fd\u0161ke 1.500,- \u20ac<\/p>\n<p>R\u00edmskokatol\u00edcku cirkev v\u00a0\u010cer\u00edne vo v\u00fd\u0161ke 1.000,- \u20ac<\/p>\n<p>&nbsp;<\/p>\n<p>Hlasovali\u00a0\u00a0\u00a0\u00a0\u00a0\u00a0\u00a0\u00a0\u00a0\u00a0\u00a0 za: (3)\u00a0\u00a0 Jana Baranov\u00e1, \u013dubom\u00edr \u010cerh\u00fd\u0148, Tibor Pip\u00ed\u0161ka<\/p>\n<p>proti: (0)<\/p>\n<p>zdr\u017eali sa: (1)\u00a0\u00a0\u00a0\u00a0 Michal Karkal\u00edk<\/p>\n<p>&nbsp;<\/p>\n<p>&nbsp;<\/p>\n<p>&nbsp;<\/p>\n<p><strong>Uznesenie \u010d. 13 \/ zo d\u0148a 15.12.2022<\/strong><\/p>\n<p><u>k\u00a0bodu 14. R\u00f4zne<\/u><\/p>\n<p>OZ obce Horn\u00e1 Mi\u010din\u00e1<\/p>\n<p><strong><em>doporu\u010duje starostovi obce<\/em><\/strong><\/p>\n<ul>\n<li>informova\u0165 poslancov OZ o aktu\u00e1lnom stave hospod\u00e1renia obce (<strong>term\u00edn: mesa\u010dne<\/strong>)<\/li>\n<\/ul>\n<p>&nbsp;<\/p>\n<p>Inform\u00e1cie starostu:<\/p>\n<ul>\n<li>z\u00e1ujem uch\u00e1dza\u0165 sa o\u00a0zateplenie budovy O\u00da z\u00a0Pl\u00e1nu obnovy<\/li>\n<li>Mikul\u00e1\u0161 pre deti obce<\/li>\n<li>stretnutia jubilantov obce a\u00a0uv\u00edtanie novorodencov za rok 2022<\/li>\n<\/ul>\n<p>&nbsp;<\/p>\n<p>&nbsp;<\/p>\n<p><strong>Uznesenie \u010d. 14 \/ zo d\u0148a 15.12.2022<\/strong><\/p>\n<p><u>k\u00a0bodu 15. Diskusia<\/u><\/p>\n<p>Diskusia prebehla v\u00a0r\u00e1mci rokovania zastupite\u013estva k\u00a0jednotliv\u00fdm bodom a\u00a0inform\u00e1ci\u00e1m:<\/p>\n<ul>\n<li>\u010fal\u0161ie fungovanie TJ Dru\u017estevn\u00edk Mi\u010din\u00e1<\/li>\n<li>\u00dazemn\u00fd pl\u00e1n obce<\/li>\n<\/ul>\n<p>&nbsp;<\/p>\n<p><u>K\u00a0bodu 16. N\u00e1vrh uznesen\u00ed<\/u><\/p>\n<p>N\u00e1vrh uznesen\u00ed OZ bol schv\u00e1len\u00fd.<\/p>\n<p><u>\u00a0<\/u><\/p>\n<p><u>K\u00a0bodu 17. Z\u00e1ver<\/u><\/p>\n<p>Starosta ukon\u010dil zasadnutie obecn\u00e9ho zastupite\u013estva.<\/p>\n<p>&nbsp;<\/p>\n<p>&nbsp;<\/p>\n<p><strong>Ivan Len\u00e1r<\/strong><\/p>\n<p>starosta obce<\/p>\n","protected":false},"excerpt":{"rendered":"UZNESENIA zo zasadnutia obecn\u00e9ho zastupite\u013estva (\u010falej len OZ) obce Horn\u00e1 Mi\u010din\u00e1, konan\u00e9ho d\u0148a [&hellip;]","protected":false},"author":1,"featured_media":503,"comment_status":"closed","ping_status":"open","sticky":false,"template":"","format":"standard","meta":{"advanced_seo_description":"","jetpack_seo_html_title":"","jetpack_seo_noindex":false,"_jetpack_memberships_contains_paid_content":false,"footnotes":""},"categories":[391],"tags":[],"class_list":["post-3395","post","type-post","status-publish","format-standard","has-post-thumbnail","hentry","category-uznesenia"],"jetpack_featured_media_url":"https:\/\/i0.wp.com\/www.hornamicina.eu\/web\/wp-content\/uploads\/2017\/07\/zastupitelstvo.jpg?fit=530%2C375&ssl=1","jetpack_sharing_enabled":true,"jetpack_shortlink":"https:\/\/wp.me\/p8RsFw-SL","jetpack-related-posts":[{"id":3894,"url":"https:\/\/www.hornamicina.eu\/web\/zapisnica-a-uznesenia-oz-zo-dna-22-8-2023\/","url_meta":{"origin":3395,"position":0},"title":"Z\u00e1pisnica a uznesenia OZ zo d\u0148a 22.8.2023","author":"admin","date":"30. augusta 2023","format":false,"excerpt":"Z\u00c1PISNICA Z mimoriadneho zasadnutia obecn\u00e9ho zastupite\u013estva(\u010falej len OZ) v Hornej Mi\u010dinej konan\u00e9ho d\u0148a 22.8.2023 v s\u00e1le obecn\u00e9ho \u00faradu Horn\u00e1 Mi\u010din\u00e1 o 19:00 hod. PR\u00cdTOMN\u00cd: Starosta obce: Ivan Len\u00e1r Poslanci OZ: Janka Baranov\u00e1,Teodor Bachleda,Tibor Pip\u00ed\u0161ka,\u013dubom\u00edr \u010cerh\u00fd\u0148 NEPR\u00cdTOMN\u00dd: Michal Karkal\u00edk Ob\u010dania obce a pozvan\u00ed: pod\u013ea prilo\u017eenej prezen\u010dnej listiny Zasadnutie OZ otvoril a\u2026","rel":"","context":"V &quot;Uznesenia&quot;","block_context":{"text":"Uznesenia","link":"https:\/\/www.hornamicina.eu\/web\/category\/uznesenia\/"},"img":{"alt_text":"Logo obce a dokumenty","src":"https:\/\/i0.wp.com\/www.hornamicina.eu\/web\/wp-content\/uploads\/2017\/07\/uznesenia.jpg?fit=530%2C530&ssl=1&resize=350%2C200","width":350,"height":200,"srcset":"https:\/\/i0.wp.com\/www.hornamicina.eu\/web\/wp-content\/uploads\/2017\/07\/uznesenia.jpg?fit=530%2C530&ssl=1&resize=350%2C200 1x, https:\/\/i0.wp.com\/www.hornamicina.eu\/web\/wp-content\/uploads\/2017\/07\/uznesenia.jpg?fit=530%2C530&ssl=1&resize=525%2C300 1.5x"},"classes":[]},{"id":5346,"url":"https:\/\/www.hornamicina.eu\/web\/uznesenia-zo-zasadnutia-oz-hm-26-6-2025\/","url_meta":{"origin":3395,"position":1},"title":"Uznesenia zo zasadnutia OZ HM &#8211; 26.6.2025","author":"admin","date":"3. j\u00fala 2025","format":false,"excerpt":"UZNESENIA zo zasadnutia obecn\u00e9ho zastupite\u013estva (\u010falej len OZ) obce Horn\u00e1 Mi\u010din\u00e1 konan\u00e9ho d\u0148a 26.6.2025 v\u00a0budove obecn\u00e9ho \u00faradu Horn\u00e1 Mi\u010din\u00e1 o\u00a016:00 hod. PR\u00cdTOMN\u00cd POSLANCI: \u00a0\u00a0Michal Karkal\u00edk, \u00a0\u013dubom\u00edr \u010cerh\u00fd\u0148 , Tibor Pip\u00ed\u0161ka NEPR\u00cdTOMN\u00cd POSLANCI: \u00a0- Janka Baranov\u00e1 ,Teodor Bachleda \u00a0 \u00a0 \u00a0 uznesenie \u010d.88\/2025 \u00a0 K\u00a0bodu 2. Vo\u013eba n\u00e1vrhovej komisie, overovate\u013ea z\u00e1pisnice\u2026","rel":"","context":"V &quot;Uznesenia&quot;","block_context":{"text":"Uznesenia","link":"https:\/\/www.hornamicina.eu\/web\/category\/uznesenia\/"},"img":{"alt_text":"Logo obce a dokumenty","src":"https:\/\/i0.wp.com\/www.hornamicina.eu\/web\/wp-content\/uploads\/2017\/07\/uznesenia.jpg?fit=530%2C530&ssl=1&resize=350%2C200","width":350,"height":200,"srcset":"https:\/\/i0.wp.com\/www.hornamicina.eu\/web\/wp-content\/uploads\/2017\/07\/uznesenia.jpg?fit=530%2C530&ssl=1&resize=350%2C200 1x, https:\/\/i0.wp.com\/www.hornamicina.eu\/web\/wp-content\/uploads\/2017\/07\/uznesenia.jpg?fit=530%2C530&ssl=1&resize=525%2C300 1.5x"},"classes":[]},{"id":5639,"url":"https:\/\/www.hornamicina.eu\/web\/uznesenia-z-mimoriadneho-zasadnutia-oz-obce-horna-micina-17-1-2026\/","url_meta":{"origin":3395,"position":2},"title":"Uznesenia z mimoriadneho zasadnutia OZ obce Horna Micina &#8211; 17.1.2026","author":"admin","date":"22. janu\u00e1ra 2026","format":false,"excerpt":"UZNESENIA Z mimoriadneho zasadnutia obecn\u00e9ho zastupite\u013estva (\u010falej len OZ) obce Horn\u00e1 Mi\u010din\u00e1 konan\u00e9ho d\u0148a 17.1.2026 v\u00a0budove obecn\u00e9ho \u00faradu Horn\u00e1 Mi\u010din\u00e1 o\u00a017:00 hod. PR\u00cdTOMN\u00cd POSLANCI: \u013dubom\u00edr \u010cerh\u00fd\u0148 ,Janka Baranov\u00e1 ,Teodor Bachleda, NEPR\u00cdTOMN\u00cd POSLANCI: Tibor Pip\u00ed\u0161ka ,Michal Karkal\u00edk uznesenie \u010d.124\/2026 zo \u00a017.1.2026 K\u00a0bodu 2. Vo\u013eba n\u00e1vrhovej komisie, overovate\u013ea z\u00e1pisnice a\u00a0zapisovate\u013ea OZ obce\u2026","rel":"","context":"V &quot;Uznesenia&quot;","block_context":{"text":"Uznesenia","link":"https:\/\/www.hornamicina.eu\/web\/category\/uznesenia\/"},"img":{"alt_text":"","src":"https:\/\/i0.wp.com\/www.hornamicina.eu\/web\/wp-content\/uploads\/2017\/07\/zastupitelstvo.jpg?fit=530%2C375&ssl=1&resize=350%2C200","width":350,"height":200,"srcset":"https:\/\/i0.wp.com\/www.hornamicina.eu\/web\/wp-content\/uploads\/2017\/07\/zastupitelstvo.jpg?fit=530%2C375&ssl=1&resize=350%2C200 1x, https:\/\/i0.wp.com\/www.hornamicina.eu\/web\/wp-content\/uploads\/2017\/07\/zastupitelstvo.jpg?fit=530%2C375&ssl=1&resize=525%2C300 1.5x"},"classes":[]},{"id":4926,"url":"https:\/\/www.hornamicina.eu\/web\/uznesenia-zo-zasadnutia-oz-obce-horna-micina-9-2024\/","url_meta":{"origin":3395,"position":3},"title":"Uznesenia zo zasadnutia oz obce Horn\u00e1 Mi\u010din\u00e1 &#8211; 9\/2024","author":"admin","date":"23. septembra 2024","format":false,"excerpt":"UZNESENIA zo zasadnutia obecn\u00e9ho zastupite\u013estva (\u010falej len OZ) obce Horn\u00e1 Mi\u010din\u00e1 konan\u00e9ho d\u0148a 16.9.2024 v\u00a0budove obecn\u00e9ho \u00faradu Horn\u00e1 Mi\u010din\u00e1 o\u00a017:00 hod. \u00a0 PR\u00cdTOMN\u00cd POSLANCI: Teodor Bachleda,\u00a0 Michal Karkal\u00edk, \u00a0Jana Baranov\u00e1 NEPR\u00cdTOMN\u00cd POSLANCI: \u013dubom\u00edr \u010cerh\u00fd\u0148-DOV zahrani\u010die,Tibor Pip\u00ed\u0161ka -PN \u00a0 K\u00a0bodu 2. Program OZ OZ obce Horn\u00e1 Mi\u010din\u00e1 uznesen\u00edm \u010d.28\/2024\u00a0 zo 16.9.2024\u2026","rel":"","context":"V &quot;Uznesenia&quot;","block_context":{"text":"Uznesenia","link":"https:\/\/www.hornamicina.eu\/web\/category\/uznesenia\/"},"img":{"alt_text":"","src":"https:\/\/i0.wp.com\/www.hornamicina.eu\/web\/wp-content\/uploads\/2017\/07\/zastupitelstvo.jpg?fit=530%2C375&ssl=1&resize=350%2C200","width":350,"height":200,"srcset":"https:\/\/i0.wp.com\/www.hornamicina.eu\/web\/wp-content\/uploads\/2017\/07\/zastupitelstvo.jpg?fit=530%2C375&ssl=1&resize=350%2C200 1x, https:\/\/i0.wp.com\/www.hornamicina.eu\/web\/wp-content\/uploads\/2017\/07\/zastupitelstvo.jpg?fit=530%2C375&ssl=1&resize=525%2C300 1.5x"},"classes":[]},{"id":3788,"url":"https:\/\/www.hornamicina.eu\/web\/uznesenia-zo-zasadnutia-oz-horna-micina-zo-dna-13-6-2023\/","url_meta":{"origin":3395,"position":4},"title":"Uznesenia zo zasadnutia OZ Horn\u00e1 Mi\u010din\u00e1 zo d\u0148a 13.6.2023","author":"admin","date":"22. j\u00fana 2023","format":false,"excerpt":"UZNESENIA zo zasadnutia obecn\u00e9ho zastupite\u013estva (\u010falej len OZ) obce Horn\u00e1 Mi\u010din\u00e1 konan\u00e9ho d\u0148a 13.06.2023 v\u00a0budove obecn\u00e9ho \u00faradu Horn\u00e1 Mi\u010din\u00e1 o\u00a018.30 hod. \u00a0 PR\u00cdTOMN\u00cd POSLANCI: Teodor Bachleda, Jana Baranov\u00e1, \u013dubom\u00edr \u010cerh\u00fd\u0148, Michal Karkal\u00edk NEPR\u00cdTOMN\u00cd POSLANCI: Tibor Pip\u00ed\u0161ka \u00a0 Uznesenie \u010d. 16\/2023 k\u00a0bodu 2. Program obecn\u00e9ho zastupite\u013estva OZ obce Horn\u00e1 Mi\u010din\u00e1 schva\u013euje\u2026","rel":"","context":"V &quot;Uznesenia&quot;","block_context":{"text":"Uznesenia","link":"https:\/\/www.hornamicina.eu\/web\/category\/uznesenia\/"},"img":{"alt_text":"","src":"https:\/\/i0.wp.com\/www.hornamicina.eu\/web\/wp-content\/uploads\/2017\/07\/zastupitelstvo.jpg?fit=530%2C375&ssl=1&resize=350%2C200","width":350,"height":200,"srcset":"https:\/\/i0.wp.com\/www.hornamicina.eu\/web\/wp-content\/uploads\/2017\/07\/zastupitelstvo.jpg?fit=530%2C375&ssl=1&resize=350%2C200 1x, https:\/\/i0.wp.com\/www.hornamicina.eu\/web\/wp-content\/uploads\/2017\/07\/zastupitelstvo.jpg?fit=530%2C375&ssl=1&resize=525%2C300 1.5x"},"classes":[]},{"id":2064,"url":"https:\/\/www.hornamicina.eu\/web\/uznesenia-z-2020-08-13\/","url_meta":{"origin":3395,"position":5},"title":"Uznesenia zo d\u0148a 13.8.2020","author":"admin","date":"7. septembra 2020","format":"aside","excerpt":"UZNESENIA zo zasadnutia obecn\u00e9ho zastupite\u013estva (\u010falej len OZ) obce Horn\u00e1 Mi\u010din\u00e1 konan\u00e9ho d\u0148a 13.8.2020 Uznesenie \u010d. 1 \/ zo d\u0148a 13.08.2020 K bodu 2. Program obecn\u00e9ho zastupite\u013estva - OZ obce Horn\u00e1 Mi\u010din\u00e1 schva\u013euje: - Program obecn\u00e9ho zastupite\u013estva doplnen\u00fd o bod 11. Pr\u00edtomn\u00ed poslanci: Jana Baranov\u00e1, Michal Karkal\u00edk, Richard Kaz\u00edk, Bohu\u0161\u2026","rel":"","context":"V &quot;Uznesenia&quot;","block_context":{"text":"Uznesenia","link":"https:\/\/www.hornamicina.eu\/web\/category\/uznesenia\/"},"img":{"alt_text":"Logo obce a dokumenty","src":"https:\/\/i0.wp.com\/www.hornamicina.eu\/web\/wp-content\/uploads\/2017\/07\/uznesenia.jpg?fit=530%2C530&ssl=1&resize=350%2C200","width":350,"height":200,"srcset":"https:\/\/i0.wp.com\/www.hornamicina.eu\/web\/wp-content\/uploads\/2017\/07\/uznesenia.jpg?fit=530%2C530&ssl=1&resize=350%2C200 1x, https:\/\/i0.wp.com\/www.hornamicina.eu\/web\/wp-content\/uploads\/2017\/07\/uznesenia.jpg?fit=530%2C530&ssl=1&resize=525%2C300 1.5x"},"classes":[]}],"jetpack_likes_enabled":true,"_links":{"self":[{"href":"https:\/\/www.hornamicina.eu\/web\/wp-json\/wp\/v2\/posts\/3395","targetHints":{"allow":["GET"]}}],"collection":[{"href":"https:\/\/www.hornamicina.eu\/web\/wp-json\/wp\/v2\/posts"}],"about":[{"href":"https:\/\/www.hornamicina.eu\/web\/wp-json\/wp\/v2\/types\/post"}],"author":[{"embeddable":true,"href":"https:\/\/www.hornamicina.eu\/web\/wp-json\/wp\/v2\/users\/1"}],"replies":[{"embeddable":true,"href":"https:\/\/www.hornamicina.eu\/web\/wp-json\/wp\/v2\/comments?post=3395"}],"version-history":[{"count":0,"href":"https:\/\/www.hornamicina.eu\/web\/wp-json\/wp\/v2\/posts\/3395\/revisions"}],"wp:featuredmedia":[{"embeddable":true,"href":"https:\/\/www.hornamicina.eu\/web\/wp-json\/wp\/v2\/media\/503"}],"wp:attachment":[{"href":"https:\/\/www.hornamicina.eu\/web\/wp-json\/wp\/v2\/media?parent=3395"}],"wp:term":[{"taxonomy":"category","embeddable":true,"href":"https:\/\/www.hornamicina.eu\/web\/wp-json\/wp\/v2\/categories?post=3395"},{"taxonomy":"post_tag","embeddable":true,"href":"https:\/\/www.hornamicina.eu\/web\/wp-json\/wp\/v2\/tags?post=3395"}],"curies":[{"name":"wp","href":"https:\/\/api.w.org\/{rel}","templated":true}]}}