{"id":3370,"date":"2022-12-02T20:16:19","date_gmt":"2022-12-02T19:16:19","guid":{"rendered":"https:\/\/www.hornamicina.eu\/web\/?p=3370"},"modified":"2024-09-26T08:41:07","modified_gmt":"2024-09-26T06:41:07","slug":"zapisnica-1-2022","status":"publish","type":"post","link":"https:\/\/www.hornamicina.eu\/web\/zapisnica-1-2022\/","title":{"rendered":"Z\u00e1pisnica 1-2022"},"content":{"rendered":"<h2 style=\"text-align: center;\"><strong>Z\u00e1pisnica 1\/2022 <\/strong><\/h2>\n<h2 style=\"text-align: center;\"><strong>z ustanovuj\u00faceho zasadnutia obecn\u00e9ho zastupite\u013estva, ktor\u00e9 sa konalo d\u0148a 28. 11. 2022 v\u00a0budove obecn\u00e9ho \u00faradu Horn\u00e1 Mi\u010din\u00e1<\/strong><\/h2>\n<p>&nbsp;<\/p>\n<p>Program rokovania:<\/p>\n<p>&nbsp;<\/p>\n<ol>\n<li>\u0160t\u00e1tna hymna SR.<\/li>\n<li>Otvorenie zasadnutia obecn\u00e9ho zastupite\u013estva.<\/li>\n<li>Ur\u010denie zapisovate\u013ea, ur\u010denie overovate\u013eov z\u00e1pisnice.<\/li>\n<li>Ozn\u00e1menie v\u00fdsledkov volieb do org\u00e1nov samospr\u00e1vy obc\u00ed v obci Horn\u00e1 Mi\u010din\u00e1, konan\u00fdch 29.10. 2022.<\/li>\n<li>Zlo\u017eenie s\u013eubu novozvolen\u00e9ho starostu obce Horn\u00e1 Mi\u010din\u00e1 a odovzdanie osved\u010denia o zvolen\u00ed.<\/li>\n<li>Zlo\u017eenie s\u013eubu poslancov novozvolen\u00e9ho obecn\u00e9ho zastupite\u013estva obce Horn\u00e1 Mi\u010din\u00e1a odovzdanie osved\u010denia o\u00a0zvolen\u00ed.<\/li>\n<li>Pr\u00edhovor novozvolen\u00e9ho starostu obce Horn\u00e1 Mi\u010din\u00e1.<\/li>\n<li>Vo\u013eba mand\u00e1tovej, volebnej a n\u00e1vrhovej komisie.<\/li>\n<li>Schv\u00e1lenie programu ustanovuj\u00faceho zasadnutia obecn\u00e9ho zastupite\u013estva.<strong>\u00a0 <\/strong><\/li>\n<li>Poverenie poslanca obecn\u00e9ho zastupite\u013estva opr\u00e1vnen\u00e9ho zvola\u0165 a vies\u0165 zasadnutie obecn\u00e9ho zastupite\u013estva v pr\u00edpadoch ur\u010den\u00fdch z\u00e1konom \u010d. 369\/1990 Zb. o obecnom zriaden\u00ed v znen\u00ed neskor\u0161\u00edch predpisov.<\/li>\n<li>Poverenie poslanca obecn\u00e9ho zastupite\u013estva na v\u00fdkon z\u00e1stupcu starostu obce.<\/li>\n<li>Vo\u013eba predsedu a \u010dlenov komisie na ochranu verejn\u00e9ho z\u00e1ujmu pri v\u00fdkone funkcie starostu obce.<\/li>\n<li>N\u00e1vrh a\u00a0vo\u013eba predsedov a\u00a0\u010dlenov komisi\u00ed obecn\u00e9ho zastupite\u013estva.<\/li>\n<li>Ur\u010denie platu novozvolen\u00e9mu starostovi obce.<\/li>\n<li>Z\u00e1ver.<\/li>\n<\/ol>\n<p>&nbsp;<\/p>\n<p>&nbsp;<\/p>\n<p><strong>K bodu 1:<\/strong> \u0160t\u00e1tna hymna<\/p>\n<p>&nbsp;<\/p>\n<p>Po pr\u00edchode ob\u010danov a \u00a0predstavite\u013eov obce do s\u00e1ly obecn\u00e9ho \u00faradu v\u00a0Hornej Mi\u010dinej zaznela \u0161t\u00e1tna hymna.<\/p>\n<p>&nbsp;<\/p>\n<p><strong>K bodu 2: <\/strong>Otvorenie zasadnutia obecn\u00e9ho zastupite\u013estva<\/p>\n<p>&nbsp;<\/p>\n<p>Starosta obce srde\u010dne priv\u00edtal v\u0161etk\u00fdch pr\u00edtomn\u00fdch na sl\u00e1vnostnom ustanovuj\u00facom zasadnut\u00ed obecn\u00e9ho zastupite\u013estva a otvoril zasadnutie obecn\u00e9ho zastupite\u013estva.<\/p>\n<p>&nbsp;<\/p>\n<p><em>V\u00e1\u017een\u00ed poslanci OZ, v\u00e1\u017een\u00ed pr\u00edtomn\u00ed, v zmysle \u00a7 12 ods. 4 p\u00edsm. a) z\u00e1kona \u010d. 369\/1990 Zb. o obecnom zriaden\u00ed v znen\u00ed neskor\u0161\u00edch predpisov otv\u00e1ram ustanovuj\u00face zasadnutie Obecn\u00e9ho zastupite\u013estva v\u00a0Hornej Mi\u010dinej. <\/em><\/p>\n<p>&nbsp;<\/p>\n<p><strong>K bodu 3: <\/strong>Ur\u010denie zapisovate\u013ea, ur\u010denie overovate\u013eov z\u00e1pisnice.<\/p>\n<p>&nbsp;<\/p>\n<p>Starosta obce ur\u010dil za zapisovate\u013ea, zamestnanky\u0148u obce Petru Palu\u0161ov\u00fa\u00a0 a\u00a0 za overovate\u013eov z\u00e1pisnice ur\u010dil poslancov Ing. Jana Baranov\u00e1, \u013dubom\u00edr \u010cerh\u00fd\u0148.<\/p>\n<p>&nbsp;<\/p>\n<p><strong>K bodu 4: <\/strong>Ozn\u00e1menie v\u00fdsledkov volieb do org\u00e1nov samospr\u00e1vy obc\u00ed v obci Horn\u00e1 Mi\u010din\u00e1, konan\u00fdch 29.10. 2022.<\/p>\n<p>&nbsp;<\/p>\n<p>Predsedn\u00ed\u010dka miestnej volebnej komisie Silvia Pan\u010d\u00edkov\u00e1 obozn\u00e1mila v\u0161etk\u00fdch pr\u00edtomn\u00fdch s v\u00fdsledkami volieb do org\u00e1nov samospr\u00e1vy obce, ktor\u00e9 sa konali d\u0148a 29.10. 2022. Najviac hlasov na funkciu starostu z\u00edskal spomedzi 3 kandid\u00e1tov Ivan Len\u00e1r, z 13 kandid\u00e1tov na poslancov boli do OZ zvolen\u00ed pod\u013ea po\u010dtu z\u00edskan\u00fdch hlasov\u00a0 Ing. Tibor Pip\u00ed\u0161ka, Ing. Jana Baranov\u00e1, MUDr. Teodor Bachleda PhD., Ing. \u00a0Michal Karkal\u00edk, \u013dubom\u00edr \u010cerh\u00fd\u0148.<\/p>\n<p>&nbsp;<\/p>\n<p>Z\u00e1pisnica o v\u00fdsledku volieb do org\u00e1nov samospr\u00e1vy obce je zverejnen\u00e1 aj na webovej str\u00e1nke obce.<\/p>\n<p>&nbsp;<\/p>\n<p><strong>K bodu 5: <\/strong>Zlo\u017eenie s\u013eubu novozvolen\u00e9ho starostu obce Horn\u00e1 Mi\u010din\u00e1 a odovzdanie osved\u010denia o zvolen\u00ed.<\/p>\n<p>&nbsp;<\/p>\n<p>Starosta obce zlo\u017eil s\u013eub.<\/p>\n<p>Predsedn\u00ed\u010dka miestnej volebnej komisie mu po zlo\u017een\u00ed s\u013eubu odovzdala Osved\u010denie o zvolen\u00ed.<\/p>\n<p>&nbsp;<\/p>\n<p><strong>K bodu 6: <\/strong>Zlo\u017eenie s\u013eubu poslancov novozvolen\u00e9ho obecn\u00e9ho zastupite\u013estva obce Horn\u00e1 Mi\u010din\u00e1 a odovzdanie osved\u010den\u00ed o zvolen\u00ed.<\/p>\n<p>Novozvolen\u00fd starosta Ivan Len\u00e1r vyzval novozvolen\u00fdch poslancov k prist\u00fapeniu sl\u00e1vnostn\u00e9mu aktu zlo\u017eenia s\u013eubu poslanca. Za poslancov pre\u010d\u00edtala s\u013eub Ing. Jana Baranov\u00e1. Po pre\u010d\u00edtan\u00ed si jednotlivo poslanci prevzali Osved\u010denie o zvolen\u00ed za poslanca.<\/p>\n<p>&nbsp;<\/p>\n<p><strong>K bodu 7: <\/strong><\/p>\n<p><strong>Sl\u00e1vnostn\u00fd pr\u00edhovor starostu obce <\/strong><\/p>\n<p><strong>\u00a0<\/strong><\/p>\n<p><strong>\u00a0<\/strong><strong>K bodu 8: <\/strong>Vo\u013eba mand\u00e1tovej, volebnej a n\u00e1vrhovej komisie.<\/p>\n<p>&nbsp;<\/p>\n<p>Po zlo\u017een\u00ed s\u013eubu nasledovali vo\u013eby mand\u00e1tovej, volebnej a n\u00e1vrhovej komisie. <strong>\u00a0<\/strong><\/p>\n<p>Do mand\u00e1tovej a volebnej komisie starosta obce navrhol poslancov.<\/p>\n<p>Predseda \u2013 MUDr. Teodor Bachleda PhD., \u010dlen \u2013 Ing. Tibor Pip\u00ed\u0161ka<\/p>\n<p>Do n\u00e1vrhovej komisie navrhol poslancov:<\/p>\n<p>Ing. Michal Karkal\u00edk\u00a0 za predsedu,\u00a0 a Ing. Jana Baranov\u00e1 \u2013 za \u010dlena n\u00e1vrhovej komisie.<\/p>\n<p>&nbsp;<\/p>\n<h4>Uznesenie \u010d. 01\/2022 zo d\u0148a 28.11.2022<\/h4>\n<p>OZ\u00a0 ur\u010duje: za zapisovate\u013ea z\u00e1pisnice: Petra Palu\u0161ov\u00e1<\/p>\n<p>OZ ur\u010duje:\u00a0 za overovate\u013eov z\u00e1pisnice: Ing. Jana Baranov\u00e1, \u013dubom\u00edr \u010cerh\u00fd\u0148<\/p>\n<p>OZ vol\u00ed:\u00a0\u00a0\u00a0\u00a0 mand\u00e1tov\u00fa a volebn\u00fa komisiu v zlo\u017een\u00ed: MUDr. Teodor Bachleda PhD. predseda, Ing. Tibor Pip\u00ed\u0161ka &#8211; \u010dlen<\/p>\n<p>OZ vol\u00ed:\u00a0 n\u00e1vrhov\u00fa komisiu v zlo\u017een\u00ed: Ing. Michal Karkal\u00edk\u00a0 predseda, Ing. Jana Baranov\u00e1 &#8211; \u010dlen <strong>\u00a0<\/strong><\/p>\n<p>&nbsp;<\/p>\n<p>Starosta dal za uveden\u00fd n\u00e1vrh hlasova\u0165.<\/p>\n<p>Pr\u00edtomn\u00ed poslanci pri hlasovan\u00ed: 5<\/p>\n<p>Hlasovanie: \u00a0\u00a0 \u00a0Za: 5\u00a0\u00a0 \u00a0\u00a0\u00a0\u00a0\u00a0\u00a0\u00a0\u00a0\u00a0\u00a0 Proti: 0\u00a0\u00a0\u00a0 Zdr\u017eal sa: 0<\/p>\n<p>&nbsp;<\/p>\n<p>Starosta obce vyzval predsedu mand\u00e1tovej a volebnej komisie MUDr. Teodora Bachledu PhD., aby predniesol spr\u00e1vu mand\u00e1tovej a volebnej komisie.<\/p>\n<p>Mand\u00e1tov\u00e1 a volebn\u00e1 komisia overila platnos\u0165 vo\u013eby starostu a\u00a0 novozvolen\u00fdch poslancov v\u00a0 komun\u00e1lnych vo\u013eb\u00e1ch konan\u00fdch 29.10. 2022 a\u00a0 skon\u0161tatovala, \u017ee \u00fastavn\u00ed poslanci obecn\u00e9ho zastupite\u013estva s\u00fa v po\u010dte 5 a s\u00fa uzn\u00e1\u0161ania schopn\u00ed.<\/p>\n<p>&nbsp;<\/p>\n<p>Mand\u00e1tov\u00e1 a volebn\u00e1 komisia kon\u0161tatuje, \u017ee:<\/p>\n<ol>\n<li>Novozvolen\u00fd starosta obce Ivan Len\u00e1r, zlo\u017eil z\u00e1konom predp\u00edsan\u00fd s\u013eub starostu obce<\/li>\n<li>Novozvolen\u00ed poslanci obecn\u00e9ho zastupite\u013estva zlo\u017eili predp\u00edsan\u00fd s\u013eub poslanca obecn\u00e9ho zastupite\u013estva a to menovite: Teodor Bachleda PhD., Ing. Jana Baranov\u00e1, \u013dubom\u00edr \u010cerh\u00fd\u0148, Ing. Michal Karkal\u00edk, Ing. Tibor Pip\u00ed\u0161ka<\/li>\n<\/ol>\n<p>&nbsp;<\/p>\n<p>Starosta obce po\u010fakoval za prednesenie spr\u00e1vy.<\/p>\n<p><strong>\u00a0<\/strong><\/p>\n<h4><strong>Uznesenie \u010d. 02\/2022 zo d\u0148a 28.11. 2022<\/strong><\/h4>\n<p><strong>\u00a0<\/strong>OZ berie na vedomie:<\/p>\n<p>spr\u00e1vu mand\u00e1tovej komisie zo d\u0148a 28.11. 2022 o overen\u00ed platnosti vo\u013eby starostu obce a poslancov obecn\u00e9ho zastupite\u013estva.<\/p>\n<p>OZ kon\u0161tatuje:<\/p>\n<p>\u017ee novozvolen\u00fd starosta obce Horn\u00e1 Mi\u010din\u00e1 \u00a0Ivan Len\u00e1r zlo\u017eil v zmysle \u00a7 13 ods. 2 z\u00e1kona \u010d. 369\/1990 Zb. o obecnom zriaden\u00ed v znen\u00ed neskor\u0161\u00edch predpisov s\u013eub starostu obce<\/p>\n<p>OZ kon\u0161tatuje:<\/p>\n<p>\u017ee poslanci novozvolen\u00e9ho obecn\u00e9ho zastupite\u013estva obce Horn\u00e1 Mi\u010din\u00e1:<\/p>\n<p>Ing. Tibor Pip\u00ed\u0161ka, Ing. Jana Baranov\u00e1, MUDr. Teodor Bachleda PhD., Ing. Michal Karkal\u00edk, \u013dubom\u00edr \u010cerh\u00fd\u0148 zlo\u017eili v zmysle \u00a7 26 z\u00e1kona \u010d. 369\/1990 Zb.<\/p>\n<p>o obecnom zriaden\u00ed v znen\u00ed neskor\u0161\u00edch predpisov s\u013eub poslanca obecn\u00e9ho zastupite\u013estva.<\/p>\n<p>Starosta obce skon\u0161tatoval, \u017ee uznesenie \u010d. 02\/2022 bolo vzat\u00e9 na vedomie.<\/p>\n<p><strong>\u00a0<\/strong><\/p>\n<p><strong>K bodu 9: <\/strong>Schv\u00e1lenie programu ustanovuj\u00faceho zasadnutia\u00a0 obecn\u00e9ho zastupite\u013estva.<\/p>\n<p>Starosta obce predlo\u017eil n\u00e1vrh programu rokovania OZ na schv\u00e1lenie. K programu rokovania neboli \u017eiadne n\u00e1vrhy.<\/p>\n<p>&nbsp;<\/p>\n<p><strong>\u00a0<\/strong><\/p>\n<h4>Uznesenie \u010d. 03\/2022 zo d\u0148a 28.11.2022<\/h4>\n<p>OZ schva\u013euje:<\/p>\n<p>predlo\u017een\u00fd program ustanovuj\u00faceho zasadnutia\u00a0 obecn\u00e9ho zastupite\u013estva obce Horn\u00e1 Mi\u010din\u00e1<\/p>\n<p>&nbsp;<\/p>\n<p>Starosta obce dal za predlo\u017een\u00fd n\u00e1vrh hlasova\u0165.<\/p>\n<p>Pr\u00edtomn\u00ed poslanci pri hlasovan\u00ed: 5<\/p>\n<p>Hlasovanie: \u00a0\u00a0 \u00a0Za: 4\u00a0\u00a0\u00a0 \u00a0\u00a0\u00a0\u00a0\u00a0\u00a0\u00a0\u00a0\u00a0 Proti: 0\u00a0\u00a0\u00a0 Zdr\u017eal sa: 1<\/p>\n<p>&nbsp;<\/p>\n<p>Starosta obce skon\u0161tatoval, \u017ee program ustanovuj\u00faceho zasadnutia OZ bol schv\u00e1len\u00fd.<\/p>\n<p>&nbsp;<\/p>\n<p>&nbsp;<\/p>\n<p><strong>K bodu 10: <\/strong>Poverenie poslanca obecn\u00e9ho zastupite\u013estva opr\u00e1vnen\u00e9ho zvola\u0165 a vies\u0165 zasadnutie obecn\u00e9ho zastupite\u013estva v pr\u00edpadoch ur\u010den\u00fdch z\u00e1konom \u010d. 369\/1990 Zb. o obecnom zriaden\u00ed v znen\u00ed neskor\u0161\u00edch predpisov.<\/p>\n<p>&nbsp;<\/p>\n<p>Starosta obce obozn\u00e1mil poslancov, \u017ee obecn\u00e9 zastupite\u013estvo v zmysle z\u00e1kona \u010d. 369\/1990 Zb. o obecnom zriaden\u00ed v znen\u00ed neskor\u0161\u00edch predpisov pod\u013ea \u00a7 12 ods. 2 prv\u00e1 veta, ods. 3 tretia veta, ods. 5 tretia veta, ods. 6 tretia veta poveruje poslanca Ing. Michala Karkal\u00edka \u00a0zvol\u00e1van\u00edm a veden\u00edm zasadnutia OZ.<\/p>\n<p>&nbsp;<\/p>\n<p><strong>\u00a0<\/strong><\/p>\n<h4>Uznesenie \u010d. 4\/2022 zo d\u0148a 28.11. 2022<\/h4>\n<p>OZ poveruje:<\/p>\n<p>v zmysle \u00a7 12 ods. 2 \u00a0prv\u00e1 veta, ods. 3 \u00a0tretia veta, ods. 5 \u00a0tretia veta, ods. 6 tretia veta z\u00e1kona \u010d. 369\/1990 Zb. o obecnom zriaden\u00ed v znen\u00ed neskor\u0161\u00edch predpisov Ing. Michala Karkal\u00edka, poslanca obecn\u00e9ho zastupite\u013estva zvol\u00e1va\u0165 a vies\u0165 zasadanie obecn\u00e9ho zastupite\u013estva.<\/p>\n<p>Starosta obce dal za predlo\u017een\u00fd n\u00e1vrh hlasova\u0165.<\/p>\n<p>Pr\u00edtomn\u00ed poslanci pri hlasovan\u00ed: 5<\/p>\n<p>Hlasovanie: \u00a0\u00a0 \u00a0Za: 5\u00a0\u00a0\u00a0 \u00a0\u00a0\u00a0\u00a0\u00a0\u00a0\u00a0\u00a0\u00a0 Proti: 0\u00a0\u00a0\u00a0 Zdr\u017eal sa: 0<\/p>\n<p>&nbsp;<\/p>\n<p>Starosta obce skon\u0161tatoval, \u017ee uznesenie \u010d. 04\/2022 bolo schv\u00e1len\u00e9.<\/p>\n<p><strong>\u00a0<\/strong><\/p>\n<p><strong>K bodu 11: <\/strong>Poverenie poslanca obecn\u00e9ho zastupite\u013estva na v\u00fdkon funkcie z\u00e1stupcu starostu obce.<\/p>\n<p>Poverenie starostu obce, ktor\u00fdm v\u00a0zmysle \u00a0\u00a713 ods. 1 a\u00a02 z\u00e1kona \u010d. 369\/1990 Zb. o\u00a0obecnom zriaden\u00ed v\u00a0znen\u00ed neskor\u0161\u00edch predpisov poveril Ing. Janu Baranov\u00fa, poslanky\u0148u obecn\u00e9ho zastupite\u013estva obce, zastupovan\u00edm starostu obce.<\/p>\n<p>&nbsp;<\/p>\n<h4>Uznesenie \u010d. 05\/2022 zo d\u0148a\u00a028.11. 2022<\/h4>\n<p>OZ\u00a0 berie na vedomie:<\/p>\n<p>poverenie starostu obce, ktor\u00fdm v\u00a0zmysle \u00a713 ods. 1 a\u00a02 z\u00e1kona \u010d. 369\/1990 Zb. o\u00a0obecnom zriaden\u00ed v\u00a0znen\u00ed neskor\u0161\u00edch predpisov poveril Ing. Janu Baranov\u00fa nar. 09. 03. 1981, bytom Horn\u00e1 Mi\u010din\u00e1 114, poslanky\u0148u obecn\u00e9ho zastupite\u013estva obce, zastupovan\u00edm starostu obce.<\/p>\n<p>&nbsp;<\/p>\n<p>Starosta obce dal za predlo\u017een\u00fd n\u00e1vrh hlasova\u0165.<\/p>\n<p>Pr\u00edtomn\u00ed poslanci pri hlasovan\u00ed: 5<\/p>\n<p>Hlasovanie: \u00a0 \u00a0Za: 3\u00a0\u00a0 \u00a0\u00a0\u00a0\u00a0\u00a0\u00a0\u00a0\u00a0\u00a0\u00a0 Proti: 0\u00a0\u00a0\u00a0 Zdr\u017eal sa: 2<\/p>\n<p>&nbsp;<\/p>\n<p>Starosta obce skon\u0161tatoval, \u017ee uznesenie \u010d. 05\/2022 bolo schv\u00e1len\u00e9.<\/p>\n<p>&nbsp;<\/p>\n<p>&nbsp;<\/p>\n<p><strong>K bodu 12:\u00a0 <\/strong>Vo\u013eba \u010dlenov komisie na ochranu verejn\u00e9ho z\u00e1ujmu pri v\u00fdkone funkcie starostu obce<\/p>\n<p>Starosta obce obozn\u00e1mil poslancov, \u017ee obecn\u00e9 zastupite\u013estvo vol\u00ed pod\u013ea \u010dl. 7 ods. 5 p\u00edsm. a) \u00fastavn\u00e9ho z\u00e1kona \u010d. 357\/2004 Z.z. o\u00a0ochrane verejn\u00e9ho z\u00e1ujmu pri v\u00fdkone funkci\u00ed verejn\u00fdch funkcion\u00e1rov v\u00a0znen\u00ed neskor\u0161\u00edch predpisov vol\u00ed predsedu a\u00a0\u010dlenov komisie.<\/p>\n<p>Starosta obce predlo\u017eil poslancom n\u00e1vrh zlo\u017eenia komisie. Do tejto komisie boli navrhnut\u00ed, predseda MUDr. Teodor Bachleda PhD., \u010dlenovia Ing. Michal Karkal\u00edk a\u00a0\u013dubom\u00edr \u010cerh\u00fd\u0148.<\/p>\n<p>&nbsp;<\/p>\n<p>&nbsp;<\/p>\n<h4>Uznesenie \u010d. 06\/2022 zo d\u0148a 28.11. 2022<\/h4>\n<p>OZ\u00a0 vol\u00ed:<\/p>\n<p>pod\u013ea \u00a77 ods. 5 p\u00edsm. a) \u00fastavn\u00e9ho z\u00e1kona \u010d. 357\/2004 Z.z. o\u00a0ochrane verejn\u00e9ho z\u00e1ujmu pri v\u00fdkone funkci\u00ed verejn\u00fdch funkcion\u00e1rov v\u00a0znen\u00ed neskor\u0161\u00edch predpisov vol\u00ed predsedu MUDr. Teodora Bachledu PhD., \u00a0a\u00a0\u010dlenov komisie Ing. Michala Karkal\u00edka, \u013dubom\u00edra \u010cerh\u00fd\u0148a.<\/p>\n<p>Starosta obce dal za predlo\u017een\u00fd n\u00e1vrh hlasova\u0165.<\/p>\n<p>Pr\u00edtomn\u00ed poslanci pri hlasovan\u00ed: 5<\/p>\n<p>Hlasovanie: \u00a0\u00a0 \u00a0Za: 5\u00a0\u00a0\u00a0 \u00a0\u00a0\u00a0\u00a0\u00a0\u00a0\u00a0\u00a0\u00a0 Proti: 0\u00a0\u00a0\u00a0 Zdr\u017eal sa: 0<\/p>\n<p>&nbsp;<\/p>\n<p>Starosta obce skon\u0161tatoval, \u017ee uznesenie \u010d. 06\/2022 bolo schv\u00e1len\u00e9.<\/p>\n<p>&nbsp;<\/p>\n<p><strong>K bodu 13: <\/strong>N\u00e1vrh a\u00a0vo\u013eba predsedov a\u00a0\u010dlenov komisi\u00ed OZ<\/p>\n<p>Starosta obce dal n\u00e1vrh na zlo\u017eenie \u00a0kult\u00farno \u2013 \u0161portovej komisie, do ktorej navrhol za predsedu Ing. Janu Baranov\u00fa a\u00a0\u010dlena \u013dubom\u00edra \u010cerh\u00fd\u0148a.<\/p>\n<p>Do finan\u010dnej komisie bol navrhnut\u00fd predseda Ing. Michal Karkal\u00edk a\u00a0\u010dlen Ing. Tibor Pip\u00ed\u0161ka. Na n\u00e1vrh poslanca bol navrhovan\u00fd \u010fal\u0161\u00ed \u010dlen finan\u010dnej komisie p. Ing. Jaroslav Pa\u013ea PhD., za \u010fal\u0161ieho \u010dlena finan\u010dnej komisie sa navrhol poslanec OZ \u00a0MUDr. Teodor Bachleda PhD.<\/p>\n<p>&nbsp;<\/p>\n<h4>Uznesenie \u010d. 07\/2022 zo d\u0148a 28.11. 2022<\/h4>\n<p>OZ vol\u00ed:<\/p>\n<ol>\n<li>\u010dlenov kult\u00farno \u2013 \u0161portovej komisie: predseda \u2013 Ing. Jana Baranov\u00e1<\/li>\n<\/ol>\n<p>\u010dlen \u2013 \u013dubom\u00edr \u010cerh\u00fd\u0148<\/p>\n<p>Starosta obce dal za predlo\u017een\u00fd n\u00e1vrh hlasova\u0165.<\/p>\n<p>Pr\u00edtomn\u00ed poslanci pri hlasovan\u00ed: 5<\/p>\n<p>Hlasovanie: \u00a0\u00a0 \u00a0Za: 5 \u00a0\u00a0\u00a0\u00a0\u00a0\u00a0\u00a0\u00a0\u00a0\u00a0\u00a0\u00a0 Proti: 0\u00a0\u00a0\u00a0 Zdr\u017eal sa: 0<\/p>\n<p>&nbsp;<\/p>\n<ol>\n<li>\u010dlenov finan\u010dnej komisie: predseda \u2013 Ing. Michal Karkal\u00edk<\/li>\n<\/ol>\n<p>\u010dlen \u2013 Ing. Tibor Pip\u00ed\u0161ka<\/p>\n<p>Starosta obce dal za predlo\u017een\u00fd n\u00e1vrh hlasova\u0165.<\/p>\n<p>Pr\u00edtomn\u00ed poslanci pri hlasovan\u00ed: 5<\/p>\n<p>Hlasovanie: \u00a0\u00a0 \u00a0Za: 5\u00a0\u00a0\u00a0 \u00a0\u00a0\u00a0\u00a0\u00a0\u00a0\u00a0\u00a0\u00a0 Proti: 0\u00a0\u00a0\u00a0 Zdr\u017eal sa: 0<\/p>\n<p>&nbsp;<\/p>\n<p>III. \u010dlen finan\u010dnej komisie: Ing. Jaroslav Pa\u013ea PhD.<\/p>\n<p>Starosta obce dal za predlo\u017een\u00fd n\u00e1vrh hlasova\u0165.<\/p>\n<p>Pr\u00edtomn\u00ed poslanci pri hlasovan\u00ed: 5<\/p>\n<p>Hlasovanie: \u00a0\u00a0 \u00a0Za: 2\u00a0\u00a0 \u00a0\u00a0\u00a0\u00a0\u00a0\u00a0\u00a0\u00a0\u00a0\u00a0 Proti: 2\u00a0\u00a0\u00a0 Zdr\u017eal sa: 1<\/p>\n<p>P\u00e1n Ing. Jaroslav Pa\u013ea PhD. \u00a0nebol zvolen\u00fd za \u010dlena finan\u010dnej komisie.<\/p>\n<p>&nbsp;<\/p>\n<ol>\n<li>\u010dlen finan\u010dnej komisie: MUDr. Teodor Bachleda PhD.<\/li>\n<\/ol>\n<p>Starosta obce dal za predlo\u017een\u00fd n\u00e1vrh hlasova\u0165.<\/p>\n<p>Pr\u00edtomn\u00ed poslanci pri hlasovan\u00ed: 5<\/p>\n<p>Hlasovanie: \u00a0\u00a0 \u00a0Za: 5\u00a0\u00a0 \u00a0\u00a0\u00a0\u00a0\u00a0\u00a0\u00a0\u00a0\u00a0\u00a0 Proti: 0\u00a0\u00a0\u00a0 Zdr\u017eal sa: 0<\/p>\n<p>P\u00e1n MUDr. Teodor Bachleda \u00a0PhD., bol zvolen\u00fd za \u010dlena finan\u010dnej komisie.<\/p>\n<p>&nbsp;<\/p>\n<p><strong>K bodu 14:\u00a0 <\/strong>Ur\u010denie platu novozvolen\u00e9mu starostovi obce.<\/p>\n<ol start=\"2\">\n<li>Pod\u013ea \u00a73 ods. 1 z\u00e1kona \u010d. 253\/1994 Z.z. o\u00a0pr\u00e1vnom postaven\u00ed a\u00a0platov\u00fdch pomeroch starostov a\u00a0prim\u00e1torov v\u00a0znen\u00ed neskor\u0161\u00edch predpisov patr\u00ed starostovi plat, ktor\u00fd je s\u00fa\u010dinom priemernej mzdy v\u00a0n\u00e1rodnom hospod\u00e1rstve vy\u010d\u00edslen\u00fd na z\u00e1klade \u00fadajov \u0160tatistick\u00e9ho \u00faradu za predch\u00e1dzaj\u00faci kalend\u00e1rny rok, a\u00a0n\u00e1sobku pod\u013ea \u00a74 ods. 1 alebo 2. Za rok 2022 to \u010din\u00ed 1211,-\u20ac. N\u00e1sobok pod\u013ea po\u010dtu obyvate\u013eov od 500 do 1000 je 1,83 t.j. 1211,- \u20ac \u00d7 1,83 = 2216,13 \u20ac. Po zaokr\u00fahlen\u00ed 2217,- \u20ac. Starosta obce dal za predlo\u017een\u00fd n\u00e1vrh hlasova\u0165.<\/li>\n<\/ol>\n<p>&nbsp;<\/p>\n<ol>\n<li>Obecn\u00e9 zastupite\u013estvo m\u00f4\u017ee navrhn\u00fa\u0165 zv\u00fd\u0161enie platu pri zabezpe\u010dovan\u00ed v\u00fdkonu prenesenej p\u00f4sobnosti \u0161t\u00e1tnej spr\u00e1vy a\u00a0v\u00fdkone samospr\u00e1vy od 0 \u2013 60%<\/li>\n<\/ol>\n<p>&nbsp;<\/p>\n<h4>Uznesenie \u010d. 08\/2022 zo d\u0148a 28.11. 2022<\/h4>\n<p>OZ ur\u010duje:<\/p>\n<ol>\n<li>V\u00a0s\u00falade so z\u00e1konom NR SR \u010d. 253\/1994 Z.z. o\u00a0pr\u00e1vnom postaven\u00ed a\u00a0platov\u00fdch pomeroch starostov v\u00a0znen\u00ed neskor\u0161\u00edch predpisov v\u00a0rozsahu ur\u010denom doteraj\u0161\u00edm OZ najnesk\u00f4r 90 dn\u00ed pred vo\u013ebami mesa\u010dn\u00fd plat starostu vo v\u00fd\u0161ke 2217,-\u20ac.<\/li>\n<\/ol>\n<p>&nbsp;<\/p>\n<p>Starosta obce dal za predlo\u017een\u00fd n\u00e1vrh hlasova\u0165.<\/p>\n<p>Pr\u00edtomn\u00ed poslanci pri hlasovan\u00ed: 5<\/p>\n<p>Hlasovanie: \u00a0\u00a0 \u00a0Za: 5\u00a0\u00a0\u00a0 \u00a0\u00a0\u00a0\u00a0\u00a0\u00a0\u00a0\u00a0\u00a0 Proti: 0\u00a0\u00a0\u00a0 Zdr\u017eal sa: 0<\/p>\n<p>&nbsp;<\/p>\n<ol>\n<li>Poslanci sa k\u00a0zv\u00fd\u0161eniu platu starostu obce nevyjadrili. Starostovi obce ost\u00e1va plat ako je uveden\u00e9 v\u00a0bode I.<\/li>\n<\/ol>\n<p>&nbsp;<\/p>\n<p>&nbsp;<\/p>\n<p><strong>K bodu 15: <\/strong>Z\u00e1ver<\/p>\n<p>Starosta obce po\u017eiadal predsedu n\u00e1vrhovej komisie Ing. Michala Karkal\u00edka, aby predniesol n\u00e1vrh uznesen\u00ed, tak ako boli schv\u00e1len\u00e9 pri hlasovan\u00ed k \u00a0jednotliv\u00fdm bodom a \u00a0po\u017eiadal poslancov e\u0161te raz o odhlasovanie prijat\u00fdch uznesen\u00ed\u00a0 na zasadnut\u00ed OZ.<\/p>\n<p>&nbsp;<\/p>\n<p>Pr\u00edtomn\u00ed poslanci pri hlasovan\u00ed: 5<\/p>\n<p>Hlasovanie: \u00a0\u00a0 \u00a0Za: 5\u00a0\u00a0\u00a0 \u00a0\u00a0\u00a0\u00a0\u00a0\u00a0\u00a0\u00a0\u00a0 Proti: 0\u00a0\u00a0\u00a0 Zdr\u017eal sa: 0<\/p>\n<p>Starosta obce skon\u0161tatoval, \u017ee uznesenia boli schv\u00e1len\u00e9.<\/p>\n<p>&nbsp;<\/p>\n<p>V z\u00e1vere po\u010fakoval poslancom a pr\u00edtomn\u00fdm za \u00fa\u010das\u0165 na zasadnut\u00ed obecn\u00e9ho zastupite\u013estva a ukon\u010dil rokovanie OZ.<\/p>\n<p>&nbsp;<\/p>\n<p>&nbsp;<\/p>\n<p>Z\u00e1pisnicu zap\u00edsala: \u00a0\u00a0\u00a0\u00a0\u00a0\u00a0\u00a0Petra Palu\u0161ov\u00e1<\/p>\n<p>Overovatelia z\u00e1pisnice: Ing. Jana Baranov\u00e1<\/p>\n<p>\u013dubom\u00edr \u010cerh\u00fd\u0148<\/p>\n<p>&nbsp;<\/p>\n<p>&nbsp;<\/p>\n<p>&nbsp;<\/p>\n<p>&nbsp;<\/p>\n","protected":false},"excerpt":{"rendered":"Z\u00e1pisnica 1\/2022 z ustanovuj\u00faceho zasadnutia obecn\u00e9ho zastupite\u013estva, ktor\u00e9 sa konalo d\u0148a 28. 11. [&hellip;]","protected":false},"author":1,"featured_media":390,"comment_status":"closed","ping_status":"open","sticky":false,"template":"","format":"standard","meta":{"advanced_seo_description":"","jetpack_seo_html_title":"","jetpack_seo_noindex":false,"_jetpack_memberships_contains_paid_content":false,"footnotes":""},"categories":[30],"tags":[],"class_list":["post-3370","post","type-post","status-publish","format-standard","has-post-thumbnail","hentry","category-zastupitelstvo"],"jetpack_featured_media_url":"https:\/\/i0.wp.com\/www.hornamicina.eu\/web\/wp-content\/uploads\/2017\/07\/uznesenia.jpg?fit=530%2C530&ssl=1","jetpack_sharing_enabled":true,"jetpack_shortlink":"https:\/\/wp.me\/p8RsFw-Sm","jetpack-related-posts":[{"id":3343,"url":"https:\/\/www.hornamicina.eu\/web\/pozvanka-na-ustanovujuce-zasadnutie-oz-obce\/","url_meta":{"origin":3370,"position":0},"title":"Pozv\u00e1nka na ustanovuj\u00face zasadnutie OZ obce","author":"admin","date":"22. novembra 2022","format":false,"excerpt":"Pod\u013ea \u00a712 ods.1 z\u00e1kona \u010d.369\/1990 zb.o obecnom zriaden\u00ed v znen\u00ed neskor\u0161\u00edch predpisov, zvol\u00e1vam ustanovuj\u00face zasadnutie obecn\u00e9ho zastupite\u013estva obce Horn\u00e1 Mi\u010din\u00e1. Term\u00edn: 28.11.2022 o 18:00 hod. v s\u00e1le obecn\u00e9ho \u00faradu Horn\u00e1 Mi\u010din\u00e1 Program \u0160t\u00e1tna hymna SR Otvorenie zasadnutia obecn\u00e9ho zastupite\u013estva Ur\u010denie zapisovate\u013ea a overovate\u013eov z\u00e1pisnice Ozn\u00e1menie v\u00fdsledkov volieb do org\u00e1nov samospr\u00e1vy\u2026","rel":"","context":"V &quot;D\u00f4le\u017eit\u00e9&quot;","block_context":{"text":"D\u00f4le\u017eit\u00e9","link":"https:\/\/www.hornamicina.eu\/web\/category\/dolezite\/"},"img":{"alt_text":"Logo obce a dokumenty","src":"https:\/\/i0.wp.com\/www.hornamicina.eu\/web\/wp-content\/uploads\/2017\/07\/uznesenia.jpg?fit=530%2C530&ssl=1&resize=350%2C200","width":350,"height":200,"srcset":"https:\/\/i0.wp.com\/www.hornamicina.eu\/web\/wp-content\/uploads\/2017\/07\/uznesenia.jpg?fit=530%2C530&ssl=1&resize=350%2C200 1x, https:\/\/i0.wp.com\/www.hornamicina.eu\/web\/wp-content\/uploads\/2017\/07\/uznesenia.jpg?fit=530%2C530&ssl=1&resize=525%2C300 1.5x"},"classes":[]},{"id":3317,"url":"https:\/\/www.hornamicina.eu\/web\/zapisnica-zo-zasadnutia-obecneho-zastupitelstva-28-9-2022\/","url_meta":{"origin":3370,"position":1},"title":"Z\u00e1pisnica zo zasadnutia obecneho zastupite\u013estva &#8211; 28.9.2022","author":"admin","date":"14. okt\u00f3bra 2022","format":false,"excerpt":"Z\u00c1PISNICA zo zasadnutia obecn\u00e9ho zastupite\u013estva (\u010falej len OZ) obce\u00a0Horn\u00e1 Mi\u010din\u00e1 konan\u00e9ho d\u0148a 28.09.2022 v\u00a0budove obecn\u00e9ho \u00faradu Horn\u00e1 Mi\u010din\u00e1 o\u00a019.00 hod. \u00a0 PR\u00cdTOMN\u00cd: Starosta obce:\u00a0\u00a0\u00a0\u00a0\u00a0\u00a0\u00a0\u00a0\u00a0\u00a0\u00a0\u00a0\u00a0\u00a0\u00a0\u00a0\u00a0\u00a0\u00a0\u00a0\u00a0\u00a0\u00a0\u00a0\u00a0\u00a0\u00a0\u00a0\u00a0\u00a0\u00a0 Ivan Len\u00e1r Poslanci OZ:\u00a0 \u00a0 \u00a0 \u00a0 \u00a0 \u00a0 \u00a0 \u00a0 \u00a0 \u00a0 \u00a0 \u00a0 \u00a0 \u00a0 \u00a0 \u00a0 \u00a0 pod\u013ea prezen\u010dnej listiny Ob\u010dania obce a\u2026","rel":"","context":"V &quot;Oznamy&quot;","block_context":{"text":"Oznamy","link":"https:\/\/www.hornamicina.eu\/web\/category\/oznamy\/"},"img":{"alt_text":"Logo obce a dokumenty","src":"https:\/\/i0.wp.com\/www.hornamicina.eu\/web\/wp-content\/uploads\/2017\/07\/uznesenia.jpg?fit=530%2C530&ssl=1&resize=350%2C200","width":350,"height":200,"srcset":"https:\/\/i0.wp.com\/www.hornamicina.eu\/web\/wp-content\/uploads\/2017\/07\/uznesenia.jpg?fit=530%2C530&ssl=1&resize=350%2C200 1x, https:\/\/i0.wp.com\/www.hornamicina.eu\/web\/wp-content\/uploads\/2017\/07\/uznesenia.jpg?fit=530%2C530&ssl=1&resize=525%2C300 1.5x"},"classes":[]},{"id":3159,"url":"https:\/\/www.hornamicina.eu\/web\/uznesenia-zo-dna-29-6-2022\/","url_meta":{"origin":3370,"position":2},"title":"Uznesenia obecn\u00e9ho zastupite\u013estva zo d\u0148a 29.6.2022","author":"admin","date":"7. j\u00fala 2022","format":false,"excerpt":"UZNESENIA zo zasadnutia obecn\u00e9ho zastupite\u013estva (\u010falej len OZ) obce Horn\u00e1 Mi\u010din\u00e1 konan\u00e9ho d\u0148a 29.6.2022 v budove obecn\u00e9ho \u00faradu Horn\u00e1 Mi\u010din\u00e1 o 19:00 hod. PR\u00cdTOMN\u00cd: Starosta obce: Ivan Len\u00e1r Poslanci OZ: Jana Baranov\u00e1, Michal Karkal\u00edk, Richard Kaz\u00edk NEPR\u00cdTOMN\u00cd: Poslanci OZ: Jaroslav Pa\u013ea, Bohu\u0161 Martinec Uznesenie\u00a0\u010d.\u00a01 \/ zo d\u0148a 29.06.2022 k bodu\u2026","rel":"","context":"V &quot;Uznesenia&quot;","block_context":{"text":"Uznesenia","link":"https:\/\/www.hornamicina.eu\/web\/category\/uznesenia\/"},"img":{"alt_text":"Logo obce a dokumenty","src":"https:\/\/i0.wp.com\/www.hornamicina.eu\/web\/wp-content\/uploads\/2017\/07\/uznesenia.jpg?fit=530%2C530&ssl=1&resize=350%2C200","width":350,"height":200,"srcset":"https:\/\/i0.wp.com\/www.hornamicina.eu\/web\/wp-content\/uploads\/2017\/07\/uznesenia.jpg?fit=530%2C530&ssl=1&resize=350%2C200 1x, https:\/\/i0.wp.com\/www.hornamicina.eu\/web\/wp-content\/uploads\/2017\/07\/uznesenia.jpg?fit=530%2C530&ssl=1&resize=525%2C300 1.5x"},"classes":[]},{"id":4924,"url":"https:\/\/www.hornamicina.eu\/web\/zapisnica-so-zasadnutia-zastupitelstva-obce-hm-9-2024\/","url_meta":{"origin":3370,"position":3},"title":"Z\u00e1pisnica so zasadnutia zastupite\u013estva obce HM &#8211; 9\/2024","author":"admin","date":"23. septembra 2024","format":false,"excerpt":"Z\u00c1PISNICA zo zasadnutia obecn\u00e9ho zastupite\u013estva (\u010falej len OZ) obce\u00a0Horn\u00e1 Mi\u010din\u00e1 konan\u00e9ho d\u0148a 16.9.2024 v budove obecn\u00e9ho \u00faradu Horn\u00e1 Mi\u010din\u00e1 o 17:00 hod. \u00a0 PR\u00cdTOMN\u00cd: Starosta obce:\u00a0\u00a0\u00a0\u00a0\u00a0\u00a0\u00a0\u00a0\u00a0\u00a0\u00a0\u00a0\u00a0\u00a0\u00a0\u00a0\u00a0\u00a0\u00a0\u00a0\u00a0\u00a0\u00a0\u00a0\u00a0\u00a0\u00a0\u00a0\u00a0 Ivan Len\u00e1r Poslanci OZ:\u00a0\u00a0\u00a0\u00a0\u00a0\u00a0\u00a0\u00a0\u00a0\u00a0\u00a0\u00a0\u00a0\u00a0\u00a0\u00a0\u00a0\u00a0\u00a0\u00a0\u00a0\u00a0\u00a0\u00a0\u00a0\u00a0\u00a0\u00a0\u00a0\u00a0\u00a0\u00a0 pod\u013ea prilo\u017eenej prezen\u010dnej listiny Ob\u010dania obce a\u00a0prizvan\u00ed:\u00a0\u00a0\u00a0\u00a0\u00a0\u00a0\u00a0\u00a0\u00a0\u00a0\u00a0\u00a0 pod\u013ea prilo\u017eenej prezen\u010dnej listiny \u00a0 Zasadnutie obecn\u00e9ho zastupite\u013estva otvoril a\u00a0viedol starosta obce Ivan\u2026","rel":"","context":"V &quot;D\u00f4le\u017eit\u00e9&quot;","block_context":{"text":"D\u00f4le\u017eit\u00e9","link":"https:\/\/www.hornamicina.eu\/web\/category\/dolezite\/"},"img":{"alt_text":"","src":"https:\/\/i0.wp.com\/www.hornamicina.eu\/web\/wp-content\/uploads\/2017\/07\/zastupitelstvo.jpg?fit=530%2C375&ssl=1&resize=350%2C200","width":350,"height":200,"srcset":"https:\/\/i0.wp.com\/www.hornamicina.eu\/web\/wp-content\/uploads\/2017\/07\/zastupitelstvo.jpg?fit=530%2C375&ssl=1&resize=350%2C200 1x, https:\/\/i0.wp.com\/www.hornamicina.eu\/web\/wp-content\/uploads\/2017\/07\/zastupitelstvo.jpg?fit=530%2C375&ssl=1&resize=525%2C300 1.5x"},"classes":[]},{"id":3894,"url":"https:\/\/www.hornamicina.eu\/web\/zapisnica-a-uznesenia-oz-zo-dna-22-8-2023\/","url_meta":{"origin":3370,"position":4},"title":"Z\u00e1pisnica a uznesenia OZ zo d\u0148a 22.8.2023","author":"admin","date":"30. augusta 2023","format":false,"excerpt":"Z\u00c1PISNICA Z mimoriadneho zasadnutia obecn\u00e9ho zastupite\u013estva(\u010falej len OZ) v Hornej Mi\u010dinej konan\u00e9ho d\u0148a 22.8.2023 v s\u00e1le obecn\u00e9ho \u00faradu Horn\u00e1 Mi\u010din\u00e1 o 19:00 hod. PR\u00cdTOMN\u00cd: Starosta obce: Ivan Len\u00e1r Poslanci OZ: Janka Baranov\u00e1,Teodor Bachleda,Tibor Pip\u00ed\u0161ka,\u013dubom\u00edr \u010cerh\u00fd\u0148 NEPR\u00cdTOMN\u00dd: Michal Karkal\u00edk Ob\u010dania obce a pozvan\u00ed: pod\u013ea prilo\u017eenej prezen\u010dnej listiny Zasadnutie OZ otvoril a\u2026","rel":"","context":"V &quot;Uznesenia&quot;","block_context":{"text":"Uznesenia","link":"https:\/\/www.hornamicina.eu\/web\/category\/uznesenia\/"},"img":{"alt_text":"Logo obce a dokumenty","src":"https:\/\/i0.wp.com\/www.hornamicina.eu\/web\/wp-content\/uploads\/2017\/07\/uznesenia.jpg?fit=530%2C530&ssl=1&resize=350%2C200","width":350,"height":200,"srcset":"https:\/\/i0.wp.com\/www.hornamicina.eu\/web\/wp-content\/uploads\/2017\/07\/uznesenia.jpg?fit=530%2C530&ssl=1&resize=350%2C200 1x, https:\/\/i0.wp.com\/www.hornamicina.eu\/web\/wp-content\/uploads\/2017\/07\/uznesenia.jpg?fit=530%2C530&ssl=1&resize=525%2C300 1.5x"},"classes":[]},{"id":5639,"url":"https:\/\/www.hornamicina.eu\/web\/uznesenia-z-mimoriadneho-zasadnutia-oz-obce-horna-micina-17-1-2026\/","url_meta":{"origin":3370,"position":5},"title":"Uznesenia z mimoriadneho zasadnutia OZ obce Horna Micina &#8211; 17.1.2026","author":"admin","date":"22. janu\u00e1ra 2026","format":false,"excerpt":"UZNESENIA Z mimoriadneho zasadnutia obecn\u00e9ho zastupite\u013estva (\u010falej len OZ) obce Horn\u00e1 Mi\u010din\u00e1 konan\u00e9ho d\u0148a 17.1.2026 v\u00a0budove obecn\u00e9ho \u00faradu Horn\u00e1 Mi\u010din\u00e1 o\u00a017:00 hod. PR\u00cdTOMN\u00cd POSLANCI: \u013dubom\u00edr \u010cerh\u00fd\u0148 ,Janka Baranov\u00e1 ,Teodor Bachleda, NEPR\u00cdTOMN\u00cd POSLANCI: Tibor Pip\u00ed\u0161ka ,Michal Karkal\u00edk uznesenie \u010d.124\/2026 zo \u00a017.1.2026 K\u00a0bodu 2. Vo\u013eba n\u00e1vrhovej komisie, overovate\u013ea z\u00e1pisnice a\u00a0zapisovate\u013ea OZ obce\u2026","rel":"","context":"V &quot;Uznesenia&quot;","block_context":{"text":"Uznesenia","link":"https:\/\/www.hornamicina.eu\/web\/category\/uznesenia\/"},"img":{"alt_text":"","src":"https:\/\/i0.wp.com\/www.hornamicina.eu\/web\/wp-content\/uploads\/2017\/07\/zastupitelstvo.jpg?fit=530%2C375&ssl=1&resize=350%2C200","width":350,"height":200,"srcset":"https:\/\/i0.wp.com\/www.hornamicina.eu\/web\/wp-content\/uploads\/2017\/07\/zastupitelstvo.jpg?fit=530%2C375&ssl=1&resize=350%2C200 1x, https:\/\/i0.wp.com\/www.hornamicina.eu\/web\/wp-content\/uploads\/2017\/07\/zastupitelstvo.jpg?fit=530%2C375&ssl=1&resize=525%2C300 1.5x"},"classes":[]}],"jetpack_likes_enabled":true,"_links":{"self":[{"href":"https:\/\/www.hornamicina.eu\/web\/wp-json\/wp\/v2\/posts\/3370","targetHints":{"allow":["GET"]}}],"collection":[{"href":"https:\/\/www.hornamicina.eu\/web\/wp-json\/wp\/v2\/posts"}],"about":[{"href":"https:\/\/www.hornamicina.eu\/web\/wp-json\/wp\/v2\/types\/post"}],"author":[{"embeddable":true,"href":"https:\/\/www.hornamicina.eu\/web\/wp-json\/wp\/v2\/users\/1"}],"replies":[{"embeddable":true,"href":"https:\/\/www.hornamicina.eu\/web\/wp-json\/wp\/v2\/comments?post=3370"}],"version-history":[{"count":0,"href":"https:\/\/www.hornamicina.eu\/web\/wp-json\/wp\/v2\/posts\/3370\/revisions"}],"wp:featuredmedia":[{"embeddable":true,"href":"https:\/\/www.hornamicina.eu\/web\/wp-json\/wp\/v2\/media\/390"}],"wp:attachment":[{"href":"https:\/\/www.hornamicina.eu\/web\/wp-json\/wp\/v2\/media?parent=3370"}],"wp:term":[{"taxonomy":"category","embeddable":true,"href":"https:\/\/www.hornamicina.eu\/web\/wp-json\/wp\/v2\/categories?post=3370"},{"taxonomy":"post_tag","embeddable":true,"href":"https:\/\/www.hornamicina.eu\/web\/wp-json\/wp\/v2\/tags?post=3370"}],"curies":[{"name":"wp","href":"https:\/\/api.w.org\/{rel}","templated":true}]}}